{"id":138622,"date":"2022-12-24T14:10:20","date_gmt":"2022-12-24T13:10:20","guid":{"rendered":"https:\/\/www.bellunopress.it\/?p=138622"},"modified":"2022-12-24T14:13:27","modified_gmt":"2022-12-24T13:13:27","slug":"nevegal-aperto-solo-il-campo-scuola-alessandro-molin-purtroppo-per-le-alte-temperature-non-riusciamo-a-produrre-la-neve-artificiale","status":"publish","type":"post","link":"https:\/\/www.bellunopress.it\/fr\/2022\/12\/24\/nevegal-aperto-solo-il-campo-scuola-alessandro-molin-purtroppo-per-le-alte-temperature-non-riusciamo-a-produrre-la-neve-artificiale\/","title":{"rendered":"Nevegal, aperto solo il campo scuola.  Alessandro Molin: &#8220;Purtroppo per le alte temperature non riusciamo a produrre la neve artificiale&#8221;"},"content":{"rendered":"<figure id=\"attachment_138191\" aria-describedby=\"caption-attachment-138191\" style=\"width: 1000px\" class=\"wp-caption alignleft\"><img loading=\"lazy\" decoding=\"async\" class=\"size-full wp-image-138191\" src=\"https:\/\/www.bellunopress.it\/wp-content\/uploads\/2022\/12\/alessandro-molin-direttore-scuola-sci-nevegal_edited.jpg\" alt=\"\" width=\"1000\" height=\"750\" srcset=\"https:\/\/www.bellunopress.it\/wp-content\/uploads\/2022\/12\/alessandro-molin-direttore-scuola-sci-nevegal_edited.jpg 1000w, https:\/\/www.bellunopress.it\/wp-content\/uploads\/2022\/12\/alessandro-molin-direttore-scuola-sci-nevegal_edited-500x375.jpg 500w, https:\/\/www.bellunopress.it\/wp-content\/uploads\/2022\/12\/alessandro-molin-direttore-scuola-sci-nevegal_edited-696x522.jpg 696w, https:\/\/www.bellunopress.it\/wp-content\/uploads\/2022\/12\/alessandro-molin-direttore-scuola-sci-nevegal_edited-560x420.jpg 560w, https:\/\/www.bellunopress.it\/wp-content\/uploads\/2022\/12\/alessandro-molin-direttore-scuola-sci-nevegal_edited-80x60.jpg 80w, https:\/\/www.bellunopress.it\/wp-content\/uploads\/2022\/12\/alessandro-molin-direttore-scuola-sci-nevegal_edited-265x198.jpg 265w\" sizes=\"auto, (max-width: 1000px) 100vw, 1000px\" \/><figcaption id=\"caption-attachment-138191\" class=\"wp-caption-text\">Alessandro Molin, presidente di Nevegal2021<\/figcaption><\/figure>\n<p>Alpe del Nevegal (BL) Gioved\u00ec 24 Dicembre 2022\u00a0 &#8211;\u00a0Tutti avevano tenuto le dita incrociate per sperare che le temperature miti che avevano previsto in questi giorni non fossero cos\u00ec calde. Invece la temperatura sul Colle del Nevegal \u00e8 sempre stata di qualche grado sopra lo zero, troppo caldo per mettere in funzione in cannoni per la neve artificiale.<\/p>\n<p>\u00abManca veramente poco &#8211; ha detto Alessandro Molin, presidente di Nevegal2021 &#8211; con altre due notti di lavoro si sarebbe potuto produrre la neve artificiale per completare la battitura della pista Coca. La parte alta delle piste Coca ed Erte \u00e8 perfetta, gi\u00e0 battuta e fresata dai battipista, ma nella parte bassa non ci sono le condizioni minime per preparare le piste. Siamo costretti anche a non &#8220;spargere&#8221; i mucchi di neve che abbiamo prodotto la scorsa settimana perch\u00e9 la neve distribuita sulla pista di scioglierebbe molto prima vanificando tutto il nostro lavoro\u00bb.<br \/>\n\u00abAspettiamo che le temperature tornino sotto lo zero per terminare il lavoro e aprire tutta la ski area, in questo momento quindi rimane aperto solo il Campo Scuola\u00bb.<\/p>","protected":false},"excerpt":{"rendered":"<p>Alpe del Nevegal (BL) Gioved\u00ec 24 Dicembre 2022\u00a0 &#8211;\u00a0Tutti avevano tenuto le dita incrociate per sperare che le temperature miti che avevano previsto in questi giorni non fossero cos\u00ec calde. Invece la temperatura sul Colle del Nevegal \u00e8 sempre stata di qualche grado sopra lo zero, troppo caldo per mettere in funzione in cannoni per [&hellip;]<\/p>\n","protected":false},"author":2,"featured_media":138191,"comment_status":"closed","ping_status":"open","sticky":false,"template":"","format":"standard","meta":{"footnotes":""},"categories":[36,26,4],"tags":[],"class_list":["post-138622","post","type-post","status-publish","format-standard","has-post-thumbnail","category-lavoro-economia","category-prima-pagina","category-sport"],"yoast_head":"<!-- This site is optimized with the Yoast SEO plugin v28.4 - https:\/\/yoast.com\/product\/yoast-seo-wordpress\/ -->\n<title>Nevegal, aperto solo il campo scuola. Alessandro Molin: &quot;Purtroppo per le alte temperature non riusciamo a produrre la neve artificiale&quot; - Bellunopress - Dolomiti<\/title>\n<meta name=\"robots\" content=\"index, follow, max-snippet:-1, max-image-preview:large, max-video-preview:-1\" \/>\n<link rel=\"canonical\" href=\"https:\/\/www.bellunopress.it\/fr\/2022\/12\/24\/nevegal-aperto-solo-il-campo-scuola-alessandro-molin-purtroppo-per-le-alte-temperature-non-riusciamo-a-produrre-la-neve-artificiale\/\" \/>\n<meta property=\"og:locale\" content=\"fr_FR\" \/>\n<meta property=\"og:type\" content=\"article\" \/>\n<meta property=\"og:title\" content=\"Nevegal, aperto solo il campo scuola. Alessandro Molin: &quot;Purtroppo per le alte temperature non riusciamo a produrre la neve artificiale&quot; - Bellunopress - Dolomiti\" \/>\n<meta property=\"og:description\" content=\"Alpe del Nevegal (BL) Gioved\u00ec 24 Dicembre 2022\u00a0 &#8211;\u00a0Tutti avevano tenuto le dita incrociate per sperare che le temperature miti che avevano previsto in questi giorni non fossero cos\u00ec calde. Invece la temperatura sul Colle del Nevegal \u00e8 sempre stata di qualche grado sopra lo zero, troppo caldo per mettere in funzione in cannoni per [&hellip;]\" \/>\n<meta property=\"og:url\" content=\"https:\/\/www.bellunopress.it\/fr\/2022\/12\/24\/nevegal-aperto-solo-il-campo-scuola-alessandro-molin-purtroppo-per-le-alte-temperature-non-riusciamo-a-produrre-la-neve-artificiale\/\" \/>\n<meta property=\"og:site_name\" content=\"Bellunopress - Dolomiti\" \/>\n<meta property=\"article:publisher\" content=\"https:\/\/www.facebook.com\/profile.php?id=100008943462799\" \/>\n<meta property=\"article:published_time\" content=\"2022-12-24T13:10:20+00:00\" \/>\n<meta property=\"article:modified_time\" content=\"2022-12-24T13:13:27+00:00\" \/>\n<meta property=\"og:image\" content=\"https:\/\/www.bellunopress.it\/wp-content\/uploads\/2022\/12\/alessandro-molin-direttore-scuola-sci-nevegal_edited.jpg\" \/>\n\t<meta property=\"og:image:width\" content=\"1000\" \/>\n\t<meta property=\"og:image:height\" content=\"750\" \/>\n\t<meta property=\"og:image:type\" content=\"image\/jpeg\" \/>\n<meta name=\"author\" content=\"redazione\" \/>\n<meta name=\"twitter:card\" content=\"summary_large_image\" \/>\n<meta name=\"twitter:creator\" content=\"@bellunopress\" \/>\n<meta name=\"twitter:site\" content=\"@bellunopress\" \/>\n<meta name=\"twitter:label1\" content=\"\u00c9crit par\" \/>\n\t<meta name=\"twitter:data1\" content=\"redazione\" \/>\n\t<meta name=\"twitter:label2\" content=\"Dur\u00e9e de lecture estim\u00e9e\" \/>\n\t<meta name=\"twitter:data2\" content=\"2 minutes\" \/>\n<script type=\"application\/ld+json\" class=\"yoast-schema-graph\">{\"@context\":\"https:\\\/\\\/schema.org\",\"@graph\":[{\"@type\":\"Article\",\"@id\":\"https:\\\/\\\/www.bellunopress.it\\\/2022\\\/12\\\/24\\\/nevegal-aperto-solo-il-campo-scuola-alessandro-molin-purtroppo-per-le-alte-temperature-non-riusciamo-a-produrre-la-neve-artificiale\\\/#article\",\"isPartOf\":{\"@id\":\"https:\\\/\\\/www.bellunopress.it\\\/2022\\\/12\\\/24\\\/nevegal-aperto-solo-il-campo-scuola-alessandro-molin-purtroppo-per-le-alte-temperature-non-riusciamo-a-produrre-la-neve-artificiale\\\/\"},\"author\":{\"name\":\"redazione\",\"@id\":\"https:\\\/\\\/www.bellunopress.it\\\/#\\\/schema\\\/person\\\/79bb06722b37ece1c03d3e94beb30d73\"},\"headline\":\"Nevegal, aperto solo il campo scuola. Alessandro Molin: &#8220;Purtroppo per le alte temperature non riusciamo a produrre la neve artificiale&#8221;\",\"datePublished\":\"2022-12-24T13:10:20+00:00\",\"dateModified\":\"2022-12-24T13:13:27+00:00\",\"mainEntityOfPage\":{\"@id\":\"https:\\\/\\\/www.bellunopress.it\\\/2022\\\/12\\\/24\\\/nevegal-aperto-solo-il-campo-scuola-alessandro-molin-purtroppo-per-le-alte-temperature-non-riusciamo-a-produrre-la-neve-artificiale\\\/\"},\"wordCount\":208,\"publisher\":{\"@id\":\"https:\\\/\\\/www.bellunopress.it\\\/#organization\"},\"image\":{\"@id\":\"https:\\\/\\\/www.bellunopress.it\\\/2022\\\/12\\\/24\\\/nevegal-aperto-solo-il-campo-scuola-alessandro-molin-purtroppo-per-le-alte-temperature-non-riusciamo-a-produrre-la-neve-artificiale\\\/#primaryimage\"},\"thumbnailUrl\":\"https:\\\/\\\/www.bellunopress.it\\\/wp-content\\\/uploads\\\/2022\\\/12\\\/alessandro-molin-direttore-scuola-sci-nevegal_edited.jpg\",\"articleSection\":[\"Lavoro, Economia, Turismo\",\"Prima Pagina\",\"Sport, tempo libero\"],\"inLanguage\":\"fr-FR\"},{\"@type\":\"WebPage\",\"@id\":\"https:\\\/\\\/www.bellunopress.it\\\/2022\\\/12\\\/24\\\/nevegal-aperto-solo-il-campo-scuola-alessandro-molin-purtroppo-per-le-alte-temperature-non-riusciamo-a-produrre-la-neve-artificiale\\\/\",\"url\":\"https:\\\/\\\/www.bellunopress.it\\\/2022\\\/12\\\/24\\\/nevegal-aperto-solo-il-campo-scuola-alessandro-molin-purtroppo-per-le-alte-temperature-non-riusciamo-a-produrre-la-neve-artificiale\\\/\",\"name\":\"Nevegal, aperto solo il campo scuola. Alessandro Molin: \\\"Purtroppo per le alte temperature non riusciamo a produrre la neve artificiale\\\" - Bellunopress - Dolomiti\",\"isPartOf\":{\"@id\":\"https:\\\/\\\/www.bellunopress.it\\\/#website\"},\"primaryImageOfPage\":{\"@id\":\"https:\\\/\\\/www.bellunopress.it\\\/2022\\\/12\\\/24\\\/nevegal-aperto-solo-il-campo-scuola-alessandro-molin-purtroppo-per-le-alte-temperature-non-riusciamo-a-produrre-la-neve-artificiale\\\/#primaryimage\"},\"image\":{\"@id\":\"https:\\\/\\\/www.bellunopress.it\\\/2022\\\/12\\\/24\\\/nevegal-aperto-solo-il-campo-scuola-alessandro-molin-purtroppo-per-le-alte-temperature-non-riusciamo-a-produrre-la-neve-artificiale\\\/#primaryimage\"},\"thumbnailUrl\":\"https:\\\/\\\/www.bellunopress.it\\\/wp-content\\\/uploads\\\/2022\\\/12\\\/alessandro-molin-direttore-scuola-sci-nevegal_edited.jpg\",\"datePublished\":\"2022-12-24T13:10:20+00:00\",\"dateModified\":\"2022-12-24T13:13:27+00:00\",\"breadcrumb\":{\"@id\":\"https:\\\/\\\/www.bellunopress.it\\\/2022\\\/12\\\/24\\\/nevegal-aperto-solo-il-campo-scuola-alessandro-molin-purtroppo-per-le-alte-temperature-non-riusciamo-a-produrre-la-neve-artificiale\\\/#breadcrumb\"},\"inLanguage\":\"fr-FR\",\"potentialAction\":[{\"@type\":\"ReadAction\",\"target\":[\"https:\\\/\\\/www.bellunopress.it\\\/2022\\\/12\\\/24\\\/nevegal-aperto-solo-il-campo-scuola-alessandro-molin-purtroppo-per-le-alte-temperature-non-riusciamo-a-produrre-la-neve-artificiale\\\/\"]}]},{\"@type\":\"ImageObject\",\"inLanguage\":\"fr-FR\",\"@id\":\"https:\\\/\\\/www.bellunopress.it\\\/2022\\\/12\\\/24\\\/nevegal-aperto-solo-il-campo-scuola-alessandro-molin-purtroppo-per-le-alte-temperature-non-riusciamo-a-produrre-la-neve-artificiale\\\/#primaryimage\",\"url\":\"https:\\\/\\\/www.bellunopress.it\\\/wp-content\\\/uploads\\\/2022\\\/12\\\/alessandro-molin-direttore-scuola-sci-nevegal_edited.jpg\",\"contentUrl\":\"https:\\\/\\\/www.bellunopress.it\\\/wp-content\\\/uploads\\\/2022\\\/12\\\/alessandro-molin-direttore-scuola-sci-nevegal_edited.jpg\",\"width\":1000,\"height\":750,\"caption\":\"Alessandro Molin, presidente di Nevegal2021\"},{\"@type\":\"BreadcrumbList\",\"@id\":\"https:\\\/\\\/www.bellunopress.it\\\/2022\\\/12\\\/24\\\/nevegal-aperto-solo-il-campo-scuola-alessandro-molin-purtroppo-per-le-alte-temperature-non-riusciamo-a-produrre-la-neve-artificiale\\\/#breadcrumb\",\"itemListElement\":[{\"@type\":\"ListItem\",\"position\":1,\"name\":\"Home\",\"item\":\"https:\\\/\\\/www.bellunopress.it\\\/\"},{\"@type\":\"ListItem\",\"position\":2,\"name\":\"Nevegal, aperto solo il campo scuola. Alessandro Molin: &#8220;Purtroppo per le alte temperature non riusciamo a produrre la neve artificiale&#8221;\"}]},{\"@type\":\"WebSite\",\"@id\":\"https:\\\/\\\/www.bellunopress.it\\\/#website\",\"url\":\"https:\\\/\\\/www.bellunopress.it\\\/\",\"name\":\"Bellunopress - Dolomiti\",\"description\":\"e-mail: redazione@bellunopress.it\",\"publisher\":{\"@id\":\"https:\\\/\\\/www.bellunopress.it\\\/#organization\"},\"potentialAction\":[{\"@type\":\"SearchAction\",\"target\":{\"@type\":\"EntryPoint\",\"urlTemplate\":\"https:\\\/\\\/www.bellunopress.it\\\/?s={search_term_string}\"},\"query-input\":{\"@type\":\"PropertyValueSpecification\",\"valueRequired\":true,\"valueName\":\"search_term_string\"}}],\"inLanguage\":\"fr-FR\"},{\"@type\":\"Organization\",\"@id\":\"https:\\\/\\\/www.bellunopress.it\\\/#organization\",\"name\":\"Bellunopress\",\"url\":\"https:\\\/\\\/www.bellunopress.it\\\/\",\"logo\":{\"@type\":\"ImageObject\",\"inLanguage\":\"fr-FR\",\"@id\":\"https:\\\/\\\/www.bellunopress.it\\\/#\\\/schema\\\/logo\\\/image\\\/\",\"url\":\"https:\\\/\\\/www.bellunopress.it\\\/wp-content\\\/uploads\\\/2011\\\/05\\\/cropped-logo-bellunopress-.jpg\",\"contentUrl\":\"https:\\\/\\\/www.bellunopress.it\\\/wp-content\\\/uploads\\\/2011\\\/05\\\/cropped-logo-bellunopress-.jpg\",\"width\":512,\"height\":512,\"caption\":\"Bellunopress\"},\"image\":{\"@id\":\"https:\\\/\\\/www.bellunopress.it\\\/#\\\/schema\\\/logo\\\/image\\\/\"},\"sameAs\":[\"https:\\\/\\\/www.facebook.com\\\/profile.php?id=100008943462799\",\"https:\\\/\\\/x.com\\\/bellunopress\",\"https:\\\/\\\/www.linkedin.com\\\/hp\\\/?dnr=JBzUWaJfMUw8vbXJJ2tVW5-I3jZKvC4wsoxE&amp;amp;amp;amp;amp;amp;trk=nav_responsive_tab_home\",\"https:\\\/\\\/www.youtube.com\\\/channel\\\/UCxL0wu1uN0_3_7hGG0306cw\"]},{\"@type\":\"Person\",\"@id\":\"https:\\\/\\\/www.bellunopress.it\\\/#\\\/schema\\\/person\\\/79bb06722b37ece1c03d3e94beb30d73\",\"name\":\"redazione\",\"image\":{\"@type\":\"ImageObject\",\"inLanguage\":\"fr-FR\",\"@id\":\"https:\\\/\\\/secure.gravatar.com\\\/avatar\\\/37d968a2e67a6fd04c169c4bdef102d0bc5d31b2546345219e348575eb80e9a0?s=96&d=mm&r=g\",\"url\":\"https:\\\/\\\/secure.gravatar.com\\\/avatar\\\/37d968a2e67a6fd04c169c4bdef102d0bc5d31b2546345219e348575eb80e9a0?s=96&d=mm&r=g\",\"contentUrl\":\"https:\\\/\\\/secure.gravatar.com\\\/avatar\\\/37d968a2e67a6fd04c169c4bdef102d0bc5d31b2546345219e348575eb80e9a0?s=96&d=mm&r=g\",\"caption\":\"redazione\"},\"sameAs\":[\"http:\\\/\\\/www.bellunopress.it\",\"https:\\\/\\\/x.com\\\/bellunopress\"],\"url\":\"https:\\\/\\\/www.bellunopress.it\\\/fr\\\/author\\\/redazione\\\/\"}]}<\/script>\n<!-- \/ Yoast SEO plugin. -->","yoast_head_json":{"title":"Nevegal, aperto solo il campo scuola. Alessandro Molin: \"Purtroppo per le alte temperature non riusciamo a produrre la neve artificiale\" - Bellunopress - Dolomiti","robots":{"index":"index","follow":"follow","max-snippet":"max-snippet:-1","max-image-preview":"max-image-preview:large","max-video-preview":"max-video-preview:-1"},"canonical":"https:\/\/www.bellunopress.it\/fr\/2022\/12\/24\/nevegal-aperto-solo-il-campo-scuola-alessandro-molin-purtroppo-per-le-alte-temperature-non-riusciamo-a-produrre-la-neve-artificiale\/","og_locale":"fr_FR","og_type":"article","og_title":"Nevegal, aperto solo il campo scuola. Alessandro Molin: \"Purtroppo per le alte temperature non riusciamo a produrre la neve artificiale\" - Bellunopress - Dolomiti","og_description":"Alpe del Nevegal (BL) Gioved\u00ec 24 Dicembre 2022\u00a0 &#8211;\u00a0Tutti avevano tenuto le dita incrociate per sperare che le temperature miti che avevano previsto in questi giorni non fossero cos\u00ec calde. Invece la temperatura sul Colle del Nevegal \u00e8 sempre stata di qualche grado sopra lo zero, troppo caldo per mettere in funzione in cannoni per [&hellip;]","og_url":"https:\/\/www.bellunopress.it\/fr\/2022\/12\/24\/nevegal-aperto-solo-il-campo-scuola-alessandro-molin-purtroppo-per-le-alte-temperature-non-riusciamo-a-produrre-la-neve-artificiale\/","og_site_name":"Bellunopress - Dolomiti","article_publisher":"https:\/\/www.facebook.com\/profile.php?id=100008943462799","article_published_time":"2022-12-24T13:10:20+00:00","article_modified_time":"2022-12-24T13:13:27+00:00","og_image":[{"width":1000,"height":750,"url":"https:\/\/www.bellunopress.it\/wp-content\/uploads\/2022\/12\/alessandro-molin-direttore-scuola-sci-nevegal_edited.jpg","type":"image\/jpeg"}],"author":"redazione","twitter_card":"summary_large_image","twitter_creator":"@bellunopress","twitter_site":"@bellunopress","twitter_misc":{"\u00c9crit par":"redazione","Dur\u00e9e de lecture estim\u00e9e":"2 minutes"},"schema":{"@context":"https:\/\/schema.org","@graph":[{"@type":"Article","@id":"https:\/\/www.bellunopress.it\/2022\/12\/24\/nevegal-aperto-solo-il-campo-scuola-alessandro-molin-purtroppo-per-le-alte-temperature-non-riusciamo-a-produrre-la-neve-artificiale\/#article","isPartOf":{"@id":"https:\/\/www.bellunopress.it\/2022\/12\/24\/nevegal-aperto-solo-il-campo-scuola-alessandro-molin-purtroppo-per-le-alte-temperature-non-riusciamo-a-produrre-la-neve-artificiale\/"},"author":{"name":"redazione","@id":"https:\/\/www.bellunopress.it\/#\/schema\/person\/79bb06722b37ece1c03d3e94beb30d73"},"headline":"Nevegal, aperto solo il campo scuola. Alessandro Molin: &#8220;Purtroppo per le alte temperature non riusciamo a produrre la neve artificiale&#8221;","datePublished":"2022-12-24T13:10:20+00:00","dateModified":"2022-12-24T13:13:27+00:00","mainEntityOfPage":{"@id":"https:\/\/www.bellunopress.it\/2022\/12\/24\/nevegal-aperto-solo-il-campo-scuola-alessandro-molin-purtroppo-per-le-alte-temperature-non-riusciamo-a-produrre-la-neve-artificiale\/"},"wordCount":208,"publisher":{"@id":"https:\/\/www.bellunopress.it\/#organization"},"image":{"@id":"https:\/\/www.bellunopress.it\/2022\/12\/24\/nevegal-aperto-solo-il-campo-scuola-alessandro-molin-purtroppo-per-le-alte-temperature-non-riusciamo-a-produrre-la-neve-artificiale\/#primaryimage"},"thumbnailUrl":"https:\/\/www.bellunopress.it\/wp-content\/uploads\/2022\/12\/alessandro-molin-direttore-scuola-sci-nevegal_edited.jpg","articleSection":["Lavoro, Economia, Turismo","Prima Pagina","Sport, tempo libero"],"inLanguage":"fr-FR"},{"@type":"WebPage","@id":"https:\/\/www.bellunopress.it\/2022\/12\/24\/nevegal-aperto-solo-il-campo-scuola-alessandro-molin-purtroppo-per-le-alte-temperature-non-riusciamo-a-produrre-la-neve-artificiale\/","url":"https:\/\/www.bellunopress.it\/2022\/12\/24\/nevegal-aperto-solo-il-campo-scuola-alessandro-molin-purtroppo-per-le-alte-temperature-non-riusciamo-a-produrre-la-neve-artificiale\/","name":"Nevegal, aperto solo il campo scuola. Alessandro Molin: \"Purtroppo per le alte temperature non riusciamo a produrre la neve artificiale\" - Bellunopress - Dolomiti","isPartOf":{"@id":"https:\/\/www.bellunopress.it\/#website"},"primaryImageOfPage":{"@id":"https:\/\/www.bellunopress.it\/2022\/12\/24\/nevegal-aperto-solo-il-campo-scuola-alessandro-molin-purtroppo-per-le-alte-temperature-non-riusciamo-a-produrre-la-neve-artificiale\/#primaryimage"},"image":{"@id":"https:\/\/www.bellunopress.it\/2022\/12\/24\/nevegal-aperto-solo-il-campo-scuola-alessandro-molin-purtroppo-per-le-alte-temperature-non-riusciamo-a-produrre-la-neve-artificiale\/#primaryimage"},"thumbnailUrl":"https:\/\/www.bellunopress.it\/wp-content\/uploads\/2022\/12\/alessandro-molin-direttore-scuola-sci-nevegal_edited.jpg","datePublished":"2022-12-24T13:10:20+00:00","dateModified":"2022-12-24T13:13:27+00:00","breadcrumb":{"@id":"https:\/\/www.bellunopress.it\/2022\/12\/24\/nevegal-aperto-solo-il-campo-scuola-alessandro-molin-purtroppo-per-le-alte-temperature-non-riusciamo-a-produrre-la-neve-artificiale\/#breadcrumb"},"inLanguage":"fr-FR","potentialAction":[{"@type":"ReadAction","target":["https:\/\/www.bellunopress.it\/2022\/12\/24\/nevegal-aperto-solo-il-campo-scuola-alessandro-molin-purtroppo-per-le-alte-temperature-non-riusciamo-a-produrre-la-neve-artificiale\/"]}]},{"@type":"ImageObject","inLanguage":"fr-FR","@id":"https:\/\/www.bellunopress.it\/2022\/12\/24\/nevegal-aperto-solo-il-campo-scuola-alessandro-molin-purtroppo-per-le-alte-temperature-non-riusciamo-a-produrre-la-neve-artificiale\/#primaryimage","url":"https:\/\/www.bellunopress.it\/wp-content\/uploads\/2022\/12\/alessandro-molin-direttore-scuola-sci-nevegal_edited.jpg","contentUrl":"https:\/\/www.bellunopress.it\/wp-content\/uploads\/2022\/12\/alessandro-molin-direttore-scuola-sci-nevegal_edited.jpg","width":1000,"height":750,"caption":"Alessandro Molin, presidente di Nevegal2021"},{"@type":"BreadcrumbList","@id":"https:\/\/www.bellunopress.it\/2022\/12\/24\/nevegal-aperto-solo-il-campo-scuola-alessandro-molin-purtroppo-per-le-alte-temperature-non-riusciamo-a-produrre-la-neve-artificiale\/#breadcrumb","itemListElement":[{"@type":"ListItem","position":1,"name":"Home","item":"https:\/\/www.bellunopress.it\/"},{"@type":"ListItem","position":2,"name":"Nevegal, aperto solo il campo scuola. Alessandro Molin: &#8220;Purtroppo per le alte temperature non riusciamo a produrre la neve artificiale&#8221;"}]},{"@type":"WebSite","@id":"https:\/\/www.bellunopress.it\/#website","url":"https:\/\/www.bellunopress.it\/","name":"Bellunopress - Dolomiti","description":"e-mail: redazione@bellunopress.it","publisher":{"@id":"https:\/\/www.bellunopress.it\/#organization"},"potentialAction":[{"@type":"SearchAction","target":{"@type":"EntryPoint","urlTemplate":"https:\/\/www.bellunopress.it\/?s={search_term_string}"},"query-input":{"@type":"PropertyValueSpecification","valueRequired":true,"valueName":"search_term_string"}}],"inLanguage":"fr-FR"},{"@type":"Organization","@id":"https:\/\/www.bellunopress.it\/#organization","name":"Bellunopress","url":"https:\/\/www.bellunopress.it\/","logo":{"@type":"ImageObject","inLanguage":"fr-FR","@id":"https:\/\/www.bellunopress.it\/#\/schema\/logo\/image\/","url":"https:\/\/www.bellunopress.it\/wp-content\/uploads\/2011\/05\/cropped-logo-bellunopress-.jpg","contentUrl":"https:\/\/www.bellunopress.it\/wp-content\/uploads\/2011\/05\/cropped-logo-bellunopress-.jpg","width":512,"height":512,"caption":"Bellunopress"},"image":{"@id":"https:\/\/www.bellunopress.it\/#\/schema\/logo\/image\/"},"sameAs":["https:\/\/www.facebook.com\/profile.php?id=100008943462799","https:\/\/x.com\/bellunopress","https:\/\/www.linkedin.com\/hp\/?dnr=JBzUWaJfMUw8vbXJJ2tVW5-I3jZKvC4wsoxE&amp;amp;amp;amp;amp;amp;trk=nav_responsive_tab_home","https:\/\/www.youtube.com\/channel\/UCxL0wu1uN0_3_7hGG0306cw"]},{"@type":"Person","@id":"https:\/\/www.bellunopress.it\/#\/schema\/person\/79bb06722b37ece1c03d3e94beb30d73","name":"r\u00e9daction","image":{"@type":"ImageObject","inLanguage":"fr-FR","@id":"https:\/\/secure.gravatar.com\/avatar\/37d968a2e67a6fd04c169c4bdef102d0bc5d31b2546345219e348575eb80e9a0?s=96&d=mm&r=g","url":"https:\/\/secure.gravatar.com\/avatar\/37d968a2e67a6fd04c169c4bdef102d0bc5d31b2546345219e348575eb80e9a0?s=96&d=mm&r=g","contentUrl":"https:\/\/secure.gravatar.com\/avatar\/37d968a2e67a6fd04c169c4bdef102d0bc5d31b2546345219e348575eb80e9a0?s=96&d=mm&r=g","caption":"redazione"},"sameAs":["http:\/\/www.bellunopress.it","https:\/\/x.com\/bellunopress"],"url":"https:\/\/www.bellunopress.it\/fr\/author\/redazione\/"}]}},"_links":{"self":[{"href":"https:\/\/www.bellunopress.it\/fr\/wp-json\/wp\/v2\/posts\/138622","targetHints":{"allow":["GET"]}}],"collection":[{"href":"https:\/\/www.bellunopress.it\/fr\/wp-json\/wp\/v2\/posts"}],"about":[{"href":"https:\/\/www.bellunopress.it\/fr\/wp-json\/wp\/v2\/types\/post"}],"author":[{"embeddable":true,"href":"https:\/\/www.bellunopress.it\/fr\/wp-json\/wp\/v2\/users\/2"}],"replies":[{"embeddable":true,"href":"https:\/\/www.bellunopress.it\/fr\/wp-json\/wp\/v2\/comments?post=138622"}],"version-history":[{"count":2,"href":"https:\/\/www.bellunopress.it\/fr\/wp-json\/wp\/v2\/posts\/138622\/revisions"}],"predecessor-version":[{"id":138624,"href":"https:\/\/www.bellunopress.it\/fr\/wp-json\/wp\/v2\/posts\/138622\/revisions\/138624"}],"wp:featuredmedia":[{"embeddable":true,"href":"https:\/\/www.bellunopress.it\/fr\/wp-json\/wp\/v2\/media\/138191"}],"wp:attachment":[{"href":"https:\/\/www.bellunopress.it\/fr\/wp-json\/wp\/v2\/media?parent=138622"}],"wp:term":[{"taxonomy":"category","embeddable":true,"href":"https:\/\/www.bellunopress.it\/fr\/wp-json\/wp\/v2\/categories?post=138622"},{"taxonomy":"post_tag","embeddable":true,"href":"https:\/\/www.bellunopress.it\/fr\/wp-json\/wp\/v2\/tags?post=138622"}],"curies":[{"name":"wp","href":"https:\/\/api.w.org\/{rel}","templated":true}]}}