{"id":138620,"date":"2022-12-24T07:28:11","date_gmt":"2022-12-24T06:28:11","guid":{"rendered":"https:\/\/www.bellunopress.it\/?p=138620"},"modified":"2024-03-06T17:04:16","modified_gmt":"2024-03-06T16:04:16","slug":"politica-sanitaria-o-sanita-politica-di-filiberto-dal-molin","status":"publish","type":"post","link":"https:\/\/www.bellunopress.it\/fr\/2022\/12\/24\/politica-sanitaria-o-sanita-politica-di-filiberto-dal-molin\/","title":{"rendered":"Politica sanitaria o sanit\u00e0 politica?    * di Filiberto Dal Molin"},"content":{"rendered":"<p><img loading=\"lazy\" decoding=\"async\" class=\"alignleft size-full wp-image-123735\" src=\"https:\/\/www.bellunopress.it\/wp-content\/uploads\/2021\/04\/paura-del-vaccino_edited.jpg\" alt=\"\" width=\"778\" height=\"480\" srcset=\"https:\/\/www.bellunopress.it\/wp-content\/uploads\/2021\/04\/paura-del-vaccino_edited.jpg 778w, https:\/\/www.bellunopress.it\/wp-content\/uploads\/2021\/04\/paura-del-vaccino_edited-500x308.jpg 500w, https:\/\/www.bellunopress.it\/wp-content\/uploads\/2021\/04\/paura-del-vaccino_edited-696x429.jpg 696w, https:\/\/www.bellunopress.it\/wp-content\/uploads\/2021\/04\/paura-del-vaccino_edited-681x420.jpg 681w, https:\/\/www.bellunopress.it\/wp-content\/uploads\/2021\/04\/paura-del-vaccino_edited-356x220.jpg 356w\" sizes=\"auto, (max-width: 778px) 100vw, 778px\" \/>Con Politica Sanitaria si intende normalmente la programmazione di una attivit\u00e0 sanitaria che risponda, possibilmente in modo ottimale, alle esigenze sanitarie di un intero Paese e che si impegni a realizzare una assistenza sanitaria accessibile a tutti, anche ai meno abbienti. Ci\u00f2 che il nostro Paese ha dimostrato di saper fare, anche se non perfettamente, dal 1978 ai nostri anni.<\/p>\n<p>Sanit\u00e0 Politica invece dovrebbe essere una espressione senza senso, se la intendiamo come una Sanit\u00e0 che invece di seguire un codice etico, predisposto da 2500 anni, diventa ancella di un potere politico che intende piegare alle proprie esigenze Scienza e Coscienza dei suoi operatori.<\/p>\n<p>E\u2019 gi\u00e0 successo e succede, ma non in Italia fino al 2020.<\/p>\n<p>Con l\u2019inizio della cosiddetta \u201cpandemia\u201d la Politica Sanitaria italiana non soltanto ha preso le necessarie contromisure ma, assumendo le vesti della Sanit\u00e0 Politica, \u00e8 intervenuta disponendo le regole della gestione dei malati e pure quella dei sani, dettando una nuova disciplina del comportamento medico (fino a quel momento prerogativa dei soli medici, secondo i noti principi ippocratici) e creando regolamenti di modello autoritario per tutti, giovani, vecchi e sani. I dissidenti sono stati puniti con l\u2019esclusione dal lavoro, dallo stipendio e dalla vita sociale, con la motivazione che la sicurezza della salute pubblica in condizioni di emergenza lo imponeva (e lo impone tutt\u2019ora a tre anni di distanza)<br \/>\nFin dai primi giorni del 2020 \u00e8 stato dichiarato che questa infezione si caratterizzava per una elevata contagiosit\u00e0 e per una mortalit\u00e0 minima, vicina all \u20181%, principalmente per anziani e malati gravi. Cio\u00e8 corrispondeva ad una banale influenza, come tante in passato, da cui erano praticamente immuni i bambini normali e gli adulti giovani e sani.<\/p>\n<p>Il Consiglio dei Ministri del 31.01.20 dichiara lo stato di emergenza nazionale per \u201ccalamit\u00e0 naturale\u201d. Walter Ricciardi, consigliere di Speranza, in data 25.2.20 minimizza l\u2019allarme. Roberto Bernabei, primario di geriatria al Gemelli e membro del CTS, sostiene che si tratta di una malattia normale, che ammazza soltanto anziani malati. Il Tribunale di Roma sostiene che le calamit\u00e0 naturali non contemplano il rischio sanitario e che pertanto la dichiarazione dello stato di emergenza \u00e8 illegittima in violazione degli articoli 95 e 78 della Costituzione. Inoltre \u201ci DPCM non sono proporzionali all\u2019evento pandemico e sono viziati da eccesso di potere\u201d<\/p>\n<p>In questi primi mesi del 2020 il Governo ignora del tutto le 2 lettere dei medici che dichiarano la validit\u00e0 delle cure domiciliari, con le terapie simili a quelle usate da 20 anni per le infezioni da SARS. Anzi si sovrappone autoritariamente alla gestione dei malati, imponendo che i medici non visitino i soggetti infettati e che questi si curino con la vigile attesa e con un antipiretico come la tachipirina. Non sapremo mai il numero dei decessi dovuto a questa volont\u00e0 criminale e non vedremo mai la giusta punizione per il Ministro che l\u2019ha sostenuta e che la sostiene anche ora che non \u00e8 pi\u00f9 Ministro della Salute. Avendo inoltre dichiarato inagibili le sale settorie ha impedito di fatto le autopsie e quindi ha potuto stabilire, secondo i suoi criteri, il computo dei decessi, dichiarando numeri da emergenza sanitaria effettiva.<\/p>\n<p>Un mese fa a Torino \u00e8 stato registrato uno degli ultimi, dimostrativi e importantissimi atti di Sanit\u00e0 Politica col rifiuto di partecipare ad un Confronto con gli scienziati europei sul tema, giustificato da ISS e CTS con la dichiarazione che \u201csi dava spazio a punti di vista diversi sulla pandemia\u201d.<br \/>\nUna simile motivazione, del tutto senza senso in ambito scientifico, ha trovato la sua giustificazione solo pochi giorni dopo spiegando il giudizio della Consulta, chiaramente di parte, sull\u2019obbligo vaccinale: infatti non avrebbe potuto aver luogo se anche l\u2019Istituto Superiore di Sanit\u00e0 e il Comitato Tecnico Scientifico, alleati col Governo, avessero dovuto ammettere tra le conclusioni del \u201cConfronto\u201d che l\u2019obbligo vaccinale non aveva senso. Abbiamo cos\u00ec la conferma che il vertice delle nostre Istituzioni costituisce un monolito inattaccabile in tema di vaccini.<\/p>\n<p>Il \u201ctarget\u201d finale sono quindi i vaccini: vaccini per sani, malati, neonati, giovani, vecchi, guariti, allergici, gestanti e agonizzanti. Il fatto che siano sperimentali fino alla primavera del 2023 non ha rilievo! e che si facciano senza prescrizione medica e senza avere ottemperato in alcun modo alle regole prescritte per i farmaci sperimentali non ha alcuna importanza in corso di emergenza! I medici ottemperanti alle disposizioni governative sono stati educati ad escludere che qualunque complicanza anche mortale, subito dopo la vaccinazione in soggetti sani e senza causa apparente, sia dovuta al vaccino.<\/p>\n<p>In questo caso la classe medica italiana in generale, i medici di Medicina Generale, le Societ\u00e0 Scientifiche, gli Ordini dei Medici, in compatta coorte hanno subito le illegali disposizioni governative senza discutere, senza resistere, sembrerebbe senza pensarci! Con poche eccezioni. Non hanno compreso che tutto questo impedisce la libert\u00e0 di ricerca scientifica, la stessa che il Partito Radicale predica dal 2002 con l\u2019Associazione Luca Coscioni.<\/p>\n<p>Perch\u00e9 abbiamo dovuto assistere con disperata impotenza a questo disastro economico, morale, sociale e sanitario, con la trasformazione di una sindrome influenzale che dura normalmente 6 mesi, in una pandemia che a 3 anni dall\u2019inizio \u00e8 ancora in corso con la quinta dose di vaccini? Che cosa faranno le nostre Istituzioni con la prossima influenza?<br \/>\nSicuramente avranno gi\u00e0 pronto il virus e il vaccino specifico! La strada \u00e8 gi\u00e0 battuta e l\u2019acquiescenza popolare gi\u00e0 comprovata! Per la maggior gloria della nostra Sanit\u00e0 Politica.<\/p>\n<p>Dr. Filiberto Dal Molin &#8211; Belluno<\/p>","protected":false},"excerpt":{"rendered":"<p>Con Politica Sanitaria si intende normalmente la programmazione di una attivit\u00e0 sanitaria che risponda, possibilmente in modo ottimale, alle esigenze sanitarie di un intero Paese e che si impegni a realizzare una assistenza sanitaria accessibile a tutti, anche ai meno abbienti. Ci\u00f2 che il nostro Paese ha dimostrato di saper fare, anche se non perfettamente, [&hellip;]<\/p>\n","protected":false},"author":2,"featured_media":123735,"comment_status":"closed","ping_status":"open","sticky":false,"template":"","format":"standard","meta":{"footnotes":""},"categories":[3368,3614,1,26,17],"tags":[3556,3555],"class_list":["post-138620","post","type-post","status-publish","format-standard","has-post-thumbnail","category-cahiers-de-doleances","category-controcorrente","category-leo","category-prima-pagina","category-sanita","tag-politica-sanitaria","tag-vaccino"],"yoast_head":"<!-- This site is optimized with the Yoast SEO plugin v28.4 - https:\/\/yoast.com\/product\/yoast-seo-wordpress\/ -->\n<title>Politica sanitaria o sanit\u00e0 politica?  * di Filiberto Dal Molin - Bellunopress - Dolomiti<\/title>\n<meta name=\"robots\" content=\"index, follow, max-snippet:-1, max-image-preview:large, max-video-preview:-1\" \/>\n<link rel=\"canonical\" href=\"https:\/\/www.bellunopress.it\/fr\/2022\/12\/24\/politica-sanitaria-o-sanita-politica-di-filiberto-dal-molin\/\" \/>\n<meta property=\"og:locale\" content=\"fr_FR\" \/>\n<meta property=\"og:type\" content=\"article\" \/>\n<meta property=\"og:title\" content=\"Politica sanitaria o sanit\u00e0 politica?  * di Filiberto Dal Molin - Bellunopress - Dolomiti\" \/>\n<meta property=\"og:description\" content=\"Con Politica Sanitaria si intende normalmente la programmazione di una attivit\u00e0 sanitaria che risponda, possibilmente in modo ottimale, alle esigenze sanitarie di un intero Paese e che si impegni a realizzare una assistenza sanitaria accessibile a tutti, anche ai meno abbienti. Ci\u00f2 che il nostro Paese ha dimostrato di saper fare, anche se non perfettamente, [&hellip;]\" \/>\n<meta property=\"og:url\" content=\"https:\/\/www.bellunopress.it\/fr\/2022\/12\/24\/politica-sanitaria-o-sanita-politica-di-filiberto-dal-molin\/\" \/>\n<meta property=\"og:site_name\" content=\"Bellunopress - Dolomiti\" \/>\n<meta property=\"article:publisher\" content=\"https:\/\/www.facebook.com\/profile.php?id=100008943462799\" \/>\n<meta property=\"article:published_time\" content=\"2022-12-24T06:28:11+00:00\" \/>\n<meta property=\"article:modified_time\" content=\"2024-03-06T16:04:16+00:00\" \/>\n<meta property=\"og:image\" content=\"https:\/\/www.bellunopress.it\/wp-content\/uploads\/2021\/04\/paura-del-vaccino_edited.jpg\" \/>\n\t<meta property=\"og:image:width\" content=\"778\" \/>\n\t<meta property=\"og:image:height\" content=\"480\" \/>\n\t<meta property=\"og:image:type\" content=\"image\/jpeg\" \/>\n<meta name=\"author\" content=\"redazione\" \/>\n<meta name=\"twitter:card\" content=\"summary_large_image\" \/>\n<meta name=\"twitter:creator\" content=\"@bellunopress\" \/>\n<meta name=\"twitter:site\" content=\"@bellunopress\" \/>\n<meta name=\"twitter:label1\" content=\"\u00c9crit par\" \/>\n\t<meta name=\"twitter:data1\" content=\"redazione\" \/>\n\t<meta name=\"twitter:label2\" content=\"Dur\u00e9e de lecture estim\u00e9e\" \/>\n\t<meta name=\"twitter:data2\" content=\"5 minutes\" \/>\n<script type=\"application\/ld+json\" class=\"yoast-schema-graph\">{\"@context\":\"https:\\\/\\\/schema.org\",\"@graph\":[{\"@type\":\"Article\",\"@id\":\"https:\\\/\\\/www.bellunopress.it\\\/2022\\\/12\\\/24\\\/politica-sanitaria-o-sanita-politica-di-filiberto-dal-molin\\\/#article\",\"isPartOf\":{\"@id\":\"https:\\\/\\\/www.bellunopress.it\\\/2022\\\/12\\\/24\\\/politica-sanitaria-o-sanita-politica-di-filiberto-dal-molin\\\/\"},\"author\":{\"name\":\"redazione\",\"@id\":\"https:\\\/\\\/www.bellunopress.it\\\/#\\\/schema\\\/person\\\/79bb06722b37ece1c03d3e94beb30d73\"},\"headline\":\"Politica sanitaria o sanit\u00e0 politica? * di Filiberto Dal Molin\",\"datePublished\":\"2022-12-24T06:28:11+00:00\",\"dateModified\":\"2024-03-06T16:04:16+00:00\",\"mainEntityOfPage\":{\"@id\":\"https:\\\/\\\/www.bellunopress.it\\\/2022\\\/12\\\/24\\\/politica-sanitaria-o-sanita-politica-di-filiberto-dal-molin\\\/\"},\"wordCount\":894,\"publisher\":{\"@id\":\"https:\\\/\\\/www.bellunopress.it\\\/#organization\"},\"image\":{\"@id\":\"https:\\\/\\\/www.bellunopress.it\\\/2022\\\/12\\\/24\\\/politica-sanitaria-o-sanita-politica-di-filiberto-dal-molin\\\/#primaryimage\"},\"thumbnailUrl\":\"https:\\\/\\\/www.bellunopress.it\\\/wp-content\\\/uploads\\\/2021\\\/04\\\/paura-del-vaccino_edited.jpg\",\"keywords\":[\"politica sanitaria\",\"vaccino\"],\"articleSection\":[\"Cahiers de dol\u00e9ances\",\"Controcorrente Dr Filiberto Dal Molin\",\"Lettere Opinioni\",\"Prima Pagina\",\"Sanit\u00e0 Medicina\"],\"inLanguage\":\"fr-FR\"},{\"@type\":\"WebPage\",\"@id\":\"https:\\\/\\\/www.bellunopress.it\\\/2022\\\/12\\\/24\\\/politica-sanitaria-o-sanita-politica-di-filiberto-dal-molin\\\/\",\"url\":\"https:\\\/\\\/www.bellunopress.it\\\/2022\\\/12\\\/24\\\/politica-sanitaria-o-sanita-politica-di-filiberto-dal-molin\\\/\",\"name\":\"Politica sanitaria o sanit\u00e0 politica? * di Filiberto Dal Molin - Bellunopress - Dolomiti\",\"isPartOf\":{\"@id\":\"https:\\\/\\\/www.bellunopress.it\\\/#website\"},\"primaryImageOfPage\":{\"@id\":\"https:\\\/\\\/www.bellunopress.it\\\/2022\\\/12\\\/24\\\/politica-sanitaria-o-sanita-politica-di-filiberto-dal-molin\\\/#primaryimage\"},\"image\":{\"@id\":\"https:\\\/\\\/www.bellunopress.it\\\/2022\\\/12\\\/24\\\/politica-sanitaria-o-sanita-politica-di-filiberto-dal-molin\\\/#primaryimage\"},\"thumbnailUrl\":\"https:\\\/\\\/www.bellunopress.it\\\/wp-content\\\/uploads\\\/2021\\\/04\\\/paura-del-vaccino_edited.jpg\",\"datePublished\":\"2022-12-24T06:28:11+00:00\",\"dateModified\":\"2024-03-06T16:04:16+00:00\",\"breadcrumb\":{\"@id\":\"https:\\\/\\\/www.bellunopress.it\\\/2022\\\/12\\\/24\\\/politica-sanitaria-o-sanita-politica-di-filiberto-dal-molin\\\/#breadcrumb\"},\"inLanguage\":\"fr-FR\",\"potentialAction\":[{\"@type\":\"ReadAction\",\"target\":[\"https:\\\/\\\/www.bellunopress.it\\\/2022\\\/12\\\/24\\\/politica-sanitaria-o-sanita-politica-di-filiberto-dal-molin\\\/\"]}]},{\"@type\":\"ImageObject\",\"inLanguage\":\"fr-FR\",\"@id\":\"https:\\\/\\\/www.bellunopress.it\\\/2022\\\/12\\\/24\\\/politica-sanitaria-o-sanita-politica-di-filiberto-dal-molin\\\/#primaryimage\",\"url\":\"https:\\\/\\\/www.bellunopress.it\\\/wp-content\\\/uploads\\\/2021\\\/04\\\/paura-del-vaccino_edited.jpg\",\"contentUrl\":\"https:\\\/\\\/www.bellunopress.it\\\/wp-content\\\/uploads\\\/2021\\\/04\\\/paura-del-vaccino_edited.jpg\",\"width\":778,\"height\":480},{\"@type\":\"BreadcrumbList\",\"@id\":\"https:\\\/\\\/www.bellunopress.it\\\/2022\\\/12\\\/24\\\/politica-sanitaria-o-sanita-politica-di-filiberto-dal-molin\\\/#breadcrumb\",\"itemListElement\":[{\"@type\":\"ListItem\",\"position\":1,\"name\":\"Home\",\"item\":\"https:\\\/\\\/www.bellunopress.it\\\/\"},{\"@type\":\"ListItem\",\"position\":2,\"name\":\"Politica sanitaria o sanit\u00e0 politica? * di Filiberto Dal Molin\"}]},{\"@type\":\"WebSite\",\"@id\":\"https:\\\/\\\/www.bellunopress.it\\\/#website\",\"url\":\"https:\\\/\\\/www.bellunopress.it\\\/\",\"name\":\"Bellunopress - Dolomiti\",\"description\":\"e-mail: redazione@bellunopress.it\",\"publisher\":{\"@id\":\"https:\\\/\\\/www.bellunopress.it\\\/#organization\"},\"potentialAction\":[{\"@type\":\"SearchAction\",\"target\":{\"@type\":\"EntryPoint\",\"urlTemplate\":\"https:\\\/\\\/www.bellunopress.it\\\/?s={search_term_string}\"},\"query-input\":{\"@type\":\"PropertyValueSpecification\",\"valueRequired\":true,\"valueName\":\"search_term_string\"}}],\"inLanguage\":\"fr-FR\"},{\"@type\":\"Organization\",\"@id\":\"https:\\\/\\\/www.bellunopress.it\\\/#organization\",\"name\":\"Bellunopress\",\"url\":\"https:\\\/\\\/www.bellunopress.it\\\/\",\"logo\":{\"@type\":\"ImageObject\",\"inLanguage\":\"fr-FR\",\"@id\":\"https:\\\/\\\/www.bellunopress.it\\\/#\\\/schema\\\/logo\\\/image\\\/\",\"url\":\"https:\\\/\\\/www.bellunopress.it\\\/wp-content\\\/uploads\\\/2011\\\/05\\\/cropped-logo-bellunopress-.jpg\",\"contentUrl\":\"https:\\\/\\\/www.bellunopress.it\\\/wp-content\\\/uploads\\\/2011\\\/05\\\/cropped-logo-bellunopress-.jpg\",\"width\":512,\"height\":512,\"caption\":\"Bellunopress\"},\"image\":{\"@id\":\"https:\\\/\\\/www.bellunopress.it\\\/#\\\/schema\\\/logo\\\/image\\\/\"},\"sameAs\":[\"https:\\\/\\\/www.facebook.com\\\/profile.php?id=100008943462799\",\"https:\\\/\\\/x.com\\\/bellunopress\",\"https:\\\/\\\/www.linkedin.com\\\/hp\\\/?dnr=JBzUWaJfMUw8vbXJJ2tVW5-I3jZKvC4wsoxE&amp;amp;amp;amp;amp;amp;trk=nav_responsive_tab_home\",\"https:\\\/\\\/www.youtube.com\\\/channel\\\/UCxL0wu1uN0_3_7hGG0306cw\"]},{\"@type\":\"Person\",\"@id\":\"https:\\\/\\\/www.bellunopress.it\\\/#\\\/schema\\\/person\\\/79bb06722b37ece1c03d3e94beb30d73\",\"name\":\"redazione\",\"image\":{\"@type\":\"ImageObject\",\"inLanguage\":\"fr-FR\",\"@id\":\"https:\\\/\\\/secure.gravatar.com\\\/avatar\\\/37d968a2e67a6fd04c169c4bdef102d0bc5d31b2546345219e348575eb80e9a0?s=96&d=mm&r=g\",\"url\":\"https:\\\/\\\/secure.gravatar.com\\\/avatar\\\/37d968a2e67a6fd04c169c4bdef102d0bc5d31b2546345219e348575eb80e9a0?s=96&d=mm&r=g\",\"contentUrl\":\"https:\\\/\\\/secure.gravatar.com\\\/avatar\\\/37d968a2e67a6fd04c169c4bdef102d0bc5d31b2546345219e348575eb80e9a0?s=96&d=mm&r=g\",\"caption\":\"redazione\"},\"sameAs\":[\"http:\\\/\\\/www.bellunopress.it\",\"https:\\\/\\\/x.com\\\/bellunopress\"],\"url\":\"https:\\\/\\\/www.bellunopress.it\\\/fr\\\/author\\\/redazione\\\/\"}]}<\/script>\n<!-- \/ Yoast SEO plugin. -->","yoast_head_json":{"title":"Politica sanitaria o sanit\u00e0 politica?  * di Filiberto Dal Molin - Bellunopress - Dolomiti","robots":{"index":"index","follow":"follow","max-snippet":"max-snippet:-1","max-image-preview":"max-image-preview:large","max-video-preview":"max-video-preview:-1"},"canonical":"https:\/\/www.bellunopress.it\/fr\/2022\/12\/24\/politica-sanitaria-o-sanita-politica-di-filiberto-dal-molin\/","og_locale":"fr_FR","og_type":"article","og_title":"Politica sanitaria o sanit\u00e0 politica?  * di Filiberto Dal Molin - Bellunopress - Dolomiti","og_description":"Con Politica Sanitaria si intende normalmente la programmazione di una attivit\u00e0 sanitaria che risponda, possibilmente in modo ottimale, alle esigenze sanitarie di un intero Paese e che si impegni a realizzare una assistenza sanitaria accessibile a tutti, anche ai meno abbienti. Ci\u00f2 che il nostro Paese ha dimostrato di saper fare, anche se non perfettamente, [&hellip;]","og_url":"https:\/\/www.bellunopress.it\/fr\/2022\/12\/24\/politica-sanitaria-o-sanita-politica-di-filiberto-dal-molin\/","og_site_name":"Bellunopress - Dolomiti","article_publisher":"https:\/\/www.facebook.com\/profile.php?id=100008943462799","article_published_time":"2022-12-24T06:28:11+00:00","article_modified_time":"2024-03-06T16:04:16+00:00","og_image":[{"width":778,"height":480,"url":"https:\/\/www.bellunopress.it\/wp-content\/uploads\/2021\/04\/paura-del-vaccino_edited.jpg","type":"image\/jpeg"}],"author":"redazione","twitter_card":"summary_large_image","twitter_creator":"@bellunopress","twitter_site":"@bellunopress","twitter_misc":{"\u00c9crit par":"redazione","Dur\u00e9e de lecture estim\u00e9e":"5 minutes"},"schema":{"@context":"https:\/\/schema.org","@graph":[{"@type":"Article","@id":"https:\/\/www.bellunopress.it\/2022\/12\/24\/politica-sanitaria-o-sanita-politica-di-filiberto-dal-molin\/#article","isPartOf":{"@id":"https:\/\/www.bellunopress.it\/2022\/12\/24\/politica-sanitaria-o-sanita-politica-di-filiberto-dal-molin\/"},"author":{"name":"redazione","@id":"https:\/\/www.bellunopress.it\/#\/schema\/person\/79bb06722b37ece1c03d3e94beb30d73"},"headline":"Politica sanitaria o sanit\u00e0 politica? * di Filiberto Dal Molin","datePublished":"2022-12-24T06:28:11+00:00","dateModified":"2024-03-06T16:04:16+00:00","mainEntityOfPage":{"@id":"https:\/\/www.bellunopress.it\/2022\/12\/24\/politica-sanitaria-o-sanita-politica-di-filiberto-dal-molin\/"},"wordCount":894,"publisher":{"@id":"https:\/\/www.bellunopress.it\/#organization"},"image":{"@id":"https:\/\/www.bellunopress.it\/2022\/12\/24\/politica-sanitaria-o-sanita-politica-di-filiberto-dal-molin\/#primaryimage"},"thumbnailUrl":"https:\/\/www.bellunopress.it\/wp-content\/uploads\/2021\/04\/paura-del-vaccino_edited.jpg","keywords":["politica sanitaria","vaccino"],"articleSection":["Cahiers de dol\u00e9ances","Controcorrente Dr Filiberto Dal Molin","Lettere Opinioni","Prima Pagina","Sanit\u00e0 Medicina"],"inLanguage":"fr-FR"},{"@type":"WebPage","@id":"https:\/\/www.bellunopress.it\/2022\/12\/24\/politica-sanitaria-o-sanita-politica-di-filiberto-dal-molin\/","url":"https:\/\/www.bellunopress.it\/2022\/12\/24\/politica-sanitaria-o-sanita-politica-di-filiberto-dal-molin\/","name":"Politica sanitaria o sanit\u00e0 politica? * di Filiberto Dal Molin - Bellunopress - Dolomiti","isPartOf":{"@id":"https:\/\/www.bellunopress.it\/#website"},"primaryImageOfPage":{"@id":"https:\/\/www.bellunopress.it\/2022\/12\/24\/politica-sanitaria-o-sanita-politica-di-filiberto-dal-molin\/#primaryimage"},"image":{"@id":"https:\/\/www.bellunopress.it\/2022\/12\/24\/politica-sanitaria-o-sanita-politica-di-filiberto-dal-molin\/#primaryimage"},"thumbnailUrl":"https:\/\/www.bellunopress.it\/wp-content\/uploads\/2021\/04\/paura-del-vaccino_edited.jpg","datePublished":"2022-12-24T06:28:11+00:00","dateModified":"2024-03-06T16:04:16+00:00","breadcrumb":{"@id":"https:\/\/www.bellunopress.it\/2022\/12\/24\/politica-sanitaria-o-sanita-politica-di-filiberto-dal-molin\/#breadcrumb"},"inLanguage":"fr-FR","potentialAction":[{"@type":"ReadAction","target":["https:\/\/www.bellunopress.it\/2022\/12\/24\/politica-sanitaria-o-sanita-politica-di-filiberto-dal-molin\/"]}]},{"@type":"ImageObject","inLanguage":"fr-FR","@id":"https:\/\/www.bellunopress.it\/2022\/12\/24\/politica-sanitaria-o-sanita-politica-di-filiberto-dal-molin\/#primaryimage","url":"https:\/\/www.bellunopress.it\/wp-content\/uploads\/2021\/04\/paura-del-vaccino_edited.jpg","contentUrl":"https:\/\/www.bellunopress.it\/wp-content\/uploads\/2021\/04\/paura-del-vaccino_edited.jpg","width":778,"height":480},{"@type":"BreadcrumbList","@id":"https:\/\/www.bellunopress.it\/2022\/12\/24\/politica-sanitaria-o-sanita-politica-di-filiberto-dal-molin\/#breadcrumb","itemListElement":[{"@type":"ListItem","position":1,"name":"Home","item":"https:\/\/www.bellunopress.it\/"},{"@type":"ListItem","position":2,"name":"Politica sanitaria o sanit\u00e0 politica? * di Filiberto Dal Molin"}]},{"@type":"WebSite","@id":"https:\/\/www.bellunopress.it\/#website","url":"https:\/\/www.bellunopress.it\/","name":"Bellunopress - Dolomiti","description":"e-mail: redazione@bellunopress.it","publisher":{"@id":"https:\/\/www.bellunopress.it\/#organization"},"potentialAction":[{"@type":"SearchAction","target":{"@type":"EntryPoint","urlTemplate":"https:\/\/www.bellunopress.it\/?s={search_term_string}"},"query-input":{"@type":"PropertyValueSpecification","valueRequired":true,"valueName":"search_term_string"}}],"inLanguage":"fr-FR"},{"@type":"Organization","@id":"https:\/\/www.bellunopress.it\/#organization","name":"Bellunopress","url":"https:\/\/www.bellunopress.it\/","logo":{"@type":"ImageObject","inLanguage":"fr-FR","@id":"https:\/\/www.bellunopress.it\/#\/schema\/logo\/image\/","url":"https:\/\/www.bellunopress.it\/wp-content\/uploads\/2011\/05\/cropped-logo-bellunopress-.jpg","contentUrl":"https:\/\/www.bellunopress.it\/wp-content\/uploads\/2011\/05\/cropped-logo-bellunopress-.jpg","width":512,"height":512,"caption":"Bellunopress"},"image":{"@id":"https:\/\/www.bellunopress.it\/#\/schema\/logo\/image\/"},"sameAs":["https:\/\/www.facebook.com\/profile.php?id=100008943462799","https:\/\/x.com\/bellunopress","https:\/\/www.linkedin.com\/hp\/?dnr=JBzUWaJfMUw8vbXJJ2tVW5-I3jZKvC4wsoxE&amp;amp;amp;amp;amp;amp;trk=nav_responsive_tab_home","https:\/\/www.youtube.com\/channel\/UCxL0wu1uN0_3_7hGG0306cw"]},{"@type":"Person","@id":"https:\/\/www.bellunopress.it\/#\/schema\/person\/79bb06722b37ece1c03d3e94beb30d73","name":"r\u00e9daction","image":{"@type":"ImageObject","inLanguage":"fr-FR","@id":"https:\/\/secure.gravatar.com\/avatar\/37d968a2e67a6fd04c169c4bdef102d0bc5d31b2546345219e348575eb80e9a0?s=96&d=mm&r=g","url":"https:\/\/secure.gravatar.com\/avatar\/37d968a2e67a6fd04c169c4bdef102d0bc5d31b2546345219e348575eb80e9a0?s=96&d=mm&r=g","contentUrl":"https:\/\/secure.gravatar.com\/avatar\/37d968a2e67a6fd04c169c4bdef102d0bc5d31b2546345219e348575eb80e9a0?s=96&d=mm&r=g","caption":"redazione"},"sameAs":["http:\/\/www.bellunopress.it","https:\/\/x.com\/bellunopress"],"url":"https:\/\/www.bellunopress.it\/fr\/author\/redazione\/"}]}},"_links":{"self":[{"href":"https:\/\/www.bellunopress.it\/fr\/wp-json\/wp\/v2\/posts\/138620","targetHints":{"allow":["GET"]}}],"collection":[{"href":"https:\/\/www.bellunopress.it\/fr\/wp-json\/wp\/v2\/posts"}],"about":[{"href":"https:\/\/www.bellunopress.it\/fr\/wp-json\/wp\/v2\/types\/post"}],"author":[{"embeddable":true,"href":"https:\/\/www.bellunopress.it\/fr\/wp-json\/wp\/v2\/users\/2"}],"replies":[{"embeddable":true,"href":"https:\/\/www.bellunopress.it\/fr\/wp-json\/wp\/v2\/comments?post=138620"}],"version-history":[{"count":1,"href":"https:\/\/www.bellunopress.it\/fr\/wp-json\/wp\/v2\/posts\/138620\/revisions"}],"predecessor-version":[{"id":138621,"href":"https:\/\/www.bellunopress.it\/fr\/wp-json\/wp\/v2\/posts\/138620\/revisions\/138621"}],"wp:featuredmedia":[{"embeddable":true,"href":"https:\/\/www.bellunopress.it\/fr\/wp-json\/wp\/v2\/media\/123735"}],"wp:attachment":[{"href":"https:\/\/www.bellunopress.it\/fr\/wp-json\/wp\/v2\/media?parent=138620"}],"wp:term":[{"taxonomy":"category","embeddable":true,"href":"https:\/\/www.bellunopress.it\/fr\/wp-json\/wp\/v2\/categories?post=138620"},{"taxonomy":"post_tag","embeddable":true,"href":"https:\/\/www.bellunopress.it\/fr\/wp-json\/wp\/v2\/tags?post=138620"}],"curies":[{"name":"wp","href":"https:\/\/api.w.org\/{rel}","templated":true}]}}