{"id":138615,"date":"2022-12-23T17:11:24","date_gmt":"2022-12-23T16:11:24","guid":{"rendered":"https:\/\/www.bellunopress.it\/?p=138615"},"modified":"2022-12-23T17:11:24","modified_gmt":"2022-12-23T16:11:24","slug":"buone-notizie-sotto-lalbero-di-natale-per-le-finanze-del-soccorso-alpino","status":"publish","type":"post","link":"https:\/\/www.bellunopress.it\/fr\/2022\/12\/23\/buone-notizie-sotto-lalbero-di-natale-per-le-finanze-del-soccorso-alpino\/","title":{"rendered":"Buone notizie sotto l&#8217;albero di Natale per le finanze del Soccorso Alpino"},"content":{"rendered":"<figure id=\"attachment_103214\" aria-describedby=\"caption-attachment-103214\" style=\"width: 233px\" class=\"wp-caption alignleft\"><img loading=\"lazy\" decoding=\"async\" class=\"size-full wp-image-103214\" src=\"https:\/\/www.bellunopress.it\/wp-content\/uploads\/2019\/03\/Fabio-Bristot-Rufus.jpg\" alt=\"\" width=\"233\" height=\"300\" \/><figcaption id=\"caption-attachment-103214\" class=\"wp-caption-text\">Fabio Bristot &#8216;Rufus&#8217;<\/figcaption><\/figure>\n<p>La Direzione nazionale Cnsas, Corpo Nazionale Soccorso Alpino e Speleologico, \u00e8 stata impegnata in queste ultime ore nel cercare di rifinanziare l&#8217;art. 8-bis della Legge 21 marzo 2001, n. 74 che, con la modifica della stessa avvenuta nel 2020, aveva previsto per il triennio 2020\/2022 un contributo integrativo di 2.250.000 euro. Ci\u00f2, in conseguenza dell&#8217;aumento degli oneri assicurativi (premio polizza infortuni) e per l&#8217;effettuazione del controllo sanitario a favore di tutti i volontari.<\/p>\n<p>Lo fa sapere Fabio Bristot &#8216;Rufus&#8217;, membro del Consiglio nazionale del Cnsas.<\/p>\n<p>&#8220;Un tour de force &#8211; prosegue Rufus &#8211; che, alla fine (nda: si deve aspettare l&#8217;approvazione in via definitiva della Legge Finanziaria, ma siamo pressoch\u00e9 certi che non vi saranno modifiche su questo punto), \u00e8 stato premiato dal Governo e dalla Maggioranza che ha approvato la proposta di emendamento del CNSAS, presentato poi formalmente al vaglio del Parlamento. Ma c&#8217;\u00e8 qualcosa di pi\u00f9 rispetto alla natura del precedente finanziamento. Infatti, lo stesso, non \u00e8 pi\u00f9 previsto su base triennale, ma diventa di carattere ordinario, condizione che permetter\u00e0 con pi\u00f9 serenit\u00e0 al CNSAS di mantenere inalterati i massimali e le condizioni particolari della polizza in questione, oltre che continuare a tutelare la salute dei volontari con lo specifico finanziamento destinato ai Servizi CNSAS per l&#8217;effettuazione del controllo sanitario&#8221;.<\/p>\n<p>&#8220;I ringraziamenti da parte di tutto il CNSAS\u00a0 &#8211; conclude Rufus &#8211;\u00a0 vanno ai presentatori dell&#8217;emendamento (On. Coin, On. Cattoi ed altri), al Sen. De Carlo e al Ministero del Turismo interessato da subito delle varie criticit\u00e0 intervenute, oltre a quanti si sono interessati a vario titolo dell&#8217;iter parlamentare&#8221;.<\/p>\n<p>&nbsp;<\/p>","protected":false},"excerpt":{"rendered":"<p>La Direzione nazionale Cnsas, Corpo Nazionale Soccorso Alpino e Speleologico, \u00e8 stata impegnata in queste ultime ore nel cercare di rifinanziare l&#8217;art. 8-bis della Legge 21 marzo 2001, n. 74 che, con la modifica della stessa avvenuta nel 2020, aveva previsto per il triennio 2020\/2022 un contributo integrativo di 2.250.000 euro. Ci\u00f2, in conseguenza dell&#8217;aumento [&hellip;]<\/p>\n","protected":false},"author":2,"featured_media":103214,"comment_status":"closed","ping_status":"open","sticky":false,"template":"","format":"standard","meta":{"footnotes":""},"categories":[5,26],"tags":[],"class_list":["post-138615","post","type-post","status-publish","format-standard","has-post-thumbnail","category-cronaca","category-prima-pagina"],"yoast_head":"<!-- This site is optimized with the Yoast SEO plugin v28.4 - https:\/\/yoast.com\/product\/yoast-seo-wordpress\/ -->\n<title>Buone notizie sotto l&#039;albero di Natale per le finanze del Soccorso Alpino - Bellunopress - Dolomiti<\/title>\n<meta name=\"robots\" content=\"index, follow, max-snippet:-1, max-image-preview:large, max-video-preview:-1\" \/>\n<link rel=\"canonical\" href=\"https:\/\/www.bellunopress.it\/fr\/2022\/12\/23\/buone-notizie-sotto-lalbero-di-natale-per-le-finanze-del-soccorso-alpino\/\" \/>\n<meta property=\"og:locale\" content=\"fr_FR\" \/>\n<meta property=\"og:type\" content=\"article\" \/>\n<meta property=\"og:title\" content=\"Buone notizie sotto l&#039;albero di Natale per le finanze del Soccorso Alpino - Bellunopress - Dolomiti\" \/>\n<meta property=\"og:description\" content=\"La Direzione nazionale Cnsas, Corpo Nazionale Soccorso Alpino e Speleologico, \u00e8 stata impegnata in queste ultime ore nel cercare di rifinanziare l&#8217;art. 8-bis della Legge 21 marzo 2001, n. 74 che, con la modifica della stessa avvenuta nel 2020, aveva previsto per il triennio 2020\/2022 un contributo integrativo di 2.250.000 euro. Ci\u00f2, in conseguenza dell&#8217;aumento [&hellip;]\" \/>\n<meta property=\"og:url\" content=\"https:\/\/www.bellunopress.it\/fr\/2022\/12\/23\/buone-notizie-sotto-lalbero-di-natale-per-le-finanze-del-soccorso-alpino\/\" \/>\n<meta property=\"og:site_name\" content=\"Bellunopress - Dolomiti\" \/>\n<meta property=\"article:publisher\" content=\"https:\/\/www.facebook.com\/profile.php?id=100008943462799\" \/>\n<meta property=\"article:published_time\" content=\"2022-12-23T16:11:24+00:00\" \/>\n<meta property=\"og:image\" content=\"https:\/\/www.bellunopress.it\/wp-content\/uploads\/2019\/03\/Fabio-Bristot-Rufus.jpg\" \/>\n\t<meta property=\"og:image:width\" content=\"233\" \/>\n\t<meta property=\"og:image:height\" content=\"300\" \/>\n\t<meta property=\"og:image:type\" content=\"image\/jpeg\" \/>\n<meta name=\"author\" content=\"redazione\" \/>\n<meta name=\"twitter:card\" content=\"summary_large_image\" \/>\n<meta name=\"twitter:creator\" content=\"@bellunopress\" \/>\n<meta name=\"twitter:site\" content=\"@bellunopress\" \/>\n<meta name=\"twitter:label1\" content=\"Written by\" \/>\n\t<meta name=\"twitter:data1\" content=\"redazione\" \/>\n\t<meta name=\"twitter:label2\" content=\"Est. reading time\" \/>\n\t<meta name=\"twitter:data2\" content=\"2 minutes\" \/>\n<script type=\"application\/ld+json\" class=\"yoast-schema-graph\">{\"@context\":\"https:\\\/\\\/schema.org\",\"@graph\":[{\"@type\":\"Article\",\"@id\":\"https:\\\/\\\/www.bellunopress.it\\\/2022\\\/12\\\/23\\\/buone-notizie-sotto-lalbero-di-natale-per-le-finanze-del-soccorso-alpino\\\/#article\",\"isPartOf\":{\"@id\":\"https:\\\/\\\/www.bellunopress.it\\\/2022\\\/12\\\/23\\\/buone-notizie-sotto-lalbero-di-natale-per-le-finanze-del-soccorso-alpino\\\/\"},\"author\":{\"name\":\"redazione\",\"@id\":\"https:\\\/\\\/www.bellunopress.it\\\/#\\\/schema\\\/person\\\/79bb06722b37ece1c03d3e94beb30d73\"},\"headline\":\"Buone notizie sotto l&#8217;albero di Natale per le finanze del Soccorso Alpino\",\"datePublished\":\"2022-12-23T16:11:24+00:00\",\"mainEntityOfPage\":{\"@id\":\"https:\\\/\\\/www.bellunopress.it\\\/2022\\\/12\\\/23\\\/buone-notizie-sotto-lalbero-di-natale-per-le-finanze-del-soccorso-alpino\\\/\"},\"wordCount\":283,\"publisher\":{\"@id\":\"https:\\\/\\\/www.bellunopress.it\\\/#organization\"},\"image\":{\"@id\":\"https:\\\/\\\/www.bellunopress.it\\\/2022\\\/12\\\/23\\\/buone-notizie-sotto-lalbero-di-natale-per-le-finanze-del-soccorso-alpino\\\/#primaryimage\"},\"thumbnailUrl\":\"https:\\\/\\\/www.bellunopress.it\\\/wp-content\\\/uploads\\\/2019\\\/03\\\/Fabio-Bristot-Rufus.jpg\",\"articleSection\":[\"Cronaca\\\/Politica\",\"Prima Pagina\"],\"inLanguage\":\"fr-FR\"},{\"@type\":\"WebPage\",\"@id\":\"https:\\\/\\\/www.bellunopress.it\\\/2022\\\/12\\\/23\\\/buone-notizie-sotto-lalbero-di-natale-per-le-finanze-del-soccorso-alpino\\\/\",\"url\":\"https:\\\/\\\/www.bellunopress.it\\\/2022\\\/12\\\/23\\\/buone-notizie-sotto-lalbero-di-natale-per-le-finanze-del-soccorso-alpino\\\/\",\"name\":\"Buone notizie sotto l'albero di Natale per le finanze del Soccorso Alpino - Bellunopress - Dolomiti\",\"isPartOf\":{\"@id\":\"https:\\\/\\\/www.bellunopress.it\\\/#website\"},\"primaryImageOfPage\":{\"@id\":\"https:\\\/\\\/www.bellunopress.it\\\/2022\\\/12\\\/23\\\/buone-notizie-sotto-lalbero-di-natale-per-le-finanze-del-soccorso-alpino\\\/#primaryimage\"},\"image\":{\"@id\":\"https:\\\/\\\/www.bellunopress.it\\\/2022\\\/12\\\/23\\\/buone-notizie-sotto-lalbero-di-natale-per-le-finanze-del-soccorso-alpino\\\/#primaryimage\"},\"thumbnailUrl\":\"https:\\\/\\\/www.bellunopress.it\\\/wp-content\\\/uploads\\\/2019\\\/03\\\/Fabio-Bristot-Rufus.jpg\",\"datePublished\":\"2022-12-23T16:11:24+00:00\",\"breadcrumb\":{\"@id\":\"https:\\\/\\\/www.bellunopress.it\\\/2022\\\/12\\\/23\\\/buone-notizie-sotto-lalbero-di-natale-per-le-finanze-del-soccorso-alpino\\\/#breadcrumb\"},\"inLanguage\":\"fr-FR\",\"potentialAction\":[{\"@type\":\"ReadAction\",\"target\":[\"https:\\\/\\\/www.bellunopress.it\\\/2022\\\/12\\\/23\\\/buone-notizie-sotto-lalbero-di-natale-per-le-finanze-del-soccorso-alpino\\\/\"]}]},{\"@type\":\"ImageObject\",\"inLanguage\":\"fr-FR\",\"@id\":\"https:\\\/\\\/www.bellunopress.it\\\/2022\\\/12\\\/23\\\/buone-notizie-sotto-lalbero-di-natale-per-le-finanze-del-soccorso-alpino\\\/#primaryimage\",\"url\":\"https:\\\/\\\/www.bellunopress.it\\\/wp-content\\\/uploads\\\/2019\\\/03\\\/Fabio-Bristot-Rufus.jpg\",\"contentUrl\":\"https:\\\/\\\/www.bellunopress.it\\\/wp-content\\\/uploads\\\/2019\\\/03\\\/Fabio-Bristot-Rufus.jpg\",\"width\":233,\"height\":300,\"caption\":\"Fabio Bristot\"},{\"@type\":\"BreadcrumbList\",\"@id\":\"https:\\\/\\\/www.bellunopress.it\\\/2022\\\/12\\\/23\\\/buone-notizie-sotto-lalbero-di-natale-per-le-finanze-del-soccorso-alpino\\\/#breadcrumb\",\"itemListElement\":[{\"@type\":\"ListItem\",\"position\":1,\"name\":\"Home\",\"item\":\"https:\\\/\\\/www.bellunopress.it\\\/\"},{\"@type\":\"ListItem\",\"position\":2,\"name\":\"Buone notizie sotto l&#8217;albero di Natale per le finanze del Soccorso Alpino\"}]},{\"@type\":\"WebSite\",\"@id\":\"https:\\\/\\\/www.bellunopress.it\\\/#website\",\"url\":\"https:\\\/\\\/www.bellunopress.it\\\/\",\"name\":\"Bellunopress - Dolomiti\",\"description\":\"e-mail: redazione@bellunopress.it\",\"publisher\":{\"@id\":\"https:\\\/\\\/www.bellunopress.it\\\/#organization\"},\"potentialAction\":[{\"@type\":\"SearchAction\",\"target\":{\"@type\":\"EntryPoint\",\"urlTemplate\":\"https:\\\/\\\/www.bellunopress.it\\\/?s={search_term_string}\"},\"query-input\":{\"@type\":\"PropertyValueSpecification\",\"valueRequired\":true,\"valueName\":\"search_term_string\"}}],\"inLanguage\":\"fr-FR\"},{\"@type\":\"Organization\",\"@id\":\"https:\\\/\\\/www.bellunopress.it\\\/#organization\",\"name\":\"Bellunopress\",\"url\":\"https:\\\/\\\/www.bellunopress.it\\\/\",\"logo\":{\"@type\":\"ImageObject\",\"inLanguage\":\"fr-FR\",\"@id\":\"https:\\\/\\\/www.bellunopress.it\\\/#\\\/schema\\\/logo\\\/image\\\/\",\"url\":\"https:\\\/\\\/www.bellunopress.it\\\/wp-content\\\/uploads\\\/2011\\\/05\\\/cropped-logo-bellunopress-.jpg\",\"contentUrl\":\"https:\\\/\\\/www.bellunopress.it\\\/wp-content\\\/uploads\\\/2011\\\/05\\\/cropped-logo-bellunopress-.jpg\",\"width\":512,\"height\":512,\"caption\":\"Bellunopress\"},\"image\":{\"@id\":\"https:\\\/\\\/www.bellunopress.it\\\/#\\\/schema\\\/logo\\\/image\\\/\"},\"sameAs\":[\"https:\\\/\\\/www.facebook.com\\\/profile.php?id=100008943462799\",\"https:\\\/\\\/x.com\\\/bellunopress\",\"https:\\\/\\\/www.linkedin.com\\\/hp\\\/?dnr=JBzUWaJfMUw8vbXJJ2tVW5-I3jZKvC4wsoxE&amp;amp;amp;amp;amp;amp;trk=nav_responsive_tab_home\",\"https:\\\/\\\/www.youtube.com\\\/channel\\\/UCxL0wu1uN0_3_7hGG0306cw\"]},{\"@type\":\"Person\",\"@id\":\"https:\\\/\\\/www.bellunopress.it\\\/#\\\/schema\\\/person\\\/79bb06722b37ece1c03d3e94beb30d73\",\"name\":\"redazione\",\"image\":{\"@type\":\"ImageObject\",\"inLanguage\":\"fr-FR\",\"@id\":\"https:\\\/\\\/secure.gravatar.com\\\/avatar\\\/37d968a2e67a6fd04c169c4bdef102d0bc5d31b2546345219e348575eb80e9a0?s=96&d=mm&r=g\",\"url\":\"https:\\\/\\\/secure.gravatar.com\\\/avatar\\\/37d968a2e67a6fd04c169c4bdef102d0bc5d31b2546345219e348575eb80e9a0?s=96&d=mm&r=g\",\"contentUrl\":\"https:\\\/\\\/secure.gravatar.com\\\/avatar\\\/37d968a2e67a6fd04c169c4bdef102d0bc5d31b2546345219e348575eb80e9a0?s=96&d=mm&r=g\",\"caption\":\"redazione\"},\"sameAs\":[\"http:\\\/\\\/www.bellunopress.it\",\"https:\\\/\\\/x.com\\\/bellunopress\"],\"url\":\"https:\\\/\\\/www.bellunopress.it\\\/fr\\\/author\\\/redazione\\\/\"}]}<\/script>\n<!-- \/ Yoast SEO plugin. -->","yoast_head_json":{"title":"Buone notizie sotto l'albero di Natale per le finanze del Soccorso Alpino - Bellunopress - Dolomiti","robots":{"index":"index","follow":"follow","max-snippet":"max-snippet:-1","max-image-preview":"max-image-preview:large","max-video-preview":"max-video-preview:-1"},"canonical":"https:\/\/www.bellunopress.it\/fr\/2022\/12\/23\/buone-notizie-sotto-lalbero-di-natale-per-le-finanze-del-soccorso-alpino\/","og_locale":"fr_FR","og_type":"article","og_title":"Buone notizie sotto l'albero di Natale per le finanze del Soccorso Alpino - Bellunopress - Dolomiti","og_description":"La Direzione nazionale Cnsas, Corpo Nazionale Soccorso Alpino e Speleologico, \u00e8 stata impegnata in queste ultime ore nel cercare di rifinanziare l&#8217;art. 8-bis della Legge 21 marzo 2001, n. 74 che, con la modifica della stessa avvenuta nel 2020, aveva previsto per il triennio 2020\/2022 un contributo integrativo di 2.250.000 euro. Ci\u00f2, in conseguenza dell&#8217;aumento [&hellip;]","og_url":"https:\/\/www.bellunopress.it\/fr\/2022\/12\/23\/buone-notizie-sotto-lalbero-di-natale-per-le-finanze-del-soccorso-alpino\/","og_site_name":"Bellunopress - Dolomiti","article_publisher":"https:\/\/www.facebook.com\/profile.php?id=100008943462799","article_published_time":"2022-12-23T16:11:24+00:00","og_image":[{"width":233,"height":300,"url":"https:\/\/www.bellunopress.it\/wp-content\/uploads\/2019\/03\/Fabio-Bristot-Rufus.jpg","type":"image\/jpeg"}],"author":"redazione","twitter_card":"summary_large_image","twitter_creator":"@bellunopress","twitter_site":"@bellunopress","twitter_misc":{"Written by":"redazione","Est. reading time":"2 minutes"},"schema":{"@context":"https:\/\/schema.org","@graph":[{"@type":"Article","@id":"https:\/\/www.bellunopress.it\/2022\/12\/23\/buone-notizie-sotto-lalbero-di-natale-per-le-finanze-del-soccorso-alpino\/#article","isPartOf":{"@id":"https:\/\/www.bellunopress.it\/2022\/12\/23\/buone-notizie-sotto-lalbero-di-natale-per-le-finanze-del-soccorso-alpino\/"},"author":{"name":"redazione","@id":"https:\/\/www.bellunopress.it\/#\/schema\/person\/79bb06722b37ece1c03d3e94beb30d73"},"headline":"Buone notizie sotto l&#8217;albero di Natale per le finanze del Soccorso Alpino","datePublished":"2022-12-23T16:11:24+00:00","mainEntityOfPage":{"@id":"https:\/\/www.bellunopress.it\/2022\/12\/23\/buone-notizie-sotto-lalbero-di-natale-per-le-finanze-del-soccorso-alpino\/"},"wordCount":283,"publisher":{"@id":"https:\/\/www.bellunopress.it\/#organization"},"image":{"@id":"https:\/\/www.bellunopress.it\/2022\/12\/23\/buone-notizie-sotto-lalbero-di-natale-per-le-finanze-del-soccorso-alpino\/#primaryimage"},"thumbnailUrl":"https:\/\/www.bellunopress.it\/wp-content\/uploads\/2019\/03\/Fabio-Bristot-Rufus.jpg","articleSection":["Cronaca\/Politica","Prima Pagina"],"inLanguage":"fr-FR"},{"@type":"WebPage","@id":"https:\/\/www.bellunopress.it\/2022\/12\/23\/buone-notizie-sotto-lalbero-di-natale-per-le-finanze-del-soccorso-alpino\/","url":"https:\/\/www.bellunopress.it\/2022\/12\/23\/buone-notizie-sotto-lalbero-di-natale-per-le-finanze-del-soccorso-alpino\/","name":"Buone notizie sotto l'albero di Natale per le finanze del Soccorso Alpino - Bellunopress - Dolomiti","isPartOf":{"@id":"https:\/\/www.bellunopress.it\/#website"},"primaryImageOfPage":{"@id":"https:\/\/www.bellunopress.it\/2022\/12\/23\/buone-notizie-sotto-lalbero-di-natale-per-le-finanze-del-soccorso-alpino\/#primaryimage"},"image":{"@id":"https:\/\/www.bellunopress.it\/2022\/12\/23\/buone-notizie-sotto-lalbero-di-natale-per-le-finanze-del-soccorso-alpino\/#primaryimage"},"thumbnailUrl":"https:\/\/www.bellunopress.it\/wp-content\/uploads\/2019\/03\/Fabio-Bristot-Rufus.jpg","datePublished":"2022-12-23T16:11:24+00:00","breadcrumb":{"@id":"https:\/\/www.bellunopress.it\/2022\/12\/23\/buone-notizie-sotto-lalbero-di-natale-per-le-finanze-del-soccorso-alpino\/#breadcrumb"},"inLanguage":"fr-FR","potentialAction":[{"@type":"ReadAction","target":["https:\/\/www.bellunopress.it\/2022\/12\/23\/buone-notizie-sotto-lalbero-di-natale-per-le-finanze-del-soccorso-alpino\/"]}]},{"@type":"ImageObject","inLanguage":"fr-FR","@id":"https:\/\/www.bellunopress.it\/2022\/12\/23\/buone-notizie-sotto-lalbero-di-natale-per-le-finanze-del-soccorso-alpino\/#primaryimage","url":"https:\/\/www.bellunopress.it\/wp-content\/uploads\/2019\/03\/Fabio-Bristot-Rufus.jpg","contentUrl":"https:\/\/www.bellunopress.it\/wp-content\/uploads\/2019\/03\/Fabio-Bristot-Rufus.jpg","width":233,"height":300,"caption":"Fabio Bristot"},{"@type":"BreadcrumbList","@id":"https:\/\/www.bellunopress.it\/2022\/12\/23\/buone-notizie-sotto-lalbero-di-natale-per-le-finanze-del-soccorso-alpino\/#breadcrumb","itemListElement":[{"@type":"ListItem","position":1,"name":"Home","item":"https:\/\/www.bellunopress.it\/"},{"@type":"ListItem","position":2,"name":"Buone notizie sotto l&#8217;albero di Natale per le finanze del Soccorso Alpino"}]},{"@type":"WebSite","@id":"https:\/\/www.bellunopress.it\/#website","url":"https:\/\/www.bellunopress.it\/","name":"Bellunopress - Dolomiti","description":"e-mail: redazione@bellunopress.it","publisher":{"@id":"https:\/\/www.bellunopress.it\/#organization"},"potentialAction":[{"@type":"SearchAction","target":{"@type":"EntryPoint","urlTemplate":"https:\/\/www.bellunopress.it\/?s={search_term_string}"},"query-input":{"@type":"PropertyValueSpecification","valueRequired":true,"valueName":"search_term_string"}}],"inLanguage":"fr-FR"},{"@type":"Organization","@id":"https:\/\/www.bellunopress.it\/#organization","name":"Bellunopress","url":"https:\/\/www.bellunopress.it\/","logo":{"@type":"ImageObject","inLanguage":"fr-FR","@id":"https:\/\/www.bellunopress.it\/#\/schema\/logo\/image\/","url":"https:\/\/www.bellunopress.it\/wp-content\/uploads\/2011\/05\/cropped-logo-bellunopress-.jpg","contentUrl":"https:\/\/www.bellunopress.it\/wp-content\/uploads\/2011\/05\/cropped-logo-bellunopress-.jpg","width":512,"height":512,"caption":"Bellunopress"},"image":{"@id":"https:\/\/www.bellunopress.it\/#\/schema\/logo\/image\/"},"sameAs":["https:\/\/www.facebook.com\/profile.php?id=100008943462799","https:\/\/x.com\/bellunopress","https:\/\/www.linkedin.com\/hp\/?dnr=JBzUWaJfMUw8vbXJJ2tVW5-I3jZKvC4wsoxE&amp;amp;amp;amp;amp;amp;trk=nav_responsive_tab_home","https:\/\/www.youtube.com\/channel\/UCxL0wu1uN0_3_7hGG0306cw"]},{"@type":"Person","@id":"https:\/\/www.bellunopress.it\/#\/schema\/person\/79bb06722b37ece1c03d3e94beb30d73","name":"r\u00e9daction","image":{"@type":"ImageObject","inLanguage":"fr-FR","@id":"https:\/\/secure.gravatar.com\/avatar\/37d968a2e67a6fd04c169c4bdef102d0bc5d31b2546345219e348575eb80e9a0?s=96&d=mm&r=g","url":"https:\/\/secure.gravatar.com\/avatar\/37d968a2e67a6fd04c169c4bdef102d0bc5d31b2546345219e348575eb80e9a0?s=96&d=mm&r=g","contentUrl":"https:\/\/secure.gravatar.com\/avatar\/37d968a2e67a6fd04c169c4bdef102d0bc5d31b2546345219e348575eb80e9a0?s=96&d=mm&r=g","caption":"redazione"},"sameAs":["http:\/\/www.bellunopress.it","https:\/\/x.com\/bellunopress"],"url":"https:\/\/www.bellunopress.it\/fr\/author\/redazione\/"}]}},"_links":{"self":[{"href":"https:\/\/www.bellunopress.it\/fr\/wp-json\/wp\/v2\/posts\/138615","targetHints":{"allow":["GET"]}}],"collection":[{"href":"https:\/\/www.bellunopress.it\/fr\/wp-json\/wp\/v2\/posts"}],"about":[{"href":"https:\/\/www.bellunopress.it\/fr\/wp-json\/wp\/v2\/types\/post"}],"author":[{"embeddable":true,"href":"https:\/\/www.bellunopress.it\/fr\/wp-json\/wp\/v2\/users\/2"}],"replies":[{"embeddable":true,"href":"https:\/\/www.bellunopress.it\/fr\/wp-json\/wp\/v2\/comments?post=138615"}],"version-history":[{"count":1,"href":"https:\/\/www.bellunopress.it\/fr\/wp-json\/wp\/v2\/posts\/138615\/revisions"}],"predecessor-version":[{"id":138616,"href":"https:\/\/www.bellunopress.it\/fr\/wp-json\/wp\/v2\/posts\/138615\/revisions\/138616"}],"wp:featuredmedia":[{"embeddable":true,"href":"https:\/\/www.bellunopress.it\/fr\/wp-json\/wp\/v2\/media\/103214"}],"wp:attachment":[{"href":"https:\/\/www.bellunopress.it\/fr\/wp-json\/wp\/v2\/media?parent=138615"}],"wp:term":[{"taxonomy":"category","embeddable":true,"href":"https:\/\/www.bellunopress.it\/fr\/wp-json\/wp\/v2\/categories?post=138615"},{"taxonomy":"post_tag","embeddable":true,"href":"https:\/\/www.bellunopress.it\/fr\/wp-json\/wp\/v2\/tags?post=138615"}],"curies":[{"name":"wp","href":"https:\/\/api.w.org\/{rel}","templated":true}]}}