{"id":138564,"date":"2022-12-25T08:53:09","date_gmt":"2022-12-25T07:53:09","guid":{"rendered":"https:\/\/www.bellunopress.it\/?p=138564"},"modified":"2022-12-21T19:57:37","modified_gmt":"2022-12-21T18:57:37","slug":"giorgio-fornasier-martedi-27-dicembre-al-comunale","status":"publish","type":"post","link":"https:\/\/www.bellunopress.it\/fr\/2022\/12\/25\/giorgio-fornasier-martedi-27-dicembre-al-comunale\/","title":{"rendered":"Giorgio Fornasier marted\u00ec 27 dicembre al Comunale"},"content":{"rendered":"<figure id=\"attachment_72885\" aria-describedby=\"caption-attachment-72885\" style=\"width: 300px\" class=\"wp-caption alignleft\"><img loading=\"lazy\" decoding=\"async\" class=\"size-full wp-image-72885\" src=\"https:\/\/www.bellunopress.it\/wp-content\/uploads\/2015\/11\/Giorgio-Fornasier.jpg\" alt=\"\" width=\"300\" height=\"283\" \/><figcaption id=\"caption-attachment-72885\" class=\"wp-caption-text\">Giorgio Fornasier<\/figcaption><\/figure>\n<p>Giorgio Fornasier d\u00e0 l\u2019addio alle scene: marted\u00ec 27 dicembre al Teatro Comunale il suo saluto alla citt\u00e0. Con un grande spettacolo dal titolo \u201cQuando il canto canta e le canzoni canzonano\u201d, voluto e patrocinato dal Comune di Belluno nell\u2019ambito delle iniziative del Natale, l\u2019artista racconter\u00e0 la storia dei Belumat e ne ripercorrer\u00e0 i brani e gli sketch pi\u00f9 celebri. Sar\u00e0 un amarcord attraverso quei siparietti che hanno reso il duo con Gianni Secco famoso ben oltre i confini italiani, contribuendo alla diffusione dell\u2019immaginario del Belumat e alla conoscenza della cultura e degli aspetti pi\u00f9 tipici del Bellunese e del Veneto.<\/p>\n<p>\u201cLo show \u00e8 pensato come un omaggio a Gianni Secco, mancato nel 2020 \u2013 spiega il sindaco, Oscar De Pellegrin -, ma per noi sar\u00e0 un omaggio anche a quello che hanno rappresentato questi due musicisti per il nostro territorio. Con la loro arte si sono fatti ambasciatori, testimonial della nostra identit\u00e0 alimentando quell\u2019immaginario del bellunese attaccato alla sua terra bench\u00e9 spesso costretto a migrare, lavoratore indefesso e di cuore. Con la loro attivit\u00e0 hanno condotto un lavoro di ricerca storica, socio culturale ed etnomusicologica incredibile, coinvolgendo giovani e bambini in una riscoperta della nostra identit\u00e0 pi\u00f9 pura\u201d.<\/p>\n<p>Una proposta pensata per riunire la citt\u00e0 e le generazioni in uno dei luoghi simbolo della cultura del capoluogo, il Teatro Comunale, per una serata spensierata a ridosso dell\u2019ultimo dell\u2019anno. \u201cL\u2019amministrazione ha colto l\u2019occasione del cinquantesimo dei Belumat e dell\u2019imminente ritiro dalle scene di Fornasier per omaggiare il duo \u2013 commenta l\u2019assessore al turismo, Paolo Luciani -. Sar\u00e0 l\u2019occasione per dare lustro alla tradizione canora di due artisti locali e per favorire, con un\u2019iniziativa in pi\u00f9 ad un costo simbolico di 10 euro, l\u2019afflusso di persone nel nostro centro storico durante le festivit\u00e0. Non sar\u00e0 l\u2019unica proposta musicale di alto spessore di questi giorni, ricordo infatti anche il concerto di Federico Strag\u00e0, in piazza dei Martiri il 24 alle 15.30. Insomma, un Natale in cui valorizzeremo alcuni degli artisti bellunesi noti a livello italiano e non solo, di cui tutti noi andiamo orgogliosi\u201d.<\/p>\n<p>Cos\u00ec, la storia dei Belumat si chiude simbolicamente dov\u2019era iniziata, nel capoluogo dove i due artisti sono da sempre molto amati. Il primo spettacolo del duo di Gianni Secco e Giorgio Fornasier, infatti, era stato proprio a Belluno, il 30 settembre del 1972 al palasport De Mas. Da allora il sodalizio ha prodotto insieme 94 canzoni (che arrivano a 100 se si considerano le 6 traduzioni in inglese e spagnolo di alcuni brani), ha girato i teatri di mezzo mondo arrivando, con le loro tourn\u00e9e, fino in Brasile, Stati Uniti, Canada, Australia, Messico, Argentina, Uruguay, Cile, Svizzera, Francia, Belgio e Regno Unito.<\/p>\n<p>Inizio spettacolo alle 20.45. Ingresso 10 euro, il ricavato sar\u00e0 devoluto a favore di progetti benefici. Biglietto acquistabile al botteghino la sera del concerto oppure online all\u2019indirizzo https:\/\/ticket.midaticket.it\/fondazioneteatridolomiti\/Events.<\/p>","protected":false},"excerpt":{"rendered":"<p>Giorgio Fornasier d\u00e0 l\u2019addio alle scene: marted\u00ec 27 dicembre al Teatro Comunale il suo saluto alla citt\u00e0. Con un grande spettacolo dal titolo \u201cQuando il canto canta e le canzoni canzonano\u201d, voluto e patrocinato dal Comune di Belluno nell\u2019ambito delle iniziative del Natale, l\u2019artista racconter\u00e0 la storia dei Belumat e ne ripercorrer\u00e0 i brani e [&hellip;]<\/p>\n","protected":false},"author":2,"featured_media":125311,"comment_status":"closed","ping_status":"open","sticky":false,"template":"","format":"standard","meta":{"footnotes":""},"categories":[27,3,25],"tags":[],"class_list":["post-138564","post","type-post","status-publish","format-standard","has-post-thumbnail","category-appuntamenti","category-arte-cultura-spettacoli-scienza-archivi","category-pausa-caffe"],"yoast_head":"<!-- This site is optimized with the Yoast SEO plugin v28.4 - https:\/\/yoast.com\/product\/yoast-seo-wordpress\/ -->\n<title>Giorgio Fornasier marted\u00ec 27 dicembre al Comunale - Bellunopress - Dolomiti<\/title>\n<meta name=\"robots\" content=\"index, follow, max-snippet:-1, max-image-preview:large, max-video-preview:-1\" \/>\n<link rel=\"canonical\" href=\"https:\/\/www.bellunopress.it\/fr\/2022\/12\/25\/giorgio-fornasier-martedi-27-dicembre-al-comunale\/\" \/>\n<meta property=\"og:locale\" content=\"fr_FR\" \/>\n<meta property=\"og:type\" content=\"article\" \/>\n<meta property=\"og:title\" content=\"Giorgio Fornasier marted\u00ec 27 dicembre al Comunale - Bellunopress - Dolomiti\" \/>\n<meta property=\"og:description\" content=\"Giorgio Fornasier d\u00e0 l\u2019addio alle scene: marted\u00ec 27 dicembre al Teatro Comunale il suo saluto alla citt\u00e0. Con un grande spettacolo dal titolo \u201cQuando il canto canta e le canzoni canzonano\u201d, voluto e patrocinato dal Comune di Belluno nell\u2019ambito delle iniziative del Natale, l\u2019artista racconter\u00e0 la storia dei Belumat e ne ripercorrer\u00e0 i brani e [&hellip;]\" \/>\n<meta property=\"og:url\" content=\"https:\/\/www.bellunopress.it\/fr\/2022\/12\/25\/giorgio-fornasier-martedi-27-dicembre-al-comunale\/\" \/>\n<meta property=\"og:site_name\" content=\"Bellunopress - Dolomiti\" \/>\n<meta property=\"article:publisher\" content=\"https:\/\/www.facebook.com\/profile.php?id=100008943462799\" \/>\n<meta property=\"article:published_time\" content=\"2022-12-25T07:53:09+00:00\" \/>\n<meta property=\"og:image\" content=\"https:\/\/www.bellunopress.it\/wp-content\/uploads\/2021\/06\/teatro-comunale-1-piano_edited.jpg\" \/>\n\t<meta property=\"og:image:width\" content=\"800\" \/>\n\t<meta property=\"og:image:height\" content=\"600\" \/>\n\t<meta property=\"og:image:type\" content=\"image\/jpeg\" \/>\n<meta name=\"author\" content=\"redazione\" \/>\n<meta name=\"twitter:card\" content=\"summary_large_image\" \/>\n<meta name=\"twitter:creator\" content=\"@bellunopress\" \/>\n<meta name=\"twitter:site\" content=\"@bellunopress\" \/>\n<meta name=\"twitter:label1\" content=\"\u00c9crit par\" \/>\n\t<meta name=\"twitter:data1\" content=\"redazione\" \/>\n\t<meta name=\"twitter:label2\" content=\"Dur\u00e9e de lecture estim\u00e9e\" \/>\n\t<meta name=\"twitter:data2\" content=\"3 minutes\" \/>\n<script type=\"application\/ld+json\" class=\"yoast-schema-graph\">{\"@context\":\"https:\\\/\\\/schema.org\",\"@graph\":[{\"@type\":\"Article\",\"@id\":\"https:\\\/\\\/www.bellunopress.it\\\/2022\\\/12\\\/25\\\/giorgio-fornasier-martedi-27-dicembre-al-comunale\\\/#article\",\"isPartOf\":{\"@id\":\"https:\\\/\\\/www.bellunopress.it\\\/2022\\\/12\\\/25\\\/giorgio-fornasier-martedi-27-dicembre-al-comunale\\\/\"},\"author\":{\"name\":\"redazione\",\"@id\":\"https:\\\/\\\/www.bellunopress.it\\\/#\\\/schema\\\/person\\\/79bb06722b37ece1c03d3e94beb30d73\"},\"headline\":\"Giorgio Fornasier marted\u00ec 27 dicembre al Comunale\",\"datePublished\":\"2022-12-25T07:53:09+00:00\",\"mainEntityOfPage\":{\"@id\":\"https:\\\/\\\/www.bellunopress.it\\\/2022\\\/12\\\/25\\\/giorgio-fornasier-martedi-27-dicembre-al-comunale\\\/\"},\"wordCount\":494,\"publisher\":{\"@id\":\"https:\\\/\\\/www.bellunopress.it\\\/#organization\"},\"image\":{\"@id\":\"https:\\\/\\\/www.bellunopress.it\\\/2022\\\/12\\\/25\\\/giorgio-fornasier-martedi-27-dicembre-al-comunale\\\/#primaryimage\"},\"thumbnailUrl\":\"https:\\\/\\\/www.bellunopress.it\\\/wp-content\\\/uploads\\\/2021\\\/06\\\/teatro-comunale-1-piano_edited.jpg\",\"articleSection\":[\"Appuntamenti, Eventi\",\"Arte, Cultura, Spettacoli, Scienza\",\"Pausa Caff\u00e8\"],\"inLanguage\":\"fr-FR\"},{\"@type\":\"WebPage\",\"@id\":\"https:\\\/\\\/www.bellunopress.it\\\/2022\\\/12\\\/25\\\/giorgio-fornasier-martedi-27-dicembre-al-comunale\\\/\",\"url\":\"https:\\\/\\\/www.bellunopress.it\\\/2022\\\/12\\\/25\\\/giorgio-fornasier-martedi-27-dicembre-al-comunale\\\/\",\"name\":\"Giorgio Fornasier marted\u00ec 27 dicembre al Comunale - Bellunopress - Dolomiti\",\"isPartOf\":{\"@id\":\"https:\\\/\\\/www.bellunopress.it\\\/#website\"},\"primaryImageOfPage\":{\"@id\":\"https:\\\/\\\/www.bellunopress.it\\\/2022\\\/12\\\/25\\\/giorgio-fornasier-martedi-27-dicembre-al-comunale\\\/#primaryimage\"},\"image\":{\"@id\":\"https:\\\/\\\/www.bellunopress.it\\\/2022\\\/12\\\/25\\\/giorgio-fornasier-martedi-27-dicembre-al-comunale\\\/#primaryimage\"},\"thumbnailUrl\":\"https:\\\/\\\/www.bellunopress.it\\\/wp-content\\\/uploads\\\/2021\\\/06\\\/teatro-comunale-1-piano_edited.jpg\",\"datePublished\":\"2022-12-25T07:53:09+00:00\",\"breadcrumb\":{\"@id\":\"https:\\\/\\\/www.bellunopress.it\\\/2022\\\/12\\\/25\\\/giorgio-fornasier-martedi-27-dicembre-al-comunale\\\/#breadcrumb\"},\"inLanguage\":\"fr-FR\",\"potentialAction\":[{\"@type\":\"ReadAction\",\"target\":[\"https:\\\/\\\/www.bellunopress.it\\\/2022\\\/12\\\/25\\\/giorgio-fornasier-martedi-27-dicembre-al-comunale\\\/\"]}]},{\"@type\":\"ImageObject\",\"inLanguage\":\"fr-FR\",\"@id\":\"https:\\\/\\\/www.bellunopress.it\\\/2022\\\/12\\\/25\\\/giorgio-fornasier-martedi-27-dicembre-al-comunale\\\/#primaryimage\",\"url\":\"https:\\\/\\\/www.bellunopress.it\\\/wp-content\\\/uploads\\\/2021\\\/06\\\/teatro-comunale-1-piano_edited.jpg\",\"contentUrl\":\"https:\\\/\\\/www.bellunopress.it\\\/wp-content\\\/uploads\\\/2021\\\/06\\\/teatro-comunale-1-piano_edited.jpg\",\"width\":800,\"height\":600,\"caption\":\"Teatro Comunale di Belluno\"},{\"@type\":\"BreadcrumbList\",\"@id\":\"https:\\\/\\\/www.bellunopress.it\\\/2022\\\/12\\\/25\\\/giorgio-fornasier-martedi-27-dicembre-al-comunale\\\/#breadcrumb\",\"itemListElement\":[{\"@type\":\"ListItem\",\"position\":1,\"name\":\"Home\",\"item\":\"https:\\\/\\\/www.bellunopress.it\\\/\"},{\"@type\":\"ListItem\",\"position\":2,\"name\":\"Giorgio Fornasier marted\u00ec 27 dicembre al Comunale\"}]},{\"@type\":\"WebSite\",\"@id\":\"https:\\\/\\\/www.bellunopress.it\\\/#website\",\"url\":\"https:\\\/\\\/www.bellunopress.it\\\/\",\"name\":\"Bellunopress - Dolomiti\",\"description\":\"e-mail: redazione@bellunopress.it\",\"publisher\":{\"@id\":\"https:\\\/\\\/www.bellunopress.it\\\/#organization\"},\"potentialAction\":[{\"@type\":\"SearchAction\",\"target\":{\"@type\":\"EntryPoint\",\"urlTemplate\":\"https:\\\/\\\/www.bellunopress.it\\\/?s={search_term_string}\"},\"query-input\":{\"@type\":\"PropertyValueSpecification\",\"valueRequired\":true,\"valueName\":\"search_term_string\"}}],\"inLanguage\":\"fr-FR\"},{\"@type\":\"Organization\",\"@id\":\"https:\\\/\\\/www.bellunopress.it\\\/#organization\",\"name\":\"Bellunopress\",\"url\":\"https:\\\/\\\/www.bellunopress.it\\\/\",\"logo\":{\"@type\":\"ImageObject\",\"inLanguage\":\"fr-FR\",\"@id\":\"https:\\\/\\\/www.bellunopress.it\\\/#\\\/schema\\\/logo\\\/image\\\/\",\"url\":\"https:\\\/\\\/www.bellunopress.it\\\/wp-content\\\/uploads\\\/2011\\\/05\\\/cropped-logo-bellunopress-.jpg\",\"contentUrl\":\"https:\\\/\\\/www.bellunopress.it\\\/wp-content\\\/uploads\\\/2011\\\/05\\\/cropped-logo-bellunopress-.jpg\",\"width\":512,\"height\":512,\"caption\":\"Bellunopress\"},\"image\":{\"@id\":\"https:\\\/\\\/www.bellunopress.it\\\/#\\\/schema\\\/logo\\\/image\\\/\"},\"sameAs\":[\"https:\\\/\\\/www.facebook.com\\\/profile.php?id=100008943462799\",\"https:\\\/\\\/x.com\\\/bellunopress\",\"https:\\\/\\\/www.linkedin.com\\\/hp\\\/?dnr=JBzUWaJfMUw8vbXJJ2tVW5-I3jZKvC4wsoxE&amp;amp;amp;amp;amp;amp;trk=nav_responsive_tab_home\",\"https:\\\/\\\/www.youtube.com\\\/channel\\\/UCxL0wu1uN0_3_7hGG0306cw\"]},{\"@type\":\"Person\",\"@id\":\"https:\\\/\\\/www.bellunopress.it\\\/#\\\/schema\\\/person\\\/79bb06722b37ece1c03d3e94beb30d73\",\"name\":\"redazione\",\"image\":{\"@type\":\"ImageObject\",\"inLanguage\":\"fr-FR\",\"@id\":\"https:\\\/\\\/secure.gravatar.com\\\/avatar\\\/37d968a2e67a6fd04c169c4bdef102d0bc5d31b2546345219e348575eb80e9a0?s=96&d=mm&r=g\",\"url\":\"https:\\\/\\\/secure.gravatar.com\\\/avatar\\\/37d968a2e67a6fd04c169c4bdef102d0bc5d31b2546345219e348575eb80e9a0?s=96&d=mm&r=g\",\"contentUrl\":\"https:\\\/\\\/secure.gravatar.com\\\/avatar\\\/37d968a2e67a6fd04c169c4bdef102d0bc5d31b2546345219e348575eb80e9a0?s=96&d=mm&r=g\",\"caption\":\"redazione\"},\"sameAs\":[\"http:\\\/\\\/www.bellunopress.it\",\"https:\\\/\\\/x.com\\\/bellunopress\"],\"url\":\"https:\\\/\\\/www.bellunopress.it\\\/fr\\\/author\\\/redazione\\\/\"}]}<\/script>\n<!-- \/ Yoast SEO plugin. -->","yoast_head_json":{"title":"Giorgio Fornasier marted\u00ec 27 dicembre al Comunale - Bellunopress - Dolomiti","robots":{"index":"index","follow":"follow","max-snippet":"max-snippet:-1","max-image-preview":"max-image-preview:large","max-video-preview":"max-video-preview:-1"},"canonical":"https:\/\/www.bellunopress.it\/fr\/2022\/12\/25\/giorgio-fornasier-martedi-27-dicembre-al-comunale\/","og_locale":"fr_FR","og_type":"article","og_title":"Giorgio Fornasier marted\u00ec 27 dicembre al Comunale - Bellunopress - Dolomiti","og_description":"Giorgio Fornasier d\u00e0 l\u2019addio alle scene: marted\u00ec 27 dicembre al Teatro Comunale il suo saluto alla citt\u00e0. Con un grande spettacolo dal titolo \u201cQuando il canto canta e le canzoni canzonano\u201d, voluto e patrocinato dal Comune di Belluno nell\u2019ambito delle iniziative del Natale, l\u2019artista racconter\u00e0 la storia dei Belumat e ne ripercorrer\u00e0 i brani e [&hellip;]","og_url":"https:\/\/www.bellunopress.it\/fr\/2022\/12\/25\/giorgio-fornasier-martedi-27-dicembre-al-comunale\/","og_site_name":"Bellunopress - Dolomiti","article_publisher":"https:\/\/www.facebook.com\/profile.php?id=100008943462799","article_published_time":"2022-12-25T07:53:09+00:00","og_image":[{"width":800,"height":600,"url":"https:\/\/www.bellunopress.it\/wp-content\/uploads\/2021\/06\/teatro-comunale-1-piano_edited.jpg","type":"image\/jpeg"}],"author":"redazione","twitter_card":"summary_large_image","twitter_creator":"@bellunopress","twitter_site":"@bellunopress","twitter_misc":{"\u00c9crit par":"redazione","Dur\u00e9e de lecture estim\u00e9e":"3 minutes"},"schema":{"@context":"https:\/\/schema.org","@graph":[{"@type":"Article","@id":"https:\/\/www.bellunopress.it\/2022\/12\/25\/giorgio-fornasier-martedi-27-dicembre-al-comunale\/#article","isPartOf":{"@id":"https:\/\/www.bellunopress.it\/2022\/12\/25\/giorgio-fornasier-martedi-27-dicembre-al-comunale\/"},"author":{"name":"redazione","@id":"https:\/\/www.bellunopress.it\/#\/schema\/person\/79bb06722b37ece1c03d3e94beb30d73"},"headline":"Giorgio Fornasier marted\u00ec 27 dicembre al Comunale","datePublished":"2022-12-25T07:53:09+00:00","mainEntityOfPage":{"@id":"https:\/\/www.bellunopress.it\/2022\/12\/25\/giorgio-fornasier-martedi-27-dicembre-al-comunale\/"},"wordCount":494,"publisher":{"@id":"https:\/\/www.bellunopress.it\/#organization"},"image":{"@id":"https:\/\/www.bellunopress.it\/2022\/12\/25\/giorgio-fornasier-martedi-27-dicembre-al-comunale\/#primaryimage"},"thumbnailUrl":"https:\/\/www.bellunopress.it\/wp-content\/uploads\/2021\/06\/teatro-comunale-1-piano_edited.jpg","articleSection":["Appuntamenti, Eventi","Arte, Cultura, Spettacoli, Scienza","Pausa Caff\u00e8"],"inLanguage":"fr-FR"},{"@type":"WebPage","@id":"https:\/\/www.bellunopress.it\/2022\/12\/25\/giorgio-fornasier-martedi-27-dicembre-al-comunale\/","url":"https:\/\/www.bellunopress.it\/2022\/12\/25\/giorgio-fornasier-martedi-27-dicembre-al-comunale\/","name":"Giorgio Fornasier marted\u00ec 27 dicembre al Comunale - Bellunopress - Dolomiti","isPartOf":{"@id":"https:\/\/www.bellunopress.it\/#website"},"primaryImageOfPage":{"@id":"https:\/\/www.bellunopress.it\/2022\/12\/25\/giorgio-fornasier-martedi-27-dicembre-al-comunale\/#primaryimage"},"image":{"@id":"https:\/\/www.bellunopress.it\/2022\/12\/25\/giorgio-fornasier-martedi-27-dicembre-al-comunale\/#primaryimage"},"thumbnailUrl":"https:\/\/www.bellunopress.it\/wp-content\/uploads\/2021\/06\/teatro-comunale-1-piano_edited.jpg","datePublished":"2022-12-25T07:53:09+00:00","breadcrumb":{"@id":"https:\/\/www.bellunopress.it\/2022\/12\/25\/giorgio-fornasier-martedi-27-dicembre-al-comunale\/#breadcrumb"},"inLanguage":"fr-FR","potentialAction":[{"@type":"ReadAction","target":["https:\/\/www.bellunopress.it\/2022\/12\/25\/giorgio-fornasier-martedi-27-dicembre-al-comunale\/"]}]},{"@type":"ImageObject","inLanguage":"fr-FR","@id":"https:\/\/www.bellunopress.it\/2022\/12\/25\/giorgio-fornasier-martedi-27-dicembre-al-comunale\/#primaryimage","url":"https:\/\/www.bellunopress.it\/wp-content\/uploads\/2021\/06\/teatro-comunale-1-piano_edited.jpg","contentUrl":"https:\/\/www.bellunopress.it\/wp-content\/uploads\/2021\/06\/teatro-comunale-1-piano_edited.jpg","width":800,"height":600,"caption":"Teatro Comunale di Belluno"},{"@type":"BreadcrumbList","@id":"https:\/\/www.bellunopress.it\/2022\/12\/25\/giorgio-fornasier-martedi-27-dicembre-al-comunale\/#breadcrumb","itemListElement":[{"@type":"ListItem","position":1,"name":"Home","item":"https:\/\/www.bellunopress.it\/"},{"@type":"ListItem","position":2,"name":"Giorgio Fornasier marted\u00ec 27 dicembre al Comunale"}]},{"@type":"WebSite","@id":"https:\/\/www.bellunopress.it\/#website","url":"https:\/\/www.bellunopress.it\/","name":"Bellunopress - Dolomiti","description":"e-mail: redazione@bellunopress.it","publisher":{"@id":"https:\/\/www.bellunopress.it\/#organization"},"potentialAction":[{"@type":"SearchAction","target":{"@type":"EntryPoint","urlTemplate":"https:\/\/www.bellunopress.it\/?s={search_term_string}"},"query-input":{"@type":"PropertyValueSpecification","valueRequired":true,"valueName":"search_term_string"}}],"inLanguage":"fr-FR"},{"@type":"Organization","@id":"https:\/\/www.bellunopress.it\/#organization","name":"Bellunopress","url":"https:\/\/www.bellunopress.it\/","logo":{"@type":"ImageObject","inLanguage":"fr-FR","@id":"https:\/\/www.bellunopress.it\/#\/schema\/logo\/image\/","url":"https:\/\/www.bellunopress.it\/wp-content\/uploads\/2011\/05\/cropped-logo-bellunopress-.jpg","contentUrl":"https:\/\/www.bellunopress.it\/wp-content\/uploads\/2011\/05\/cropped-logo-bellunopress-.jpg","width":512,"height":512,"caption":"Bellunopress"},"image":{"@id":"https:\/\/www.bellunopress.it\/#\/schema\/logo\/image\/"},"sameAs":["https:\/\/www.facebook.com\/profile.php?id=100008943462799","https:\/\/x.com\/bellunopress","https:\/\/www.linkedin.com\/hp\/?dnr=JBzUWaJfMUw8vbXJJ2tVW5-I3jZKvC4wsoxE&amp;amp;amp;amp;amp;amp;trk=nav_responsive_tab_home","https:\/\/www.youtube.com\/channel\/UCxL0wu1uN0_3_7hGG0306cw"]},{"@type":"Person","@id":"https:\/\/www.bellunopress.it\/#\/schema\/person\/79bb06722b37ece1c03d3e94beb30d73","name":"r\u00e9daction","image":{"@type":"ImageObject","inLanguage":"fr-FR","@id":"https:\/\/secure.gravatar.com\/avatar\/37d968a2e67a6fd04c169c4bdef102d0bc5d31b2546345219e348575eb80e9a0?s=96&d=mm&r=g","url":"https:\/\/secure.gravatar.com\/avatar\/37d968a2e67a6fd04c169c4bdef102d0bc5d31b2546345219e348575eb80e9a0?s=96&d=mm&r=g","contentUrl":"https:\/\/secure.gravatar.com\/avatar\/37d968a2e67a6fd04c169c4bdef102d0bc5d31b2546345219e348575eb80e9a0?s=96&d=mm&r=g","caption":"redazione"},"sameAs":["http:\/\/www.bellunopress.it","https:\/\/x.com\/bellunopress"],"url":"https:\/\/www.bellunopress.it\/fr\/author\/redazione\/"}]}},"_links":{"self":[{"href":"https:\/\/www.bellunopress.it\/fr\/wp-json\/wp\/v2\/posts\/138564","targetHints":{"allow":["GET"]}}],"collection":[{"href":"https:\/\/www.bellunopress.it\/fr\/wp-json\/wp\/v2\/posts"}],"about":[{"href":"https:\/\/www.bellunopress.it\/fr\/wp-json\/wp\/v2\/types\/post"}],"author":[{"embeddable":true,"href":"https:\/\/www.bellunopress.it\/fr\/wp-json\/wp\/v2\/users\/2"}],"replies":[{"embeddable":true,"href":"https:\/\/www.bellunopress.it\/fr\/wp-json\/wp\/v2\/comments?post=138564"}],"version-history":[{"count":1,"href":"https:\/\/www.bellunopress.it\/fr\/wp-json\/wp\/v2\/posts\/138564\/revisions"}],"predecessor-version":[{"id":138565,"href":"https:\/\/www.bellunopress.it\/fr\/wp-json\/wp\/v2\/posts\/138564\/revisions\/138565"}],"wp:featuredmedia":[{"embeddable":true,"href":"https:\/\/www.bellunopress.it\/fr\/wp-json\/wp\/v2\/media\/125311"}],"wp:attachment":[{"href":"https:\/\/www.bellunopress.it\/fr\/wp-json\/wp\/v2\/media?parent=138564"}],"wp:term":[{"taxonomy":"category","embeddable":true,"href":"https:\/\/www.bellunopress.it\/fr\/wp-json\/wp\/v2\/categories?post=138564"},{"taxonomy":"post_tag","embeddable":true,"href":"https:\/\/www.bellunopress.it\/fr\/wp-json\/wp\/v2\/tags?post=138564"}],"curies":[{"name":"wp","href":"https:\/\/api.w.org\/{rel}","templated":true}]}}