{"id":138552,"date":"2022-12-21T15:29:23","date_gmt":"2022-12-21T14:29:23","guid":{"rendered":"https:\/\/www.bellunopress.it\/?p=138552"},"modified":"2022-12-21T15:29:23","modified_gmt":"2022-12-21T14:29:23","slug":"trasparenza-questa-sconosciuta-lucia-olivotto-contesta-una-serie-di-comportamenti-e-decisioni-prese-dal-sindaco-e-la-sua-giunta","status":"publish","type":"post","link":"https:\/\/www.bellunopress.it\/fr\/2022\/12\/21\/trasparenza-questa-sconosciuta-lucia-olivotto-contesta-una-serie-di-comportamenti-e-decisioni-prese-dal-sindaco-e-la-sua-giunta\/","title":{"rendered":"Trasparenza questa sconosciuta. Lucia Olivotto contesta una serie di comportamenti e decisioni prese dal sindaco e la sua giunta"},"content":{"rendered":"<figure id=\"attachment_133441\" aria-describedby=\"caption-attachment-133441\" style=\"width: 702px\" class=\"wp-caption alignleft\"><img loading=\"lazy\" decoding=\"async\" class=\"size-full wp-image-133441\" src=\"https:\/\/www.bellunopress.it\/wp-content\/uploads\/2022\/05\/lucia-olivotto_edited.jpg\" alt=\"\" width=\"702\" height=\"1000\" srcset=\"https:\/\/www.bellunopress.it\/wp-content\/uploads\/2022\/05\/lucia-olivotto_edited.jpg 702w, https:\/\/www.bellunopress.it\/wp-content\/uploads\/2022\/05\/lucia-olivotto_edited-351x500.jpg 351w, https:\/\/www.bellunopress.it\/wp-content\/uploads\/2022\/05\/lucia-olivotto_edited-696x991.jpg 696w, https:\/\/www.bellunopress.it\/wp-content\/uploads\/2022\/05\/lucia-olivotto_edited-295x420.jpg 295w\" sizes=\"auto, (max-width: 702px) 100vw, 702px\" \/><figcaption id=\"caption-attachment-133441\" class=\"wp-caption-text\">Lucia Olivotto, consigliere di minoranza del Gruppo Insieme per Belluno bene comune\u00a0<\/figcaption><\/figure>\n<p>&#8220;Ci stupisce che il sindaco si stupisca dell\u2019accusa di scarsa trasparenza&#8221;.<\/p>\n<p>Comincia cos\u00ec l&#8217;affondo di Lucia Olivotto, consigliere di minoranza del Gruppo Insieme per Belluno bene comune, che mette in fila e contesta una serie di azioni poste in essere dalla Giunta De Pellegrin.<\/p>\n<p>&#8220;In questi mesi &#8211; sostiene Lucia Olivotto &#8211; ci sono stati diversi esempi di scelte assunte dall\u2019amministrazione e non comunicate nei tempi e nei modi opportuni ai consiglieri quantomeno di minoranza. Si pu\u00f2 anche apprezzare che il sindaco tenga l\u2019ufficio aperto, per\u00f2 forse non ha capito che l\u2019organo deputato all\u2019indirizzo politico ed al controllo \u00e8 il consiglio comunale e quindi \u00e8 in quella sede che vanno discusse le varie problematiche. Il Comune e la sua amministrazione non sono un gruppo che si trova a parlare, ma sono gli atti che parlano per esso&#8221;.<\/p>\n<p>&#8220;Gli aumenti delle tariffe della Sersa ad esempio &#8211; prosegue Olivotto &#8211;\u00a0 sono stati decisi in giunta e mai discussi. Le commissioni vengono talvolta convocate in giornate ed in orari poco consoni come ad esempio sabato mattina oppure alle quattro del pomeriggio rendendo quindi pi\u00f9 difficoltosa la partecipazione. Infine pensando ad una delle ultime variazioni di bilancio per la quale abbiamo chiesto come gruppo &#8216;Insieme per Belluno bene comune&#8217; dove sarebbero stati utilizzati gli ulteriori 30.000 euro destinati al turismo non ci \u00e8 stata data risposta n\u00e9 in commissione n\u00e9 in consiglio e soltanto con la delibera di giunta pubblicata due giorni fa all\u2019albo abbiamo potuto verificare che questi fondi sono stati destinati alla societ\u00e0 Nevegal 2021.<\/p>\n<p>L\u2019amministrazione fa le proprie scelte &#8211; conclude Olivotto &#8211; per\u00f2 la trasparenza, almeno per noi, \u00e8 altra cosa&#8221;.<\/p>","protected":false},"excerpt":{"rendered":"<p>&#8220;Ci stupisce che il sindaco si stupisca dell\u2019accusa di scarsa trasparenza&#8221;. Comincia cos\u00ec l&#8217;affondo di Lucia Olivotto, consigliere di minoranza del Gruppo Insieme per Belluno bene comune, che mette in fila e contesta una serie di azioni poste in essere dalla Giunta De Pellegrin. &#8220;In questi mesi &#8211; sostiene Lucia Olivotto &#8211; ci sono stati [&hellip;]<\/p>\n","protected":false},"author":2,"featured_media":133441,"comment_status":"closed","ping_status":"open","sticky":false,"template":"","format":"standard","meta":{"footnotes":""},"categories":[5,3446,26],"tags":[],"class_list":["post-138552","post","type-post","status-publish","format-standard","has-post-thumbnail","category-cronaca","category-featured","category-prima-pagina"],"yoast_head":"<!-- This site is optimized with the Yoast SEO plugin v28.4 - https:\/\/yoast.com\/product\/yoast-seo-wordpress\/ -->\n<title>Trasparenza questa sconosciuta. Lucia Olivotto contesta una serie di comportamenti e decisioni prese dal sindaco e la sua giunta - Bellunopress - Dolomiti<\/title>\n<meta name=\"robots\" content=\"index, follow, max-snippet:-1, max-image-preview:large, max-video-preview:-1\" \/>\n<link rel=\"canonical\" href=\"https:\/\/www.bellunopress.it\/fr\/2022\/12\/21\/trasparenza-questa-sconosciuta-lucia-olivotto-contesta-una-serie-di-comportamenti-e-decisioni-prese-dal-sindaco-e-la-sua-giunta\/\" \/>\n<meta property=\"og:locale\" content=\"fr_FR\" \/>\n<meta property=\"og:type\" content=\"article\" \/>\n<meta property=\"og:title\" content=\"Trasparenza questa sconosciuta. Lucia Olivotto contesta una serie di comportamenti e decisioni prese dal sindaco e la sua giunta - Bellunopress - Dolomiti\" \/>\n<meta property=\"og:description\" content=\"&#8220;Ci stupisce che il sindaco si stupisca dell\u2019accusa di scarsa trasparenza&#8221;. Comincia cos\u00ec l&#8217;affondo di Lucia Olivotto, consigliere di minoranza del Gruppo Insieme per Belluno bene comune, che mette in fila e contesta una serie di azioni poste in essere dalla Giunta De Pellegrin. &#8220;In questi mesi &#8211; sostiene Lucia Olivotto &#8211; ci sono stati [&hellip;]\" \/>\n<meta property=\"og:url\" content=\"https:\/\/www.bellunopress.it\/fr\/2022\/12\/21\/trasparenza-questa-sconosciuta-lucia-olivotto-contesta-una-serie-di-comportamenti-e-decisioni-prese-dal-sindaco-e-la-sua-giunta\/\" \/>\n<meta property=\"og:site_name\" content=\"Bellunopress - Dolomiti\" \/>\n<meta property=\"article:publisher\" content=\"https:\/\/www.facebook.com\/profile.php?id=100008943462799\" \/>\n<meta property=\"article:published_time\" content=\"2022-12-21T14:29:23+00:00\" \/>\n<meta property=\"og:image\" content=\"https:\/\/www.bellunopress.it\/wp-content\/uploads\/2022\/05\/lucia-olivotto_edited.jpg\" \/>\n\t<meta property=\"og:image:width\" content=\"702\" \/>\n\t<meta property=\"og:image:height\" content=\"1000\" \/>\n\t<meta property=\"og:image:type\" content=\"image\/jpeg\" \/>\n<meta name=\"author\" content=\"redazione\" \/>\n<meta name=\"twitter:card\" content=\"summary_large_image\" \/>\n<meta name=\"twitter:creator\" content=\"@bellunopress\" \/>\n<meta name=\"twitter:site\" content=\"@bellunopress\" \/>\n<meta name=\"twitter:label1\" content=\"\u00c9crit par\" \/>\n\t<meta name=\"twitter:data1\" content=\"redazione\" \/>\n\t<meta name=\"twitter:label2\" content=\"Dur\u00e9e de lecture estim\u00e9e\" \/>\n\t<meta name=\"twitter:data2\" content=\"2 minutes\" \/>\n<script type=\"application\/ld+json\" class=\"yoast-schema-graph\">{\"@context\":\"https:\\\/\\\/schema.org\",\"@graph\":[{\"@type\":\"Article\",\"@id\":\"https:\\\/\\\/www.bellunopress.it\\\/2022\\\/12\\\/21\\\/trasparenza-questa-sconosciuta-lucia-olivotto-contesta-una-serie-di-comportamenti-e-decisioni-prese-dal-sindaco-e-la-sua-giunta\\\/#article\",\"isPartOf\":{\"@id\":\"https:\\\/\\\/www.bellunopress.it\\\/2022\\\/12\\\/21\\\/trasparenza-questa-sconosciuta-lucia-olivotto-contesta-una-serie-di-comportamenti-e-decisioni-prese-dal-sindaco-e-la-sua-giunta\\\/\"},\"author\":{\"name\":\"redazione\",\"@id\":\"https:\\\/\\\/www.bellunopress.it\\\/#\\\/schema\\\/person\\\/79bb06722b37ece1c03d3e94beb30d73\"},\"headline\":\"Trasparenza questa sconosciuta. Lucia Olivotto contesta una serie di comportamenti e decisioni prese dal sindaco e la sua giunta\",\"datePublished\":\"2022-12-21T14:29:23+00:00\",\"mainEntityOfPage\":{\"@id\":\"https:\\\/\\\/www.bellunopress.it\\\/2022\\\/12\\\/21\\\/trasparenza-questa-sconosciuta-lucia-olivotto-contesta-una-serie-di-comportamenti-e-decisioni-prese-dal-sindaco-e-la-sua-giunta\\\/\"},\"wordCount\":312,\"publisher\":{\"@id\":\"https:\\\/\\\/www.bellunopress.it\\\/#organization\"},\"image\":{\"@id\":\"https:\\\/\\\/www.bellunopress.it\\\/2022\\\/12\\\/21\\\/trasparenza-questa-sconosciuta-lucia-olivotto-contesta-una-serie-di-comportamenti-e-decisioni-prese-dal-sindaco-e-la-sua-giunta\\\/#primaryimage\"},\"thumbnailUrl\":\"https:\\\/\\\/www.bellunopress.it\\\/wp-content\\\/uploads\\\/2022\\\/05\\\/lucia-olivotto_edited.jpg\",\"articleSection\":[\"Cronaca\\\/Politica\",\"Featured\",\"Prima Pagina\"],\"inLanguage\":\"fr-FR\"},{\"@type\":\"WebPage\",\"@id\":\"https:\\\/\\\/www.bellunopress.it\\\/2022\\\/12\\\/21\\\/trasparenza-questa-sconosciuta-lucia-olivotto-contesta-una-serie-di-comportamenti-e-decisioni-prese-dal-sindaco-e-la-sua-giunta\\\/\",\"url\":\"https:\\\/\\\/www.bellunopress.it\\\/2022\\\/12\\\/21\\\/trasparenza-questa-sconosciuta-lucia-olivotto-contesta-una-serie-di-comportamenti-e-decisioni-prese-dal-sindaco-e-la-sua-giunta\\\/\",\"name\":\"Trasparenza questa sconosciuta. Lucia Olivotto contesta una serie di comportamenti e decisioni prese dal sindaco e la sua giunta - Bellunopress - Dolomiti\",\"isPartOf\":{\"@id\":\"https:\\\/\\\/www.bellunopress.it\\\/#website\"},\"primaryImageOfPage\":{\"@id\":\"https:\\\/\\\/www.bellunopress.it\\\/2022\\\/12\\\/21\\\/trasparenza-questa-sconosciuta-lucia-olivotto-contesta-una-serie-di-comportamenti-e-decisioni-prese-dal-sindaco-e-la-sua-giunta\\\/#primaryimage\"},\"image\":{\"@id\":\"https:\\\/\\\/www.bellunopress.it\\\/2022\\\/12\\\/21\\\/trasparenza-questa-sconosciuta-lucia-olivotto-contesta-una-serie-di-comportamenti-e-decisioni-prese-dal-sindaco-e-la-sua-giunta\\\/#primaryimage\"},\"thumbnailUrl\":\"https:\\\/\\\/www.bellunopress.it\\\/wp-content\\\/uploads\\\/2022\\\/05\\\/lucia-olivotto_edited.jpg\",\"datePublished\":\"2022-12-21T14:29:23+00:00\",\"breadcrumb\":{\"@id\":\"https:\\\/\\\/www.bellunopress.it\\\/2022\\\/12\\\/21\\\/trasparenza-questa-sconosciuta-lucia-olivotto-contesta-una-serie-di-comportamenti-e-decisioni-prese-dal-sindaco-e-la-sua-giunta\\\/#breadcrumb\"},\"inLanguage\":\"fr-FR\",\"potentialAction\":[{\"@type\":\"ReadAction\",\"target\":[\"https:\\\/\\\/www.bellunopress.it\\\/2022\\\/12\\\/21\\\/trasparenza-questa-sconosciuta-lucia-olivotto-contesta-una-serie-di-comportamenti-e-decisioni-prese-dal-sindaco-e-la-sua-giunta\\\/\"]}]},{\"@type\":\"ImageObject\",\"inLanguage\":\"fr-FR\",\"@id\":\"https:\\\/\\\/www.bellunopress.it\\\/2022\\\/12\\\/21\\\/trasparenza-questa-sconosciuta-lucia-olivotto-contesta-una-serie-di-comportamenti-e-decisioni-prese-dal-sindaco-e-la-sua-giunta\\\/#primaryimage\",\"url\":\"https:\\\/\\\/www.bellunopress.it\\\/wp-content\\\/uploads\\\/2022\\\/05\\\/lucia-olivotto_edited.jpg\",\"contentUrl\":\"https:\\\/\\\/www.bellunopress.it\\\/wp-content\\\/uploads\\\/2022\\\/05\\\/lucia-olivotto_edited.jpg\",\"width\":702,\"height\":1000,\"caption\":\"Lucia Olivotto, dottore commercialista, consigliere di minoranza del Gruppo Insieme per Belluno bene comune\"},{\"@type\":\"BreadcrumbList\",\"@id\":\"https:\\\/\\\/www.bellunopress.it\\\/2022\\\/12\\\/21\\\/trasparenza-questa-sconosciuta-lucia-olivotto-contesta-una-serie-di-comportamenti-e-decisioni-prese-dal-sindaco-e-la-sua-giunta\\\/#breadcrumb\",\"itemListElement\":[{\"@type\":\"ListItem\",\"position\":1,\"name\":\"Home\",\"item\":\"https:\\\/\\\/www.bellunopress.it\\\/\"},{\"@type\":\"ListItem\",\"position\":2,\"name\":\"Trasparenza questa sconosciuta. Lucia Olivotto contesta una serie di comportamenti e decisioni prese dal sindaco e la sua giunta\"}]},{\"@type\":\"WebSite\",\"@id\":\"https:\\\/\\\/www.bellunopress.it\\\/#website\",\"url\":\"https:\\\/\\\/www.bellunopress.it\\\/\",\"name\":\"Bellunopress - Dolomiti\",\"description\":\"e-mail: redazione@bellunopress.it\",\"publisher\":{\"@id\":\"https:\\\/\\\/www.bellunopress.it\\\/#organization\"},\"potentialAction\":[{\"@type\":\"SearchAction\",\"target\":{\"@type\":\"EntryPoint\",\"urlTemplate\":\"https:\\\/\\\/www.bellunopress.it\\\/?s={search_term_string}\"},\"query-input\":{\"@type\":\"PropertyValueSpecification\",\"valueRequired\":true,\"valueName\":\"search_term_string\"}}],\"inLanguage\":\"fr-FR\"},{\"@type\":\"Organization\",\"@id\":\"https:\\\/\\\/www.bellunopress.it\\\/#organization\",\"name\":\"Bellunopress\",\"url\":\"https:\\\/\\\/www.bellunopress.it\\\/\",\"logo\":{\"@type\":\"ImageObject\",\"inLanguage\":\"fr-FR\",\"@id\":\"https:\\\/\\\/www.bellunopress.it\\\/#\\\/schema\\\/logo\\\/image\\\/\",\"url\":\"https:\\\/\\\/www.bellunopress.it\\\/wp-content\\\/uploads\\\/2011\\\/05\\\/cropped-logo-bellunopress-.jpg\",\"contentUrl\":\"https:\\\/\\\/www.bellunopress.it\\\/wp-content\\\/uploads\\\/2011\\\/05\\\/cropped-logo-bellunopress-.jpg\",\"width\":512,\"height\":512,\"caption\":\"Bellunopress\"},\"image\":{\"@id\":\"https:\\\/\\\/www.bellunopress.it\\\/#\\\/schema\\\/logo\\\/image\\\/\"},\"sameAs\":[\"https:\\\/\\\/www.facebook.com\\\/profile.php?id=100008943462799\",\"https:\\\/\\\/x.com\\\/bellunopress\",\"https:\\\/\\\/www.linkedin.com\\\/hp\\\/?dnr=JBzUWaJfMUw8vbXJJ2tVW5-I3jZKvC4wsoxE&amp;amp;amp;amp;amp;amp;trk=nav_responsive_tab_home\",\"https:\\\/\\\/www.youtube.com\\\/channel\\\/UCxL0wu1uN0_3_7hGG0306cw\"]},{\"@type\":\"Person\",\"@id\":\"https:\\\/\\\/www.bellunopress.it\\\/#\\\/schema\\\/person\\\/79bb06722b37ece1c03d3e94beb30d73\",\"name\":\"redazione\",\"image\":{\"@type\":\"ImageObject\",\"inLanguage\":\"fr-FR\",\"@id\":\"https:\\\/\\\/secure.gravatar.com\\\/avatar\\\/37d968a2e67a6fd04c169c4bdef102d0bc5d31b2546345219e348575eb80e9a0?s=96&d=mm&r=g\",\"url\":\"https:\\\/\\\/secure.gravatar.com\\\/avatar\\\/37d968a2e67a6fd04c169c4bdef102d0bc5d31b2546345219e348575eb80e9a0?s=96&d=mm&r=g\",\"contentUrl\":\"https:\\\/\\\/secure.gravatar.com\\\/avatar\\\/37d968a2e67a6fd04c169c4bdef102d0bc5d31b2546345219e348575eb80e9a0?s=96&d=mm&r=g\",\"caption\":\"redazione\"},\"sameAs\":[\"http:\\\/\\\/www.bellunopress.it\",\"https:\\\/\\\/x.com\\\/bellunopress\"],\"url\":\"https:\\\/\\\/www.bellunopress.it\\\/fr\\\/author\\\/redazione\\\/\"}]}<\/script>\n<!-- \/ Yoast SEO plugin. -->","yoast_head_json":{"title":"Trasparenza questa sconosciuta. Lucia Olivotto contesta una serie di comportamenti e decisioni prese dal sindaco e la sua giunta - Bellunopress - Dolomiti","robots":{"index":"index","follow":"follow","max-snippet":"max-snippet:-1","max-image-preview":"max-image-preview:large","max-video-preview":"max-video-preview:-1"},"canonical":"https:\/\/www.bellunopress.it\/fr\/2022\/12\/21\/trasparenza-questa-sconosciuta-lucia-olivotto-contesta-una-serie-di-comportamenti-e-decisioni-prese-dal-sindaco-e-la-sua-giunta\/","og_locale":"fr_FR","og_type":"article","og_title":"Trasparenza questa sconosciuta. Lucia Olivotto contesta una serie di comportamenti e decisioni prese dal sindaco e la sua giunta - Bellunopress - Dolomiti","og_description":"&#8220;Ci stupisce che il sindaco si stupisca dell\u2019accusa di scarsa trasparenza&#8221;. Comincia cos\u00ec l&#8217;affondo di Lucia Olivotto, consigliere di minoranza del Gruppo Insieme per Belluno bene comune, che mette in fila e contesta una serie di azioni poste in essere dalla Giunta De Pellegrin. &#8220;In questi mesi &#8211; sostiene Lucia Olivotto &#8211; ci sono stati [&hellip;]","og_url":"https:\/\/www.bellunopress.it\/fr\/2022\/12\/21\/trasparenza-questa-sconosciuta-lucia-olivotto-contesta-una-serie-di-comportamenti-e-decisioni-prese-dal-sindaco-e-la-sua-giunta\/","og_site_name":"Bellunopress - Dolomiti","article_publisher":"https:\/\/www.facebook.com\/profile.php?id=100008943462799","article_published_time":"2022-12-21T14:29:23+00:00","og_image":[{"width":702,"height":1000,"url":"https:\/\/www.bellunopress.it\/wp-content\/uploads\/2022\/05\/lucia-olivotto_edited.jpg","type":"image\/jpeg"}],"author":"redazione","twitter_card":"summary_large_image","twitter_creator":"@bellunopress","twitter_site":"@bellunopress","twitter_misc":{"\u00c9crit par":"redazione","Dur\u00e9e de lecture estim\u00e9e":"2 minutes"},"schema":{"@context":"https:\/\/schema.org","@graph":[{"@type":"Article","@id":"https:\/\/www.bellunopress.it\/2022\/12\/21\/trasparenza-questa-sconosciuta-lucia-olivotto-contesta-una-serie-di-comportamenti-e-decisioni-prese-dal-sindaco-e-la-sua-giunta\/#article","isPartOf":{"@id":"https:\/\/www.bellunopress.it\/2022\/12\/21\/trasparenza-questa-sconosciuta-lucia-olivotto-contesta-una-serie-di-comportamenti-e-decisioni-prese-dal-sindaco-e-la-sua-giunta\/"},"author":{"name":"redazione","@id":"https:\/\/www.bellunopress.it\/#\/schema\/person\/79bb06722b37ece1c03d3e94beb30d73"},"headline":"Trasparenza questa sconosciuta. Lucia Olivotto contesta una serie di comportamenti e decisioni prese dal sindaco e la sua giunta","datePublished":"2022-12-21T14:29:23+00:00","mainEntityOfPage":{"@id":"https:\/\/www.bellunopress.it\/2022\/12\/21\/trasparenza-questa-sconosciuta-lucia-olivotto-contesta-una-serie-di-comportamenti-e-decisioni-prese-dal-sindaco-e-la-sua-giunta\/"},"wordCount":312,"publisher":{"@id":"https:\/\/www.bellunopress.it\/#organization"},"image":{"@id":"https:\/\/www.bellunopress.it\/2022\/12\/21\/trasparenza-questa-sconosciuta-lucia-olivotto-contesta-una-serie-di-comportamenti-e-decisioni-prese-dal-sindaco-e-la-sua-giunta\/#primaryimage"},"thumbnailUrl":"https:\/\/www.bellunopress.it\/wp-content\/uploads\/2022\/05\/lucia-olivotto_edited.jpg","articleSection":["Cronaca\/Politica","Featured","Prima Pagina"],"inLanguage":"fr-FR"},{"@type":"WebPage","@id":"https:\/\/www.bellunopress.it\/2022\/12\/21\/trasparenza-questa-sconosciuta-lucia-olivotto-contesta-una-serie-di-comportamenti-e-decisioni-prese-dal-sindaco-e-la-sua-giunta\/","url":"https:\/\/www.bellunopress.it\/2022\/12\/21\/trasparenza-questa-sconosciuta-lucia-olivotto-contesta-una-serie-di-comportamenti-e-decisioni-prese-dal-sindaco-e-la-sua-giunta\/","name":"Trasparenza questa sconosciuta. Lucia Olivotto contesta una serie di comportamenti e decisioni prese dal sindaco e la sua giunta - Bellunopress - Dolomiti","isPartOf":{"@id":"https:\/\/www.bellunopress.it\/#website"},"primaryImageOfPage":{"@id":"https:\/\/www.bellunopress.it\/2022\/12\/21\/trasparenza-questa-sconosciuta-lucia-olivotto-contesta-una-serie-di-comportamenti-e-decisioni-prese-dal-sindaco-e-la-sua-giunta\/#primaryimage"},"image":{"@id":"https:\/\/www.bellunopress.it\/2022\/12\/21\/trasparenza-questa-sconosciuta-lucia-olivotto-contesta-una-serie-di-comportamenti-e-decisioni-prese-dal-sindaco-e-la-sua-giunta\/#primaryimage"},"thumbnailUrl":"https:\/\/www.bellunopress.it\/wp-content\/uploads\/2022\/05\/lucia-olivotto_edited.jpg","datePublished":"2022-12-21T14:29:23+00:00","breadcrumb":{"@id":"https:\/\/www.bellunopress.it\/2022\/12\/21\/trasparenza-questa-sconosciuta-lucia-olivotto-contesta-una-serie-di-comportamenti-e-decisioni-prese-dal-sindaco-e-la-sua-giunta\/#breadcrumb"},"inLanguage":"fr-FR","potentialAction":[{"@type":"ReadAction","target":["https:\/\/www.bellunopress.it\/2022\/12\/21\/trasparenza-questa-sconosciuta-lucia-olivotto-contesta-una-serie-di-comportamenti-e-decisioni-prese-dal-sindaco-e-la-sua-giunta\/"]}]},{"@type":"ImageObject","inLanguage":"fr-FR","@id":"https:\/\/www.bellunopress.it\/2022\/12\/21\/trasparenza-questa-sconosciuta-lucia-olivotto-contesta-una-serie-di-comportamenti-e-decisioni-prese-dal-sindaco-e-la-sua-giunta\/#primaryimage","url":"https:\/\/www.bellunopress.it\/wp-content\/uploads\/2022\/05\/lucia-olivotto_edited.jpg","contentUrl":"https:\/\/www.bellunopress.it\/wp-content\/uploads\/2022\/05\/lucia-olivotto_edited.jpg","width":702,"height":1000,"caption":"Lucia Olivotto, dottore commercialista, consigliere di minoranza del Gruppo Insieme per Belluno bene comune"},{"@type":"BreadcrumbList","@id":"https:\/\/www.bellunopress.it\/2022\/12\/21\/trasparenza-questa-sconosciuta-lucia-olivotto-contesta-una-serie-di-comportamenti-e-decisioni-prese-dal-sindaco-e-la-sua-giunta\/#breadcrumb","itemListElement":[{"@type":"ListItem","position":1,"name":"Home","item":"https:\/\/www.bellunopress.it\/"},{"@type":"ListItem","position":2,"name":"Trasparenza questa sconosciuta. Lucia Olivotto contesta una serie di comportamenti e decisioni prese dal sindaco e la sua giunta"}]},{"@type":"WebSite","@id":"https:\/\/www.bellunopress.it\/#website","url":"https:\/\/www.bellunopress.it\/","name":"Bellunopress - Dolomiti","description":"e-mail: redazione@bellunopress.it","publisher":{"@id":"https:\/\/www.bellunopress.it\/#organization"},"potentialAction":[{"@type":"SearchAction","target":{"@type":"EntryPoint","urlTemplate":"https:\/\/www.bellunopress.it\/?s={search_term_string}"},"query-input":{"@type":"PropertyValueSpecification","valueRequired":true,"valueName":"search_term_string"}}],"inLanguage":"fr-FR"},{"@type":"Organization","@id":"https:\/\/www.bellunopress.it\/#organization","name":"Bellunopress","url":"https:\/\/www.bellunopress.it\/","logo":{"@type":"ImageObject","inLanguage":"fr-FR","@id":"https:\/\/www.bellunopress.it\/#\/schema\/logo\/image\/","url":"https:\/\/www.bellunopress.it\/wp-content\/uploads\/2011\/05\/cropped-logo-bellunopress-.jpg","contentUrl":"https:\/\/www.bellunopress.it\/wp-content\/uploads\/2011\/05\/cropped-logo-bellunopress-.jpg","width":512,"height":512,"caption":"Bellunopress"},"image":{"@id":"https:\/\/www.bellunopress.it\/#\/schema\/logo\/image\/"},"sameAs":["https:\/\/www.facebook.com\/profile.php?id=100008943462799","https:\/\/x.com\/bellunopress","https:\/\/www.linkedin.com\/hp\/?dnr=JBzUWaJfMUw8vbXJJ2tVW5-I3jZKvC4wsoxE&amp;amp;amp;amp;amp;amp;trk=nav_responsive_tab_home","https:\/\/www.youtube.com\/channel\/UCxL0wu1uN0_3_7hGG0306cw"]},{"@type":"Person","@id":"https:\/\/www.bellunopress.it\/#\/schema\/person\/79bb06722b37ece1c03d3e94beb30d73","name":"r\u00e9daction","image":{"@type":"ImageObject","inLanguage":"fr-FR","@id":"https:\/\/secure.gravatar.com\/avatar\/37d968a2e67a6fd04c169c4bdef102d0bc5d31b2546345219e348575eb80e9a0?s=96&d=mm&r=g","url":"https:\/\/secure.gravatar.com\/avatar\/37d968a2e67a6fd04c169c4bdef102d0bc5d31b2546345219e348575eb80e9a0?s=96&d=mm&r=g","contentUrl":"https:\/\/secure.gravatar.com\/avatar\/37d968a2e67a6fd04c169c4bdef102d0bc5d31b2546345219e348575eb80e9a0?s=96&d=mm&r=g","caption":"redazione"},"sameAs":["http:\/\/www.bellunopress.it","https:\/\/x.com\/bellunopress"],"url":"https:\/\/www.bellunopress.it\/fr\/author\/redazione\/"}]}},"_links":{"self":[{"href":"https:\/\/www.bellunopress.it\/fr\/wp-json\/wp\/v2\/posts\/138552","targetHints":{"allow":["GET"]}}],"collection":[{"href":"https:\/\/www.bellunopress.it\/fr\/wp-json\/wp\/v2\/posts"}],"about":[{"href":"https:\/\/www.bellunopress.it\/fr\/wp-json\/wp\/v2\/types\/post"}],"author":[{"embeddable":true,"href":"https:\/\/www.bellunopress.it\/fr\/wp-json\/wp\/v2\/users\/2"}],"replies":[{"embeddable":true,"href":"https:\/\/www.bellunopress.it\/fr\/wp-json\/wp\/v2\/comments?post=138552"}],"version-history":[{"count":1,"href":"https:\/\/www.bellunopress.it\/fr\/wp-json\/wp\/v2\/posts\/138552\/revisions"}],"predecessor-version":[{"id":138553,"href":"https:\/\/www.bellunopress.it\/fr\/wp-json\/wp\/v2\/posts\/138552\/revisions\/138553"}],"wp:featuredmedia":[{"embeddable":true,"href":"https:\/\/www.bellunopress.it\/fr\/wp-json\/wp\/v2\/media\/133441"}],"wp:attachment":[{"href":"https:\/\/www.bellunopress.it\/fr\/wp-json\/wp\/v2\/media?parent=138552"}],"wp:term":[{"taxonomy":"category","embeddable":true,"href":"https:\/\/www.bellunopress.it\/fr\/wp-json\/wp\/v2\/categories?post=138552"},{"taxonomy":"post_tag","embeddable":true,"href":"https:\/\/www.bellunopress.it\/fr\/wp-json\/wp\/v2\/tags?post=138552"}],"curies":[{"name":"wp","href":"https:\/\/api.w.org\/{rel}","templated":true}]}}