{"id":138523,"date":"2022-12-20T12:59:34","date_gmt":"2022-12-20T11:59:34","guid":{"rendered":"https:\/\/www.bellunopress.it\/?p=138523"},"modified":"2022-12-20T14:07:51","modified_gmt":"2022-12-20T13:07:51","slug":"incontri-natalizi-degli-amici-del-nevegal","status":"publish","type":"post","link":"https:\/\/www.bellunopress.it\/fr\/2022\/12\/20\/incontri-natalizi-degli-amici-del-nevegal\/","title":{"rendered":"Incontri natalizi degli Amici del Nevegal"},"content":{"rendered":"<figure id=\"attachment_118061\" aria-describedby=\"caption-attachment-118061\" style=\"width: 744px\" class=\"wp-caption alignleft\"><img loading=\"lazy\" decoding=\"async\" class=\"size-full wp-image-118061\" src=\"https:\/\/www.bellunopress.it\/wp-content\/uploads\/2020\/09\/NEVEGAL-LE-TORRI-30.09_edited.jpg\" alt=\"\" width=\"744\" height=\"506\" srcset=\"https:\/\/www.bellunopress.it\/wp-content\/uploads\/2020\/09\/NEVEGAL-LE-TORRI-30.09_edited.jpg 744w, https:\/\/www.bellunopress.it\/wp-content\/uploads\/2020\/09\/NEVEGAL-LE-TORRI-30.09_edited-500x340.jpg 500w, https:\/\/www.bellunopress.it\/wp-content\/uploads\/2020\/09\/NEVEGAL-LE-TORRI-30.09_edited-696x473.jpg 696w, https:\/\/www.bellunopress.it\/wp-content\/uploads\/2020\/09\/NEVEGAL-LE-TORRI-30.09_edited-618x420.jpg 618w\" sizes=\"auto, (max-width: 744px) 100vw, 744px\" \/><figcaption id=\"caption-attachment-118061\" class=\"wp-caption-text\">Le Torri &#8211; Nevegal (Belluno)<\/figcaption><\/figure>\n<p>Ecco gli incontri natalizi e di inizio 2023 dell&#8217;associazione &#8220;Amici del Nevegal&#8221;, che l&#8217;anno scorso ha festeggiato il cinquantesimo di attivit\u00e0. Un gruppo che continua a sensibilizzare la comunit\u00e0 e le istituzioni sulla realt\u00e0 del Colle avendo a cuore la salvaguardia e il suo sviluppo sostenibile.<\/p>\n<ul>\n<li>Mercoled\u00ec 28 dicembre alle 17 presso la Sala Congressi le Torri in Nevegal si terr\u00e0 l&#8217;incontro di fine anno con lo scambio di auguri con intervento delle istituzioni e a seguire cena per soci e simpatizzanti alle 20 presso la Pizzeria Dal Bo&#8217;.<\/li>\n<li>Marted\u00ec 3 gennaio alle 20.30, sempre in Sala Congressi, \u00e8 prevista una serata culturale con la scrittrice-alpinista Antonella Giacomini che presenter\u00e0 il suo libro&#8221; Volevo vedere la Tundra &#8221; con filmato.-<\/li>\n<li>Gioved\u00ec 5 gennaio alle 20.30 al Santuario Maria Immacolata vi sar\u00e0 una serata allietata dal coro &#8221; Voci in Valle &#8221; di Sedico.<\/li>\n<li>Sabato 7 gennaio alle 17.30 partenza dal Ristorante La Casera per la camminata in notturna con cena al Rifugio Bristot.<\/li>\n<li>Per la cena e la camminata \u00e8 gradita la prenotazione al 3474492469.<\/li>\n<\/ul>","protected":false},"excerpt":{"rendered":"<p>Ecco gli incontri natalizi e di inizio 2023 dell&#8217;associazione &#8220;Amici del Nevegal&#8221;, che l&#8217;anno scorso ha festeggiato il cinquantesimo di attivit\u00e0. Un gruppo che continua a sensibilizzare la comunit\u00e0 e le istituzioni sulla realt\u00e0 del Colle avendo a cuore la salvaguardia e il suo sviluppo sostenibile. Mercoled\u00ec 28 dicembre alle 17 presso la Sala Congressi [&hellip;]<\/p>\n","protected":false},"author":2,"featured_media":118061,"comment_status":"closed","ping_status":"open","sticky":false,"template":"","format":"standard","meta":{"footnotes":""},"categories":[27,3,25],"tags":[],"class_list":["post-138523","post","type-post","status-publish","format-standard","has-post-thumbnail","category-appuntamenti","category-arte-cultura-spettacoli-scienza-archivi","category-pausa-caffe"],"yoast_head":"<!-- This site is optimized with the Yoast SEO plugin v28.4 - https:\/\/yoast.com\/product\/yoast-seo-wordpress\/ -->\n<title>Incontri natalizi degli Amici del Nevegal - Bellunopress - Dolomiti<\/title>\n<meta name=\"robots\" content=\"index, follow, max-snippet:-1, max-image-preview:large, max-video-preview:-1\" \/>\n<link rel=\"canonical\" href=\"https:\/\/www.bellunopress.it\/fr\/2022\/12\/20\/incontri-natalizi-degli-amici-del-nevegal\/\" \/>\n<meta property=\"og:locale\" content=\"fr_FR\" \/>\n<meta property=\"og:type\" content=\"article\" \/>\n<meta property=\"og:title\" content=\"Incontri natalizi degli Amici del Nevegal - Bellunopress - Dolomiti\" \/>\n<meta property=\"og:description\" content=\"Ecco gli incontri natalizi e di inizio 2023 dell&#8217;associazione &#8220;Amici del Nevegal&#8221;, che l&#8217;anno scorso ha festeggiato il cinquantesimo di attivit\u00e0. Un gruppo che continua a sensibilizzare la comunit\u00e0 e le istituzioni sulla realt\u00e0 del Colle avendo a cuore la salvaguardia e il suo sviluppo sostenibile. Mercoled\u00ec 28 dicembre alle 17 presso la Sala Congressi [&hellip;]\" \/>\n<meta property=\"og:url\" content=\"https:\/\/www.bellunopress.it\/fr\/2022\/12\/20\/incontri-natalizi-degli-amici-del-nevegal\/\" \/>\n<meta property=\"og:site_name\" content=\"Bellunopress - Dolomiti\" \/>\n<meta property=\"article:publisher\" content=\"https:\/\/www.facebook.com\/profile.php?id=100008943462799\" \/>\n<meta property=\"article:published_time\" content=\"2022-12-20T11:59:34+00:00\" \/>\n<meta property=\"article:modified_time\" content=\"2022-12-20T13:07:51+00:00\" \/>\n<meta property=\"og:image\" content=\"https:\/\/www.bellunopress.it\/wp-content\/uploads\/2020\/09\/NEVEGAL-LE-TORRI-30.09_edited.jpg\" \/>\n\t<meta property=\"og:image:width\" content=\"744\" \/>\n\t<meta property=\"og:image:height\" content=\"506\" \/>\n\t<meta property=\"og:image:type\" content=\"image\/jpeg\" \/>\n<meta name=\"author\" content=\"redazione\" \/>\n<meta name=\"twitter:card\" content=\"summary_large_image\" \/>\n<meta name=\"twitter:creator\" content=\"@bellunopress\" \/>\n<meta name=\"twitter:site\" content=\"@bellunopress\" \/>\n<meta name=\"twitter:label1\" content=\"Written by\" \/>\n\t<meta name=\"twitter:data1\" content=\"redazione\" \/>\n\t<meta name=\"twitter:label2\" content=\"Est. reading time\" \/>\n\t<meta name=\"twitter:data2\" content=\"2 minutes\" \/>\n<script type=\"application\/ld+json\" class=\"yoast-schema-graph\">{\"@context\":\"https:\\\/\\\/schema.org\",\"@graph\":[{\"@type\":\"Article\",\"@id\":\"https:\\\/\\\/www.bellunopress.it\\\/2022\\\/12\\\/20\\\/incontri-natalizi-degli-amici-del-nevegal\\\/#article\",\"isPartOf\":{\"@id\":\"https:\\\/\\\/www.bellunopress.it\\\/2022\\\/12\\\/20\\\/incontri-natalizi-degli-amici-del-nevegal\\\/\"},\"author\":{\"name\":\"redazione\",\"@id\":\"https:\\\/\\\/www.bellunopress.it\\\/#\\\/schema\\\/person\\\/79bb06722b37ece1c03d3e94beb30d73\"},\"headline\":\"Incontri natalizi degli Amici del Nevegal\",\"datePublished\":\"2022-12-20T11:59:34+00:00\",\"dateModified\":\"2022-12-20T13:07:51+00:00\",\"mainEntityOfPage\":{\"@id\":\"https:\\\/\\\/www.bellunopress.it\\\/2022\\\/12\\\/20\\\/incontri-natalizi-degli-amici-del-nevegal\\\/\"},\"wordCount\":181,\"publisher\":{\"@id\":\"https:\\\/\\\/www.bellunopress.it\\\/#organization\"},\"image\":{\"@id\":\"https:\\\/\\\/www.bellunopress.it\\\/2022\\\/12\\\/20\\\/incontri-natalizi-degli-amici-del-nevegal\\\/#primaryimage\"},\"thumbnailUrl\":\"https:\\\/\\\/www.bellunopress.it\\\/wp-content\\\/uploads\\\/2020\\\/09\\\/NEVEGAL-LE-TORRI-30.09_edited.jpg\",\"articleSection\":[\"Appuntamenti, Eventi\",\"Arte, Cultura, Spettacoli, Scienza\",\"Pausa Caff\u00e8\"],\"inLanguage\":\"fr-FR\"},{\"@type\":\"WebPage\",\"@id\":\"https:\\\/\\\/www.bellunopress.it\\\/2022\\\/12\\\/20\\\/incontri-natalizi-degli-amici-del-nevegal\\\/\",\"url\":\"https:\\\/\\\/www.bellunopress.it\\\/2022\\\/12\\\/20\\\/incontri-natalizi-degli-amici-del-nevegal\\\/\",\"name\":\"Incontri natalizi degli Amici del Nevegal - Bellunopress - Dolomiti\",\"isPartOf\":{\"@id\":\"https:\\\/\\\/www.bellunopress.it\\\/#website\"},\"primaryImageOfPage\":{\"@id\":\"https:\\\/\\\/www.bellunopress.it\\\/2022\\\/12\\\/20\\\/incontri-natalizi-degli-amici-del-nevegal\\\/#primaryimage\"},\"image\":{\"@id\":\"https:\\\/\\\/www.bellunopress.it\\\/2022\\\/12\\\/20\\\/incontri-natalizi-degli-amici-del-nevegal\\\/#primaryimage\"},\"thumbnailUrl\":\"https:\\\/\\\/www.bellunopress.it\\\/wp-content\\\/uploads\\\/2020\\\/09\\\/NEVEGAL-LE-TORRI-30.09_edited.jpg\",\"datePublished\":\"2022-12-20T11:59:34+00:00\",\"dateModified\":\"2022-12-20T13:07:51+00:00\",\"breadcrumb\":{\"@id\":\"https:\\\/\\\/www.bellunopress.it\\\/2022\\\/12\\\/20\\\/incontri-natalizi-degli-amici-del-nevegal\\\/#breadcrumb\"},\"inLanguage\":\"fr-FR\",\"potentialAction\":[{\"@type\":\"ReadAction\",\"target\":[\"https:\\\/\\\/www.bellunopress.it\\\/2022\\\/12\\\/20\\\/incontri-natalizi-degli-amici-del-nevegal\\\/\"]}]},{\"@type\":\"ImageObject\",\"inLanguage\":\"fr-FR\",\"@id\":\"https:\\\/\\\/www.bellunopress.it\\\/2022\\\/12\\\/20\\\/incontri-natalizi-degli-amici-del-nevegal\\\/#primaryimage\",\"url\":\"https:\\\/\\\/www.bellunopress.it\\\/wp-content\\\/uploads\\\/2020\\\/09\\\/NEVEGAL-LE-TORRI-30.09_edited.jpg\",\"contentUrl\":\"https:\\\/\\\/www.bellunopress.it\\\/wp-content\\\/uploads\\\/2020\\\/09\\\/NEVEGAL-LE-TORRI-30.09_edited.jpg\",\"width\":744,\"height\":506,\"caption\":\"Le Torri - Nevegal (Belluno)\"},{\"@type\":\"BreadcrumbList\",\"@id\":\"https:\\\/\\\/www.bellunopress.it\\\/2022\\\/12\\\/20\\\/incontri-natalizi-degli-amici-del-nevegal\\\/#breadcrumb\",\"itemListElement\":[{\"@type\":\"ListItem\",\"position\":1,\"name\":\"Home\",\"item\":\"https:\\\/\\\/www.bellunopress.it\\\/\"},{\"@type\":\"ListItem\",\"position\":2,\"name\":\"Incontri natalizi degli Amici del Nevegal\"}]},{\"@type\":\"WebSite\",\"@id\":\"https:\\\/\\\/www.bellunopress.it\\\/#website\",\"url\":\"https:\\\/\\\/www.bellunopress.it\\\/\",\"name\":\"Bellunopress - Dolomiti\",\"description\":\"e-mail: redazione@bellunopress.it\",\"publisher\":{\"@id\":\"https:\\\/\\\/www.bellunopress.it\\\/#organization\"},\"potentialAction\":[{\"@type\":\"SearchAction\",\"target\":{\"@type\":\"EntryPoint\",\"urlTemplate\":\"https:\\\/\\\/www.bellunopress.it\\\/?s={search_term_string}\"},\"query-input\":{\"@type\":\"PropertyValueSpecification\",\"valueRequired\":true,\"valueName\":\"search_term_string\"}}],\"inLanguage\":\"fr-FR\"},{\"@type\":\"Organization\",\"@id\":\"https:\\\/\\\/www.bellunopress.it\\\/#organization\",\"name\":\"Bellunopress\",\"url\":\"https:\\\/\\\/www.bellunopress.it\\\/\",\"logo\":{\"@type\":\"ImageObject\",\"inLanguage\":\"fr-FR\",\"@id\":\"https:\\\/\\\/www.bellunopress.it\\\/#\\\/schema\\\/logo\\\/image\\\/\",\"url\":\"https:\\\/\\\/www.bellunopress.it\\\/wp-content\\\/uploads\\\/2011\\\/05\\\/cropped-logo-bellunopress-.jpg\",\"contentUrl\":\"https:\\\/\\\/www.bellunopress.it\\\/wp-content\\\/uploads\\\/2011\\\/05\\\/cropped-logo-bellunopress-.jpg\",\"width\":512,\"height\":512,\"caption\":\"Bellunopress\"},\"image\":{\"@id\":\"https:\\\/\\\/www.bellunopress.it\\\/#\\\/schema\\\/logo\\\/image\\\/\"},\"sameAs\":[\"https:\\\/\\\/www.facebook.com\\\/profile.php?id=100008943462799\",\"https:\\\/\\\/x.com\\\/bellunopress\",\"https:\\\/\\\/www.linkedin.com\\\/hp\\\/?dnr=JBzUWaJfMUw8vbXJJ2tVW5-I3jZKvC4wsoxE&amp;amp;amp;amp;amp;amp;trk=nav_responsive_tab_home\",\"https:\\\/\\\/www.youtube.com\\\/channel\\\/UCxL0wu1uN0_3_7hGG0306cw\"]},{\"@type\":\"Person\",\"@id\":\"https:\\\/\\\/www.bellunopress.it\\\/#\\\/schema\\\/person\\\/79bb06722b37ece1c03d3e94beb30d73\",\"name\":\"redazione\",\"image\":{\"@type\":\"ImageObject\",\"inLanguage\":\"fr-FR\",\"@id\":\"https:\\\/\\\/secure.gravatar.com\\\/avatar\\\/37d968a2e67a6fd04c169c4bdef102d0bc5d31b2546345219e348575eb80e9a0?s=96&d=mm&r=g\",\"url\":\"https:\\\/\\\/secure.gravatar.com\\\/avatar\\\/37d968a2e67a6fd04c169c4bdef102d0bc5d31b2546345219e348575eb80e9a0?s=96&d=mm&r=g\",\"contentUrl\":\"https:\\\/\\\/secure.gravatar.com\\\/avatar\\\/37d968a2e67a6fd04c169c4bdef102d0bc5d31b2546345219e348575eb80e9a0?s=96&d=mm&r=g\",\"caption\":\"redazione\"},\"sameAs\":[\"http:\\\/\\\/www.bellunopress.it\",\"https:\\\/\\\/x.com\\\/bellunopress\"],\"url\":\"https:\\\/\\\/www.bellunopress.it\\\/fr\\\/author\\\/redazione\\\/\"}]}<\/script>\n<!-- \/ Yoast SEO plugin. -->","yoast_head_json":{"title":"Incontri natalizi degli Amici del Nevegal - Bellunopress - Dolomiti","robots":{"index":"index","follow":"follow","max-snippet":"max-snippet:-1","max-image-preview":"max-image-preview:large","max-video-preview":"max-video-preview:-1"},"canonical":"https:\/\/www.bellunopress.it\/fr\/2022\/12\/20\/incontri-natalizi-degli-amici-del-nevegal\/","og_locale":"fr_FR","og_type":"article","og_title":"Incontri natalizi degli Amici del Nevegal - Bellunopress - Dolomiti","og_description":"Ecco gli incontri natalizi e di inizio 2023 dell&#8217;associazione &#8220;Amici del Nevegal&#8221;, che l&#8217;anno scorso ha festeggiato il cinquantesimo di attivit\u00e0. Un gruppo che continua a sensibilizzare la comunit\u00e0 e le istituzioni sulla realt\u00e0 del Colle avendo a cuore la salvaguardia e il suo sviluppo sostenibile. Mercoled\u00ec 28 dicembre alle 17 presso la Sala Congressi [&hellip;]","og_url":"https:\/\/www.bellunopress.it\/fr\/2022\/12\/20\/incontri-natalizi-degli-amici-del-nevegal\/","og_site_name":"Bellunopress - Dolomiti","article_publisher":"https:\/\/www.facebook.com\/profile.php?id=100008943462799","article_published_time":"2022-12-20T11:59:34+00:00","article_modified_time":"2022-12-20T13:07:51+00:00","og_image":[{"width":744,"height":506,"url":"https:\/\/www.bellunopress.it\/wp-content\/uploads\/2020\/09\/NEVEGAL-LE-TORRI-30.09_edited.jpg","type":"image\/jpeg"}],"author":"redazione","twitter_card":"summary_large_image","twitter_creator":"@bellunopress","twitter_site":"@bellunopress","twitter_misc":{"Written by":"redazione","Est. reading time":"2 minutes"},"schema":{"@context":"https:\/\/schema.org","@graph":[{"@type":"Article","@id":"https:\/\/www.bellunopress.it\/2022\/12\/20\/incontri-natalizi-degli-amici-del-nevegal\/#article","isPartOf":{"@id":"https:\/\/www.bellunopress.it\/2022\/12\/20\/incontri-natalizi-degli-amici-del-nevegal\/"},"author":{"name":"redazione","@id":"https:\/\/www.bellunopress.it\/#\/schema\/person\/79bb06722b37ece1c03d3e94beb30d73"},"headline":"Incontri natalizi degli Amici del Nevegal","datePublished":"2022-12-20T11:59:34+00:00","dateModified":"2022-12-20T13:07:51+00:00","mainEntityOfPage":{"@id":"https:\/\/www.bellunopress.it\/2022\/12\/20\/incontri-natalizi-degli-amici-del-nevegal\/"},"wordCount":181,"publisher":{"@id":"https:\/\/www.bellunopress.it\/#organization"},"image":{"@id":"https:\/\/www.bellunopress.it\/2022\/12\/20\/incontri-natalizi-degli-amici-del-nevegal\/#primaryimage"},"thumbnailUrl":"https:\/\/www.bellunopress.it\/wp-content\/uploads\/2020\/09\/NEVEGAL-LE-TORRI-30.09_edited.jpg","articleSection":["Appuntamenti, Eventi","Arte, Cultura, Spettacoli, Scienza","Pausa Caff\u00e8"],"inLanguage":"fr-FR"},{"@type":"WebPage","@id":"https:\/\/www.bellunopress.it\/2022\/12\/20\/incontri-natalizi-degli-amici-del-nevegal\/","url":"https:\/\/www.bellunopress.it\/2022\/12\/20\/incontri-natalizi-degli-amici-del-nevegal\/","name":"Incontri natalizi degli Amici del Nevegal - Bellunopress - Dolomiti","isPartOf":{"@id":"https:\/\/www.bellunopress.it\/#website"},"primaryImageOfPage":{"@id":"https:\/\/www.bellunopress.it\/2022\/12\/20\/incontri-natalizi-degli-amici-del-nevegal\/#primaryimage"},"image":{"@id":"https:\/\/www.bellunopress.it\/2022\/12\/20\/incontri-natalizi-degli-amici-del-nevegal\/#primaryimage"},"thumbnailUrl":"https:\/\/www.bellunopress.it\/wp-content\/uploads\/2020\/09\/NEVEGAL-LE-TORRI-30.09_edited.jpg","datePublished":"2022-12-20T11:59:34+00:00","dateModified":"2022-12-20T13:07:51+00:00","breadcrumb":{"@id":"https:\/\/www.bellunopress.it\/2022\/12\/20\/incontri-natalizi-degli-amici-del-nevegal\/#breadcrumb"},"inLanguage":"fr-FR","potentialAction":[{"@type":"ReadAction","target":["https:\/\/www.bellunopress.it\/2022\/12\/20\/incontri-natalizi-degli-amici-del-nevegal\/"]}]},{"@type":"ImageObject","inLanguage":"fr-FR","@id":"https:\/\/www.bellunopress.it\/2022\/12\/20\/incontri-natalizi-degli-amici-del-nevegal\/#primaryimage","url":"https:\/\/www.bellunopress.it\/wp-content\/uploads\/2020\/09\/NEVEGAL-LE-TORRI-30.09_edited.jpg","contentUrl":"https:\/\/www.bellunopress.it\/wp-content\/uploads\/2020\/09\/NEVEGAL-LE-TORRI-30.09_edited.jpg","width":744,"height":506,"caption":"Le Torri - Nevegal (Belluno)"},{"@type":"BreadcrumbList","@id":"https:\/\/www.bellunopress.it\/2022\/12\/20\/incontri-natalizi-degli-amici-del-nevegal\/#breadcrumb","itemListElement":[{"@type":"ListItem","position":1,"name":"Home","item":"https:\/\/www.bellunopress.it\/"},{"@type":"ListItem","position":2,"name":"Incontri natalizi degli Amici del Nevegal"}]},{"@type":"WebSite","@id":"https:\/\/www.bellunopress.it\/#website","url":"https:\/\/www.bellunopress.it\/","name":"Bellunopress - Dolomiti","description":"e-mail: redazione@bellunopress.it","publisher":{"@id":"https:\/\/www.bellunopress.it\/#organization"},"potentialAction":[{"@type":"SearchAction","target":{"@type":"EntryPoint","urlTemplate":"https:\/\/www.bellunopress.it\/?s={search_term_string}"},"query-input":{"@type":"PropertyValueSpecification","valueRequired":true,"valueName":"search_term_string"}}],"inLanguage":"fr-FR"},{"@type":"Organization","@id":"https:\/\/www.bellunopress.it\/#organization","name":"Bellunopress","url":"https:\/\/www.bellunopress.it\/","logo":{"@type":"ImageObject","inLanguage":"fr-FR","@id":"https:\/\/www.bellunopress.it\/#\/schema\/logo\/image\/","url":"https:\/\/www.bellunopress.it\/wp-content\/uploads\/2011\/05\/cropped-logo-bellunopress-.jpg","contentUrl":"https:\/\/www.bellunopress.it\/wp-content\/uploads\/2011\/05\/cropped-logo-bellunopress-.jpg","width":512,"height":512,"caption":"Bellunopress"},"image":{"@id":"https:\/\/www.bellunopress.it\/#\/schema\/logo\/image\/"},"sameAs":["https:\/\/www.facebook.com\/profile.php?id=100008943462799","https:\/\/x.com\/bellunopress","https:\/\/www.linkedin.com\/hp\/?dnr=JBzUWaJfMUw8vbXJJ2tVW5-I3jZKvC4wsoxE&amp;amp;amp;amp;amp;amp;trk=nav_responsive_tab_home","https:\/\/www.youtube.com\/channel\/UCxL0wu1uN0_3_7hGG0306cw"]},{"@type":"Person","@id":"https:\/\/www.bellunopress.it\/#\/schema\/person\/79bb06722b37ece1c03d3e94beb30d73","name":"r\u00e9daction","image":{"@type":"ImageObject","inLanguage":"fr-FR","@id":"https:\/\/secure.gravatar.com\/avatar\/37d968a2e67a6fd04c169c4bdef102d0bc5d31b2546345219e348575eb80e9a0?s=96&d=mm&r=g","url":"https:\/\/secure.gravatar.com\/avatar\/37d968a2e67a6fd04c169c4bdef102d0bc5d31b2546345219e348575eb80e9a0?s=96&d=mm&r=g","contentUrl":"https:\/\/secure.gravatar.com\/avatar\/37d968a2e67a6fd04c169c4bdef102d0bc5d31b2546345219e348575eb80e9a0?s=96&d=mm&r=g","caption":"redazione"},"sameAs":["http:\/\/www.bellunopress.it","https:\/\/x.com\/bellunopress"],"url":"https:\/\/www.bellunopress.it\/fr\/author\/redazione\/"}]}},"_links":{"self":[{"href":"https:\/\/www.bellunopress.it\/fr\/wp-json\/wp\/v2\/posts\/138523","targetHints":{"allow":["GET"]}}],"collection":[{"href":"https:\/\/www.bellunopress.it\/fr\/wp-json\/wp\/v2\/posts"}],"about":[{"href":"https:\/\/www.bellunopress.it\/fr\/wp-json\/wp\/v2\/types\/post"}],"author":[{"embeddable":true,"href":"https:\/\/www.bellunopress.it\/fr\/wp-json\/wp\/v2\/users\/2"}],"replies":[{"embeddable":true,"href":"https:\/\/www.bellunopress.it\/fr\/wp-json\/wp\/v2\/comments?post=138523"}],"version-history":[{"count":1,"href":"https:\/\/www.bellunopress.it\/fr\/wp-json\/wp\/v2\/posts\/138523\/revisions"}],"predecessor-version":[{"id":138524,"href":"https:\/\/www.bellunopress.it\/fr\/wp-json\/wp\/v2\/posts\/138523\/revisions\/138524"}],"wp:featuredmedia":[{"embeddable":true,"href":"https:\/\/www.bellunopress.it\/fr\/wp-json\/wp\/v2\/media\/118061"}],"wp:attachment":[{"href":"https:\/\/www.bellunopress.it\/fr\/wp-json\/wp\/v2\/media?parent=138523"}],"wp:term":[{"taxonomy":"category","embeddable":true,"href":"https:\/\/www.bellunopress.it\/fr\/wp-json\/wp\/v2\/categories?post=138523"},{"taxonomy":"post_tag","embeddable":true,"href":"https:\/\/www.bellunopress.it\/fr\/wp-json\/wp\/v2\/tags?post=138523"}],"curies":[{"name":"wp","href":"https:\/\/api.w.org\/{rel}","templated":true}]}}