{"id":138519,"date":"2022-12-20T13:38:37","date_gmt":"2022-12-20T12:38:37","guid":{"rendered":"https:\/\/www.bellunopress.it\/?p=138519"},"modified":"2022-12-20T13:38:37","modified_gmt":"2022-12-20T12:38:37","slug":"virginia-giuffrida-subentra-a-luisa-ciprian-alla-presidenza-dellassociazione-margherita-fenice","status":"publish","type":"post","link":"https:\/\/www.bellunopress.it\/fr\/2022\/12\/20\/virginia-giuffrida-subentra-a-luisa-ciprian-alla-presidenza-dellassociazione-margherita-fenice\/","title":{"rendered":"Virginia Giuffrida subentra a Luisa Ciprian alla presidenza dell&#8217;Associazione Margherita Fenice"},"content":{"rendered":"<figure id=\"attachment_138520\" aria-describedby=\"caption-attachment-138520\" style=\"width: 433px\" class=\"wp-caption alignleft\"><img loading=\"lazy\" decoding=\"async\" class=\"size-full wp-image-138520\" src=\"https:\/\/www.bellunopress.it\/wp-content\/uploads\/2022\/12\/Luisa-Ciprian-e-la-neo-presidente-Virgina-Giuffrida-Ass-Margherita-Fenice.jpg\" alt=\"\" width=\"433\" height=\"351\" \/><figcaption id=\"caption-attachment-138520\" class=\"wp-caption-text\">Luisa Ciprian e la neo presidente Virginia Giuffrida<\/figcaption><\/figure>\n<p>\u00c8 Virginia Giuffrida la nuova presidente dell\u2019associazione Margherita Fenice. Impiegata nel settore bancario, di Ponte nelle Alpi, Giuffrida &#8211; gi\u00e0 nel direttivo come consigliera &#8211; succede a Luisa Ciprian, che per tre mandati successivi &#8211; dunque ben nove anni in totale &#8211; ha guidato il gruppo.<\/p>\n<p>L\u2019elezione \u00e8 avvenuta nel corso dell\u2019ultima assemblea dei soci dell&#8217;associazione, che ormai da pi\u00f9 di un decennio, unica in provincia di Belluno, si occupa di aiutare le famiglie che stanno affrontando il percorso di cura di un disturbo del comportamento alimentare.<\/p>\n<p>\u00abDalla fondazione fino ad oggi si \u00e8 potuto assistere a un percorso di grande crescita per l\u2019associazione, denso di attivit\u00e0 svolte in vari ambiti, e il ringraziamento va per questo alla presidente uscente e a tutto il direttivo\u00bb commenta la neo presidente Giuffrida. \u00abCon responsabilit\u00e0 prendo in mano questo importante incarico, consapevole delle sfide che ci attendono nei prossimi mesi e anni: la scarsit\u00e0 di professionisti preparati nel campo dei disturbi alimentari, la necessit\u00e0 di proseguire il lavoro su formazione, divulgazione e prevenzione sul tema, coinvolgendo tutte la fasce d\u2019et\u00e0 a partire dai giovani, impongono di non abbassare la guardia\u00bb.<\/p>\n<p>Si parte da un bagaglio importante, cio\u00e8 quanto costruito sinora dall\u2019associazione. In primo luogo il supporto alle famiglie, attraverso il gruppo di auto-mutuo-aiuto che si avvale della supervisione di un professionista. L&#8217;intensificarsi della collaborazione con l&#8217;Ulss 1 Dolomiti ha permesso di arrivare alla stipula di una convenzione per promuovere iniziative di formazione rivolte ai medici di base; sono stati organizzati incontri di divulgazione per la cittadinanza, progetti psicoeducativi per i genitori. Inoltre, sono state attivate collaborazioni con altre associazioni di volontariato e, tra gli ultimi obiettivi raggiunti, \u00e8 stato possibile introdurre il \u201cpasto assistito\u201d, ospedaliero o a domicilio, presso i due centri per i disturbi dei comportamenti alimentari di Belluno e Feltre,<\/p>\n<p>Nell&#8217;ultimo anno, visto l&#8217;incremento dei casi dei disturbi e l&#8217;emergere di un diffuso disagio giovanile, l&#8217;attivit\u00e0 dell&#8217;associazione si \u00e8 indirizzata alla prevenzione, proponendo nel biennio delle scuole secondarie di secondo grado che ne facevano richiesta il \u201cProgetto corpo, la cura di s\u00e9\u201d in collaborazione con il Csv Belluno Treviso, che ne ha condiviso le finalit\u00e0 e lo ha pertanto cofinanziato. \u00abPrevenzione non tanto per parlare della malattia, quanto per offrire ai ragazzi un momento di riflessione e discussione sui canoni di bellezza, stimolando autostima e senso critico, cercando di contrastare la pressione sociale che condiziona in modo pericoloso le scelte dei giovani adolescenti\u00bb aggiunge la neo presidente.<\/p>\n<p>Il bisogno di aumentare la consapevolezza dei disturbi alimentari, soprattutto tra i ragazzi, \u00e8 ben radicato. Se nel 2021 il numero di nuove famiglie che si era rivolto all\u2019associazione in cerca di aiuto era triplicato, passando da circa 7 l\u2019anno a 20, nel 2022 vi sono state 13 nuove famiglie: un numero dunque in calo rispetto all\u2019anno scorso, ma comunque raddoppiato rispetto a prima, che conferma un\u2019esigenza sempre presente.<\/p>\n<p>&nbsp;<\/p>","protected":false},"excerpt":{"rendered":"<p>\u00c8 Virginia Giuffrida la nuova presidente dell\u2019associazione Margherita Fenice. Impiegata nel settore bancario, di Ponte nelle Alpi, Giuffrida &#8211; gi\u00e0 nel direttivo come consigliera &#8211; succede a Luisa Ciprian, che per tre mandati successivi &#8211; dunque ben nove anni in totale &#8211; ha guidato il gruppo. L\u2019elezione \u00e8 avvenuta nel corso dell\u2019ultima assemblea dei soci [&hellip;]<\/p>\n","protected":false},"author":2,"featured_media":138520,"comment_status":"closed","ping_status":"open","sticky":false,"template":"","format":"standard","meta":{"footnotes":""},"categories":[26,8],"tags":[],"class_list":["post-138519","post","type-post","status-publish","format-standard","has-post-thumbnail","category-prima-pagina","category-societa-istituzioni"],"yoast_head":"<!-- This site is optimized with the Yoast SEO plugin v28.4 - https:\/\/yoast.com\/product\/yoast-seo-wordpress\/ -->\n<title>Virginia Giuffrida subentra a Luisa Ciprian alla presidenza dell&#039;Associazione Margherita Fenice - Bellunopress - Dolomiti<\/title>\n<meta name=\"robots\" content=\"index, follow, max-snippet:-1, max-image-preview:large, max-video-preview:-1\" \/>\n<link rel=\"canonical\" href=\"https:\/\/www.bellunopress.it\/fr\/2022\/12\/20\/virginia-giuffrida-subentra-a-luisa-ciprian-alla-presidenza-dellassociazione-margherita-fenice\/\" \/>\n<meta property=\"og:locale\" content=\"fr_FR\" \/>\n<meta property=\"og:type\" content=\"article\" \/>\n<meta property=\"og:title\" content=\"Virginia Giuffrida subentra a Luisa Ciprian alla presidenza dell&#039;Associazione Margherita Fenice - Bellunopress - Dolomiti\" \/>\n<meta property=\"og:description\" content=\"\u00c8 Virginia Giuffrida la nuova presidente dell\u2019associazione Margherita Fenice. Impiegata nel settore bancario, di Ponte nelle Alpi, Giuffrida &#8211; gi\u00e0 nel direttivo come consigliera &#8211; succede a Luisa Ciprian, che per tre mandati successivi &#8211; dunque ben nove anni in totale &#8211; ha guidato il gruppo. L\u2019elezione \u00e8 avvenuta nel corso dell\u2019ultima assemblea dei soci [&hellip;]\" \/>\n<meta property=\"og:url\" content=\"https:\/\/www.bellunopress.it\/fr\/2022\/12\/20\/virginia-giuffrida-subentra-a-luisa-ciprian-alla-presidenza-dellassociazione-margherita-fenice\/\" \/>\n<meta property=\"og:site_name\" content=\"Bellunopress - Dolomiti\" \/>\n<meta property=\"article:publisher\" content=\"https:\/\/www.facebook.com\/profile.php?id=100008943462799\" \/>\n<meta property=\"article:published_time\" content=\"2022-12-20T12:38:37+00:00\" \/>\n<meta property=\"og:image\" content=\"https:\/\/www.bellunopress.it\/wp-content\/uploads\/2022\/12\/Luisa-Ciprian-e-la-neo-presidente-Virgina-Giuffrida-Ass-Margherita-Fenice.jpg\" \/>\n\t<meta property=\"og:image:width\" content=\"433\" \/>\n\t<meta property=\"og:image:height\" content=\"351\" \/>\n\t<meta property=\"og:image:type\" content=\"image\/jpeg\" \/>\n<meta name=\"author\" content=\"redazione\" \/>\n<meta name=\"twitter:card\" content=\"summary_large_image\" \/>\n<meta name=\"twitter:creator\" content=\"@bellunopress\" \/>\n<meta name=\"twitter:site\" content=\"@bellunopress\" \/>\n<meta name=\"twitter:label1\" content=\"\u00c9crit par\" \/>\n\t<meta name=\"twitter:data1\" content=\"redazione\" \/>\n\t<meta name=\"twitter:label2\" content=\"Dur\u00e9e de lecture estim\u00e9e\" \/>\n\t<meta name=\"twitter:data2\" content=\"3 minutes\" \/>\n<script type=\"application\/ld+json\" class=\"yoast-schema-graph\">{\"@context\":\"https:\\\/\\\/schema.org\",\"@graph\":[{\"@type\":\"Article\",\"@id\":\"https:\\\/\\\/www.bellunopress.it\\\/2022\\\/12\\\/20\\\/virginia-giuffrida-subentra-a-luisa-ciprian-alla-presidenza-dellassociazione-margherita-fenice\\\/#article\",\"isPartOf\":{\"@id\":\"https:\\\/\\\/www.bellunopress.it\\\/2022\\\/12\\\/20\\\/virginia-giuffrida-subentra-a-luisa-ciprian-alla-presidenza-dellassociazione-margherita-fenice\\\/\"},\"author\":{\"name\":\"redazione\",\"@id\":\"https:\\\/\\\/www.bellunopress.it\\\/#\\\/schema\\\/person\\\/79bb06722b37ece1c03d3e94beb30d73\"},\"headline\":\"Virginia Giuffrida subentra a Luisa Ciprian alla presidenza dell&#8217;Associazione Margherita Fenice\",\"datePublished\":\"2022-12-20T12:38:37+00:00\",\"mainEntityOfPage\":{\"@id\":\"https:\\\/\\\/www.bellunopress.it\\\/2022\\\/12\\\/20\\\/virginia-giuffrida-subentra-a-luisa-ciprian-alla-presidenza-dellassociazione-margherita-fenice\\\/\"},\"wordCount\":509,\"publisher\":{\"@id\":\"https:\\\/\\\/www.bellunopress.it\\\/#organization\"},\"image\":{\"@id\":\"https:\\\/\\\/www.bellunopress.it\\\/2022\\\/12\\\/20\\\/virginia-giuffrida-subentra-a-luisa-ciprian-alla-presidenza-dellassociazione-margherita-fenice\\\/#primaryimage\"},\"thumbnailUrl\":\"https:\\\/\\\/www.bellunopress.it\\\/wp-content\\\/uploads\\\/2022\\\/12\\\/Luisa-Ciprian-e-la-neo-presidente-Virgina-Giuffrida-Ass-Margherita-Fenice.jpg\",\"articleSection\":[\"Prima Pagina\",\"Societ\u00e0, Associazioni, Istituzioni\"],\"inLanguage\":\"fr-FR\"},{\"@type\":\"WebPage\",\"@id\":\"https:\\\/\\\/www.bellunopress.it\\\/2022\\\/12\\\/20\\\/virginia-giuffrida-subentra-a-luisa-ciprian-alla-presidenza-dellassociazione-margherita-fenice\\\/\",\"url\":\"https:\\\/\\\/www.bellunopress.it\\\/2022\\\/12\\\/20\\\/virginia-giuffrida-subentra-a-luisa-ciprian-alla-presidenza-dellassociazione-margherita-fenice\\\/\",\"name\":\"Virginia Giuffrida subentra a Luisa Ciprian alla presidenza dell'Associazione Margherita Fenice - Bellunopress - Dolomiti\",\"isPartOf\":{\"@id\":\"https:\\\/\\\/www.bellunopress.it\\\/#website\"},\"primaryImageOfPage\":{\"@id\":\"https:\\\/\\\/www.bellunopress.it\\\/2022\\\/12\\\/20\\\/virginia-giuffrida-subentra-a-luisa-ciprian-alla-presidenza-dellassociazione-margherita-fenice\\\/#primaryimage\"},\"image\":{\"@id\":\"https:\\\/\\\/www.bellunopress.it\\\/2022\\\/12\\\/20\\\/virginia-giuffrida-subentra-a-luisa-ciprian-alla-presidenza-dellassociazione-margherita-fenice\\\/#primaryimage\"},\"thumbnailUrl\":\"https:\\\/\\\/www.bellunopress.it\\\/wp-content\\\/uploads\\\/2022\\\/12\\\/Luisa-Ciprian-e-la-neo-presidente-Virgina-Giuffrida-Ass-Margherita-Fenice.jpg\",\"datePublished\":\"2022-12-20T12:38:37+00:00\",\"breadcrumb\":{\"@id\":\"https:\\\/\\\/www.bellunopress.it\\\/2022\\\/12\\\/20\\\/virginia-giuffrida-subentra-a-luisa-ciprian-alla-presidenza-dellassociazione-margherita-fenice\\\/#breadcrumb\"},\"inLanguage\":\"fr-FR\",\"potentialAction\":[{\"@type\":\"ReadAction\",\"target\":[\"https:\\\/\\\/www.bellunopress.it\\\/2022\\\/12\\\/20\\\/virginia-giuffrida-subentra-a-luisa-ciprian-alla-presidenza-dellassociazione-margherita-fenice\\\/\"]}]},{\"@type\":\"ImageObject\",\"inLanguage\":\"fr-FR\",\"@id\":\"https:\\\/\\\/www.bellunopress.it\\\/2022\\\/12\\\/20\\\/virginia-giuffrida-subentra-a-luisa-ciprian-alla-presidenza-dellassociazione-margherita-fenice\\\/#primaryimage\",\"url\":\"https:\\\/\\\/www.bellunopress.it\\\/wp-content\\\/uploads\\\/2022\\\/12\\\/Luisa-Ciprian-e-la-neo-presidente-Virgina-Giuffrida-Ass-Margherita-Fenice.jpg\",\"contentUrl\":\"https:\\\/\\\/www.bellunopress.it\\\/wp-content\\\/uploads\\\/2022\\\/12\\\/Luisa-Ciprian-e-la-neo-presidente-Virgina-Giuffrida-Ass-Margherita-Fenice.jpg\",\"width\":433,\"height\":351,\"caption\":\"Luisa Ciprian e la neo presidente Virginia Giuffrida\"},{\"@type\":\"BreadcrumbList\",\"@id\":\"https:\\\/\\\/www.bellunopress.it\\\/2022\\\/12\\\/20\\\/virginia-giuffrida-subentra-a-luisa-ciprian-alla-presidenza-dellassociazione-margherita-fenice\\\/#breadcrumb\",\"itemListElement\":[{\"@type\":\"ListItem\",\"position\":1,\"name\":\"Home\",\"item\":\"https:\\\/\\\/www.bellunopress.it\\\/\"},{\"@type\":\"ListItem\",\"position\":2,\"name\":\"Virginia Giuffrida subentra a Luisa Ciprian alla presidenza dell&#8217;Associazione Margherita Fenice\"}]},{\"@type\":\"WebSite\",\"@id\":\"https:\\\/\\\/www.bellunopress.it\\\/#website\",\"url\":\"https:\\\/\\\/www.bellunopress.it\\\/\",\"name\":\"Bellunopress - Dolomiti\",\"description\":\"e-mail: redazione@bellunopress.it\",\"publisher\":{\"@id\":\"https:\\\/\\\/www.bellunopress.it\\\/#organization\"},\"potentialAction\":[{\"@type\":\"SearchAction\",\"target\":{\"@type\":\"EntryPoint\",\"urlTemplate\":\"https:\\\/\\\/www.bellunopress.it\\\/?s={search_term_string}\"},\"query-input\":{\"@type\":\"PropertyValueSpecification\",\"valueRequired\":true,\"valueName\":\"search_term_string\"}}],\"inLanguage\":\"fr-FR\"},{\"@type\":\"Organization\",\"@id\":\"https:\\\/\\\/www.bellunopress.it\\\/#organization\",\"name\":\"Bellunopress\",\"url\":\"https:\\\/\\\/www.bellunopress.it\\\/\",\"logo\":{\"@type\":\"ImageObject\",\"inLanguage\":\"fr-FR\",\"@id\":\"https:\\\/\\\/www.bellunopress.it\\\/#\\\/schema\\\/logo\\\/image\\\/\",\"url\":\"https:\\\/\\\/www.bellunopress.it\\\/wp-content\\\/uploads\\\/2011\\\/05\\\/cropped-logo-bellunopress-.jpg\",\"contentUrl\":\"https:\\\/\\\/www.bellunopress.it\\\/wp-content\\\/uploads\\\/2011\\\/05\\\/cropped-logo-bellunopress-.jpg\",\"width\":512,\"height\":512,\"caption\":\"Bellunopress\"},\"image\":{\"@id\":\"https:\\\/\\\/www.bellunopress.it\\\/#\\\/schema\\\/logo\\\/image\\\/\"},\"sameAs\":[\"https:\\\/\\\/www.facebook.com\\\/profile.php?id=100008943462799\",\"https:\\\/\\\/x.com\\\/bellunopress\",\"https:\\\/\\\/www.linkedin.com\\\/hp\\\/?dnr=JBzUWaJfMUw8vbXJJ2tVW5-I3jZKvC4wsoxE&amp;amp;amp;amp;amp;amp;trk=nav_responsive_tab_home\",\"https:\\\/\\\/www.youtube.com\\\/channel\\\/UCxL0wu1uN0_3_7hGG0306cw\"]},{\"@type\":\"Person\",\"@id\":\"https:\\\/\\\/www.bellunopress.it\\\/#\\\/schema\\\/person\\\/79bb06722b37ece1c03d3e94beb30d73\",\"name\":\"redazione\",\"image\":{\"@type\":\"ImageObject\",\"inLanguage\":\"fr-FR\",\"@id\":\"https:\\\/\\\/secure.gravatar.com\\\/avatar\\\/37d968a2e67a6fd04c169c4bdef102d0bc5d31b2546345219e348575eb80e9a0?s=96&d=mm&r=g\",\"url\":\"https:\\\/\\\/secure.gravatar.com\\\/avatar\\\/37d968a2e67a6fd04c169c4bdef102d0bc5d31b2546345219e348575eb80e9a0?s=96&d=mm&r=g\",\"contentUrl\":\"https:\\\/\\\/secure.gravatar.com\\\/avatar\\\/37d968a2e67a6fd04c169c4bdef102d0bc5d31b2546345219e348575eb80e9a0?s=96&d=mm&r=g\",\"caption\":\"redazione\"},\"sameAs\":[\"http:\\\/\\\/www.bellunopress.it\",\"https:\\\/\\\/x.com\\\/bellunopress\"],\"url\":\"https:\\\/\\\/www.bellunopress.it\\\/fr\\\/author\\\/redazione\\\/\"}]}<\/script>\n<!-- \/ Yoast SEO plugin. -->","yoast_head_json":{"title":"Virginia Giuffrida subentra a Luisa Ciprian alla presidenza dell'Associazione Margherita Fenice - Bellunopress - Dolomiti","robots":{"index":"index","follow":"follow","max-snippet":"max-snippet:-1","max-image-preview":"max-image-preview:large","max-video-preview":"max-video-preview:-1"},"canonical":"https:\/\/www.bellunopress.it\/fr\/2022\/12\/20\/virginia-giuffrida-subentra-a-luisa-ciprian-alla-presidenza-dellassociazione-margherita-fenice\/","og_locale":"fr_FR","og_type":"article","og_title":"Virginia Giuffrida subentra a Luisa Ciprian alla presidenza dell'Associazione Margherita Fenice - Bellunopress - Dolomiti","og_description":"\u00c8 Virginia Giuffrida la nuova presidente dell\u2019associazione Margherita Fenice. Impiegata nel settore bancario, di Ponte nelle Alpi, Giuffrida &#8211; gi\u00e0 nel direttivo come consigliera &#8211; succede a Luisa Ciprian, che per tre mandati successivi &#8211; dunque ben nove anni in totale &#8211; ha guidato il gruppo. L\u2019elezione \u00e8 avvenuta nel corso dell\u2019ultima assemblea dei soci [&hellip;]","og_url":"https:\/\/www.bellunopress.it\/fr\/2022\/12\/20\/virginia-giuffrida-subentra-a-luisa-ciprian-alla-presidenza-dellassociazione-margherita-fenice\/","og_site_name":"Bellunopress - Dolomiti","article_publisher":"https:\/\/www.facebook.com\/profile.php?id=100008943462799","article_published_time":"2022-12-20T12:38:37+00:00","og_image":[{"width":433,"height":351,"url":"https:\/\/www.bellunopress.it\/wp-content\/uploads\/2022\/12\/Luisa-Ciprian-e-la-neo-presidente-Virgina-Giuffrida-Ass-Margherita-Fenice.jpg","type":"image\/jpeg"}],"author":"redazione","twitter_card":"summary_large_image","twitter_creator":"@bellunopress","twitter_site":"@bellunopress","twitter_misc":{"\u00c9crit par":"redazione","Dur\u00e9e de lecture estim\u00e9e":"3 minutes"},"schema":{"@context":"https:\/\/schema.org","@graph":[{"@type":"Article","@id":"https:\/\/www.bellunopress.it\/2022\/12\/20\/virginia-giuffrida-subentra-a-luisa-ciprian-alla-presidenza-dellassociazione-margherita-fenice\/#article","isPartOf":{"@id":"https:\/\/www.bellunopress.it\/2022\/12\/20\/virginia-giuffrida-subentra-a-luisa-ciprian-alla-presidenza-dellassociazione-margherita-fenice\/"},"author":{"name":"redazione","@id":"https:\/\/www.bellunopress.it\/#\/schema\/person\/79bb06722b37ece1c03d3e94beb30d73"},"headline":"Virginia Giuffrida subentra a Luisa Ciprian alla presidenza dell&#8217;Associazione Margherita Fenice","datePublished":"2022-12-20T12:38:37+00:00","mainEntityOfPage":{"@id":"https:\/\/www.bellunopress.it\/2022\/12\/20\/virginia-giuffrida-subentra-a-luisa-ciprian-alla-presidenza-dellassociazione-margherita-fenice\/"},"wordCount":509,"publisher":{"@id":"https:\/\/www.bellunopress.it\/#organization"},"image":{"@id":"https:\/\/www.bellunopress.it\/2022\/12\/20\/virginia-giuffrida-subentra-a-luisa-ciprian-alla-presidenza-dellassociazione-margherita-fenice\/#primaryimage"},"thumbnailUrl":"https:\/\/www.bellunopress.it\/wp-content\/uploads\/2022\/12\/Luisa-Ciprian-e-la-neo-presidente-Virgina-Giuffrida-Ass-Margherita-Fenice.jpg","articleSection":["Prima Pagina","Societ\u00e0, Associazioni, Istituzioni"],"inLanguage":"fr-FR"},{"@type":"WebPage","@id":"https:\/\/www.bellunopress.it\/2022\/12\/20\/virginia-giuffrida-subentra-a-luisa-ciprian-alla-presidenza-dellassociazione-margherita-fenice\/","url":"https:\/\/www.bellunopress.it\/2022\/12\/20\/virginia-giuffrida-subentra-a-luisa-ciprian-alla-presidenza-dellassociazione-margherita-fenice\/","name":"Virginia Giuffrida subentra a Luisa Ciprian alla presidenza dell'Associazione Margherita Fenice - Bellunopress - Dolomiti","isPartOf":{"@id":"https:\/\/www.bellunopress.it\/#website"},"primaryImageOfPage":{"@id":"https:\/\/www.bellunopress.it\/2022\/12\/20\/virginia-giuffrida-subentra-a-luisa-ciprian-alla-presidenza-dellassociazione-margherita-fenice\/#primaryimage"},"image":{"@id":"https:\/\/www.bellunopress.it\/2022\/12\/20\/virginia-giuffrida-subentra-a-luisa-ciprian-alla-presidenza-dellassociazione-margherita-fenice\/#primaryimage"},"thumbnailUrl":"https:\/\/www.bellunopress.it\/wp-content\/uploads\/2022\/12\/Luisa-Ciprian-e-la-neo-presidente-Virgina-Giuffrida-Ass-Margherita-Fenice.jpg","datePublished":"2022-12-20T12:38:37+00:00","breadcrumb":{"@id":"https:\/\/www.bellunopress.it\/2022\/12\/20\/virginia-giuffrida-subentra-a-luisa-ciprian-alla-presidenza-dellassociazione-margherita-fenice\/#breadcrumb"},"inLanguage":"fr-FR","potentialAction":[{"@type":"ReadAction","target":["https:\/\/www.bellunopress.it\/2022\/12\/20\/virginia-giuffrida-subentra-a-luisa-ciprian-alla-presidenza-dellassociazione-margherita-fenice\/"]}]},{"@type":"ImageObject","inLanguage":"fr-FR","@id":"https:\/\/www.bellunopress.it\/2022\/12\/20\/virginia-giuffrida-subentra-a-luisa-ciprian-alla-presidenza-dellassociazione-margherita-fenice\/#primaryimage","url":"https:\/\/www.bellunopress.it\/wp-content\/uploads\/2022\/12\/Luisa-Ciprian-e-la-neo-presidente-Virgina-Giuffrida-Ass-Margherita-Fenice.jpg","contentUrl":"https:\/\/www.bellunopress.it\/wp-content\/uploads\/2022\/12\/Luisa-Ciprian-e-la-neo-presidente-Virgina-Giuffrida-Ass-Margherita-Fenice.jpg","width":433,"height":351,"caption":"Luisa Ciprian e la neo presidente Virginia Giuffrida"},{"@type":"BreadcrumbList","@id":"https:\/\/www.bellunopress.it\/2022\/12\/20\/virginia-giuffrida-subentra-a-luisa-ciprian-alla-presidenza-dellassociazione-margherita-fenice\/#breadcrumb","itemListElement":[{"@type":"ListItem","position":1,"name":"Home","item":"https:\/\/www.bellunopress.it\/"},{"@type":"ListItem","position":2,"name":"Virginia Giuffrida subentra a Luisa Ciprian alla presidenza dell&#8217;Associazione Margherita Fenice"}]},{"@type":"WebSite","@id":"https:\/\/www.bellunopress.it\/#website","url":"https:\/\/www.bellunopress.it\/","name":"Bellunopress - Dolomiti","description":"e-mail: redazione@bellunopress.it","publisher":{"@id":"https:\/\/www.bellunopress.it\/#organization"},"potentialAction":[{"@type":"SearchAction","target":{"@type":"EntryPoint","urlTemplate":"https:\/\/www.bellunopress.it\/?s={search_term_string}"},"query-input":{"@type":"PropertyValueSpecification","valueRequired":true,"valueName":"search_term_string"}}],"inLanguage":"fr-FR"},{"@type":"Organization","@id":"https:\/\/www.bellunopress.it\/#organization","name":"Bellunopress","url":"https:\/\/www.bellunopress.it\/","logo":{"@type":"ImageObject","inLanguage":"fr-FR","@id":"https:\/\/www.bellunopress.it\/#\/schema\/logo\/image\/","url":"https:\/\/www.bellunopress.it\/wp-content\/uploads\/2011\/05\/cropped-logo-bellunopress-.jpg","contentUrl":"https:\/\/www.bellunopress.it\/wp-content\/uploads\/2011\/05\/cropped-logo-bellunopress-.jpg","width":512,"height":512,"caption":"Bellunopress"},"image":{"@id":"https:\/\/www.bellunopress.it\/#\/schema\/logo\/image\/"},"sameAs":["https:\/\/www.facebook.com\/profile.php?id=100008943462799","https:\/\/x.com\/bellunopress","https:\/\/www.linkedin.com\/hp\/?dnr=JBzUWaJfMUw8vbXJJ2tVW5-I3jZKvC4wsoxE&amp;amp;amp;amp;amp;amp;trk=nav_responsive_tab_home","https:\/\/www.youtube.com\/channel\/UCxL0wu1uN0_3_7hGG0306cw"]},{"@type":"Person","@id":"https:\/\/www.bellunopress.it\/#\/schema\/person\/79bb06722b37ece1c03d3e94beb30d73","name":"r\u00e9daction","image":{"@type":"ImageObject","inLanguage":"fr-FR","@id":"https:\/\/secure.gravatar.com\/avatar\/37d968a2e67a6fd04c169c4bdef102d0bc5d31b2546345219e348575eb80e9a0?s=96&d=mm&r=g","url":"https:\/\/secure.gravatar.com\/avatar\/37d968a2e67a6fd04c169c4bdef102d0bc5d31b2546345219e348575eb80e9a0?s=96&d=mm&r=g","contentUrl":"https:\/\/secure.gravatar.com\/avatar\/37d968a2e67a6fd04c169c4bdef102d0bc5d31b2546345219e348575eb80e9a0?s=96&d=mm&r=g","caption":"redazione"},"sameAs":["http:\/\/www.bellunopress.it","https:\/\/x.com\/bellunopress"],"url":"https:\/\/www.bellunopress.it\/fr\/author\/redazione\/"}]}},"_links":{"self":[{"href":"https:\/\/www.bellunopress.it\/fr\/wp-json\/wp\/v2\/posts\/138519","targetHints":{"allow":["GET"]}}],"collection":[{"href":"https:\/\/www.bellunopress.it\/fr\/wp-json\/wp\/v2\/posts"}],"about":[{"href":"https:\/\/www.bellunopress.it\/fr\/wp-json\/wp\/v2\/types\/post"}],"author":[{"embeddable":true,"href":"https:\/\/www.bellunopress.it\/fr\/wp-json\/wp\/v2\/users\/2"}],"replies":[{"embeddable":true,"href":"https:\/\/www.bellunopress.it\/fr\/wp-json\/wp\/v2\/comments?post=138519"}],"version-history":[{"count":1,"href":"https:\/\/www.bellunopress.it\/fr\/wp-json\/wp\/v2\/posts\/138519\/revisions"}],"predecessor-version":[{"id":138521,"href":"https:\/\/www.bellunopress.it\/fr\/wp-json\/wp\/v2\/posts\/138519\/revisions\/138521"}],"wp:featuredmedia":[{"embeddable":true,"href":"https:\/\/www.bellunopress.it\/fr\/wp-json\/wp\/v2\/media\/138520"}],"wp:attachment":[{"href":"https:\/\/www.bellunopress.it\/fr\/wp-json\/wp\/v2\/media?parent=138519"}],"wp:term":[{"taxonomy":"category","embeddable":true,"href":"https:\/\/www.bellunopress.it\/fr\/wp-json\/wp\/v2\/categories?post=138519"},{"taxonomy":"post_tag","embeddable":true,"href":"https:\/\/www.bellunopress.it\/fr\/wp-json\/wp\/v2\/tags?post=138519"}],"curies":[{"name":"wp","href":"https:\/\/api.w.org\/{rel}","templated":true}]}}