{"id":138505,"date":"2022-12-19T17:29:06","date_gmt":"2022-12-19T16:29:06","guid":{"rendered":"https:\/\/www.bellunopress.it\/?p=138505"},"modified":"2022-12-19T17:29:06","modified_gmt":"2022-12-19T16:29:06","slug":"belluno-tariffe-idriche-e-rifiuti-demografia-e-personale-il-gruppo-valore-comune-chiede-spiegazioni-a-sindaco-e-assessore","status":"publish","type":"post","link":"https:\/\/www.bellunopress.it\/fr\/2022\/12\/19\/belluno-tariffe-idriche-e-rifiuti-demografia-e-personale-il-gruppo-valore-comune-chiede-spiegazioni-a-sindaco-e-assessore\/","title":{"rendered":"Belluno. Tariffe idriche e rifiuti, demografia e personale. Il Gruppo Valore comune chiede spiegazioni a sindaco e assessore"},"content":{"rendered":"<figure id=\"attachment_132794\" aria-describedby=\"caption-attachment-132794\" style=\"width: 551px\" class=\"wp-caption alignleft\"><img loading=\"lazy\" decoding=\"async\" class=\"size-full wp-image-132794\" src=\"https:\/\/www.bellunopress.it\/wp-content\/uploads\/2022\/04\/Riccardo-Samaria-lista-Vignato_edited.jpg\" alt=\"\" width=\"551\" height=\"447\" srcset=\"https:\/\/www.bellunopress.it\/wp-content\/uploads\/2022\/04\/Riccardo-Samaria-lista-Vignato_edited.jpg 551w, https:\/\/www.bellunopress.it\/wp-content\/uploads\/2022\/04\/Riccardo-Samaria-lista-Vignato_edited-500x406.jpg 500w, https:\/\/www.bellunopress.it\/wp-content\/uploads\/2022\/04\/Riccardo-Samaria-lista-Vignato_edited-518x420.jpg 518w\" sizes=\"auto, (max-width: 551px) 100vw, 551px\" \/><figcaption id=\"caption-attachment-132794\" class=\"wp-caption-text\">Riccardo Samaria<\/figcaption><\/figure>\n<figure id=\"attachment_133047\" aria-describedby=\"caption-attachment-133047\" style=\"width: 1000px\" class=\"wp-caption alignleft\"><img loading=\"lazy\" decoding=\"async\" class=\"size-full wp-image-133047\" src=\"https:\/\/www.bellunopress.it\/wp-content\/uploads\/2022\/04\/Giuseppe-Vignato_edited-1.jpg\" alt=\"\" width=\"1000\" height=\"1000\" srcset=\"https:\/\/www.bellunopress.it\/wp-content\/uploads\/2022\/04\/Giuseppe-Vignato_edited-1.jpg 1000w, https:\/\/www.bellunopress.it\/wp-content\/uploads\/2022\/04\/Giuseppe-Vignato_edited-1-500x500.jpg 500w, https:\/\/www.bellunopress.it\/wp-content\/uploads\/2022\/04\/Giuseppe-Vignato_edited-1-300x300.jpg 300w, https:\/\/www.bellunopress.it\/wp-content\/uploads\/2022\/04\/Giuseppe-Vignato_edited-1-696x696.jpg 696w, https:\/\/www.bellunopress.it\/wp-content\/uploads\/2022\/04\/Giuseppe-Vignato_edited-1-420x420.jpg 420w\" sizes=\"auto, (max-width: 1000px) 100vw, 1000px\" \/><figcaption id=\"caption-attachment-133047\" class=\"wp-caption-text\">Giuseppe Vignato<\/figcaption><\/figure>\n<figure id=\"attachment_138506\" aria-describedby=\"caption-attachment-138506\" style=\"width: 317px\" class=\"wp-caption alignleft\"><img loading=\"lazy\" decoding=\"async\" class=\"size-full wp-image-138506\" src=\"https:\/\/www.bellunopress.it\/wp-content\/uploads\/2022\/12\/Mirco-Costa_edited.jpg\" alt=\"Mirco Costa Gruppo Valore Comune con Vignato candidato sindaco\" width=\"317\" height=\"398\" \/><figcaption id=\"caption-attachment-138506\" class=\"wp-caption-text\">Mirco Costa<\/figcaption><\/figure>\n<p>Belluno, 19 dicembre 2022 &#8211; Il Gruppo consigliare di minoranza Valore Comune, a firma dei consiglieri Mirco Costa, Riccardo Samaria, Giuseppe Vignato, ha presentato due domande d&#8217;attualit\u00e0 e due interrogazioni al sindaco e all&#8217;assessore competente sugli aumenti di tariffe idriche, tariffe dei rifiuti urbani, sulle politiche demografiche e sulle eventuali assunzioni di personale al Comune di Belluno.<\/p>\n<p>Ecco nel dettaglio i quesiti posti dai consiglieri di opposizione a sindaco e assessore competente<\/p>\n<p><strong>Tariffe idriche <\/strong>:<\/p>\n<p>1. Se l\u2019Amministrazione in sede di Consiglio di Bacino ha votato a favore dell\u2019aumento del 3% delle tariffe dal 2023 e dell\u20198,4% dal 2025;<br \/>\n2. Se l\u2019Amministrazione ha fatto presente il calo delle performance aziendali di BIM G.S.P. e la sua consistente disponibilit\u00e0 finanziaria che non giustifica affatto l\u2019aumento delle tariffe deliberato;<br \/>\n3. Se l\u2019Amministrazione, dato che il Comune di Belluno pesa per il 20% della popolazione provinciale contribuendo con circa 2 milioni di euro di sovracanoni elettrici che vengono addebitati nelle bollette elettriche e introitati dal Consorzio BIM, intende chiedere al Consorzio BIM l\u2019erogazione dei contributi che gli spettano per finanziare servizi sociali e territoriali nel nostro Comune;<br \/>\n4. Se degli aumenti tariffari, della situazione idrica comunale e del relativo programma di investimenti \u00e8 stata data adeguata informazione alla cittadinanza, professionisti ed imprese del Comune di Belluno.<\/p>\n<p><strong>Tariffe Rifiuti solidi urbani<\/strong><\/p>\n<p>1. Se l\u2019Amministrazione (tramite giunta o assessore competente) ha espresso alla societ\u00e0 controllata Bellunum il parere preventivo favorevole alla delibera del Consiglio di Amministrazione per l\u2019acquisizione della Dolomiti Ambiente e con quali motivazioni gestionali ed economiche;<br \/>\n2. Se \u00e8 stato tenuto in considerazione l\u2019impatto, che le innanzi citate acquisizione e fusione, avr\u00e0 sui conti economici e patrimoniali della Bellunum per via dell\u2019indebitamento complessivo che post fusione salir\u00e0 a 8 milioni di euro;<br \/>\n3. Quale aumento delle tariffe RSU a carico di famiglie e imprese bellunesi dal 2023 comporter\u00e0 l\u2019indebitamento di 8 milioni di euro che \u00e8 pari al 40% del fatturato aggregato delle societ\u00e0 fuse;<br \/>\n4. Quali altri impatti ci saranno sul bilancio comunale a seguito dell\u2019aumento delle tariffe RSU.<\/p>\n<p><strong>Politiche demografiche<\/strong><\/p>\n<p>1. Quali politiche intende attivare l\u2019Amministrazione affinch\u00e9 il Comune di Belluno contribuisca a frenare l&#8217;invecchiamento demografico, favorire la natalit\u00e0 da conciliare con il lavoro femminile, aumentare l\u2019istruzione e il reddito dei giovani, ed accogliere nuovi immigrati da includere opportunatamente nel mondo del lavoro;<br \/>\n2. Quali politiche per potenziare i servizi a sostegno e promozione della famiglia, della qualit\u00e0 della vita per le donne, degli asili nido comunali e di altri servizi per la cura e l\u2019assistenza dei minori;<br \/>\n3. Quali politiche per dare risposta alla crescente non-autosufficienza, per integrare le competenze socio-assistenziali della Sersa con quelle medico-sanitarie dell\u2019ULSS, e quali risorse finanziarie richiedere ad ULSS e\/o Regione;<br \/>\n4. Come intende rafforzare i servizi di assistenza domiciliare per gli anziani ed integrarla con l\u2019A.D.I. svolta dall\u2019ULSS, e quali sono gli impatti economici sul bilancio comunale;<br \/>\n5. Per accompagnare i cambiamenti demografici in corso quali altri servizi intende adeguare l\u2019Amministrazione nei settori della mobilit\u00e0, infrastrutture ed abitazioni per giovani, donne e anziani, quali sono le scelte in termini di priorit\u00e0 e se sono state discusse con la cittadinanza ed altri portatori d\u2019interesse cittadini.<\/p>\n<p><strong>Personale dipendente, assunzioni<\/strong><\/p>\n<p>1. Se esiste da parte del Sindaco un programma di organizzazione della macchina comunale improntato alla semplificazione delle procedure con obiettivi di efficienza ed efficacia nei confronti dei Cittadini, selezionando ci\u00f2 che deve essere fatto dagli interni, e ci\u00f2 che si pu\u00f2 far fare all&#8217;esterno per ridurne i costi;<br \/>\n2. Se ha pensato a sviluppare nel personale una maggiore attitudine economica che porti appunto a ricadute positive come la riduzione di costi comunali e la ricerca di economie e sinergie con enti pubblici e\/o privati per liberare risorse economiche, e con quali modalit\u00e0;<br \/>\n3. Se sono state definite con le OO.SS. sistemi di incentivazione delle risorse umane che innalzino competenze, capacit\u00e0 e comportamenti, e quali impatti hanno sul bilancio comunale;<br \/>\n4. Se \u00e8 stato predisposto un Piano economico-finanziario sull\u2019operativit\u00e0 dei vari servizi comunali, e quando detto Piano verr\u00e0 portato all\u2019attenzione del Consiglio Comunale;<br \/>\n5. Quali sono le scelte dell\u2019Amministrazione in termini di priorit\u00e0 funzionali al miglioramento dei servizi erogati a favore di cittadini, professionisti e imprese, e se sono state discusse con la cittadinanza e tutti i portatori d\u2019interesse.<br \/>\n6. Se \u00e8 stata fatta una ricognizione puntuale sulla carenza di organico nei vari settori e uffici del Comune e a quanto ammonta.<br \/>\n7. Se vista la grave situazione occupazionale sono previste assunzioni nell\u2019anno 2023 e in quali settori.<\/p>\n<p>&nbsp;<\/p>","protected":false},"excerpt":{"rendered":"<p>Belluno, 19 dicembre 2022 &#8211; Il Gruppo consigliare di minoranza Valore Comune, a firma dei consiglieri Mirco Costa, Riccardo Samaria, Giuseppe Vignato, ha presentato due domande d&#8217;attualit\u00e0 e due interrogazioni al sindaco e all&#8217;assessore competente sugli aumenti di tariffe idriche, tariffe dei rifiuti urbani, sulle politiche demografiche e sulle eventuali assunzioni di personale al Comune [&hellip;]<\/p>\n","protected":false},"author":2,"featured_media":138506,"comment_status":"closed","ping_status":"open","sticky":false,"template":"","format":"standard","meta":{"footnotes":""},"categories":[5,26],"tags":[],"class_list":["post-138505","post","type-post","status-publish","format-standard","has-post-thumbnail","category-cronaca","category-prima-pagina"],"yoast_head":"<!-- This site is optimized with the Yoast SEO plugin v28.4 - https:\/\/yoast.com\/product\/yoast-seo-wordpress\/ -->\n<title>Belluno. Tariffe idriche e rifiuti, demografia e personale. Il Gruppo Valore comune chiede spiegazioni a sindaco e assessore - Bellunopress - Dolomiti<\/title>\n<meta name=\"robots\" content=\"index, follow, max-snippet:-1, max-image-preview:large, max-video-preview:-1\" \/>\n<link rel=\"canonical\" href=\"https:\/\/www.bellunopress.it\/fr\/2022\/12\/19\/belluno-tariffe-idriche-e-rifiuti-demografia-e-personale-il-gruppo-valore-comune-chiede-spiegazioni-a-sindaco-e-assessore\/\" \/>\n<meta property=\"og:locale\" content=\"fr_FR\" \/>\n<meta property=\"og:type\" content=\"article\" \/>\n<meta property=\"og:title\" content=\"Belluno. Tariffe idriche e rifiuti, demografia e personale. Il Gruppo Valore comune chiede spiegazioni a sindaco e assessore - Bellunopress - Dolomiti\" \/>\n<meta property=\"og:description\" content=\"Belluno, 19 dicembre 2022 &#8211; Il Gruppo consigliare di minoranza Valore Comune, a firma dei consiglieri Mirco Costa, Riccardo Samaria, Giuseppe Vignato, ha presentato due domande d&#8217;attualit\u00e0 e due interrogazioni al sindaco e all&#8217;assessore competente sugli aumenti di tariffe idriche, tariffe dei rifiuti urbani, sulle politiche demografiche e sulle eventuali assunzioni di personale al Comune [&hellip;]\" \/>\n<meta property=\"og:url\" content=\"https:\/\/www.bellunopress.it\/fr\/2022\/12\/19\/belluno-tariffe-idriche-e-rifiuti-demografia-e-personale-il-gruppo-valore-comune-chiede-spiegazioni-a-sindaco-e-assessore\/\" \/>\n<meta property=\"og:site_name\" content=\"Bellunopress - Dolomiti\" \/>\n<meta property=\"article:publisher\" content=\"https:\/\/www.facebook.com\/profile.php?id=100008943462799\" \/>\n<meta property=\"article:published_time\" content=\"2022-12-19T16:29:06+00:00\" \/>\n<meta property=\"og:image\" content=\"https:\/\/www.bellunopress.it\/wp-content\/uploads\/2022\/12\/Mirco-Costa_edited.jpg\" \/>\n\t<meta property=\"og:image:width\" content=\"317\" \/>\n\t<meta property=\"og:image:height\" content=\"398\" \/>\n\t<meta property=\"og:image:type\" content=\"image\/jpeg\" \/>\n<meta name=\"author\" content=\"redazione\" \/>\n<meta name=\"twitter:card\" content=\"summary_large_image\" \/>\n<meta name=\"twitter:creator\" content=\"@bellunopress\" \/>\n<meta name=\"twitter:site\" content=\"@bellunopress\" \/>\n<meta name=\"twitter:label1\" content=\"\u00c9crit par\" \/>\n\t<meta name=\"twitter:data1\" content=\"redazione\" \/>\n\t<meta name=\"twitter:label2\" content=\"Dur\u00e9e de lecture estim\u00e9e\" \/>\n\t<meta name=\"twitter:data2\" content=\"5 minutes\" \/>\n<script type=\"application\/ld+json\" class=\"yoast-schema-graph\">{\"@context\":\"https:\\\/\\\/schema.org\",\"@graph\":[{\"@type\":\"Article\",\"@id\":\"https:\\\/\\\/www.bellunopress.it\\\/2022\\\/12\\\/19\\\/belluno-tariffe-idriche-e-rifiuti-demografia-e-personale-il-gruppo-valore-comune-chiede-spiegazioni-a-sindaco-e-assessore\\\/#article\",\"isPartOf\":{\"@id\":\"https:\\\/\\\/www.bellunopress.it\\\/2022\\\/12\\\/19\\\/belluno-tariffe-idriche-e-rifiuti-demografia-e-personale-il-gruppo-valore-comune-chiede-spiegazioni-a-sindaco-e-assessore\\\/\"},\"author\":{\"name\":\"redazione\",\"@id\":\"https:\\\/\\\/www.bellunopress.it\\\/#\\\/schema\\\/person\\\/79bb06722b37ece1c03d3e94beb30d73\"},\"headline\":\"Belluno. Tariffe idriche e rifiuti, demografia e personale. Il Gruppo Valore comune chiede spiegazioni a sindaco e assessore\",\"datePublished\":\"2022-12-19T16:29:06+00:00\",\"mainEntityOfPage\":{\"@id\":\"https:\\\/\\\/www.bellunopress.it\\\/2022\\\/12\\\/19\\\/belluno-tariffe-idriche-e-rifiuti-demografia-e-personale-il-gruppo-valore-comune-chiede-spiegazioni-a-sindaco-e-assessore\\\/\"},\"wordCount\":785,\"publisher\":{\"@id\":\"https:\\\/\\\/www.bellunopress.it\\\/#organization\"},\"image\":{\"@id\":\"https:\\\/\\\/www.bellunopress.it\\\/2022\\\/12\\\/19\\\/belluno-tariffe-idriche-e-rifiuti-demografia-e-personale-il-gruppo-valore-comune-chiede-spiegazioni-a-sindaco-e-assessore\\\/#primaryimage\"},\"thumbnailUrl\":\"https:\\\/\\\/www.bellunopress.it\\\/wp-content\\\/uploads\\\/2022\\\/12\\\/Mirco-Costa_edited.jpg\",\"articleSection\":[\"Cronaca\\\/Politica\",\"Prima Pagina\"],\"inLanguage\":\"fr-FR\"},{\"@type\":\"WebPage\",\"@id\":\"https:\\\/\\\/www.bellunopress.it\\\/2022\\\/12\\\/19\\\/belluno-tariffe-idriche-e-rifiuti-demografia-e-personale-il-gruppo-valore-comune-chiede-spiegazioni-a-sindaco-e-assessore\\\/\",\"url\":\"https:\\\/\\\/www.bellunopress.it\\\/2022\\\/12\\\/19\\\/belluno-tariffe-idriche-e-rifiuti-demografia-e-personale-il-gruppo-valore-comune-chiede-spiegazioni-a-sindaco-e-assessore\\\/\",\"name\":\"Belluno. Tariffe idriche e rifiuti, demografia e personale. Il Gruppo Valore comune chiede spiegazioni a sindaco e assessore - Bellunopress - Dolomiti\",\"isPartOf\":{\"@id\":\"https:\\\/\\\/www.bellunopress.it\\\/#website\"},\"primaryImageOfPage\":{\"@id\":\"https:\\\/\\\/www.bellunopress.it\\\/2022\\\/12\\\/19\\\/belluno-tariffe-idriche-e-rifiuti-demografia-e-personale-il-gruppo-valore-comune-chiede-spiegazioni-a-sindaco-e-assessore\\\/#primaryimage\"},\"image\":{\"@id\":\"https:\\\/\\\/www.bellunopress.it\\\/2022\\\/12\\\/19\\\/belluno-tariffe-idriche-e-rifiuti-demografia-e-personale-il-gruppo-valore-comune-chiede-spiegazioni-a-sindaco-e-assessore\\\/#primaryimage\"},\"thumbnailUrl\":\"https:\\\/\\\/www.bellunopress.it\\\/wp-content\\\/uploads\\\/2022\\\/12\\\/Mirco-Costa_edited.jpg\",\"datePublished\":\"2022-12-19T16:29:06+00:00\",\"breadcrumb\":{\"@id\":\"https:\\\/\\\/www.bellunopress.it\\\/2022\\\/12\\\/19\\\/belluno-tariffe-idriche-e-rifiuti-demografia-e-personale-il-gruppo-valore-comune-chiede-spiegazioni-a-sindaco-e-assessore\\\/#breadcrumb\"},\"inLanguage\":\"fr-FR\",\"potentialAction\":[{\"@type\":\"ReadAction\",\"target\":[\"https:\\\/\\\/www.bellunopress.it\\\/2022\\\/12\\\/19\\\/belluno-tariffe-idriche-e-rifiuti-demografia-e-personale-il-gruppo-valore-comune-chiede-spiegazioni-a-sindaco-e-assessore\\\/\"]}]},{\"@type\":\"ImageObject\",\"inLanguage\":\"fr-FR\",\"@id\":\"https:\\\/\\\/www.bellunopress.it\\\/2022\\\/12\\\/19\\\/belluno-tariffe-idriche-e-rifiuti-demografia-e-personale-il-gruppo-valore-comune-chiede-spiegazioni-a-sindaco-e-assessore\\\/#primaryimage\",\"url\":\"https:\\\/\\\/www.bellunopress.it\\\/wp-content\\\/uploads\\\/2022\\\/12\\\/Mirco-Costa_edited.jpg\",\"contentUrl\":\"https:\\\/\\\/www.bellunopress.it\\\/wp-content\\\/uploads\\\/2022\\\/12\\\/Mirco-Costa_edited.jpg\",\"width\":317,\"height\":398,\"caption\":\"Mirco Costa\"},{\"@type\":\"BreadcrumbList\",\"@id\":\"https:\\\/\\\/www.bellunopress.it\\\/2022\\\/12\\\/19\\\/belluno-tariffe-idriche-e-rifiuti-demografia-e-personale-il-gruppo-valore-comune-chiede-spiegazioni-a-sindaco-e-assessore\\\/#breadcrumb\",\"itemListElement\":[{\"@type\":\"ListItem\",\"position\":1,\"name\":\"Home\",\"item\":\"https:\\\/\\\/www.bellunopress.it\\\/\"},{\"@type\":\"ListItem\",\"position\":2,\"name\":\"Belluno. Tariffe idriche e rifiuti, demografia e personale. Il Gruppo Valore comune chiede spiegazioni a sindaco e assessore\"}]},{\"@type\":\"WebSite\",\"@id\":\"https:\\\/\\\/www.bellunopress.it\\\/#website\",\"url\":\"https:\\\/\\\/www.bellunopress.it\\\/\",\"name\":\"Bellunopress - Dolomiti\",\"description\":\"e-mail: redazione@bellunopress.it\",\"publisher\":{\"@id\":\"https:\\\/\\\/www.bellunopress.it\\\/#organization\"},\"potentialAction\":[{\"@type\":\"SearchAction\",\"target\":{\"@type\":\"EntryPoint\",\"urlTemplate\":\"https:\\\/\\\/www.bellunopress.it\\\/?s={search_term_string}\"},\"query-input\":{\"@type\":\"PropertyValueSpecification\",\"valueRequired\":true,\"valueName\":\"search_term_string\"}}],\"inLanguage\":\"fr-FR\"},{\"@type\":\"Organization\",\"@id\":\"https:\\\/\\\/www.bellunopress.it\\\/#organization\",\"name\":\"Bellunopress\",\"url\":\"https:\\\/\\\/www.bellunopress.it\\\/\",\"logo\":{\"@type\":\"ImageObject\",\"inLanguage\":\"fr-FR\",\"@id\":\"https:\\\/\\\/www.bellunopress.it\\\/#\\\/schema\\\/logo\\\/image\\\/\",\"url\":\"https:\\\/\\\/www.bellunopress.it\\\/wp-content\\\/uploads\\\/2011\\\/05\\\/cropped-logo-bellunopress-.jpg\",\"contentUrl\":\"https:\\\/\\\/www.bellunopress.it\\\/wp-content\\\/uploads\\\/2011\\\/05\\\/cropped-logo-bellunopress-.jpg\",\"width\":512,\"height\":512,\"caption\":\"Bellunopress\"},\"image\":{\"@id\":\"https:\\\/\\\/www.bellunopress.it\\\/#\\\/schema\\\/logo\\\/image\\\/\"},\"sameAs\":[\"https:\\\/\\\/www.facebook.com\\\/profile.php?id=100008943462799\",\"https:\\\/\\\/x.com\\\/bellunopress\",\"https:\\\/\\\/www.linkedin.com\\\/hp\\\/?dnr=JBzUWaJfMUw8vbXJJ2tVW5-I3jZKvC4wsoxE&amp;amp;amp;amp;amp;amp;trk=nav_responsive_tab_home\",\"https:\\\/\\\/www.youtube.com\\\/channel\\\/UCxL0wu1uN0_3_7hGG0306cw\"]},{\"@type\":\"Person\",\"@id\":\"https:\\\/\\\/www.bellunopress.it\\\/#\\\/schema\\\/person\\\/79bb06722b37ece1c03d3e94beb30d73\",\"name\":\"redazione\",\"image\":{\"@type\":\"ImageObject\",\"inLanguage\":\"fr-FR\",\"@id\":\"https:\\\/\\\/secure.gravatar.com\\\/avatar\\\/37d968a2e67a6fd04c169c4bdef102d0bc5d31b2546345219e348575eb80e9a0?s=96&d=mm&r=g\",\"url\":\"https:\\\/\\\/secure.gravatar.com\\\/avatar\\\/37d968a2e67a6fd04c169c4bdef102d0bc5d31b2546345219e348575eb80e9a0?s=96&d=mm&r=g\",\"contentUrl\":\"https:\\\/\\\/secure.gravatar.com\\\/avatar\\\/37d968a2e67a6fd04c169c4bdef102d0bc5d31b2546345219e348575eb80e9a0?s=96&d=mm&r=g\",\"caption\":\"redazione\"},\"sameAs\":[\"http:\\\/\\\/www.bellunopress.it\",\"https:\\\/\\\/x.com\\\/bellunopress\"],\"url\":\"https:\\\/\\\/www.bellunopress.it\\\/fr\\\/author\\\/redazione\\\/\"}]}<\/script>\n<!-- \/ Yoast SEO plugin. -->","yoast_head_json":{"title":"Belluno. Tariffe idriche e rifiuti, demografia e personale. Il Gruppo Valore comune chiede spiegazioni a sindaco e assessore - Bellunopress - Dolomiti","robots":{"index":"index","follow":"follow","max-snippet":"max-snippet:-1","max-image-preview":"max-image-preview:large","max-video-preview":"max-video-preview:-1"},"canonical":"https:\/\/www.bellunopress.it\/fr\/2022\/12\/19\/belluno-tariffe-idriche-e-rifiuti-demografia-e-personale-il-gruppo-valore-comune-chiede-spiegazioni-a-sindaco-e-assessore\/","og_locale":"fr_FR","og_type":"article","og_title":"Belluno. Tariffe idriche e rifiuti, demografia e personale. Il Gruppo Valore comune chiede spiegazioni a sindaco e assessore - Bellunopress - Dolomiti","og_description":"Belluno, 19 dicembre 2022 &#8211; Il Gruppo consigliare di minoranza Valore Comune, a firma dei consiglieri Mirco Costa, Riccardo Samaria, Giuseppe Vignato, ha presentato due domande d&#8217;attualit\u00e0 e due interrogazioni al sindaco e all&#8217;assessore competente sugli aumenti di tariffe idriche, tariffe dei rifiuti urbani, sulle politiche demografiche e sulle eventuali assunzioni di personale al Comune [&hellip;]","og_url":"https:\/\/www.bellunopress.it\/fr\/2022\/12\/19\/belluno-tariffe-idriche-e-rifiuti-demografia-e-personale-il-gruppo-valore-comune-chiede-spiegazioni-a-sindaco-e-assessore\/","og_site_name":"Bellunopress - Dolomiti","article_publisher":"https:\/\/www.facebook.com\/profile.php?id=100008943462799","article_published_time":"2022-12-19T16:29:06+00:00","og_image":[{"width":317,"height":398,"url":"https:\/\/www.bellunopress.it\/wp-content\/uploads\/2022\/12\/Mirco-Costa_edited.jpg","type":"image\/jpeg"}],"author":"redazione","twitter_card":"summary_large_image","twitter_creator":"@bellunopress","twitter_site":"@bellunopress","twitter_misc":{"\u00c9crit par":"redazione","Dur\u00e9e de lecture estim\u00e9e":"5 minutes"},"schema":{"@context":"https:\/\/schema.org","@graph":[{"@type":"Article","@id":"https:\/\/www.bellunopress.it\/2022\/12\/19\/belluno-tariffe-idriche-e-rifiuti-demografia-e-personale-il-gruppo-valore-comune-chiede-spiegazioni-a-sindaco-e-assessore\/#article","isPartOf":{"@id":"https:\/\/www.bellunopress.it\/2022\/12\/19\/belluno-tariffe-idriche-e-rifiuti-demografia-e-personale-il-gruppo-valore-comune-chiede-spiegazioni-a-sindaco-e-assessore\/"},"author":{"name":"redazione","@id":"https:\/\/www.bellunopress.it\/#\/schema\/person\/79bb06722b37ece1c03d3e94beb30d73"},"headline":"Belluno. Tariffe idriche e rifiuti, demografia e personale. Il Gruppo Valore comune chiede spiegazioni a sindaco e assessore","datePublished":"2022-12-19T16:29:06+00:00","mainEntityOfPage":{"@id":"https:\/\/www.bellunopress.it\/2022\/12\/19\/belluno-tariffe-idriche-e-rifiuti-demografia-e-personale-il-gruppo-valore-comune-chiede-spiegazioni-a-sindaco-e-assessore\/"},"wordCount":785,"publisher":{"@id":"https:\/\/www.bellunopress.it\/#organization"},"image":{"@id":"https:\/\/www.bellunopress.it\/2022\/12\/19\/belluno-tariffe-idriche-e-rifiuti-demografia-e-personale-il-gruppo-valore-comune-chiede-spiegazioni-a-sindaco-e-assessore\/#primaryimage"},"thumbnailUrl":"https:\/\/www.bellunopress.it\/wp-content\/uploads\/2022\/12\/Mirco-Costa_edited.jpg","articleSection":["Cronaca\/Politica","Prima Pagina"],"inLanguage":"fr-FR"},{"@type":"WebPage","@id":"https:\/\/www.bellunopress.it\/2022\/12\/19\/belluno-tariffe-idriche-e-rifiuti-demografia-e-personale-il-gruppo-valore-comune-chiede-spiegazioni-a-sindaco-e-assessore\/","url":"https:\/\/www.bellunopress.it\/2022\/12\/19\/belluno-tariffe-idriche-e-rifiuti-demografia-e-personale-il-gruppo-valore-comune-chiede-spiegazioni-a-sindaco-e-assessore\/","name":"Belluno. Tariffe idriche e rifiuti, demografia e personale. Il Gruppo Valore comune chiede spiegazioni a sindaco e assessore - Bellunopress - Dolomiti","isPartOf":{"@id":"https:\/\/www.bellunopress.it\/#website"},"primaryImageOfPage":{"@id":"https:\/\/www.bellunopress.it\/2022\/12\/19\/belluno-tariffe-idriche-e-rifiuti-demografia-e-personale-il-gruppo-valore-comune-chiede-spiegazioni-a-sindaco-e-assessore\/#primaryimage"},"image":{"@id":"https:\/\/www.bellunopress.it\/2022\/12\/19\/belluno-tariffe-idriche-e-rifiuti-demografia-e-personale-il-gruppo-valore-comune-chiede-spiegazioni-a-sindaco-e-assessore\/#primaryimage"},"thumbnailUrl":"https:\/\/www.bellunopress.it\/wp-content\/uploads\/2022\/12\/Mirco-Costa_edited.jpg","datePublished":"2022-12-19T16:29:06+00:00","breadcrumb":{"@id":"https:\/\/www.bellunopress.it\/2022\/12\/19\/belluno-tariffe-idriche-e-rifiuti-demografia-e-personale-il-gruppo-valore-comune-chiede-spiegazioni-a-sindaco-e-assessore\/#breadcrumb"},"inLanguage":"fr-FR","potentialAction":[{"@type":"ReadAction","target":["https:\/\/www.bellunopress.it\/2022\/12\/19\/belluno-tariffe-idriche-e-rifiuti-demografia-e-personale-il-gruppo-valore-comune-chiede-spiegazioni-a-sindaco-e-assessore\/"]}]},{"@type":"ImageObject","inLanguage":"fr-FR","@id":"https:\/\/www.bellunopress.it\/2022\/12\/19\/belluno-tariffe-idriche-e-rifiuti-demografia-e-personale-il-gruppo-valore-comune-chiede-spiegazioni-a-sindaco-e-assessore\/#primaryimage","url":"https:\/\/www.bellunopress.it\/wp-content\/uploads\/2022\/12\/Mirco-Costa_edited.jpg","contentUrl":"https:\/\/www.bellunopress.it\/wp-content\/uploads\/2022\/12\/Mirco-Costa_edited.jpg","width":317,"height":398,"caption":"Mirco Costa"},{"@type":"BreadcrumbList","@id":"https:\/\/www.bellunopress.it\/2022\/12\/19\/belluno-tariffe-idriche-e-rifiuti-demografia-e-personale-il-gruppo-valore-comune-chiede-spiegazioni-a-sindaco-e-assessore\/#breadcrumb","itemListElement":[{"@type":"ListItem","position":1,"name":"Home","item":"https:\/\/www.bellunopress.it\/"},{"@type":"ListItem","position":2,"name":"Belluno. Tariffe idriche e rifiuti, demografia e personale. Il Gruppo Valore comune chiede spiegazioni a sindaco e assessore"}]},{"@type":"WebSite","@id":"https:\/\/www.bellunopress.it\/#website","url":"https:\/\/www.bellunopress.it\/","name":"Bellunopress - Dolomiti","description":"e-mail: redazione@bellunopress.it","publisher":{"@id":"https:\/\/www.bellunopress.it\/#organization"},"potentialAction":[{"@type":"SearchAction","target":{"@type":"EntryPoint","urlTemplate":"https:\/\/www.bellunopress.it\/?s={search_term_string}"},"query-input":{"@type":"PropertyValueSpecification","valueRequired":true,"valueName":"search_term_string"}}],"inLanguage":"fr-FR"},{"@type":"Organization","@id":"https:\/\/www.bellunopress.it\/#organization","name":"Bellunopress","url":"https:\/\/www.bellunopress.it\/","logo":{"@type":"ImageObject","inLanguage":"fr-FR","@id":"https:\/\/www.bellunopress.it\/#\/schema\/logo\/image\/","url":"https:\/\/www.bellunopress.it\/wp-content\/uploads\/2011\/05\/cropped-logo-bellunopress-.jpg","contentUrl":"https:\/\/www.bellunopress.it\/wp-content\/uploads\/2011\/05\/cropped-logo-bellunopress-.jpg","width":512,"height":512,"caption":"Bellunopress"},"image":{"@id":"https:\/\/www.bellunopress.it\/#\/schema\/logo\/image\/"},"sameAs":["https:\/\/www.facebook.com\/profile.php?id=100008943462799","https:\/\/x.com\/bellunopress","https:\/\/www.linkedin.com\/hp\/?dnr=JBzUWaJfMUw8vbXJJ2tVW5-I3jZKvC4wsoxE&amp;amp;amp;amp;amp;amp;trk=nav_responsive_tab_home","https:\/\/www.youtube.com\/channel\/UCxL0wu1uN0_3_7hGG0306cw"]},{"@type":"Person","@id":"https:\/\/www.bellunopress.it\/#\/schema\/person\/79bb06722b37ece1c03d3e94beb30d73","name":"r\u00e9daction","image":{"@type":"ImageObject","inLanguage":"fr-FR","@id":"https:\/\/secure.gravatar.com\/avatar\/37d968a2e67a6fd04c169c4bdef102d0bc5d31b2546345219e348575eb80e9a0?s=96&d=mm&r=g","url":"https:\/\/secure.gravatar.com\/avatar\/37d968a2e67a6fd04c169c4bdef102d0bc5d31b2546345219e348575eb80e9a0?s=96&d=mm&r=g","contentUrl":"https:\/\/secure.gravatar.com\/avatar\/37d968a2e67a6fd04c169c4bdef102d0bc5d31b2546345219e348575eb80e9a0?s=96&d=mm&r=g","caption":"redazione"},"sameAs":["http:\/\/www.bellunopress.it","https:\/\/x.com\/bellunopress"],"url":"https:\/\/www.bellunopress.it\/fr\/author\/redazione\/"}]}},"_links":{"self":[{"href":"https:\/\/www.bellunopress.it\/fr\/wp-json\/wp\/v2\/posts\/138505","targetHints":{"allow":["GET"]}}],"collection":[{"href":"https:\/\/www.bellunopress.it\/fr\/wp-json\/wp\/v2\/posts"}],"about":[{"href":"https:\/\/www.bellunopress.it\/fr\/wp-json\/wp\/v2\/types\/post"}],"author":[{"embeddable":true,"href":"https:\/\/www.bellunopress.it\/fr\/wp-json\/wp\/v2\/users\/2"}],"replies":[{"embeddable":true,"href":"https:\/\/www.bellunopress.it\/fr\/wp-json\/wp\/v2\/comments?post=138505"}],"version-history":[{"count":1,"href":"https:\/\/www.bellunopress.it\/fr\/wp-json\/wp\/v2\/posts\/138505\/revisions"}],"predecessor-version":[{"id":138507,"href":"https:\/\/www.bellunopress.it\/fr\/wp-json\/wp\/v2\/posts\/138505\/revisions\/138507"}],"wp:featuredmedia":[{"embeddable":true,"href":"https:\/\/www.bellunopress.it\/fr\/wp-json\/wp\/v2\/media\/138506"}],"wp:attachment":[{"href":"https:\/\/www.bellunopress.it\/fr\/wp-json\/wp\/v2\/media?parent=138505"}],"wp:term":[{"taxonomy":"category","embeddable":true,"href":"https:\/\/www.bellunopress.it\/fr\/wp-json\/wp\/v2\/categories?post=138505"},{"taxonomy":"post_tag","embeddable":true,"href":"https:\/\/www.bellunopress.it\/fr\/wp-json\/wp\/v2\/tags?post=138505"}],"curies":[{"name":"wp","href":"https:\/\/api.w.org\/{rel}","templated":true}]}}