{"id":138497,"date":"2022-12-19T14:34:04","date_gmt":"2022-12-19T13:34:04","guid":{"rendered":"https:\/\/www.bellunopress.it\/?p=138497"},"modified":"2022-12-19T14:34:04","modified_gmt":"2022-12-19T13:34:04","slug":"mercoledi-allasilo-nido-piccolo-girasole-lo-spettacolo-bubu7te-cresco-con-il-teatro","status":"publish","type":"post","link":"https:\/\/www.bellunopress.it\/fr\/2022\/12\/19\/mercoledi-allasilo-nido-piccolo-girasole-lo-spettacolo-bubu7te-cresco-con-il-teatro\/","title":{"rendered":"Mercoled\u00ec all&#8217;asilo nido Piccolo Girasole lo spettacolo &#8220;Bubu7te. Cresco con il teatro&#8221;"},"content":{"rendered":"<p><img loading=\"lazy\" decoding=\"async\" class=\"alignleft size-full wp-image-138498\" src=\"https:\/\/www.bellunopress.it\/wp-content\/uploads\/2022\/12\/asilo-nido-piccolo-girasole-mur-di-cadola_edited.jpg\" alt=\"Asilo nido Piccolo Girasole - Belluno, Mur di Cadola \" width=\"1000\" height=\"700\" srcset=\"https:\/\/www.bellunopress.it\/wp-content\/uploads\/2022\/12\/asilo-nido-piccolo-girasole-mur-di-cadola_edited.jpg 1000w, https:\/\/www.bellunopress.it\/wp-content\/uploads\/2022\/12\/asilo-nido-piccolo-girasole-mur-di-cadola_edited-500x350.jpg 500w, https:\/\/www.bellunopress.it\/wp-content\/uploads\/2022\/12\/asilo-nido-piccolo-girasole-mur-di-cadola_edited-696x487.jpg 696w, https:\/\/www.bellunopress.it\/wp-content\/uploads\/2022\/12\/asilo-nido-piccolo-girasole-mur-di-cadola_edited-600x420.jpg 600w, https:\/\/www.bellunopress.it\/wp-content\/uploads\/2022\/12\/asilo-nido-piccolo-girasole-mur-di-cadola_edited-100x70.jpg 100w\" sizes=\"auto, (max-width: 1000px) 100vw, 1000px\" \/>\u201cBubu7te. Cresco con il teatro\u201d fa tappa a Belluno. Il progetto di Arteven \u2013 Circuito Multidisciplinare del Veneto arriva anche all\u2019asilo nido Piccolo Girasole di Mur di Cadola, dove mercoled\u00ec 21 dicembre i piccoli potranno assistere ad uno spettacolo educativo e divertente insieme.<\/p>\n<figure id=\"attachment_137144\" aria-describedby=\"caption-attachment-137144\" style=\"width: 802px\" class=\"wp-caption alignleft\"><img loading=\"lazy\" decoding=\"async\" class=\"size-full wp-image-137144\" src=\"https:\/\/www.bellunopress.it\/wp-content\/uploads\/2022\/10\/Roberta-Olivotto_edited.jpg\" alt=\"\" width=\"802\" height=\"1000\" srcset=\"https:\/\/www.bellunopress.it\/wp-content\/uploads\/2022\/10\/Roberta-Olivotto_edited.jpg 802w, https:\/\/www.bellunopress.it\/wp-content\/uploads\/2022\/10\/Roberta-Olivotto_edited-401x500.jpg 401w, https:\/\/www.bellunopress.it\/wp-content\/uploads\/2022\/10\/Roberta-Olivotto_edited-696x868.jpg 696w, https:\/\/www.bellunopress.it\/wp-content\/uploads\/2022\/10\/Roberta-Olivotto_edited-337x420.jpg 337w\" sizes=\"auto, (max-width: 802px) 100vw, 802px\" \/><figcaption id=\"caption-attachment-137144\" class=\"wp-caption-text\">Roberta Olivotto, assessore alle Politiche giovanili del Comune di Belluno<\/figcaption><\/figure>\n<p>\u201cSiamo particolarmente contenti di questa iniziativa \u2013 commenta l\u2019assessore alle politiche giovanili e scolastiche, Roberta Olivotto \u2013 perch\u00e9 molte volte si pensa ad attivit\u00e0 e spettacoli per le scuole dell\u2019infanzia o per le primarie e le medie, lasciando fuori la prima struttura educativa che accoglie i bambini fin dai primi mesi d\u2019et\u00e0 che, invece, va coinvolta con proposte specifiche\u201d.<\/p>\n<p>\u201cBubu7te\u201d \u00e8 il primo progetto teatrale del Veneto pensato e strutturato per i bambini e le bambine che frequentano il nido ed \u00e8 sostenuto dalla Regione del Veneto nell\u2019ambito del \u201cProgetto Prossimit\u00e0\u201d in collaborazione, oltre che con il Comune di Belluno, con quelli di Venezia, Padova, Rovigo, Vicenza, Verona e Treviso e con la partecipazione della Compagnia La Baracca \u2013 Testoni Ragazzi. Il tour ha preso il via il 10 novembre e si concluder\u00e0, proprio a Belluno, mercoled\u00ec con il settimo e ultimo appuntamento.<\/p>\n<p>\u201cSi \u00e8 portati a pensare che i piccoli non comprendano le rappresentazioni, ma non \u00e8 cosi \u2013 prosegue Olivotto -. L\u2019esperienza del teatro \u00e8 quanto di pi\u00f9 prossimo ci sia per i piccoli dai 6 ai 36 mesi che per esprimersi, spiegarsi e raccontarsi usano i gesti e il corpo e per conoscere il mondo guardano e ascoltano. Educare all\u2019arte fin da piccoli \u00e8 un regalo enorme che possiamo fare alle nuove generazioni\u201d.<br \/>\nIl progetto ha un doppio valore e un doppio obiettivo: esplicita quanto i bambini siano coinvolti e partecipativi nei confronti delle attivit\u00e0 teatrali, ma anche quanto il teatro possa essere un esercizio importante per comprendere meglio le loro intenzioni comunicative, le loro espressioni e i loro sentimenti, facilitando la comunicazione e affinando nell\u2019adulto le capacit\u00e0 di comprendere il linguaggio di bimbi e bimbe.<\/p>\n<p>Gli spettacoli messi in scena giocano sulla semplicit\u00e0, sulla curiosit\u00e0 e sulla straordinaria capacit\u00e0 di stupirsi che hanno solo i bambini. In particolare al Piccolo Girasole sar\u00e0 rappresentato \u201cOn-Off\u201d, storia che asseconda e valorizza la curiosit\u00e0 dei piccoli nei confronti delle fonti luminose, un omaggio al loro stupore, al loro interesse e anche un modo per aiutarli a non aver paura del buio e della notte.<br \/>\nOgni spettacolo \u00e8 preceduto da un incontro formativo tra la compagnia e le educatrici della struttura.<\/p>\n<p>&nbsp;<\/p>\n<p>Per maggiori informazioni www.myarteven.it<\/p>\n<p>&nbsp;<\/p>","protected":false},"excerpt":{"rendered":"<p>\u201cBubu7te. Cresco con il teatro\u201d fa tappa a Belluno. Il progetto di Arteven \u2013 Circuito Multidisciplinare del Veneto arriva anche all\u2019asilo nido Piccolo Girasole di Mur di Cadola, dove mercoled\u00ec 21 dicembre i piccoli potranno assistere ad uno spettacolo educativo e divertente insieme. \u201cSiamo particolarmente contenti di questa iniziativa \u2013 commenta l\u2019assessore alle politiche giovanili [&hellip;]<\/p>\n","protected":false},"author":2,"featured_media":138498,"comment_status":"closed","ping_status":"open","sticky":false,"template":"","format":"standard","meta":{"footnotes":""},"categories":[26,15],"tags":[],"class_list":["post-138497","post","type-post","status-publish","format-standard","has-post-thumbnail","category-prima-pagina","category-scuola"],"yoast_head":"<!-- This site is optimized with the Yoast SEO plugin v28.4 - https:\/\/yoast.com\/product\/yoast-seo-wordpress\/ -->\n<title>Mercoled\u00ec all&#039;asilo nido Piccolo Girasole lo spettacolo &quot;Bubu7te. Cresco con il teatro&quot; - Bellunopress - Dolomiti<\/title>\n<meta name=\"robots\" content=\"index, follow, max-snippet:-1, max-image-preview:large, max-video-preview:-1\" \/>\n<link rel=\"canonical\" href=\"https:\/\/www.bellunopress.it\/fr\/2022\/12\/19\/mercoledi-allasilo-nido-piccolo-girasole-lo-spettacolo-bubu7te-cresco-con-il-teatro\/\" \/>\n<meta property=\"og:locale\" content=\"fr_FR\" \/>\n<meta property=\"og:type\" content=\"article\" \/>\n<meta property=\"og:title\" content=\"Mercoled\u00ec all&#039;asilo nido Piccolo Girasole lo spettacolo &quot;Bubu7te. Cresco con il teatro&quot; - Bellunopress - Dolomiti\" \/>\n<meta property=\"og:description\" content=\"\u201cBubu7te. Cresco con il teatro\u201d fa tappa a Belluno. Il progetto di Arteven \u2013 Circuito Multidisciplinare del Veneto arriva anche all\u2019asilo nido Piccolo Girasole di Mur di Cadola, dove mercoled\u00ec 21 dicembre i piccoli potranno assistere ad uno spettacolo educativo e divertente insieme. \u201cSiamo particolarmente contenti di questa iniziativa \u2013 commenta l\u2019assessore alle politiche giovanili [&hellip;]\" \/>\n<meta property=\"og:url\" content=\"https:\/\/www.bellunopress.it\/fr\/2022\/12\/19\/mercoledi-allasilo-nido-piccolo-girasole-lo-spettacolo-bubu7te-cresco-con-il-teatro\/\" \/>\n<meta property=\"og:site_name\" content=\"Bellunopress - Dolomiti\" \/>\n<meta property=\"article:publisher\" content=\"https:\/\/www.facebook.com\/profile.php?id=100008943462799\" \/>\n<meta property=\"article:published_time\" content=\"2022-12-19T13:34:04+00:00\" \/>\n<meta property=\"og:image\" content=\"https:\/\/www.bellunopress.it\/wp-content\/uploads\/2022\/12\/asilo-nido-piccolo-girasole-mur-di-cadola_edited.jpg\" \/>\n\t<meta property=\"og:image:width\" content=\"1000\" \/>\n\t<meta property=\"og:image:height\" content=\"700\" \/>\n\t<meta property=\"og:image:type\" content=\"image\/jpeg\" \/>\n<meta name=\"author\" content=\"redazione\" \/>\n<meta name=\"twitter:card\" content=\"summary_large_image\" \/>\n<meta name=\"twitter:creator\" content=\"@bellunopress\" \/>\n<meta name=\"twitter:site\" content=\"@bellunopress\" \/>\n<meta name=\"twitter:label1\" content=\"\u00c9crit par\" \/>\n\t<meta name=\"twitter:data1\" content=\"redazione\" \/>\n\t<meta name=\"twitter:label2\" content=\"Dur\u00e9e de lecture estim\u00e9e\" \/>\n\t<meta name=\"twitter:data2\" content=\"3 minutes\" \/>\n<script type=\"application\/ld+json\" class=\"yoast-schema-graph\">{\"@context\":\"https:\\\/\\\/schema.org\",\"@graph\":[{\"@type\":\"Article\",\"@id\":\"https:\\\/\\\/www.bellunopress.it\\\/2022\\\/12\\\/19\\\/mercoledi-allasilo-nido-piccolo-girasole-lo-spettacolo-bubu7te-cresco-con-il-teatro\\\/#article\",\"isPartOf\":{\"@id\":\"https:\\\/\\\/www.bellunopress.it\\\/2022\\\/12\\\/19\\\/mercoledi-allasilo-nido-piccolo-girasole-lo-spettacolo-bubu7te-cresco-con-il-teatro\\\/\"},\"author\":{\"name\":\"redazione\",\"@id\":\"https:\\\/\\\/www.bellunopress.it\\\/#\\\/schema\\\/person\\\/79bb06722b37ece1c03d3e94beb30d73\"},\"headline\":\"Mercoled\u00ec all&#8217;asilo nido Piccolo Girasole lo spettacolo &#8220;Bubu7te. Cresco con il teatro&#8221;\",\"datePublished\":\"2022-12-19T13:34:04+00:00\",\"mainEntityOfPage\":{\"@id\":\"https:\\\/\\\/www.bellunopress.it\\\/2022\\\/12\\\/19\\\/mercoledi-allasilo-nido-piccolo-girasole-lo-spettacolo-bubu7te-cresco-con-il-teatro\\\/\"},\"wordCount\":437,\"publisher\":{\"@id\":\"https:\\\/\\\/www.bellunopress.it\\\/#organization\"},\"image\":{\"@id\":\"https:\\\/\\\/www.bellunopress.it\\\/2022\\\/12\\\/19\\\/mercoledi-allasilo-nido-piccolo-girasole-lo-spettacolo-bubu7te-cresco-con-il-teatro\\\/#primaryimage\"},\"thumbnailUrl\":\"https:\\\/\\\/www.bellunopress.it\\\/wp-content\\\/uploads\\\/2022\\\/12\\\/asilo-nido-piccolo-girasole-mur-di-cadola_edited.jpg\",\"articleSection\":[\"Prima Pagina\",\"Scuola\"],\"inLanguage\":\"fr-FR\"},{\"@type\":\"WebPage\",\"@id\":\"https:\\\/\\\/www.bellunopress.it\\\/2022\\\/12\\\/19\\\/mercoledi-allasilo-nido-piccolo-girasole-lo-spettacolo-bubu7te-cresco-con-il-teatro\\\/\",\"url\":\"https:\\\/\\\/www.bellunopress.it\\\/2022\\\/12\\\/19\\\/mercoledi-allasilo-nido-piccolo-girasole-lo-spettacolo-bubu7te-cresco-con-il-teatro\\\/\",\"name\":\"Mercoled\u00ec all'asilo nido Piccolo Girasole lo spettacolo \\\"Bubu7te. Cresco con il teatro\\\" - Bellunopress - Dolomiti\",\"isPartOf\":{\"@id\":\"https:\\\/\\\/www.bellunopress.it\\\/#website\"},\"primaryImageOfPage\":{\"@id\":\"https:\\\/\\\/www.bellunopress.it\\\/2022\\\/12\\\/19\\\/mercoledi-allasilo-nido-piccolo-girasole-lo-spettacolo-bubu7te-cresco-con-il-teatro\\\/#primaryimage\"},\"image\":{\"@id\":\"https:\\\/\\\/www.bellunopress.it\\\/2022\\\/12\\\/19\\\/mercoledi-allasilo-nido-piccolo-girasole-lo-spettacolo-bubu7te-cresco-con-il-teatro\\\/#primaryimage\"},\"thumbnailUrl\":\"https:\\\/\\\/www.bellunopress.it\\\/wp-content\\\/uploads\\\/2022\\\/12\\\/asilo-nido-piccolo-girasole-mur-di-cadola_edited.jpg\",\"datePublished\":\"2022-12-19T13:34:04+00:00\",\"breadcrumb\":{\"@id\":\"https:\\\/\\\/www.bellunopress.it\\\/2022\\\/12\\\/19\\\/mercoledi-allasilo-nido-piccolo-girasole-lo-spettacolo-bubu7te-cresco-con-il-teatro\\\/#breadcrumb\"},\"inLanguage\":\"fr-FR\",\"potentialAction\":[{\"@type\":\"ReadAction\",\"target\":[\"https:\\\/\\\/www.bellunopress.it\\\/2022\\\/12\\\/19\\\/mercoledi-allasilo-nido-piccolo-girasole-lo-spettacolo-bubu7te-cresco-con-il-teatro\\\/\"]}]},{\"@type\":\"ImageObject\",\"inLanguage\":\"fr-FR\",\"@id\":\"https:\\\/\\\/www.bellunopress.it\\\/2022\\\/12\\\/19\\\/mercoledi-allasilo-nido-piccolo-girasole-lo-spettacolo-bubu7te-cresco-con-il-teatro\\\/#primaryimage\",\"url\":\"https:\\\/\\\/www.bellunopress.it\\\/wp-content\\\/uploads\\\/2022\\\/12\\\/asilo-nido-piccolo-girasole-mur-di-cadola_edited.jpg\",\"contentUrl\":\"https:\\\/\\\/www.bellunopress.it\\\/wp-content\\\/uploads\\\/2022\\\/12\\\/asilo-nido-piccolo-girasole-mur-di-cadola_edited.jpg\",\"width\":1000,\"height\":700,\"caption\":\"Asilo nido Piccolo Girasole - Belluno, Mur di Cadola\"},{\"@type\":\"BreadcrumbList\",\"@id\":\"https:\\\/\\\/www.bellunopress.it\\\/2022\\\/12\\\/19\\\/mercoledi-allasilo-nido-piccolo-girasole-lo-spettacolo-bubu7te-cresco-con-il-teatro\\\/#breadcrumb\",\"itemListElement\":[{\"@type\":\"ListItem\",\"position\":1,\"name\":\"Home\",\"item\":\"https:\\\/\\\/www.bellunopress.it\\\/\"},{\"@type\":\"ListItem\",\"position\":2,\"name\":\"Mercoled\u00ec all&#8217;asilo nido Piccolo Girasole lo spettacolo &#8220;Bubu7te. Cresco con il teatro&#8221;\"}]},{\"@type\":\"WebSite\",\"@id\":\"https:\\\/\\\/www.bellunopress.it\\\/#website\",\"url\":\"https:\\\/\\\/www.bellunopress.it\\\/\",\"name\":\"Bellunopress - Dolomiti\",\"description\":\"e-mail: redazione@bellunopress.it\",\"publisher\":{\"@id\":\"https:\\\/\\\/www.bellunopress.it\\\/#organization\"},\"potentialAction\":[{\"@type\":\"SearchAction\",\"target\":{\"@type\":\"EntryPoint\",\"urlTemplate\":\"https:\\\/\\\/www.bellunopress.it\\\/?s={search_term_string}\"},\"query-input\":{\"@type\":\"PropertyValueSpecification\",\"valueRequired\":true,\"valueName\":\"search_term_string\"}}],\"inLanguage\":\"fr-FR\"},{\"@type\":\"Organization\",\"@id\":\"https:\\\/\\\/www.bellunopress.it\\\/#organization\",\"name\":\"Bellunopress\",\"url\":\"https:\\\/\\\/www.bellunopress.it\\\/\",\"logo\":{\"@type\":\"ImageObject\",\"inLanguage\":\"fr-FR\",\"@id\":\"https:\\\/\\\/www.bellunopress.it\\\/#\\\/schema\\\/logo\\\/image\\\/\",\"url\":\"https:\\\/\\\/www.bellunopress.it\\\/wp-content\\\/uploads\\\/2011\\\/05\\\/cropped-logo-bellunopress-.jpg\",\"contentUrl\":\"https:\\\/\\\/www.bellunopress.it\\\/wp-content\\\/uploads\\\/2011\\\/05\\\/cropped-logo-bellunopress-.jpg\",\"width\":512,\"height\":512,\"caption\":\"Bellunopress\"},\"image\":{\"@id\":\"https:\\\/\\\/www.bellunopress.it\\\/#\\\/schema\\\/logo\\\/image\\\/\"},\"sameAs\":[\"https:\\\/\\\/www.facebook.com\\\/profile.php?id=100008943462799\",\"https:\\\/\\\/x.com\\\/bellunopress\",\"https:\\\/\\\/www.linkedin.com\\\/hp\\\/?dnr=JBzUWaJfMUw8vbXJJ2tVW5-I3jZKvC4wsoxE&amp;amp;amp;amp;amp;amp;trk=nav_responsive_tab_home\",\"https:\\\/\\\/www.youtube.com\\\/channel\\\/UCxL0wu1uN0_3_7hGG0306cw\"]},{\"@type\":\"Person\",\"@id\":\"https:\\\/\\\/www.bellunopress.it\\\/#\\\/schema\\\/person\\\/79bb06722b37ece1c03d3e94beb30d73\",\"name\":\"redazione\",\"image\":{\"@type\":\"ImageObject\",\"inLanguage\":\"fr-FR\",\"@id\":\"https:\\\/\\\/secure.gravatar.com\\\/avatar\\\/37d968a2e67a6fd04c169c4bdef102d0bc5d31b2546345219e348575eb80e9a0?s=96&d=mm&r=g\",\"url\":\"https:\\\/\\\/secure.gravatar.com\\\/avatar\\\/37d968a2e67a6fd04c169c4bdef102d0bc5d31b2546345219e348575eb80e9a0?s=96&d=mm&r=g\",\"contentUrl\":\"https:\\\/\\\/secure.gravatar.com\\\/avatar\\\/37d968a2e67a6fd04c169c4bdef102d0bc5d31b2546345219e348575eb80e9a0?s=96&d=mm&r=g\",\"caption\":\"redazione\"},\"sameAs\":[\"http:\\\/\\\/www.bellunopress.it\",\"https:\\\/\\\/x.com\\\/bellunopress\"],\"url\":\"https:\\\/\\\/www.bellunopress.it\\\/fr\\\/author\\\/redazione\\\/\"}]}<\/script>\n<!-- \/ Yoast SEO plugin. -->","yoast_head_json":{"title":"Mercoled\u00ec all'asilo nido Piccolo Girasole lo spettacolo \"Bubu7te. Cresco con il teatro\" - Bellunopress - Dolomiti","robots":{"index":"index","follow":"follow","max-snippet":"max-snippet:-1","max-image-preview":"max-image-preview:large","max-video-preview":"max-video-preview:-1"},"canonical":"https:\/\/www.bellunopress.it\/fr\/2022\/12\/19\/mercoledi-allasilo-nido-piccolo-girasole-lo-spettacolo-bubu7te-cresco-con-il-teatro\/","og_locale":"fr_FR","og_type":"article","og_title":"Mercoled\u00ec all'asilo nido Piccolo Girasole lo spettacolo \"Bubu7te. Cresco con il teatro\" - Bellunopress - Dolomiti","og_description":"\u201cBubu7te. Cresco con il teatro\u201d fa tappa a Belluno. Il progetto di Arteven \u2013 Circuito Multidisciplinare del Veneto arriva anche all\u2019asilo nido Piccolo Girasole di Mur di Cadola, dove mercoled\u00ec 21 dicembre i piccoli potranno assistere ad uno spettacolo educativo e divertente insieme. \u201cSiamo particolarmente contenti di questa iniziativa \u2013 commenta l\u2019assessore alle politiche giovanili [&hellip;]","og_url":"https:\/\/www.bellunopress.it\/fr\/2022\/12\/19\/mercoledi-allasilo-nido-piccolo-girasole-lo-spettacolo-bubu7te-cresco-con-il-teatro\/","og_site_name":"Bellunopress - Dolomiti","article_publisher":"https:\/\/www.facebook.com\/profile.php?id=100008943462799","article_published_time":"2022-12-19T13:34:04+00:00","og_image":[{"width":1000,"height":700,"url":"https:\/\/www.bellunopress.it\/wp-content\/uploads\/2022\/12\/asilo-nido-piccolo-girasole-mur-di-cadola_edited.jpg","type":"image\/jpeg"}],"author":"redazione","twitter_card":"summary_large_image","twitter_creator":"@bellunopress","twitter_site":"@bellunopress","twitter_misc":{"\u00c9crit par":"redazione","Dur\u00e9e de lecture estim\u00e9e":"3 minutes"},"schema":{"@context":"https:\/\/schema.org","@graph":[{"@type":"Article","@id":"https:\/\/www.bellunopress.it\/2022\/12\/19\/mercoledi-allasilo-nido-piccolo-girasole-lo-spettacolo-bubu7te-cresco-con-il-teatro\/#article","isPartOf":{"@id":"https:\/\/www.bellunopress.it\/2022\/12\/19\/mercoledi-allasilo-nido-piccolo-girasole-lo-spettacolo-bubu7te-cresco-con-il-teatro\/"},"author":{"name":"redazione","@id":"https:\/\/www.bellunopress.it\/#\/schema\/person\/79bb06722b37ece1c03d3e94beb30d73"},"headline":"Mercoled\u00ec all&#8217;asilo nido Piccolo Girasole lo spettacolo &#8220;Bubu7te. Cresco con il teatro&#8221;","datePublished":"2022-12-19T13:34:04+00:00","mainEntityOfPage":{"@id":"https:\/\/www.bellunopress.it\/2022\/12\/19\/mercoledi-allasilo-nido-piccolo-girasole-lo-spettacolo-bubu7te-cresco-con-il-teatro\/"},"wordCount":437,"publisher":{"@id":"https:\/\/www.bellunopress.it\/#organization"},"image":{"@id":"https:\/\/www.bellunopress.it\/2022\/12\/19\/mercoledi-allasilo-nido-piccolo-girasole-lo-spettacolo-bubu7te-cresco-con-il-teatro\/#primaryimage"},"thumbnailUrl":"https:\/\/www.bellunopress.it\/wp-content\/uploads\/2022\/12\/asilo-nido-piccolo-girasole-mur-di-cadola_edited.jpg","articleSection":["Prima Pagina","Scuola"],"inLanguage":"fr-FR"},{"@type":"WebPage","@id":"https:\/\/www.bellunopress.it\/2022\/12\/19\/mercoledi-allasilo-nido-piccolo-girasole-lo-spettacolo-bubu7te-cresco-con-il-teatro\/","url":"https:\/\/www.bellunopress.it\/2022\/12\/19\/mercoledi-allasilo-nido-piccolo-girasole-lo-spettacolo-bubu7te-cresco-con-il-teatro\/","name":"Mercoled\u00ec all'asilo nido Piccolo Girasole lo spettacolo \"Bubu7te. Cresco con il teatro\" - Bellunopress - Dolomiti","isPartOf":{"@id":"https:\/\/www.bellunopress.it\/#website"},"primaryImageOfPage":{"@id":"https:\/\/www.bellunopress.it\/2022\/12\/19\/mercoledi-allasilo-nido-piccolo-girasole-lo-spettacolo-bubu7te-cresco-con-il-teatro\/#primaryimage"},"image":{"@id":"https:\/\/www.bellunopress.it\/2022\/12\/19\/mercoledi-allasilo-nido-piccolo-girasole-lo-spettacolo-bubu7te-cresco-con-il-teatro\/#primaryimage"},"thumbnailUrl":"https:\/\/www.bellunopress.it\/wp-content\/uploads\/2022\/12\/asilo-nido-piccolo-girasole-mur-di-cadola_edited.jpg","datePublished":"2022-12-19T13:34:04+00:00","breadcrumb":{"@id":"https:\/\/www.bellunopress.it\/2022\/12\/19\/mercoledi-allasilo-nido-piccolo-girasole-lo-spettacolo-bubu7te-cresco-con-il-teatro\/#breadcrumb"},"inLanguage":"fr-FR","potentialAction":[{"@type":"ReadAction","target":["https:\/\/www.bellunopress.it\/2022\/12\/19\/mercoledi-allasilo-nido-piccolo-girasole-lo-spettacolo-bubu7te-cresco-con-il-teatro\/"]}]},{"@type":"ImageObject","inLanguage":"fr-FR","@id":"https:\/\/www.bellunopress.it\/2022\/12\/19\/mercoledi-allasilo-nido-piccolo-girasole-lo-spettacolo-bubu7te-cresco-con-il-teatro\/#primaryimage","url":"https:\/\/www.bellunopress.it\/wp-content\/uploads\/2022\/12\/asilo-nido-piccolo-girasole-mur-di-cadola_edited.jpg","contentUrl":"https:\/\/www.bellunopress.it\/wp-content\/uploads\/2022\/12\/asilo-nido-piccolo-girasole-mur-di-cadola_edited.jpg","width":1000,"height":700,"caption":"Asilo nido Piccolo Girasole - Belluno, Mur di Cadola"},{"@type":"BreadcrumbList","@id":"https:\/\/www.bellunopress.it\/2022\/12\/19\/mercoledi-allasilo-nido-piccolo-girasole-lo-spettacolo-bubu7te-cresco-con-il-teatro\/#breadcrumb","itemListElement":[{"@type":"ListItem","position":1,"name":"Home","item":"https:\/\/www.bellunopress.it\/"},{"@type":"ListItem","position":2,"name":"Mercoled\u00ec all&#8217;asilo nido Piccolo Girasole lo spettacolo &#8220;Bubu7te. Cresco con il teatro&#8221;"}]},{"@type":"WebSite","@id":"https:\/\/www.bellunopress.it\/#website","url":"https:\/\/www.bellunopress.it\/","name":"Bellunopress - Dolomiti","description":"e-mail: redazione@bellunopress.it","publisher":{"@id":"https:\/\/www.bellunopress.it\/#organization"},"potentialAction":[{"@type":"SearchAction","target":{"@type":"EntryPoint","urlTemplate":"https:\/\/www.bellunopress.it\/?s={search_term_string}"},"query-input":{"@type":"PropertyValueSpecification","valueRequired":true,"valueName":"search_term_string"}}],"inLanguage":"fr-FR"},{"@type":"Organization","@id":"https:\/\/www.bellunopress.it\/#organization","name":"Bellunopress","url":"https:\/\/www.bellunopress.it\/","logo":{"@type":"ImageObject","inLanguage":"fr-FR","@id":"https:\/\/www.bellunopress.it\/#\/schema\/logo\/image\/","url":"https:\/\/www.bellunopress.it\/wp-content\/uploads\/2011\/05\/cropped-logo-bellunopress-.jpg","contentUrl":"https:\/\/www.bellunopress.it\/wp-content\/uploads\/2011\/05\/cropped-logo-bellunopress-.jpg","width":512,"height":512,"caption":"Bellunopress"},"image":{"@id":"https:\/\/www.bellunopress.it\/#\/schema\/logo\/image\/"},"sameAs":["https:\/\/www.facebook.com\/profile.php?id=100008943462799","https:\/\/x.com\/bellunopress","https:\/\/www.linkedin.com\/hp\/?dnr=JBzUWaJfMUw8vbXJJ2tVW5-I3jZKvC4wsoxE&amp;amp;amp;amp;amp;amp;trk=nav_responsive_tab_home","https:\/\/www.youtube.com\/channel\/UCxL0wu1uN0_3_7hGG0306cw"]},{"@type":"Person","@id":"https:\/\/www.bellunopress.it\/#\/schema\/person\/79bb06722b37ece1c03d3e94beb30d73","name":"r\u00e9daction","image":{"@type":"ImageObject","inLanguage":"fr-FR","@id":"https:\/\/secure.gravatar.com\/avatar\/37d968a2e67a6fd04c169c4bdef102d0bc5d31b2546345219e348575eb80e9a0?s=96&d=mm&r=g","url":"https:\/\/secure.gravatar.com\/avatar\/37d968a2e67a6fd04c169c4bdef102d0bc5d31b2546345219e348575eb80e9a0?s=96&d=mm&r=g","contentUrl":"https:\/\/secure.gravatar.com\/avatar\/37d968a2e67a6fd04c169c4bdef102d0bc5d31b2546345219e348575eb80e9a0?s=96&d=mm&r=g","caption":"redazione"},"sameAs":["http:\/\/www.bellunopress.it","https:\/\/x.com\/bellunopress"],"url":"https:\/\/www.bellunopress.it\/fr\/author\/redazione\/"}]}},"_links":{"self":[{"href":"https:\/\/www.bellunopress.it\/fr\/wp-json\/wp\/v2\/posts\/138497","targetHints":{"allow":["GET"]}}],"collection":[{"href":"https:\/\/www.bellunopress.it\/fr\/wp-json\/wp\/v2\/posts"}],"about":[{"href":"https:\/\/www.bellunopress.it\/fr\/wp-json\/wp\/v2\/types\/post"}],"author":[{"embeddable":true,"href":"https:\/\/www.bellunopress.it\/fr\/wp-json\/wp\/v2\/users\/2"}],"replies":[{"embeddable":true,"href":"https:\/\/www.bellunopress.it\/fr\/wp-json\/wp\/v2\/comments?post=138497"}],"version-history":[{"count":1,"href":"https:\/\/www.bellunopress.it\/fr\/wp-json\/wp\/v2\/posts\/138497\/revisions"}],"predecessor-version":[{"id":138499,"href":"https:\/\/www.bellunopress.it\/fr\/wp-json\/wp\/v2\/posts\/138497\/revisions\/138499"}],"wp:featuredmedia":[{"embeddable":true,"href":"https:\/\/www.bellunopress.it\/fr\/wp-json\/wp\/v2\/media\/138498"}],"wp:attachment":[{"href":"https:\/\/www.bellunopress.it\/fr\/wp-json\/wp\/v2\/media?parent=138497"}],"wp:term":[{"taxonomy":"category","embeddable":true,"href":"https:\/\/www.bellunopress.it\/fr\/wp-json\/wp\/v2\/categories?post=138497"},{"taxonomy":"post_tag","embeddable":true,"href":"https:\/\/www.bellunopress.it\/fr\/wp-json\/wp\/v2\/tags?post=138497"}],"curies":[{"name":"wp","href":"https:\/\/api.w.org\/{rel}","templated":true}]}}