{"id":138495,"date":"2022-12-19T13:58:55","date_gmt":"2022-12-19T12:58:55","guid":{"rendered":"https:\/\/www.bellunopress.it\/?p=138495"},"modified":"2022-12-19T13:58:55","modified_gmt":"2022-12-19T12:58:55","slug":"vitivinicolo-veneto-leader-in-italia-con-12-milioni-di-ettolitri-di-vino-prodotti-nel-2022","status":"publish","type":"post","link":"https:\/\/www.bellunopress.it\/fr\/2022\/12\/19\/vitivinicolo-veneto-leader-in-italia-con-12-milioni-di-ettolitri-di-vino-prodotti-nel-2022\/","title":{"rendered":"Vitivinicolo: Veneto leader in Italia con 12 milioni di ettolitri di vino prodotti nel 2022"},"content":{"rendered":"<p><em>L&#8217;annuncio dell&#8217;assessore Caner in vista del focus di Regione Veneto, Veneto Agricoltura e Avepa in .programma gioved\u00ec 22 dicembre a Lonigo (VI). Nell&#8217;occasione saranno presentati i numeri finali della vendemmia 2022 nel Veneto e dell&#8217;export di vino. Report di Veneto Agricoltura sul comparto vitivinicolo regionale che a partire proprio dall&#8217;export si mostra in piena salute<\/em><\/p>\n<figure id=\"attachment_131649\" aria-describedby=\"caption-attachment-131649\" style=\"width: 1000px\" class=\"wp-caption alignleft\"><img loading=\"lazy\" decoding=\"async\" class=\"size-full wp-image-131649\" src=\"https:\/\/www.bellunopress.it\/wp-content\/uploads\/2022\/02\/caner_edited.jpg\" alt=\"\" width=\"1000\" height=\"912\" srcset=\"https:\/\/www.bellunopress.it\/wp-content\/uploads\/2022\/02\/caner_edited.jpg 1000w, https:\/\/www.bellunopress.it\/wp-content\/uploads\/2022\/02\/caner_edited-500x456.jpg 500w, https:\/\/www.bellunopress.it\/wp-content\/uploads\/2022\/02\/caner_edited-696x635.jpg 696w, https:\/\/www.bellunopress.it\/wp-content\/uploads\/2022\/02\/caner_edited-461x420.jpg 461w\" sizes=\"auto, (max-width: 1000px) 100vw, 1000px\" \/><figcaption id=\"caption-attachment-131649\" class=\"wp-caption-text\">Federico Caner, assessore regionale Turismo, Trasporti a fune, Commercio estero e internazionalizzazione, Economia e sviluppo montano Attivit\u00e0 promozionali, Politiche dell\u2019agricoltura e zootecnia, Politica Agricola Comune<\/figcaption><\/figure>\n<p>&#8220;Il\u00a0Veneto\u00a0con circa\u00a012 milioni di ettolitri di vino\u00a0prodotti nel\u00a02022\u00a0si conferma\u00a0Regione\u00a0leader in Italia, davanti a Puglia (10,6 mln hl), Emilia-Romagna (7,4 mln hl) e Sicilia (4,3 mln hl)&#8221;. Ad annunciarlo \u00e8 l&#8217;assessore all&#8217;Agricoltura della Regione Veneto, Federico\u00a0Caner, in vista della presentazione di tutti i numeri dell&#8217;ultima\u00a0vendemmia\u00a0in programma\u00a0gioved\u00ec 22 dicembre\u00a0(ore 10:00) a\u00a0Lonigo-VI\u00a0presso la\u00a0Cantina di Collis Wine Group. L&#8217;occasione \u00e8 data dal terzo focus dello &#8220;storico&#8221; Trittico Vitivinicolo 2022, evento di\u00a0Regione Veneto,\u00a0Veneto Agricoltura\u00a0e\u00a0Avepa\u00a0che finalmente dopo due anni, causa pandemia, torner\u00e0 a svolgersi in presenza.<\/p>\n<p>Nel corso dell&#8217;incontro, aperto al pubblico (iscrizioni qui:\u00a0<a href=\"https:\/\/customer23329.musvc1.net\/e\/t?q=7%3dBU9VI%26D%3dD%26H%3dCX9W%26y%3dVDaCY%261%3d5k3gB4LvM_2sYt_C3_xucr_80_2sYt_B8zLsLzCmG9-VJT8.967tNlJoNo.Az%268%3dwMyPmS.t94%26Ay%3daIaA&amp;mupckp=mupAtu4m8OiX0wt\" target=\"_blank\" rel=\"noopener noreferrer\">https:\/\/trittico3-2022.eventbrite.it<\/a>), sar\u00e0 presentato dunque l&#8217;attesissimo\u00a0consuntivo dell&#8217;ultima vendemmia nel Veneto, suddiviso per provincia e tipologia di uva, risultante dalle dichiarazioni di produzione dei viticoltori elaborate dagli uffici regionali e da Avepa; inoltre si discuter\u00e0 di\u00a0mercati internazionali del vino,\u00a0a partire dall&#8217;export di vino veneto\u00a0e dei\u00a0canali di distribuzione\u00a0utilizzati dalla aziende vitivinicole.<\/p>\n<p>Nel frattempo,\u00a0Veneto Agricoltura\u00a0ha appena pubblicato un interessante\u00a0Report\u00a0che inquadra il\u00a0vigneto regionale\u00a0e la forza trainante del\u00a0comparto vitivinicolo veneto. Vediamo alcuni passaggi dell&#8217;elaborato che \u00e8 disponibile su\u00a0<a href=\"https:\/\/customer23329.musvc1.net\/e\/t?q=A%3d0XKZG%26G%3dP%26L%3dAaKa%26w%3dYPeAb%26C%3d9i6sF2O8Q_zvkx_A6_0yau_JD_zvkx_0AtG2.GG_PYxh_ZnXzmUs1f%26l%3dHCQ48I.LmO%261Q%3dEdQc&amp;mupckp=mupAtu4m8OiX0wt\" target=\"_blank\" rel=\"noopener noreferrer\">https:\/\/bit.ly\/3hEMNi8<\/a>.<\/p>\n<p>La\u00a0superficie viticola\u00a0regionale ha raggiunto quasi i\u00a0100.000 ettari\u00a0(+30% rispetto al 2012), investiti prevalentemente a\u00a0Glera-Prosecco\u00a0(36.150 ettari) e\u00a0Pinot Grigio\u00a0(16.020 ettari). Si pensi che insieme questi due vitigni rappresentano oltre il 52% del vigneto regionale.<\/p>\n<p>Per quanto riguarda i\u00a0prezzi delle uve\u00a0spuntati quest&#8217;anno dai produttori, considerando tutte le tipologie viticole presenti in Veneto, risulta una quotazione media di\u00a00,76 euro\/kg\u00a0(+0,7% rispetto al 2021). Nel dettaglio, a livello provinciale si sono registrati rialzi per Treviso e Verona, mentre per Padova la variazione annua resta negativa. Infatti, per Verona (0,79 euro\/Kg) si rileva un aumento annuo del +10,2%, mentre per Treviso (0,90 euro\/kg) la crescita delle quotazioni delle uve si \u00e8 fermata solo al +0,8% rispetto all&#8217;anno precedente. Per la provincia di Padova (0,57 euro\/Kg), invece, si rileva una perdita pari al -9,9% rispetto a quanto fatto registrare nel 2021.<\/p>\n<p>Passando\u00a0all&#8217;export di vino veneto, l&#8217;analisi di Veneto Agricoltura conferma la risalita delle vendite di vino veneto all&#8217;estero, dopo la fase di stasi registrata nel 2020. Lo scorso anno, il\u00a0fatturato\u00a0regionale del settore ha sfiorato i\u00a02,5 miliardi di euro, segnando un nuovo record storico e registrando un rialzo annuo delle vendite oltreconfine del\u00a0+11,1%.\u00a0Anche i\u00a0quantitativi di\u00a0vino veneto esportati\u00a0sono aumentati, arrivando pure in questo caso al record storico con\u00a0786 milioni di kg\u00a0e una crescita del\u00a0+7,2%\u00a0rispetto al 2020. A sottolineare quanto sia stata felice l&#8217;annata 2021 per l&#8217;export vinicolo veneto c&#8217;\u00e8 anche il\u00a0prezzo medio di vendita, che \u00e8 salito fino a\u00a03,17 euro\/kg\u00a0(+3,7%).<\/p>\n<p>Il\u00a041,6% dei vini veneti\u00a0venduti all&#8217;estero \u00e8 rappresentato da\u00a0vini spumanti\u00a0che, dopo la frenata registrata nel 2020 a causa delle restrizioni per Covid, hanno ripreso un&#8217;inesorabile ascesa delle vendite, per la maggior parte di Prosecco, confermate anche per il 2022.\u00a0Stati Uniti, Germania e Regno Unito\u00a0sono le principali destinazioni del vino veneto all&#8217;estero (51%).<\/p>","protected":false},"excerpt":{"rendered":"<p>L&#8217;annuncio dell&#8217;assessore Caner in vista del focus di Regione Veneto, Veneto Agricoltura e Avepa in .programma gioved\u00ec 22 dicembre a Lonigo (VI). Nell&#8217;occasione saranno presentati i numeri finali della vendemmia 2022 nel Veneto e dell&#8217;export di vino. Report di Veneto Agricoltura sul comparto vitivinicolo regionale che a partire proprio dall&#8217;export si mostra in piena salute [&hellip;]<\/p>\n","protected":false},"author":2,"featured_media":131649,"comment_status":"closed","ping_status":"open","sticky":false,"template":"","format":"standard","meta":{"footnotes":""},"categories":[5,36],"tags":[],"class_list":["post-138495","post","type-post","status-publish","format-standard","has-post-thumbnail","category-cronaca","category-lavoro-economia"],"yoast_head":"<!-- This site is optimized with the Yoast SEO plugin v28.4 - https:\/\/yoast.com\/product\/yoast-seo-wordpress\/ -->\n<title>Vitivinicolo: Veneto leader in Italia con 12 milioni di ettolitri di vino prodotti nel 2022 - Bellunopress - Dolomiti<\/title>\n<meta name=\"robots\" content=\"index, follow, max-snippet:-1, max-image-preview:large, max-video-preview:-1\" \/>\n<link rel=\"canonical\" href=\"https:\/\/www.bellunopress.it\/fr\/2022\/12\/19\/vitivinicolo-veneto-leader-in-italia-con-12-milioni-di-ettolitri-di-vino-prodotti-nel-2022\/\" \/>\n<meta property=\"og:locale\" content=\"fr_FR\" \/>\n<meta property=\"og:type\" content=\"article\" \/>\n<meta property=\"og:title\" content=\"Vitivinicolo: Veneto leader in Italia con 12 milioni di ettolitri di vino prodotti nel 2022 - Bellunopress - Dolomiti\" \/>\n<meta property=\"og:description\" content=\"L&#8217;annuncio dell&#8217;assessore Caner in vista del focus di Regione Veneto, Veneto Agricoltura e Avepa in .programma gioved\u00ec 22 dicembre a Lonigo (VI). Nell&#8217;occasione saranno presentati i numeri finali della vendemmia 2022 nel Veneto e dell&#8217;export di vino. Report di Veneto Agricoltura sul comparto vitivinicolo regionale che a partire proprio dall&#8217;export si mostra in piena salute [&hellip;]\" \/>\n<meta property=\"og:url\" content=\"https:\/\/www.bellunopress.it\/fr\/2022\/12\/19\/vitivinicolo-veneto-leader-in-italia-con-12-milioni-di-ettolitri-di-vino-prodotti-nel-2022\/\" \/>\n<meta property=\"og:site_name\" content=\"Bellunopress - Dolomiti\" \/>\n<meta property=\"article:publisher\" content=\"https:\/\/www.facebook.com\/profile.php?id=100008943462799\" \/>\n<meta property=\"article:published_time\" content=\"2022-12-19T12:58:55+00:00\" \/>\n<meta property=\"og:image\" content=\"https:\/\/www.bellunopress.it\/wp-content\/uploads\/2022\/02\/caner_edited.jpg\" \/>\n\t<meta property=\"og:image:width\" content=\"1000\" \/>\n\t<meta property=\"og:image:height\" content=\"912\" \/>\n\t<meta property=\"og:image:type\" content=\"image\/jpeg\" \/>\n<meta name=\"author\" content=\"redazione\" \/>\n<meta name=\"twitter:card\" content=\"summary_large_image\" \/>\n<meta name=\"twitter:creator\" content=\"@bellunopress\" \/>\n<meta name=\"twitter:site\" content=\"@bellunopress\" \/>\n<meta name=\"twitter:label1\" content=\"\u00c9crit par\" \/>\n\t<meta name=\"twitter:data1\" content=\"redazione\" \/>\n\t<meta name=\"twitter:label2\" content=\"Dur\u00e9e de lecture estim\u00e9e\" \/>\n\t<meta name=\"twitter:data2\" content=\"4 minutes\" \/>\n<script type=\"application\/ld+json\" class=\"yoast-schema-graph\">{\"@context\":\"https:\\\/\\\/schema.org\",\"@graph\":[{\"@type\":\"Article\",\"@id\":\"https:\\\/\\\/www.bellunopress.it\\\/2022\\\/12\\\/19\\\/vitivinicolo-veneto-leader-in-italia-con-12-milioni-di-ettolitri-di-vino-prodotti-nel-2022\\\/#article\",\"isPartOf\":{\"@id\":\"https:\\\/\\\/www.bellunopress.it\\\/2022\\\/12\\\/19\\\/vitivinicolo-veneto-leader-in-italia-con-12-milioni-di-ettolitri-di-vino-prodotti-nel-2022\\\/\"},\"author\":{\"name\":\"redazione\",\"@id\":\"https:\\\/\\\/www.bellunopress.it\\\/#\\\/schema\\\/person\\\/79bb06722b37ece1c03d3e94beb30d73\"},\"headline\":\"Vitivinicolo: Veneto leader in Italia con 12 milioni di ettolitri di vino prodotti nel 2022\",\"datePublished\":\"2022-12-19T12:58:55+00:00\",\"mainEntityOfPage\":{\"@id\":\"https:\\\/\\\/www.bellunopress.it\\\/2022\\\/12\\\/19\\\/vitivinicolo-veneto-leader-in-italia-con-12-milioni-di-ettolitri-di-vino-prodotti-nel-2022\\\/\"},\"wordCount\":602,\"publisher\":{\"@id\":\"https:\\\/\\\/www.bellunopress.it\\\/#organization\"},\"image\":{\"@id\":\"https:\\\/\\\/www.bellunopress.it\\\/2022\\\/12\\\/19\\\/vitivinicolo-veneto-leader-in-italia-con-12-milioni-di-ettolitri-di-vino-prodotti-nel-2022\\\/#primaryimage\"},\"thumbnailUrl\":\"https:\\\/\\\/www.bellunopress.it\\\/wp-content\\\/uploads\\\/2022\\\/02\\\/caner_edited.jpg\",\"articleSection\":[\"Cronaca\\\/Politica\",\"Lavoro, Economia, Turismo\"],\"inLanguage\":\"fr-FR\"},{\"@type\":\"WebPage\",\"@id\":\"https:\\\/\\\/www.bellunopress.it\\\/2022\\\/12\\\/19\\\/vitivinicolo-veneto-leader-in-italia-con-12-milioni-di-ettolitri-di-vino-prodotti-nel-2022\\\/\",\"url\":\"https:\\\/\\\/www.bellunopress.it\\\/2022\\\/12\\\/19\\\/vitivinicolo-veneto-leader-in-italia-con-12-milioni-di-ettolitri-di-vino-prodotti-nel-2022\\\/\",\"name\":\"Vitivinicolo: Veneto leader in Italia con 12 milioni di ettolitri di vino prodotti nel 2022 - Bellunopress - Dolomiti\",\"isPartOf\":{\"@id\":\"https:\\\/\\\/www.bellunopress.it\\\/#website\"},\"primaryImageOfPage\":{\"@id\":\"https:\\\/\\\/www.bellunopress.it\\\/2022\\\/12\\\/19\\\/vitivinicolo-veneto-leader-in-italia-con-12-milioni-di-ettolitri-di-vino-prodotti-nel-2022\\\/#primaryimage\"},\"image\":{\"@id\":\"https:\\\/\\\/www.bellunopress.it\\\/2022\\\/12\\\/19\\\/vitivinicolo-veneto-leader-in-italia-con-12-milioni-di-ettolitri-di-vino-prodotti-nel-2022\\\/#primaryimage\"},\"thumbnailUrl\":\"https:\\\/\\\/www.bellunopress.it\\\/wp-content\\\/uploads\\\/2022\\\/02\\\/caner_edited.jpg\",\"datePublished\":\"2022-12-19T12:58:55+00:00\",\"breadcrumb\":{\"@id\":\"https:\\\/\\\/www.bellunopress.it\\\/2022\\\/12\\\/19\\\/vitivinicolo-veneto-leader-in-italia-con-12-milioni-di-ettolitri-di-vino-prodotti-nel-2022\\\/#breadcrumb\"},\"inLanguage\":\"fr-FR\",\"potentialAction\":[{\"@type\":\"ReadAction\",\"target\":[\"https:\\\/\\\/www.bellunopress.it\\\/2022\\\/12\\\/19\\\/vitivinicolo-veneto-leader-in-italia-con-12-milioni-di-ettolitri-di-vino-prodotti-nel-2022\\\/\"]}]},{\"@type\":\"ImageObject\",\"inLanguage\":\"fr-FR\",\"@id\":\"https:\\\/\\\/www.bellunopress.it\\\/2022\\\/12\\\/19\\\/vitivinicolo-veneto-leader-in-italia-con-12-milioni-di-ettolitri-di-vino-prodotti-nel-2022\\\/#primaryimage\",\"url\":\"https:\\\/\\\/www.bellunopress.it\\\/wp-content\\\/uploads\\\/2022\\\/02\\\/caner_edited.jpg\",\"contentUrl\":\"https:\\\/\\\/www.bellunopress.it\\\/wp-content\\\/uploads\\\/2022\\\/02\\\/caner_edited.jpg\",\"width\":1000,\"height\":912,\"caption\":\"Federico Caner, assessore regionale Turismo, Trasporti a fune, Commercio estero e internazionalizzazione, Economia e sviluppo montano Attivit\u00e0 promozionali, Politiche dell\u2019agricoltura e zootecnia, Politica Agricola Comune\"},{\"@type\":\"BreadcrumbList\",\"@id\":\"https:\\\/\\\/www.bellunopress.it\\\/2022\\\/12\\\/19\\\/vitivinicolo-veneto-leader-in-italia-con-12-milioni-di-ettolitri-di-vino-prodotti-nel-2022\\\/#breadcrumb\",\"itemListElement\":[{\"@type\":\"ListItem\",\"position\":1,\"name\":\"Home\",\"item\":\"https:\\\/\\\/www.bellunopress.it\\\/\"},{\"@type\":\"ListItem\",\"position\":2,\"name\":\"Vitivinicolo: Veneto leader in Italia con 12 milioni di ettolitri di vino prodotti nel 2022\"}]},{\"@type\":\"WebSite\",\"@id\":\"https:\\\/\\\/www.bellunopress.it\\\/#website\",\"url\":\"https:\\\/\\\/www.bellunopress.it\\\/\",\"name\":\"Bellunopress - Dolomiti\",\"description\":\"e-mail: redazione@bellunopress.it\",\"publisher\":{\"@id\":\"https:\\\/\\\/www.bellunopress.it\\\/#organization\"},\"potentialAction\":[{\"@type\":\"SearchAction\",\"target\":{\"@type\":\"EntryPoint\",\"urlTemplate\":\"https:\\\/\\\/www.bellunopress.it\\\/?s={search_term_string}\"},\"query-input\":{\"@type\":\"PropertyValueSpecification\",\"valueRequired\":true,\"valueName\":\"search_term_string\"}}],\"inLanguage\":\"fr-FR\"},{\"@type\":\"Organization\",\"@id\":\"https:\\\/\\\/www.bellunopress.it\\\/#organization\",\"name\":\"Bellunopress\",\"url\":\"https:\\\/\\\/www.bellunopress.it\\\/\",\"logo\":{\"@type\":\"ImageObject\",\"inLanguage\":\"fr-FR\",\"@id\":\"https:\\\/\\\/www.bellunopress.it\\\/#\\\/schema\\\/logo\\\/image\\\/\",\"url\":\"https:\\\/\\\/www.bellunopress.it\\\/wp-content\\\/uploads\\\/2011\\\/05\\\/cropped-logo-bellunopress-.jpg\",\"contentUrl\":\"https:\\\/\\\/www.bellunopress.it\\\/wp-content\\\/uploads\\\/2011\\\/05\\\/cropped-logo-bellunopress-.jpg\",\"width\":512,\"height\":512,\"caption\":\"Bellunopress\"},\"image\":{\"@id\":\"https:\\\/\\\/www.bellunopress.it\\\/#\\\/schema\\\/logo\\\/image\\\/\"},\"sameAs\":[\"https:\\\/\\\/www.facebook.com\\\/profile.php?id=100008943462799\",\"https:\\\/\\\/x.com\\\/bellunopress\",\"https:\\\/\\\/www.linkedin.com\\\/hp\\\/?dnr=JBzUWaJfMUw8vbXJJ2tVW5-I3jZKvC4wsoxE&amp;amp;amp;amp;amp;amp;trk=nav_responsive_tab_home\",\"https:\\\/\\\/www.youtube.com\\\/channel\\\/UCxL0wu1uN0_3_7hGG0306cw\"]},{\"@type\":\"Person\",\"@id\":\"https:\\\/\\\/www.bellunopress.it\\\/#\\\/schema\\\/person\\\/79bb06722b37ece1c03d3e94beb30d73\",\"name\":\"redazione\",\"image\":{\"@type\":\"ImageObject\",\"inLanguage\":\"fr-FR\",\"@id\":\"https:\\\/\\\/secure.gravatar.com\\\/avatar\\\/37d968a2e67a6fd04c169c4bdef102d0bc5d31b2546345219e348575eb80e9a0?s=96&d=mm&r=g\",\"url\":\"https:\\\/\\\/secure.gravatar.com\\\/avatar\\\/37d968a2e67a6fd04c169c4bdef102d0bc5d31b2546345219e348575eb80e9a0?s=96&d=mm&r=g\",\"contentUrl\":\"https:\\\/\\\/secure.gravatar.com\\\/avatar\\\/37d968a2e67a6fd04c169c4bdef102d0bc5d31b2546345219e348575eb80e9a0?s=96&d=mm&r=g\",\"caption\":\"redazione\"},\"sameAs\":[\"http:\\\/\\\/www.bellunopress.it\",\"https:\\\/\\\/x.com\\\/bellunopress\"],\"url\":\"https:\\\/\\\/www.bellunopress.it\\\/fr\\\/author\\\/redazione\\\/\"}]}<\/script>\n<!-- \/ Yoast SEO plugin. -->","yoast_head_json":{"title":"Vitivinicolo: Veneto leader in Italia con 12 milioni di ettolitri di vino prodotti nel 2022 - Bellunopress - Dolomiti","robots":{"index":"index","follow":"follow","max-snippet":"max-snippet:-1","max-image-preview":"max-image-preview:large","max-video-preview":"max-video-preview:-1"},"canonical":"https:\/\/www.bellunopress.it\/fr\/2022\/12\/19\/vitivinicolo-veneto-leader-in-italia-con-12-milioni-di-ettolitri-di-vino-prodotti-nel-2022\/","og_locale":"fr_FR","og_type":"article","og_title":"Vitivinicolo: Veneto leader in Italia con 12 milioni di ettolitri di vino prodotti nel 2022 - Bellunopress - Dolomiti","og_description":"L&#8217;annuncio dell&#8217;assessore Caner in vista del focus di Regione Veneto, Veneto Agricoltura e Avepa in .programma gioved\u00ec 22 dicembre a Lonigo (VI). Nell&#8217;occasione saranno presentati i numeri finali della vendemmia 2022 nel Veneto e dell&#8217;export di vino. Report di Veneto Agricoltura sul comparto vitivinicolo regionale che a partire proprio dall&#8217;export si mostra in piena salute [&hellip;]","og_url":"https:\/\/www.bellunopress.it\/fr\/2022\/12\/19\/vitivinicolo-veneto-leader-in-italia-con-12-milioni-di-ettolitri-di-vino-prodotti-nel-2022\/","og_site_name":"Bellunopress - Dolomiti","article_publisher":"https:\/\/www.facebook.com\/profile.php?id=100008943462799","article_published_time":"2022-12-19T12:58:55+00:00","og_image":[{"width":1000,"height":912,"url":"https:\/\/www.bellunopress.it\/wp-content\/uploads\/2022\/02\/caner_edited.jpg","type":"image\/jpeg"}],"author":"redazione","twitter_card":"summary_large_image","twitter_creator":"@bellunopress","twitter_site":"@bellunopress","twitter_misc":{"\u00c9crit par":"redazione","Dur\u00e9e de lecture estim\u00e9e":"4 minutes"},"schema":{"@context":"https:\/\/schema.org","@graph":[{"@type":"Article","@id":"https:\/\/www.bellunopress.it\/2022\/12\/19\/vitivinicolo-veneto-leader-in-italia-con-12-milioni-di-ettolitri-di-vino-prodotti-nel-2022\/#article","isPartOf":{"@id":"https:\/\/www.bellunopress.it\/2022\/12\/19\/vitivinicolo-veneto-leader-in-italia-con-12-milioni-di-ettolitri-di-vino-prodotti-nel-2022\/"},"author":{"name":"redazione","@id":"https:\/\/www.bellunopress.it\/#\/schema\/person\/79bb06722b37ece1c03d3e94beb30d73"},"headline":"Vitivinicolo: Veneto leader in Italia con 12 milioni di ettolitri di vino prodotti nel 2022","datePublished":"2022-12-19T12:58:55+00:00","mainEntityOfPage":{"@id":"https:\/\/www.bellunopress.it\/2022\/12\/19\/vitivinicolo-veneto-leader-in-italia-con-12-milioni-di-ettolitri-di-vino-prodotti-nel-2022\/"},"wordCount":602,"publisher":{"@id":"https:\/\/www.bellunopress.it\/#organization"},"image":{"@id":"https:\/\/www.bellunopress.it\/2022\/12\/19\/vitivinicolo-veneto-leader-in-italia-con-12-milioni-di-ettolitri-di-vino-prodotti-nel-2022\/#primaryimage"},"thumbnailUrl":"https:\/\/www.bellunopress.it\/wp-content\/uploads\/2022\/02\/caner_edited.jpg","articleSection":["Cronaca\/Politica","Lavoro, Economia, Turismo"],"inLanguage":"fr-FR"},{"@type":"WebPage","@id":"https:\/\/www.bellunopress.it\/2022\/12\/19\/vitivinicolo-veneto-leader-in-italia-con-12-milioni-di-ettolitri-di-vino-prodotti-nel-2022\/","url":"https:\/\/www.bellunopress.it\/2022\/12\/19\/vitivinicolo-veneto-leader-in-italia-con-12-milioni-di-ettolitri-di-vino-prodotti-nel-2022\/","name":"Vitivinicolo: Veneto leader in Italia con 12 milioni di ettolitri di vino prodotti nel 2022 - Bellunopress - Dolomiti","isPartOf":{"@id":"https:\/\/www.bellunopress.it\/#website"},"primaryImageOfPage":{"@id":"https:\/\/www.bellunopress.it\/2022\/12\/19\/vitivinicolo-veneto-leader-in-italia-con-12-milioni-di-ettolitri-di-vino-prodotti-nel-2022\/#primaryimage"},"image":{"@id":"https:\/\/www.bellunopress.it\/2022\/12\/19\/vitivinicolo-veneto-leader-in-italia-con-12-milioni-di-ettolitri-di-vino-prodotti-nel-2022\/#primaryimage"},"thumbnailUrl":"https:\/\/www.bellunopress.it\/wp-content\/uploads\/2022\/02\/caner_edited.jpg","datePublished":"2022-12-19T12:58:55+00:00","breadcrumb":{"@id":"https:\/\/www.bellunopress.it\/2022\/12\/19\/vitivinicolo-veneto-leader-in-italia-con-12-milioni-di-ettolitri-di-vino-prodotti-nel-2022\/#breadcrumb"},"inLanguage":"fr-FR","potentialAction":[{"@type":"ReadAction","target":["https:\/\/www.bellunopress.it\/2022\/12\/19\/vitivinicolo-veneto-leader-in-italia-con-12-milioni-di-ettolitri-di-vino-prodotti-nel-2022\/"]}]},{"@type":"ImageObject","inLanguage":"fr-FR","@id":"https:\/\/www.bellunopress.it\/2022\/12\/19\/vitivinicolo-veneto-leader-in-italia-con-12-milioni-di-ettolitri-di-vino-prodotti-nel-2022\/#primaryimage","url":"https:\/\/www.bellunopress.it\/wp-content\/uploads\/2022\/02\/caner_edited.jpg","contentUrl":"https:\/\/www.bellunopress.it\/wp-content\/uploads\/2022\/02\/caner_edited.jpg","width":1000,"height":912,"caption":"Federico Caner, assessore regionale Turismo, Trasporti a fune, Commercio estero e internazionalizzazione, Economia e sviluppo montano Attivit\u00e0 promozionali, Politiche dell\u2019agricoltura e zootecnia, Politica Agricola Comune"},{"@type":"BreadcrumbList","@id":"https:\/\/www.bellunopress.it\/2022\/12\/19\/vitivinicolo-veneto-leader-in-italia-con-12-milioni-di-ettolitri-di-vino-prodotti-nel-2022\/#breadcrumb","itemListElement":[{"@type":"ListItem","position":1,"name":"Home","item":"https:\/\/www.bellunopress.it\/"},{"@type":"ListItem","position":2,"name":"Vitivinicolo: Veneto leader in Italia con 12 milioni di ettolitri di vino prodotti nel 2022"}]},{"@type":"WebSite","@id":"https:\/\/www.bellunopress.it\/#website","url":"https:\/\/www.bellunopress.it\/","name":"Bellunopress - Dolomiti","description":"e-mail: redazione@bellunopress.it","publisher":{"@id":"https:\/\/www.bellunopress.it\/#organization"},"potentialAction":[{"@type":"SearchAction","target":{"@type":"EntryPoint","urlTemplate":"https:\/\/www.bellunopress.it\/?s={search_term_string}"},"query-input":{"@type":"PropertyValueSpecification","valueRequired":true,"valueName":"search_term_string"}}],"inLanguage":"fr-FR"},{"@type":"Organization","@id":"https:\/\/www.bellunopress.it\/#organization","name":"Bellunopress","url":"https:\/\/www.bellunopress.it\/","logo":{"@type":"ImageObject","inLanguage":"fr-FR","@id":"https:\/\/www.bellunopress.it\/#\/schema\/logo\/image\/","url":"https:\/\/www.bellunopress.it\/wp-content\/uploads\/2011\/05\/cropped-logo-bellunopress-.jpg","contentUrl":"https:\/\/www.bellunopress.it\/wp-content\/uploads\/2011\/05\/cropped-logo-bellunopress-.jpg","width":512,"height":512,"caption":"Bellunopress"},"image":{"@id":"https:\/\/www.bellunopress.it\/#\/schema\/logo\/image\/"},"sameAs":["https:\/\/www.facebook.com\/profile.php?id=100008943462799","https:\/\/x.com\/bellunopress","https:\/\/www.linkedin.com\/hp\/?dnr=JBzUWaJfMUw8vbXJJ2tVW5-I3jZKvC4wsoxE&amp;amp;amp;amp;amp;amp;trk=nav_responsive_tab_home","https:\/\/www.youtube.com\/channel\/UCxL0wu1uN0_3_7hGG0306cw"]},{"@type":"Person","@id":"https:\/\/www.bellunopress.it\/#\/schema\/person\/79bb06722b37ece1c03d3e94beb30d73","name":"r\u00e9daction","image":{"@type":"ImageObject","inLanguage":"fr-FR","@id":"https:\/\/secure.gravatar.com\/avatar\/37d968a2e67a6fd04c169c4bdef102d0bc5d31b2546345219e348575eb80e9a0?s=96&d=mm&r=g","url":"https:\/\/secure.gravatar.com\/avatar\/37d968a2e67a6fd04c169c4bdef102d0bc5d31b2546345219e348575eb80e9a0?s=96&d=mm&r=g","contentUrl":"https:\/\/secure.gravatar.com\/avatar\/37d968a2e67a6fd04c169c4bdef102d0bc5d31b2546345219e348575eb80e9a0?s=96&d=mm&r=g","caption":"redazione"},"sameAs":["http:\/\/www.bellunopress.it","https:\/\/x.com\/bellunopress"],"url":"https:\/\/www.bellunopress.it\/fr\/author\/redazione\/"}]}},"_links":{"self":[{"href":"https:\/\/www.bellunopress.it\/fr\/wp-json\/wp\/v2\/posts\/138495","targetHints":{"allow":["GET"]}}],"collection":[{"href":"https:\/\/www.bellunopress.it\/fr\/wp-json\/wp\/v2\/posts"}],"about":[{"href":"https:\/\/www.bellunopress.it\/fr\/wp-json\/wp\/v2\/types\/post"}],"author":[{"embeddable":true,"href":"https:\/\/www.bellunopress.it\/fr\/wp-json\/wp\/v2\/users\/2"}],"replies":[{"embeddable":true,"href":"https:\/\/www.bellunopress.it\/fr\/wp-json\/wp\/v2\/comments?post=138495"}],"version-history":[{"count":1,"href":"https:\/\/www.bellunopress.it\/fr\/wp-json\/wp\/v2\/posts\/138495\/revisions"}],"predecessor-version":[{"id":138496,"href":"https:\/\/www.bellunopress.it\/fr\/wp-json\/wp\/v2\/posts\/138495\/revisions\/138496"}],"wp:featuredmedia":[{"embeddable":true,"href":"https:\/\/www.bellunopress.it\/fr\/wp-json\/wp\/v2\/media\/131649"}],"wp:attachment":[{"href":"https:\/\/www.bellunopress.it\/fr\/wp-json\/wp\/v2\/media?parent=138495"}],"wp:term":[{"taxonomy":"category","embeddable":true,"href":"https:\/\/www.bellunopress.it\/fr\/wp-json\/wp\/v2\/categories?post=138495"},{"taxonomy":"post_tag","embeddable":true,"href":"https:\/\/www.bellunopress.it\/fr\/wp-json\/wp\/v2\/tags?post=138495"}],"curies":[{"name":"wp","href":"https:\/\/api.w.org\/{rel}","templated":true}]}}