{"id":138479,"date":"2022-12-19T07:49:43","date_gmt":"2022-12-19T06:49:43","guid":{"rendered":"https:\/\/www.bellunopress.it\/?p=138479"},"modified":"2022-12-19T07:49:43","modified_gmt":"2022-12-19T06:49:43","slug":"interruzione-dellenergia-nel-giorno-di-punta-la-protesta-dei-commercianti-e-la-richiesta-di-danni","status":"publish","type":"post","link":"https:\/\/www.bellunopress.it\/fr\/2022\/12\/19\/interruzione-dellenergia-nel-giorno-di-punta-la-protesta-dei-commercianti-e-la-richiesta-di-danni\/","title":{"rendered":"Interruzione dell\u2019energia nel giorno di punta. La protesta dei commercianti e la richiesta di danni"},"content":{"rendered":"<figure id=\"attachment_138480\" aria-describedby=\"caption-attachment-138480\" style=\"width: 1000px\" class=\"wp-caption alignleft\"><img loading=\"lazy\" decoding=\"async\" class=\"size-full wp-image-138480\" src=\"https:\/\/www.bellunopress.it\/wp-content\/uploads\/2022\/12\/macelleria-Sois_edited.jpg\" alt=\"\" width=\"1000\" height=\"750\" srcset=\"https:\/\/www.bellunopress.it\/wp-content\/uploads\/2022\/12\/macelleria-Sois_edited.jpg 1000w, https:\/\/www.bellunopress.it\/wp-content\/uploads\/2022\/12\/macelleria-Sois_edited-500x375.jpg 500w, https:\/\/www.bellunopress.it\/wp-content\/uploads\/2022\/12\/macelleria-Sois_edited-696x522.jpg 696w, https:\/\/www.bellunopress.it\/wp-content\/uploads\/2022\/12\/macelleria-Sois_edited-560x420.jpg 560w, https:\/\/www.bellunopress.it\/wp-content\/uploads\/2022\/12\/macelleria-Sois_edited-80x60.jpg 80w, https:\/\/www.bellunopress.it\/wp-content\/uploads\/2022\/12\/macelleria-Sois_edited-265x198.jpg 265w\" sizes=\"auto, (max-width: 1000px) 100vw, 1000px\" \/><figcaption id=\"caption-attachment-138480\" class=\"wp-caption-text\">Ivan, il &#8220;Macellaio rock&#8221; di Sois<\/figcaption><\/figure>\n<p>Belluno, 19 dicembre 2022 \u2013 Chiederanno i danni economici ad Enel energia quei pochi esercizi commerciali di comunit\u00e0 che nelle frazioni di Bes e Sois resistono a fatica alle chiusure determinate dalla globalizzazione, combattendo cos\u00ec lo spopolamento di quelle zone.<\/p>\n<p>Il 17 dicembre, per lavori alla linea di bassa tensione, Enel energia avvisa le utenze dell\u2019interruzione dell\u2019erogazione dell\u2019energia elettrica dalle ore 7:30 alle 13:30. Le vie interessate sono quelle delle frazioni di Bes, Sois e Giamosa. Sabato per\u00f2 \u00e8 giorno di punta per gli esercizi pubblici che nei prefestivi totalizzano i maggiori ricavi, considerato anche il periodo che precede le festivit\u00e0 natalizie. Ad essere penalizzati sono il bar, il negozio di alimentari a Bes, e a Sois la cartoleria, la merceria e la macelleria Perera di Ivan, detto il \u201cmacellaio rock\u201d da Radio Virgin e Radio 105, che vanta 20 anni di attivit\u00e0.<\/p>\n<p>Ma c\u2019\u00e8 di pi\u00f9, i lavori si protraggono anche oltre la fascia annunciata, con ulteriori disagi anche ai residenti che non possono avviare gli impianti di riscaldamento. Nonostante la regolare comunicazione, dunque, i commercianti contestano al gestore dell\u2019energia un comportamento irrispettoso del loro lavoro, che ha determinato un conseguente danno economico. La scelta della giornata di sabato, in modo particolare, ha suscitato la protesta dei titolari dei negozi e delle persone che vivono in casa dopo una settimana di lavoro.<\/p>","protected":false},"excerpt":{"rendered":"<p>Belluno, 19 dicembre 2022 \u2013 Chiederanno i danni economici ad Enel energia quei pochi esercizi commerciali di comunit\u00e0 che nelle frazioni di Bes e Sois resistono a fatica alle chiusure determinate dalla globalizzazione, combattendo cos\u00ec lo spopolamento di quelle zone. Il 17 dicembre, per lavori alla linea di bassa tensione, Enel energia avvisa le utenze [&hellip;]<\/p>\n","protected":false},"author":2,"featured_media":138480,"comment_status":"closed","ping_status":"open","sticky":false,"template":"","format":"standard","meta":{"footnotes":""},"categories":[5,26],"tags":[],"class_list":["post-138479","post","type-post","status-publish","format-standard","has-post-thumbnail","category-cronaca","category-prima-pagina"],"yoast_head":"<!-- This site is optimized with the Yoast SEO plugin v28.4 - https:\/\/yoast.com\/product\/yoast-seo-wordpress\/ -->\n<title>Interruzione dell\u2019energia nel giorno di punta. La protesta dei commercianti e la richiesta di danni - Bellunopress - Dolomiti<\/title>\n<meta name=\"robots\" content=\"index, follow, max-snippet:-1, max-image-preview:large, max-video-preview:-1\" \/>\n<link rel=\"canonical\" href=\"https:\/\/www.bellunopress.it\/fr\/2022\/12\/19\/interruzione-dellenergia-nel-giorno-di-punta-la-protesta-dei-commercianti-e-la-richiesta-di-danni\/\" \/>\n<meta property=\"og:locale\" content=\"fr_FR\" \/>\n<meta property=\"og:type\" content=\"article\" \/>\n<meta property=\"og:title\" content=\"Interruzione dell\u2019energia nel giorno di punta. La protesta dei commercianti e la richiesta di danni - Bellunopress - Dolomiti\" \/>\n<meta property=\"og:description\" content=\"Belluno, 19 dicembre 2022 \u2013 Chiederanno i danni economici ad Enel energia quei pochi esercizi commerciali di comunit\u00e0 che nelle frazioni di Bes e Sois resistono a fatica alle chiusure determinate dalla globalizzazione, combattendo cos\u00ec lo spopolamento di quelle zone. Il 17 dicembre, per lavori alla linea di bassa tensione, Enel energia avvisa le utenze [&hellip;]\" \/>\n<meta property=\"og:url\" content=\"https:\/\/www.bellunopress.it\/fr\/2022\/12\/19\/interruzione-dellenergia-nel-giorno-di-punta-la-protesta-dei-commercianti-e-la-richiesta-di-danni\/\" \/>\n<meta property=\"og:site_name\" content=\"Bellunopress - Dolomiti\" \/>\n<meta property=\"article:publisher\" content=\"https:\/\/www.facebook.com\/profile.php?id=100008943462799\" \/>\n<meta property=\"article:published_time\" content=\"2022-12-19T06:49:43+00:00\" \/>\n<meta property=\"og:image\" content=\"https:\/\/www.bellunopress.it\/wp-content\/uploads\/2022\/12\/macelleria-Sois_edited.jpg\" \/>\n\t<meta property=\"og:image:width\" content=\"1000\" \/>\n\t<meta property=\"og:image:height\" content=\"750\" \/>\n\t<meta property=\"og:image:type\" content=\"image\/jpeg\" \/>\n<meta name=\"author\" content=\"redazione\" \/>\n<meta name=\"twitter:card\" content=\"summary_large_image\" \/>\n<meta name=\"twitter:creator\" content=\"@bellunopress\" \/>\n<meta name=\"twitter:site\" content=\"@bellunopress\" \/>\n<meta name=\"twitter:label1\" content=\"\u00c9crit par\" \/>\n\t<meta name=\"twitter:data1\" content=\"redazione\" \/>\n\t<meta name=\"twitter:label2\" content=\"Dur\u00e9e de lecture estim\u00e9e\" \/>\n\t<meta name=\"twitter:data2\" content=\"2 minutes\" \/>\n<script type=\"application\/ld+json\" class=\"yoast-schema-graph\">{\"@context\":\"https:\\\/\\\/schema.org\",\"@graph\":[{\"@type\":\"Article\",\"@id\":\"https:\\\/\\\/www.bellunopress.it\\\/2022\\\/12\\\/19\\\/interruzione-dellenergia-nel-giorno-di-punta-la-protesta-dei-commercianti-e-la-richiesta-di-danni\\\/#article\",\"isPartOf\":{\"@id\":\"https:\\\/\\\/www.bellunopress.it\\\/2022\\\/12\\\/19\\\/interruzione-dellenergia-nel-giorno-di-punta-la-protesta-dei-commercianti-e-la-richiesta-di-danni\\\/\"},\"author\":{\"name\":\"redazione\",\"@id\":\"https:\\\/\\\/www.bellunopress.it\\\/#\\\/schema\\\/person\\\/79bb06722b37ece1c03d3e94beb30d73\"},\"headline\":\"Interruzione dell\u2019energia nel giorno di punta. La protesta dei commercianti e la richiesta di danni\",\"datePublished\":\"2022-12-19T06:49:43+00:00\",\"mainEntityOfPage\":{\"@id\":\"https:\\\/\\\/www.bellunopress.it\\\/2022\\\/12\\\/19\\\/interruzione-dellenergia-nel-giorno-di-punta-la-protesta-dei-commercianti-e-la-richiesta-di-danni\\\/\"},\"wordCount\":247,\"publisher\":{\"@id\":\"https:\\\/\\\/www.bellunopress.it\\\/#organization\"},\"image\":{\"@id\":\"https:\\\/\\\/www.bellunopress.it\\\/2022\\\/12\\\/19\\\/interruzione-dellenergia-nel-giorno-di-punta-la-protesta-dei-commercianti-e-la-richiesta-di-danni\\\/#primaryimage\"},\"thumbnailUrl\":\"https:\\\/\\\/www.bellunopress.it\\\/wp-content\\\/uploads\\\/2022\\\/12\\\/macelleria-Sois_edited.jpg\",\"articleSection\":[\"Cronaca\\\/Politica\",\"Prima Pagina\"],\"inLanguage\":\"fr-FR\"},{\"@type\":\"WebPage\",\"@id\":\"https:\\\/\\\/www.bellunopress.it\\\/2022\\\/12\\\/19\\\/interruzione-dellenergia-nel-giorno-di-punta-la-protesta-dei-commercianti-e-la-richiesta-di-danni\\\/\",\"url\":\"https:\\\/\\\/www.bellunopress.it\\\/2022\\\/12\\\/19\\\/interruzione-dellenergia-nel-giorno-di-punta-la-protesta-dei-commercianti-e-la-richiesta-di-danni\\\/\",\"name\":\"Interruzione dell\u2019energia nel giorno di punta. La protesta dei commercianti e la richiesta di danni - Bellunopress - Dolomiti\",\"isPartOf\":{\"@id\":\"https:\\\/\\\/www.bellunopress.it\\\/#website\"},\"primaryImageOfPage\":{\"@id\":\"https:\\\/\\\/www.bellunopress.it\\\/2022\\\/12\\\/19\\\/interruzione-dellenergia-nel-giorno-di-punta-la-protesta-dei-commercianti-e-la-richiesta-di-danni\\\/#primaryimage\"},\"image\":{\"@id\":\"https:\\\/\\\/www.bellunopress.it\\\/2022\\\/12\\\/19\\\/interruzione-dellenergia-nel-giorno-di-punta-la-protesta-dei-commercianti-e-la-richiesta-di-danni\\\/#primaryimage\"},\"thumbnailUrl\":\"https:\\\/\\\/www.bellunopress.it\\\/wp-content\\\/uploads\\\/2022\\\/12\\\/macelleria-Sois_edited.jpg\",\"datePublished\":\"2022-12-19T06:49:43+00:00\",\"breadcrumb\":{\"@id\":\"https:\\\/\\\/www.bellunopress.it\\\/2022\\\/12\\\/19\\\/interruzione-dellenergia-nel-giorno-di-punta-la-protesta-dei-commercianti-e-la-richiesta-di-danni\\\/#breadcrumb\"},\"inLanguage\":\"fr-FR\",\"potentialAction\":[{\"@type\":\"ReadAction\",\"target\":[\"https:\\\/\\\/www.bellunopress.it\\\/2022\\\/12\\\/19\\\/interruzione-dellenergia-nel-giorno-di-punta-la-protesta-dei-commercianti-e-la-richiesta-di-danni\\\/\"]}]},{\"@type\":\"ImageObject\",\"inLanguage\":\"fr-FR\",\"@id\":\"https:\\\/\\\/www.bellunopress.it\\\/2022\\\/12\\\/19\\\/interruzione-dellenergia-nel-giorno-di-punta-la-protesta-dei-commercianti-e-la-richiesta-di-danni\\\/#primaryimage\",\"url\":\"https:\\\/\\\/www.bellunopress.it\\\/wp-content\\\/uploads\\\/2022\\\/12\\\/macelleria-Sois_edited.jpg\",\"contentUrl\":\"https:\\\/\\\/www.bellunopress.it\\\/wp-content\\\/uploads\\\/2022\\\/12\\\/macelleria-Sois_edited.jpg\",\"width\":1000,\"height\":750,\"caption\":\"Ivan, il \\\"Macellaio rock\\\" di Sois\"},{\"@type\":\"BreadcrumbList\",\"@id\":\"https:\\\/\\\/www.bellunopress.it\\\/2022\\\/12\\\/19\\\/interruzione-dellenergia-nel-giorno-di-punta-la-protesta-dei-commercianti-e-la-richiesta-di-danni\\\/#breadcrumb\",\"itemListElement\":[{\"@type\":\"ListItem\",\"position\":1,\"name\":\"Home\",\"item\":\"https:\\\/\\\/www.bellunopress.it\\\/\"},{\"@type\":\"ListItem\",\"position\":2,\"name\":\"Interruzione dell\u2019energia nel giorno di punta. La protesta dei commercianti e la richiesta di danni\"}]},{\"@type\":\"WebSite\",\"@id\":\"https:\\\/\\\/www.bellunopress.it\\\/#website\",\"url\":\"https:\\\/\\\/www.bellunopress.it\\\/\",\"name\":\"Bellunopress - Dolomiti\",\"description\":\"e-mail: redazione@bellunopress.it\",\"publisher\":{\"@id\":\"https:\\\/\\\/www.bellunopress.it\\\/#organization\"},\"potentialAction\":[{\"@type\":\"SearchAction\",\"target\":{\"@type\":\"EntryPoint\",\"urlTemplate\":\"https:\\\/\\\/www.bellunopress.it\\\/?s={search_term_string}\"},\"query-input\":{\"@type\":\"PropertyValueSpecification\",\"valueRequired\":true,\"valueName\":\"search_term_string\"}}],\"inLanguage\":\"fr-FR\"},{\"@type\":\"Organization\",\"@id\":\"https:\\\/\\\/www.bellunopress.it\\\/#organization\",\"name\":\"Bellunopress\",\"url\":\"https:\\\/\\\/www.bellunopress.it\\\/\",\"logo\":{\"@type\":\"ImageObject\",\"inLanguage\":\"fr-FR\",\"@id\":\"https:\\\/\\\/www.bellunopress.it\\\/#\\\/schema\\\/logo\\\/image\\\/\",\"url\":\"https:\\\/\\\/www.bellunopress.it\\\/wp-content\\\/uploads\\\/2011\\\/05\\\/cropped-logo-bellunopress-.jpg\",\"contentUrl\":\"https:\\\/\\\/www.bellunopress.it\\\/wp-content\\\/uploads\\\/2011\\\/05\\\/cropped-logo-bellunopress-.jpg\",\"width\":512,\"height\":512,\"caption\":\"Bellunopress\"},\"image\":{\"@id\":\"https:\\\/\\\/www.bellunopress.it\\\/#\\\/schema\\\/logo\\\/image\\\/\"},\"sameAs\":[\"https:\\\/\\\/www.facebook.com\\\/profile.php?id=100008943462799\",\"https:\\\/\\\/x.com\\\/bellunopress\",\"https:\\\/\\\/www.linkedin.com\\\/hp\\\/?dnr=JBzUWaJfMUw8vbXJJ2tVW5-I3jZKvC4wsoxE&amp;amp;amp;amp;amp;amp;trk=nav_responsive_tab_home\",\"https:\\\/\\\/www.youtube.com\\\/channel\\\/UCxL0wu1uN0_3_7hGG0306cw\"]},{\"@type\":\"Person\",\"@id\":\"https:\\\/\\\/www.bellunopress.it\\\/#\\\/schema\\\/person\\\/79bb06722b37ece1c03d3e94beb30d73\",\"name\":\"redazione\",\"image\":{\"@type\":\"ImageObject\",\"inLanguage\":\"fr-FR\",\"@id\":\"https:\\\/\\\/secure.gravatar.com\\\/avatar\\\/37d968a2e67a6fd04c169c4bdef102d0bc5d31b2546345219e348575eb80e9a0?s=96&d=mm&r=g\",\"url\":\"https:\\\/\\\/secure.gravatar.com\\\/avatar\\\/37d968a2e67a6fd04c169c4bdef102d0bc5d31b2546345219e348575eb80e9a0?s=96&d=mm&r=g\",\"contentUrl\":\"https:\\\/\\\/secure.gravatar.com\\\/avatar\\\/37d968a2e67a6fd04c169c4bdef102d0bc5d31b2546345219e348575eb80e9a0?s=96&d=mm&r=g\",\"caption\":\"redazione\"},\"sameAs\":[\"http:\\\/\\\/www.bellunopress.it\",\"https:\\\/\\\/x.com\\\/bellunopress\"],\"url\":\"https:\\\/\\\/www.bellunopress.it\\\/fr\\\/author\\\/redazione\\\/\"}]}<\/script>\n<!-- \/ Yoast SEO plugin. -->","yoast_head_json":{"title":"Interruzione dell\u2019energia nel giorno di punta. La protesta dei commercianti e la richiesta di danni - Bellunopress - Dolomiti","robots":{"index":"index","follow":"follow","max-snippet":"max-snippet:-1","max-image-preview":"max-image-preview:large","max-video-preview":"max-video-preview:-1"},"canonical":"https:\/\/www.bellunopress.it\/fr\/2022\/12\/19\/interruzione-dellenergia-nel-giorno-di-punta-la-protesta-dei-commercianti-e-la-richiesta-di-danni\/","og_locale":"fr_FR","og_type":"article","og_title":"Interruzione dell\u2019energia nel giorno di punta. La protesta dei commercianti e la richiesta di danni - Bellunopress - Dolomiti","og_description":"Belluno, 19 dicembre 2022 \u2013 Chiederanno i danni economici ad Enel energia quei pochi esercizi commerciali di comunit\u00e0 che nelle frazioni di Bes e Sois resistono a fatica alle chiusure determinate dalla globalizzazione, combattendo cos\u00ec lo spopolamento di quelle zone. Il 17 dicembre, per lavori alla linea di bassa tensione, Enel energia avvisa le utenze [&hellip;]","og_url":"https:\/\/www.bellunopress.it\/fr\/2022\/12\/19\/interruzione-dellenergia-nel-giorno-di-punta-la-protesta-dei-commercianti-e-la-richiesta-di-danni\/","og_site_name":"Bellunopress - Dolomiti","article_publisher":"https:\/\/www.facebook.com\/profile.php?id=100008943462799","article_published_time":"2022-12-19T06:49:43+00:00","og_image":[{"width":1000,"height":750,"url":"https:\/\/www.bellunopress.it\/wp-content\/uploads\/2022\/12\/macelleria-Sois_edited.jpg","type":"image\/jpeg"}],"author":"redazione","twitter_card":"summary_large_image","twitter_creator":"@bellunopress","twitter_site":"@bellunopress","twitter_misc":{"\u00c9crit par":"redazione","Dur\u00e9e de lecture estim\u00e9e":"2 minutes"},"schema":{"@context":"https:\/\/schema.org","@graph":[{"@type":"Article","@id":"https:\/\/www.bellunopress.it\/2022\/12\/19\/interruzione-dellenergia-nel-giorno-di-punta-la-protesta-dei-commercianti-e-la-richiesta-di-danni\/#article","isPartOf":{"@id":"https:\/\/www.bellunopress.it\/2022\/12\/19\/interruzione-dellenergia-nel-giorno-di-punta-la-protesta-dei-commercianti-e-la-richiesta-di-danni\/"},"author":{"name":"redazione","@id":"https:\/\/www.bellunopress.it\/#\/schema\/person\/79bb06722b37ece1c03d3e94beb30d73"},"headline":"Interruzione dell\u2019energia nel giorno di punta. La protesta dei commercianti e la richiesta di danni","datePublished":"2022-12-19T06:49:43+00:00","mainEntityOfPage":{"@id":"https:\/\/www.bellunopress.it\/2022\/12\/19\/interruzione-dellenergia-nel-giorno-di-punta-la-protesta-dei-commercianti-e-la-richiesta-di-danni\/"},"wordCount":247,"publisher":{"@id":"https:\/\/www.bellunopress.it\/#organization"},"image":{"@id":"https:\/\/www.bellunopress.it\/2022\/12\/19\/interruzione-dellenergia-nel-giorno-di-punta-la-protesta-dei-commercianti-e-la-richiesta-di-danni\/#primaryimage"},"thumbnailUrl":"https:\/\/www.bellunopress.it\/wp-content\/uploads\/2022\/12\/macelleria-Sois_edited.jpg","articleSection":["Cronaca\/Politica","Prima Pagina"],"inLanguage":"fr-FR"},{"@type":"WebPage","@id":"https:\/\/www.bellunopress.it\/2022\/12\/19\/interruzione-dellenergia-nel-giorno-di-punta-la-protesta-dei-commercianti-e-la-richiesta-di-danni\/","url":"https:\/\/www.bellunopress.it\/2022\/12\/19\/interruzione-dellenergia-nel-giorno-di-punta-la-protesta-dei-commercianti-e-la-richiesta-di-danni\/","name":"Interruzione dell\u2019energia nel giorno di punta. La protesta dei commercianti e la richiesta di danni - Bellunopress - Dolomiti","isPartOf":{"@id":"https:\/\/www.bellunopress.it\/#website"},"primaryImageOfPage":{"@id":"https:\/\/www.bellunopress.it\/2022\/12\/19\/interruzione-dellenergia-nel-giorno-di-punta-la-protesta-dei-commercianti-e-la-richiesta-di-danni\/#primaryimage"},"image":{"@id":"https:\/\/www.bellunopress.it\/2022\/12\/19\/interruzione-dellenergia-nel-giorno-di-punta-la-protesta-dei-commercianti-e-la-richiesta-di-danni\/#primaryimage"},"thumbnailUrl":"https:\/\/www.bellunopress.it\/wp-content\/uploads\/2022\/12\/macelleria-Sois_edited.jpg","datePublished":"2022-12-19T06:49:43+00:00","breadcrumb":{"@id":"https:\/\/www.bellunopress.it\/2022\/12\/19\/interruzione-dellenergia-nel-giorno-di-punta-la-protesta-dei-commercianti-e-la-richiesta-di-danni\/#breadcrumb"},"inLanguage":"fr-FR","potentialAction":[{"@type":"ReadAction","target":["https:\/\/www.bellunopress.it\/2022\/12\/19\/interruzione-dellenergia-nel-giorno-di-punta-la-protesta-dei-commercianti-e-la-richiesta-di-danni\/"]}]},{"@type":"ImageObject","inLanguage":"fr-FR","@id":"https:\/\/www.bellunopress.it\/2022\/12\/19\/interruzione-dellenergia-nel-giorno-di-punta-la-protesta-dei-commercianti-e-la-richiesta-di-danni\/#primaryimage","url":"https:\/\/www.bellunopress.it\/wp-content\/uploads\/2022\/12\/macelleria-Sois_edited.jpg","contentUrl":"https:\/\/www.bellunopress.it\/wp-content\/uploads\/2022\/12\/macelleria-Sois_edited.jpg","width":1000,"height":750,"caption":"Ivan, il \"Macellaio rock\" di Sois"},{"@type":"BreadcrumbList","@id":"https:\/\/www.bellunopress.it\/2022\/12\/19\/interruzione-dellenergia-nel-giorno-di-punta-la-protesta-dei-commercianti-e-la-richiesta-di-danni\/#breadcrumb","itemListElement":[{"@type":"ListItem","position":1,"name":"Home","item":"https:\/\/www.bellunopress.it\/"},{"@type":"ListItem","position":2,"name":"Interruzione dell\u2019energia nel giorno di punta. La protesta dei commercianti e la richiesta di danni"}]},{"@type":"WebSite","@id":"https:\/\/www.bellunopress.it\/#website","url":"https:\/\/www.bellunopress.it\/","name":"Bellunopress - Dolomiti","description":"e-mail: redazione@bellunopress.it","publisher":{"@id":"https:\/\/www.bellunopress.it\/#organization"},"potentialAction":[{"@type":"SearchAction","target":{"@type":"EntryPoint","urlTemplate":"https:\/\/www.bellunopress.it\/?s={search_term_string}"},"query-input":{"@type":"PropertyValueSpecification","valueRequired":true,"valueName":"search_term_string"}}],"inLanguage":"fr-FR"},{"@type":"Organization","@id":"https:\/\/www.bellunopress.it\/#organization","name":"Bellunopress","url":"https:\/\/www.bellunopress.it\/","logo":{"@type":"ImageObject","inLanguage":"fr-FR","@id":"https:\/\/www.bellunopress.it\/#\/schema\/logo\/image\/","url":"https:\/\/www.bellunopress.it\/wp-content\/uploads\/2011\/05\/cropped-logo-bellunopress-.jpg","contentUrl":"https:\/\/www.bellunopress.it\/wp-content\/uploads\/2011\/05\/cropped-logo-bellunopress-.jpg","width":512,"height":512,"caption":"Bellunopress"},"image":{"@id":"https:\/\/www.bellunopress.it\/#\/schema\/logo\/image\/"},"sameAs":["https:\/\/www.facebook.com\/profile.php?id=100008943462799","https:\/\/x.com\/bellunopress","https:\/\/www.linkedin.com\/hp\/?dnr=JBzUWaJfMUw8vbXJJ2tVW5-I3jZKvC4wsoxE&amp;amp;amp;amp;amp;amp;trk=nav_responsive_tab_home","https:\/\/www.youtube.com\/channel\/UCxL0wu1uN0_3_7hGG0306cw"]},{"@type":"Person","@id":"https:\/\/www.bellunopress.it\/#\/schema\/person\/79bb06722b37ece1c03d3e94beb30d73","name":"r\u00e9daction","image":{"@type":"ImageObject","inLanguage":"fr-FR","@id":"https:\/\/secure.gravatar.com\/avatar\/37d968a2e67a6fd04c169c4bdef102d0bc5d31b2546345219e348575eb80e9a0?s=96&d=mm&r=g","url":"https:\/\/secure.gravatar.com\/avatar\/37d968a2e67a6fd04c169c4bdef102d0bc5d31b2546345219e348575eb80e9a0?s=96&d=mm&r=g","contentUrl":"https:\/\/secure.gravatar.com\/avatar\/37d968a2e67a6fd04c169c4bdef102d0bc5d31b2546345219e348575eb80e9a0?s=96&d=mm&r=g","caption":"redazione"},"sameAs":["http:\/\/www.bellunopress.it","https:\/\/x.com\/bellunopress"],"url":"https:\/\/www.bellunopress.it\/fr\/author\/redazione\/"}]}},"_links":{"self":[{"href":"https:\/\/www.bellunopress.it\/fr\/wp-json\/wp\/v2\/posts\/138479","targetHints":{"allow":["GET"]}}],"collection":[{"href":"https:\/\/www.bellunopress.it\/fr\/wp-json\/wp\/v2\/posts"}],"about":[{"href":"https:\/\/www.bellunopress.it\/fr\/wp-json\/wp\/v2\/types\/post"}],"author":[{"embeddable":true,"href":"https:\/\/www.bellunopress.it\/fr\/wp-json\/wp\/v2\/users\/2"}],"replies":[{"embeddable":true,"href":"https:\/\/www.bellunopress.it\/fr\/wp-json\/wp\/v2\/comments?post=138479"}],"version-history":[{"count":1,"href":"https:\/\/www.bellunopress.it\/fr\/wp-json\/wp\/v2\/posts\/138479\/revisions"}],"predecessor-version":[{"id":138481,"href":"https:\/\/www.bellunopress.it\/fr\/wp-json\/wp\/v2\/posts\/138479\/revisions\/138481"}],"wp:featuredmedia":[{"embeddable":true,"href":"https:\/\/www.bellunopress.it\/fr\/wp-json\/wp\/v2\/media\/138480"}],"wp:attachment":[{"href":"https:\/\/www.bellunopress.it\/fr\/wp-json\/wp\/v2\/media?parent=138479"}],"wp:term":[{"taxonomy":"category","embeddable":true,"href":"https:\/\/www.bellunopress.it\/fr\/wp-json\/wp\/v2\/categories?post=138479"},{"taxonomy":"post_tag","embeddable":true,"href":"https:\/\/www.bellunopress.it\/fr\/wp-json\/wp\/v2\/tags?post=138479"}],"curies":[{"name":"wp","href":"https:\/\/api.w.org\/{rel}","templated":true}]}}