{"id":138466,"date":"2022-12-18T11:09:21","date_gmt":"2022-12-18T10:09:21","guid":{"rendered":"https:\/\/www.bellunopress.it\/?p=138466"},"modified":"2022-12-18T11:09:21","modified_gmt":"2022-12-18T10:09:21","slug":"raccontare-lemigrazione-veneta-come-le-rondini-di-lorenzo-pertoldi-vince-il-concorso-letterario-dellabm","status":"publish","type":"post","link":"https:\/\/www.bellunopress.it\/fr\/2022\/12\/18\/raccontare-lemigrazione-veneta-come-le-rondini-di-lorenzo-pertoldi-vince-il-concorso-letterario-dellabm\/","title":{"rendered":"Raccontare l&#8217;emigrazione veneta. &#8220;Come le rondini&#8221; di Lorenzo Pertoldi vince il concorso letterario dell&#8217;Abm"},"content":{"rendered":"<figure id=\"attachment_138467\" aria-describedby=\"caption-attachment-138467\" style=\"width: 1000px\" class=\"wp-caption alignleft\"><img loading=\"lazy\" decoding=\"async\" class=\"size-full wp-image-138467\" src=\"https:\/\/www.bellunopress.it\/wp-content\/uploads\/2022\/12\/Ass-Bellunesi-nel-mondo-10-finalisti-alla-prima-edizione-del-concorso-letterario-Raccontare-lemigrazione-veneta_edited.jpg\" alt=\"\" width=\"1000\" height=\"506\" srcset=\"https:\/\/www.bellunopress.it\/wp-content\/uploads\/2022\/12\/Ass-Bellunesi-nel-mondo-10-finalisti-alla-prima-edizione-del-concorso-letterario-Raccontare-lemigrazione-veneta_edited.jpg 1000w, https:\/\/www.bellunopress.it\/wp-content\/uploads\/2022\/12\/Ass-Bellunesi-nel-mondo-10-finalisti-alla-prima-edizione-del-concorso-letterario-Raccontare-lemigrazione-veneta_edited-500x253.jpg 500w, https:\/\/www.bellunopress.it\/wp-content\/uploads\/2022\/12\/Ass-Bellunesi-nel-mondo-10-finalisti-alla-prima-edizione-del-concorso-letterario-Raccontare-lemigrazione-veneta_edited-696x352.jpg 696w, https:\/\/www.bellunopress.it\/wp-content\/uploads\/2022\/12\/Ass-Bellunesi-nel-mondo-10-finalisti-alla-prima-edizione-del-concorso-letterario-Raccontare-lemigrazione-veneta_edited-830x420.jpg 830w\" sizes=\"auto, (max-width: 1000px) 100vw, 1000px\" \/><figcaption id=\"caption-attachment-138467\" class=\"wp-caption-text\">I 10 finalisti alla prima edizione del concorso letterario Raccontare l&#8217;emigrazione veneta<\/figcaption><\/figure>\n<p>\u00c8 Lorenzo Pertoldi il vincitore del primo concorso letterario &#8220;Raccontare l&#8217;emigrazione veneta&#8221;. Il suo &#8220;Come le rondini&#8221; \u00e8 il racconto che pi\u00f9 ha convinto la giuria del premio organizzato dall&#8217;Associazione Bellunesi nel Mondo.<\/p>\n<p>Una storia ambientata nel secondo dopoguerra, periodo nel quale \u2013 in un&#8217;Italia uscita con le ossa rotte dai drammi del conflitto mondiale e della dittatura fascista \u2013 migliaia di connazionali si diressero nei vicini Paesi europei (Svizzera e Francia su tutti) in cerca di migliori condizioni di vita. E proprio tra Francia e provincia di Belluno si dipanano le vicende narrate da Pertoldi, in \u00abun racconto dettagliato e ricco di riflessioni, che ha il merito di arricchire le interminabili pagine di una storia e di tante storie venete che vanno ancora scritte del tutto\u00bb, il commento con cui la commissione giudicatrice ha accompagnato l&#8217;assegnazione del primo premio all&#8217;autore.<\/p>\n<p>Al secondo posto Walter Basso, che con &#8220;Il cielo sognato&#8221; fa luce sulle condizioni di vita e di lavoro dei minatori in Belgio, indagando anche il rapporto tra un padre (simbolo di tanti protagonisti dell&#8217;emigrazione) sacrificatosi per garantire un futuro a un figlio che solo quando ormai \u00e8 troppo tardi si rende conto di quanto fatto per lui dal genitore. A convincere la giuria, in questo caso, la \u00abscrittura agile e scorrevole\u00bb di \u00abpagine che ci portano indietro nel tempo e ci regalano, emozionandoci, gli strumenti per poter leggere quanto accade anche oggi\u00bb.<\/p>\n<p>Terza Roberta Bassani Federizzi con &#8220;Salute, fede e ricordi&#8221;: un ponte tra la Grande Emigrazione di fine Ottocento e inizio Novecento verso il Brasile (dove risiede l&#8217;autrice) e un&#8217;attualit\u00e0 in cui le nuove generazioni, discendenti da quegli uomini e quelle donne che popolarono e fecero crescere il Paese verde-oro, mantengono forte il legame con le loro origini oltreoceano. \u00abSi parla di terre lontane, che con la migrazione sono diventate casa. Il racconto ci ricorda l&#8217;importanza delle radici venete e, contemporaneamente, quanto l&#8217;apertura verso il mondo e la scoperta accomunino le storie di vita di ieri e di oggi\u00bb, la menzione della giuria.<\/p>\n<p>Ai primi tre classificati un premio in denaro di cinquecento (primo), trecento (secondo) e duecento euro (terzo).<\/p>\n<p>A tutti i finalisti \u2013 quarta Antonella Schena con &#8220;E le rocce stanno a guardare&#8221;, quinta Sara Piazza con &#8220;Salvarsi&#8221;, sesta Daniela Emmi con &#8220;L&#8217;ultimo caff\u00e8&#8221;, settimo Giuliano Dall&#8217;\u00d2 con &#8220;Il miracolo&#8221;, ottavo Fabrizio Ruffini con &#8220;La valigia del ritorno&#8221;, nona Patricia Lucio con &#8220;Un amore dalle Dolomiti alle Andes: un cuore bellunese non sa arrendersi&#8221; e decimo Francesco Noventa con &#8220;Giovinezza negata&#8221; &#8211; due copie del libro, edito da Bellunesi nel mondo edizioni, che raccoglie le dieci opere pi\u00f9 votate. Pubblicazione che prende il titolo dal racconto vincitore, &#8220;Come le rondini&#8221;, e impreziosita dalla prefazione dello scrittore Antonio G. Bortoluzzi, testimonial del concorso, e dall&#8217;introduzione di Toni Ricciardi, storico delle migrazioni all&#8217;Universit\u00e0 di Ginevra e presidente della giuria. Entrambi erano presenti alla cerimonia di premiazione svoltasi sabato 17 dicembre a Belluno, nella sede dell&#8217;Abm. Ed entrambi hanno sottolineato l&#8217;importanza &#8211; proprio in un territorio come quello bellunese, fortemente segnato nei secoli scorsi dalle partenze &#8211; di iniziative in grado di conservare la memoria di un&#8217;epopea che grazie agli sforzi di migliaia di connazionali in giro per il mondo ha garantito sviluppo e benessere a chi \u00e8 venuto dopo di loro.<br \/>\nConcetto sottolineato anche da Roberto Ferro, consigliere del Comune di Belluno intervenuto in rappresentanza dell&#8217;amministrazione.<br \/>\nA conclusione dell&#8217;evento, dopo la lettura di alcuni estratti dal racconto vincitore, a cura di Manuela Gaio, Patrizia Burigo, vicepresidente dell&#8217;Abm, ha lanciato l&#8217;appuntamento alla seconda edizione del concorso, in programma per il 2023.<\/p>","protected":false},"excerpt":{"rendered":"<p>\u00c8 Lorenzo Pertoldi il vincitore del primo concorso letterario &#8220;Raccontare l&#8217;emigrazione veneta&#8221;. Il suo &#8220;Come le rondini&#8221; \u00e8 il racconto che pi\u00f9 ha convinto la giuria del premio organizzato dall&#8217;Associazione Bellunesi nel Mondo. Una storia ambientata nel secondo dopoguerra, periodo nel quale \u2013 in un&#8217;Italia uscita con le ossa rotte dai drammi del conflitto mondiale [&hellip;]<\/p>\n","protected":false},"author":2,"featured_media":138467,"comment_status":"closed","ping_status":"open","sticky":false,"template":"","format":"standard","meta":{"footnotes":""},"categories":[3,8],"tags":[],"class_list":["post-138466","post","type-post","status-publish","format-standard","has-post-thumbnail","category-arte-cultura-spettacoli-scienza-archivi","category-societa-istituzioni"],"yoast_head":"<!-- This site is optimized with the Yoast SEO plugin v28.4 - https:\/\/yoast.com\/product\/yoast-seo-wordpress\/ -->\n<title>Raccontare l&#039;emigrazione veneta. &quot;Come le rondini&quot; di Lorenzo Pertoldi vince il concorso letterario dell&#039;Abm - Bellunopress - Dolomiti<\/title>\n<meta name=\"robots\" content=\"index, follow, max-snippet:-1, max-image-preview:large, max-video-preview:-1\" \/>\n<link rel=\"canonical\" href=\"https:\/\/www.bellunopress.it\/fr\/2022\/12\/18\/raccontare-lemigrazione-veneta-come-le-rondini-di-lorenzo-pertoldi-vince-il-concorso-letterario-dellabm\/\" \/>\n<meta property=\"og:locale\" content=\"fr_FR\" \/>\n<meta property=\"og:type\" content=\"article\" \/>\n<meta property=\"og:title\" content=\"Raccontare l&#039;emigrazione veneta. &quot;Come le rondini&quot; di Lorenzo Pertoldi vince il concorso letterario dell&#039;Abm - Bellunopress - Dolomiti\" \/>\n<meta property=\"og:description\" content=\"\u00c8 Lorenzo Pertoldi il vincitore del primo concorso letterario &#8220;Raccontare l&#8217;emigrazione veneta&#8221;. Il suo &#8220;Come le rondini&#8221; \u00e8 il racconto che pi\u00f9 ha convinto la giuria del premio organizzato dall&#8217;Associazione Bellunesi nel Mondo. Una storia ambientata nel secondo dopoguerra, periodo nel quale \u2013 in un&#8217;Italia uscita con le ossa rotte dai drammi del conflitto mondiale [&hellip;]\" \/>\n<meta property=\"og:url\" content=\"https:\/\/www.bellunopress.it\/fr\/2022\/12\/18\/raccontare-lemigrazione-veneta-come-le-rondini-di-lorenzo-pertoldi-vince-il-concorso-letterario-dellabm\/\" \/>\n<meta property=\"og:site_name\" content=\"Bellunopress - Dolomiti\" \/>\n<meta property=\"article:publisher\" content=\"https:\/\/www.facebook.com\/profile.php?id=100008943462799\" \/>\n<meta property=\"article:published_time\" content=\"2022-12-18T10:09:21+00:00\" \/>\n<meta property=\"og:image\" content=\"https:\/\/www.bellunopress.it\/wp-content\/uploads\/2022\/12\/Ass-Bellunesi-nel-mondo-10-finalisti-alla-prima-edizione-del-concorso-letterario-Raccontare-lemigrazione-veneta_edited.jpg\" \/>\n\t<meta property=\"og:image:width\" content=\"1000\" \/>\n\t<meta property=\"og:image:height\" content=\"506\" \/>\n\t<meta property=\"og:image:type\" content=\"image\/jpeg\" \/>\n<meta name=\"author\" content=\"redazione\" \/>\n<meta name=\"twitter:card\" content=\"summary_large_image\" \/>\n<meta name=\"twitter:creator\" content=\"@bellunopress\" \/>\n<meta name=\"twitter:site\" content=\"@bellunopress\" \/>\n<meta name=\"twitter:label1\" content=\"\u00c9crit par\" \/>\n\t<meta name=\"twitter:data1\" content=\"redazione\" \/>\n\t<meta name=\"twitter:label2\" content=\"Dur\u00e9e de lecture estim\u00e9e\" \/>\n\t<meta name=\"twitter:data2\" content=\"4 minutes\" \/>\n<script type=\"application\/ld+json\" class=\"yoast-schema-graph\">{\"@context\":\"https:\\\/\\\/schema.org\",\"@graph\":[{\"@type\":\"Article\",\"@id\":\"https:\\\/\\\/www.bellunopress.it\\\/2022\\\/12\\\/18\\\/raccontare-lemigrazione-veneta-come-le-rondini-di-lorenzo-pertoldi-vince-il-concorso-letterario-dellabm\\\/#article\",\"isPartOf\":{\"@id\":\"https:\\\/\\\/www.bellunopress.it\\\/2022\\\/12\\\/18\\\/raccontare-lemigrazione-veneta-come-le-rondini-di-lorenzo-pertoldi-vince-il-concorso-letterario-dellabm\\\/\"},\"author\":{\"name\":\"redazione\",\"@id\":\"https:\\\/\\\/www.bellunopress.it\\\/#\\\/schema\\\/person\\\/79bb06722b37ece1c03d3e94beb30d73\"},\"headline\":\"Raccontare l&#8217;emigrazione veneta. &#8220;Come le rondini&#8221; di Lorenzo Pertoldi vince il concorso letterario dell&#8217;Abm\",\"datePublished\":\"2022-12-18T10:09:21+00:00\",\"mainEntityOfPage\":{\"@id\":\"https:\\\/\\\/www.bellunopress.it\\\/2022\\\/12\\\/18\\\/raccontare-lemigrazione-veneta-come-le-rondini-di-lorenzo-pertoldi-vince-il-concorso-letterario-dellabm\\\/\"},\"wordCount\":639,\"publisher\":{\"@id\":\"https:\\\/\\\/www.bellunopress.it\\\/#organization\"},\"image\":{\"@id\":\"https:\\\/\\\/www.bellunopress.it\\\/2022\\\/12\\\/18\\\/raccontare-lemigrazione-veneta-come-le-rondini-di-lorenzo-pertoldi-vince-il-concorso-letterario-dellabm\\\/#primaryimage\"},\"thumbnailUrl\":\"https:\\\/\\\/www.bellunopress.it\\\/wp-content\\\/uploads\\\/2022\\\/12\\\/Ass-Bellunesi-nel-mondo-10-finalisti-alla-prima-edizione-del-concorso-letterario-Raccontare-lemigrazione-veneta_edited.jpg\",\"articleSection\":[\"Arte, Cultura, Spettacoli, Scienza\",\"Societ\u00e0, Associazioni, Istituzioni\"],\"inLanguage\":\"fr-FR\"},{\"@type\":\"WebPage\",\"@id\":\"https:\\\/\\\/www.bellunopress.it\\\/2022\\\/12\\\/18\\\/raccontare-lemigrazione-veneta-come-le-rondini-di-lorenzo-pertoldi-vince-il-concorso-letterario-dellabm\\\/\",\"url\":\"https:\\\/\\\/www.bellunopress.it\\\/2022\\\/12\\\/18\\\/raccontare-lemigrazione-veneta-come-le-rondini-di-lorenzo-pertoldi-vince-il-concorso-letterario-dellabm\\\/\",\"name\":\"Raccontare l'emigrazione veneta. \\\"Come le rondini\\\" di Lorenzo Pertoldi vince il concorso letterario dell'Abm - Bellunopress - Dolomiti\",\"isPartOf\":{\"@id\":\"https:\\\/\\\/www.bellunopress.it\\\/#website\"},\"primaryImageOfPage\":{\"@id\":\"https:\\\/\\\/www.bellunopress.it\\\/2022\\\/12\\\/18\\\/raccontare-lemigrazione-veneta-come-le-rondini-di-lorenzo-pertoldi-vince-il-concorso-letterario-dellabm\\\/#primaryimage\"},\"image\":{\"@id\":\"https:\\\/\\\/www.bellunopress.it\\\/2022\\\/12\\\/18\\\/raccontare-lemigrazione-veneta-come-le-rondini-di-lorenzo-pertoldi-vince-il-concorso-letterario-dellabm\\\/#primaryimage\"},\"thumbnailUrl\":\"https:\\\/\\\/www.bellunopress.it\\\/wp-content\\\/uploads\\\/2022\\\/12\\\/Ass-Bellunesi-nel-mondo-10-finalisti-alla-prima-edizione-del-concorso-letterario-Raccontare-lemigrazione-veneta_edited.jpg\",\"datePublished\":\"2022-12-18T10:09:21+00:00\",\"breadcrumb\":{\"@id\":\"https:\\\/\\\/www.bellunopress.it\\\/2022\\\/12\\\/18\\\/raccontare-lemigrazione-veneta-come-le-rondini-di-lorenzo-pertoldi-vince-il-concorso-letterario-dellabm\\\/#breadcrumb\"},\"inLanguage\":\"fr-FR\",\"potentialAction\":[{\"@type\":\"ReadAction\",\"target\":[\"https:\\\/\\\/www.bellunopress.it\\\/2022\\\/12\\\/18\\\/raccontare-lemigrazione-veneta-come-le-rondini-di-lorenzo-pertoldi-vince-il-concorso-letterario-dellabm\\\/\"]}]},{\"@type\":\"ImageObject\",\"inLanguage\":\"fr-FR\",\"@id\":\"https:\\\/\\\/www.bellunopress.it\\\/2022\\\/12\\\/18\\\/raccontare-lemigrazione-veneta-come-le-rondini-di-lorenzo-pertoldi-vince-il-concorso-letterario-dellabm\\\/#primaryimage\",\"url\":\"https:\\\/\\\/www.bellunopress.it\\\/wp-content\\\/uploads\\\/2022\\\/12\\\/Ass-Bellunesi-nel-mondo-10-finalisti-alla-prima-edizione-del-concorso-letterario-Raccontare-lemigrazione-veneta_edited.jpg\",\"contentUrl\":\"https:\\\/\\\/www.bellunopress.it\\\/wp-content\\\/uploads\\\/2022\\\/12\\\/Ass-Bellunesi-nel-mondo-10-finalisti-alla-prima-edizione-del-concorso-letterario-Raccontare-lemigrazione-veneta_edited.jpg\",\"width\":1000,\"height\":506,\"caption\":\"I 10 finalisti alla prima edizione del concorso letterario Raccontare l'emigrazione veneta\"},{\"@type\":\"BreadcrumbList\",\"@id\":\"https:\\\/\\\/www.bellunopress.it\\\/2022\\\/12\\\/18\\\/raccontare-lemigrazione-veneta-come-le-rondini-di-lorenzo-pertoldi-vince-il-concorso-letterario-dellabm\\\/#breadcrumb\",\"itemListElement\":[{\"@type\":\"ListItem\",\"position\":1,\"name\":\"Home\",\"item\":\"https:\\\/\\\/www.bellunopress.it\\\/\"},{\"@type\":\"ListItem\",\"position\":2,\"name\":\"Raccontare l&#8217;emigrazione veneta. &#8220;Come le rondini&#8221; di Lorenzo Pertoldi vince il concorso letterario dell&#8217;Abm\"}]},{\"@type\":\"WebSite\",\"@id\":\"https:\\\/\\\/www.bellunopress.it\\\/#website\",\"url\":\"https:\\\/\\\/www.bellunopress.it\\\/\",\"name\":\"Bellunopress - Dolomiti\",\"description\":\"e-mail: redazione@bellunopress.it\",\"publisher\":{\"@id\":\"https:\\\/\\\/www.bellunopress.it\\\/#organization\"},\"potentialAction\":[{\"@type\":\"SearchAction\",\"target\":{\"@type\":\"EntryPoint\",\"urlTemplate\":\"https:\\\/\\\/www.bellunopress.it\\\/?s={search_term_string}\"},\"query-input\":{\"@type\":\"PropertyValueSpecification\",\"valueRequired\":true,\"valueName\":\"search_term_string\"}}],\"inLanguage\":\"fr-FR\"},{\"@type\":\"Organization\",\"@id\":\"https:\\\/\\\/www.bellunopress.it\\\/#organization\",\"name\":\"Bellunopress\",\"url\":\"https:\\\/\\\/www.bellunopress.it\\\/\",\"logo\":{\"@type\":\"ImageObject\",\"inLanguage\":\"fr-FR\",\"@id\":\"https:\\\/\\\/www.bellunopress.it\\\/#\\\/schema\\\/logo\\\/image\\\/\",\"url\":\"https:\\\/\\\/www.bellunopress.it\\\/wp-content\\\/uploads\\\/2011\\\/05\\\/cropped-logo-bellunopress-.jpg\",\"contentUrl\":\"https:\\\/\\\/www.bellunopress.it\\\/wp-content\\\/uploads\\\/2011\\\/05\\\/cropped-logo-bellunopress-.jpg\",\"width\":512,\"height\":512,\"caption\":\"Bellunopress\"},\"image\":{\"@id\":\"https:\\\/\\\/www.bellunopress.it\\\/#\\\/schema\\\/logo\\\/image\\\/\"},\"sameAs\":[\"https:\\\/\\\/www.facebook.com\\\/profile.php?id=100008943462799\",\"https:\\\/\\\/x.com\\\/bellunopress\",\"https:\\\/\\\/www.linkedin.com\\\/hp\\\/?dnr=JBzUWaJfMUw8vbXJJ2tVW5-I3jZKvC4wsoxE&amp;amp;amp;amp;amp;amp;trk=nav_responsive_tab_home\",\"https:\\\/\\\/www.youtube.com\\\/channel\\\/UCxL0wu1uN0_3_7hGG0306cw\"]},{\"@type\":\"Person\",\"@id\":\"https:\\\/\\\/www.bellunopress.it\\\/#\\\/schema\\\/person\\\/79bb06722b37ece1c03d3e94beb30d73\",\"name\":\"redazione\",\"image\":{\"@type\":\"ImageObject\",\"inLanguage\":\"fr-FR\",\"@id\":\"https:\\\/\\\/secure.gravatar.com\\\/avatar\\\/37d968a2e67a6fd04c169c4bdef102d0bc5d31b2546345219e348575eb80e9a0?s=96&d=mm&r=g\",\"url\":\"https:\\\/\\\/secure.gravatar.com\\\/avatar\\\/37d968a2e67a6fd04c169c4bdef102d0bc5d31b2546345219e348575eb80e9a0?s=96&d=mm&r=g\",\"contentUrl\":\"https:\\\/\\\/secure.gravatar.com\\\/avatar\\\/37d968a2e67a6fd04c169c4bdef102d0bc5d31b2546345219e348575eb80e9a0?s=96&d=mm&r=g\",\"caption\":\"redazione\"},\"sameAs\":[\"http:\\\/\\\/www.bellunopress.it\",\"https:\\\/\\\/x.com\\\/bellunopress\"],\"url\":\"https:\\\/\\\/www.bellunopress.it\\\/fr\\\/author\\\/redazione\\\/\"}]}<\/script>\n<!-- \/ Yoast SEO plugin. -->","yoast_head_json":{"title":"Raccontare l'emigrazione veneta. \"Come le rondini\" di Lorenzo Pertoldi vince il concorso letterario dell'Abm - Bellunopress - Dolomiti","robots":{"index":"index","follow":"follow","max-snippet":"max-snippet:-1","max-image-preview":"max-image-preview:large","max-video-preview":"max-video-preview:-1"},"canonical":"https:\/\/www.bellunopress.it\/fr\/2022\/12\/18\/raccontare-lemigrazione-veneta-come-le-rondini-di-lorenzo-pertoldi-vince-il-concorso-letterario-dellabm\/","og_locale":"fr_FR","og_type":"article","og_title":"Raccontare l'emigrazione veneta. \"Come le rondini\" di Lorenzo Pertoldi vince il concorso letterario dell'Abm - Bellunopress - Dolomiti","og_description":"\u00c8 Lorenzo Pertoldi il vincitore del primo concorso letterario &#8220;Raccontare l&#8217;emigrazione veneta&#8221;. Il suo &#8220;Come le rondini&#8221; \u00e8 il racconto che pi\u00f9 ha convinto la giuria del premio organizzato dall&#8217;Associazione Bellunesi nel Mondo. Una storia ambientata nel secondo dopoguerra, periodo nel quale \u2013 in un&#8217;Italia uscita con le ossa rotte dai drammi del conflitto mondiale [&hellip;]","og_url":"https:\/\/www.bellunopress.it\/fr\/2022\/12\/18\/raccontare-lemigrazione-veneta-come-le-rondini-di-lorenzo-pertoldi-vince-il-concorso-letterario-dellabm\/","og_site_name":"Bellunopress - Dolomiti","article_publisher":"https:\/\/www.facebook.com\/profile.php?id=100008943462799","article_published_time":"2022-12-18T10:09:21+00:00","og_image":[{"width":1000,"height":506,"url":"https:\/\/www.bellunopress.it\/wp-content\/uploads\/2022\/12\/Ass-Bellunesi-nel-mondo-10-finalisti-alla-prima-edizione-del-concorso-letterario-Raccontare-lemigrazione-veneta_edited.jpg","type":"image\/jpeg"}],"author":"redazione","twitter_card":"summary_large_image","twitter_creator":"@bellunopress","twitter_site":"@bellunopress","twitter_misc":{"\u00c9crit par":"redazione","Dur\u00e9e de lecture estim\u00e9e":"4 minutes"},"schema":{"@context":"https:\/\/schema.org","@graph":[{"@type":"Article","@id":"https:\/\/www.bellunopress.it\/2022\/12\/18\/raccontare-lemigrazione-veneta-come-le-rondini-di-lorenzo-pertoldi-vince-il-concorso-letterario-dellabm\/#article","isPartOf":{"@id":"https:\/\/www.bellunopress.it\/2022\/12\/18\/raccontare-lemigrazione-veneta-come-le-rondini-di-lorenzo-pertoldi-vince-il-concorso-letterario-dellabm\/"},"author":{"name":"redazione","@id":"https:\/\/www.bellunopress.it\/#\/schema\/person\/79bb06722b37ece1c03d3e94beb30d73"},"headline":"Raccontare l&#8217;emigrazione veneta. &#8220;Come le rondini&#8221; di Lorenzo Pertoldi vince il concorso letterario dell&#8217;Abm","datePublished":"2022-12-18T10:09:21+00:00","mainEntityOfPage":{"@id":"https:\/\/www.bellunopress.it\/2022\/12\/18\/raccontare-lemigrazione-veneta-come-le-rondini-di-lorenzo-pertoldi-vince-il-concorso-letterario-dellabm\/"},"wordCount":639,"publisher":{"@id":"https:\/\/www.bellunopress.it\/#organization"},"image":{"@id":"https:\/\/www.bellunopress.it\/2022\/12\/18\/raccontare-lemigrazione-veneta-come-le-rondini-di-lorenzo-pertoldi-vince-il-concorso-letterario-dellabm\/#primaryimage"},"thumbnailUrl":"https:\/\/www.bellunopress.it\/wp-content\/uploads\/2022\/12\/Ass-Bellunesi-nel-mondo-10-finalisti-alla-prima-edizione-del-concorso-letterario-Raccontare-lemigrazione-veneta_edited.jpg","articleSection":["Arte, Cultura, Spettacoli, Scienza","Societ\u00e0, Associazioni, Istituzioni"],"inLanguage":"fr-FR"},{"@type":"WebPage","@id":"https:\/\/www.bellunopress.it\/2022\/12\/18\/raccontare-lemigrazione-veneta-come-le-rondini-di-lorenzo-pertoldi-vince-il-concorso-letterario-dellabm\/","url":"https:\/\/www.bellunopress.it\/2022\/12\/18\/raccontare-lemigrazione-veneta-come-le-rondini-di-lorenzo-pertoldi-vince-il-concorso-letterario-dellabm\/","name":"Raccontare l'emigrazione veneta. \"Come le rondini\" di Lorenzo Pertoldi vince il concorso letterario dell'Abm - Bellunopress - Dolomiti","isPartOf":{"@id":"https:\/\/www.bellunopress.it\/#website"},"primaryImageOfPage":{"@id":"https:\/\/www.bellunopress.it\/2022\/12\/18\/raccontare-lemigrazione-veneta-come-le-rondini-di-lorenzo-pertoldi-vince-il-concorso-letterario-dellabm\/#primaryimage"},"image":{"@id":"https:\/\/www.bellunopress.it\/2022\/12\/18\/raccontare-lemigrazione-veneta-come-le-rondini-di-lorenzo-pertoldi-vince-il-concorso-letterario-dellabm\/#primaryimage"},"thumbnailUrl":"https:\/\/www.bellunopress.it\/wp-content\/uploads\/2022\/12\/Ass-Bellunesi-nel-mondo-10-finalisti-alla-prima-edizione-del-concorso-letterario-Raccontare-lemigrazione-veneta_edited.jpg","datePublished":"2022-12-18T10:09:21+00:00","breadcrumb":{"@id":"https:\/\/www.bellunopress.it\/2022\/12\/18\/raccontare-lemigrazione-veneta-come-le-rondini-di-lorenzo-pertoldi-vince-il-concorso-letterario-dellabm\/#breadcrumb"},"inLanguage":"fr-FR","potentialAction":[{"@type":"ReadAction","target":["https:\/\/www.bellunopress.it\/2022\/12\/18\/raccontare-lemigrazione-veneta-come-le-rondini-di-lorenzo-pertoldi-vince-il-concorso-letterario-dellabm\/"]}]},{"@type":"ImageObject","inLanguage":"fr-FR","@id":"https:\/\/www.bellunopress.it\/2022\/12\/18\/raccontare-lemigrazione-veneta-come-le-rondini-di-lorenzo-pertoldi-vince-il-concorso-letterario-dellabm\/#primaryimage","url":"https:\/\/www.bellunopress.it\/wp-content\/uploads\/2022\/12\/Ass-Bellunesi-nel-mondo-10-finalisti-alla-prima-edizione-del-concorso-letterario-Raccontare-lemigrazione-veneta_edited.jpg","contentUrl":"https:\/\/www.bellunopress.it\/wp-content\/uploads\/2022\/12\/Ass-Bellunesi-nel-mondo-10-finalisti-alla-prima-edizione-del-concorso-letterario-Raccontare-lemigrazione-veneta_edited.jpg","width":1000,"height":506,"caption":"I 10 finalisti alla prima edizione del concorso letterario Raccontare l'emigrazione veneta"},{"@type":"BreadcrumbList","@id":"https:\/\/www.bellunopress.it\/2022\/12\/18\/raccontare-lemigrazione-veneta-come-le-rondini-di-lorenzo-pertoldi-vince-il-concorso-letterario-dellabm\/#breadcrumb","itemListElement":[{"@type":"ListItem","position":1,"name":"Home","item":"https:\/\/www.bellunopress.it\/"},{"@type":"ListItem","position":2,"name":"Raccontare l&#8217;emigrazione veneta. &#8220;Come le rondini&#8221; di Lorenzo Pertoldi vince il concorso letterario dell&#8217;Abm"}]},{"@type":"WebSite","@id":"https:\/\/www.bellunopress.it\/#website","url":"https:\/\/www.bellunopress.it\/","name":"Bellunopress - Dolomiti","description":"e-mail: redazione@bellunopress.it","publisher":{"@id":"https:\/\/www.bellunopress.it\/#organization"},"potentialAction":[{"@type":"SearchAction","target":{"@type":"EntryPoint","urlTemplate":"https:\/\/www.bellunopress.it\/?s={search_term_string}"},"query-input":{"@type":"PropertyValueSpecification","valueRequired":true,"valueName":"search_term_string"}}],"inLanguage":"fr-FR"},{"@type":"Organization","@id":"https:\/\/www.bellunopress.it\/#organization","name":"Bellunopress","url":"https:\/\/www.bellunopress.it\/","logo":{"@type":"ImageObject","inLanguage":"fr-FR","@id":"https:\/\/www.bellunopress.it\/#\/schema\/logo\/image\/","url":"https:\/\/www.bellunopress.it\/wp-content\/uploads\/2011\/05\/cropped-logo-bellunopress-.jpg","contentUrl":"https:\/\/www.bellunopress.it\/wp-content\/uploads\/2011\/05\/cropped-logo-bellunopress-.jpg","width":512,"height":512,"caption":"Bellunopress"},"image":{"@id":"https:\/\/www.bellunopress.it\/#\/schema\/logo\/image\/"},"sameAs":["https:\/\/www.facebook.com\/profile.php?id=100008943462799","https:\/\/x.com\/bellunopress","https:\/\/www.linkedin.com\/hp\/?dnr=JBzUWaJfMUw8vbXJJ2tVW5-I3jZKvC4wsoxE&amp;amp;amp;amp;amp;amp;trk=nav_responsive_tab_home","https:\/\/www.youtube.com\/channel\/UCxL0wu1uN0_3_7hGG0306cw"]},{"@type":"Person","@id":"https:\/\/www.bellunopress.it\/#\/schema\/person\/79bb06722b37ece1c03d3e94beb30d73","name":"r\u00e9daction","image":{"@type":"ImageObject","inLanguage":"fr-FR","@id":"https:\/\/secure.gravatar.com\/avatar\/37d968a2e67a6fd04c169c4bdef102d0bc5d31b2546345219e348575eb80e9a0?s=96&d=mm&r=g","url":"https:\/\/secure.gravatar.com\/avatar\/37d968a2e67a6fd04c169c4bdef102d0bc5d31b2546345219e348575eb80e9a0?s=96&d=mm&r=g","contentUrl":"https:\/\/secure.gravatar.com\/avatar\/37d968a2e67a6fd04c169c4bdef102d0bc5d31b2546345219e348575eb80e9a0?s=96&d=mm&r=g","caption":"redazione"},"sameAs":["http:\/\/www.bellunopress.it","https:\/\/x.com\/bellunopress"],"url":"https:\/\/www.bellunopress.it\/fr\/author\/redazione\/"}]}},"_links":{"self":[{"href":"https:\/\/www.bellunopress.it\/fr\/wp-json\/wp\/v2\/posts\/138466","targetHints":{"allow":["GET"]}}],"collection":[{"href":"https:\/\/www.bellunopress.it\/fr\/wp-json\/wp\/v2\/posts"}],"about":[{"href":"https:\/\/www.bellunopress.it\/fr\/wp-json\/wp\/v2\/types\/post"}],"author":[{"embeddable":true,"href":"https:\/\/www.bellunopress.it\/fr\/wp-json\/wp\/v2\/users\/2"}],"replies":[{"embeddable":true,"href":"https:\/\/www.bellunopress.it\/fr\/wp-json\/wp\/v2\/comments?post=138466"}],"version-history":[{"count":1,"href":"https:\/\/www.bellunopress.it\/fr\/wp-json\/wp\/v2\/posts\/138466\/revisions"}],"predecessor-version":[{"id":138468,"href":"https:\/\/www.bellunopress.it\/fr\/wp-json\/wp\/v2\/posts\/138466\/revisions\/138468"}],"wp:featuredmedia":[{"embeddable":true,"href":"https:\/\/www.bellunopress.it\/fr\/wp-json\/wp\/v2\/media\/138467"}],"wp:attachment":[{"href":"https:\/\/www.bellunopress.it\/fr\/wp-json\/wp\/v2\/media?parent=138466"}],"wp:term":[{"taxonomy":"category","embeddable":true,"href":"https:\/\/www.bellunopress.it\/fr\/wp-json\/wp\/v2\/categories?post=138466"},{"taxonomy":"post_tag","embeddable":true,"href":"https:\/\/www.bellunopress.it\/fr\/wp-json\/wp\/v2\/tags?post=138466"}],"curies":[{"name":"wp","href":"https:\/\/api.w.org\/{rel}","templated":true}]}}