{"id":138456,"date":"2022-12-17T18:07:21","date_gmt":"2022-12-17T17:07:21","guid":{"rendered":"https:\/\/www.bellunopress.it\/?p=138456"},"modified":"2022-12-17T18:07:21","modified_gmt":"2022-12-17T17:07:21","slug":"cure-palliative-nelle-case-di-riposo-conclusa-la-formazione-nel-distretto-di-feltre","status":"publish","type":"post","link":"https:\/\/www.bellunopress.it\/fr\/2022\/12\/17\/cure-palliative-nelle-case-di-riposo-conclusa-la-formazione-nel-distretto-di-feltre\/","title":{"rendered":"Cure palliative nelle case di riposo: conclusa la formazione nel distretto di Feltre"},"content":{"rendered":"<p><img loading=\"lazy\" decoding=\"async\" class=\"alignleft size-full wp-image-17965\" src=\"https:\/\/www.bellunopress.it\/wp-content\/uploads\/2010\/08\/medici.jpg\" alt=\"\" width=\"245\" height=\"206\" \/>Ascolto, vicinanza alla persona fragile ed alla sua famiglia, rimodulazione della terapia e dell\u2019assistenza in funzione del bisogni del malato, proporzionalit\u00e0 delle cure e loro pianificazione condivisa, importanza della lettura multidisciplinare dei bisogni e della crescita delle competenze delle equipe di cura.<\/p>\n<p>Questi alcuni dei temi su cui si sono confrontati 130 professionisti dei Centri di Servizio (infermieri, medici psicologi ed assistenti sociali) e delle cure territoriali (infermieri dell\u2019assistenza domiciliare, medici di medicina generale, unit\u00e0 di Cure Palliative e Ospedale di Comunit\u00e0) nel convegno \u201cIl mantello itinerante: approccio palliativo nella fragilit\u00e0 e nelle malattie avanzate ed inguaribili\u201d, tenutosi all\u2019ospedale di Feltre nei giorni 16 e 17 Dicembre.<\/p>\n<p>L\u2019evento formativo ha visto la partecipazione di Gino Gobber (Presidente nazionale della Societ\u00e0 Italiana di Cure Palliative), Cosimo De Chirico (medico palliativista gi\u00e0 responsabile del coordinamento regionale per le cure palliative), Roberta Perin (responsabile dell\u2019Unit\u00e0 Cure Palliative di Feltre), Katia Pagotto (coordinatrice infermieristica delle Cure Domiciliari e Palliative di Feltre), Giuditta Boscolo (psicologa delle Cure Palliative Ulss3 Serenissima), la dr.ssa Tiziana Mondin (Assistente Sociale) ed Giampietro Luisetto (medico di medicina generale e coordinatore regionale della Societ\u00e0 Italiana di Cure Palliative).<\/p>\n<p>\u00c8 stato il momento conclusivo del corso di formazione sul campo che, per l\u2019annualit\u00e0 2022, l\u2019Azienda Ulss 1 Dolomiti ha organizzato coinvolgendo tutti i Centri di Servizio del Distretto di Feltre.<br \/>\nL\u2019Unit\u00e0 di Cure Palliative del Distretto di Feltre, supportata da Giampietro Luisetto e con il contributo essenziale di Mano Amica, ha strutturato una formazione \u201ca cascata\u201d con l\u2019obiettivo di formare in ciascun Centro di Servizi per Anziani un nucleo di professionisti capaci di individuare le persone fragili con bisogno di cure palliative e impostare piani di cura e assistenza attenti alla qualit\u00e0 della vita, ai sintomi disturbanti, alle esigenze psicologiche, relazionali, spirituali, in modo di garantire al fine una buona morte. Compito di questo nucleo di operatori \u00e8 stato portare la formazione a tutti gli altri colleghi nel Centro di Servizi.<\/p>\n<p>Il progetto \u201cIntroduzione precoce delle Cure Palliative nei Centri Servizi Anziani\u201d ha preso il via fin dal 2018, con il coinvolgimento come progetto pilota di alcuni Centri Servizi. Nonostante le criticit\u00e0 correlate alla pandemia da COVID19, la formazione si \u00e8 poi estesa a tutti i Centri Servizi del Distretto di Feltre. I risultati ottenuti dall\u2019analisi dei dati raccolti testimoniano la bont\u00e0 dell\u2019investimento: dal 2018 al 2021 infatti si \u00e8 incrementata la misurazione del dolore (da 6 a 8 pazienti su 10 hanno il parametro dolore misurato e registrato in cartella), con conseguente trattamento del dolore prima non misurato. Altri indicatori che parlano di proporzionalit\u00e0 delle cure sono il ricorso al ricovero ospedaliero nell\u2019ultimo anno di vita e l\u2019utilizzo di antibiotici negli ultimi 30 giorni di vita: per entrambi questi eventi si registra un trend in diminuzione, che dimostra la capacit\u00e0 delle equipe di cura di non esporre il paziente ad eventi potenzialmente dannosi, sempre condividendo con malato e famiglia la scelta di \u201cfare ci\u00f2 che serve\u201d per la sua qualit\u00e0 di vita.<\/p>\n<p>\u00abCi\u00f2 \u00e8 importante anche in considerazione del fatto che dal 2018 al 2021 si \u00e8 avuta conferma del fatto che l\u2019ingresso dell\u2019anziano in Centro Servizi avviene sempre di pi\u00f9 quando quest\u2019ultimo \u00e8 gravemente dipendente, multimorbido e con una prognosi a breve termine: nel 2021 infatti ogni dieci anziani deceduti in Centro Servizi, ben tre di loro era in struttura da meno di un mese\u00bb, spiega il direttore del distretto di Feltre Lucia Dalla Torre.<br \/>\n\u00abAnche per questa ragione, in vista dell\u2019accreditamento delle Reti di Cure Palliative, che vede nei Centri Servizi un nodo essenziale della Rete, \u00e8 necessario proseguire nel percorso di formazione e condivisione dell\u2019approccio palliativo sempre pi\u00f9 diffondendone la cultura, che risponde alle profonde esigenze umane e relazionali sia dei malati e delle loro famiglie che degli operatori sanitari e sociali che li assistono\u00bb.<\/p>","protected":false},"excerpt":{"rendered":"<p>Ascolto, vicinanza alla persona fragile ed alla sua famiglia, rimodulazione della terapia e dell\u2019assistenza in funzione del bisogni del malato, proporzionalit\u00e0 delle cure e loro pianificazione condivisa, importanza della lettura multidisciplinare dei bisogni e della crescita delle competenze delle equipe di cura. Questi alcuni dei temi su cui si sono confrontati 130 professionisti dei Centri [&hellip;]<\/p>\n","protected":false},"author":2,"featured_media":111223,"comment_status":"closed","ping_status":"open","sticky":false,"template":"","format":"standard","meta":{"footnotes":""},"categories":[26,17],"tags":[],"class_list":["post-138456","post","type-post","status-publish","format-standard","has-post-thumbnail","category-prima-pagina","category-sanita"],"yoast_head":"<!-- This site is optimized with the Yoast SEO plugin v28.4 - https:\/\/yoast.com\/product\/yoast-seo-wordpress\/ -->\n<title>Cure palliative nelle case di riposo: conclusa la formazione nel distretto di Feltre - Bellunopress - Dolomiti<\/title>\n<meta name=\"robots\" content=\"index, follow, max-snippet:-1, max-image-preview:large, max-video-preview:-1\" \/>\n<link rel=\"canonical\" href=\"https:\/\/www.bellunopress.it\/fr\/2022\/12\/17\/cure-palliative-nelle-case-di-riposo-conclusa-la-formazione-nel-distretto-di-feltre\/\" \/>\n<meta property=\"og:locale\" content=\"fr_FR\" \/>\n<meta property=\"og:type\" content=\"article\" \/>\n<meta property=\"og:title\" content=\"Cure palliative nelle case di riposo: conclusa la formazione nel distretto di Feltre - Bellunopress - Dolomiti\" \/>\n<meta property=\"og:description\" content=\"Ascolto, vicinanza alla persona fragile ed alla sua famiglia, rimodulazione della terapia e dell\u2019assistenza in funzione del bisogni del malato, proporzionalit\u00e0 delle cure e loro pianificazione condivisa, importanza della lettura multidisciplinare dei bisogni e della crescita delle competenze delle equipe di cura. Questi alcuni dei temi su cui si sono confrontati 130 professionisti dei Centri [&hellip;]\" \/>\n<meta property=\"og:url\" content=\"https:\/\/www.bellunopress.it\/fr\/2022\/12\/17\/cure-palliative-nelle-case-di-riposo-conclusa-la-formazione-nel-distretto-di-feltre\/\" \/>\n<meta property=\"og:site_name\" content=\"Bellunopress - Dolomiti\" \/>\n<meta property=\"article:publisher\" content=\"https:\/\/www.facebook.com\/profile.php?id=100008943462799\" \/>\n<meta property=\"article:published_time\" content=\"2022-12-17T17:07:21+00:00\" \/>\n<meta property=\"og:image\" content=\"https:\/\/www.bellunopress.it\/wp-content\/uploads\/2020\/01\/infermieri.jpg\" \/>\n\t<meta property=\"og:image:width\" content=\"209\" \/>\n\t<meta property=\"og:image:height\" content=\"256\" \/>\n\t<meta property=\"og:image:type\" content=\"image\/jpeg\" \/>\n<meta name=\"author\" content=\"redazione\" \/>\n<meta name=\"twitter:card\" content=\"summary_large_image\" \/>\n<meta name=\"twitter:creator\" content=\"@bellunopress\" \/>\n<meta name=\"twitter:site\" content=\"@bellunopress\" \/>\n<meta name=\"twitter:label1\" content=\"Written by\" \/>\n\t<meta name=\"twitter:data1\" content=\"redazione\" \/>\n\t<meta name=\"twitter:label2\" content=\"Est. reading time\" \/>\n\t<meta name=\"twitter:data2\" content=\"4 minutes\" \/>\n<script type=\"application\/ld+json\" class=\"yoast-schema-graph\">{\"@context\":\"https:\\\/\\\/schema.org\",\"@graph\":[{\"@type\":\"Article\",\"@id\":\"https:\\\/\\\/www.bellunopress.it\\\/2022\\\/12\\\/17\\\/cure-palliative-nelle-case-di-riposo-conclusa-la-formazione-nel-distretto-di-feltre\\\/#article\",\"isPartOf\":{\"@id\":\"https:\\\/\\\/www.bellunopress.it\\\/2022\\\/12\\\/17\\\/cure-palliative-nelle-case-di-riposo-conclusa-la-formazione-nel-distretto-di-feltre\\\/\"},\"author\":{\"name\":\"redazione\",\"@id\":\"https:\\\/\\\/www.bellunopress.it\\\/#\\\/schema\\\/person\\\/79bb06722b37ece1c03d3e94beb30d73\"},\"headline\":\"Cure palliative nelle case di riposo: conclusa la formazione nel distretto di Feltre\",\"datePublished\":\"2022-12-17T17:07:21+00:00\",\"mainEntityOfPage\":{\"@id\":\"https:\\\/\\\/www.bellunopress.it\\\/2022\\\/12\\\/17\\\/cure-palliative-nelle-case-di-riposo-conclusa-la-formazione-nel-distretto-di-feltre\\\/\"},\"wordCount\":636,\"publisher\":{\"@id\":\"https:\\\/\\\/www.bellunopress.it\\\/#organization\"},\"image\":{\"@id\":\"https:\\\/\\\/www.bellunopress.it\\\/2022\\\/12\\\/17\\\/cure-palliative-nelle-case-di-riposo-conclusa-la-formazione-nel-distretto-di-feltre\\\/#primaryimage\"},\"thumbnailUrl\":\"https:\\\/\\\/www.bellunopress.it\\\/wp-content\\\/uploads\\\/2020\\\/01\\\/infermieri.jpg\",\"articleSection\":[\"Prima Pagina\",\"Sanit\u00e0 Medicina\"],\"inLanguage\":\"fr-FR\"},{\"@type\":\"WebPage\",\"@id\":\"https:\\\/\\\/www.bellunopress.it\\\/2022\\\/12\\\/17\\\/cure-palliative-nelle-case-di-riposo-conclusa-la-formazione-nel-distretto-di-feltre\\\/\",\"url\":\"https:\\\/\\\/www.bellunopress.it\\\/2022\\\/12\\\/17\\\/cure-palliative-nelle-case-di-riposo-conclusa-la-formazione-nel-distretto-di-feltre\\\/\",\"name\":\"Cure palliative nelle case di riposo: conclusa la formazione nel distretto di Feltre - Bellunopress - Dolomiti\",\"isPartOf\":{\"@id\":\"https:\\\/\\\/www.bellunopress.it\\\/#website\"},\"primaryImageOfPage\":{\"@id\":\"https:\\\/\\\/www.bellunopress.it\\\/2022\\\/12\\\/17\\\/cure-palliative-nelle-case-di-riposo-conclusa-la-formazione-nel-distretto-di-feltre\\\/#primaryimage\"},\"image\":{\"@id\":\"https:\\\/\\\/www.bellunopress.it\\\/2022\\\/12\\\/17\\\/cure-palliative-nelle-case-di-riposo-conclusa-la-formazione-nel-distretto-di-feltre\\\/#primaryimage\"},\"thumbnailUrl\":\"https:\\\/\\\/www.bellunopress.it\\\/wp-content\\\/uploads\\\/2020\\\/01\\\/infermieri.jpg\",\"datePublished\":\"2022-12-17T17:07:21+00:00\",\"breadcrumb\":{\"@id\":\"https:\\\/\\\/www.bellunopress.it\\\/2022\\\/12\\\/17\\\/cure-palliative-nelle-case-di-riposo-conclusa-la-formazione-nel-distretto-di-feltre\\\/#breadcrumb\"},\"inLanguage\":\"fr-FR\",\"potentialAction\":[{\"@type\":\"ReadAction\",\"target\":[\"https:\\\/\\\/www.bellunopress.it\\\/2022\\\/12\\\/17\\\/cure-palliative-nelle-case-di-riposo-conclusa-la-formazione-nel-distretto-di-feltre\\\/\"]}]},{\"@type\":\"ImageObject\",\"inLanguage\":\"fr-FR\",\"@id\":\"https:\\\/\\\/www.bellunopress.it\\\/2022\\\/12\\\/17\\\/cure-palliative-nelle-case-di-riposo-conclusa-la-formazione-nel-distretto-di-feltre\\\/#primaryimage\",\"url\":\"https:\\\/\\\/www.bellunopress.it\\\/wp-content\\\/uploads\\\/2020\\\/01\\\/infermieri.jpg\",\"contentUrl\":\"https:\\\/\\\/www.bellunopress.it\\\/wp-content\\\/uploads\\\/2020\\\/01\\\/infermieri.jpg\",\"width\":209,\"height\":256},{\"@type\":\"BreadcrumbList\",\"@id\":\"https:\\\/\\\/www.bellunopress.it\\\/2022\\\/12\\\/17\\\/cure-palliative-nelle-case-di-riposo-conclusa-la-formazione-nel-distretto-di-feltre\\\/#breadcrumb\",\"itemListElement\":[{\"@type\":\"ListItem\",\"position\":1,\"name\":\"Home\",\"item\":\"https:\\\/\\\/www.bellunopress.it\\\/\"},{\"@type\":\"ListItem\",\"position\":2,\"name\":\"Cure palliative nelle case di riposo: conclusa la formazione nel distretto di Feltre\"}]},{\"@type\":\"WebSite\",\"@id\":\"https:\\\/\\\/www.bellunopress.it\\\/#website\",\"url\":\"https:\\\/\\\/www.bellunopress.it\\\/\",\"name\":\"Bellunopress - Dolomiti\",\"description\":\"e-mail: redazione@bellunopress.it\",\"publisher\":{\"@id\":\"https:\\\/\\\/www.bellunopress.it\\\/#organization\"},\"potentialAction\":[{\"@type\":\"SearchAction\",\"target\":{\"@type\":\"EntryPoint\",\"urlTemplate\":\"https:\\\/\\\/www.bellunopress.it\\\/?s={search_term_string}\"},\"query-input\":{\"@type\":\"PropertyValueSpecification\",\"valueRequired\":true,\"valueName\":\"search_term_string\"}}],\"inLanguage\":\"fr-FR\"},{\"@type\":\"Organization\",\"@id\":\"https:\\\/\\\/www.bellunopress.it\\\/#organization\",\"name\":\"Bellunopress\",\"url\":\"https:\\\/\\\/www.bellunopress.it\\\/\",\"logo\":{\"@type\":\"ImageObject\",\"inLanguage\":\"fr-FR\",\"@id\":\"https:\\\/\\\/www.bellunopress.it\\\/#\\\/schema\\\/logo\\\/image\\\/\",\"url\":\"https:\\\/\\\/www.bellunopress.it\\\/wp-content\\\/uploads\\\/2011\\\/05\\\/cropped-logo-bellunopress-.jpg\",\"contentUrl\":\"https:\\\/\\\/www.bellunopress.it\\\/wp-content\\\/uploads\\\/2011\\\/05\\\/cropped-logo-bellunopress-.jpg\",\"width\":512,\"height\":512,\"caption\":\"Bellunopress\"},\"image\":{\"@id\":\"https:\\\/\\\/www.bellunopress.it\\\/#\\\/schema\\\/logo\\\/image\\\/\"},\"sameAs\":[\"https:\\\/\\\/www.facebook.com\\\/profile.php?id=100008943462799\",\"https:\\\/\\\/x.com\\\/bellunopress\",\"https:\\\/\\\/www.linkedin.com\\\/hp\\\/?dnr=JBzUWaJfMUw8vbXJJ2tVW5-I3jZKvC4wsoxE&amp;amp;amp;amp;amp;amp;trk=nav_responsive_tab_home\",\"https:\\\/\\\/www.youtube.com\\\/channel\\\/UCxL0wu1uN0_3_7hGG0306cw\"]},{\"@type\":\"Person\",\"@id\":\"https:\\\/\\\/www.bellunopress.it\\\/#\\\/schema\\\/person\\\/79bb06722b37ece1c03d3e94beb30d73\",\"name\":\"redazione\",\"image\":{\"@type\":\"ImageObject\",\"inLanguage\":\"fr-FR\",\"@id\":\"https:\\\/\\\/secure.gravatar.com\\\/avatar\\\/37d968a2e67a6fd04c169c4bdef102d0bc5d31b2546345219e348575eb80e9a0?s=96&d=mm&r=g\",\"url\":\"https:\\\/\\\/secure.gravatar.com\\\/avatar\\\/37d968a2e67a6fd04c169c4bdef102d0bc5d31b2546345219e348575eb80e9a0?s=96&d=mm&r=g\",\"contentUrl\":\"https:\\\/\\\/secure.gravatar.com\\\/avatar\\\/37d968a2e67a6fd04c169c4bdef102d0bc5d31b2546345219e348575eb80e9a0?s=96&d=mm&r=g\",\"caption\":\"redazione\"},\"sameAs\":[\"http:\\\/\\\/www.bellunopress.it\",\"https:\\\/\\\/x.com\\\/bellunopress\"],\"url\":\"https:\\\/\\\/www.bellunopress.it\\\/fr\\\/author\\\/redazione\\\/\"}]}<\/script>\n<!-- \/ Yoast SEO plugin. -->","yoast_head_json":{"title":"Cure palliative nelle case di riposo: conclusa la formazione nel distretto di Feltre - Bellunopress - Dolomiti","robots":{"index":"index","follow":"follow","max-snippet":"max-snippet:-1","max-image-preview":"max-image-preview:large","max-video-preview":"max-video-preview:-1"},"canonical":"https:\/\/www.bellunopress.it\/fr\/2022\/12\/17\/cure-palliative-nelle-case-di-riposo-conclusa-la-formazione-nel-distretto-di-feltre\/","og_locale":"fr_FR","og_type":"article","og_title":"Cure palliative nelle case di riposo: conclusa la formazione nel distretto di Feltre - Bellunopress - Dolomiti","og_description":"Ascolto, vicinanza alla persona fragile ed alla sua famiglia, rimodulazione della terapia e dell\u2019assistenza in funzione del bisogni del malato, proporzionalit\u00e0 delle cure e loro pianificazione condivisa, importanza della lettura multidisciplinare dei bisogni e della crescita delle competenze delle equipe di cura. Questi alcuni dei temi su cui si sono confrontati 130 professionisti dei Centri [&hellip;]","og_url":"https:\/\/www.bellunopress.it\/fr\/2022\/12\/17\/cure-palliative-nelle-case-di-riposo-conclusa-la-formazione-nel-distretto-di-feltre\/","og_site_name":"Bellunopress - Dolomiti","article_publisher":"https:\/\/www.facebook.com\/profile.php?id=100008943462799","article_published_time":"2022-12-17T17:07:21+00:00","og_image":[{"width":209,"height":256,"url":"https:\/\/www.bellunopress.it\/wp-content\/uploads\/2020\/01\/infermieri.jpg","type":"image\/jpeg"}],"author":"redazione","twitter_card":"summary_large_image","twitter_creator":"@bellunopress","twitter_site":"@bellunopress","twitter_misc":{"Written by":"redazione","Est. reading time":"4 minutes"},"schema":{"@context":"https:\/\/schema.org","@graph":[{"@type":"Article","@id":"https:\/\/www.bellunopress.it\/2022\/12\/17\/cure-palliative-nelle-case-di-riposo-conclusa-la-formazione-nel-distretto-di-feltre\/#article","isPartOf":{"@id":"https:\/\/www.bellunopress.it\/2022\/12\/17\/cure-palliative-nelle-case-di-riposo-conclusa-la-formazione-nel-distretto-di-feltre\/"},"author":{"name":"redazione","@id":"https:\/\/www.bellunopress.it\/#\/schema\/person\/79bb06722b37ece1c03d3e94beb30d73"},"headline":"Cure palliative nelle case di riposo: conclusa la formazione nel distretto di Feltre","datePublished":"2022-12-17T17:07:21+00:00","mainEntityOfPage":{"@id":"https:\/\/www.bellunopress.it\/2022\/12\/17\/cure-palliative-nelle-case-di-riposo-conclusa-la-formazione-nel-distretto-di-feltre\/"},"wordCount":636,"publisher":{"@id":"https:\/\/www.bellunopress.it\/#organization"},"image":{"@id":"https:\/\/www.bellunopress.it\/2022\/12\/17\/cure-palliative-nelle-case-di-riposo-conclusa-la-formazione-nel-distretto-di-feltre\/#primaryimage"},"thumbnailUrl":"https:\/\/www.bellunopress.it\/wp-content\/uploads\/2020\/01\/infermieri.jpg","articleSection":["Prima Pagina","Sanit\u00e0 Medicina"],"inLanguage":"fr-FR"},{"@type":"WebPage","@id":"https:\/\/www.bellunopress.it\/2022\/12\/17\/cure-palliative-nelle-case-di-riposo-conclusa-la-formazione-nel-distretto-di-feltre\/","url":"https:\/\/www.bellunopress.it\/2022\/12\/17\/cure-palliative-nelle-case-di-riposo-conclusa-la-formazione-nel-distretto-di-feltre\/","name":"Cure palliative nelle case di riposo: conclusa la formazione nel distretto di Feltre - Bellunopress - Dolomiti","isPartOf":{"@id":"https:\/\/www.bellunopress.it\/#website"},"primaryImageOfPage":{"@id":"https:\/\/www.bellunopress.it\/2022\/12\/17\/cure-palliative-nelle-case-di-riposo-conclusa-la-formazione-nel-distretto-di-feltre\/#primaryimage"},"image":{"@id":"https:\/\/www.bellunopress.it\/2022\/12\/17\/cure-palliative-nelle-case-di-riposo-conclusa-la-formazione-nel-distretto-di-feltre\/#primaryimage"},"thumbnailUrl":"https:\/\/www.bellunopress.it\/wp-content\/uploads\/2020\/01\/infermieri.jpg","datePublished":"2022-12-17T17:07:21+00:00","breadcrumb":{"@id":"https:\/\/www.bellunopress.it\/2022\/12\/17\/cure-palliative-nelle-case-di-riposo-conclusa-la-formazione-nel-distretto-di-feltre\/#breadcrumb"},"inLanguage":"fr-FR","potentialAction":[{"@type":"ReadAction","target":["https:\/\/www.bellunopress.it\/2022\/12\/17\/cure-palliative-nelle-case-di-riposo-conclusa-la-formazione-nel-distretto-di-feltre\/"]}]},{"@type":"ImageObject","inLanguage":"fr-FR","@id":"https:\/\/www.bellunopress.it\/2022\/12\/17\/cure-palliative-nelle-case-di-riposo-conclusa-la-formazione-nel-distretto-di-feltre\/#primaryimage","url":"https:\/\/www.bellunopress.it\/wp-content\/uploads\/2020\/01\/infermieri.jpg","contentUrl":"https:\/\/www.bellunopress.it\/wp-content\/uploads\/2020\/01\/infermieri.jpg","width":209,"height":256},{"@type":"BreadcrumbList","@id":"https:\/\/www.bellunopress.it\/2022\/12\/17\/cure-palliative-nelle-case-di-riposo-conclusa-la-formazione-nel-distretto-di-feltre\/#breadcrumb","itemListElement":[{"@type":"ListItem","position":1,"name":"Home","item":"https:\/\/www.bellunopress.it\/"},{"@type":"ListItem","position":2,"name":"Cure palliative nelle case di riposo: conclusa la formazione nel distretto di Feltre"}]},{"@type":"WebSite","@id":"https:\/\/www.bellunopress.it\/#website","url":"https:\/\/www.bellunopress.it\/","name":"Bellunopress - Dolomiti","description":"e-mail: redazione@bellunopress.it","publisher":{"@id":"https:\/\/www.bellunopress.it\/#organization"},"potentialAction":[{"@type":"SearchAction","target":{"@type":"EntryPoint","urlTemplate":"https:\/\/www.bellunopress.it\/?s={search_term_string}"},"query-input":{"@type":"PropertyValueSpecification","valueRequired":true,"valueName":"search_term_string"}}],"inLanguage":"fr-FR"},{"@type":"Organization","@id":"https:\/\/www.bellunopress.it\/#organization","name":"Bellunopress","url":"https:\/\/www.bellunopress.it\/","logo":{"@type":"ImageObject","inLanguage":"fr-FR","@id":"https:\/\/www.bellunopress.it\/#\/schema\/logo\/image\/","url":"https:\/\/www.bellunopress.it\/wp-content\/uploads\/2011\/05\/cropped-logo-bellunopress-.jpg","contentUrl":"https:\/\/www.bellunopress.it\/wp-content\/uploads\/2011\/05\/cropped-logo-bellunopress-.jpg","width":512,"height":512,"caption":"Bellunopress"},"image":{"@id":"https:\/\/www.bellunopress.it\/#\/schema\/logo\/image\/"},"sameAs":["https:\/\/www.facebook.com\/profile.php?id=100008943462799","https:\/\/x.com\/bellunopress","https:\/\/www.linkedin.com\/hp\/?dnr=JBzUWaJfMUw8vbXJJ2tVW5-I3jZKvC4wsoxE&amp;amp;amp;amp;amp;amp;trk=nav_responsive_tab_home","https:\/\/www.youtube.com\/channel\/UCxL0wu1uN0_3_7hGG0306cw"]},{"@type":"Person","@id":"https:\/\/www.bellunopress.it\/#\/schema\/person\/79bb06722b37ece1c03d3e94beb30d73","name":"r\u00e9daction","image":{"@type":"ImageObject","inLanguage":"fr-FR","@id":"https:\/\/secure.gravatar.com\/avatar\/37d968a2e67a6fd04c169c4bdef102d0bc5d31b2546345219e348575eb80e9a0?s=96&d=mm&r=g","url":"https:\/\/secure.gravatar.com\/avatar\/37d968a2e67a6fd04c169c4bdef102d0bc5d31b2546345219e348575eb80e9a0?s=96&d=mm&r=g","contentUrl":"https:\/\/secure.gravatar.com\/avatar\/37d968a2e67a6fd04c169c4bdef102d0bc5d31b2546345219e348575eb80e9a0?s=96&d=mm&r=g","caption":"redazione"},"sameAs":["http:\/\/www.bellunopress.it","https:\/\/x.com\/bellunopress"],"url":"https:\/\/www.bellunopress.it\/fr\/author\/redazione\/"}]}},"_links":{"self":[{"href":"https:\/\/www.bellunopress.it\/fr\/wp-json\/wp\/v2\/posts\/138456","targetHints":{"allow":["GET"]}}],"collection":[{"href":"https:\/\/www.bellunopress.it\/fr\/wp-json\/wp\/v2\/posts"}],"about":[{"href":"https:\/\/www.bellunopress.it\/fr\/wp-json\/wp\/v2\/types\/post"}],"author":[{"embeddable":true,"href":"https:\/\/www.bellunopress.it\/fr\/wp-json\/wp\/v2\/users\/2"}],"replies":[{"embeddable":true,"href":"https:\/\/www.bellunopress.it\/fr\/wp-json\/wp\/v2\/comments?post=138456"}],"version-history":[{"count":1,"href":"https:\/\/www.bellunopress.it\/fr\/wp-json\/wp\/v2\/posts\/138456\/revisions"}],"predecessor-version":[{"id":138457,"href":"https:\/\/www.bellunopress.it\/fr\/wp-json\/wp\/v2\/posts\/138456\/revisions\/138457"}],"wp:featuredmedia":[{"embeddable":true,"href":"https:\/\/www.bellunopress.it\/fr\/wp-json\/wp\/v2\/media\/111223"}],"wp:attachment":[{"href":"https:\/\/www.bellunopress.it\/fr\/wp-json\/wp\/v2\/media?parent=138456"}],"wp:term":[{"taxonomy":"category","embeddable":true,"href":"https:\/\/www.bellunopress.it\/fr\/wp-json\/wp\/v2\/categories?post=138456"},{"taxonomy":"post_tag","embeddable":true,"href":"https:\/\/www.bellunopress.it\/fr\/wp-json\/wp\/v2\/tags?post=138456"}],"curies":[{"name":"wp","href":"https:\/\/api.w.org\/{rel}","templated":true}]}}