{"id":138453,"date":"2022-12-17T18:00:41","date_gmt":"2022-12-17T17:00:41","guid":{"rendered":"https:\/\/www.bellunopress.it\/?p=138453"},"modified":"2022-12-17T18:00:41","modified_gmt":"2022-12-17T17:00:41","slug":"lorenzo-brugnera-alla-presidenza-di-confcooperative-belluno-treviso","status":"publish","type":"post","link":"https:\/\/www.bellunopress.it\/fr\/2022\/12\/17\/lorenzo-brugnera-alla-presidenza-di-confcooperative-belluno-treviso\/","title":{"rendered":"Lorenzo Brugnera alla presidenza di Confcooperative Belluno Treviso"},"content":{"rendered":"<figure id=\"attachment_138454\" aria-describedby=\"caption-attachment-138454\" style=\"width: 452px\" class=\"wp-caption alignleft\"><img loading=\"lazy\" decoding=\"async\" class=\"size-full wp-image-138454\" src=\"https:\/\/www.bellunopress.it\/wp-content\/uploads\/2022\/12\/Brugnera-pres-confcoopereative-bl-tv_edited.jpg\" alt=\"\" width=\"452\" height=\"543\" srcset=\"https:\/\/www.bellunopress.it\/wp-content\/uploads\/2022\/12\/Brugnera-pres-confcoopereative-bl-tv_edited.jpg 452w, https:\/\/www.bellunopress.it\/wp-content\/uploads\/2022\/12\/Brugnera-pres-confcoopereative-bl-tv_edited-416x500.jpg 416w, https:\/\/www.bellunopress.it\/wp-content\/uploads\/2022\/12\/Brugnera-pres-confcoopereative-bl-tv_edited-350x420.jpg 350w\" sizes=\"auto, (max-width: 452px) 100vw, 452px\" \/><figcaption id=\"caption-attachment-138454\" class=\"wp-caption-text\">Lorenzo Brugnera, presidente Confcooperative Belluno Treviso<\/figcaption><\/figure>\n<p>Il Consiglio Interprovinciale dell\u2019associazione che rappresenta le cooperative trevigiane e bellunesi ha eletto ieri, a Treviso, il nuovo presidente: sar\u00e0 Lorenzo Brugnera, gi\u00e0 presidente di Latteria Soligo, a raccogliere il testimone di Valerio Cescon.<\/p>\n<p>La sfida maggiore che attende le cooperative \u00e8 riuscire mantenere il proprio ruolo di generatori di valore per il territorio, lavorando su coesione, sviluppo e innovazione.<\/p>\n<p>Il Consiglio Interprovinciale di Confcooperative Belluno e Treviso si \u00e8 riunito ieri, venerd\u00ec 16 dicembre, per eleggere il nuovo presidente, che guider\u00e0 l\u2019Associazione fino al termine naturale del mandato, nel 2024.<br \/>\nL\u2019incontro si \u00e8 aperto con un sentito e doveroso omaggio a Valerio Cescon, che ha guidato Confcooperative Belluno e Treviso dal 2016 e che \u00e8 scomparso lo scorso 29 settembre.<br \/>\nA raccogliere il testimone di Cescon sar\u00e0 Lorenzo Brugnera, nominato per acclamazione dai consiglieri.<\/p>\n<p>Lorenzo Brugnera \u00e8 da oltre vent\u2019anni alla guida di Latteria Soligo, eccellenza trevigiana con 140 anni di storia alle spalle e oltre 200 soci produttori; una tra le maggiori realt\u00e0 del settore a livello veneto.<\/p>\n<p>\u201cIl mio primo impegno \u00e8 quello di dare continuit\u00e0 al lavoro di Valerio Cescon, un amico oltre che un collega, che si \u00e8 impegnato per rafforzare il ruolo delle imprese cooperative nel sistema produttivo locale e nazionale, senza mai perdere di vista il valore aggiunto che riversano nei territori. \u2013 sottolinea il neopresidente Brugnera &#8211; Ritengo inoltre fondamentale continuare a lavorare per rendere sempre pi\u00f9 tangibile la funzione indispensabile che la cooperazione riveste nel modello economico territoriale, sia bellunese che trevigiano .\u201d<br \/>\n\u201cIl nostro ruolo come Associazione &#8211; prosegue &#8211; \u00e8 quello di spronare le nostre eccellenze a rappresentare un\u2019ispirazione e un esempio per le piccole e medie cooperative, che vogliamo accompagnare in un percorso di sviluppo e di innovazione con servizi di qualit\u00e0 e consulenza di alta professionalit\u00e0\u201d.<\/p>\n<p>L\u2019assemblea \u00e8 stata anche l\u2019occasione per fare il punto sul sistema cooperativo territoriale. Il mondo cooperativo trevigiano e bellunese oggi conta 143 realt\u00e0 (107 nella Marca e 36 nel Bellunese) e 36.500 mila soci. Il fatturato complessivo tocca il 1.300.000.000 di euro: il settore trainante \u00e8 quello agricolo, che produce il 78% del fatturato totale, e a seguire ci sono le 65 coop sociali, con il 18% del fatturato.<\/p>\n<p>&nbsp;<\/p>","protected":false},"excerpt":{"rendered":"<p>Il Consiglio Interprovinciale dell\u2019associazione che rappresenta le cooperative trevigiane e bellunesi ha eletto ieri, a Treviso, il nuovo presidente: sar\u00e0 Lorenzo Brugnera, gi\u00e0 presidente di Latteria Soligo, a raccogliere il testimone di Valerio Cescon. La sfida maggiore che attende le cooperative \u00e8 riuscire mantenere il proprio ruolo di generatori di valore per il territorio, lavorando [&hellip;]<\/p>\n","protected":false},"author":2,"featured_media":138454,"comment_status":"closed","ping_status":"open","sticky":false,"template":"","format":"standard","meta":{"footnotes":""},"categories":[26,8],"tags":[],"class_list":["post-138453","post","type-post","status-publish","format-standard","has-post-thumbnail","category-prima-pagina","category-societa-istituzioni"],"yoast_head":"<!-- This site is optimized with the Yoast SEO plugin v28.4 - https:\/\/yoast.com\/product\/yoast-seo-wordpress\/ -->\n<title>Lorenzo Brugnera alla presidenza di Confcooperative Belluno Treviso - Bellunopress - Dolomiti<\/title>\n<meta name=\"robots\" content=\"index, follow, max-snippet:-1, max-image-preview:large, max-video-preview:-1\" \/>\n<link rel=\"canonical\" href=\"https:\/\/www.bellunopress.it\/fr\/2022\/12\/17\/lorenzo-brugnera-alla-presidenza-di-confcooperative-belluno-treviso\/\" \/>\n<meta property=\"og:locale\" content=\"fr_FR\" \/>\n<meta property=\"og:type\" content=\"article\" \/>\n<meta property=\"og:title\" content=\"Lorenzo Brugnera alla presidenza di Confcooperative Belluno Treviso - Bellunopress - Dolomiti\" \/>\n<meta property=\"og:description\" content=\"Il Consiglio Interprovinciale dell\u2019associazione che rappresenta le cooperative trevigiane e bellunesi ha eletto ieri, a Treviso, il nuovo presidente: sar\u00e0 Lorenzo Brugnera, gi\u00e0 presidente di Latteria Soligo, a raccogliere il testimone di Valerio Cescon. La sfida maggiore che attende le cooperative \u00e8 riuscire mantenere il proprio ruolo di generatori di valore per il territorio, lavorando [&hellip;]\" \/>\n<meta property=\"og:url\" content=\"https:\/\/www.bellunopress.it\/fr\/2022\/12\/17\/lorenzo-brugnera-alla-presidenza-di-confcooperative-belluno-treviso\/\" \/>\n<meta property=\"og:site_name\" content=\"Bellunopress - Dolomiti\" \/>\n<meta property=\"article:publisher\" content=\"https:\/\/www.facebook.com\/profile.php?id=100008943462799\" \/>\n<meta property=\"article:published_time\" content=\"2022-12-17T17:00:41+00:00\" \/>\n<meta property=\"og:image\" content=\"https:\/\/www.bellunopress.it\/wp-content\/uploads\/2022\/12\/Brugnera-pres-confcoopereative-bl-tv_edited.jpg\" \/>\n\t<meta property=\"og:image:width\" content=\"452\" \/>\n\t<meta property=\"og:image:height\" content=\"543\" \/>\n\t<meta property=\"og:image:type\" content=\"image\/jpeg\" \/>\n<meta name=\"author\" content=\"redazione\" \/>\n<meta name=\"twitter:card\" content=\"summary_large_image\" \/>\n<meta name=\"twitter:creator\" content=\"@bellunopress\" \/>\n<meta name=\"twitter:site\" content=\"@bellunopress\" \/>\n<meta name=\"twitter:label1\" content=\"Written by\" \/>\n\t<meta name=\"twitter:data1\" content=\"redazione\" \/>\n\t<meta name=\"twitter:label2\" content=\"Est. reading time\" \/>\n\t<meta name=\"twitter:data2\" content=\"3 minutes\" \/>\n<script type=\"application\/ld+json\" class=\"yoast-schema-graph\">{\"@context\":\"https:\\\/\\\/schema.org\",\"@graph\":[{\"@type\":\"Article\",\"@id\":\"https:\\\/\\\/www.bellunopress.it\\\/2022\\\/12\\\/17\\\/lorenzo-brugnera-alla-presidenza-di-confcooperative-belluno-treviso\\\/#article\",\"isPartOf\":{\"@id\":\"https:\\\/\\\/www.bellunopress.it\\\/2022\\\/12\\\/17\\\/lorenzo-brugnera-alla-presidenza-di-confcooperative-belluno-treviso\\\/\"},\"author\":{\"name\":\"redazione\",\"@id\":\"https:\\\/\\\/www.bellunopress.it\\\/#\\\/schema\\\/person\\\/79bb06722b37ece1c03d3e94beb30d73\"},\"headline\":\"Lorenzo Brugnera alla presidenza di Confcooperative Belluno Treviso\",\"datePublished\":\"2022-12-17T17:00:41+00:00\",\"mainEntityOfPage\":{\"@id\":\"https:\\\/\\\/www.bellunopress.it\\\/2022\\\/12\\\/17\\\/lorenzo-brugnera-alla-presidenza-di-confcooperative-belluno-treviso\\\/\"},\"wordCount\":371,\"publisher\":{\"@id\":\"https:\\\/\\\/www.bellunopress.it\\\/#organization\"},\"image\":{\"@id\":\"https:\\\/\\\/www.bellunopress.it\\\/2022\\\/12\\\/17\\\/lorenzo-brugnera-alla-presidenza-di-confcooperative-belluno-treviso\\\/#primaryimage\"},\"thumbnailUrl\":\"https:\\\/\\\/www.bellunopress.it\\\/wp-content\\\/uploads\\\/2022\\\/12\\\/Brugnera-pres-confcoopereative-bl-tv_edited.jpg\",\"articleSection\":[\"Prima Pagina\",\"Societ\u00e0, Associazioni, Istituzioni\"],\"inLanguage\":\"fr-FR\"},{\"@type\":\"WebPage\",\"@id\":\"https:\\\/\\\/www.bellunopress.it\\\/2022\\\/12\\\/17\\\/lorenzo-brugnera-alla-presidenza-di-confcooperative-belluno-treviso\\\/\",\"url\":\"https:\\\/\\\/www.bellunopress.it\\\/2022\\\/12\\\/17\\\/lorenzo-brugnera-alla-presidenza-di-confcooperative-belluno-treviso\\\/\",\"name\":\"Lorenzo Brugnera alla presidenza di Confcooperative Belluno Treviso - Bellunopress - Dolomiti\",\"isPartOf\":{\"@id\":\"https:\\\/\\\/www.bellunopress.it\\\/#website\"},\"primaryImageOfPage\":{\"@id\":\"https:\\\/\\\/www.bellunopress.it\\\/2022\\\/12\\\/17\\\/lorenzo-brugnera-alla-presidenza-di-confcooperative-belluno-treviso\\\/#primaryimage\"},\"image\":{\"@id\":\"https:\\\/\\\/www.bellunopress.it\\\/2022\\\/12\\\/17\\\/lorenzo-brugnera-alla-presidenza-di-confcooperative-belluno-treviso\\\/#primaryimage\"},\"thumbnailUrl\":\"https:\\\/\\\/www.bellunopress.it\\\/wp-content\\\/uploads\\\/2022\\\/12\\\/Brugnera-pres-confcoopereative-bl-tv_edited.jpg\",\"datePublished\":\"2022-12-17T17:00:41+00:00\",\"breadcrumb\":{\"@id\":\"https:\\\/\\\/www.bellunopress.it\\\/2022\\\/12\\\/17\\\/lorenzo-brugnera-alla-presidenza-di-confcooperative-belluno-treviso\\\/#breadcrumb\"},\"inLanguage\":\"fr-FR\",\"potentialAction\":[{\"@type\":\"ReadAction\",\"target\":[\"https:\\\/\\\/www.bellunopress.it\\\/2022\\\/12\\\/17\\\/lorenzo-brugnera-alla-presidenza-di-confcooperative-belluno-treviso\\\/\"]}]},{\"@type\":\"ImageObject\",\"inLanguage\":\"fr-FR\",\"@id\":\"https:\\\/\\\/www.bellunopress.it\\\/2022\\\/12\\\/17\\\/lorenzo-brugnera-alla-presidenza-di-confcooperative-belluno-treviso\\\/#primaryimage\",\"url\":\"https:\\\/\\\/www.bellunopress.it\\\/wp-content\\\/uploads\\\/2022\\\/12\\\/Brugnera-pres-confcoopereative-bl-tv_edited.jpg\",\"contentUrl\":\"https:\\\/\\\/www.bellunopress.it\\\/wp-content\\\/uploads\\\/2022\\\/12\\\/Brugnera-pres-confcoopereative-bl-tv_edited.jpg\",\"width\":452,\"height\":543,\"caption\":\"Lorenzo Brugnera, presidente Confcooperative Belluno TReviso\"},{\"@type\":\"BreadcrumbList\",\"@id\":\"https:\\\/\\\/www.bellunopress.it\\\/2022\\\/12\\\/17\\\/lorenzo-brugnera-alla-presidenza-di-confcooperative-belluno-treviso\\\/#breadcrumb\",\"itemListElement\":[{\"@type\":\"ListItem\",\"position\":1,\"name\":\"Home\",\"item\":\"https:\\\/\\\/www.bellunopress.it\\\/\"},{\"@type\":\"ListItem\",\"position\":2,\"name\":\"Lorenzo Brugnera alla presidenza di Confcooperative Belluno Treviso\"}]},{\"@type\":\"WebSite\",\"@id\":\"https:\\\/\\\/www.bellunopress.it\\\/#website\",\"url\":\"https:\\\/\\\/www.bellunopress.it\\\/\",\"name\":\"Bellunopress - Dolomiti\",\"description\":\"e-mail: redazione@bellunopress.it\",\"publisher\":{\"@id\":\"https:\\\/\\\/www.bellunopress.it\\\/#organization\"},\"potentialAction\":[{\"@type\":\"SearchAction\",\"target\":{\"@type\":\"EntryPoint\",\"urlTemplate\":\"https:\\\/\\\/www.bellunopress.it\\\/?s={search_term_string}\"},\"query-input\":{\"@type\":\"PropertyValueSpecification\",\"valueRequired\":true,\"valueName\":\"search_term_string\"}}],\"inLanguage\":\"fr-FR\"},{\"@type\":\"Organization\",\"@id\":\"https:\\\/\\\/www.bellunopress.it\\\/#organization\",\"name\":\"Bellunopress\",\"url\":\"https:\\\/\\\/www.bellunopress.it\\\/\",\"logo\":{\"@type\":\"ImageObject\",\"inLanguage\":\"fr-FR\",\"@id\":\"https:\\\/\\\/www.bellunopress.it\\\/#\\\/schema\\\/logo\\\/image\\\/\",\"url\":\"https:\\\/\\\/www.bellunopress.it\\\/wp-content\\\/uploads\\\/2011\\\/05\\\/cropped-logo-bellunopress-.jpg\",\"contentUrl\":\"https:\\\/\\\/www.bellunopress.it\\\/wp-content\\\/uploads\\\/2011\\\/05\\\/cropped-logo-bellunopress-.jpg\",\"width\":512,\"height\":512,\"caption\":\"Bellunopress\"},\"image\":{\"@id\":\"https:\\\/\\\/www.bellunopress.it\\\/#\\\/schema\\\/logo\\\/image\\\/\"},\"sameAs\":[\"https:\\\/\\\/www.facebook.com\\\/profile.php?id=100008943462799\",\"https:\\\/\\\/x.com\\\/bellunopress\",\"https:\\\/\\\/www.linkedin.com\\\/hp\\\/?dnr=JBzUWaJfMUw8vbXJJ2tVW5-I3jZKvC4wsoxE&amp;amp;amp;amp;amp;amp;trk=nav_responsive_tab_home\",\"https:\\\/\\\/www.youtube.com\\\/channel\\\/UCxL0wu1uN0_3_7hGG0306cw\"]},{\"@type\":\"Person\",\"@id\":\"https:\\\/\\\/www.bellunopress.it\\\/#\\\/schema\\\/person\\\/79bb06722b37ece1c03d3e94beb30d73\",\"name\":\"redazione\",\"image\":{\"@type\":\"ImageObject\",\"inLanguage\":\"fr-FR\",\"@id\":\"https:\\\/\\\/secure.gravatar.com\\\/avatar\\\/37d968a2e67a6fd04c169c4bdef102d0bc5d31b2546345219e348575eb80e9a0?s=96&d=mm&r=g\",\"url\":\"https:\\\/\\\/secure.gravatar.com\\\/avatar\\\/37d968a2e67a6fd04c169c4bdef102d0bc5d31b2546345219e348575eb80e9a0?s=96&d=mm&r=g\",\"contentUrl\":\"https:\\\/\\\/secure.gravatar.com\\\/avatar\\\/37d968a2e67a6fd04c169c4bdef102d0bc5d31b2546345219e348575eb80e9a0?s=96&d=mm&r=g\",\"caption\":\"redazione\"},\"sameAs\":[\"http:\\\/\\\/www.bellunopress.it\",\"https:\\\/\\\/x.com\\\/bellunopress\"],\"url\":\"https:\\\/\\\/www.bellunopress.it\\\/fr\\\/author\\\/redazione\\\/\"}]}<\/script>\n<!-- \/ Yoast SEO plugin. -->","yoast_head_json":{"title":"Lorenzo Brugnera alla presidenza di Confcooperative Belluno Treviso - Bellunopress - Dolomiti","robots":{"index":"index","follow":"follow","max-snippet":"max-snippet:-1","max-image-preview":"max-image-preview:large","max-video-preview":"max-video-preview:-1"},"canonical":"https:\/\/www.bellunopress.it\/fr\/2022\/12\/17\/lorenzo-brugnera-alla-presidenza-di-confcooperative-belluno-treviso\/","og_locale":"fr_FR","og_type":"article","og_title":"Lorenzo Brugnera alla presidenza di Confcooperative Belluno Treviso - Bellunopress - Dolomiti","og_description":"Il Consiglio Interprovinciale dell\u2019associazione che rappresenta le cooperative trevigiane e bellunesi ha eletto ieri, a Treviso, il nuovo presidente: sar\u00e0 Lorenzo Brugnera, gi\u00e0 presidente di Latteria Soligo, a raccogliere il testimone di Valerio Cescon. La sfida maggiore che attende le cooperative \u00e8 riuscire mantenere il proprio ruolo di generatori di valore per il territorio, lavorando [&hellip;]","og_url":"https:\/\/www.bellunopress.it\/fr\/2022\/12\/17\/lorenzo-brugnera-alla-presidenza-di-confcooperative-belluno-treviso\/","og_site_name":"Bellunopress - Dolomiti","article_publisher":"https:\/\/www.facebook.com\/profile.php?id=100008943462799","article_published_time":"2022-12-17T17:00:41+00:00","og_image":[{"width":452,"height":543,"url":"https:\/\/www.bellunopress.it\/wp-content\/uploads\/2022\/12\/Brugnera-pres-confcoopereative-bl-tv_edited.jpg","type":"image\/jpeg"}],"author":"redazione","twitter_card":"summary_large_image","twitter_creator":"@bellunopress","twitter_site":"@bellunopress","twitter_misc":{"Written by":"redazione","Est. reading time":"3 minutes"},"schema":{"@context":"https:\/\/schema.org","@graph":[{"@type":"Article","@id":"https:\/\/www.bellunopress.it\/2022\/12\/17\/lorenzo-brugnera-alla-presidenza-di-confcooperative-belluno-treviso\/#article","isPartOf":{"@id":"https:\/\/www.bellunopress.it\/2022\/12\/17\/lorenzo-brugnera-alla-presidenza-di-confcooperative-belluno-treviso\/"},"author":{"name":"redazione","@id":"https:\/\/www.bellunopress.it\/#\/schema\/person\/79bb06722b37ece1c03d3e94beb30d73"},"headline":"Lorenzo Brugnera alla presidenza di Confcooperative Belluno Treviso","datePublished":"2022-12-17T17:00:41+00:00","mainEntityOfPage":{"@id":"https:\/\/www.bellunopress.it\/2022\/12\/17\/lorenzo-brugnera-alla-presidenza-di-confcooperative-belluno-treviso\/"},"wordCount":371,"publisher":{"@id":"https:\/\/www.bellunopress.it\/#organization"},"image":{"@id":"https:\/\/www.bellunopress.it\/2022\/12\/17\/lorenzo-brugnera-alla-presidenza-di-confcooperative-belluno-treviso\/#primaryimage"},"thumbnailUrl":"https:\/\/www.bellunopress.it\/wp-content\/uploads\/2022\/12\/Brugnera-pres-confcoopereative-bl-tv_edited.jpg","articleSection":["Prima Pagina","Societ\u00e0, Associazioni, Istituzioni"],"inLanguage":"fr-FR"},{"@type":"WebPage","@id":"https:\/\/www.bellunopress.it\/2022\/12\/17\/lorenzo-brugnera-alla-presidenza-di-confcooperative-belluno-treviso\/","url":"https:\/\/www.bellunopress.it\/2022\/12\/17\/lorenzo-brugnera-alla-presidenza-di-confcooperative-belluno-treviso\/","name":"Lorenzo Brugnera alla presidenza di Confcooperative Belluno Treviso - Bellunopress - Dolomiti","isPartOf":{"@id":"https:\/\/www.bellunopress.it\/#website"},"primaryImageOfPage":{"@id":"https:\/\/www.bellunopress.it\/2022\/12\/17\/lorenzo-brugnera-alla-presidenza-di-confcooperative-belluno-treviso\/#primaryimage"},"image":{"@id":"https:\/\/www.bellunopress.it\/2022\/12\/17\/lorenzo-brugnera-alla-presidenza-di-confcooperative-belluno-treviso\/#primaryimage"},"thumbnailUrl":"https:\/\/www.bellunopress.it\/wp-content\/uploads\/2022\/12\/Brugnera-pres-confcoopereative-bl-tv_edited.jpg","datePublished":"2022-12-17T17:00:41+00:00","breadcrumb":{"@id":"https:\/\/www.bellunopress.it\/2022\/12\/17\/lorenzo-brugnera-alla-presidenza-di-confcooperative-belluno-treviso\/#breadcrumb"},"inLanguage":"fr-FR","potentialAction":[{"@type":"ReadAction","target":["https:\/\/www.bellunopress.it\/2022\/12\/17\/lorenzo-brugnera-alla-presidenza-di-confcooperative-belluno-treviso\/"]}]},{"@type":"ImageObject","inLanguage":"fr-FR","@id":"https:\/\/www.bellunopress.it\/2022\/12\/17\/lorenzo-brugnera-alla-presidenza-di-confcooperative-belluno-treviso\/#primaryimage","url":"https:\/\/www.bellunopress.it\/wp-content\/uploads\/2022\/12\/Brugnera-pres-confcoopereative-bl-tv_edited.jpg","contentUrl":"https:\/\/www.bellunopress.it\/wp-content\/uploads\/2022\/12\/Brugnera-pres-confcoopereative-bl-tv_edited.jpg","width":452,"height":543,"caption":"Lorenzo Brugnera, presidente Confcooperative Belluno TReviso"},{"@type":"BreadcrumbList","@id":"https:\/\/www.bellunopress.it\/2022\/12\/17\/lorenzo-brugnera-alla-presidenza-di-confcooperative-belluno-treviso\/#breadcrumb","itemListElement":[{"@type":"ListItem","position":1,"name":"Home","item":"https:\/\/www.bellunopress.it\/"},{"@type":"ListItem","position":2,"name":"Lorenzo Brugnera alla presidenza di Confcooperative Belluno Treviso"}]},{"@type":"WebSite","@id":"https:\/\/www.bellunopress.it\/#website","url":"https:\/\/www.bellunopress.it\/","name":"Bellunopress - Dolomiti","description":"e-mail: redazione@bellunopress.it","publisher":{"@id":"https:\/\/www.bellunopress.it\/#organization"},"potentialAction":[{"@type":"SearchAction","target":{"@type":"EntryPoint","urlTemplate":"https:\/\/www.bellunopress.it\/?s={search_term_string}"},"query-input":{"@type":"PropertyValueSpecification","valueRequired":true,"valueName":"search_term_string"}}],"inLanguage":"fr-FR"},{"@type":"Organization","@id":"https:\/\/www.bellunopress.it\/#organization","name":"Bellunopress","url":"https:\/\/www.bellunopress.it\/","logo":{"@type":"ImageObject","inLanguage":"fr-FR","@id":"https:\/\/www.bellunopress.it\/#\/schema\/logo\/image\/","url":"https:\/\/www.bellunopress.it\/wp-content\/uploads\/2011\/05\/cropped-logo-bellunopress-.jpg","contentUrl":"https:\/\/www.bellunopress.it\/wp-content\/uploads\/2011\/05\/cropped-logo-bellunopress-.jpg","width":512,"height":512,"caption":"Bellunopress"},"image":{"@id":"https:\/\/www.bellunopress.it\/#\/schema\/logo\/image\/"},"sameAs":["https:\/\/www.facebook.com\/profile.php?id=100008943462799","https:\/\/x.com\/bellunopress","https:\/\/www.linkedin.com\/hp\/?dnr=JBzUWaJfMUw8vbXJJ2tVW5-I3jZKvC4wsoxE&amp;amp;amp;amp;amp;amp;trk=nav_responsive_tab_home","https:\/\/www.youtube.com\/channel\/UCxL0wu1uN0_3_7hGG0306cw"]},{"@type":"Person","@id":"https:\/\/www.bellunopress.it\/#\/schema\/person\/79bb06722b37ece1c03d3e94beb30d73","name":"r\u00e9daction","image":{"@type":"ImageObject","inLanguage":"fr-FR","@id":"https:\/\/secure.gravatar.com\/avatar\/37d968a2e67a6fd04c169c4bdef102d0bc5d31b2546345219e348575eb80e9a0?s=96&d=mm&r=g","url":"https:\/\/secure.gravatar.com\/avatar\/37d968a2e67a6fd04c169c4bdef102d0bc5d31b2546345219e348575eb80e9a0?s=96&d=mm&r=g","contentUrl":"https:\/\/secure.gravatar.com\/avatar\/37d968a2e67a6fd04c169c4bdef102d0bc5d31b2546345219e348575eb80e9a0?s=96&d=mm&r=g","caption":"redazione"},"sameAs":["http:\/\/www.bellunopress.it","https:\/\/x.com\/bellunopress"],"url":"https:\/\/www.bellunopress.it\/fr\/author\/redazione\/"}]}},"_links":{"self":[{"href":"https:\/\/www.bellunopress.it\/fr\/wp-json\/wp\/v2\/posts\/138453","targetHints":{"allow":["GET"]}}],"collection":[{"href":"https:\/\/www.bellunopress.it\/fr\/wp-json\/wp\/v2\/posts"}],"about":[{"href":"https:\/\/www.bellunopress.it\/fr\/wp-json\/wp\/v2\/types\/post"}],"author":[{"embeddable":true,"href":"https:\/\/www.bellunopress.it\/fr\/wp-json\/wp\/v2\/users\/2"}],"replies":[{"embeddable":true,"href":"https:\/\/www.bellunopress.it\/fr\/wp-json\/wp\/v2\/comments?post=138453"}],"version-history":[{"count":1,"href":"https:\/\/www.bellunopress.it\/fr\/wp-json\/wp\/v2\/posts\/138453\/revisions"}],"predecessor-version":[{"id":138455,"href":"https:\/\/www.bellunopress.it\/fr\/wp-json\/wp\/v2\/posts\/138453\/revisions\/138455"}],"wp:featuredmedia":[{"embeddable":true,"href":"https:\/\/www.bellunopress.it\/fr\/wp-json\/wp\/v2\/media\/138454"}],"wp:attachment":[{"href":"https:\/\/www.bellunopress.it\/fr\/wp-json\/wp\/v2\/media?parent=138453"}],"wp:term":[{"taxonomy":"category","embeddable":true,"href":"https:\/\/www.bellunopress.it\/fr\/wp-json\/wp\/v2\/categories?post=138453"},{"taxonomy":"post_tag","embeddable":true,"href":"https:\/\/www.bellunopress.it\/fr\/wp-json\/wp\/v2\/tags?post=138453"}],"curies":[{"name":"wp","href":"https:\/\/api.w.org\/{rel}","templated":true}]}}