{"id":138447,"date":"2022-12-17T13:34:43","date_gmt":"2022-12-17T12:34:43","guid":{"rendered":"https:\/\/www.bellunopress.it\/?p=138447"},"modified":"2022-12-18T13:29:50","modified_gmt":"2022-12-18T12:29:50","slug":"elogio-alleresia-2-il-caso-del-dottor-semmelweis-che-salvo-migliaia-di-donne-ma-venne-ritenuto-pazzo-dagli-illustri-medici-dellottocento","status":"publish","type":"post","link":"https:\/\/www.bellunopress.it\/fr\/2022\/12\/17\/elogio-alleresia-2-il-caso-del-dottor-semmelweis-che-salvo-migliaia-di-donne-ma-venne-ritenuto-pazzo-dagli-illustri-medici-dellottocento\/","title":{"rendered":"Elogio all\u2019eresia (2). Il caso del dottor Semmelweis, che salv\u00f2 migliaia di donne, ma venne ritenuto pazzo dagli illustri medici dell\u2019Ottocento"},"content":{"rendered":"<p><img loading=\"lazy\" decoding=\"async\" class=\"alignleft wp-image-138448\" src=\"https:\/\/www.bellunopress.it\/wp-content\/uploads\/2022\/12\/Semmelweis-Ignac.jpg\" alt=\"\" width=\"497\" height=\"629\" srcset=\"https:\/\/www.bellunopress.it\/wp-content\/uploads\/2022\/12\/Semmelweis-Ignac.jpg 593w, https:\/\/www.bellunopress.it\/wp-content\/uploads\/2022\/12\/Semmelweis-Ignac-395x500.jpg 395w, https:\/\/www.bellunopress.it\/wp-content\/uploads\/2022\/12\/Semmelweis-Ignac-332x420.jpg 332w\" sizes=\"auto, (max-width: 497px) 100vw, 497px\" \/>Circostanze, fatti, ed eventi, per chi li sta vivendo in quel momento, non sono sempre facilmente comprensibili, per cultura, prestigio, interessi, invidia, e chi osa contraddire la scienza ufficiale o il potere in generale, viene isolato, trattato come eretico o pazzo. Se va bene, sar\u00e0 il tempo, la storia, a far giustizia sugli errori del passato.<\/p>\n<p>Nel 1886 al dottor Ignaz Semmelweis, medico specialista in ostetricia, viene assegnato l\u2019incarico di assistente professore alla clinica ostetrica dell\u2019Ospedale generale di Vienna, dove \u00e8 offerta assistenza gratuita alle partorienti. Si tratta di una struttura pubblica voluta dell\u2019imperatore Giuseppe II sul finire del Settecento nella quale, essendo clinica universitaria, gli studenti possono fare pratica sulle pazienti. L\u2019istituzione imperiale aveva lo scopo di evitare l\u2019infanticidio e gli abbandoni nella \u201cruota\u201d che il sovrano abol\u00ec nel 1784 in tutto l\u2019Impero compreso il Lombardo-Veneto. (Nel Regno d\u2019Italia la prima \u201cruota\u201d ad essere soppressa \u00e8 quella di Milano, quella di Brescia viene soppressa nel 1871. L\u2019ultima \u00e8 quella di Ancona nel 1922).<\/p>\n<p>Ebbene, nell\u2019ospedale di Vienna il dottor Semmelweis scopre che \u00a0la mortalit\u00e0 delle puerpere \u00e8 altissima. Le donne contraggono una febbre, accompagnata da brividi e tachicardia, che nella maggior parte dei casi porta alla morte. La situazione \u00e8 nota, tant\u2019\u00e8 che molte donne, persino le prostitute, preferiscono partorire in strada piuttosto che entrare in quella clinica. Ma quale era la causa di queste morti frequenti?\u00a0 Oggi sappiamo che la febbre puerperale che colpiva le mamme all\u2019ospedale di Vienna \u00e8 causata dai germi, come lo streptococco o escherichia coli, che infettano la mucosa dell\u2019utero, che durante il parto pu\u00f2 essere lacerata facilitando lo svilupparsi dell\u2019infezione. Semmelweis osserva che il tasso di mortalit\u00e0 delle giovani donne \u00e8 molto pi\u00f9 basso nel secondo ramo della clinica viennese dove i medici non esercitano, ma vi sono solo le infermiere e le balie. I dati statistici del 1846, ad esempio, rivelano che a fronte di 4.010 nati, vi sono 459 madri decedute pari all\u201911,4% nel primo ramo della clinica. Mentre nel secondo ramo, con 3.754 nati ci sono 105 donne decedute pari al 2,8%. Semmelweis osserva il fenomeno e si accorge che le infermiere, a differenza dei medici e degli studenti di medicina, non praticano n\u00e9 assistono alle autopsie. Inoltre, vede che i medici non si lavano le mani dopo le autopsie prima dii andare ad assistere le partorienti. Un suo collega medico, inoltre, il dottor Jacob Kolletschka, muore con sintomi analoghi a quelli delle madri decedute, dopo essersi ferito durante un\u2019autopsia dal cadavere di una delle puerpere. Dalla correlazione dei due fatti, Semmelweis intuisce che il contagio e quindi la causa delle morti \u00e8 legata all\u2019igiene. Per averne la certezza, effettua un esperimento. Prima di passare da un reparto all\u2019altro, soprattutto dopo aver effettuato autopsie,\u00a0 chiede ai medici e agli studenti di lavarsi le mani con ipoclorito di calcio. Il risultato \u00e8 sorprendente: il numero dei decessi per febbre puerperale si abbassa notevolmente, avvicinando i dati del primo ramo della clinica a quelli del secondo e quindi salvando la vita a tantissime donne. L\u2019evidenza dei numeri, in una situazione \u201cnormale\u201d, avrebbe fatto adottare quelle norme di igiene a tutte le cliniche, riconoscendo al medico l\u2019importante scoperta. Ma la medicina ufficiale, la scienza dell\u2019epoca, ignorava l\u2019azione dei batteri. E quando Semmelweis illustra i risultati raggiunti, la casta dei medici fa quadrato. Chi era costui per umiliare i medici facendo loro lavare le mani? Come se fossero loro, i medici, gli untori portatori di morte! Semmelweis viene licenziato, prova a scrivere a vari medici europei, ma pochi sostengono la sua tesi. Solo alcuni amici, Josef \u0160koda, Ferdinand von Hebra, e il suo vecchio maestro e grande patologo Rokitansky provano ad aiutarlo diffondendo la nuova scoperta, ma vengono anch\u2019essi osteggiati. Il pi\u00f9 accanito oppositore \u00e8 Rudolf Virchow, considerato il padre della patologia cellulare. Nel 1858 Semmelweis pubblica il libro dal titolo \u201cEziologia della febbre puerperale\u201d poi tradotto in varie lingue. Pesantemente attaccato dalla comunit\u00e0 scientifica dell&#8217;epoca, finisce per essere rinchiuso in manicomio dove muore il 13 agosto 1865 senza avere la soddisfazione di vedere riconosciuta la sua scoperta. Ironia della sorte, Semmelweis muore per setticemia, provocata dalle ferite inferte dalle guardie del manicomio e dalle cure non adeguate, proprio ci\u00f2 che la sua scoperta avrebbe evitato. Per veder riconosciuta la sua scoperta bisogner\u00e0 attendere Louis Pasteur, chimico francese, che nel 1880 pubblica un articolo scientifico (De l&#8217;extension de la th\u00e9orie des germes \u00e0 l&#8217;\u00e9tiologie de quelques maladies communes) che dimostrer\u00e0 in modo inequivocabile la responsabilit\u00e0 dei germi nella febbre puerperale.<\/p>\n<p>&#8220;Quando qualcuno scriver\u00e0 la storia degli errori umani, ne trover\u00e0 pochi pi\u00f9 gravi di quello commesso dalla scienza nei confronti di Semmelweis&#8221;, disse l&#8217;amico Ferdinand von Hebra,<\/p>\n<p>Roberto De Nart<\/p>\n<p><a href=\"https:\/\/www.bellunopress.it\/fr\/2022\/02\/03\/elogio-alleresia-il-caso-di-guglielmo-marconi\/\">Elogio all\u2019eresia (1)<\/a><\/p>\n<p>&nbsp;<\/p>\n<p>Fonti:<\/p>\n<p><a href=\"https:\/\/it.wikipedia.org\/wiki\/Ign%C3%A1c_Semmelweis\">https:\/\/it.wikipedia.org\/wiki\/Ign%C3%A1c_Semmelweis<\/a><\/p>\n<p><a href=\"https:\/\/ambulatoridemetra.it\/demetra\/ignac-fulop-semmelweis-fra-genio-e-follia-la-storia-del-medico-che-intui-il-valore-del-lavaggio-delle-mani\/\">https:\/\/ambulatoridemetra.it\/demetra\/ignac-fulop-semmelweis-fra-genio-e-follia-la-storia-del-medico-che-intui-il-valore-del-lavaggio-delle-mani\/<\/a><\/p>\n<p><a href=\"https:\/\/www.grupposynergo.com\/ignac-semmelweis-il-medico-che-ci-ha-insegnato-a-lavarci-le-mani\/\">https:\/\/www.grupposynergo.com\/ignac-semmelweis-il-medico-che-ci-ha-insegnato-a-lavarci-le-mani\/<\/a><\/p>","protected":false},"excerpt":{"rendered":"<p>Circostanze, fatti, ed eventi, per chi li sta vivendo in quel momento, non sono sempre facilmente comprensibili, per cultura, prestigio, interessi, invidia, e chi osa contraddire la scienza ufficiale o il potere in generale, viene isolato, trattato come eretico o pazzo. Se va bene, sar\u00e0 il tempo, la storia, a far giustizia sugli errori del [&hellip;]<\/p>\n","protected":false},"author":2,"featured_media":138448,"comment_status":"closed","ping_status":"open","sticky":false,"template":"","format":"standard","meta":{"footnotes":""},"categories":[3,3368,3446,17],"tags":[3553],"class_list":["post-138447","post","type-post","status-publish","format-standard","has-post-thumbnail","category-arte-cultura-spettacoli-scienza-archivi","category-cahiers-de-doleances","category-featured","category-sanita","tag-ignaz-semmelweis"],"yoast_head":"<!-- This site is optimized with the Yoast SEO plugin v28.4 - https:\/\/yoast.com\/product\/yoast-seo-wordpress\/ -->\n<title>Elogio all\u2019eresia (2). Il caso del dottor Semmelweis, che salv\u00f2 migliaia di donne, ma venne ritenuto pazzo dagli illustri medici dell\u2019Ottocento - Bellunopress - Dolomiti<\/title>\n<meta name=\"robots\" content=\"index, follow, max-snippet:-1, max-image-preview:large, max-video-preview:-1\" \/>\n<link rel=\"canonical\" href=\"https:\/\/www.bellunopress.it\/fr\/2022\/12\/17\/elogio-alleresia-2-il-caso-del-dottor-semmelweis-che-salvo-migliaia-di-donne-ma-venne-ritenuto-pazzo-dagli-illustri-medici-dellottocento\/\" \/>\n<meta property=\"og:locale\" content=\"fr_FR\" \/>\n<meta property=\"og:type\" content=\"article\" \/>\n<meta property=\"og:title\" content=\"Elogio all\u2019eresia (2). Il caso del dottor Semmelweis, che salv\u00f2 migliaia di donne, ma venne ritenuto pazzo dagli illustri medici dell\u2019Ottocento - Bellunopress - Dolomiti\" \/>\n<meta property=\"og:description\" content=\"Circostanze, fatti, ed eventi, per chi li sta vivendo in quel momento, non sono sempre facilmente comprensibili, per cultura, prestigio, interessi, invidia, e chi osa contraddire la scienza ufficiale o il potere in generale, viene isolato, trattato come eretico o pazzo. Se va bene, sar\u00e0 il tempo, la storia, a far giustizia sugli errori del [&hellip;]\" \/>\n<meta property=\"og:url\" content=\"https:\/\/www.bellunopress.it\/fr\/2022\/12\/17\/elogio-alleresia-2-il-caso-del-dottor-semmelweis-che-salvo-migliaia-di-donne-ma-venne-ritenuto-pazzo-dagli-illustri-medici-dellottocento\/\" \/>\n<meta property=\"og:site_name\" content=\"Bellunopress - Dolomiti\" \/>\n<meta property=\"article:publisher\" content=\"https:\/\/www.facebook.com\/profile.php?id=100008943462799\" \/>\n<meta property=\"article:published_time\" content=\"2022-12-17T12:34:43+00:00\" \/>\n<meta property=\"article:modified_time\" content=\"2022-12-18T12:29:50+00:00\" \/>\n<meta property=\"og:image\" content=\"https:\/\/www.bellunopress.it\/wp-content\/uploads\/2022\/12\/Semmelweis-Ignac.jpg\" \/>\n\t<meta property=\"og:image:width\" content=\"593\" \/>\n\t<meta property=\"og:image:height\" content=\"751\" \/>\n\t<meta property=\"og:image:type\" content=\"image\/jpeg\" \/>\n<meta name=\"author\" content=\"redazione\" \/>\n<meta name=\"twitter:card\" content=\"summary_large_image\" \/>\n<meta name=\"twitter:creator\" content=\"@bellunopress\" \/>\n<meta name=\"twitter:site\" content=\"@bellunopress\" \/>\n<meta name=\"twitter:label1\" content=\"Written by\" \/>\n\t<meta name=\"twitter:data1\" content=\"redazione\" \/>\n\t<meta name=\"twitter:label2\" content=\"Est. reading time\" \/>\n\t<meta name=\"twitter:data2\" content=\"5 minutes\" \/>\n<script type=\"application\/ld+json\" class=\"yoast-schema-graph\">{\"@context\":\"https:\\\/\\\/schema.org\",\"@graph\":[{\"@type\":\"Article\",\"@id\":\"https:\\\/\\\/www.bellunopress.it\\\/2022\\\/12\\\/17\\\/elogio-alleresia-2-il-caso-del-dottor-semmelweis-che-salvo-migliaia-di-donne-ma-venne-ritenuto-pazzo-dagli-illustri-medici-dellottocento\\\/#article\",\"isPartOf\":{\"@id\":\"https:\\\/\\\/www.bellunopress.it\\\/2022\\\/12\\\/17\\\/elogio-alleresia-2-il-caso-del-dottor-semmelweis-che-salvo-migliaia-di-donne-ma-venne-ritenuto-pazzo-dagli-illustri-medici-dellottocento\\\/\"},\"author\":{\"name\":\"redazione\",\"@id\":\"https:\\\/\\\/www.bellunopress.it\\\/#\\\/schema\\\/person\\\/79bb06722b37ece1c03d3e94beb30d73\"},\"headline\":\"Elogio all\u2019eresia (2). Il caso del dottor Semmelweis, che salv\u00f2 migliaia di donne, ma venne ritenuto pazzo dagli illustri medici dell\u2019Ottocento\",\"datePublished\":\"2022-12-17T12:34:43+00:00\",\"dateModified\":\"2022-12-18T12:29:50+00:00\",\"mainEntityOfPage\":{\"@id\":\"https:\\\/\\\/www.bellunopress.it\\\/2022\\\/12\\\/17\\\/elogio-alleresia-2-il-caso-del-dottor-semmelweis-che-salvo-migliaia-di-donne-ma-venne-ritenuto-pazzo-dagli-illustri-medici-dellottocento\\\/\"},\"wordCount\":823,\"publisher\":{\"@id\":\"https:\\\/\\\/www.bellunopress.it\\\/#organization\"},\"image\":{\"@id\":\"https:\\\/\\\/www.bellunopress.it\\\/2022\\\/12\\\/17\\\/elogio-alleresia-2-il-caso-del-dottor-semmelweis-che-salvo-migliaia-di-donne-ma-venne-ritenuto-pazzo-dagli-illustri-medici-dellottocento\\\/#primaryimage\"},\"thumbnailUrl\":\"https:\\\/\\\/www.bellunopress.it\\\/wp-content\\\/uploads\\\/2022\\\/12\\\/Semmelweis-Ignac.jpg\",\"keywords\":[\"Ignaz Semmelweis\"],\"articleSection\":[\"Arte, Cultura, Spettacoli, Scienza\",\"Cahiers de dol\u00e9ances\",\"Featured\",\"Sanit\u00e0 Medicina\"],\"inLanguage\":\"fr-FR\"},{\"@type\":\"WebPage\",\"@id\":\"https:\\\/\\\/www.bellunopress.it\\\/2022\\\/12\\\/17\\\/elogio-alleresia-2-il-caso-del-dottor-semmelweis-che-salvo-migliaia-di-donne-ma-venne-ritenuto-pazzo-dagli-illustri-medici-dellottocento\\\/\",\"url\":\"https:\\\/\\\/www.bellunopress.it\\\/2022\\\/12\\\/17\\\/elogio-alleresia-2-il-caso-del-dottor-semmelweis-che-salvo-migliaia-di-donne-ma-venne-ritenuto-pazzo-dagli-illustri-medici-dellottocento\\\/\",\"name\":\"Elogio all\u2019eresia (2). Il caso del dottor Semmelweis, che salv\u00f2 migliaia di donne, ma venne ritenuto pazzo dagli illustri medici dell\u2019Ottocento - Bellunopress - Dolomiti\",\"isPartOf\":{\"@id\":\"https:\\\/\\\/www.bellunopress.it\\\/#website\"},\"primaryImageOfPage\":{\"@id\":\"https:\\\/\\\/www.bellunopress.it\\\/2022\\\/12\\\/17\\\/elogio-alleresia-2-il-caso-del-dottor-semmelweis-che-salvo-migliaia-di-donne-ma-venne-ritenuto-pazzo-dagli-illustri-medici-dellottocento\\\/#primaryimage\"},\"image\":{\"@id\":\"https:\\\/\\\/www.bellunopress.it\\\/2022\\\/12\\\/17\\\/elogio-alleresia-2-il-caso-del-dottor-semmelweis-che-salvo-migliaia-di-donne-ma-venne-ritenuto-pazzo-dagli-illustri-medici-dellottocento\\\/#primaryimage\"},\"thumbnailUrl\":\"https:\\\/\\\/www.bellunopress.it\\\/wp-content\\\/uploads\\\/2022\\\/12\\\/Semmelweis-Ignac.jpg\",\"datePublished\":\"2022-12-17T12:34:43+00:00\",\"dateModified\":\"2022-12-18T12:29:50+00:00\",\"breadcrumb\":{\"@id\":\"https:\\\/\\\/www.bellunopress.it\\\/2022\\\/12\\\/17\\\/elogio-alleresia-2-il-caso-del-dottor-semmelweis-che-salvo-migliaia-di-donne-ma-venne-ritenuto-pazzo-dagli-illustri-medici-dellottocento\\\/#breadcrumb\"},\"inLanguage\":\"fr-FR\",\"potentialAction\":[{\"@type\":\"ReadAction\",\"target\":[\"https:\\\/\\\/www.bellunopress.it\\\/2022\\\/12\\\/17\\\/elogio-alleresia-2-il-caso-del-dottor-semmelweis-che-salvo-migliaia-di-donne-ma-venne-ritenuto-pazzo-dagli-illustri-medici-dellottocento\\\/\"]}]},{\"@type\":\"ImageObject\",\"inLanguage\":\"fr-FR\",\"@id\":\"https:\\\/\\\/www.bellunopress.it\\\/2022\\\/12\\\/17\\\/elogio-alleresia-2-il-caso-del-dottor-semmelweis-che-salvo-migliaia-di-donne-ma-venne-ritenuto-pazzo-dagli-illustri-medici-dellottocento\\\/#primaryimage\",\"url\":\"https:\\\/\\\/www.bellunopress.it\\\/wp-content\\\/uploads\\\/2022\\\/12\\\/Semmelweis-Ignac.jpg\",\"contentUrl\":\"https:\\\/\\\/www.bellunopress.it\\\/wp-content\\\/uploads\\\/2022\\\/12\\\/Semmelweis-Ignac.jpg\",\"width\":593,\"height\":751},{\"@type\":\"BreadcrumbList\",\"@id\":\"https:\\\/\\\/www.bellunopress.it\\\/2022\\\/12\\\/17\\\/elogio-alleresia-2-il-caso-del-dottor-semmelweis-che-salvo-migliaia-di-donne-ma-venne-ritenuto-pazzo-dagli-illustri-medici-dellottocento\\\/#breadcrumb\",\"itemListElement\":[{\"@type\":\"ListItem\",\"position\":1,\"name\":\"Home\",\"item\":\"https:\\\/\\\/www.bellunopress.it\\\/\"},{\"@type\":\"ListItem\",\"position\":2,\"name\":\"Elogio all\u2019eresia (2). Il caso del dottor Semmelweis, che salv\u00f2 migliaia di donne, ma venne ritenuto pazzo dagli illustri medici dell\u2019Ottocento\"}]},{\"@type\":\"WebSite\",\"@id\":\"https:\\\/\\\/www.bellunopress.it\\\/#website\",\"url\":\"https:\\\/\\\/www.bellunopress.it\\\/\",\"name\":\"Bellunopress - Dolomiti\",\"description\":\"e-mail: redazione@bellunopress.it\",\"publisher\":{\"@id\":\"https:\\\/\\\/www.bellunopress.it\\\/#organization\"},\"potentialAction\":[{\"@type\":\"SearchAction\",\"target\":{\"@type\":\"EntryPoint\",\"urlTemplate\":\"https:\\\/\\\/www.bellunopress.it\\\/?s={search_term_string}\"},\"query-input\":{\"@type\":\"PropertyValueSpecification\",\"valueRequired\":true,\"valueName\":\"search_term_string\"}}],\"inLanguage\":\"fr-FR\"},{\"@type\":\"Organization\",\"@id\":\"https:\\\/\\\/www.bellunopress.it\\\/#organization\",\"name\":\"Bellunopress\",\"url\":\"https:\\\/\\\/www.bellunopress.it\\\/\",\"logo\":{\"@type\":\"ImageObject\",\"inLanguage\":\"fr-FR\",\"@id\":\"https:\\\/\\\/www.bellunopress.it\\\/#\\\/schema\\\/logo\\\/image\\\/\",\"url\":\"https:\\\/\\\/www.bellunopress.it\\\/wp-content\\\/uploads\\\/2011\\\/05\\\/cropped-logo-bellunopress-.jpg\",\"contentUrl\":\"https:\\\/\\\/www.bellunopress.it\\\/wp-content\\\/uploads\\\/2011\\\/05\\\/cropped-logo-bellunopress-.jpg\",\"width\":512,\"height\":512,\"caption\":\"Bellunopress\"},\"image\":{\"@id\":\"https:\\\/\\\/www.bellunopress.it\\\/#\\\/schema\\\/logo\\\/image\\\/\"},\"sameAs\":[\"https:\\\/\\\/www.facebook.com\\\/profile.php?id=100008943462799\",\"https:\\\/\\\/x.com\\\/bellunopress\",\"https:\\\/\\\/www.linkedin.com\\\/hp\\\/?dnr=JBzUWaJfMUw8vbXJJ2tVW5-I3jZKvC4wsoxE&amp;amp;amp;amp;amp;amp;trk=nav_responsive_tab_home\",\"https:\\\/\\\/www.youtube.com\\\/channel\\\/UCxL0wu1uN0_3_7hGG0306cw\"]},{\"@type\":\"Person\",\"@id\":\"https:\\\/\\\/www.bellunopress.it\\\/#\\\/schema\\\/person\\\/79bb06722b37ece1c03d3e94beb30d73\",\"name\":\"redazione\",\"image\":{\"@type\":\"ImageObject\",\"inLanguage\":\"fr-FR\",\"@id\":\"https:\\\/\\\/secure.gravatar.com\\\/avatar\\\/37d968a2e67a6fd04c169c4bdef102d0bc5d31b2546345219e348575eb80e9a0?s=96&d=mm&r=g\",\"url\":\"https:\\\/\\\/secure.gravatar.com\\\/avatar\\\/37d968a2e67a6fd04c169c4bdef102d0bc5d31b2546345219e348575eb80e9a0?s=96&d=mm&r=g\",\"contentUrl\":\"https:\\\/\\\/secure.gravatar.com\\\/avatar\\\/37d968a2e67a6fd04c169c4bdef102d0bc5d31b2546345219e348575eb80e9a0?s=96&d=mm&r=g\",\"caption\":\"redazione\"},\"sameAs\":[\"http:\\\/\\\/www.bellunopress.it\",\"https:\\\/\\\/x.com\\\/bellunopress\"],\"url\":\"https:\\\/\\\/www.bellunopress.it\\\/fr\\\/author\\\/redazione\\\/\"}]}<\/script>\n<!-- \/ Yoast SEO plugin. -->","yoast_head_json":{"title":"Elogio all\u2019eresia (2). Il caso del dottor Semmelweis, che salv\u00f2 migliaia di donne, ma venne ritenuto pazzo dagli illustri medici dell\u2019Ottocento - Bellunopress - Dolomiti","robots":{"index":"index","follow":"follow","max-snippet":"max-snippet:-1","max-image-preview":"max-image-preview:large","max-video-preview":"max-video-preview:-1"},"canonical":"https:\/\/www.bellunopress.it\/fr\/2022\/12\/17\/elogio-alleresia-2-il-caso-del-dottor-semmelweis-che-salvo-migliaia-di-donne-ma-venne-ritenuto-pazzo-dagli-illustri-medici-dellottocento\/","og_locale":"fr_FR","og_type":"article","og_title":"Elogio all\u2019eresia (2). Il caso del dottor Semmelweis, che salv\u00f2 migliaia di donne, ma venne ritenuto pazzo dagli illustri medici dell\u2019Ottocento - Bellunopress - Dolomiti","og_description":"Circostanze, fatti, ed eventi, per chi li sta vivendo in quel momento, non sono sempre facilmente comprensibili, per cultura, prestigio, interessi, invidia, e chi osa contraddire la scienza ufficiale o il potere in generale, viene isolato, trattato come eretico o pazzo. Se va bene, sar\u00e0 il tempo, la storia, a far giustizia sugli errori del [&hellip;]","og_url":"https:\/\/www.bellunopress.it\/fr\/2022\/12\/17\/elogio-alleresia-2-il-caso-del-dottor-semmelweis-che-salvo-migliaia-di-donne-ma-venne-ritenuto-pazzo-dagli-illustri-medici-dellottocento\/","og_site_name":"Bellunopress - Dolomiti","article_publisher":"https:\/\/www.facebook.com\/profile.php?id=100008943462799","article_published_time":"2022-12-17T12:34:43+00:00","article_modified_time":"2022-12-18T12:29:50+00:00","og_image":[{"width":593,"height":751,"url":"https:\/\/www.bellunopress.it\/wp-content\/uploads\/2022\/12\/Semmelweis-Ignac.jpg","type":"image\/jpeg"}],"author":"redazione","twitter_card":"summary_large_image","twitter_creator":"@bellunopress","twitter_site":"@bellunopress","twitter_misc":{"Written by":"redazione","Est. reading time":"5 minutes"},"schema":{"@context":"https:\/\/schema.org","@graph":[{"@type":"Article","@id":"https:\/\/www.bellunopress.it\/2022\/12\/17\/elogio-alleresia-2-il-caso-del-dottor-semmelweis-che-salvo-migliaia-di-donne-ma-venne-ritenuto-pazzo-dagli-illustri-medici-dellottocento\/#article","isPartOf":{"@id":"https:\/\/www.bellunopress.it\/2022\/12\/17\/elogio-alleresia-2-il-caso-del-dottor-semmelweis-che-salvo-migliaia-di-donne-ma-venne-ritenuto-pazzo-dagli-illustri-medici-dellottocento\/"},"author":{"name":"redazione","@id":"https:\/\/www.bellunopress.it\/#\/schema\/person\/79bb06722b37ece1c03d3e94beb30d73"},"headline":"Elogio all\u2019eresia (2). Il caso del dottor Semmelweis, che salv\u00f2 migliaia di donne, ma venne ritenuto pazzo dagli illustri medici dell\u2019Ottocento","datePublished":"2022-12-17T12:34:43+00:00","dateModified":"2022-12-18T12:29:50+00:00","mainEntityOfPage":{"@id":"https:\/\/www.bellunopress.it\/2022\/12\/17\/elogio-alleresia-2-il-caso-del-dottor-semmelweis-che-salvo-migliaia-di-donne-ma-venne-ritenuto-pazzo-dagli-illustri-medici-dellottocento\/"},"wordCount":823,"publisher":{"@id":"https:\/\/www.bellunopress.it\/#organization"},"image":{"@id":"https:\/\/www.bellunopress.it\/2022\/12\/17\/elogio-alleresia-2-il-caso-del-dottor-semmelweis-che-salvo-migliaia-di-donne-ma-venne-ritenuto-pazzo-dagli-illustri-medici-dellottocento\/#primaryimage"},"thumbnailUrl":"https:\/\/www.bellunopress.it\/wp-content\/uploads\/2022\/12\/Semmelweis-Ignac.jpg","keywords":["Ignaz Semmelweis"],"articleSection":["Arte, Cultura, Spettacoli, Scienza","Cahiers de dol\u00e9ances","Featured","Sanit\u00e0 Medicina"],"inLanguage":"fr-FR"},{"@type":"WebPage","@id":"https:\/\/www.bellunopress.it\/2022\/12\/17\/elogio-alleresia-2-il-caso-del-dottor-semmelweis-che-salvo-migliaia-di-donne-ma-venne-ritenuto-pazzo-dagli-illustri-medici-dellottocento\/","url":"https:\/\/www.bellunopress.it\/2022\/12\/17\/elogio-alleresia-2-il-caso-del-dottor-semmelweis-che-salvo-migliaia-di-donne-ma-venne-ritenuto-pazzo-dagli-illustri-medici-dellottocento\/","name":"Elogio all\u2019eresia (2). Il caso del dottor Semmelweis, che salv\u00f2 migliaia di donne, ma venne ritenuto pazzo dagli illustri medici dell\u2019Ottocento - Bellunopress - Dolomiti","isPartOf":{"@id":"https:\/\/www.bellunopress.it\/#website"},"primaryImageOfPage":{"@id":"https:\/\/www.bellunopress.it\/2022\/12\/17\/elogio-alleresia-2-il-caso-del-dottor-semmelweis-che-salvo-migliaia-di-donne-ma-venne-ritenuto-pazzo-dagli-illustri-medici-dellottocento\/#primaryimage"},"image":{"@id":"https:\/\/www.bellunopress.it\/2022\/12\/17\/elogio-alleresia-2-il-caso-del-dottor-semmelweis-che-salvo-migliaia-di-donne-ma-venne-ritenuto-pazzo-dagli-illustri-medici-dellottocento\/#primaryimage"},"thumbnailUrl":"https:\/\/www.bellunopress.it\/wp-content\/uploads\/2022\/12\/Semmelweis-Ignac.jpg","datePublished":"2022-12-17T12:34:43+00:00","dateModified":"2022-12-18T12:29:50+00:00","breadcrumb":{"@id":"https:\/\/www.bellunopress.it\/2022\/12\/17\/elogio-alleresia-2-il-caso-del-dottor-semmelweis-che-salvo-migliaia-di-donne-ma-venne-ritenuto-pazzo-dagli-illustri-medici-dellottocento\/#breadcrumb"},"inLanguage":"fr-FR","potentialAction":[{"@type":"ReadAction","target":["https:\/\/www.bellunopress.it\/2022\/12\/17\/elogio-alleresia-2-il-caso-del-dottor-semmelweis-che-salvo-migliaia-di-donne-ma-venne-ritenuto-pazzo-dagli-illustri-medici-dellottocento\/"]}]},{"@type":"ImageObject","inLanguage":"fr-FR","@id":"https:\/\/www.bellunopress.it\/2022\/12\/17\/elogio-alleresia-2-il-caso-del-dottor-semmelweis-che-salvo-migliaia-di-donne-ma-venne-ritenuto-pazzo-dagli-illustri-medici-dellottocento\/#primaryimage","url":"https:\/\/www.bellunopress.it\/wp-content\/uploads\/2022\/12\/Semmelweis-Ignac.jpg","contentUrl":"https:\/\/www.bellunopress.it\/wp-content\/uploads\/2022\/12\/Semmelweis-Ignac.jpg","width":593,"height":751},{"@type":"BreadcrumbList","@id":"https:\/\/www.bellunopress.it\/2022\/12\/17\/elogio-alleresia-2-il-caso-del-dottor-semmelweis-che-salvo-migliaia-di-donne-ma-venne-ritenuto-pazzo-dagli-illustri-medici-dellottocento\/#breadcrumb","itemListElement":[{"@type":"ListItem","position":1,"name":"Home","item":"https:\/\/www.bellunopress.it\/"},{"@type":"ListItem","position":2,"name":"Elogio all\u2019eresia (2). Il caso del dottor Semmelweis, che salv\u00f2 migliaia di donne, ma venne ritenuto pazzo dagli illustri medici dell\u2019Ottocento"}]},{"@type":"WebSite","@id":"https:\/\/www.bellunopress.it\/#website","url":"https:\/\/www.bellunopress.it\/","name":"Bellunopress - Dolomiti","description":"e-mail: redazione@bellunopress.it","publisher":{"@id":"https:\/\/www.bellunopress.it\/#organization"},"potentialAction":[{"@type":"SearchAction","target":{"@type":"EntryPoint","urlTemplate":"https:\/\/www.bellunopress.it\/?s={search_term_string}"},"query-input":{"@type":"PropertyValueSpecification","valueRequired":true,"valueName":"search_term_string"}}],"inLanguage":"fr-FR"},{"@type":"Organization","@id":"https:\/\/www.bellunopress.it\/#organization","name":"Bellunopress","url":"https:\/\/www.bellunopress.it\/","logo":{"@type":"ImageObject","inLanguage":"fr-FR","@id":"https:\/\/www.bellunopress.it\/#\/schema\/logo\/image\/","url":"https:\/\/www.bellunopress.it\/wp-content\/uploads\/2011\/05\/cropped-logo-bellunopress-.jpg","contentUrl":"https:\/\/www.bellunopress.it\/wp-content\/uploads\/2011\/05\/cropped-logo-bellunopress-.jpg","width":512,"height":512,"caption":"Bellunopress"},"image":{"@id":"https:\/\/www.bellunopress.it\/#\/schema\/logo\/image\/"},"sameAs":["https:\/\/www.facebook.com\/profile.php?id=100008943462799","https:\/\/x.com\/bellunopress","https:\/\/www.linkedin.com\/hp\/?dnr=JBzUWaJfMUw8vbXJJ2tVW5-I3jZKvC4wsoxE&amp;amp;amp;amp;amp;amp;trk=nav_responsive_tab_home","https:\/\/www.youtube.com\/channel\/UCxL0wu1uN0_3_7hGG0306cw"]},{"@type":"Person","@id":"https:\/\/www.bellunopress.it\/#\/schema\/person\/79bb06722b37ece1c03d3e94beb30d73","name":"r\u00e9daction","image":{"@type":"ImageObject","inLanguage":"fr-FR","@id":"https:\/\/secure.gravatar.com\/avatar\/37d968a2e67a6fd04c169c4bdef102d0bc5d31b2546345219e348575eb80e9a0?s=96&d=mm&r=g","url":"https:\/\/secure.gravatar.com\/avatar\/37d968a2e67a6fd04c169c4bdef102d0bc5d31b2546345219e348575eb80e9a0?s=96&d=mm&r=g","contentUrl":"https:\/\/secure.gravatar.com\/avatar\/37d968a2e67a6fd04c169c4bdef102d0bc5d31b2546345219e348575eb80e9a0?s=96&d=mm&r=g","caption":"redazione"},"sameAs":["http:\/\/www.bellunopress.it","https:\/\/x.com\/bellunopress"],"url":"https:\/\/www.bellunopress.it\/fr\/author\/redazione\/"}]}},"_links":{"self":[{"href":"https:\/\/www.bellunopress.it\/fr\/wp-json\/wp\/v2\/posts\/138447","targetHints":{"allow":["GET"]}}],"collection":[{"href":"https:\/\/www.bellunopress.it\/fr\/wp-json\/wp\/v2\/posts"}],"about":[{"href":"https:\/\/www.bellunopress.it\/fr\/wp-json\/wp\/v2\/types\/post"}],"author":[{"embeddable":true,"href":"https:\/\/www.bellunopress.it\/fr\/wp-json\/wp\/v2\/users\/2"}],"replies":[{"embeddable":true,"href":"https:\/\/www.bellunopress.it\/fr\/wp-json\/wp\/v2\/comments?post=138447"}],"version-history":[{"count":2,"href":"https:\/\/www.bellunopress.it\/fr\/wp-json\/wp\/v2\/posts\/138447\/revisions"}],"predecessor-version":[{"id":138471,"href":"https:\/\/www.bellunopress.it\/fr\/wp-json\/wp\/v2\/posts\/138447\/revisions\/138471"}],"wp:featuredmedia":[{"embeddable":true,"href":"https:\/\/www.bellunopress.it\/fr\/wp-json\/wp\/v2\/media\/138448"}],"wp:attachment":[{"href":"https:\/\/www.bellunopress.it\/fr\/wp-json\/wp\/v2\/media?parent=138447"}],"wp:term":[{"taxonomy":"category","embeddable":true,"href":"https:\/\/www.bellunopress.it\/fr\/wp-json\/wp\/v2\/categories?post=138447"},{"taxonomy":"post_tag","embeddable":true,"href":"https:\/\/www.bellunopress.it\/fr\/wp-json\/wp\/v2\/tags?post=138447"}],"curies":[{"name":"wp","href":"https:\/\/api.w.org\/{rel}","templated":true}]}}