{"id":138441,"date":"2022-12-16T19:12:56","date_gmt":"2022-12-16T18:12:56","guid":{"rendered":"https:\/\/www.bellunopress.it\/?p=138441"},"modified":"2022-12-16T19:12:56","modified_gmt":"2022-12-16T18:12:56","slug":"il-consorzio-dmo-dolomiti-diventa-una-fondazione","status":"publish","type":"post","link":"https:\/\/www.bellunopress.it\/fr\/2022\/12\/16\/il-consorzio-dmo-dolomiti-diventa-una-fondazione\/","title":{"rendered":"Il Consorzio DMO Dolomiti diventa una Fondazione"},"content":{"rendered":"<figure id=\"attachment_131040\" aria-describedby=\"caption-attachment-131040\" style=\"width: 1000px\" class=\"wp-caption alignleft\"><img loading=\"lazy\" decoding=\"async\" class=\"size-full wp-image-131040\" src=\"https:\/\/www.bellunopress.it\/wp-content\/uploads\/2022\/01\/assemblea-DMO-Dolomiti-31.01_edited.jpg\" alt=\"\" width=\"1000\" height=\"563\" srcset=\"https:\/\/www.bellunopress.it\/wp-content\/uploads\/2022\/01\/assemblea-DMO-Dolomiti-31.01_edited.jpg 1000w, https:\/\/www.bellunopress.it\/wp-content\/uploads\/2022\/01\/assemblea-DMO-Dolomiti-31.01_edited-500x282.jpg 500w, https:\/\/www.bellunopress.it\/wp-content\/uploads\/2022\/01\/assemblea-DMO-Dolomiti-31.01_edited-696x392.jpg 696w, https:\/\/www.bellunopress.it\/wp-content\/uploads\/2022\/01\/assemblea-DMO-Dolomiti-31.01_edited-746x420.jpg 746w\" sizes=\"auto, (max-width: 1000px) 100vw, 1000px\" \/><figcaption id=\"caption-attachment-131040\" class=\"wp-caption-text\">Assemblea DMO Dolomiti (Foto di repertorio)<\/figcaption><\/figure>\n<p>Belluno, 16 dicembre 2022 La DMO Dolomiti \u00e8 diventata una Fondazione pubblica. Oggi l\u2019assemblea dei soci ha deliberato all\u2019unanimit\u00e0 la trasformazione del Consorzio attuale (misto pubblico &#8211; privato) in Fondazione pubblica. Ed \u00e8 stato firmato l\u2019atto, davanti al notaio Fiorella Francescon.<\/p>\n<p>Nelle ultime settimane intanto era gi\u00e0 stato approvato da Provincia, Comuni e altri enti e associazioni il nuovo Statuto.<br \/>\n\u00abQuella di oggi \u00e8 una giornata storica\u00bb commenta Roberto Padrin, presidente della Provincia di Belluno e dell\u2019assemblea dei soci DMO. \u00abLa scelta di trasformare la DMO in Fondazione \u00e8 stata un percorso condiviso e strutturato e ringrazio chi ha lavorato per arrivare a questo risultato, il mio consigliere provinciale delegato Danilo De Toni, il sindaco Leandro Grones del Comitato d\u2019Indirizzo, l\u2019avvocato Livio Viel, Alessandra Magagnin e Michele Basso.<\/p>\n<p>Da oggi la DMO \u00e8 un ente pi\u00f9 snello e funzionale alla promozione del turismo delle Dolomiti Bellunesi; potr\u00e0 intercettare pi\u00f9 facilmente i contributi, per metterli a beneficio del territorio\u00bb.<br \/>\n\u00ab\u00c8 un grande traguardo e allo stesso tempo una partenza che dar\u00e0 alla DMO la possibilit\u00e0 di sfruttare i Fondi dei Comuni Confinanti per mettere a terra progettualit\u00e0 importanti che saranno il proseguimento del lavoro fatto fino a oggi con il progetto Vivere le Dolomiti e l\u2019individuazione della brand strategy\u00bb aggiunge il consigliere provinciale delegato al turismo, Danilo De Toni.<br \/>\nLa trasformazione in Fondazione implica un rafforzamento della struttura per rendere ancora pi\u00f9 operativa l\u2019attivit\u00e0 di sviluppo turistico. Nel frattempo, l\u2019assemblea dei sindaci dei Comuni confinanti ha deliberato l\u2019affidamento alla DMO di 3 milioni di euro da Fcc per la promozione turistica fino al 2024 ed \u00e8 stata presentata anche una bozza per la revisione delle quote, cos\u00ec da consentire fin da subito uno spazio di manovra maggiore alla nuova Fondazione.<br \/>\nLa soddisfazione nelle parole della Amministratrice Unica della DMO Alessandra Magagnin per il traguardo raggiunto: \u00abL\u2019assemblea di oggi segna un passaggio importante per la Dmo perch\u00e9 abbiamo approvato lo Statuto per la trasformazione del consorzio in fondazione. Questo permetter\u00e0 alla DMO di essere beneficiaria di fondi pubblici che serviranno a tutta la provincia per crescere e comunicare verso l\u2019esterno la sua unicit\u00e0 e le sue bellezze. Dopo questo passaggio formale ci sar\u00e0 l\u2019iscrizione alla Camera di Commercio, poi il riconoscimento da parte della Prefettura infine, nella prossima assemblea, verranno eletti definitivamente gli organi che saranno la guida della Fondazione DMO Dolomiti Bellunesi. La Fondazione avr\u00e0 il suo Cda composto da 7 membri\u00bb<br \/>\nPer il direttore della DMO Michele Basso \u00e8 un momento davvero fondamentale: \u00abAbbiamo mantenuto la parola sulle tempistiche: circa un anno fa abbiamo fatto un percorso di discussione sulla trasformazione giuridica della DMO Dolomiti e adesso arriviamo a questa deliberazione importante. Tutto il processo \u00e8 avvenuto in sinergia con la Provincia e in coerenza con le indicazioni della Regione Veneto\u00bb.<br \/>\nSia l\u2019Amministratrice Unica sia il Direttore della DMO si sono uniti all\u2019unisono nel ringraziare tutti i soci della DMO che dal 2015, quando \u00e8 stata costituita, a oggi hanno sempre creduto nel potenziale di una governance provinciale che abbraccia l\u2019intera area delle Dolomiti bellunesi per promuoverla come destinazione unica e spettacolare.<br \/>\n\u00abAuguro buon lavoro alla Fondazione DMO Dolomiti\u00bb conclude il presidente Padrin. \u00abLe sfide future sono tante e tutte da vincere. E l\u2019attivit\u00e0 che si profila all\u2019orizzonte \u00e8 davvero impegnativa. A gennaio andr\u00e0 online il nuovo sito della destinazione turistica, mentre a fine inverno partir\u00e0 la nuova campagna promozionale.<br \/>\nL\u2019obiettivo di unire i territori in una Fondazione e un brand unici deve vederci lavorare tutti insieme per la promozione di uno dei settori pi\u00f9 strategici per lo sviluppo delle Dolomiti Bellunesi\u00bb.<\/p>","protected":false},"excerpt":{"rendered":"<p>Belluno, 16 dicembre 2022 La DMO Dolomiti \u00e8 diventata una Fondazione pubblica. Oggi l\u2019assemblea dei soci ha deliberato all\u2019unanimit\u00e0 la trasformazione del Consorzio attuale (misto pubblico &#8211; privato) in Fondazione pubblica. Ed \u00e8 stato firmato l\u2019atto, davanti al notaio Fiorella Francescon. Nelle ultime settimane intanto era gi\u00e0 stato approvato da Provincia, Comuni e altri enti [&hellip;]<\/p>\n","protected":false},"author":2,"featured_media":131040,"comment_status":"closed","ping_status":"open","sticky":false,"template":"","format":"standard","meta":{"footnotes":""},"categories":[36,26,8],"tags":[],"class_list":["post-138441","post","type-post","status-publish","format-standard","has-post-thumbnail","category-lavoro-economia","category-prima-pagina","category-societa-istituzioni"],"yoast_head":"<!-- This site is optimized with the Yoast SEO plugin v28.4 - https:\/\/yoast.com\/product\/yoast-seo-wordpress\/ -->\n<title>Il Consorzio DMO Dolomiti diventa una Fondazione - Bellunopress - Dolomiti<\/title>\n<meta name=\"robots\" content=\"index, follow, max-snippet:-1, max-image-preview:large, max-video-preview:-1\" \/>\n<link rel=\"canonical\" href=\"https:\/\/www.bellunopress.it\/fr\/2022\/12\/16\/il-consorzio-dmo-dolomiti-diventa-una-fondazione\/\" \/>\n<meta property=\"og:locale\" content=\"fr_FR\" \/>\n<meta property=\"og:type\" content=\"article\" \/>\n<meta property=\"og:title\" content=\"Il Consorzio DMO Dolomiti diventa una Fondazione - Bellunopress - Dolomiti\" \/>\n<meta property=\"og:description\" content=\"Belluno, 16 dicembre 2022 La DMO Dolomiti \u00e8 diventata una Fondazione pubblica. Oggi l\u2019assemblea dei soci ha deliberato all\u2019unanimit\u00e0 la trasformazione del Consorzio attuale (misto pubblico &#8211; privato) in Fondazione pubblica. Ed \u00e8 stato firmato l\u2019atto, davanti al notaio Fiorella Francescon. Nelle ultime settimane intanto era gi\u00e0 stato approvato da Provincia, Comuni e altri enti [&hellip;]\" \/>\n<meta property=\"og:url\" content=\"https:\/\/www.bellunopress.it\/fr\/2022\/12\/16\/il-consorzio-dmo-dolomiti-diventa-una-fondazione\/\" \/>\n<meta property=\"og:site_name\" content=\"Bellunopress - Dolomiti\" \/>\n<meta property=\"article:publisher\" content=\"https:\/\/www.facebook.com\/profile.php?id=100008943462799\" \/>\n<meta property=\"article:published_time\" content=\"2022-12-16T18:12:56+00:00\" \/>\n<meta property=\"og:image\" content=\"https:\/\/www.bellunopress.it\/wp-content\/uploads\/2022\/01\/assemblea-DMO-Dolomiti-31.01_edited.jpg\" \/>\n\t<meta property=\"og:image:width\" content=\"1000\" \/>\n\t<meta property=\"og:image:height\" content=\"563\" \/>\n\t<meta property=\"og:image:type\" content=\"image\/jpeg\" \/>\n<meta name=\"author\" content=\"redazione\" \/>\n<meta name=\"twitter:card\" content=\"summary_large_image\" \/>\n<meta name=\"twitter:creator\" content=\"@bellunopress\" \/>\n<meta name=\"twitter:site\" content=\"@bellunopress\" \/>\n<meta name=\"twitter:label1\" content=\"Written by\" \/>\n\t<meta name=\"twitter:data1\" content=\"redazione\" \/>\n\t<meta name=\"twitter:label2\" content=\"Est. reading time\" \/>\n\t<meta name=\"twitter:data2\" content=\"4 minutes\" \/>\n<script type=\"application\/ld+json\" class=\"yoast-schema-graph\">{\"@context\":\"https:\\\/\\\/schema.org\",\"@graph\":[{\"@type\":\"Article\",\"@id\":\"https:\\\/\\\/www.bellunopress.it\\\/2022\\\/12\\\/16\\\/il-consorzio-dmo-dolomiti-diventa-una-fondazione\\\/#article\",\"isPartOf\":{\"@id\":\"https:\\\/\\\/www.bellunopress.it\\\/2022\\\/12\\\/16\\\/il-consorzio-dmo-dolomiti-diventa-una-fondazione\\\/\"},\"author\":{\"name\":\"redazione\",\"@id\":\"https:\\\/\\\/www.bellunopress.it\\\/#\\\/schema\\\/person\\\/79bb06722b37ece1c03d3e94beb30d73\"},\"headline\":\"Il Consorzio DMO Dolomiti diventa una Fondazione\",\"datePublished\":\"2022-12-16T18:12:56+00:00\",\"mainEntityOfPage\":{\"@id\":\"https:\\\/\\\/www.bellunopress.it\\\/2022\\\/12\\\/16\\\/il-consorzio-dmo-dolomiti-diventa-una-fondazione\\\/\"},\"wordCount\":614,\"publisher\":{\"@id\":\"https:\\\/\\\/www.bellunopress.it\\\/#organization\"},\"image\":{\"@id\":\"https:\\\/\\\/www.bellunopress.it\\\/2022\\\/12\\\/16\\\/il-consorzio-dmo-dolomiti-diventa-una-fondazione\\\/#primaryimage\"},\"thumbnailUrl\":\"https:\\\/\\\/www.bellunopress.it\\\/wp-content\\\/uploads\\\/2022\\\/01\\\/assemblea-DMO-Dolomiti-31.01_edited.jpg\",\"articleSection\":[\"Lavoro, Economia, Turismo\",\"Prima Pagina\",\"Societ\u00e0, Associazioni, Istituzioni\"],\"inLanguage\":\"fr-FR\"},{\"@type\":\"WebPage\",\"@id\":\"https:\\\/\\\/www.bellunopress.it\\\/2022\\\/12\\\/16\\\/il-consorzio-dmo-dolomiti-diventa-una-fondazione\\\/\",\"url\":\"https:\\\/\\\/www.bellunopress.it\\\/2022\\\/12\\\/16\\\/il-consorzio-dmo-dolomiti-diventa-una-fondazione\\\/\",\"name\":\"Il Consorzio DMO Dolomiti diventa una Fondazione - Bellunopress - Dolomiti\",\"isPartOf\":{\"@id\":\"https:\\\/\\\/www.bellunopress.it\\\/#website\"},\"primaryImageOfPage\":{\"@id\":\"https:\\\/\\\/www.bellunopress.it\\\/2022\\\/12\\\/16\\\/il-consorzio-dmo-dolomiti-diventa-una-fondazione\\\/#primaryimage\"},\"image\":{\"@id\":\"https:\\\/\\\/www.bellunopress.it\\\/2022\\\/12\\\/16\\\/il-consorzio-dmo-dolomiti-diventa-una-fondazione\\\/#primaryimage\"},\"thumbnailUrl\":\"https:\\\/\\\/www.bellunopress.it\\\/wp-content\\\/uploads\\\/2022\\\/01\\\/assemblea-DMO-Dolomiti-31.01_edited.jpg\",\"datePublished\":\"2022-12-16T18:12:56+00:00\",\"breadcrumb\":{\"@id\":\"https:\\\/\\\/www.bellunopress.it\\\/2022\\\/12\\\/16\\\/il-consorzio-dmo-dolomiti-diventa-una-fondazione\\\/#breadcrumb\"},\"inLanguage\":\"fr-FR\",\"potentialAction\":[{\"@type\":\"ReadAction\",\"target\":[\"https:\\\/\\\/www.bellunopress.it\\\/2022\\\/12\\\/16\\\/il-consorzio-dmo-dolomiti-diventa-una-fondazione\\\/\"]}]},{\"@type\":\"ImageObject\",\"inLanguage\":\"fr-FR\",\"@id\":\"https:\\\/\\\/www.bellunopress.it\\\/2022\\\/12\\\/16\\\/il-consorzio-dmo-dolomiti-diventa-una-fondazione\\\/#primaryimage\",\"url\":\"https:\\\/\\\/www.bellunopress.it\\\/wp-content\\\/uploads\\\/2022\\\/01\\\/assemblea-DMO-Dolomiti-31.01_edited.jpg\",\"contentUrl\":\"https:\\\/\\\/www.bellunopress.it\\\/wp-content\\\/uploads\\\/2022\\\/01\\\/assemblea-DMO-Dolomiti-31.01_edited.jpg\",\"width\":1000,\"height\":563,\"caption\":\"Assemblea DMO Dolomiti (Foto di repertorio)\"},{\"@type\":\"BreadcrumbList\",\"@id\":\"https:\\\/\\\/www.bellunopress.it\\\/2022\\\/12\\\/16\\\/il-consorzio-dmo-dolomiti-diventa-una-fondazione\\\/#breadcrumb\",\"itemListElement\":[{\"@type\":\"ListItem\",\"position\":1,\"name\":\"Home\",\"item\":\"https:\\\/\\\/www.bellunopress.it\\\/\"},{\"@type\":\"ListItem\",\"position\":2,\"name\":\"Il Consorzio DMO Dolomiti diventa una Fondazione\"}]},{\"@type\":\"WebSite\",\"@id\":\"https:\\\/\\\/www.bellunopress.it\\\/#website\",\"url\":\"https:\\\/\\\/www.bellunopress.it\\\/\",\"name\":\"Bellunopress - Dolomiti\",\"description\":\"e-mail: redazione@bellunopress.it\",\"publisher\":{\"@id\":\"https:\\\/\\\/www.bellunopress.it\\\/#organization\"},\"potentialAction\":[{\"@type\":\"SearchAction\",\"target\":{\"@type\":\"EntryPoint\",\"urlTemplate\":\"https:\\\/\\\/www.bellunopress.it\\\/?s={search_term_string}\"},\"query-input\":{\"@type\":\"PropertyValueSpecification\",\"valueRequired\":true,\"valueName\":\"search_term_string\"}}],\"inLanguage\":\"fr-FR\"},{\"@type\":\"Organization\",\"@id\":\"https:\\\/\\\/www.bellunopress.it\\\/#organization\",\"name\":\"Bellunopress\",\"url\":\"https:\\\/\\\/www.bellunopress.it\\\/\",\"logo\":{\"@type\":\"ImageObject\",\"inLanguage\":\"fr-FR\",\"@id\":\"https:\\\/\\\/www.bellunopress.it\\\/#\\\/schema\\\/logo\\\/image\\\/\",\"url\":\"https:\\\/\\\/www.bellunopress.it\\\/wp-content\\\/uploads\\\/2011\\\/05\\\/cropped-logo-bellunopress-.jpg\",\"contentUrl\":\"https:\\\/\\\/www.bellunopress.it\\\/wp-content\\\/uploads\\\/2011\\\/05\\\/cropped-logo-bellunopress-.jpg\",\"width\":512,\"height\":512,\"caption\":\"Bellunopress\"},\"image\":{\"@id\":\"https:\\\/\\\/www.bellunopress.it\\\/#\\\/schema\\\/logo\\\/image\\\/\"},\"sameAs\":[\"https:\\\/\\\/www.facebook.com\\\/profile.php?id=100008943462799\",\"https:\\\/\\\/x.com\\\/bellunopress\",\"https:\\\/\\\/www.linkedin.com\\\/hp\\\/?dnr=JBzUWaJfMUw8vbXJJ2tVW5-I3jZKvC4wsoxE&amp;amp;amp;amp;amp;amp;trk=nav_responsive_tab_home\",\"https:\\\/\\\/www.youtube.com\\\/channel\\\/UCxL0wu1uN0_3_7hGG0306cw\"]},{\"@type\":\"Person\",\"@id\":\"https:\\\/\\\/www.bellunopress.it\\\/#\\\/schema\\\/person\\\/79bb06722b37ece1c03d3e94beb30d73\",\"name\":\"redazione\",\"image\":{\"@type\":\"ImageObject\",\"inLanguage\":\"fr-FR\",\"@id\":\"https:\\\/\\\/secure.gravatar.com\\\/avatar\\\/37d968a2e67a6fd04c169c4bdef102d0bc5d31b2546345219e348575eb80e9a0?s=96&d=mm&r=g\",\"url\":\"https:\\\/\\\/secure.gravatar.com\\\/avatar\\\/37d968a2e67a6fd04c169c4bdef102d0bc5d31b2546345219e348575eb80e9a0?s=96&d=mm&r=g\",\"contentUrl\":\"https:\\\/\\\/secure.gravatar.com\\\/avatar\\\/37d968a2e67a6fd04c169c4bdef102d0bc5d31b2546345219e348575eb80e9a0?s=96&d=mm&r=g\",\"caption\":\"redazione\"},\"sameAs\":[\"http:\\\/\\\/www.bellunopress.it\",\"https:\\\/\\\/x.com\\\/bellunopress\"],\"url\":\"https:\\\/\\\/www.bellunopress.it\\\/fr\\\/author\\\/redazione\\\/\"}]}<\/script>\n<!-- \/ Yoast SEO plugin. -->","yoast_head_json":{"title":"Il Consorzio DMO Dolomiti diventa una Fondazione - Bellunopress - Dolomiti","robots":{"index":"index","follow":"follow","max-snippet":"max-snippet:-1","max-image-preview":"max-image-preview:large","max-video-preview":"max-video-preview:-1"},"canonical":"https:\/\/www.bellunopress.it\/fr\/2022\/12\/16\/il-consorzio-dmo-dolomiti-diventa-una-fondazione\/","og_locale":"fr_FR","og_type":"article","og_title":"Il Consorzio DMO Dolomiti diventa una Fondazione - Bellunopress - Dolomiti","og_description":"Belluno, 16 dicembre 2022 La DMO Dolomiti \u00e8 diventata una Fondazione pubblica. Oggi l\u2019assemblea dei soci ha deliberato all\u2019unanimit\u00e0 la trasformazione del Consorzio attuale (misto pubblico &#8211; privato) in Fondazione pubblica. Ed \u00e8 stato firmato l\u2019atto, davanti al notaio Fiorella Francescon. Nelle ultime settimane intanto era gi\u00e0 stato approvato da Provincia, Comuni e altri enti [&hellip;]","og_url":"https:\/\/www.bellunopress.it\/fr\/2022\/12\/16\/il-consorzio-dmo-dolomiti-diventa-una-fondazione\/","og_site_name":"Bellunopress - Dolomiti","article_publisher":"https:\/\/www.facebook.com\/profile.php?id=100008943462799","article_published_time":"2022-12-16T18:12:56+00:00","og_image":[{"width":1000,"height":563,"url":"https:\/\/www.bellunopress.it\/wp-content\/uploads\/2022\/01\/assemblea-DMO-Dolomiti-31.01_edited.jpg","type":"image\/jpeg"}],"author":"redazione","twitter_card":"summary_large_image","twitter_creator":"@bellunopress","twitter_site":"@bellunopress","twitter_misc":{"Written by":"redazione","Est. reading time":"4 minutes"},"schema":{"@context":"https:\/\/schema.org","@graph":[{"@type":"Article","@id":"https:\/\/www.bellunopress.it\/2022\/12\/16\/il-consorzio-dmo-dolomiti-diventa-una-fondazione\/#article","isPartOf":{"@id":"https:\/\/www.bellunopress.it\/2022\/12\/16\/il-consorzio-dmo-dolomiti-diventa-una-fondazione\/"},"author":{"name":"redazione","@id":"https:\/\/www.bellunopress.it\/#\/schema\/person\/79bb06722b37ece1c03d3e94beb30d73"},"headline":"Il Consorzio DMO Dolomiti diventa una Fondazione","datePublished":"2022-12-16T18:12:56+00:00","mainEntityOfPage":{"@id":"https:\/\/www.bellunopress.it\/2022\/12\/16\/il-consorzio-dmo-dolomiti-diventa-una-fondazione\/"},"wordCount":614,"publisher":{"@id":"https:\/\/www.bellunopress.it\/#organization"},"image":{"@id":"https:\/\/www.bellunopress.it\/2022\/12\/16\/il-consorzio-dmo-dolomiti-diventa-una-fondazione\/#primaryimage"},"thumbnailUrl":"https:\/\/www.bellunopress.it\/wp-content\/uploads\/2022\/01\/assemblea-DMO-Dolomiti-31.01_edited.jpg","articleSection":["Lavoro, Economia, Turismo","Prima Pagina","Societ\u00e0, Associazioni, Istituzioni"],"inLanguage":"fr-FR"},{"@type":"WebPage","@id":"https:\/\/www.bellunopress.it\/2022\/12\/16\/il-consorzio-dmo-dolomiti-diventa-una-fondazione\/","url":"https:\/\/www.bellunopress.it\/2022\/12\/16\/il-consorzio-dmo-dolomiti-diventa-una-fondazione\/","name":"Il Consorzio DMO Dolomiti diventa una Fondazione - Bellunopress - Dolomiti","isPartOf":{"@id":"https:\/\/www.bellunopress.it\/#website"},"primaryImageOfPage":{"@id":"https:\/\/www.bellunopress.it\/2022\/12\/16\/il-consorzio-dmo-dolomiti-diventa-una-fondazione\/#primaryimage"},"image":{"@id":"https:\/\/www.bellunopress.it\/2022\/12\/16\/il-consorzio-dmo-dolomiti-diventa-una-fondazione\/#primaryimage"},"thumbnailUrl":"https:\/\/www.bellunopress.it\/wp-content\/uploads\/2022\/01\/assemblea-DMO-Dolomiti-31.01_edited.jpg","datePublished":"2022-12-16T18:12:56+00:00","breadcrumb":{"@id":"https:\/\/www.bellunopress.it\/2022\/12\/16\/il-consorzio-dmo-dolomiti-diventa-una-fondazione\/#breadcrumb"},"inLanguage":"fr-FR","potentialAction":[{"@type":"ReadAction","target":["https:\/\/www.bellunopress.it\/2022\/12\/16\/il-consorzio-dmo-dolomiti-diventa-una-fondazione\/"]}]},{"@type":"ImageObject","inLanguage":"fr-FR","@id":"https:\/\/www.bellunopress.it\/2022\/12\/16\/il-consorzio-dmo-dolomiti-diventa-una-fondazione\/#primaryimage","url":"https:\/\/www.bellunopress.it\/wp-content\/uploads\/2022\/01\/assemblea-DMO-Dolomiti-31.01_edited.jpg","contentUrl":"https:\/\/www.bellunopress.it\/wp-content\/uploads\/2022\/01\/assemblea-DMO-Dolomiti-31.01_edited.jpg","width":1000,"height":563,"caption":"Assemblea DMO Dolomiti (Foto di repertorio)"},{"@type":"BreadcrumbList","@id":"https:\/\/www.bellunopress.it\/2022\/12\/16\/il-consorzio-dmo-dolomiti-diventa-una-fondazione\/#breadcrumb","itemListElement":[{"@type":"ListItem","position":1,"name":"Home","item":"https:\/\/www.bellunopress.it\/"},{"@type":"ListItem","position":2,"name":"Il Consorzio DMO Dolomiti diventa una Fondazione"}]},{"@type":"WebSite","@id":"https:\/\/www.bellunopress.it\/#website","url":"https:\/\/www.bellunopress.it\/","name":"Bellunopress - Dolomiti","description":"e-mail: redazione@bellunopress.it","publisher":{"@id":"https:\/\/www.bellunopress.it\/#organization"},"potentialAction":[{"@type":"SearchAction","target":{"@type":"EntryPoint","urlTemplate":"https:\/\/www.bellunopress.it\/?s={search_term_string}"},"query-input":{"@type":"PropertyValueSpecification","valueRequired":true,"valueName":"search_term_string"}}],"inLanguage":"fr-FR"},{"@type":"Organization","@id":"https:\/\/www.bellunopress.it\/#organization","name":"Bellunopress","url":"https:\/\/www.bellunopress.it\/","logo":{"@type":"ImageObject","inLanguage":"fr-FR","@id":"https:\/\/www.bellunopress.it\/#\/schema\/logo\/image\/","url":"https:\/\/www.bellunopress.it\/wp-content\/uploads\/2011\/05\/cropped-logo-bellunopress-.jpg","contentUrl":"https:\/\/www.bellunopress.it\/wp-content\/uploads\/2011\/05\/cropped-logo-bellunopress-.jpg","width":512,"height":512,"caption":"Bellunopress"},"image":{"@id":"https:\/\/www.bellunopress.it\/#\/schema\/logo\/image\/"},"sameAs":["https:\/\/www.facebook.com\/profile.php?id=100008943462799","https:\/\/x.com\/bellunopress","https:\/\/www.linkedin.com\/hp\/?dnr=JBzUWaJfMUw8vbXJJ2tVW5-I3jZKvC4wsoxE&amp;amp;amp;amp;amp;amp;trk=nav_responsive_tab_home","https:\/\/www.youtube.com\/channel\/UCxL0wu1uN0_3_7hGG0306cw"]},{"@type":"Person","@id":"https:\/\/www.bellunopress.it\/#\/schema\/person\/79bb06722b37ece1c03d3e94beb30d73","name":"r\u00e9daction","image":{"@type":"ImageObject","inLanguage":"fr-FR","@id":"https:\/\/secure.gravatar.com\/avatar\/37d968a2e67a6fd04c169c4bdef102d0bc5d31b2546345219e348575eb80e9a0?s=96&d=mm&r=g","url":"https:\/\/secure.gravatar.com\/avatar\/37d968a2e67a6fd04c169c4bdef102d0bc5d31b2546345219e348575eb80e9a0?s=96&d=mm&r=g","contentUrl":"https:\/\/secure.gravatar.com\/avatar\/37d968a2e67a6fd04c169c4bdef102d0bc5d31b2546345219e348575eb80e9a0?s=96&d=mm&r=g","caption":"redazione"},"sameAs":["http:\/\/www.bellunopress.it","https:\/\/x.com\/bellunopress"],"url":"https:\/\/www.bellunopress.it\/fr\/author\/redazione\/"}]}},"_links":{"self":[{"href":"https:\/\/www.bellunopress.it\/fr\/wp-json\/wp\/v2\/posts\/138441","targetHints":{"allow":["GET"]}}],"collection":[{"href":"https:\/\/www.bellunopress.it\/fr\/wp-json\/wp\/v2\/posts"}],"about":[{"href":"https:\/\/www.bellunopress.it\/fr\/wp-json\/wp\/v2\/types\/post"}],"author":[{"embeddable":true,"href":"https:\/\/www.bellunopress.it\/fr\/wp-json\/wp\/v2\/users\/2"}],"replies":[{"embeddable":true,"href":"https:\/\/www.bellunopress.it\/fr\/wp-json\/wp\/v2\/comments?post=138441"}],"version-history":[{"count":1,"href":"https:\/\/www.bellunopress.it\/fr\/wp-json\/wp\/v2\/posts\/138441\/revisions"}],"predecessor-version":[{"id":138442,"href":"https:\/\/www.bellunopress.it\/fr\/wp-json\/wp\/v2\/posts\/138441\/revisions\/138442"}],"wp:featuredmedia":[{"embeddable":true,"href":"https:\/\/www.bellunopress.it\/fr\/wp-json\/wp\/v2\/media\/131040"}],"wp:attachment":[{"href":"https:\/\/www.bellunopress.it\/fr\/wp-json\/wp\/v2\/media?parent=138441"}],"wp:term":[{"taxonomy":"category","embeddable":true,"href":"https:\/\/www.bellunopress.it\/fr\/wp-json\/wp\/v2\/categories?post=138441"},{"taxonomy":"post_tag","embeddable":true,"href":"https:\/\/www.bellunopress.it\/fr\/wp-json\/wp\/v2\/tags?post=138441"}],"curies":[{"name":"wp","href":"https:\/\/api.w.org\/{rel}","templated":true}]}}