{"id":138424,"date":"2022-12-16T13:12:13","date_gmt":"2022-12-16T12:12:13","guid":{"rendered":"https:\/\/www.bellunopress.it\/?p=138424"},"modified":"2022-12-16T14:21:04","modified_gmt":"2022-12-16T13:21:04","slug":"a-cristina-e-valerio-bonan-il-music-ambassador-award-2022-sabato-allunisono-di-feltre-la-premiazione","status":"publish","type":"post","link":"https:\/\/www.bellunopress.it\/fr\/2022\/12\/16\/a-cristina-e-valerio-bonan-il-music-ambassador-award-2022-sabato-allunisono-di-feltre-la-premiazione\/","title":{"rendered":"A Cristina e Valerio Bonan il Music Ambassador Award 2022.  Sabato all&#8217;Unisono di Feltre la premiazione"},"content":{"rendered":"<figure id=\"attachment_138425\" aria-describedby=\"caption-attachment-138425\" style=\"width: 960px\" class=\"wp-caption alignleft\"><img loading=\"lazy\" decoding=\"async\" class=\"size-full wp-image-138425\" src=\"https:\/\/www.bellunopress.it\/wp-content\/uploads\/2022\/12\/Cristina-e-Valerio-Bonan_edited.jpg\" alt=\"\" width=\"960\" height=\"547\" srcset=\"https:\/\/www.bellunopress.it\/wp-content\/uploads\/2022\/12\/Cristina-e-Valerio-Bonan_edited.jpg 960w, https:\/\/www.bellunopress.it\/wp-content\/uploads\/2022\/12\/Cristina-e-Valerio-Bonan_edited-500x285.jpg 500w, https:\/\/www.bellunopress.it\/wp-content\/uploads\/2022\/12\/Cristina-e-Valerio-Bonan_edited-696x397.jpg 696w, https:\/\/www.bellunopress.it\/wp-content\/uploads\/2022\/12\/Cristina-e-Valerio-Bonan_edited-737x420.jpg 737w\" sizes=\"auto, (max-width: 960px) 100vw, 960px\" \/><figcaption id=\"caption-attachment-138425\" class=\"wp-caption-text\">Cristina e Valerio Bonan<\/figcaption><\/figure>\n<p>Torna Music Ambassador Award. Dopo un&#8217;assenza di due anni il prestigioso premio assegnato dal Centro di Musica Unisono ai giovani allievi pi\u00f9 meritevoli e intenzionati a intraprendere un percorso professionale in ambito musicale, riprende e sar\u00e0 assegnato ufficialmente sabato 17 dicembre alle 17.00 nel corso di una breve cerimonia che comprender\u00e0 anche un&#8217;esibizione dal vivo dei due giovani musicisti premiati: Cristina e Valerio Bonan.<\/p>\n<p>I due giovani fratelli musicisti, rispettivamente voce e pianoforte Cristina, chitarra e voce Valerio, si sono formati musicalmente presso il Centro di Musica Unisono e in seguito hanno proseguito i loro studi con affermati docenti a livello nazionale vincendo vari premi a concorsi ed eventi.<br \/>\n&#8220;La loro intenzione \u00e8 quella di intraprendere un percorso di formazione professionale \u2013 spiega il direttore artistico e titolare di Unisono, Nicol\u00f2 Ferrari Bravo \u2013 perch\u00e9 vogliono fare i musicisti di professione. Per l&#8217;impegno dimostrato negli anni, per l&#8217;indiscusso talento e per sostenere il loro sogno, quest&#8217;anno il Centro di Musica Unisono ha ritenuto di assegnare il riconoscimento a loro&#8221;.<\/p>\n<p>Il premio \u00e8 ambito, permette infatti ai vincitori di registrare un paio di brani nello studio di registrazione del Centro di Musica Unisono con una sezione ritmica d&#8217;eccezione, una delle migliori in Italia: Davide Pezzin al basso elettrico (bassista di Ligabue e Cristiano De Andr\u00e8) e Maxx Furian alla batteria (gi\u00e0 batterista per Laura Pausini, Max Pezzali, Battiato etc,&#8230;). I due artisti oltre all&#8217;esecuzione cureranno anche gli arrangiamenti. &#8220;In questo modo diamo ai ragazzi la possibilit\u00e0 di avere una registrazione in alta qualit\u00e0, che potr\u00e0 essere preziosa per la loro carriera \u2013 spiega Ferrari Bravo -. La registrazione avverr\u00e0 nel mese di agosto&#8221;.<\/p>\n<p>In passato, il Premio \u00e8 stato assegnato a:<\/p>\n<p>2017 Stefano Doglioni ( clarinetto basso ) che vive e suona a New York<br \/>\n2018 Carlo Cappello (chitarra) che vive e suona a Parigi<br \/>\n2019 Fiammetta Nena (voce) che vive e canta a Londra<br \/>\n2020 Leonardo Dalla Cort (pianoforte) che vive e studia a Ferrara<\/p>\n<p>Il Premio verr\u00e0 assegnato ufficialmente sabato 17 dicembre 2022 alle ore 17.00 a Palazzo Guarnieri sede del Centro di Musica Unisono e di Unisono Jazz Caf\u00e8. La breve cerimonia comprender\u00e0 un&#8217;esibizione dal vivo dei due giovani musicisti premiati. La cittadinanza \u00e8 invitata.<\/p>","protected":false},"excerpt":{"rendered":"<p>Torna Music Ambassador Award. Dopo un&#8217;assenza di due anni il prestigioso premio assegnato dal Centro di Musica Unisono ai giovani allievi pi\u00f9 meritevoli e intenzionati a intraprendere un percorso professionale in ambito musicale, riprende e sar\u00e0 assegnato ufficialmente sabato 17 dicembre alle 17.00 nel corso di una breve cerimonia che comprender\u00e0 anche un&#8217;esibizione dal vivo [&hellip;]<\/p>\n","protected":false},"author":2,"featured_media":138425,"comment_status":"closed","ping_status":"open","sticky":false,"template":"","format":"standard","meta":{"footnotes":""},"categories":[3,25],"tags":[],"class_list":["post-138424","post","type-post","status-publish","format-standard","has-post-thumbnail","category-arte-cultura-spettacoli-scienza-archivi","category-pausa-caffe"],"yoast_head":"<!-- This site is optimized with the Yoast SEO plugin v28.4 - https:\/\/yoast.com\/product\/yoast-seo-wordpress\/ -->\n<title>A Cristina e Valerio Bonan il Music Ambassador Award 2022. Sabato all&#039;Unisono di Feltre la premiazione - Bellunopress - Dolomiti<\/title>\n<meta name=\"robots\" content=\"index, follow, max-snippet:-1, max-image-preview:large, max-video-preview:-1\" \/>\n<link rel=\"canonical\" href=\"https:\/\/www.bellunopress.it\/fr\/2022\/12\/16\/a-cristina-e-valerio-bonan-il-music-ambassador-award-2022-sabato-allunisono-di-feltre-la-premiazione\/\" \/>\n<meta property=\"og:locale\" content=\"fr_FR\" \/>\n<meta property=\"og:type\" content=\"article\" \/>\n<meta property=\"og:title\" content=\"A Cristina e Valerio Bonan il Music Ambassador Award 2022. Sabato all&#039;Unisono di Feltre la premiazione - Bellunopress - Dolomiti\" \/>\n<meta property=\"og:description\" content=\"Torna Music Ambassador Award. Dopo un&#8217;assenza di due anni il prestigioso premio assegnato dal Centro di Musica Unisono ai giovani allievi pi\u00f9 meritevoli e intenzionati a intraprendere un percorso professionale in ambito musicale, riprende e sar\u00e0 assegnato ufficialmente sabato 17 dicembre alle 17.00 nel corso di una breve cerimonia che comprender\u00e0 anche un&#8217;esibizione dal vivo [&hellip;]\" \/>\n<meta property=\"og:url\" content=\"https:\/\/www.bellunopress.it\/fr\/2022\/12\/16\/a-cristina-e-valerio-bonan-il-music-ambassador-award-2022-sabato-allunisono-di-feltre-la-premiazione\/\" \/>\n<meta property=\"og:site_name\" content=\"Bellunopress - Dolomiti\" \/>\n<meta property=\"article:publisher\" content=\"https:\/\/www.facebook.com\/profile.php?id=100008943462799\" \/>\n<meta property=\"article:published_time\" content=\"2022-12-16T12:12:13+00:00\" \/>\n<meta property=\"article:modified_time\" content=\"2022-12-16T13:21:04+00:00\" \/>\n<meta property=\"og:image\" content=\"https:\/\/www.bellunopress.it\/wp-content\/uploads\/2022\/12\/Cristina-e-Valerio-Bonan_edited.jpg\" \/>\n\t<meta property=\"og:image:width\" content=\"960\" \/>\n\t<meta property=\"og:image:height\" content=\"547\" \/>\n\t<meta property=\"og:image:type\" content=\"image\/jpeg\" \/>\n<meta name=\"author\" content=\"redazione\" \/>\n<meta name=\"twitter:card\" content=\"summary_large_image\" \/>\n<meta name=\"twitter:creator\" content=\"@bellunopress\" \/>\n<meta name=\"twitter:site\" content=\"@bellunopress\" \/>\n<meta name=\"twitter:label1\" content=\"Written by\" \/>\n\t<meta name=\"twitter:data1\" content=\"redazione\" \/>\n\t<meta name=\"twitter:label2\" content=\"Est. reading time\" \/>\n\t<meta name=\"twitter:data2\" content=\"3 minutes\" \/>\n<script type=\"application\/ld+json\" class=\"yoast-schema-graph\">{\"@context\":\"https:\\\/\\\/schema.org\",\"@graph\":[{\"@type\":\"Article\",\"@id\":\"https:\\\/\\\/www.bellunopress.it\\\/2022\\\/12\\\/16\\\/a-cristina-e-valerio-bonan-il-music-ambassador-award-2022-sabato-allunisono-di-feltre-la-premiazione\\\/#article\",\"isPartOf\":{\"@id\":\"https:\\\/\\\/www.bellunopress.it\\\/2022\\\/12\\\/16\\\/a-cristina-e-valerio-bonan-il-music-ambassador-award-2022-sabato-allunisono-di-feltre-la-premiazione\\\/\"},\"author\":{\"name\":\"redazione\",\"@id\":\"https:\\\/\\\/www.bellunopress.it\\\/#\\\/schema\\\/person\\\/79bb06722b37ece1c03d3e94beb30d73\"},\"headline\":\"A Cristina e Valerio Bonan il Music Ambassador Award 2022. Sabato all&#8217;Unisono di Feltre la premiazione\",\"datePublished\":\"2022-12-16T12:12:13+00:00\",\"dateModified\":\"2022-12-16T13:21:04+00:00\",\"mainEntityOfPage\":{\"@id\":\"https:\\\/\\\/www.bellunopress.it\\\/2022\\\/12\\\/16\\\/a-cristina-e-valerio-bonan-il-music-ambassador-award-2022-sabato-allunisono-di-feltre-la-premiazione\\\/\"},\"wordCount\":384,\"publisher\":{\"@id\":\"https:\\\/\\\/www.bellunopress.it\\\/#organization\"},\"image\":{\"@id\":\"https:\\\/\\\/www.bellunopress.it\\\/2022\\\/12\\\/16\\\/a-cristina-e-valerio-bonan-il-music-ambassador-award-2022-sabato-allunisono-di-feltre-la-premiazione\\\/#primaryimage\"},\"thumbnailUrl\":\"https:\\\/\\\/www.bellunopress.it\\\/wp-content\\\/uploads\\\/2022\\\/12\\\/Cristina-e-Valerio-Bonan_edited.jpg\",\"articleSection\":[\"Arte, Cultura, Spettacoli, Scienza\",\"Pausa Caff\u00e8\"],\"inLanguage\":\"fr-FR\"},{\"@type\":\"WebPage\",\"@id\":\"https:\\\/\\\/www.bellunopress.it\\\/2022\\\/12\\\/16\\\/a-cristina-e-valerio-bonan-il-music-ambassador-award-2022-sabato-allunisono-di-feltre-la-premiazione\\\/\",\"url\":\"https:\\\/\\\/www.bellunopress.it\\\/2022\\\/12\\\/16\\\/a-cristina-e-valerio-bonan-il-music-ambassador-award-2022-sabato-allunisono-di-feltre-la-premiazione\\\/\",\"name\":\"A Cristina e Valerio Bonan il Music Ambassador Award 2022. Sabato all'Unisono di Feltre la premiazione - Bellunopress - Dolomiti\",\"isPartOf\":{\"@id\":\"https:\\\/\\\/www.bellunopress.it\\\/#website\"},\"primaryImageOfPage\":{\"@id\":\"https:\\\/\\\/www.bellunopress.it\\\/2022\\\/12\\\/16\\\/a-cristina-e-valerio-bonan-il-music-ambassador-award-2022-sabato-allunisono-di-feltre-la-premiazione\\\/#primaryimage\"},\"image\":{\"@id\":\"https:\\\/\\\/www.bellunopress.it\\\/2022\\\/12\\\/16\\\/a-cristina-e-valerio-bonan-il-music-ambassador-award-2022-sabato-allunisono-di-feltre-la-premiazione\\\/#primaryimage\"},\"thumbnailUrl\":\"https:\\\/\\\/www.bellunopress.it\\\/wp-content\\\/uploads\\\/2022\\\/12\\\/Cristina-e-Valerio-Bonan_edited.jpg\",\"datePublished\":\"2022-12-16T12:12:13+00:00\",\"dateModified\":\"2022-12-16T13:21:04+00:00\",\"breadcrumb\":{\"@id\":\"https:\\\/\\\/www.bellunopress.it\\\/2022\\\/12\\\/16\\\/a-cristina-e-valerio-bonan-il-music-ambassador-award-2022-sabato-allunisono-di-feltre-la-premiazione\\\/#breadcrumb\"},\"inLanguage\":\"fr-FR\",\"potentialAction\":[{\"@type\":\"ReadAction\",\"target\":[\"https:\\\/\\\/www.bellunopress.it\\\/2022\\\/12\\\/16\\\/a-cristina-e-valerio-bonan-il-music-ambassador-award-2022-sabato-allunisono-di-feltre-la-premiazione\\\/\"]}]},{\"@type\":\"ImageObject\",\"inLanguage\":\"fr-FR\",\"@id\":\"https:\\\/\\\/www.bellunopress.it\\\/2022\\\/12\\\/16\\\/a-cristina-e-valerio-bonan-il-music-ambassador-award-2022-sabato-allunisono-di-feltre-la-premiazione\\\/#primaryimage\",\"url\":\"https:\\\/\\\/www.bellunopress.it\\\/wp-content\\\/uploads\\\/2022\\\/12\\\/Cristina-e-Valerio-Bonan_edited.jpg\",\"contentUrl\":\"https:\\\/\\\/www.bellunopress.it\\\/wp-content\\\/uploads\\\/2022\\\/12\\\/Cristina-e-Valerio-Bonan_edited.jpg\",\"width\":960,\"height\":547,\"caption\":\"Cristina e Valerio Bonan\"},{\"@type\":\"BreadcrumbList\",\"@id\":\"https:\\\/\\\/www.bellunopress.it\\\/2022\\\/12\\\/16\\\/a-cristina-e-valerio-bonan-il-music-ambassador-award-2022-sabato-allunisono-di-feltre-la-premiazione\\\/#breadcrumb\",\"itemListElement\":[{\"@type\":\"ListItem\",\"position\":1,\"name\":\"Home\",\"item\":\"https:\\\/\\\/www.bellunopress.it\\\/\"},{\"@type\":\"ListItem\",\"position\":2,\"name\":\"A Cristina e Valerio Bonan il Music Ambassador Award 2022. Sabato all&#8217;Unisono di Feltre la premiazione\"}]},{\"@type\":\"WebSite\",\"@id\":\"https:\\\/\\\/www.bellunopress.it\\\/#website\",\"url\":\"https:\\\/\\\/www.bellunopress.it\\\/\",\"name\":\"Bellunopress - Dolomiti\",\"description\":\"e-mail: redazione@bellunopress.it\",\"publisher\":{\"@id\":\"https:\\\/\\\/www.bellunopress.it\\\/#organization\"},\"potentialAction\":[{\"@type\":\"SearchAction\",\"target\":{\"@type\":\"EntryPoint\",\"urlTemplate\":\"https:\\\/\\\/www.bellunopress.it\\\/?s={search_term_string}\"},\"query-input\":{\"@type\":\"PropertyValueSpecification\",\"valueRequired\":true,\"valueName\":\"search_term_string\"}}],\"inLanguage\":\"fr-FR\"},{\"@type\":\"Organization\",\"@id\":\"https:\\\/\\\/www.bellunopress.it\\\/#organization\",\"name\":\"Bellunopress\",\"url\":\"https:\\\/\\\/www.bellunopress.it\\\/\",\"logo\":{\"@type\":\"ImageObject\",\"inLanguage\":\"fr-FR\",\"@id\":\"https:\\\/\\\/www.bellunopress.it\\\/#\\\/schema\\\/logo\\\/image\\\/\",\"url\":\"https:\\\/\\\/www.bellunopress.it\\\/wp-content\\\/uploads\\\/2011\\\/05\\\/cropped-logo-bellunopress-.jpg\",\"contentUrl\":\"https:\\\/\\\/www.bellunopress.it\\\/wp-content\\\/uploads\\\/2011\\\/05\\\/cropped-logo-bellunopress-.jpg\",\"width\":512,\"height\":512,\"caption\":\"Bellunopress\"},\"image\":{\"@id\":\"https:\\\/\\\/www.bellunopress.it\\\/#\\\/schema\\\/logo\\\/image\\\/\"},\"sameAs\":[\"https:\\\/\\\/www.facebook.com\\\/profile.php?id=100008943462799\",\"https:\\\/\\\/x.com\\\/bellunopress\",\"https:\\\/\\\/www.linkedin.com\\\/hp\\\/?dnr=JBzUWaJfMUw8vbXJJ2tVW5-I3jZKvC4wsoxE&amp;amp;amp;amp;amp;amp;trk=nav_responsive_tab_home\",\"https:\\\/\\\/www.youtube.com\\\/channel\\\/UCxL0wu1uN0_3_7hGG0306cw\"]},{\"@type\":\"Person\",\"@id\":\"https:\\\/\\\/www.bellunopress.it\\\/#\\\/schema\\\/person\\\/79bb06722b37ece1c03d3e94beb30d73\",\"name\":\"redazione\",\"image\":{\"@type\":\"ImageObject\",\"inLanguage\":\"fr-FR\",\"@id\":\"https:\\\/\\\/secure.gravatar.com\\\/avatar\\\/37d968a2e67a6fd04c169c4bdef102d0bc5d31b2546345219e348575eb80e9a0?s=96&d=mm&r=g\",\"url\":\"https:\\\/\\\/secure.gravatar.com\\\/avatar\\\/37d968a2e67a6fd04c169c4bdef102d0bc5d31b2546345219e348575eb80e9a0?s=96&d=mm&r=g\",\"contentUrl\":\"https:\\\/\\\/secure.gravatar.com\\\/avatar\\\/37d968a2e67a6fd04c169c4bdef102d0bc5d31b2546345219e348575eb80e9a0?s=96&d=mm&r=g\",\"caption\":\"redazione\"},\"sameAs\":[\"http:\\\/\\\/www.bellunopress.it\",\"https:\\\/\\\/x.com\\\/bellunopress\"],\"url\":\"https:\\\/\\\/www.bellunopress.it\\\/fr\\\/author\\\/redazione\\\/\"}]}<\/script>\n<!-- \/ Yoast SEO plugin. -->","yoast_head_json":{"title":"A Cristina e Valerio Bonan il Music Ambassador Award 2022. Sabato all'Unisono di Feltre la premiazione - Bellunopress - Dolomiti","robots":{"index":"index","follow":"follow","max-snippet":"max-snippet:-1","max-image-preview":"max-image-preview:large","max-video-preview":"max-video-preview:-1"},"canonical":"https:\/\/www.bellunopress.it\/fr\/2022\/12\/16\/a-cristina-e-valerio-bonan-il-music-ambassador-award-2022-sabato-allunisono-di-feltre-la-premiazione\/","og_locale":"fr_FR","og_type":"article","og_title":"A Cristina e Valerio Bonan il Music Ambassador Award 2022. Sabato all'Unisono di Feltre la premiazione - Bellunopress - Dolomiti","og_description":"Torna Music Ambassador Award. Dopo un&#8217;assenza di due anni il prestigioso premio assegnato dal Centro di Musica Unisono ai giovani allievi pi\u00f9 meritevoli e intenzionati a intraprendere un percorso professionale in ambito musicale, riprende e sar\u00e0 assegnato ufficialmente sabato 17 dicembre alle 17.00 nel corso di una breve cerimonia che comprender\u00e0 anche un&#8217;esibizione dal vivo [&hellip;]","og_url":"https:\/\/www.bellunopress.it\/fr\/2022\/12\/16\/a-cristina-e-valerio-bonan-il-music-ambassador-award-2022-sabato-allunisono-di-feltre-la-premiazione\/","og_site_name":"Bellunopress - Dolomiti","article_publisher":"https:\/\/www.facebook.com\/profile.php?id=100008943462799","article_published_time":"2022-12-16T12:12:13+00:00","article_modified_time":"2022-12-16T13:21:04+00:00","og_image":[{"width":960,"height":547,"url":"https:\/\/www.bellunopress.it\/wp-content\/uploads\/2022\/12\/Cristina-e-Valerio-Bonan_edited.jpg","type":"image\/jpeg"}],"author":"redazione","twitter_card":"summary_large_image","twitter_creator":"@bellunopress","twitter_site":"@bellunopress","twitter_misc":{"Written by":"redazione","Est. reading time":"3 minutes"},"schema":{"@context":"https:\/\/schema.org","@graph":[{"@type":"Article","@id":"https:\/\/www.bellunopress.it\/2022\/12\/16\/a-cristina-e-valerio-bonan-il-music-ambassador-award-2022-sabato-allunisono-di-feltre-la-premiazione\/#article","isPartOf":{"@id":"https:\/\/www.bellunopress.it\/2022\/12\/16\/a-cristina-e-valerio-bonan-il-music-ambassador-award-2022-sabato-allunisono-di-feltre-la-premiazione\/"},"author":{"name":"redazione","@id":"https:\/\/www.bellunopress.it\/#\/schema\/person\/79bb06722b37ece1c03d3e94beb30d73"},"headline":"A Cristina e Valerio Bonan il Music Ambassador Award 2022. Sabato all&#8217;Unisono di Feltre la premiazione","datePublished":"2022-12-16T12:12:13+00:00","dateModified":"2022-12-16T13:21:04+00:00","mainEntityOfPage":{"@id":"https:\/\/www.bellunopress.it\/2022\/12\/16\/a-cristina-e-valerio-bonan-il-music-ambassador-award-2022-sabato-allunisono-di-feltre-la-premiazione\/"},"wordCount":384,"publisher":{"@id":"https:\/\/www.bellunopress.it\/#organization"},"image":{"@id":"https:\/\/www.bellunopress.it\/2022\/12\/16\/a-cristina-e-valerio-bonan-il-music-ambassador-award-2022-sabato-allunisono-di-feltre-la-premiazione\/#primaryimage"},"thumbnailUrl":"https:\/\/www.bellunopress.it\/wp-content\/uploads\/2022\/12\/Cristina-e-Valerio-Bonan_edited.jpg","articleSection":["Arte, Cultura, Spettacoli, Scienza","Pausa Caff\u00e8"],"inLanguage":"fr-FR"},{"@type":"WebPage","@id":"https:\/\/www.bellunopress.it\/2022\/12\/16\/a-cristina-e-valerio-bonan-il-music-ambassador-award-2022-sabato-allunisono-di-feltre-la-premiazione\/","url":"https:\/\/www.bellunopress.it\/2022\/12\/16\/a-cristina-e-valerio-bonan-il-music-ambassador-award-2022-sabato-allunisono-di-feltre-la-premiazione\/","name":"A Cristina e Valerio Bonan il Music Ambassador Award 2022. Sabato all'Unisono di Feltre la premiazione - Bellunopress - Dolomiti","isPartOf":{"@id":"https:\/\/www.bellunopress.it\/#website"},"primaryImageOfPage":{"@id":"https:\/\/www.bellunopress.it\/2022\/12\/16\/a-cristina-e-valerio-bonan-il-music-ambassador-award-2022-sabato-allunisono-di-feltre-la-premiazione\/#primaryimage"},"image":{"@id":"https:\/\/www.bellunopress.it\/2022\/12\/16\/a-cristina-e-valerio-bonan-il-music-ambassador-award-2022-sabato-allunisono-di-feltre-la-premiazione\/#primaryimage"},"thumbnailUrl":"https:\/\/www.bellunopress.it\/wp-content\/uploads\/2022\/12\/Cristina-e-Valerio-Bonan_edited.jpg","datePublished":"2022-12-16T12:12:13+00:00","dateModified":"2022-12-16T13:21:04+00:00","breadcrumb":{"@id":"https:\/\/www.bellunopress.it\/2022\/12\/16\/a-cristina-e-valerio-bonan-il-music-ambassador-award-2022-sabato-allunisono-di-feltre-la-premiazione\/#breadcrumb"},"inLanguage":"fr-FR","potentialAction":[{"@type":"ReadAction","target":["https:\/\/www.bellunopress.it\/2022\/12\/16\/a-cristina-e-valerio-bonan-il-music-ambassador-award-2022-sabato-allunisono-di-feltre-la-premiazione\/"]}]},{"@type":"ImageObject","inLanguage":"fr-FR","@id":"https:\/\/www.bellunopress.it\/2022\/12\/16\/a-cristina-e-valerio-bonan-il-music-ambassador-award-2022-sabato-allunisono-di-feltre-la-premiazione\/#primaryimage","url":"https:\/\/www.bellunopress.it\/wp-content\/uploads\/2022\/12\/Cristina-e-Valerio-Bonan_edited.jpg","contentUrl":"https:\/\/www.bellunopress.it\/wp-content\/uploads\/2022\/12\/Cristina-e-Valerio-Bonan_edited.jpg","width":960,"height":547,"caption":"Cristina e Valerio Bonan"},{"@type":"BreadcrumbList","@id":"https:\/\/www.bellunopress.it\/2022\/12\/16\/a-cristina-e-valerio-bonan-il-music-ambassador-award-2022-sabato-allunisono-di-feltre-la-premiazione\/#breadcrumb","itemListElement":[{"@type":"ListItem","position":1,"name":"Home","item":"https:\/\/www.bellunopress.it\/"},{"@type":"ListItem","position":2,"name":"A Cristina e Valerio Bonan il Music Ambassador Award 2022. Sabato all&#8217;Unisono di Feltre la premiazione"}]},{"@type":"WebSite","@id":"https:\/\/www.bellunopress.it\/#website","url":"https:\/\/www.bellunopress.it\/","name":"Bellunopress - Dolomiti","description":"e-mail: redazione@bellunopress.it","publisher":{"@id":"https:\/\/www.bellunopress.it\/#organization"},"potentialAction":[{"@type":"SearchAction","target":{"@type":"EntryPoint","urlTemplate":"https:\/\/www.bellunopress.it\/?s={search_term_string}"},"query-input":{"@type":"PropertyValueSpecification","valueRequired":true,"valueName":"search_term_string"}}],"inLanguage":"fr-FR"},{"@type":"Organization","@id":"https:\/\/www.bellunopress.it\/#organization","name":"Bellunopress","url":"https:\/\/www.bellunopress.it\/","logo":{"@type":"ImageObject","inLanguage":"fr-FR","@id":"https:\/\/www.bellunopress.it\/#\/schema\/logo\/image\/","url":"https:\/\/www.bellunopress.it\/wp-content\/uploads\/2011\/05\/cropped-logo-bellunopress-.jpg","contentUrl":"https:\/\/www.bellunopress.it\/wp-content\/uploads\/2011\/05\/cropped-logo-bellunopress-.jpg","width":512,"height":512,"caption":"Bellunopress"},"image":{"@id":"https:\/\/www.bellunopress.it\/#\/schema\/logo\/image\/"},"sameAs":["https:\/\/www.facebook.com\/profile.php?id=100008943462799","https:\/\/x.com\/bellunopress","https:\/\/www.linkedin.com\/hp\/?dnr=JBzUWaJfMUw8vbXJJ2tVW5-I3jZKvC4wsoxE&amp;amp;amp;amp;amp;amp;trk=nav_responsive_tab_home","https:\/\/www.youtube.com\/channel\/UCxL0wu1uN0_3_7hGG0306cw"]},{"@type":"Person","@id":"https:\/\/www.bellunopress.it\/#\/schema\/person\/79bb06722b37ece1c03d3e94beb30d73","name":"r\u00e9daction","image":{"@type":"ImageObject","inLanguage":"fr-FR","@id":"https:\/\/secure.gravatar.com\/avatar\/37d968a2e67a6fd04c169c4bdef102d0bc5d31b2546345219e348575eb80e9a0?s=96&d=mm&r=g","url":"https:\/\/secure.gravatar.com\/avatar\/37d968a2e67a6fd04c169c4bdef102d0bc5d31b2546345219e348575eb80e9a0?s=96&d=mm&r=g","contentUrl":"https:\/\/secure.gravatar.com\/avatar\/37d968a2e67a6fd04c169c4bdef102d0bc5d31b2546345219e348575eb80e9a0?s=96&d=mm&r=g","caption":"redazione"},"sameAs":["http:\/\/www.bellunopress.it","https:\/\/x.com\/bellunopress"],"url":"https:\/\/www.bellunopress.it\/fr\/author\/redazione\/"}]}},"_links":{"self":[{"href":"https:\/\/www.bellunopress.it\/fr\/wp-json\/wp\/v2\/posts\/138424","targetHints":{"allow":["GET"]}}],"collection":[{"href":"https:\/\/www.bellunopress.it\/fr\/wp-json\/wp\/v2\/posts"}],"about":[{"href":"https:\/\/www.bellunopress.it\/fr\/wp-json\/wp\/v2\/types\/post"}],"author":[{"embeddable":true,"href":"https:\/\/www.bellunopress.it\/fr\/wp-json\/wp\/v2\/users\/2"}],"replies":[{"embeddable":true,"href":"https:\/\/www.bellunopress.it\/fr\/wp-json\/wp\/v2\/comments?post=138424"}],"version-history":[{"count":1,"href":"https:\/\/www.bellunopress.it\/fr\/wp-json\/wp\/v2\/posts\/138424\/revisions"}],"predecessor-version":[{"id":138426,"href":"https:\/\/www.bellunopress.it\/fr\/wp-json\/wp\/v2\/posts\/138424\/revisions\/138426"}],"wp:featuredmedia":[{"embeddable":true,"href":"https:\/\/www.bellunopress.it\/fr\/wp-json\/wp\/v2\/media\/138425"}],"wp:attachment":[{"href":"https:\/\/www.bellunopress.it\/fr\/wp-json\/wp\/v2\/media?parent=138424"}],"wp:term":[{"taxonomy":"category","embeddable":true,"href":"https:\/\/www.bellunopress.it\/fr\/wp-json\/wp\/v2\/categories?post=138424"},{"taxonomy":"post_tag","embeddable":true,"href":"https:\/\/www.bellunopress.it\/fr\/wp-json\/wp\/v2\/tags?post=138424"}],"curies":[{"name":"wp","href":"https:\/\/api.w.org\/{rel}","templated":true}]}}