{"id":138421,"date":"2022-12-16T14:09:01","date_gmt":"2022-12-16T13:09:01","guid":{"rendered":"https:\/\/www.bellunopress.it\/?p=138421"},"modified":"2022-12-16T14:09:01","modified_gmt":"2022-12-16T13:09:01","slug":"il-volontariato-bellunese-sfida-il-futuro-assessore-dal-pont-il-terzo-settore-davanti-ad-un-cambiamento-cruciale","status":"publish","type":"post","link":"https:\/\/www.bellunopress.it\/fr\/2022\/12\/16\/il-volontariato-bellunese-sfida-il-futuro-assessore-dal-pont-il-terzo-settore-davanti-ad-un-cambiamento-cruciale\/","title":{"rendered":"Il volontariato bellunese sfida il futuro. Assessore Dal Pont: \u201cIl terzo settore davanti ad un cambiamento cruciale\u201d"},"content":{"rendered":"<figure id=\"attachment_138422\" aria-describedby=\"caption-attachment-138422\" style=\"width: 1000px\" class=\"wp-caption alignleft\"><img loading=\"lazy\" decoding=\"async\" class=\"size-full wp-image-138422\" src=\"https:\/\/www.bellunopress.it\/wp-content\/uploads\/2022\/12\/Marco-Dal-Pont-assessore-alle-Politiche-sociali-BL_edited.jpg\" alt=\"\" width=\"1000\" height=\"723\" srcset=\"https:\/\/www.bellunopress.it\/wp-content\/uploads\/2022\/12\/Marco-Dal-Pont-assessore-alle-Politiche-sociali-BL_edited.jpg 1000w, https:\/\/www.bellunopress.it\/wp-content\/uploads\/2022\/12\/Marco-Dal-Pont-assessore-alle-Politiche-sociali-BL_edited-500x362.jpg 500w, https:\/\/www.bellunopress.it\/wp-content\/uploads\/2022\/12\/Marco-Dal-Pont-assessore-alle-Politiche-sociali-BL_edited-696x503.jpg 696w, https:\/\/www.bellunopress.it\/wp-content\/uploads\/2022\/12\/Marco-Dal-Pont-assessore-alle-Politiche-sociali-BL_edited-581x420.jpg 581w, https:\/\/www.bellunopress.it\/wp-content\/uploads\/2022\/12\/Marco-Dal-Pont-assessore-alle-Politiche-sociali-BL_edited-324x235.jpg 324w\" sizes=\"auto, (max-width: 1000px) 100vw, 1000px\" \/><figcaption id=\"caption-attachment-138422\" class=\"wp-caption-text\">Marco Dal Pont, assessore alle Politiche sociali del Comune di Belluno<\/figcaption><\/figure>\n<p>Belluno, 16 dicembre 2022 &#8211; Il faticoso cambio generazionale causato, anche, dallo spopolamento, le difficolt\u00e0 legate alla nuova normativa del terzo settore, la necessit\u00e0 di stare al passo con i tempi e di evolversi. Sono stati alcuni dei temi affrontati oggi all\u2019interno del convegno \u201cIl volontariato bellunese sfida il futuro\u201d organizzato dal Comune di Belluno al Teatro Comunale. Con circa 150 associazioni della provincia coinvolte, la giornata si voleva proporre come momento di riflessione, dopo due anni di attivit\u00e0 rallentata dalla pandemia, sul mondo del volontariato e sulle sue difficolt\u00e0.<\/p>\n<p>\u201cI volontari sono per la nostra provincia un esercito buono, generoso e altruista che muove il territorio e favorisce l\u2019erogazione dei servizi laddove il pubblico e le istituzioni non arrivano \u2013 le parole del sindaco, Oscar De Pellegrin -. La giornata nasce da un concetto di base, fondamentale e su cui vogliamo costruire tutta la nostra azione amministrativa: il dialogo \u00e8 il punto di partenza per capire i bisogni e trovare soluzioni. E noi vogliamo, tutti insieme, trovare quelle soluzioni alle sfide odierne di cui il mondo del terzo settore necessita. Sono contento che questo stimolo parta da Belluno, il capoluogo, e che la citt\u00e0 sappia farsi catalizzatore di idee e proposte\u201d<\/p>\n<p>La mattinata si \u00e8 aperta con i saluti delle istituzioni: del sindaco Oscar De Pellegrin collegato da casa per motivi di salute, del senatore Luca De Carlo, del prefetto Mariano Savastano, del vescovo don Renato Marangoni, del presidente della Provincia Roberto Padrin, del governatore Luca Zaia attraverso un messaggio scritto, della presidente del Csv Elisa Corr\u00e0 e di Concetta Spadaro del consiglio direttivo del Comitato d\u2019Intesa. Quindi il convegno \u00e8 entrato nel vivo, dando spazio alle associazioni, ai loro volontari e presidenti.<\/p>\n<p>\u201cL\u2019incontro di oggi voleva essere uno stimolo per favorire un cambiamento culturale nella societ\u00e0 \u2013 commenta l\u2019assessore alle politiche sociali, Marco Dal Pont, ideatore dell\u2019iniziativa -, \u00e8 questo l\u2019obiettivo finale a cui puntiamo. Siamo alla prima edizione, l\u2019intenzione \u00e8 quella di far crescere il convegno, di arricchirlo e di coinvolgere nelle associazioni di volontariato un numero sempre maggiore di cittadini. L\u2019aiuto dell\u2019altro, lo stare in rete in una comunit\u00e0 che sostiene e si mette a disposizione deve con il tempo coinvolgere tutta la societ\u00e0 civile, il terzo settore non pu\u00f2 pi\u00f9 essere appannaggio di gruppi di persone aderenti alle associazioni ma deve estendersi a tutta la comunit\u00e0, tutti dobbiamo sentirci coinvolti e fare la nostra parte. Non ci sono alternative a questo, ce lo impongono i tempi e le sfide attuali\u201d. Riflessione, questa, che muove da una delle principali difficolt\u00e0 messe in luce dalle onlus, oggi: il difficile cambio generazionale in un territorio soggetto allo spopolamento e da cui i giovani partono pi\u00f9 che arrivare.<\/p>\n<p>\u201cIl volontariato bellunese \u00e8 sempre pi\u00f9 un tassello fondamentale nell\u2019erogazione dei servizi, va sostenuto e supportato in questo momento cruciale di cambiamento della societ\u00e0 e delle normative che per anni lo hanno regolato \u2013 conclude Dal Pont -. Un ritrovo come quello di oggi, dopo un lungo periodo di lockdown e comunque di difficolt\u00e0 create dalle restrizioni imposte dalla pandemia, \u00e8 un momento di ripartenza, un riprendere un cammino interrotto e un manifesto fondante di un modo di operare in squadra, perch\u00e9 il futuro davanti a noi non \u00e8 roseo e dobbiamo affrontarlo insieme\u201d.<\/p>\n<p>&nbsp;<\/p>\n<p>&nbsp;<\/p>\n<p>&nbsp;<\/p>","protected":false},"excerpt":{"rendered":"<p>Belluno, 16 dicembre 2022 &#8211; Il faticoso cambio generazionale causato, anche, dallo spopolamento, le difficolt\u00e0 legate alla nuova normativa del terzo settore, la necessit\u00e0 di stare al passo con i tempi e di evolversi. Sono stati alcuni dei temi affrontati oggi all\u2019interno del convegno \u201cIl volontariato bellunese sfida il futuro\u201d organizzato dal Comune di Belluno [&hellip;]<\/p>\n","protected":false},"author":2,"featured_media":138422,"comment_status":"closed","ping_status":"open","sticky":false,"template":"","format":"standard","meta":{"footnotes":""},"categories":[5,26,8],"tags":[],"class_list":["post-138421","post","type-post","status-publish","format-standard","has-post-thumbnail","category-cronaca","category-prima-pagina","category-societa-istituzioni"],"yoast_head":"<!-- This site is optimized with the Yoast SEO plugin v28.4 - https:\/\/yoast.com\/product\/yoast-seo-wordpress\/ -->\n<title>Il volontariato bellunese sfida il futuro. Assessore Dal Pont: \u201cIl terzo settore davanti ad un cambiamento cruciale\u201d - Bellunopress - Dolomiti<\/title>\n<meta name=\"robots\" content=\"index, follow, max-snippet:-1, max-image-preview:large, max-video-preview:-1\" \/>\n<link rel=\"canonical\" href=\"https:\/\/www.bellunopress.it\/fr\/2022\/12\/16\/il-volontariato-bellunese-sfida-il-futuro-assessore-dal-pont-il-terzo-settore-davanti-ad-un-cambiamento-cruciale\/\" \/>\n<meta property=\"og:locale\" content=\"fr_FR\" \/>\n<meta property=\"og:type\" content=\"article\" \/>\n<meta property=\"og:title\" content=\"Il volontariato bellunese sfida il futuro. Assessore Dal Pont: \u201cIl terzo settore davanti ad un cambiamento cruciale\u201d - Bellunopress - Dolomiti\" \/>\n<meta property=\"og:description\" content=\"Belluno, 16 dicembre 2022 &#8211; Il faticoso cambio generazionale causato, anche, dallo spopolamento, le difficolt\u00e0 legate alla nuova normativa del terzo settore, la necessit\u00e0 di stare al passo con i tempi e di evolversi. Sono stati alcuni dei temi affrontati oggi all\u2019interno del convegno \u201cIl volontariato bellunese sfida il futuro\u201d organizzato dal Comune di Belluno [&hellip;]\" \/>\n<meta property=\"og:url\" content=\"https:\/\/www.bellunopress.it\/fr\/2022\/12\/16\/il-volontariato-bellunese-sfida-il-futuro-assessore-dal-pont-il-terzo-settore-davanti-ad-un-cambiamento-cruciale\/\" \/>\n<meta property=\"og:site_name\" content=\"Bellunopress - Dolomiti\" \/>\n<meta property=\"article:publisher\" content=\"https:\/\/www.facebook.com\/profile.php?id=100008943462799\" \/>\n<meta property=\"article:published_time\" content=\"2022-12-16T13:09:01+00:00\" \/>\n<meta property=\"og:image\" content=\"https:\/\/www.bellunopress.it\/wp-content\/uploads\/2022\/12\/Marco-Dal-Pont-assessore-alle-Politiche-sociali-BL_edited.jpg\" \/>\n\t<meta property=\"og:image:width\" content=\"1000\" \/>\n\t<meta property=\"og:image:height\" content=\"723\" \/>\n\t<meta property=\"og:image:type\" content=\"image\/jpeg\" \/>\n<meta name=\"author\" content=\"redazione\" \/>\n<meta name=\"twitter:card\" content=\"summary_large_image\" \/>\n<meta name=\"twitter:creator\" content=\"@bellunopress\" \/>\n<meta name=\"twitter:site\" content=\"@bellunopress\" \/>\n<meta name=\"twitter:label1\" content=\"Written by\" \/>\n\t<meta name=\"twitter:data1\" content=\"redazione\" \/>\n\t<meta name=\"twitter:label2\" content=\"Est. reading time\" \/>\n\t<meta name=\"twitter:data2\" content=\"4 minutes\" \/>\n<script type=\"application\/ld+json\" class=\"yoast-schema-graph\">{\"@context\":\"https:\\\/\\\/schema.org\",\"@graph\":[{\"@type\":\"Article\",\"@id\":\"https:\\\/\\\/www.bellunopress.it\\\/2022\\\/12\\\/16\\\/il-volontariato-bellunese-sfida-il-futuro-assessore-dal-pont-il-terzo-settore-davanti-ad-un-cambiamento-cruciale\\\/#article\",\"isPartOf\":{\"@id\":\"https:\\\/\\\/www.bellunopress.it\\\/2022\\\/12\\\/16\\\/il-volontariato-bellunese-sfida-il-futuro-assessore-dal-pont-il-terzo-settore-davanti-ad-un-cambiamento-cruciale\\\/\"},\"author\":{\"name\":\"redazione\",\"@id\":\"https:\\\/\\\/www.bellunopress.it\\\/#\\\/schema\\\/person\\\/79bb06722b37ece1c03d3e94beb30d73\"},\"headline\":\"Il volontariato bellunese sfida il futuro. Assessore Dal Pont: \u201cIl terzo settore davanti ad un cambiamento cruciale\u201d\",\"datePublished\":\"2022-12-16T13:09:01+00:00\",\"mainEntityOfPage\":{\"@id\":\"https:\\\/\\\/www.bellunopress.it\\\/2022\\\/12\\\/16\\\/il-volontariato-bellunese-sfida-il-futuro-assessore-dal-pont-il-terzo-settore-davanti-ad-un-cambiamento-cruciale\\\/\"},\"wordCount\":578,\"publisher\":{\"@id\":\"https:\\\/\\\/www.bellunopress.it\\\/#organization\"},\"image\":{\"@id\":\"https:\\\/\\\/www.bellunopress.it\\\/2022\\\/12\\\/16\\\/il-volontariato-bellunese-sfida-il-futuro-assessore-dal-pont-il-terzo-settore-davanti-ad-un-cambiamento-cruciale\\\/#primaryimage\"},\"thumbnailUrl\":\"https:\\\/\\\/www.bellunopress.it\\\/wp-content\\\/uploads\\\/2022\\\/12\\\/Marco-Dal-Pont-assessore-alle-Politiche-sociali-BL_edited.jpg\",\"articleSection\":[\"Cronaca\\\/Politica\",\"Prima Pagina\",\"Societ\u00e0, Associazioni, Istituzioni\"],\"inLanguage\":\"fr-FR\"},{\"@type\":\"WebPage\",\"@id\":\"https:\\\/\\\/www.bellunopress.it\\\/2022\\\/12\\\/16\\\/il-volontariato-bellunese-sfida-il-futuro-assessore-dal-pont-il-terzo-settore-davanti-ad-un-cambiamento-cruciale\\\/\",\"url\":\"https:\\\/\\\/www.bellunopress.it\\\/2022\\\/12\\\/16\\\/il-volontariato-bellunese-sfida-il-futuro-assessore-dal-pont-il-terzo-settore-davanti-ad-un-cambiamento-cruciale\\\/\",\"name\":\"Il volontariato bellunese sfida il futuro. Assessore Dal Pont: \u201cIl terzo settore davanti ad un cambiamento cruciale\u201d - Bellunopress - Dolomiti\",\"isPartOf\":{\"@id\":\"https:\\\/\\\/www.bellunopress.it\\\/#website\"},\"primaryImageOfPage\":{\"@id\":\"https:\\\/\\\/www.bellunopress.it\\\/2022\\\/12\\\/16\\\/il-volontariato-bellunese-sfida-il-futuro-assessore-dal-pont-il-terzo-settore-davanti-ad-un-cambiamento-cruciale\\\/#primaryimage\"},\"image\":{\"@id\":\"https:\\\/\\\/www.bellunopress.it\\\/2022\\\/12\\\/16\\\/il-volontariato-bellunese-sfida-il-futuro-assessore-dal-pont-il-terzo-settore-davanti-ad-un-cambiamento-cruciale\\\/#primaryimage\"},\"thumbnailUrl\":\"https:\\\/\\\/www.bellunopress.it\\\/wp-content\\\/uploads\\\/2022\\\/12\\\/Marco-Dal-Pont-assessore-alle-Politiche-sociali-BL_edited.jpg\",\"datePublished\":\"2022-12-16T13:09:01+00:00\",\"breadcrumb\":{\"@id\":\"https:\\\/\\\/www.bellunopress.it\\\/2022\\\/12\\\/16\\\/il-volontariato-bellunese-sfida-il-futuro-assessore-dal-pont-il-terzo-settore-davanti-ad-un-cambiamento-cruciale\\\/#breadcrumb\"},\"inLanguage\":\"fr-FR\",\"potentialAction\":[{\"@type\":\"ReadAction\",\"target\":[\"https:\\\/\\\/www.bellunopress.it\\\/2022\\\/12\\\/16\\\/il-volontariato-bellunese-sfida-il-futuro-assessore-dal-pont-il-terzo-settore-davanti-ad-un-cambiamento-cruciale\\\/\"]}]},{\"@type\":\"ImageObject\",\"inLanguage\":\"fr-FR\",\"@id\":\"https:\\\/\\\/www.bellunopress.it\\\/2022\\\/12\\\/16\\\/il-volontariato-bellunese-sfida-il-futuro-assessore-dal-pont-il-terzo-settore-davanti-ad-un-cambiamento-cruciale\\\/#primaryimage\",\"url\":\"https:\\\/\\\/www.bellunopress.it\\\/wp-content\\\/uploads\\\/2022\\\/12\\\/Marco-Dal-Pont-assessore-alle-Politiche-sociali-BL_edited.jpg\",\"contentUrl\":\"https:\\\/\\\/www.bellunopress.it\\\/wp-content\\\/uploads\\\/2022\\\/12\\\/Marco-Dal-Pont-assessore-alle-Politiche-sociali-BL_edited.jpg\",\"width\":1000,\"height\":723,\"caption\":\"Marco Dal Pont, assessore alle Politiche sociali del Comune di Belluno\"},{\"@type\":\"BreadcrumbList\",\"@id\":\"https:\\\/\\\/www.bellunopress.it\\\/2022\\\/12\\\/16\\\/il-volontariato-bellunese-sfida-il-futuro-assessore-dal-pont-il-terzo-settore-davanti-ad-un-cambiamento-cruciale\\\/#breadcrumb\",\"itemListElement\":[{\"@type\":\"ListItem\",\"position\":1,\"name\":\"Home\",\"item\":\"https:\\\/\\\/www.bellunopress.it\\\/\"},{\"@type\":\"ListItem\",\"position\":2,\"name\":\"Il volontariato bellunese sfida il futuro. Assessore Dal Pont: \u201cIl terzo settore davanti ad un cambiamento cruciale\u201d\"}]},{\"@type\":\"WebSite\",\"@id\":\"https:\\\/\\\/www.bellunopress.it\\\/#website\",\"url\":\"https:\\\/\\\/www.bellunopress.it\\\/\",\"name\":\"Bellunopress - Dolomiti\",\"description\":\"e-mail: redazione@bellunopress.it\",\"publisher\":{\"@id\":\"https:\\\/\\\/www.bellunopress.it\\\/#organization\"},\"potentialAction\":[{\"@type\":\"SearchAction\",\"target\":{\"@type\":\"EntryPoint\",\"urlTemplate\":\"https:\\\/\\\/www.bellunopress.it\\\/?s={search_term_string}\"},\"query-input\":{\"@type\":\"PropertyValueSpecification\",\"valueRequired\":true,\"valueName\":\"search_term_string\"}}],\"inLanguage\":\"fr-FR\"},{\"@type\":\"Organization\",\"@id\":\"https:\\\/\\\/www.bellunopress.it\\\/#organization\",\"name\":\"Bellunopress\",\"url\":\"https:\\\/\\\/www.bellunopress.it\\\/\",\"logo\":{\"@type\":\"ImageObject\",\"inLanguage\":\"fr-FR\",\"@id\":\"https:\\\/\\\/www.bellunopress.it\\\/#\\\/schema\\\/logo\\\/image\\\/\",\"url\":\"https:\\\/\\\/www.bellunopress.it\\\/wp-content\\\/uploads\\\/2011\\\/05\\\/cropped-logo-bellunopress-.jpg\",\"contentUrl\":\"https:\\\/\\\/www.bellunopress.it\\\/wp-content\\\/uploads\\\/2011\\\/05\\\/cropped-logo-bellunopress-.jpg\",\"width\":512,\"height\":512,\"caption\":\"Bellunopress\"},\"image\":{\"@id\":\"https:\\\/\\\/www.bellunopress.it\\\/#\\\/schema\\\/logo\\\/image\\\/\"},\"sameAs\":[\"https:\\\/\\\/www.facebook.com\\\/profile.php?id=100008943462799\",\"https:\\\/\\\/x.com\\\/bellunopress\",\"https:\\\/\\\/www.linkedin.com\\\/hp\\\/?dnr=JBzUWaJfMUw8vbXJJ2tVW5-I3jZKvC4wsoxE&amp;amp;amp;amp;amp;amp;trk=nav_responsive_tab_home\",\"https:\\\/\\\/www.youtube.com\\\/channel\\\/UCxL0wu1uN0_3_7hGG0306cw\"]},{\"@type\":\"Person\",\"@id\":\"https:\\\/\\\/www.bellunopress.it\\\/#\\\/schema\\\/person\\\/79bb06722b37ece1c03d3e94beb30d73\",\"name\":\"redazione\",\"image\":{\"@type\":\"ImageObject\",\"inLanguage\":\"fr-FR\",\"@id\":\"https:\\\/\\\/secure.gravatar.com\\\/avatar\\\/37d968a2e67a6fd04c169c4bdef102d0bc5d31b2546345219e348575eb80e9a0?s=96&d=mm&r=g\",\"url\":\"https:\\\/\\\/secure.gravatar.com\\\/avatar\\\/37d968a2e67a6fd04c169c4bdef102d0bc5d31b2546345219e348575eb80e9a0?s=96&d=mm&r=g\",\"contentUrl\":\"https:\\\/\\\/secure.gravatar.com\\\/avatar\\\/37d968a2e67a6fd04c169c4bdef102d0bc5d31b2546345219e348575eb80e9a0?s=96&d=mm&r=g\",\"caption\":\"redazione\"},\"sameAs\":[\"http:\\\/\\\/www.bellunopress.it\",\"https:\\\/\\\/x.com\\\/bellunopress\"],\"url\":\"https:\\\/\\\/www.bellunopress.it\\\/fr\\\/author\\\/redazione\\\/\"}]}<\/script>\n<!-- \/ Yoast SEO plugin. -->","yoast_head_json":{"title":"Il volontariato bellunese sfida il futuro. Assessore Dal Pont: \u201cIl terzo settore davanti ad un cambiamento cruciale\u201d - Bellunopress - Dolomiti","robots":{"index":"index","follow":"follow","max-snippet":"max-snippet:-1","max-image-preview":"max-image-preview:large","max-video-preview":"max-video-preview:-1"},"canonical":"https:\/\/www.bellunopress.it\/fr\/2022\/12\/16\/il-volontariato-bellunese-sfida-il-futuro-assessore-dal-pont-il-terzo-settore-davanti-ad-un-cambiamento-cruciale\/","og_locale":"fr_FR","og_type":"article","og_title":"Il volontariato bellunese sfida il futuro. Assessore Dal Pont: \u201cIl terzo settore davanti ad un cambiamento cruciale\u201d - Bellunopress - Dolomiti","og_description":"Belluno, 16 dicembre 2022 &#8211; Il faticoso cambio generazionale causato, anche, dallo spopolamento, le difficolt\u00e0 legate alla nuova normativa del terzo settore, la necessit\u00e0 di stare al passo con i tempi e di evolversi. Sono stati alcuni dei temi affrontati oggi all\u2019interno del convegno \u201cIl volontariato bellunese sfida il futuro\u201d organizzato dal Comune di Belluno [&hellip;]","og_url":"https:\/\/www.bellunopress.it\/fr\/2022\/12\/16\/il-volontariato-bellunese-sfida-il-futuro-assessore-dal-pont-il-terzo-settore-davanti-ad-un-cambiamento-cruciale\/","og_site_name":"Bellunopress - Dolomiti","article_publisher":"https:\/\/www.facebook.com\/profile.php?id=100008943462799","article_published_time":"2022-12-16T13:09:01+00:00","og_image":[{"width":1000,"height":723,"url":"https:\/\/www.bellunopress.it\/wp-content\/uploads\/2022\/12\/Marco-Dal-Pont-assessore-alle-Politiche-sociali-BL_edited.jpg","type":"image\/jpeg"}],"author":"redazione","twitter_card":"summary_large_image","twitter_creator":"@bellunopress","twitter_site":"@bellunopress","twitter_misc":{"Written by":"redazione","Est. reading time":"4 minutes"},"schema":{"@context":"https:\/\/schema.org","@graph":[{"@type":"Article","@id":"https:\/\/www.bellunopress.it\/2022\/12\/16\/il-volontariato-bellunese-sfida-il-futuro-assessore-dal-pont-il-terzo-settore-davanti-ad-un-cambiamento-cruciale\/#article","isPartOf":{"@id":"https:\/\/www.bellunopress.it\/2022\/12\/16\/il-volontariato-bellunese-sfida-il-futuro-assessore-dal-pont-il-terzo-settore-davanti-ad-un-cambiamento-cruciale\/"},"author":{"name":"redazione","@id":"https:\/\/www.bellunopress.it\/#\/schema\/person\/79bb06722b37ece1c03d3e94beb30d73"},"headline":"Il volontariato bellunese sfida il futuro. Assessore Dal Pont: \u201cIl terzo settore davanti ad un cambiamento cruciale\u201d","datePublished":"2022-12-16T13:09:01+00:00","mainEntityOfPage":{"@id":"https:\/\/www.bellunopress.it\/2022\/12\/16\/il-volontariato-bellunese-sfida-il-futuro-assessore-dal-pont-il-terzo-settore-davanti-ad-un-cambiamento-cruciale\/"},"wordCount":578,"publisher":{"@id":"https:\/\/www.bellunopress.it\/#organization"},"image":{"@id":"https:\/\/www.bellunopress.it\/2022\/12\/16\/il-volontariato-bellunese-sfida-il-futuro-assessore-dal-pont-il-terzo-settore-davanti-ad-un-cambiamento-cruciale\/#primaryimage"},"thumbnailUrl":"https:\/\/www.bellunopress.it\/wp-content\/uploads\/2022\/12\/Marco-Dal-Pont-assessore-alle-Politiche-sociali-BL_edited.jpg","articleSection":["Cronaca\/Politica","Prima Pagina","Societ\u00e0, Associazioni, Istituzioni"],"inLanguage":"fr-FR"},{"@type":"WebPage","@id":"https:\/\/www.bellunopress.it\/2022\/12\/16\/il-volontariato-bellunese-sfida-il-futuro-assessore-dal-pont-il-terzo-settore-davanti-ad-un-cambiamento-cruciale\/","url":"https:\/\/www.bellunopress.it\/2022\/12\/16\/il-volontariato-bellunese-sfida-il-futuro-assessore-dal-pont-il-terzo-settore-davanti-ad-un-cambiamento-cruciale\/","name":"Il volontariato bellunese sfida il futuro. Assessore Dal Pont: \u201cIl terzo settore davanti ad un cambiamento cruciale\u201d - Bellunopress - Dolomiti","isPartOf":{"@id":"https:\/\/www.bellunopress.it\/#website"},"primaryImageOfPage":{"@id":"https:\/\/www.bellunopress.it\/2022\/12\/16\/il-volontariato-bellunese-sfida-il-futuro-assessore-dal-pont-il-terzo-settore-davanti-ad-un-cambiamento-cruciale\/#primaryimage"},"image":{"@id":"https:\/\/www.bellunopress.it\/2022\/12\/16\/il-volontariato-bellunese-sfida-il-futuro-assessore-dal-pont-il-terzo-settore-davanti-ad-un-cambiamento-cruciale\/#primaryimage"},"thumbnailUrl":"https:\/\/www.bellunopress.it\/wp-content\/uploads\/2022\/12\/Marco-Dal-Pont-assessore-alle-Politiche-sociali-BL_edited.jpg","datePublished":"2022-12-16T13:09:01+00:00","breadcrumb":{"@id":"https:\/\/www.bellunopress.it\/2022\/12\/16\/il-volontariato-bellunese-sfida-il-futuro-assessore-dal-pont-il-terzo-settore-davanti-ad-un-cambiamento-cruciale\/#breadcrumb"},"inLanguage":"fr-FR","potentialAction":[{"@type":"ReadAction","target":["https:\/\/www.bellunopress.it\/2022\/12\/16\/il-volontariato-bellunese-sfida-il-futuro-assessore-dal-pont-il-terzo-settore-davanti-ad-un-cambiamento-cruciale\/"]}]},{"@type":"ImageObject","inLanguage":"fr-FR","@id":"https:\/\/www.bellunopress.it\/2022\/12\/16\/il-volontariato-bellunese-sfida-il-futuro-assessore-dal-pont-il-terzo-settore-davanti-ad-un-cambiamento-cruciale\/#primaryimage","url":"https:\/\/www.bellunopress.it\/wp-content\/uploads\/2022\/12\/Marco-Dal-Pont-assessore-alle-Politiche-sociali-BL_edited.jpg","contentUrl":"https:\/\/www.bellunopress.it\/wp-content\/uploads\/2022\/12\/Marco-Dal-Pont-assessore-alle-Politiche-sociali-BL_edited.jpg","width":1000,"height":723,"caption":"Marco Dal Pont, assessore alle Politiche sociali del Comune di Belluno"},{"@type":"BreadcrumbList","@id":"https:\/\/www.bellunopress.it\/2022\/12\/16\/il-volontariato-bellunese-sfida-il-futuro-assessore-dal-pont-il-terzo-settore-davanti-ad-un-cambiamento-cruciale\/#breadcrumb","itemListElement":[{"@type":"ListItem","position":1,"name":"Home","item":"https:\/\/www.bellunopress.it\/"},{"@type":"ListItem","position":2,"name":"Il volontariato bellunese sfida il futuro. Assessore Dal Pont: \u201cIl terzo settore davanti ad un cambiamento cruciale\u201d"}]},{"@type":"WebSite","@id":"https:\/\/www.bellunopress.it\/#website","url":"https:\/\/www.bellunopress.it\/","name":"Bellunopress - Dolomiti","description":"e-mail: redazione@bellunopress.it","publisher":{"@id":"https:\/\/www.bellunopress.it\/#organization"},"potentialAction":[{"@type":"SearchAction","target":{"@type":"EntryPoint","urlTemplate":"https:\/\/www.bellunopress.it\/?s={search_term_string}"},"query-input":{"@type":"PropertyValueSpecification","valueRequired":true,"valueName":"search_term_string"}}],"inLanguage":"fr-FR"},{"@type":"Organization","@id":"https:\/\/www.bellunopress.it\/#organization","name":"Bellunopress","url":"https:\/\/www.bellunopress.it\/","logo":{"@type":"ImageObject","inLanguage":"fr-FR","@id":"https:\/\/www.bellunopress.it\/#\/schema\/logo\/image\/","url":"https:\/\/www.bellunopress.it\/wp-content\/uploads\/2011\/05\/cropped-logo-bellunopress-.jpg","contentUrl":"https:\/\/www.bellunopress.it\/wp-content\/uploads\/2011\/05\/cropped-logo-bellunopress-.jpg","width":512,"height":512,"caption":"Bellunopress"},"image":{"@id":"https:\/\/www.bellunopress.it\/#\/schema\/logo\/image\/"},"sameAs":["https:\/\/www.facebook.com\/profile.php?id=100008943462799","https:\/\/x.com\/bellunopress","https:\/\/www.linkedin.com\/hp\/?dnr=JBzUWaJfMUw8vbXJJ2tVW5-I3jZKvC4wsoxE&amp;amp;amp;amp;amp;amp;trk=nav_responsive_tab_home","https:\/\/www.youtube.com\/channel\/UCxL0wu1uN0_3_7hGG0306cw"]},{"@type":"Person","@id":"https:\/\/www.bellunopress.it\/#\/schema\/person\/79bb06722b37ece1c03d3e94beb30d73","name":"r\u00e9daction","image":{"@type":"ImageObject","inLanguage":"fr-FR","@id":"https:\/\/secure.gravatar.com\/avatar\/37d968a2e67a6fd04c169c4bdef102d0bc5d31b2546345219e348575eb80e9a0?s=96&d=mm&r=g","url":"https:\/\/secure.gravatar.com\/avatar\/37d968a2e67a6fd04c169c4bdef102d0bc5d31b2546345219e348575eb80e9a0?s=96&d=mm&r=g","contentUrl":"https:\/\/secure.gravatar.com\/avatar\/37d968a2e67a6fd04c169c4bdef102d0bc5d31b2546345219e348575eb80e9a0?s=96&d=mm&r=g","caption":"redazione"},"sameAs":["http:\/\/www.bellunopress.it","https:\/\/x.com\/bellunopress"],"url":"https:\/\/www.bellunopress.it\/fr\/author\/redazione\/"}]}},"_links":{"self":[{"href":"https:\/\/www.bellunopress.it\/fr\/wp-json\/wp\/v2\/posts\/138421","targetHints":{"allow":["GET"]}}],"collection":[{"href":"https:\/\/www.bellunopress.it\/fr\/wp-json\/wp\/v2\/posts"}],"about":[{"href":"https:\/\/www.bellunopress.it\/fr\/wp-json\/wp\/v2\/types\/post"}],"author":[{"embeddable":true,"href":"https:\/\/www.bellunopress.it\/fr\/wp-json\/wp\/v2\/users\/2"}],"replies":[{"embeddable":true,"href":"https:\/\/www.bellunopress.it\/fr\/wp-json\/wp\/v2\/comments?post=138421"}],"version-history":[{"count":1,"href":"https:\/\/www.bellunopress.it\/fr\/wp-json\/wp\/v2\/posts\/138421\/revisions"}],"predecessor-version":[{"id":138423,"href":"https:\/\/www.bellunopress.it\/fr\/wp-json\/wp\/v2\/posts\/138421\/revisions\/138423"}],"wp:featuredmedia":[{"embeddable":true,"href":"https:\/\/www.bellunopress.it\/fr\/wp-json\/wp\/v2\/media\/138422"}],"wp:attachment":[{"href":"https:\/\/www.bellunopress.it\/fr\/wp-json\/wp\/v2\/media?parent=138421"}],"wp:term":[{"taxonomy":"category","embeddable":true,"href":"https:\/\/www.bellunopress.it\/fr\/wp-json\/wp\/v2\/categories?post=138421"},{"taxonomy":"post_tag","embeddable":true,"href":"https:\/\/www.bellunopress.it\/fr\/wp-json\/wp\/v2\/tags?post=138421"}],"curies":[{"name":"wp","href":"https:\/\/api.w.org\/{rel}","templated":true}]}}