{"id":138414,"date":"2022-12-16T13:00:55","date_gmt":"2022-12-16T12:00:55","guid":{"rendered":"https:\/\/www.bellunopress.it\/?p=138414"},"modified":"2022-12-16T19:47:23","modified_gmt":"2022-12-16T18:47:23","slug":"lorraine-berton-confermata-alla-presidenza-di-confindustria-dolomiti-belluno-le-congratulazioni-di-zaia","status":"publish","type":"post","link":"https:\/\/www.bellunopress.it\/fr\/2022\/12\/16\/lorraine-berton-confermata-alla-presidenza-di-confindustria-dolomiti-belluno-le-congratulazioni-di-zaia\/","title":{"rendered":"Lorraine Berton confermata alla presidenza di Confindustria Dolomiti Belluno. Le congratulazioni di Zaia, Padrin, Carraro"},"content":{"rendered":"<figure id=\"attachment_113249\" aria-describedby=\"caption-attachment-113249\" style=\"width: 612px\" class=\"wp-caption alignleft\"><img loading=\"lazy\" decoding=\"async\" class=\"size-full wp-image-113249\" src=\"https:\/\/www.bellunopress.it\/wp-content\/uploads\/2020\/03\/Lorraine_Berton_edited.jpg\" alt=\"\" width=\"612\" height=\"673\" srcset=\"https:\/\/www.bellunopress.it\/wp-content\/uploads\/2020\/03\/Lorraine_Berton_edited.jpg 612w, https:\/\/www.bellunopress.it\/wp-content\/uploads\/2020\/03\/Lorraine_Berton_edited-455x500.jpg 455w, https:\/\/www.bellunopress.it\/wp-content\/uploads\/2020\/03\/Lorraine_Berton_edited-382x420.jpg 382w\" sizes=\"auto, (max-width: 612px) 100vw, 612px\" \/><figcaption id=\"caption-attachment-113249\" class=\"wp-caption-text\">Lorraine Berton<\/figcaption><\/figure>\n<p>Venezia, 16 dicembre 2022\u00a0 &#8211;\u00a0 \u201cUna riconferma con un consenso tanto ampio, \u00e8 segno che il lavoro compiuto \u00e8 stato capito e apprezzato. Invio alla presidente Berton le pi\u00f9 sentite congratulazioni per la rielezione augurando a lei e a tutti i consiglieri di proseguire un buon lavoro a beneficio del tessuto imprenditoriale bellunese\u201d.<\/p>\n<p>Con queste parole il presidente della Regione del Veneto, Luca Zaia, si congratula con Lorraine Berton, confermata al vertice di Confindustria Dolomiti Belluno.<\/p>\n<p>&nbsp;<\/p>\n<p>\u00abCongratulazioni a Lorraine Berton per la riconferma alla presidenza di Confindustria Belluno Dolomiti. Il lavoro che ha svolto negli ultimi anni \u00e8 stato con ogni evidenza apprezzato dalle imprese associate. A lei e all&#8217;associazione che rappresenta auguro un rinnovato buon lavoro, a beneficio delle aziende bellunesi e dell&#8217;intero territorio\u00bb. Cos\u00ec il presidente della Provincia Roberto Padrin, alla notizia del mandato bis per Lorraine Berton, alla guida degli industriali bellunesi.<\/p>\n<p>\u00abLe sfide che ci attendono da qui alle Olimpiadi, e anche oltre, richiederanno un serio e tenace lavoro di squadra tra mondo dell&#8217;impresa e mondo delle istituzioni, come abbiamo gi\u00e0 sperimentato negli ultimi anni. Buon lavoro alla presidente Berton e al suo staff. Le porte della Provincia sono sempre aperte per le collaborazioni che sanno guardare al bene del territorio\u00bb.<\/p>\n<p>Enrico Carraro, Presidente Confindustria Veneto: &#8220;A nome di Confindustria Veneto e di tutti i colleghi delle territoriali venete, mi congratulo per la decisione dell&#8217;Assemblea dei soci di Confindustria Belluno Dolomiti di prorogare di altri due anni il mandato della presidente Lorraine Berton alla guida dell&#8217;Associazione. Come espresso dalla presidente, sono molti i dossier ancora aperti che devono essere portati avanti e in particolare le problematiche inerenti le nuove infrastrutture che accompagneranno nel bellunese le prossime Olimpiadi invernali di Milano-Cortina 2026. Sono sicuro che Lorraine sapr\u00e0 continuare a dedicare ai propri associati la stessa passione e professionalit\u00e0 dedicata durante l&#8217;ultimo mandato.<br \/>\nAvremo quindi l&#8217;occasione e il piacere di continuare a lavorare insieme per lo sviluppo del territorio e dell&#8217;economia della montagna in particolare, elemento importante per la Regione del Veneto&#8221;.<\/p>\n<p>***<\/p>\n<p>Confermando il voto del Consiglio Generale del 7 novembre scorso, l&#8217;Assemblea degli Associati di Confindustria Belluno Dolomiti, che si \u00e8 riunita ieri sera, si \u00e8 espressa con una maggioranza del 98 per cento a favore della prosecuzione del mandato di Lorraine Berton, che resta cos\u00ec presidente dell&#8217;Associazione degli industriali bellunesi.<\/p>\n<p>&#8220;Ringrazio per l&#8217;ampia fiducia, \u00e8 un onore continuare a rappresentare le imprese della nostra provincia e della nostra straordinaria montagna&#8221;, afferma Berton. &#8220;Resta ancora tanto lavoro da fare per sostenere e valorizzare il manifatturiero di questa provincia, dove imprese e territorio costituiscono un binomio indissolubile. Ogni nostra azione deve avere obiettivi chiari: favorire la crescita, rafforzare il tessuto industriale, promuovere l&#8217;innovazione e contrastare il calo demografico e la fuga dei giovani dalle terre alte&#8221;.<br \/>\n&#8220;Infrastrutture fisiche e digitali, sfida delle competenze, trasformazione tecnologica, misure ad hoc per la montagna, Olimpiadi 2026 restano i fronti aperti, sui quali proseguiremo le nostre battaglie, portando un contributo concreto, sempre propositivo e mai ideologico. Il confronto con tutti i livelli istituzionali, i rappresentanti politici e sindacali, le altre categorie economiche e la societ\u00e0 civile nella sua interezza continuer\u00e0 a essere franco e leale&#8221;, assicura Berton.<\/p>\n<p>Tra i progetti che si intendono portare a termine c&#8217;\u00e8 la creazione di una vera e propria &#8220;cittadella degli studi&#8221; a palazzo Bembo nella citt\u00e0 capoluogo, dove concentrare le attivit\u00e0 di alta formazione della provincia, affiancandole a quelle gi\u00e0 presenti dell&#8217;hub per il Nordest di Luiss Business School, iniziativa voluta sul territorio proprio da Confindustria accanto all&#8217;ITS Academy Meccatronico e alla Dolomiti Summer School. &#8220;Resta un confronto serrato con Universit\u00e0 di Verona, partner pubblici e privati per portare a Belluno anche un corso di laurea in informatica&#8221;, conferma Berton. &#8220;Solo puntando sulle competenze e sui talenti possiamo rinnovare l&#8217;eccellenza delle nostre imprese, che restano tra le pi\u00f9 internazionalizzate e innovative al mondo&#8221;.<\/p>\n<p>C&#8217;\u00e8 poi il dossier infrastrutture, legato in parte a quello delle Olimpiadi di Milano Cortina 2026. &#8220;Su questo, continueremo a vigilare e chiedere tempi utili e certi, mettendo a disposizione la nostra capacit\u00e0 di fare e programmare. Senza il coinvolgimento delle imprese locali, non si va da nessuna parte&#8221;, l&#8217;avvertimento di Berton. &#8220;Viabilit\u00e0 intervalliva, sbocco a nord, mobilit\u00e0 efficiente restano i capisaldi. Le varianti sull&#8217;Alemagna non possono bastare&#8221;.<br \/>\nQuanto alle opere per le Olimpiadi, rimarca Berton, &#8220;serve premere sull&#8217;acceleratore, nominando uno o pi\u00f9 commissari. I lavori vanno fatti bene e in fretta con l&#8217;obiettivo di creare infrastrutture utili per il territorio e le nuove generazioni. Dobbiamo guardare almeno al 2050, anche con progetti orientati all&#8217;innovazione come quello che stiamo sviluppando insieme alle istituzioni locali proprio in questi giorni. I giochi olimpici sono un mezzo e non un fine per creare una visione futura fatta di strumenti e opportunit\u00e0: questa \u00e8 la vera sostenibilit\u00e0&#8221;. Sullo sfondo c&#8217;\u00e8 anche la piattaforma comune avviata da Confindustria Belluno con le Associazioni degli industriali di Trento e Bolzano per una visione integrata della mobilit\u00e0 nell&#8217;area Dolomiti Unesco.<\/p>\n<p>L&#8217;Assemblea degli Associati, oltre a rinnovare il mandato a Berton, ha eletto i rappresentanti in Consiglio generale: si tratta di Andrea Crepaldi, Giorgio Cugini, Flavio Mares e Gregorio Montalban.<br \/>\nI probiviri sono Maurizio Curti, Roberto De Pra, Fabrizio De Silvestro, Vania Garna, Vittorio Tabacchi e Ludovico Trevisson, mentre i revisori contabili sono stati individuati in Luca Bortoluzzi, Antonella Parolin e Gianpiero Perissinotto.<\/p>\n<p>&#8220;Rinsaldare il patto tra attivit\u00e0 produttive e montagna \u00e8 il nostro impegno. Senza imprese, le terre alte non hanno futuro e noi invece intendiamo crescere ancora insieme&#8221;, la conclusione di Berton, che ha voluto aprire l&#8217;assemblea ricordando i tanti colleghi imprenditori scomparsi negli ultimi 12 mesi e ringraziando tutta la squadra del Consiglio di Presidenza e dei Delegati che continueranno ad affiancarla.<\/p>\n<p>&nbsp;<\/p>","protected":false},"excerpt":{"rendered":"<p>Venezia, 16 dicembre 2022\u00a0 &#8211;\u00a0 \u201cUna riconferma con un consenso tanto ampio, \u00e8 segno che il lavoro compiuto \u00e8 stato capito e apprezzato. Invio alla presidente Berton le pi\u00f9 sentite congratulazioni per la rielezione augurando a lei e a tutti i consiglieri di proseguire un buon lavoro a beneficio del tessuto imprenditoriale bellunese\u201d. Con queste [&hellip;]<\/p>\n","protected":false},"author":2,"featured_media":113249,"comment_status":"closed","ping_status":"open","sticky":false,"template":"","format":"standard","meta":{"footnotes":""},"categories":[36,26],"tags":[],"class_list":["post-138414","post","type-post","status-publish","format-standard","has-post-thumbnail","category-lavoro-economia","category-prima-pagina"],"yoast_head":"<!-- This site is optimized with the Yoast SEO plugin v28.4 - https:\/\/yoast.com\/product\/yoast-seo-wordpress\/ -->\n<title>Lorraine Berton confermata alla presidenza di Confindustria Dolomiti Belluno. Le congratulazioni di Zaia, Padrin, Carraro - Bellunopress - Dolomiti<\/title>\n<meta name=\"robots\" content=\"index, follow, max-snippet:-1, max-image-preview:large, max-video-preview:-1\" \/>\n<link rel=\"canonical\" href=\"https:\/\/www.bellunopress.it\/fr\/2022\/12\/16\/lorraine-berton-confermata-alla-presidenza-di-confindustria-dolomiti-belluno-le-congratulazioni-di-zaia\/\" \/>\n<meta property=\"og:locale\" content=\"fr_FR\" \/>\n<meta property=\"og:type\" content=\"article\" \/>\n<meta property=\"og:title\" content=\"Lorraine Berton confermata alla presidenza di Confindustria Dolomiti Belluno. Le congratulazioni di Zaia, Padrin, Carraro - Bellunopress - Dolomiti\" \/>\n<meta property=\"og:description\" content=\"Venezia, 16 dicembre 2022\u00a0 &#8211;\u00a0 \u201cUna riconferma con un consenso tanto ampio, \u00e8 segno che il lavoro compiuto \u00e8 stato capito e apprezzato. Invio alla presidente Berton le pi\u00f9 sentite congratulazioni per la rielezione augurando a lei e a tutti i consiglieri di proseguire un buon lavoro a beneficio del tessuto imprenditoriale bellunese\u201d. Con queste [&hellip;]\" \/>\n<meta property=\"og:url\" content=\"https:\/\/www.bellunopress.it\/fr\/2022\/12\/16\/lorraine-berton-confermata-alla-presidenza-di-confindustria-dolomiti-belluno-le-congratulazioni-di-zaia\/\" \/>\n<meta property=\"og:site_name\" content=\"Bellunopress - Dolomiti\" \/>\n<meta property=\"article:publisher\" content=\"https:\/\/www.facebook.com\/profile.php?id=100008943462799\" \/>\n<meta property=\"article:published_time\" content=\"2022-12-16T12:00:55+00:00\" \/>\n<meta property=\"article:modified_time\" content=\"2022-12-16T18:47:23+00:00\" \/>\n<meta property=\"og:image\" content=\"https:\/\/www.bellunopress.it\/wp-content\/uploads\/2020\/03\/Lorraine_Berton_edited.jpg\" \/>\n\t<meta property=\"og:image:width\" content=\"612\" \/>\n\t<meta property=\"og:image:height\" content=\"673\" \/>\n\t<meta property=\"og:image:type\" content=\"image\/jpeg\" \/>\n<meta name=\"author\" content=\"redazione\" \/>\n<meta name=\"twitter:card\" content=\"summary_large_image\" \/>\n<meta name=\"twitter:creator\" content=\"@bellunopress\" \/>\n<meta name=\"twitter:site\" content=\"@bellunopress\" \/>\n<meta name=\"twitter:label1\" content=\"\u00c9crit par\" \/>\n\t<meta name=\"twitter:data1\" content=\"redazione\" \/>\n\t<meta name=\"twitter:label2\" content=\"Dur\u00e9e de lecture estim\u00e9e\" \/>\n\t<meta name=\"twitter:data2\" content=\"6 minutes\" \/>\n<script type=\"application\/ld+json\" class=\"yoast-schema-graph\">{\"@context\":\"https:\\\/\\\/schema.org\",\"@graph\":[{\"@type\":\"Article\",\"@id\":\"https:\\\/\\\/www.bellunopress.it\\\/2022\\\/12\\\/16\\\/lorraine-berton-confermata-alla-presidenza-di-confindustria-dolomiti-belluno-le-congratulazioni-di-zaia\\\/#article\",\"isPartOf\":{\"@id\":\"https:\\\/\\\/www.bellunopress.it\\\/2022\\\/12\\\/16\\\/lorraine-berton-confermata-alla-presidenza-di-confindustria-dolomiti-belluno-le-congratulazioni-di-zaia\\\/\"},\"author\":{\"name\":\"redazione\",\"@id\":\"https:\\\/\\\/www.bellunopress.it\\\/#\\\/schema\\\/person\\\/79bb06722b37ece1c03d3e94beb30d73\"},\"headline\":\"Lorraine Berton confermata alla presidenza di Confindustria Dolomiti Belluno. Le congratulazioni di Zaia, Padrin, Carraro\",\"datePublished\":\"2022-12-16T12:00:55+00:00\",\"dateModified\":\"2022-12-16T18:47:23+00:00\",\"mainEntityOfPage\":{\"@id\":\"https:\\\/\\\/www.bellunopress.it\\\/2022\\\/12\\\/16\\\/lorraine-berton-confermata-alla-presidenza-di-confindustria-dolomiti-belluno-le-congratulazioni-di-zaia\\\/\"},\"wordCount\":975,\"publisher\":{\"@id\":\"https:\\\/\\\/www.bellunopress.it\\\/#organization\"},\"image\":{\"@id\":\"https:\\\/\\\/www.bellunopress.it\\\/2022\\\/12\\\/16\\\/lorraine-berton-confermata-alla-presidenza-di-confindustria-dolomiti-belluno-le-congratulazioni-di-zaia\\\/#primaryimage\"},\"thumbnailUrl\":\"https:\\\/\\\/www.bellunopress.it\\\/wp-content\\\/uploads\\\/2020\\\/03\\\/Lorraine_Berton_edited.jpg\",\"articleSection\":[\"Lavoro, Economia, Turismo\",\"Prima Pagina\"],\"inLanguage\":\"fr-FR\"},{\"@type\":\"WebPage\",\"@id\":\"https:\\\/\\\/www.bellunopress.it\\\/2022\\\/12\\\/16\\\/lorraine-berton-confermata-alla-presidenza-di-confindustria-dolomiti-belluno-le-congratulazioni-di-zaia\\\/\",\"url\":\"https:\\\/\\\/www.bellunopress.it\\\/2022\\\/12\\\/16\\\/lorraine-berton-confermata-alla-presidenza-di-confindustria-dolomiti-belluno-le-congratulazioni-di-zaia\\\/\",\"name\":\"Lorraine Berton confermata alla presidenza di Confindustria Dolomiti Belluno. Le congratulazioni di Zaia, Padrin, Carraro - Bellunopress - Dolomiti\",\"isPartOf\":{\"@id\":\"https:\\\/\\\/www.bellunopress.it\\\/#website\"},\"primaryImageOfPage\":{\"@id\":\"https:\\\/\\\/www.bellunopress.it\\\/2022\\\/12\\\/16\\\/lorraine-berton-confermata-alla-presidenza-di-confindustria-dolomiti-belluno-le-congratulazioni-di-zaia\\\/#primaryimage\"},\"image\":{\"@id\":\"https:\\\/\\\/www.bellunopress.it\\\/2022\\\/12\\\/16\\\/lorraine-berton-confermata-alla-presidenza-di-confindustria-dolomiti-belluno-le-congratulazioni-di-zaia\\\/#primaryimage\"},\"thumbnailUrl\":\"https:\\\/\\\/www.bellunopress.it\\\/wp-content\\\/uploads\\\/2020\\\/03\\\/Lorraine_Berton_edited.jpg\",\"datePublished\":\"2022-12-16T12:00:55+00:00\",\"dateModified\":\"2022-12-16T18:47:23+00:00\",\"breadcrumb\":{\"@id\":\"https:\\\/\\\/www.bellunopress.it\\\/2022\\\/12\\\/16\\\/lorraine-berton-confermata-alla-presidenza-di-confindustria-dolomiti-belluno-le-congratulazioni-di-zaia\\\/#breadcrumb\"},\"inLanguage\":\"fr-FR\",\"potentialAction\":[{\"@type\":\"ReadAction\",\"target\":[\"https:\\\/\\\/www.bellunopress.it\\\/2022\\\/12\\\/16\\\/lorraine-berton-confermata-alla-presidenza-di-confindustria-dolomiti-belluno-le-congratulazioni-di-zaia\\\/\"]}]},{\"@type\":\"ImageObject\",\"inLanguage\":\"fr-FR\",\"@id\":\"https:\\\/\\\/www.bellunopress.it\\\/2022\\\/12\\\/16\\\/lorraine-berton-confermata-alla-presidenza-di-confindustria-dolomiti-belluno-le-congratulazioni-di-zaia\\\/#primaryimage\",\"url\":\"https:\\\/\\\/www.bellunopress.it\\\/wp-content\\\/uploads\\\/2020\\\/03\\\/Lorraine_Berton_edited.jpg\",\"contentUrl\":\"https:\\\/\\\/www.bellunopress.it\\\/wp-content\\\/uploads\\\/2020\\\/03\\\/Lorraine_Berton_edited.jpg\",\"width\":612,\"height\":673,\"caption\":\"Lorraine Berton - Presidente di MIDO, ANFAO e Confindustria Belluno Dolomiti\"},{\"@type\":\"BreadcrumbList\",\"@id\":\"https:\\\/\\\/www.bellunopress.it\\\/2022\\\/12\\\/16\\\/lorraine-berton-confermata-alla-presidenza-di-confindustria-dolomiti-belluno-le-congratulazioni-di-zaia\\\/#breadcrumb\",\"itemListElement\":[{\"@type\":\"ListItem\",\"position\":1,\"name\":\"Home\",\"item\":\"https:\\\/\\\/www.bellunopress.it\\\/\"},{\"@type\":\"ListItem\",\"position\":2,\"name\":\"Lorraine Berton confermata alla presidenza di Confindustria Dolomiti Belluno. Le congratulazioni di Zaia, Padrin, Carraro\"}]},{\"@type\":\"WebSite\",\"@id\":\"https:\\\/\\\/www.bellunopress.it\\\/#website\",\"url\":\"https:\\\/\\\/www.bellunopress.it\\\/\",\"name\":\"Bellunopress - Dolomiti\",\"description\":\"e-mail: redazione@bellunopress.it\",\"publisher\":{\"@id\":\"https:\\\/\\\/www.bellunopress.it\\\/#organization\"},\"potentialAction\":[{\"@type\":\"SearchAction\",\"target\":{\"@type\":\"EntryPoint\",\"urlTemplate\":\"https:\\\/\\\/www.bellunopress.it\\\/?s={search_term_string}\"},\"query-input\":{\"@type\":\"PropertyValueSpecification\",\"valueRequired\":true,\"valueName\":\"search_term_string\"}}],\"inLanguage\":\"fr-FR\"},{\"@type\":\"Organization\",\"@id\":\"https:\\\/\\\/www.bellunopress.it\\\/#organization\",\"name\":\"Bellunopress\",\"url\":\"https:\\\/\\\/www.bellunopress.it\\\/\",\"logo\":{\"@type\":\"ImageObject\",\"inLanguage\":\"fr-FR\",\"@id\":\"https:\\\/\\\/www.bellunopress.it\\\/#\\\/schema\\\/logo\\\/image\\\/\",\"url\":\"https:\\\/\\\/www.bellunopress.it\\\/wp-content\\\/uploads\\\/2011\\\/05\\\/cropped-logo-bellunopress-.jpg\",\"contentUrl\":\"https:\\\/\\\/www.bellunopress.it\\\/wp-content\\\/uploads\\\/2011\\\/05\\\/cropped-logo-bellunopress-.jpg\",\"width\":512,\"height\":512,\"caption\":\"Bellunopress\"},\"image\":{\"@id\":\"https:\\\/\\\/www.bellunopress.it\\\/#\\\/schema\\\/logo\\\/image\\\/\"},\"sameAs\":[\"https:\\\/\\\/www.facebook.com\\\/profile.php?id=100008943462799\",\"https:\\\/\\\/x.com\\\/bellunopress\",\"https:\\\/\\\/www.linkedin.com\\\/hp\\\/?dnr=JBzUWaJfMUw8vbXJJ2tVW5-I3jZKvC4wsoxE&amp;amp;amp;amp;amp;amp;trk=nav_responsive_tab_home\",\"https:\\\/\\\/www.youtube.com\\\/channel\\\/UCxL0wu1uN0_3_7hGG0306cw\"]},{\"@type\":\"Person\",\"@id\":\"https:\\\/\\\/www.bellunopress.it\\\/#\\\/schema\\\/person\\\/79bb06722b37ece1c03d3e94beb30d73\",\"name\":\"redazione\",\"image\":{\"@type\":\"ImageObject\",\"inLanguage\":\"fr-FR\",\"@id\":\"https:\\\/\\\/secure.gravatar.com\\\/avatar\\\/37d968a2e67a6fd04c169c4bdef102d0bc5d31b2546345219e348575eb80e9a0?s=96&d=mm&r=g\",\"url\":\"https:\\\/\\\/secure.gravatar.com\\\/avatar\\\/37d968a2e67a6fd04c169c4bdef102d0bc5d31b2546345219e348575eb80e9a0?s=96&d=mm&r=g\",\"contentUrl\":\"https:\\\/\\\/secure.gravatar.com\\\/avatar\\\/37d968a2e67a6fd04c169c4bdef102d0bc5d31b2546345219e348575eb80e9a0?s=96&d=mm&r=g\",\"caption\":\"redazione\"},\"sameAs\":[\"http:\\\/\\\/www.bellunopress.it\",\"https:\\\/\\\/x.com\\\/bellunopress\"],\"url\":\"https:\\\/\\\/www.bellunopress.it\\\/fr\\\/author\\\/redazione\\\/\"}]}<\/script>\n<!-- \/ Yoast SEO plugin. -->","yoast_head_json":{"title":"Lorraine Berton confermata alla presidenza di Confindustria Dolomiti Belluno. Le congratulazioni di Zaia, Padrin, Carraro - Bellunopress - Dolomiti","robots":{"index":"index","follow":"follow","max-snippet":"max-snippet:-1","max-image-preview":"max-image-preview:large","max-video-preview":"max-video-preview:-1"},"canonical":"https:\/\/www.bellunopress.it\/fr\/2022\/12\/16\/lorraine-berton-confermata-alla-presidenza-di-confindustria-dolomiti-belluno-le-congratulazioni-di-zaia\/","og_locale":"fr_FR","og_type":"article","og_title":"Lorraine Berton confermata alla presidenza di Confindustria Dolomiti Belluno. Le congratulazioni di Zaia, Padrin, Carraro - Bellunopress - Dolomiti","og_description":"Venezia, 16 dicembre 2022\u00a0 &#8211;\u00a0 \u201cUna riconferma con un consenso tanto ampio, \u00e8 segno che il lavoro compiuto \u00e8 stato capito e apprezzato. Invio alla presidente Berton le pi\u00f9 sentite congratulazioni per la rielezione augurando a lei e a tutti i consiglieri di proseguire un buon lavoro a beneficio del tessuto imprenditoriale bellunese\u201d. Con queste [&hellip;]","og_url":"https:\/\/www.bellunopress.it\/fr\/2022\/12\/16\/lorraine-berton-confermata-alla-presidenza-di-confindustria-dolomiti-belluno-le-congratulazioni-di-zaia\/","og_site_name":"Bellunopress - Dolomiti","article_publisher":"https:\/\/www.facebook.com\/profile.php?id=100008943462799","article_published_time":"2022-12-16T12:00:55+00:00","article_modified_time":"2022-12-16T18:47:23+00:00","og_image":[{"width":612,"height":673,"url":"https:\/\/www.bellunopress.it\/wp-content\/uploads\/2020\/03\/Lorraine_Berton_edited.jpg","type":"image\/jpeg"}],"author":"redazione","twitter_card":"summary_large_image","twitter_creator":"@bellunopress","twitter_site":"@bellunopress","twitter_misc":{"\u00c9crit par":"redazione","Dur\u00e9e de lecture estim\u00e9e":"6 minutes"},"schema":{"@context":"https:\/\/schema.org","@graph":[{"@type":"Article","@id":"https:\/\/www.bellunopress.it\/2022\/12\/16\/lorraine-berton-confermata-alla-presidenza-di-confindustria-dolomiti-belluno-le-congratulazioni-di-zaia\/#article","isPartOf":{"@id":"https:\/\/www.bellunopress.it\/2022\/12\/16\/lorraine-berton-confermata-alla-presidenza-di-confindustria-dolomiti-belluno-le-congratulazioni-di-zaia\/"},"author":{"name":"redazione","@id":"https:\/\/www.bellunopress.it\/#\/schema\/person\/79bb06722b37ece1c03d3e94beb30d73"},"headline":"Lorraine Berton confermata alla presidenza di Confindustria Dolomiti Belluno. Le congratulazioni di Zaia, Padrin, Carraro","datePublished":"2022-12-16T12:00:55+00:00","dateModified":"2022-12-16T18:47:23+00:00","mainEntityOfPage":{"@id":"https:\/\/www.bellunopress.it\/2022\/12\/16\/lorraine-berton-confermata-alla-presidenza-di-confindustria-dolomiti-belluno-le-congratulazioni-di-zaia\/"},"wordCount":975,"publisher":{"@id":"https:\/\/www.bellunopress.it\/#organization"},"image":{"@id":"https:\/\/www.bellunopress.it\/2022\/12\/16\/lorraine-berton-confermata-alla-presidenza-di-confindustria-dolomiti-belluno-le-congratulazioni-di-zaia\/#primaryimage"},"thumbnailUrl":"https:\/\/www.bellunopress.it\/wp-content\/uploads\/2020\/03\/Lorraine_Berton_edited.jpg","articleSection":["Lavoro, Economia, Turismo","Prima Pagina"],"inLanguage":"fr-FR"},{"@type":"WebPage","@id":"https:\/\/www.bellunopress.it\/2022\/12\/16\/lorraine-berton-confermata-alla-presidenza-di-confindustria-dolomiti-belluno-le-congratulazioni-di-zaia\/","url":"https:\/\/www.bellunopress.it\/2022\/12\/16\/lorraine-berton-confermata-alla-presidenza-di-confindustria-dolomiti-belluno-le-congratulazioni-di-zaia\/","name":"Lorraine Berton confermata alla presidenza di Confindustria Dolomiti Belluno. Le congratulazioni di Zaia, Padrin, Carraro - Bellunopress - Dolomiti","isPartOf":{"@id":"https:\/\/www.bellunopress.it\/#website"},"primaryImageOfPage":{"@id":"https:\/\/www.bellunopress.it\/2022\/12\/16\/lorraine-berton-confermata-alla-presidenza-di-confindustria-dolomiti-belluno-le-congratulazioni-di-zaia\/#primaryimage"},"image":{"@id":"https:\/\/www.bellunopress.it\/2022\/12\/16\/lorraine-berton-confermata-alla-presidenza-di-confindustria-dolomiti-belluno-le-congratulazioni-di-zaia\/#primaryimage"},"thumbnailUrl":"https:\/\/www.bellunopress.it\/wp-content\/uploads\/2020\/03\/Lorraine_Berton_edited.jpg","datePublished":"2022-12-16T12:00:55+00:00","dateModified":"2022-12-16T18:47:23+00:00","breadcrumb":{"@id":"https:\/\/www.bellunopress.it\/2022\/12\/16\/lorraine-berton-confermata-alla-presidenza-di-confindustria-dolomiti-belluno-le-congratulazioni-di-zaia\/#breadcrumb"},"inLanguage":"fr-FR","potentialAction":[{"@type":"ReadAction","target":["https:\/\/www.bellunopress.it\/2022\/12\/16\/lorraine-berton-confermata-alla-presidenza-di-confindustria-dolomiti-belluno-le-congratulazioni-di-zaia\/"]}]},{"@type":"ImageObject","inLanguage":"fr-FR","@id":"https:\/\/www.bellunopress.it\/2022\/12\/16\/lorraine-berton-confermata-alla-presidenza-di-confindustria-dolomiti-belluno-le-congratulazioni-di-zaia\/#primaryimage","url":"https:\/\/www.bellunopress.it\/wp-content\/uploads\/2020\/03\/Lorraine_Berton_edited.jpg","contentUrl":"https:\/\/www.bellunopress.it\/wp-content\/uploads\/2020\/03\/Lorraine_Berton_edited.jpg","width":612,"height":673,"caption":"Lorraine Berton - Presidente di MIDO, ANFAO e Confindustria Belluno Dolomiti"},{"@type":"BreadcrumbList","@id":"https:\/\/www.bellunopress.it\/2022\/12\/16\/lorraine-berton-confermata-alla-presidenza-di-confindustria-dolomiti-belluno-le-congratulazioni-di-zaia\/#breadcrumb","itemListElement":[{"@type":"ListItem","position":1,"name":"Home","item":"https:\/\/www.bellunopress.it\/"},{"@type":"ListItem","position":2,"name":"Lorraine Berton confermata alla presidenza di Confindustria Dolomiti Belluno. Le congratulazioni di Zaia, Padrin, Carraro"}]},{"@type":"WebSite","@id":"https:\/\/www.bellunopress.it\/#website","url":"https:\/\/www.bellunopress.it\/","name":"Bellunopress - Dolomiti","description":"e-mail: redazione@bellunopress.it","publisher":{"@id":"https:\/\/www.bellunopress.it\/#organization"},"potentialAction":[{"@type":"SearchAction","target":{"@type":"EntryPoint","urlTemplate":"https:\/\/www.bellunopress.it\/?s={search_term_string}"},"query-input":{"@type":"PropertyValueSpecification","valueRequired":true,"valueName":"search_term_string"}}],"inLanguage":"fr-FR"},{"@type":"Organization","@id":"https:\/\/www.bellunopress.it\/#organization","name":"Bellunopress","url":"https:\/\/www.bellunopress.it\/","logo":{"@type":"ImageObject","inLanguage":"fr-FR","@id":"https:\/\/www.bellunopress.it\/#\/schema\/logo\/image\/","url":"https:\/\/www.bellunopress.it\/wp-content\/uploads\/2011\/05\/cropped-logo-bellunopress-.jpg","contentUrl":"https:\/\/www.bellunopress.it\/wp-content\/uploads\/2011\/05\/cropped-logo-bellunopress-.jpg","width":512,"height":512,"caption":"Bellunopress"},"image":{"@id":"https:\/\/www.bellunopress.it\/#\/schema\/logo\/image\/"},"sameAs":["https:\/\/www.facebook.com\/profile.php?id=100008943462799","https:\/\/x.com\/bellunopress","https:\/\/www.linkedin.com\/hp\/?dnr=JBzUWaJfMUw8vbXJJ2tVW5-I3jZKvC4wsoxE&amp;amp;amp;amp;amp;amp;trk=nav_responsive_tab_home","https:\/\/www.youtube.com\/channel\/UCxL0wu1uN0_3_7hGG0306cw"]},{"@type":"Person","@id":"https:\/\/www.bellunopress.it\/#\/schema\/person\/79bb06722b37ece1c03d3e94beb30d73","name":"r\u00e9daction","image":{"@type":"ImageObject","inLanguage":"fr-FR","@id":"https:\/\/secure.gravatar.com\/avatar\/37d968a2e67a6fd04c169c4bdef102d0bc5d31b2546345219e348575eb80e9a0?s=96&d=mm&r=g","url":"https:\/\/secure.gravatar.com\/avatar\/37d968a2e67a6fd04c169c4bdef102d0bc5d31b2546345219e348575eb80e9a0?s=96&d=mm&r=g","contentUrl":"https:\/\/secure.gravatar.com\/avatar\/37d968a2e67a6fd04c169c4bdef102d0bc5d31b2546345219e348575eb80e9a0?s=96&d=mm&r=g","caption":"redazione"},"sameAs":["http:\/\/www.bellunopress.it","https:\/\/x.com\/bellunopress"],"url":"https:\/\/www.bellunopress.it\/fr\/author\/redazione\/"}]}},"_links":{"self":[{"href":"https:\/\/www.bellunopress.it\/fr\/wp-json\/wp\/v2\/posts\/138414","targetHints":{"allow":["GET"]}}],"collection":[{"href":"https:\/\/www.bellunopress.it\/fr\/wp-json\/wp\/v2\/posts"}],"about":[{"href":"https:\/\/www.bellunopress.it\/fr\/wp-json\/wp\/v2\/types\/post"}],"author":[{"embeddable":true,"href":"https:\/\/www.bellunopress.it\/fr\/wp-json\/wp\/v2\/users\/2"}],"replies":[{"embeddable":true,"href":"https:\/\/www.bellunopress.it\/fr\/wp-json\/wp\/v2\/comments?post=138414"}],"version-history":[{"count":7,"href":"https:\/\/www.bellunopress.it\/fr\/wp-json\/wp\/v2\/posts\/138414\/revisions"}],"predecessor-version":[{"id":138444,"href":"https:\/\/www.bellunopress.it\/fr\/wp-json\/wp\/v2\/posts\/138414\/revisions\/138444"}],"wp:featuredmedia":[{"embeddable":true,"href":"https:\/\/www.bellunopress.it\/fr\/wp-json\/wp\/v2\/media\/113249"}],"wp:attachment":[{"href":"https:\/\/www.bellunopress.it\/fr\/wp-json\/wp\/v2\/media?parent=138414"}],"wp:term":[{"taxonomy":"category","embeddable":true,"href":"https:\/\/www.bellunopress.it\/fr\/wp-json\/wp\/v2\/categories?post=138414"},{"taxonomy":"post_tag","embeddable":true,"href":"https:\/\/www.bellunopress.it\/fr\/wp-json\/wp\/v2\/tags?post=138414"}],"curies":[{"name":"wp","href":"https:\/\/api.w.org\/{rel}","templated":true}]}}