{"id":138410,"date":"2022-12-16T13:26:44","date_gmt":"2022-12-16T12:26:44","guid":{"rendered":"https:\/\/www.bellunopress.it\/?p=138410"},"modified":"2024-03-06T17:10:11","modified_gmt":"2024-03-06T16:10:11","slug":"confronto-scientifico-no-grazie-abbiamo-la-nostra-scienza-lettera-aperta-allordine-dei-medici-dal-dottor-dal-molin","status":"publish","type":"post","link":"https:\/\/www.bellunopress.it\/fr\/2022\/12\/16\/confronto-scientifico-no-grazie-abbiamo-la-nostra-scienza-lettera-aperta-allordine-dei-medici-dal-dottor-dal-molin\/","title":{"rendered":"Confronto scientifico? No grazie, abbiamo la nostra scienza. Lettera aperta all&#8217;Ordine dei medici dal dottor Dal Molin"},"content":{"rendered":"<p><img loading=\"lazy\" decoding=\"async\" class=\"alignleft size-full wp-image-138412\" src=\"https:\/\/www.bellunopress.it\/wp-content\/uploads\/2022\/12\/Ordine-dei-medici_edited.jpg\" alt=\"\" width=\"437\" height=\"365\" \/>Ho scritto 16 giorni fa la PEC che segue all\u2019Ordine dei Medici di Belluno, al suo Presidente e al suo Consiglio, senza avere alcuna risposta. In precedenza le lettere dei medici soci dell\u2019Ordine venivano rese note e pubblicate, in particolare se avevano un significato sanitario e professionale. Ora non pi\u00f9: vengono pubblicate integralmente per mail, senza commento, solo le comunicazioni ufficiali dei vari Ministri della Salute che quindi rappresentano disposizioni non commentabili n\u00e9 discutibili.<br \/>\nErgo i medici italiani hanno cambiato status, non sono pi\u00f9 liberi professionisti, ma dipendono direttamente \u201cper scienza e coscienza\u201d dalle doti morali e professionali del Ministro della Salute, anche se laureato in scienze politiche o in ingegneria aereonautica. Il presidente dell\u2019Ordine svolge la funzione di passacarte. Poich\u00e9 non vi \u00e8 stata risposta alla mia lettera ho chiesto di pubblicarla su \u201cBellunopress\u201d giornale on line. L\u2019unico giornale che pubblica anche lettere e argomentazioni non condivise dalla direzione editoriale. In questo modo il testo pu\u00f2 giungere anche a colleghi medici eventualmente interessati. Le molte lettere precedenti sullo stesso tema, inviate a giornaloni e giornalini, non sono mai state pubblicate, se non dalla Bellunopress. Per una pi\u00f9 facile comprensione del testo, indirizzato all\u2019Ordine dei Medici di Belluno e ora destinato ad un pubblico eterogeneo, ho apportato qualche modifica senza cambiarne il senso. Buona lettura.<\/p>\n<p>&nbsp;<\/p>\n<p><strong>Al Presidente Capelli e al Consiglio direttivo dell\u2019Ordine dei Medici di Belluno<\/strong><\/p>\n<p>Al politecnico di Torino a novembre si \u00e8 svolto un grande Convegno Internazionale: \u201cPoli- Covid 22. Salute Scienza e Societ\u00e0 alla prova della pandemia\u201d per un bilancio scientifico sugli anni di gestione della pandemia in tema di biologia, medicina, diritto, bioetica, sociologia e comunicazione.<br \/>\nI nostri Istituto Superiore di Sanit\u00e0 e Comitato Tecnico Scientifico hanno ritirato la loro partecipazione poich\u00e9 \u201csi dava spazio a punti di vista diversi sulla pandemia\u201d. Il Rettore del Politecnico ha annullato il Convegno. Ma il Comitato Scientifico e il Comitato Organizzatore del Convegno sono riusciti in pochissimo tempo a trovare una nuova sede e nuovi finanziatori. Una splendida figura del nostro Governo e delle nostre Istituzioni Scientifiche ed Accademiche che hanno imperversato per 3 anni su tutti i media, supini al volere governativo e del tutto allergici ad ogni confronto scientifico e libero da condizionamenti! Non per niente siamo uno dei Paesi pi\u00f9 arretrati al mondo circa la libert\u00e0 di informazione. La cosa non sembra disturbare neppure le nostre Universit\u00e0 e Comunit\u00e0 Scientifiche che in questo lungo periodo di tempo non hanno fatto sentire la propria voce. Dal resto del mondo non ci divide una cortina di ferro ma semplicemente un vuoto acustico che non siamo interessati a colmare.<br \/>\nSul sito <a href=\"https:\/\/www.libera-scelta.it\/policovid22\/\">liberascelta.it<\/a> gli abstract e i singoli interventi, con i sottotitoli per i relatori stranieri, sono stai pubblicati. Intanto in questi due ultimi anni alcuni giornali non governativi, molti libri e un flusso continuo di informazioni scientifiche hanno raggiunto tutti coloro che sono stati interessati ad un confronto con le inesattezze e stupidaggini del CTS nostrano e del nostro Governo Draghi, chiaramente arruolato nel carro del farmaco. Ne elenchiamo alcune piuttosto significative.<br \/>\n&#8211; Per quanto riguarda il virus CoVid-19 molti scienziati concludono che sia stato costruito come arma biologica dopo ricerche durate circa 15 anni a Wuhan. Il gruppo franco canadese di Coutard sostiene che il virus ha impronte digitali indicative di una manipolazione mirata. L\u2019Istituto di tecnologia della Universit\u00e0 di Nuova Delhi nel 2020 riscontra nel SARS-CoV-2 almeno 4 inserti genomici del virus dell\u2019HIV. Nell\u2019aprile 2020 Luc Antoine Montagnier conferma la manipolazione del virus e individua sequenze brevi di HIV sufficienti a modificare i siti antigenici, dichiarandosi certo che il virus sia uscito dal laboratorio di Wuhan.<br \/>\n&#8211; Per quanto riguarda i test molecolari PCR risulta che siano scientificamente privi di significato. Christian Heinrich Drosten, che dirige dal 2007 l\u2019Istituto di Virologia della Charit\u00e9 di Berlino, \u00e8 stato nominato dalla Presidente U. von der Leyen per la diagnostica biologica e ha messo a punto la diagnosi molecolare per la SARS-CoV-2 mediante il metodo PCR. In mancanza di campioni di virus ottenuti da Pazienti infettati dal SARS-CoV-2 il test non si basa sul genoma di questo virus ma sulla parentela con la SARS -CoV-1 del 2003, quindi non \u00e8 specifico (e potremmo dire inutile!) per l\u2019infezione virale in corso. Inoltre il metodo PCR si basa su 25-30 cicli di amplificazione al massimo, su indicazione dell\u2019inventore Kari Mullis. Se vengono usati pi\u00f9 di 40 cicli di amplificazione chiunque pu\u00f2 risultare positivo a tutto. Il Drosten PCR test \u00e8 standardizzato a 45 cicli. Drosten ha fatto in modo che i test PCR eseguiti sui tamponi di tutto il mondo siano quasi sempre positivi. Inversamente si potrebbe pensare che quando il test deve risultare negativo \u00e8 facile eseguire un numero ridotto di cicli di amplificazione, per esempio 25. Giorgio Pal\u00f9 dice che i frammenti di acidi nucleici che si trovano sui campioni non rappresentano necessariamente una particella virale infettante; pu\u00f2 trattarsi di un residuo o di un virus inattivo e comunque non \u00e8 detto che abbia una concentrazione sufficiente per infettare. Ci\u00f2 vuol dire, come sempre, che \u00e8 necessario distinguere tra contagio e malattia: i soggetti contagiati non sono necessariamente ammalati e quindi possono essere soggetti che hanno superato il contagio e sono sani.<br \/>\n&#8211; La terapia efficiente per la CoViD-19 \u00e8 la stessa gi\u00e0 usata da 20 anni per la SARS e per la MERS. 41 medici italiani hanno comunicato con una lettera nell\u2019aprile 2020 al ministro Speranza che la terapia immediata con cortisone, clorochina ed eparina previene le complicanze del virus e pu\u00f2 essere impiegata a domicilio. Il ministro non ha mai risposto, impegnato, se non arruolato, per promuovere soltanto il vaccino sperimentale.<br \/>\n&#8211; Per quanto riguarda il contagio ormai sappiamo che sono fonti di contagio sia i vaccinati che i soggetti non vaccinati e sappiamo anche che il vantaggio rappresentato dalla vaccinazione ha una breve durata di 3-4 mesi dopo di che rappresenta un handicap in tema di immunit\u00e0.<br \/>\n&#8211; Per quanto riguarda il vaccino (da molti scienziati considerato un farmaco e non un vaccino perch\u00e9 non costituito dal virus o da sue parti) le statistiche delle complicanze, gli esiti e i decessi post vaccino si arricchiscono giornalmente di casi drammatici, in particolare per quanto riguarda i giovanissimi e gli atleti.<br \/>\n-Quindi sospendere dal lavoro e dallo stipendio i sanitari che non hanno voluto sottoporsi ad una vaccinazione sperimentale per proteggere la popolazione dal contagio non aveva e non ha senso, tanto pi\u00f9 che la percentuale dei vaccinati in Italia \u00e8 superiore al 90%. In questo contesto l\u2019odio e il disprezzo manifestato dai molti operatori televisivi e membri dei CTS nei confronti dei non vaccinati rappresenta soltanto la loro totale disinformazione, o la loro intrinseca oligofrenia, oppure pi\u00f9 probabilmente la loro totale dipendenza dalle multinazionali che li hanno arruolati e pagati come consulenti.<br \/>\n&#8211; I sanitari che sono stati riammessi al lavoro nel mese di novembre sono stati anche ghettizzati, umiliati, discriminati e demansionati perch\u00e9 non affidabili (vedi Pregliasco) e anche questo, con tutto quel che precede, \u00e8 stupefacente e paradossale.<br \/>\n&#8211; In questi gg. ecco un\u2019altra buona notizia: il Presidente della Federazione Nazionale degli Ordini dei Medici dott. Filippo Anelli, gi\u00e0 largamente conosciuto per la sua intrinseca \u201cvis comica\u201d, propone di cambiare il codice di deontologia medica per impedire ai medici di avere riserve clinico-professionali sul vaccino sperimentale. Per lui non \u00e8 stato previsto il TSO. Ma in sua difesa (e dei molti come lui che si ostinano a volere l\u2019Italia come unico Paese al Mondo col 100% di cittadini di serie A vaccinati e la \u201cteppaglia no-vax\u201d, dei cittadini di serie B, isolata e privata dei diritti civili) \u00e8 stato escluso dalle nostre Autorit\u00e0 Politiche il confronto scientifico ufficiale di Torino sopradescritto con gli scienziati dell\u2019 \u201daltro mondo\u201d.<br \/>\nEsprime lo stesso concetto, con parole solo lievemente pi\u00f9 diplomatiche, il Comunicato stampa a conclusione del Congresso POLI-COVID-22 dopo il ritiro dell\u2019 ISS e del CTS Italiani:\u201d La vicenda, singolare e atipica, induce a riflettere sull\u2019esigenza prioritaria che la comunit\u00e0 scientifica riaffermi i suoi canoni di disinteresse, indipendenza, trasparenza, disponibilit\u00e0 al confronto critico e alla rivalutazione delle conoscenze acquisite\u201d Successivamente scrive\u201d risulta altres\u00ec chiaro che alcuni aspetti relativi alla pandemia COVID-19, soprattutto rispetto alla ragionevolezza, alla proporzionalit\u00e0 e all\u2019impatto delle misure messe in atto per contrastarla, sono fortemente controversi. \u00c8 quindi imperativo e urgente riportare in primo piano i principi bioetici e la tutela dei diritti fondamentali, e su queste basi procedere con verifiche approfondite affinch\u00e9 la comunit\u00e0 scientifica possa offrire una conoscenza consolidata come presupposto dell\u2019azione legislativa e di governo.\u201d<br \/>\nCome medico iscritto a questo Ordine chiedo al Presidente e al Consiglio direttivo di specificare sia a me che agli altri iscritti quale sia la posizione ufficiale dell\u2019Ordine nei confronti dei fatti sopra elencati, se intenda mantenere totale e supina disponibilit\u00e0 alle disposizioni di qualunque ministro della Sanit\u00e0, come fatto finora, o infine se non voglia adeguarsi semplicemente al codice di deontologia medica e ai concetti di libera scienza e coscienza.<br \/>\nDistinti saluti<br \/>\nDr. Filiberto Dal Molin<\/p>\n<p>&nbsp;<\/p>","protected":false},"excerpt":{"rendered":"<p>Ho scritto 16 giorni fa la PEC che segue all\u2019Ordine dei Medici di Belluno, al suo Presidente e al suo Consiglio, senza avere alcuna risposta. In precedenza le lettere dei medici soci dell\u2019Ordine venivano rese note e pubblicate, in particolare se avevano un significato sanitario e professionale. Ora non pi\u00f9: vengono pubblicate integralmente per mail, [&hellip;]<\/p>\n","protected":false},"author":2,"featured_media":138412,"comment_status":"closed","ping_status":"open","sticky":false,"template":"","format":"standard","meta":{"footnotes":""},"categories":[3614,3446,1,26,17],"tags":[],"class_list":["post-138410","post","type-post","status-publish","format-standard","has-post-thumbnail","category-controcorrente","category-featured","category-leo","category-prima-pagina","category-sanita"],"yoast_head":"<!-- This site is optimized with the Yoast SEO plugin v28.4 - https:\/\/yoast.com\/product\/yoast-seo-wordpress\/ -->\n<title>Confronto scientifico? No grazie, abbiamo la nostra scienza. Lettera aperta all&#039;Ordine dei medici dal dottor Dal Molin - Bellunopress - Dolomiti<\/title>\n<meta name=\"robots\" content=\"index, follow, max-snippet:-1, max-image-preview:large, max-video-preview:-1\" \/>\n<link rel=\"canonical\" href=\"https:\/\/www.bellunopress.it\/fr\/2022\/12\/16\/confronto-scientifico-no-grazie-abbiamo-la-nostra-scienza-lettera-aperta-allordine-dei-medici-dal-dottor-dal-molin\/\" \/>\n<meta property=\"og:locale\" content=\"fr_FR\" \/>\n<meta property=\"og:type\" content=\"article\" \/>\n<meta property=\"og:title\" content=\"Confronto scientifico? No grazie, abbiamo la nostra scienza. Lettera aperta all&#039;Ordine dei medici dal dottor Dal Molin - Bellunopress - Dolomiti\" \/>\n<meta property=\"og:description\" content=\"Ho scritto 16 giorni fa la PEC che segue all\u2019Ordine dei Medici di Belluno, al suo Presidente e al suo Consiglio, senza avere alcuna risposta. In precedenza le lettere dei medici soci dell\u2019Ordine venivano rese note e pubblicate, in particolare se avevano un significato sanitario e professionale. Ora non pi\u00f9: vengono pubblicate integralmente per mail, [&hellip;]\" \/>\n<meta property=\"og:url\" content=\"https:\/\/www.bellunopress.it\/fr\/2022\/12\/16\/confronto-scientifico-no-grazie-abbiamo-la-nostra-scienza-lettera-aperta-allordine-dei-medici-dal-dottor-dal-molin\/\" \/>\n<meta property=\"og:site_name\" content=\"Bellunopress - Dolomiti\" \/>\n<meta property=\"article:publisher\" content=\"https:\/\/www.facebook.com\/profile.php?id=100008943462799\" \/>\n<meta property=\"article:published_time\" content=\"2022-12-16T12:26:44+00:00\" \/>\n<meta property=\"article:modified_time\" content=\"2024-03-06T16:10:11+00:00\" \/>\n<meta property=\"og:image\" content=\"https:\/\/www.bellunopress.it\/wp-content\/uploads\/2022\/12\/Ordine-dei-medici_edited.jpg\" \/>\n\t<meta property=\"og:image:width\" content=\"437\" \/>\n\t<meta property=\"og:image:height\" content=\"365\" \/>\n\t<meta property=\"og:image:type\" content=\"image\/jpeg\" \/>\n<meta name=\"author\" content=\"redazione\" \/>\n<meta name=\"twitter:card\" content=\"summary_large_image\" \/>\n<meta name=\"twitter:creator\" content=\"@bellunopress\" \/>\n<meta name=\"twitter:site\" content=\"@bellunopress\" \/>\n<meta name=\"twitter:label1\" content=\"\u00c9crit par\" \/>\n\t<meta name=\"twitter:data1\" content=\"redazione\" \/>\n\t<meta name=\"twitter:label2\" content=\"Dur\u00e9e de lecture estim\u00e9e\" \/>\n\t<meta name=\"twitter:data2\" content=\"9 minutes\" \/>\n<script type=\"application\/ld+json\" class=\"yoast-schema-graph\">{\"@context\":\"https:\\\/\\\/schema.org\",\"@graph\":[{\"@type\":\"Article\",\"@id\":\"https:\\\/\\\/www.bellunopress.it\\\/2022\\\/12\\\/16\\\/confronto-scientifico-no-grazie-abbiamo-la-nostra-scienza-lettera-aperta-allordine-dei-medici-dal-dottor-dal-molin\\\/#article\",\"isPartOf\":{\"@id\":\"https:\\\/\\\/www.bellunopress.it\\\/2022\\\/12\\\/16\\\/confronto-scientifico-no-grazie-abbiamo-la-nostra-scienza-lettera-aperta-allordine-dei-medici-dal-dottor-dal-molin\\\/\"},\"author\":{\"name\":\"redazione\",\"@id\":\"https:\\\/\\\/www.bellunopress.it\\\/#\\\/schema\\\/person\\\/79bb06722b37ece1c03d3e94beb30d73\"},\"headline\":\"Confronto scientifico? No grazie, abbiamo la nostra scienza. Lettera aperta all&#8217;Ordine dei medici dal dottor Dal Molin\",\"datePublished\":\"2022-12-16T12:26:44+00:00\",\"dateModified\":\"2024-03-06T16:10:11+00:00\",\"mainEntityOfPage\":{\"@id\":\"https:\\\/\\\/www.bellunopress.it\\\/2022\\\/12\\\/16\\\/confronto-scientifico-no-grazie-abbiamo-la-nostra-scienza-lettera-aperta-allordine-dei-medici-dal-dottor-dal-molin\\\/\"},\"wordCount\":1500,\"publisher\":{\"@id\":\"https:\\\/\\\/www.bellunopress.it\\\/#organization\"},\"image\":{\"@id\":\"https:\\\/\\\/www.bellunopress.it\\\/2022\\\/12\\\/16\\\/confronto-scientifico-no-grazie-abbiamo-la-nostra-scienza-lettera-aperta-allordine-dei-medici-dal-dottor-dal-molin\\\/#primaryimage\"},\"thumbnailUrl\":\"https:\\\/\\\/www.bellunopress.it\\\/wp-content\\\/uploads\\\/2022\\\/12\\\/Ordine-dei-medici_edited.jpg\",\"articleSection\":[\"Controcorrente Dr Filiberto Dal Molin\",\"Featured\",\"Lettere Opinioni\",\"Prima Pagina\",\"Sanit\u00e0 Medicina\"],\"inLanguage\":\"fr-FR\"},{\"@type\":\"WebPage\",\"@id\":\"https:\\\/\\\/www.bellunopress.it\\\/2022\\\/12\\\/16\\\/confronto-scientifico-no-grazie-abbiamo-la-nostra-scienza-lettera-aperta-allordine-dei-medici-dal-dottor-dal-molin\\\/\",\"url\":\"https:\\\/\\\/www.bellunopress.it\\\/2022\\\/12\\\/16\\\/confronto-scientifico-no-grazie-abbiamo-la-nostra-scienza-lettera-aperta-allordine-dei-medici-dal-dottor-dal-molin\\\/\",\"name\":\"Confronto scientifico? No grazie, abbiamo la nostra scienza. Lettera aperta all'Ordine dei medici dal dottor Dal Molin - Bellunopress - Dolomiti\",\"isPartOf\":{\"@id\":\"https:\\\/\\\/www.bellunopress.it\\\/#website\"},\"primaryImageOfPage\":{\"@id\":\"https:\\\/\\\/www.bellunopress.it\\\/2022\\\/12\\\/16\\\/confronto-scientifico-no-grazie-abbiamo-la-nostra-scienza-lettera-aperta-allordine-dei-medici-dal-dottor-dal-molin\\\/#primaryimage\"},\"image\":{\"@id\":\"https:\\\/\\\/www.bellunopress.it\\\/2022\\\/12\\\/16\\\/confronto-scientifico-no-grazie-abbiamo-la-nostra-scienza-lettera-aperta-allordine-dei-medici-dal-dottor-dal-molin\\\/#primaryimage\"},\"thumbnailUrl\":\"https:\\\/\\\/www.bellunopress.it\\\/wp-content\\\/uploads\\\/2022\\\/12\\\/Ordine-dei-medici_edited.jpg\",\"datePublished\":\"2022-12-16T12:26:44+00:00\",\"dateModified\":\"2024-03-06T16:10:11+00:00\",\"breadcrumb\":{\"@id\":\"https:\\\/\\\/www.bellunopress.it\\\/2022\\\/12\\\/16\\\/confronto-scientifico-no-grazie-abbiamo-la-nostra-scienza-lettera-aperta-allordine-dei-medici-dal-dottor-dal-molin\\\/#breadcrumb\"},\"inLanguage\":\"fr-FR\",\"potentialAction\":[{\"@type\":\"ReadAction\",\"target\":[\"https:\\\/\\\/www.bellunopress.it\\\/2022\\\/12\\\/16\\\/confronto-scientifico-no-grazie-abbiamo-la-nostra-scienza-lettera-aperta-allordine-dei-medici-dal-dottor-dal-molin\\\/\"]}]},{\"@type\":\"ImageObject\",\"inLanguage\":\"fr-FR\",\"@id\":\"https:\\\/\\\/www.bellunopress.it\\\/2022\\\/12\\\/16\\\/confronto-scientifico-no-grazie-abbiamo-la-nostra-scienza-lettera-aperta-allordine-dei-medici-dal-dottor-dal-molin\\\/#primaryimage\",\"url\":\"https:\\\/\\\/www.bellunopress.it\\\/wp-content\\\/uploads\\\/2022\\\/12\\\/Ordine-dei-medici_edited.jpg\",\"contentUrl\":\"https:\\\/\\\/www.bellunopress.it\\\/wp-content\\\/uploads\\\/2022\\\/12\\\/Ordine-dei-medici_edited.jpg\",\"width\":437,\"height\":365},{\"@type\":\"BreadcrumbList\",\"@id\":\"https:\\\/\\\/www.bellunopress.it\\\/2022\\\/12\\\/16\\\/confronto-scientifico-no-grazie-abbiamo-la-nostra-scienza-lettera-aperta-allordine-dei-medici-dal-dottor-dal-molin\\\/#breadcrumb\",\"itemListElement\":[{\"@type\":\"ListItem\",\"position\":1,\"name\":\"Home\",\"item\":\"https:\\\/\\\/www.bellunopress.it\\\/\"},{\"@type\":\"ListItem\",\"position\":2,\"name\":\"Confronto scientifico? No grazie, abbiamo la nostra scienza. Lettera aperta all&#8217;Ordine dei medici dal dottor Dal Molin\"}]},{\"@type\":\"WebSite\",\"@id\":\"https:\\\/\\\/www.bellunopress.it\\\/#website\",\"url\":\"https:\\\/\\\/www.bellunopress.it\\\/\",\"name\":\"Bellunopress - Dolomiti\",\"description\":\"e-mail: redazione@bellunopress.it\",\"publisher\":{\"@id\":\"https:\\\/\\\/www.bellunopress.it\\\/#organization\"},\"potentialAction\":[{\"@type\":\"SearchAction\",\"target\":{\"@type\":\"EntryPoint\",\"urlTemplate\":\"https:\\\/\\\/www.bellunopress.it\\\/?s={search_term_string}\"},\"query-input\":{\"@type\":\"PropertyValueSpecification\",\"valueRequired\":true,\"valueName\":\"search_term_string\"}}],\"inLanguage\":\"fr-FR\"},{\"@type\":\"Organization\",\"@id\":\"https:\\\/\\\/www.bellunopress.it\\\/#organization\",\"name\":\"Bellunopress\",\"url\":\"https:\\\/\\\/www.bellunopress.it\\\/\",\"logo\":{\"@type\":\"ImageObject\",\"inLanguage\":\"fr-FR\",\"@id\":\"https:\\\/\\\/www.bellunopress.it\\\/#\\\/schema\\\/logo\\\/image\\\/\",\"url\":\"https:\\\/\\\/www.bellunopress.it\\\/wp-content\\\/uploads\\\/2011\\\/05\\\/cropped-logo-bellunopress-.jpg\",\"contentUrl\":\"https:\\\/\\\/www.bellunopress.it\\\/wp-content\\\/uploads\\\/2011\\\/05\\\/cropped-logo-bellunopress-.jpg\",\"width\":512,\"height\":512,\"caption\":\"Bellunopress\"},\"image\":{\"@id\":\"https:\\\/\\\/www.bellunopress.it\\\/#\\\/schema\\\/logo\\\/image\\\/\"},\"sameAs\":[\"https:\\\/\\\/www.facebook.com\\\/profile.php?id=100008943462799\",\"https:\\\/\\\/x.com\\\/bellunopress\",\"https:\\\/\\\/www.linkedin.com\\\/hp\\\/?dnr=JBzUWaJfMUw8vbXJJ2tVW5-I3jZKvC4wsoxE&amp;amp;amp;amp;amp;amp;trk=nav_responsive_tab_home\",\"https:\\\/\\\/www.youtube.com\\\/channel\\\/UCxL0wu1uN0_3_7hGG0306cw\"]},{\"@type\":\"Person\",\"@id\":\"https:\\\/\\\/www.bellunopress.it\\\/#\\\/schema\\\/person\\\/79bb06722b37ece1c03d3e94beb30d73\",\"name\":\"redazione\",\"image\":{\"@type\":\"ImageObject\",\"inLanguage\":\"fr-FR\",\"@id\":\"https:\\\/\\\/secure.gravatar.com\\\/avatar\\\/37d968a2e67a6fd04c169c4bdef102d0bc5d31b2546345219e348575eb80e9a0?s=96&d=mm&r=g\",\"url\":\"https:\\\/\\\/secure.gravatar.com\\\/avatar\\\/37d968a2e67a6fd04c169c4bdef102d0bc5d31b2546345219e348575eb80e9a0?s=96&d=mm&r=g\",\"contentUrl\":\"https:\\\/\\\/secure.gravatar.com\\\/avatar\\\/37d968a2e67a6fd04c169c4bdef102d0bc5d31b2546345219e348575eb80e9a0?s=96&d=mm&r=g\",\"caption\":\"redazione\"},\"sameAs\":[\"http:\\\/\\\/www.bellunopress.it\",\"https:\\\/\\\/x.com\\\/bellunopress\"],\"url\":\"https:\\\/\\\/www.bellunopress.it\\\/fr\\\/author\\\/redazione\\\/\"}]}<\/script>\n<!-- \/ Yoast SEO plugin. -->","yoast_head_json":{"title":"Confronto scientifico? No grazie, abbiamo la nostra scienza. Lettera aperta all'Ordine dei medici dal dottor Dal Molin - Bellunopress - Dolomiti","robots":{"index":"index","follow":"follow","max-snippet":"max-snippet:-1","max-image-preview":"max-image-preview:large","max-video-preview":"max-video-preview:-1"},"canonical":"https:\/\/www.bellunopress.it\/fr\/2022\/12\/16\/confronto-scientifico-no-grazie-abbiamo-la-nostra-scienza-lettera-aperta-allordine-dei-medici-dal-dottor-dal-molin\/","og_locale":"fr_FR","og_type":"article","og_title":"Confronto scientifico? No grazie, abbiamo la nostra scienza. Lettera aperta all'Ordine dei medici dal dottor Dal Molin - Bellunopress - Dolomiti","og_description":"Ho scritto 16 giorni fa la PEC che segue all\u2019Ordine dei Medici di Belluno, al suo Presidente e al suo Consiglio, senza avere alcuna risposta. In precedenza le lettere dei medici soci dell\u2019Ordine venivano rese note e pubblicate, in particolare se avevano un significato sanitario e professionale. Ora non pi\u00f9: vengono pubblicate integralmente per mail, [&hellip;]","og_url":"https:\/\/www.bellunopress.it\/fr\/2022\/12\/16\/confronto-scientifico-no-grazie-abbiamo-la-nostra-scienza-lettera-aperta-allordine-dei-medici-dal-dottor-dal-molin\/","og_site_name":"Bellunopress - Dolomiti","article_publisher":"https:\/\/www.facebook.com\/profile.php?id=100008943462799","article_published_time":"2022-12-16T12:26:44+00:00","article_modified_time":"2024-03-06T16:10:11+00:00","og_image":[{"width":437,"height":365,"url":"https:\/\/www.bellunopress.it\/wp-content\/uploads\/2022\/12\/Ordine-dei-medici_edited.jpg","type":"image\/jpeg"}],"author":"redazione","twitter_card":"summary_large_image","twitter_creator":"@bellunopress","twitter_site":"@bellunopress","twitter_misc":{"\u00c9crit par":"redazione","Dur\u00e9e de lecture estim\u00e9e":"9 minutes"},"schema":{"@context":"https:\/\/schema.org","@graph":[{"@type":"Article","@id":"https:\/\/www.bellunopress.it\/2022\/12\/16\/confronto-scientifico-no-grazie-abbiamo-la-nostra-scienza-lettera-aperta-allordine-dei-medici-dal-dottor-dal-molin\/#article","isPartOf":{"@id":"https:\/\/www.bellunopress.it\/2022\/12\/16\/confronto-scientifico-no-grazie-abbiamo-la-nostra-scienza-lettera-aperta-allordine-dei-medici-dal-dottor-dal-molin\/"},"author":{"name":"redazione","@id":"https:\/\/www.bellunopress.it\/#\/schema\/person\/79bb06722b37ece1c03d3e94beb30d73"},"headline":"Confronto scientifico? No grazie, abbiamo la nostra scienza. Lettera aperta all&#8217;Ordine dei medici dal dottor Dal Molin","datePublished":"2022-12-16T12:26:44+00:00","dateModified":"2024-03-06T16:10:11+00:00","mainEntityOfPage":{"@id":"https:\/\/www.bellunopress.it\/2022\/12\/16\/confronto-scientifico-no-grazie-abbiamo-la-nostra-scienza-lettera-aperta-allordine-dei-medici-dal-dottor-dal-molin\/"},"wordCount":1500,"publisher":{"@id":"https:\/\/www.bellunopress.it\/#organization"},"image":{"@id":"https:\/\/www.bellunopress.it\/2022\/12\/16\/confronto-scientifico-no-grazie-abbiamo-la-nostra-scienza-lettera-aperta-allordine-dei-medici-dal-dottor-dal-molin\/#primaryimage"},"thumbnailUrl":"https:\/\/www.bellunopress.it\/wp-content\/uploads\/2022\/12\/Ordine-dei-medici_edited.jpg","articleSection":["Controcorrente Dr Filiberto Dal Molin","Featured","Lettere Opinioni","Prima Pagina","Sanit\u00e0 Medicina"],"inLanguage":"fr-FR"},{"@type":"WebPage","@id":"https:\/\/www.bellunopress.it\/2022\/12\/16\/confronto-scientifico-no-grazie-abbiamo-la-nostra-scienza-lettera-aperta-allordine-dei-medici-dal-dottor-dal-molin\/","url":"https:\/\/www.bellunopress.it\/2022\/12\/16\/confronto-scientifico-no-grazie-abbiamo-la-nostra-scienza-lettera-aperta-allordine-dei-medici-dal-dottor-dal-molin\/","name":"Confronto scientifico? No grazie, abbiamo la nostra scienza. Lettera aperta all'Ordine dei medici dal dottor Dal Molin - Bellunopress - Dolomiti","isPartOf":{"@id":"https:\/\/www.bellunopress.it\/#website"},"primaryImageOfPage":{"@id":"https:\/\/www.bellunopress.it\/2022\/12\/16\/confronto-scientifico-no-grazie-abbiamo-la-nostra-scienza-lettera-aperta-allordine-dei-medici-dal-dottor-dal-molin\/#primaryimage"},"image":{"@id":"https:\/\/www.bellunopress.it\/2022\/12\/16\/confronto-scientifico-no-grazie-abbiamo-la-nostra-scienza-lettera-aperta-allordine-dei-medici-dal-dottor-dal-molin\/#primaryimage"},"thumbnailUrl":"https:\/\/www.bellunopress.it\/wp-content\/uploads\/2022\/12\/Ordine-dei-medici_edited.jpg","datePublished":"2022-12-16T12:26:44+00:00","dateModified":"2024-03-06T16:10:11+00:00","breadcrumb":{"@id":"https:\/\/www.bellunopress.it\/2022\/12\/16\/confronto-scientifico-no-grazie-abbiamo-la-nostra-scienza-lettera-aperta-allordine-dei-medici-dal-dottor-dal-molin\/#breadcrumb"},"inLanguage":"fr-FR","potentialAction":[{"@type":"ReadAction","target":["https:\/\/www.bellunopress.it\/2022\/12\/16\/confronto-scientifico-no-grazie-abbiamo-la-nostra-scienza-lettera-aperta-allordine-dei-medici-dal-dottor-dal-molin\/"]}]},{"@type":"ImageObject","inLanguage":"fr-FR","@id":"https:\/\/www.bellunopress.it\/2022\/12\/16\/confronto-scientifico-no-grazie-abbiamo-la-nostra-scienza-lettera-aperta-allordine-dei-medici-dal-dottor-dal-molin\/#primaryimage","url":"https:\/\/www.bellunopress.it\/wp-content\/uploads\/2022\/12\/Ordine-dei-medici_edited.jpg","contentUrl":"https:\/\/www.bellunopress.it\/wp-content\/uploads\/2022\/12\/Ordine-dei-medici_edited.jpg","width":437,"height":365},{"@type":"BreadcrumbList","@id":"https:\/\/www.bellunopress.it\/2022\/12\/16\/confronto-scientifico-no-grazie-abbiamo-la-nostra-scienza-lettera-aperta-allordine-dei-medici-dal-dottor-dal-molin\/#breadcrumb","itemListElement":[{"@type":"ListItem","position":1,"name":"Home","item":"https:\/\/www.bellunopress.it\/"},{"@type":"ListItem","position":2,"name":"Confronto scientifico? No grazie, abbiamo la nostra scienza. Lettera aperta all&#8217;Ordine dei medici dal dottor Dal Molin"}]},{"@type":"WebSite","@id":"https:\/\/www.bellunopress.it\/#website","url":"https:\/\/www.bellunopress.it\/","name":"Bellunopress - Dolomiti","description":"e-mail: redazione@bellunopress.it","publisher":{"@id":"https:\/\/www.bellunopress.it\/#organization"},"potentialAction":[{"@type":"SearchAction","target":{"@type":"EntryPoint","urlTemplate":"https:\/\/www.bellunopress.it\/?s={search_term_string}"},"query-input":{"@type":"PropertyValueSpecification","valueRequired":true,"valueName":"search_term_string"}}],"inLanguage":"fr-FR"},{"@type":"Organization","@id":"https:\/\/www.bellunopress.it\/#organization","name":"Bellunopress","url":"https:\/\/www.bellunopress.it\/","logo":{"@type":"ImageObject","inLanguage":"fr-FR","@id":"https:\/\/www.bellunopress.it\/#\/schema\/logo\/image\/","url":"https:\/\/www.bellunopress.it\/wp-content\/uploads\/2011\/05\/cropped-logo-bellunopress-.jpg","contentUrl":"https:\/\/www.bellunopress.it\/wp-content\/uploads\/2011\/05\/cropped-logo-bellunopress-.jpg","width":512,"height":512,"caption":"Bellunopress"},"image":{"@id":"https:\/\/www.bellunopress.it\/#\/schema\/logo\/image\/"},"sameAs":["https:\/\/www.facebook.com\/profile.php?id=100008943462799","https:\/\/x.com\/bellunopress","https:\/\/www.linkedin.com\/hp\/?dnr=JBzUWaJfMUw8vbXJJ2tVW5-I3jZKvC4wsoxE&amp;amp;amp;amp;amp;amp;trk=nav_responsive_tab_home","https:\/\/www.youtube.com\/channel\/UCxL0wu1uN0_3_7hGG0306cw"]},{"@type":"Person","@id":"https:\/\/www.bellunopress.it\/#\/schema\/person\/79bb06722b37ece1c03d3e94beb30d73","name":"r\u00e9daction","image":{"@type":"ImageObject","inLanguage":"fr-FR","@id":"https:\/\/secure.gravatar.com\/avatar\/37d968a2e67a6fd04c169c4bdef102d0bc5d31b2546345219e348575eb80e9a0?s=96&d=mm&r=g","url":"https:\/\/secure.gravatar.com\/avatar\/37d968a2e67a6fd04c169c4bdef102d0bc5d31b2546345219e348575eb80e9a0?s=96&d=mm&r=g","contentUrl":"https:\/\/secure.gravatar.com\/avatar\/37d968a2e67a6fd04c169c4bdef102d0bc5d31b2546345219e348575eb80e9a0?s=96&d=mm&r=g","caption":"redazione"},"sameAs":["http:\/\/www.bellunopress.it","https:\/\/x.com\/bellunopress"],"url":"https:\/\/www.bellunopress.it\/fr\/author\/redazione\/"}]}},"_links":{"self":[{"href":"https:\/\/www.bellunopress.it\/fr\/wp-json\/wp\/v2\/posts\/138410","targetHints":{"allow":["GET"]}}],"collection":[{"href":"https:\/\/www.bellunopress.it\/fr\/wp-json\/wp\/v2\/posts"}],"about":[{"href":"https:\/\/www.bellunopress.it\/fr\/wp-json\/wp\/v2\/types\/post"}],"author":[{"embeddable":true,"href":"https:\/\/www.bellunopress.it\/fr\/wp-json\/wp\/v2\/users\/2"}],"replies":[{"embeddable":true,"href":"https:\/\/www.bellunopress.it\/fr\/wp-json\/wp\/v2\/comments?post=138410"}],"version-history":[{"count":1,"href":"https:\/\/www.bellunopress.it\/fr\/wp-json\/wp\/v2\/posts\/138410\/revisions"}],"predecessor-version":[{"id":138413,"href":"https:\/\/www.bellunopress.it\/fr\/wp-json\/wp\/v2\/posts\/138410\/revisions\/138413"}],"wp:featuredmedia":[{"embeddable":true,"href":"https:\/\/www.bellunopress.it\/fr\/wp-json\/wp\/v2\/media\/138412"}],"wp:attachment":[{"href":"https:\/\/www.bellunopress.it\/fr\/wp-json\/wp\/v2\/media?parent=138410"}],"wp:term":[{"taxonomy":"category","embeddable":true,"href":"https:\/\/www.bellunopress.it\/fr\/wp-json\/wp\/v2\/categories?post=138410"},{"taxonomy":"post_tag","embeddable":true,"href":"https:\/\/www.bellunopress.it\/fr\/wp-json\/wp\/v2\/tags?post=138410"}],"curies":[{"name":"wp","href":"https:\/\/api.w.org\/{rel}","templated":true}]}}