{"id":138393,"date":"2022-12-15T17:29:35","date_gmt":"2022-12-15T16:29:35","guid":{"rendered":"https:\/\/www.bellunopress.it\/?p=138393"},"modified":"2022-12-15T17:29:35","modified_gmt":"2022-12-15T16:29:35","slug":"nevegal-ski-area-il-campo-scuola-apre-sabato-17-dicembre","status":"publish","type":"post","link":"https:\/\/www.bellunopress.it\/fr\/2022\/12\/15\/nevegal-ski-area-il-campo-scuola-apre-sabato-17-dicembre\/","title":{"rendered":"Nevegal Ski Area: il campo scuola apre sabato 17 dicembre"},"content":{"rendered":"<p><img loading=\"lazy\" decoding=\"async\" class=\"alignleft size-full wp-image-138395\" src=\"https:\/\/www.bellunopress.it\/wp-content\/uploads\/2022\/12\/Nevegal_edited.jpg\" alt=\"\" width=\"1000\" height=\"678\" srcset=\"https:\/\/www.bellunopress.it\/wp-content\/uploads\/2022\/12\/Nevegal_edited.jpg 1000w, https:\/\/www.bellunopress.it\/wp-content\/uploads\/2022\/12\/Nevegal_edited-500x339.jpg 500w, https:\/\/www.bellunopress.it\/wp-content\/uploads\/2022\/12\/Nevegal_edited-696x472.jpg 696w, https:\/\/www.bellunopress.it\/wp-content\/uploads\/2022\/12\/Nevegal_edited-619x420.jpg 619w\" sizes=\"auto, (max-width: 1000px) 100vw, 1000px\" \/>Molin: \u00abIl freddo ci sta aiutando, stiamo lavorando per aprire anche il resto del comprensorio prima di Natale\u00bb. Le tessere stagionali sono disponibili all&#8217;ufficio skipass.<\/p>\n<p>Alpe del Nevegal (BL) Gioved\u00ec 15 Dicembre 2022\u00a0 &#8211;\u00a0\u00a0In queste ultime notti i cannoni per la neve artificiale hanno lavorato non stop. Le temperature gelide hanno permesso di produrre i metri cubi di neve necessari alla preparazione della pista Campo Scuola. \u00abConfermiamo &#8211; ha detto il presidente di Nevegal2021, Alessandro Molin &#8211; che sabato 17 dicembre l&#8217;impianto del Campo Scuola sar\u00e0 aperto al pubblico\u00bb. \u00abNei prossimi giorni ci sar\u00e0 un leggero aumento delle temperature &#8211; ha continuato Molin &#8211; ma noi andremo avanti con il nostro programma per cercare di aprire la ski area per Natale. In quota non abbiamo problemi perch\u00e9 la neve caduta i giorni scorsi \u00e8 abbondante e l&#8217;abbiamo gi\u00e0 compattata con i battipista. Dobbiamo lavorare ancora un paio di notti nella parte intermedia, sistemato quelle zone si potr\u00e0 aprire tutto il demanio sciabile\u00bb.<br \/>\nSabato 17 dicembre oltre ad avere i primi sciatori sul Colle ci sar\u00e0 anche l&#8217;inaugurazione della nuova sede della Scuola di Sci e del nuovo campetto pratica appena sotto lo skilift del Campo Scuola. Dalle ore 15 in piazzale si potr\u00e0 fare un brindisi con tutti i maestri della Scuola.<br \/>\nPer quanto riguarda le tessere stagionali fino al 22 dicembre sar\u00e0 possibile acquistare lo skipass stagionale a un particolare prezzo, inoltre \u00e8 previsto uno sconto famiglia del 10% riservato ai componenti dello stesso nucleo famigliare (genitori+figli). Si dovr\u00e0 presentare lo stato di famiglia al ritiro delle tessere. Gli adulti pagheranno 229,00\u20ac, gli Junior 179,00\u20ac, mentre la tessera Kids coster\u00e0 139,00\u20ac.<br \/>\nLe tessere stagionali gi\u00e0 acquistate si potranno ritirare in questi giorni all&#8217;Ufficio Skipass del Piazzale Nevegal.<\/p>","protected":false},"excerpt":{"rendered":"<p>Molin: \u00abIl freddo ci sta aiutando, stiamo lavorando per aprire anche il resto del comprensorio prima di Natale\u00bb. Le tessere stagionali sono disponibili all&#8217;ufficio skipass. Alpe del Nevegal (BL) Gioved\u00ec 15 Dicembre 2022\u00a0 &#8211;\u00a0\u00a0In queste ultime notti i cannoni per la neve artificiale hanno lavorato non stop. Le temperature gelide hanno permesso di produrre i [&hellip;]<\/p>\n","protected":false},"author":2,"featured_media":138395,"comment_status":"closed","ping_status":"open","sticky":false,"template":"","format":"standard","meta":{"footnotes":""},"categories":[36,26],"tags":[],"class_list":["post-138393","post","type-post","status-publish","format-standard","has-post-thumbnail","category-lavoro-economia","category-prima-pagina"],"yoast_head":"<!-- This site is optimized with the Yoast SEO plugin v28.4 - https:\/\/yoast.com\/product\/yoast-seo-wordpress\/ -->\n<title>Nevegal Ski Area: il campo scuola apre sabato 17 dicembre - Bellunopress - Dolomiti<\/title>\n<meta name=\"robots\" content=\"index, follow, max-snippet:-1, max-image-preview:large, max-video-preview:-1\" \/>\n<link rel=\"canonical\" href=\"https:\/\/www.bellunopress.it\/fr\/2022\/12\/15\/nevegal-ski-area-il-campo-scuola-apre-sabato-17-dicembre\/\" \/>\n<meta property=\"og:locale\" content=\"fr_FR\" \/>\n<meta property=\"og:type\" content=\"article\" \/>\n<meta property=\"og:title\" content=\"Nevegal Ski Area: il campo scuola apre sabato 17 dicembre - Bellunopress - Dolomiti\" \/>\n<meta property=\"og:description\" content=\"Molin: \u00abIl freddo ci sta aiutando, stiamo lavorando per aprire anche il resto del comprensorio prima di Natale\u00bb. Le tessere stagionali sono disponibili all&#8217;ufficio skipass. Alpe del Nevegal (BL) Gioved\u00ec 15 Dicembre 2022\u00a0 &#8211;\u00a0\u00a0In queste ultime notti i cannoni per la neve artificiale hanno lavorato non stop. Le temperature gelide hanno permesso di produrre i [&hellip;]\" \/>\n<meta property=\"og:url\" content=\"https:\/\/www.bellunopress.it\/fr\/2022\/12\/15\/nevegal-ski-area-il-campo-scuola-apre-sabato-17-dicembre\/\" \/>\n<meta property=\"og:site_name\" content=\"Bellunopress - Dolomiti\" \/>\n<meta property=\"article:publisher\" content=\"https:\/\/www.facebook.com\/profile.php?id=100008943462799\" \/>\n<meta property=\"article:published_time\" content=\"2022-12-15T16:29:35+00:00\" \/>\n<meta property=\"og:image\" content=\"https:\/\/www.bellunopress.it\/wp-content\/uploads\/2022\/12\/Nevegal_edited.jpg\" \/>\n\t<meta property=\"og:image:width\" content=\"1000\" \/>\n\t<meta property=\"og:image:height\" content=\"678\" \/>\n\t<meta property=\"og:image:type\" content=\"image\/jpeg\" \/>\n<meta name=\"author\" content=\"redazione\" \/>\n<meta name=\"twitter:card\" content=\"summary_large_image\" \/>\n<meta name=\"twitter:creator\" content=\"@bellunopress\" \/>\n<meta name=\"twitter:site\" content=\"@bellunopress\" \/>\n<meta name=\"twitter:label1\" content=\"\u00c9crit par\" \/>\n\t<meta name=\"twitter:data1\" content=\"redazione\" \/>\n\t<meta name=\"twitter:label2\" content=\"Dur\u00e9e de lecture estim\u00e9e\" \/>\n\t<meta name=\"twitter:data2\" content=\"2 minutes\" \/>\n<script type=\"application\/ld+json\" class=\"yoast-schema-graph\">{\"@context\":\"https:\\\/\\\/schema.org\",\"@graph\":[{\"@type\":\"Article\",\"@id\":\"https:\\\/\\\/www.bellunopress.it\\\/2022\\\/12\\\/15\\\/nevegal-ski-area-il-campo-scuola-apre-sabato-17-dicembre\\\/#article\",\"isPartOf\":{\"@id\":\"https:\\\/\\\/www.bellunopress.it\\\/2022\\\/12\\\/15\\\/nevegal-ski-area-il-campo-scuola-apre-sabato-17-dicembre\\\/\"},\"author\":{\"name\":\"redazione\",\"@id\":\"https:\\\/\\\/www.bellunopress.it\\\/#\\\/schema\\\/person\\\/79bb06722b37ece1c03d3e94beb30d73\"},\"headline\":\"Nevegal Ski Area: il campo scuola apre sabato 17 dicembre\",\"datePublished\":\"2022-12-15T16:29:35+00:00\",\"mainEntityOfPage\":{\"@id\":\"https:\\\/\\\/www.bellunopress.it\\\/2022\\\/12\\\/15\\\/nevegal-ski-area-il-campo-scuola-apre-sabato-17-dicembre\\\/\"},\"wordCount\":292,\"publisher\":{\"@id\":\"https:\\\/\\\/www.bellunopress.it\\\/#organization\"},\"image\":{\"@id\":\"https:\\\/\\\/www.bellunopress.it\\\/2022\\\/12\\\/15\\\/nevegal-ski-area-il-campo-scuola-apre-sabato-17-dicembre\\\/#primaryimage\"},\"thumbnailUrl\":\"https:\\\/\\\/www.bellunopress.it\\\/wp-content\\\/uploads\\\/2022\\\/12\\\/Nevegal_edited.jpg\",\"articleSection\":[\"Lavoro, Economia, Turismo\",\"Prima Pagina\"],\"inLanguage\":\"fr-FR\"},{\"@type\":\"WebPage\",\"@id\":\"https:\\\/\\\/www.bellunopress.it\\\/2022\\\/12\\\/15\\\/nevegal-ski-area-il-campo-scuola-apre-sabato-17-dicembre\\\/\",\"url\":\"https:\\\/\\\/www.bellunopress.it\\\/2022\\\/12\\\/15\\\/nevegal-ski-area-il-campo-scuola-apre-sabato-17-dicembre\\\/\",\"name\":\"Nevegal Ski Area: il campo scuola apre sabato 17 dicembre - Bellunopress - Dolomiti\",\"isPartOf\":{\"@id\":\"https:\\\/\\\/www.bellunopress.it\\\/#website\"},\"primaryImageOfPage\":{\"@id\":\"https:\\\/\\\/www.bellunopress.it\\\/2022\\\/12\\\/15\\\/nevegal-ski-area-il-campo-scuola-apre-sabato-17-dicembre\\\/#primaryimage\"},\"image\":{\"@id\":\"https:\\\/\\\/www.bellunopress.it\\\/2022\\\/12\\\/15\\\/nevegal-ski-area-il-campo-scuola-apre-sabato-17-dicembre\\\/#primaryimage\"},\"thumbnailUrl\":\"https:\\\/\\\/www.bellunopress.it\\\/wp-content\\\/uploads\\\/2022\\\/12\\\/Nevegal_edited.jpg\",\"datePublished\":\"2022-12-15T16:29:35+00:00\",\"breadcrumb\":{\"@id\":\"https:\\\/\\\/www.bellunopress.it\\\/2022\\\/12\\\/15\\\/nevegal-ski-area-il-campo-scuola-apre-sabato-17-dicembre\\\/#breadcrumb\"},\"inLanguage\":\"fr-FR\",\"potentialAction\":[{\"@type\":\"ReadAction\",\"target\":[\"https:\\\/\\\/www.bellunopress.it\\\/2022\\\/12\\\/15\\\/nevegal-ski-area-il-campo-scuola-apre-sabato-17-dicembre\\\/\"]}]},{\"@type\":\"ImageObject\",\"inLanguage\":\"fr-FR\",\"@id\":\"https:\\\/\\\/www.bellunopress.it\\\/2022\\\/12\\\/15\\\/nevegal-ski-area-il-campo-scuola-apre-sabato-17-dicembre\\\/#primaryimage\",\"url\":\"https:\\\/\\\/www.bellunopress.it\\\/wp-content\\\/uploads\\\/2022\\\/12\\\/Nevegal_edited.jpg\",\"contentUrl\":\"https:\\\/\\\/www.bellunopress.it\\\/wp-content\\\/uploads\\\/2022\\\/12\\\/Nevegal_edited.jpg\",\"width\":1000,\"height\":678},{\"@type\":\"BreadcrumbList\",\"@id\":\"https:\\\/\\\/www.bellunopress.it\\\/2022\\\/12\\\/15\\\/nevegal-ski-area-il-campo-scuola-apre-sabato-17-dicembre\\\/#breadcrumb\",\"itemListElement\":[{\"@type\":\"ListItem\",\"position\":1,\"name\":\"Home\",\"item\":\"https:\\\/\\\/www.bellunopress.it\\\/\"},{\"@type\":\"ListItem\",\"position\":2,\"name\":\"Nevegal Ski Area: il campo scuola apre sabato 17 dicembre\"}]},{\"@type\":\"WebSite\",\"@id\":\"https:\\\/\\\/www.bellunopress.it\\\/#website\",\"url\":\"https:\\\/\\\/www.bellunopress.it\\\/\",\"name\":\"Bellunopress - Dolomiti\",\"description\":\"e-mail: redazione@bellunopress.it\",\"publisher\":{\"@id\":\"https:\\\/\\\/www.bellunopress.it\\\/#organization\"},\"potentialAction\":[{\"@type\":\"SearchAction\",\"target\":{\"@type\":\"EntryPoint\",\"urlTemplate\":\"https:\\\/\\\/www.bellunopress.it\\\/?s={search_term_string}\"},\"query-input\":{\"@type\":\"PropertyValueSpecification\",\"valueRequired\":true,\"valueName\":\"search_term_string\"}}],\"inLanguage\":\"fr-FR\"},{\"@type\":\"Organization\",\"@id\":\"https:\\\/\\\/www.bellunopress.it\\\/#organization\",\"name\":\"Bellunopress\",\"url\":\"https:\\\/\\\/www.bellunopress.it\\\/\",\"logo\":{\"@type\":\"ImageObject\",\"inLanguage\":\"fr-FR\",\"@id\":\"https:\\\/\\\/www.bellunopress.it\\\/#\\\/schema\\\/logo\\\/image\\\/\",\"url\":\"https:\\\/\\\/www.bellunopress.it\\\/wp-content\\\/uploads\\\/2011\\\/05\\\/cropped-logo-bellunopress-.jpg\",\"contentUrl\":\"https:\\\/\\\/www.bellunopress.it\\\/wp-content\\\/uploads\\\/2011\\\/05\\\/cropped-logo-bellunopress-.jpg\",\"width\":512,\"height\":512,\"caption\":\"Bellunopress\"},\"image\":{\"@id\":\"https:\\\/\\\/www.bellunopress.it\\\/#\\\/schema\\\/logo\\\/image\\\/\"},\"sameAs\":[\"https:\\\/\\\/www.facebook.com\\\/profile.php?id=100008943462799\",\"https:\\\/\\\/x.com\\\/bellunopress\",\"https:\\\/\\\/www.linkedin.com\\\/hp\\\/?dnr=JBzUWaJfMUw8vbXJJ2tVW5-I3jZKvC4wsoxE&amp;amp;amp;amp;amp;amp;trk=nav_responsive_tab_home\",\"https:\\\/\\\/www.youtube.com\\\/channel\\\/UCxL0wu1uN0_3_7hGG0306cw\"]},{\"@type\":\"Person\",\"@id\":\"https:\\\/\\\/www.bellunopress.it\\\/#\\\/schema\\\/person\\\/79bb06722b37ece1c03d3e94beb30d73\",\"name\":\"redazione\",\"image\":{\"@type\":\"ImageObject\",\"inLanguage\":\"fr-FR\",\"@id\":\"https:\\\/\\\/secure.gravatar.com\\\/avatar\\\/37d968a2e67a6fd04c169c4bdef102d0bc5d31b2546345219e348575eb80e9a0?s=96&d=mm&r=g\",\"url\":\"https:\\\/\\\/secure.gravatar.com\\\/avatar\\\/37d968a2e67a6fd04c169c4bdef102d0bc5d31b2546345219e348575eb80e9a0?s=96&d=mm&r=g\",\"contentUrl\":\"https:\\\/\\\/secure.gravatar.com\\\/avatar\\\/37d968a2e67a6fd04c169c4bdef102d0bc5d31b2546345219e348575eb80e9a0?s=96&d=mm&r=g\",\"caption\":\"redazione\"},\"sameAs\":[\"http:\\\/\\\/www.bellunopress.it\",\"https:\\\/\\\/x.com\\\/bellunopress\"],\"url\":\"https:\\\/\\\/www.bellunopress.it\\\/fr\\\/author\\\/redazione\\\/\"}]}<\/script>\n<!-- \/ Yoast SEO plugin. -->","yoast_head_json":{"title":"Nevegal Ski Area: il campo scuola apre sabato 17 dicembre - Bellunopress - Dolomiti","robots":{"index":"index","follow":"follow","max-snippet":"max-snippet:-1","max-image-preview":"max-image-preview:large","max-video-preview":"max-video-preview:-1"},"canonical":"https:\/\/www.bellunopress.it\/fr\/2022\/12\/15\/nevegal-ski-area-il-campo-scuola-apre-sabato-17-dicembre\/","og_locale":"fr_FR","og_type":"article","og_title":"Nevegal Ski Area: il campo scuola apre sabato 17 dicembre - Bellunopress - Dolomiti","og_description":"Molin: \u00abIl freddo ci sta aiutando, stiamo lavorando per aprire anche il resto del comprensorio prima di Natale\u00bb. Le tessere stagionali sono disponibili all&#8217;ufficio skipass. Alpe del Nevegal (BL) Gioved\u00ec 15 Dicembre 2022\u00a0 &#8211;\u00a0\u00a0In queste ultime notti i cannoni per la neve artificiale hanno lavorato non stop. Le temperature gelide hanno permesso di produrre i [&hellip;]","og_url":"https:\/\/www.bellunopress.it\/fr\/2022\/12\/15\/nevegal-ski-area-il-campo-scuola-apre-sabato-17-dicembre\/","og_site_name":"Bellunopress - Dolomiti","article_publisher":"https:\/\/www.facebook.com\/profile.php?id=100008943462799","article_published_time":"2022-12-15T16:29:35+00:00","og_image":[{"width":1000,"height":678,"url":"https:\/\/www.bellunopress.it\/wp-content\/uploads\/2022\/12\/Nevegal_edited.jpg","type":"image\/jpeg"}],"author":"redazione","twitter_card":"summary_large_image","twitter_creator":"@bellunopress","twitter_site":"@bellunopress","twitter_misc":{"\u00c9crit par":"redazione","Dur\u00e9e de lecture estim\u00e9e":"2 minutes"},"schema":{"@context":"https:\/\/schema.org","@graph":[{"@type":"Article","@id":"https:\/\/www.bellunopress.it\/2022\/12\/15\/nevegal-ski-area-il-campo-scuola-apre-sabato-17-dicembre\/#article","isPartOf":{"@id":"https:\/\/www.bellunopress.it\/2022\/12\/15\/nevegal-ski-area-il-campo-scuola-apre-sabato-17-dicembre\/"},"author":{"name":"redazione","@id":"https:\/\/www.bellunopress.it\/#\/schema\/person\/79bb06722b37ece1c03d3e94beb30d73"},"headline":"Nevegal Ski Area: il campo scuola apre sabato 17 dicembre","datePublished":"2022-12-15T16:29:35+00:00","mainEntityOfPage":{"@id":"https:\/\/www.bellunopress.it\/2022\/12\/15\/nevegal-ski-area-il-campo-scuola-apre-sabato-17-dicembre\/"},"wordCount":292,"publisher":{"@id":"https:\/\/www.bellunopress.it\/#organization"},"image":{"@id":"https:\/\/www.bellunopress.it\/2022\/12\/15\/nevegal-ski-area-il-campo-scuola-apre-sabato-17-dicembre\/#primaryimage"},"thumbnailUrl":"https:\/\/www.bellunopress.it\/wp-content\/uploads\/2022\/12\/Nevegal_edited.jpg","articleSection":["Lavoro, Economia, Turismo","Prima Pagina"],"inLanguage":"fr-FR"},{"@type":"WebPage","@id":"https:\/\/www.bellunopress.it\/2022\/12\/15\/nevegal-ski-area-il-campo-scuola-apre-sabato-17-dicembre\/","url":"https:\/\/www.bellunopress.it\/2022\/12\/15\/nevegal-ski-area-il-campo-scuola-apre-sabato-17-dicembre\/","name":"Nevegal Ski Area: il campo scuola apre sabato 17 dicembre - Bellunopress - Dolomiti","isPartOf":{"@id":"https:\/\/www.bellunopress.it\/#website"},"primaryImageOfPage":{"@id":"https:\/\/www.bellunopress.it\/2022\/12\/15\/nevegal-ski-area-il-campo-scuola-apre-sabato-17-dicembre\/#primaryimage"},"image":{"@id":"https:\/\/www.bellunopress.it\/2022\/12\/15\/nevegal-ski-area-il-campo-scuola-apre-sabato-17-dicembre\/#primaryimage"},"thumbnailUrl":"https:\/\/www.bellunopress.it\/wp-content\/uploads\/2022\/12\/Nevegal_edited.jpg","datePublished":"2022-12-15T16:29:35+00:00","breadcrumb":{"@id":"https:\/\/www.bellunopress.it\/2022\/12\/15\/nevegal-ski-area-il-campo-scuola-apre-sabato-17-dicembre\/#breadcrumb"},"inLanguage":"fr-FR","potentialAction":[{"@type":"ReadAction","target":["https:\/\/www.bellunopress.it\/2022\/12\/15\/nevegal-ski-area-il-campo-scuola-apre-sabato-17-dicembre\/"]}]},{"@type":"ImageObject","inLanguage":"fr-FR","@id":"https:\/\/www.bellunopress.it\/2022\/12\/15\/nevegal-ski-area-il-campo-scuola-apre-sabato-17-dicembre\/#primaryimage","url":"https:\/\/www.bellunopress.it\/wp-content\/uploads\/2022\/12\/Nevegal_edited.jpg","contentUrl":"https:\/\/www.bellunopress.it\/wp-content\/uploads\/2022\/12\/Nevegal_edited.jpg","width":1000,"height":678},{"@type":"BreadcrumbList","@id":"https:\/\/www.bellunopress.it\/2022\/12\/15\/nevegal-ski-area-il-campo-scuola-apre-sabato-17-dicembre\/#breadcrumb","itemListElement":[{"@type":"ListItem","position":1,"name":"Home","item":"https:\/\/www.bellunopress.it\/"},{"@type":"ListItem","position":2,"name":"Nevegal Ski Area: il campo scuola apre sabato 17 dicembre"}]},{"@type":"WebSite","@id":"https:\/\/www.bellunopress.it\/#website","url":"https:\/\/www.bellunopress.it\/","name":"Bellunopress - Dolomiti","description":"e-mail: redazione@bellunopress.it","publisher":{"@id":"https:\/\/www.bellunopress.it\/#organization"},"potentialAction":[{"@type":"SearchAction","target":{"@type":"EntryPoint","urlTemplate":"https:\/\/www.bellunopress.it\/?s={search_term_string}"},"query-input":{"@type":"PropertyValueSpecification","valueRequired":true,"valueName":"search_term_string"}}],"inLanguage":"fr-FR"},{"@type":"Organization","@id":"https:\/\/www.bellunopress.it\/#organization","name":"Bellunopress","url":"https:\/\/www.bellunopress.it\/","logo":{"@type":"ImageObject","inLanguage":"fr-FR","@id":"https:\/\/www.bellunopress.it\/#\/schema\/logo\/image\/","url":"https:\/\/www.bellunopress.it\/wp-content\/uploads\/2011\/05\/cropped-logo-bellunopress-.jpg","contentUrl":"https:\/\/www.bellunopress.it\/wp-content\/uploads\/2011\/05\/cropped-logo-bellunopress-.jpg","width":512,"height":512,"caption":"Bellunopress"},"image":{"@id":"https:\/\/www.bellunopress.it\/#\/schema\/logo\/image\/"},"sameAs":["https:\/\/www.facebook.com\/profile.php?id=100008943462799","https:\/\/x.com\/bellunopress","https:\/\/www.linkedin.com\/hp\/?dnr=JBzUWaJfMUw8vbXJJ2tVW5-I3jZKvC4wsoxE&amp;amp;amp;amp;amp;amp;trk=nav_responsive_tab_home","https:\/\/www.youtube.com\/channel\/UCxL0wu1uN0_3_7hGG0306cw"]},{"@type":"Person","@id":"https:\/\/www.bellunopress.it\/#\/schema\/person\/79bb06722b37ece1c03d3e94beb30d73","name":"r\u00e9daction","image":{"@type":"ImageObject","inLanguage":"fr-FR","@id":"https:\/\/secure.gravatar.com\/avatar\/37d968a2e67a6fd04c169c4bdef102d0bc5d31b2546345219e348575eb80e9a0?s=96&d=mm&r=g","url":"https:\/\/secure.gravatar.com\/avatar\/37d968a2e67a6fd04c169c4bdef102d0bc5d31b2546345219e348575eb80e9a0?s=96&d=mm&r=g","contentUrl":"https:\/\/secure.gravatar.com\/avatar\/37d968a2e67a6fd04c169c4bdef102d0bc5d31b2546345219e348575eb80e9a0?s=96&d=mm&r=g","caption":"redazione"},"sameAs":["http:\/\/www.bellunopress.it","https:\/\/x.com\/bellunopress"],"url":"https:\/\/www.bellunopress.it\/fr\/author\/redazione\/"}]}},"_links":{"self":[{"href":"https:\/\/www.bellunopress.it\/fr\/wp-json\/wp\/v2\/posts\/138393","targetHints":{"allow":["GET"]}}],"collection":[{"href":"https:\/\/www.bellunopress.it\/fr\/wp-json\/wp\/v2\/posts"}],"about":[{"href":"https:\/\/www.bellunopress.it\/fr\/wp-json\/wp\/v2\/types\/post"}],"author":[{"embeddable":true,"href":"https:\/\/www.bellunopress.it\/fr\/wp-json\/wp\/v2\/users\/2"}],"replies":[{"embeddable":true,"href":"https:\/\/www.bellunopress.it\/fr\/wp-json\/wp\/v2\/comments?post=138393"}],"version-history":[{"count":1,"href":"https:\/\/www.bellunopress.it\/fr\/wp-json\/wp\/v2\/posts\/138393\/revisions"}],"predecessor-version":[{"id":138396,"href":"https:\/\/www.bellunopress.it\/fr\/wp-json\/wp\/v2\/posts\/138393\/revisions\/138396"}],"wp:featuredmedia":[{"embeddable":true,"href":"https:\/\/www.bellunopress.it\/fr\/wp-json\/wp\/v2\/media\/138395"}],"wp:attachment":[{"href":"https:\/\/www.bellunopress.it\/fr\/wp-json\/wp\/v2\/media?parent=138393"}],"wp:term":[{"taxonomy":"category","embeddable":true,"href":"https:\/\/www.bellunopress.it\/fr\/wp-json\/wp\/v2\/categories?post=138393"},{"taxonomy":"post_tag","embeddable":true,"href":"https:\/\/www.bellunopress.it\/fr\/wp-json\/wp\/v2\/tags?post=138393"}],"curies":[{"name":"wp","href":"https:\/\/api.w.org\/{rel}","templated":true}]}}