{"id":138391,"date":"2022-12-15T16:53:10","date_gmt":"2022-12-15T15:53:10","guid":{"rendered":"https:\/\/www.bellunopress.it\/?p=138391"},"modified":"2022-12-15T16:53:10","modified_gmt":"2022-12-15T15:53:10","slug":"bollo-ridotto-di-un-ulteriore-25-per-auto-e-moto-storiche-venturini-segnale-di-attenzione-al-mondo-del-collezionismo","status":"publish","type":"post","link":"https:\/\/www.bellunopress.it\/fr\/2022\/12\/15\/bollo-ridotto-di-un-ulteriore-25-per-auto-e-moto-storiche-venturini-segnale-di-attenzione-al-mondo-del-collezionismo\/","title":{"rendered":"Bollo ridotto di un ulteriore 25% per auto e moto storiche. Venturini: segnale di attenzione al mondo del collezionismo"},"content":{"rendered":"<figure id=\"attachment_129332\" aria-describedby=\"caption-attachment-129332\" style=\"width: 413px\" class=\"wp-caption alignleft\"><img loading=\"lazy\" decoding=\"async\" class=\"size-full wp-image-129332\" src=\"https:\/\/www.bellunopress.it\/wp-content\/uploads\/2021\/11\/Elisa-Venturini_edited.jpg\" alt=\"\" width=\"413\" height=\"598\" srcset=\"https:\/\/www.bellunopress.it\/wp-content\/uploads\/2021\/11\/Elisa-Venturini_edited.jpg 413w, https:\/\/www.bellunopress.it\/wp-content\/uploads\/2021\/11\/Elisa-Venturini_edited-345x500.jpg 345w, https:\/\/www.bellunopress.it\/wp-content\/uploads\/2021\/11\/Elisa-Venturini_edited-290x420.jpg 290w\" sizes=\"auto, (max-width: 413px) 100vw, 413px\" \/><figcaption id=\"caption-attachment-129332\" class=\"wp-caption-text\">Elisa Venturini &#8211; Consigliere regionale<\/figcaption><\/figure>\n<p>La Legge Regionale di Bilancio prevede una ulteriore riduzione del 25% (che si aggiunge alla riduzione del 50% in vigore dal 2000) la tassa automobilistica dei veicoli di interesse storico e collezionistico con anzianit\u00e0 di immatricolazione dai 20 ai 29 anni.<\/p>\n<p>&#8220;E&#8217; una questione che, come gruppo, avevamo posto gi\u00e0 nello scorso mese di febbraio avanzando un apposito progetto di legge \u2013 dice Elisa Venturini capogruppo di Forza Italia in consiglio regionale del Veneto \u2013 Ora registriamo con piacere che questa proposta \u00e8 stata totalmente accolta per richieste e contenuti e inserita nella legge di stabilit\u00e0 sul Bilancio previsionale del 2023. Il mondo delle auto e moto d&#8217;epoca conta su parecchi appassionati ed \u00e8 interessante sia sotto il profilo culturale che turistico e per questo va sostenuto.<br \/>\nL&#8217;abbassamento della tassa regionale vuol dare un segnale di attenzione da parte della Regione che fa la sua parte per evitare la dispersione di un settore di rilevante interesse culturale che ripercorre un pezzo di storia del nostro Paese per tecnica, design e creativit\u00e0&#8221;.<\/p>","protected":false},"excerpt":{"rendered":"<p>La Legge Regionale di Bilancio prevede una ulteriore riduzione del 25% (che si aggiunge alla riduzione del 50% in vigore dal 2000) la tassa automobilistica dei veicoli di interesse storico e collezionistico con anzianit\u00e0 di immatricolazione dai 20 ai 29 anni. &#8220;E&#8217; una questione che, come gruppo, avevamo posto gi\u00e0 nello scorso mese di febbraio [&hellip;]<\/p>\n","protected":false},"author":2,"featured_media":129332,"comment_status":"closed","ping_status":"open","sticky":false,"template":"","format":"standard","meta":{"footnotes":""},"categories":[5],"tags":[],"class_list":["post-138391","post","type-post","status-publish","format-standard","has-post-thumbnail","category-cronaca"],"yoast_head":"<!-- This site is optimized with the Yoast SEO plugin v28.4 - https:\/\/yoast.com\/product\/yoast-seo-wordpress\/ -->\n<title>Bollo ridotto di un ulteriore 25% per auto e moto storiche. Venturini: segnale di attenzione al mondo del collezionismo - Bellunopress - Dolomiti<\/title>\n<meta name=\"robots\" content=\"index, follow, max-snippet:-1, max-image-preview:large, max-video-preview:-1\" \/>\n<link rel=\"canonical\" href=\"https:\/\/www.bellunopress.it\/fr\/2022\/12\/15\/bollo-ridotto-di-un-ulteriore-25-per-auto-e-moto-storiche-venturini-segnale-di-attenzione-al-mondo-del-collezionismo\/\" \/>\n<meta property=\"og:locale\" content=\"fr_FR\" \/>\n<meta property=\"og:type\" content=\"article\" \/>\n<meta property=\"og:title\" content=\"Bollo ridotto di un ulteriore 25% per auto e moto storiche. Venturini: segnale di attenzione al mondo del collezionismo - Bellunopress - Dolomiti\" \/>\n<meta property=\"og:description\" content=\"La Legge Regionale di Bilancio prevede una ulteriore riduzione del 25% (che si aggiunge alla riduzione del 50% in vigore dal 2000) la tassa automobilistica dei veicoli di interesse storico e collezionistico con anzianit\u00e0 di immatricolazione dai 20 ai 29 anni. &#8220;E&#8217; una questione che, come gruppo, avevamo posto gi\u00e0 nello scorso mese di febbraio [&hellip;]\" \/>\n<meta property=\"og:url\" content=\"https:\/\/www.bellunopress.it\/fr\/2022\/12\/15\/bollo-ridotto-di-un-ulteriore-25-per-auto-e-moto-storiche-venturini-segnale-di-attenzione-al-mondo-del-collezionismo\/\" \/>\n<meta property=\"og:site_name\" content=\"Bellunopress - Dolomiti\" \/>\n<meta property=\"article:publisher\" content=\"https:\/\/www.facebook.com\/profile.php?id=100008943462799\" \/>\n<meta property=\"article:published_time\" content=\"2022-12-15T15:53:10+00:00\" \/>\n<meta property=\"og:image\" content=\"https:\/\/www.bellunopress.it\/wp-content\/uploads\/2021\/11\/Elisa-Venturini_edited.jpg\" \/>\n\t<meta property=\"og:image:width\" content=\"413\" \/>\n\t<meta property=\"og:image:height\" content=\"598\" \/>\n\t<meta property=\"og:image:type\" content=\"image\/jpeg\" \/>\n<meta name=\"author\" content=\"redazione\" \/>\n<meta name=\"twitter:card\" content=\"summary_large_image\" \/>\n<meta name=\"twitter:creator\" content=\"@bellunopress\" \/>\n<meta name=\"twitter:site\" content=\"@bellunopress\" \/>\n<meta name=\"twitter:label1\" content=\"\u00c9crit par\" \/>\n\t<meta name=\"twitter:data1\" content=\"redazione\" \/>\n\t<meta name=\"twitter:label2\" content=\"Dur\u00e9e de lecture estim\u00e9e\" \/>\n\t<meta name=\"twitter:data2\" content=\"2 minutes\" \/>\n<script type=\"application\/ld+json\" class=\"yoast-schema-graph\">{\"@context\":\"https:\\\/\\\/schema.org\",\"@graph\":[{\"@type\":\"Article\",\"@id\":\"https:\\\/\\\/www.bellunopress.it\\\/2022\\\/12\\\/15\\\/bollo-ridotto-di-un-ulteriore-25-per-auto-e-moto-storiche-venturini-segnale-di-attenzione-al-mondo-del-collezionismo\\\/#article\",\"isPartOf\":{\"@id\":\"https:\\\/\\\/www.bellunopress.it\\\/2022\\\/12\\\/15\\\/bollo-ridotto-di-un-ulteriore-25-per-auto-e-moto-storiche-venturini-segnale-di-attenzione-al-mondo-del-collezionismo\\\/\"},\"author\":{\"name\":\"redazione\",\"@id\":\"https:\\\/\\\/www.bellunopress.it\\\/#\\\/schema\\\/person\\\/79bb06722b37ece1c03d3e94beb30d73\"},\"headline\":\"Bollo ridotto di un ulteriore 25% per auto e moto storiche. Venturini: segnale di attenzione al mondo del collezionismo\",\"datePublished\":\"2022-12-15T15:53:10+00:00\",\"mainEntityOfPage\":{\"@id\":\"https:\\\/\\\/www.bellunopress.it\\\/2022\\\/12\\\/15\\\/bollo-ridotto-di-un-ulteriore-25-per-auto-e-moto-storiche-venturini-segnale-di-attenzione-al-mondo-del-collezionismo\\\/\"},\"wordCount\":193,\"publisher\":{\"@id\":\"https:\\\/\\\/www.bellunopress.it\\\/#organization\"},\"image\":{\"@id\":\"https:\\\/\\\/www.bellunopress.it\\\/2022\\\/12\\\/15\\\/bollo-ridotto-di-un-ulteriore-25-per-auto-e-moto-storiche-venturini-segnale-di-attenzione-al-mondo-del-collezionismo\\\/#primaryimage\"},\"thumbnailUrl\":\"https:\\\/\\\/www.bellunopress.it\\\/wp-content\\\/uploads\\\/2021\\\/11\\\/Elisa-Venturini_edited.jpg\",\"articleSection\":[\"Cronaca\\\/Politica\"],\"inLanguage\":\"fr-FR\"},{\"@type\":\"WebPage\",\"@id\":\"https:\\\/\\\/www.bellunopress.it\\\/2022\\\/12\\\/15\\\/bollo-ridotto-di-un-ulteriore-25-per-auto-e-moto-storiche-venturini-segnale-di-attenzione-al-mondo-del-collezionismo\\\/\",\"url\":\"https:\\\/\\\/www.bellunopress.it\\\/2022\\\/12\\\/15\\\/bollo-ridotto-di-un-ulteriore-25-per-auto-e-moto-storiche-venturini-segnale-di-attenzione-al-mondo-del-collezionismo\\\/\",\"name\":\"Bollo ridotto di un ulteriore 25% per auto e moto storiche. Venturini: segnale di attenzione al mondo del collezionismo - Bellunopress - Dolomiti\",\"isPartOf\":{\"@id\":\"https:\\\/\\\/www.bellunopress.it\\\/#website\"},\"primaryImageOfPage\":{\"@id\":\"https:\\\/\\\/www.bellunopress.it\\\/2022\\\/12\\\/15\\\/bollo-ridotto-di-un-ulteriore-25-per-auto-e-moto-storiche-venturini-segnale-di-attenzione-al-mondo-del-collezionismo\\\/#primaryimage\"},\"image\":{\"@id\":\"https:\\\/\\\/www.bellunopress.it\\\/2022\\\/12\\\/15\\\/bollo-ridotto-di-un-ulteriore-25-per-auto-e-moto-storiche-venturini-segnale-di-attenzione-al-mondo-del-collezionismo\\\/#primaryimage\"},\"thumbnailUrl\":\"https:\\\/\\\/www.bellunopress.it\\\/wp-content\\\/uploads\\\/2021\\\/11\\\/Elisa-Venturini_edited.jpg\",\"datePublished\":\"2022-12-15T15:53:10+00:00\",\"breadcrumb\":{\"@id\":\"https:\\\/\\\/www.bellunopress.it\\\/2022\\\/12\\\/15\\\/bollo-ridotto-di-un-ulteriore-25-per-auto-e-moto-storiche-venturini-segnale-di-attenzione-al-mondo-del-collezionismo\\\/#breadcrumb\"},\"inLanguage\":\"fr-FR\",\"potentialAction\":[{\"@type\":\"ReadAction\",\"target\":[\"https:\\\/\\\/www.bellunopress.it\\\/2022\\\/12\\\/15\\\/bollo-ridotto-di-un-ulteriore-25-per-auto-e-moto-storiche-venturini-segnale-di-attenzione-al-mondo-del-collezionismo\\\/\"]}]},{\"@type\":\"ImageObject\",\"inLanguage\":\"fr-FR\",\"@id\":\"https:\\\/\\\/www.bellunopress.it\\\/2022\\\/12\\\/15\\\/bollo-ridotto-di-un-ulteriore-25-per-auto-e-moto-storiche-venturini-segnale-di-attenzione-al-mondo-del-collezionismo\\\/#primaryimage\",\"url\":\"https:\\\/\\\/www.bellunopress.it\\\/wp-content\\\/uploads\\\/2021\\\/11\\\/Elisa-Venturini_edited.jpg\",\"contentUrl\":\"https:\\\/\\\/www.bellunopress.it\\\/wp-content\\\/uploads\\\/2021\\\/11\\\/Elisa-Venturini_edited.jpg\",\"width\":413,\"height\":598,\"caption\":\"Elisa Venturini - Assessore regionale all'Ambiente e alla Protezione Civile\"},{\"@type\":\"BreadcrumbList\",\"@id\":\"https:\\\/\\\/www.bellunopress.it\\\/2022\\\/12\\\/15\\\/bollo-ridotto-di-un-ulteriore-25-per-auto-e-moto-storiche-venturini-segnale-di-attenzione-al-mondo-del-collezionismo\\\/#breadcrumb\",\"itemListElement\":[{\"@type\":\"ListItem\",\"position\":1,\"name\":\"Home\",\"item\":\"https:\\\/\\\/www.bellunopress.it\\\/\"},{\"@type\":\"ListItem\",\"position\":2,\"name\":\"Bollo ridotto di un ulteriore 25% per auto e moto storiche. Venturini: segnale di attenzione al mondo del collezionismo\"}]},{\"@type\":\"WebSite\",\"@id\":\"https:\\\/\\\/www.bellunopress.it\\\/#website\",\"url\":\"https:\\\/\\\/www.bellunopress.it\\\/\",\"name\":\"Bellunopress - Dolomiti\",\"description\":\"e-mail: redazione@bellunopress.it\",\"publisher\":{\"@id\":\"https:\\\/\\\/www.bellunopress.it\\\/#organization\"},\"potentialAction\":[{\"@type\":\"SearchAction\",\"target\":{\"@type\":\"EntryPoint\",\"urlTemplate\":\"https:\\\/\\\/www.bellunopress.it\\\/?s={search_term_string}\"},\"query-input\":{\"@type\":\"PropertyValueSpecification\",\"valueRequired\":true,\"valueName\":\"search_term_string\"}}],\"inLanguage\":\"fr-FR\"},{\"@type\":\"Organization\",\"@id\":\"https:\\\/\\\/www.bellunopress.it\\\/#organization\",\"name\":\"Bellunopress\",\"url\":\"https:\\\/\\\/www.bellunopress.it\\\/\",\"logo\":{\"@type\":\"ImageObject\",\"inLanguage\":\"fr-FR\",\"@id\":\"https:\\\/\\\/www.bellunopress.it\\\/#\\\/schema\\\/logo\\\/image\\\/\",\"url\":\"https:\\\/\\\/www.bellunopress.it\\\/wp-content\\\/uploads\\\/2011\\\/05\\\/cropped-logo-bellunopress-.jpg\",\"contentUrl\":\"https:\\\/\\\/www.bellunopress.it\\\/wp-content\\\/uploads\\\/2011\\\/05\\\/cropped-logo-bellunopress-.jpg\",\"width\":512,\"height\":512,\"caption\":\"Bellunopress\"},\"image\":{\"@id\":\"https:\\\/\\\/www.bellunopress.it\\\/#\\\/schema\\\/logo\\\/image\\\/\"},\"sameAs\":[\"https:\\\/\\\/www.facebook.com\\\/profile.php?id=100008943462799\",\"https:\\\/\\\/x.com\\\/bellunopress\",\"https:\\\/\\\/www.linkedin.com\\\/hp\\\/?dnr=JBzUWaJfMUw8vbXJJ2tVW5-I3jZKvC4wsoxE&amp;amp;amp;amp;amp;amp;trk=nav_responsive_tab_home\",\"https:\\\/\\\/www.youtube.com\\\/channel\\\/UCxL0wu1uN0_3_7hGG0306cw\"]},{\"@type\":\"Person\",\"@id\":\"https:\\\/\\\/www.bellunopress.it\\\/#\\\/schema\\\/person\\\/79bb06722b37ece1c03d3e94beb30d73\",\"name\":\"redazione\",\"image\":{\"@type\":\"ImageObject\",\"inLanguage\":\"fr-FR\",\"@id\":\"https:\\\/\\\/secure.gravatar.com\\\/avatar\\\/37d968a2e67a6fd04c169c4bdef102d0bc5d31b2546345219e348575eb80e9a0?s=96&d=mm&r=g\",\"url\":\"https:\\\/\\\/secure.gravatar.com\\\/avatar\\\/37d968a2e67a6fd04c169c4bdef102d0bc5d31b2546345219e348575eb80e9a0?s=96&d=mm&r=g\",\"contentUrl\":\"https:\\\/\\\/secure.gravatar.com\\\/avatar\\\/37d968a2e67a6fd04c169c4bdef102d0bc5d31b2546345219e348575eb80e9a0?s=96&d=mm&r=g\",\"caption\":\"redazione\"},\"sameAs\":[\"http:\\\/\\\/www.bellunopress.it\",\"https:\\\/\\\/x.com\\\/bellunopress\"],\"url\":\"https:\\\/\\\/www.bellunopress.it\\\/fr\\\/author\\\/redazione\\\/\"}]}<\/script>\n<!-- \/ Yoast SEO plugin. -->","yoast_head_json":{"title":"Bollo ridotto di un ulteriore 25% per auto e moto storiche. Venturini: segnale di attenzione al mondo del collezionismo - Bellunopress - Dolomiti","robots":{"index":"index","follow":"follow","max-snippet":"max-snippet:-1","max-image-preview":"max-image-preview:large","max-video-preview":"max-video-preview:-1"},"canonical":"https:\/\/www.bellunopress.it\/fr\/2022\/12\/15\/bollo-ridotto-di-un-ulteriore-25-per-auto-e-moto-storiche-venturini-segnale-di-attenzione-al-mondo-del-collezionismo\/","og_locale":"fr_FR","og_type":"article","og_title":"Bollo ridotto di un ulteriore 25% per auto e moto storiche. Venturini: segnale di attenzione al mondo del collezionismo - Bellunopress - Dolomiti","og_description":"La Legge Regionale di Bilancio prevede una ulteriore riduzione del 25% (che si aggiunge alla riduzione del 50% in vigore dal 2000) la tassa automobilistica dei veicoli di interesse storico e collezionistico con anzianit\u00e0 di immatricolazione dai 20 ai 29 anni. &#8220;E&#8217; una questione che, come gruppo, avevamo posto gi\u00e0 nello scorso mese di febbraio [&hellip;]","og_url":"https:\/\/www.bellunopress.it\/fr\/2022\/12\/15\/bollo-ridotto-di-un-ulteriore-25-per-auto-e-moto-storiche-venturini-segnale-di-attenzione-al-mondo-del-collezionismo\/","og_site_name":"Bellunopress - Dolomiti","article_publisher":"https:\/\/www.facebook.com\/profile.php?id=100008943462799","article_published_time":"2022-12-15T15:53:10+00:00","og_image":[{"width":413,"height":598,"url":"https:\/\/www.bellunopress.it\/wp-content\/uploads\/2021\/11\/Elisa-Venturini_edited.jpg","type":"image\/jpeg"}],"author":"redazione","twitter_card":"summary_large_image","twitter_creator":"@bellunopress","twitter_site":"@bellunopress","twitter_misc":{"\u00c9crit par":"redazione","Dur\u00e9e de lecture estim\u00e9e":"2 minutes"},"schema":{"@context":"https:\/\/schema.org","@graph":[{"@type":"Article","@id":"https:\/\/www.bellunopress.it\/2022\/12\/15\/bollo-ridotto-di-un-ulteriore-25-per-auto-e-moto-storiche-venturini-segnale-di-attenzione-al-mondo-del-collezionismo\/#article","isPartOf":{"@id":"https:\/\/www.bellunopress.it\/2022\/12\/15\/bollo-ridotto-di-un-ulteriore-25-per-auto-e-moto-storiche-venturini-segnale-di-attenzione-al-mondo-del-collezionismo\/"},"author":{"name":"redazione","@id":"https:\/\/www.bellunopress.it\/#\/schema\/person\/79bb06722b37ece1c03d3e94beb30d73"},"headline":"Bollo ridotto di un ulteriore 25% per auto e moto storiche. Venturini: segnale di attenzione al mondo del collezionismo","datePublished":"2022-12-15T15:53:10+00:00","mainEntityOfPage":{"@id":"https:\/\/www.bellunopress.it\/2022\/12\/15\/bollo-ridotto-di-un-ulteriore-25-per-auto-e-moto-storiche-venturini-segnale-di-attenzione-al-mondo-del-collezionismo\/"},"wordCount":193,"publisher":{"@id":"https:\/\/www.bellunopress.it\/#organization"},"image":{"@id":"https:\/\/www.bellunopress.it\/2022\/12\/15\/bollo-ridotto-di-un-ulteriore-25-per-auto-e-moto-storiche-venturini-segnale-di-attenzione-al-mondo-del-collezionismo\/#primaryimage"},"thumbnailUrl":"https:\/\/www.bellunopress.it\/wp-content\/uploads\/2021\/11\/Elisa-Venturini_edited.jpg","articleSection":["Cronaca\/Politica"],"inLanguage":"fr-FR"},{"@type":"WebPage","@id":"https:\/\/www.bellunopress.it\/2022\/12\/15\/bollo-ridotto-di-un-ulteriore-25-per-auto-e-moto-storiche-venturini-segnale-di-attenzione-al-mondo-del-collezionismo\/","url":"https:\/\/www.bellunopress.it\/2022\/12\/15\/bollo-ridotto-di-un-ulteriore-25-per-auto-e-moto-storiche-venturini-segnale-di-attenzione-al-mondo-del-collezionismo\/","name":"Bollo ridotto di un ulteriore 25% per auto e moto storiche. Venturini: segnale di attenzione al mondo del collezionismo - Bellunopress - Dolomiti","isPartOf":{"@id":"https:\/\/www.bellunopress.it\/#website"},"primaryImageOfPage":{"@id":"https:\/\/www.bellunopress.it\/2022\/12\/15\/bollo-ridotto-di-un-ulteriore-25-per-auto-e-moto-storiche-venturini-segnale-di-attenzione-al-mondo-del-collezionismo\/#primaryimage"},"image":{"@id":"https:\/\/www.bellunopress.it\/2022\/12\/15\/bollo-ridotto-di-un-ulteriore-25-per-auto-e-moto-storiche-venturini-segnale-di-attenzione-al-mondo-del-collezionismo\/#primaryimage"},"thumbnailUrl":"https:\/\/www.bellunopress.it\/wp-content\/uploads\/2021\/11\/Elisa-Venturini_edited.jpg","datePublished":"2022-12-15T15:53:10+00:00","breadcrumb":{"@id":"https:\/\/www.bellunopress.it\/2022\/12\/15\/bollo-ridotto-di-un-ulteriore-25-per-auto-e-moto-storiche-venturini-segnale-di-attenzione-al-mondo-del-collezionismo\/#breadcrumb"},"inLanguage":"fr-FR","potentialAction":[{"@type":"ReadAction","target":["https:\/\/www.bellunopress.it\/2022\/12\/15\/bollo-ridotto-di-un-ulteriore-25-per-auto-e-moto-storiche-venturini-segnale-di-attenzione-al-mondo-del-collezionismo\/"]}]},{"@type":"ImageObject","inLanguage":"fr-FR","@id":"https:\/\/www.bellunopress.it\/2022\/12\/15\/bollo-ridotto-di-un-ulteriore-25-per-auto-e-moto-storiche-venturini-segnale-di-attenzione-al-mondo-del-collezionismo\/#primaryimage","url":"https:\/\/www.bellunopress.it\/wp-content\/uploads\/2021\/11\/Elisa-Venturini_edited.jpg","contentUrl":"https:\/\/www.bellunopress.it\/wp-content\/uploads\/2021\/11\/Elisa-Venturini_edited.jpg","width":413,"height":598,"caption":"Elisa Venturini - Assessore regionale all'Ambiente e alla Protezione Civile"},{"@type":"BreadcrumbList","@id":"https:\/\/www.bellunopress.it\/2022\/12\/15\/bollo-ridotto-di-un-ulteriore-25-per-auto-e-moto-storiche-venturini-segnale-di-attenzione-al-mondo-del-collezionismo\/#breadcrumb","itemListElement":[{"@type":"ListItem","position":1,"name":"Home","item":"https:\/\/www.bellunopress.it\/"},{"@type":"ListItem","position":2,"name":"Bollo ridotto di un ulteriore 25% per auto e moto storiche. Venturini: segnale di attenzione al mondo del collezionismo"}]},{"@type":"WebSite","@id":"https:\/\/www.bellunopress.it\/#website","url":"https:\/\/www.bellunopress.it\/","name":"Bellunopress - Dolomiti","description":"e-mail: redazione@bellunopress.it","publisher":{"@id":"https:\/\/www.bellunopress.it\/#organization"},"potentialAction":[{"@type":"SearchAction","target":{"@type":"EntryPoint","urlTemplate":"https:\/\/www.bellunopress.it\/?s={search_term_string}"},"query-input":{"@type":"PropertyValueSpecification","valueRequired":true,"valueName":"search_term_string"}}],"inLanguage":"fr-FR"},{"@type":"Organization","@id":"https:\/\/www.bellunopress.it\/#organization","name":"Bellunopress","url":"https:\/\/www.bellunopress.it\/","logo":{"@type":"ImageObject","inLanguage":"fr-FR","@id":"https:\/\/www.bellunopress.it\/#\/schema\/logo\/image\/","url":"https:\/\/www.bellunopress.it\/wp-content\/uploads\/2011\/05\/cropped-logo-bellunopress-.jpg","contentUrl":"https:\/\/www.bellunopress.it\/wp-content\/uploads\/2011\/05\/cropped-logo-bellunopress-.jpg","width":512,"height":512,"caption":"Bellunopress"},"image":{"@id":"https:\/\/www.bellunopress.it\/#\/schema\/logo\/image\/"},"sameAs":["https:\/\/www.facebook.com\/profile.php?id=100008943462799","https:\/\/x.com\/bellunopress","https:\/\/www.linkedin.com\/hp\/?dnr=JBzUWaJfMUw8vbXJJ2tVW5-I3jZKvC4wsoxE&amp;amp;amp;amp;amp;amp;trk=nav_responsive_tab_home","https:\/\/www.youtube.com\/channel\/UCxL0wu1uN0_3_7hGG0306cw"]},{"@type":"Person","@id":"https:\/\/www.bellunopress.it\/#\/schema\/person\/79bb06722b37ece1c03d3e94beb30d73","name":"r\u00e9daction","image":{"@type":"ImageObject","inLanguage":"fr-FR","@id":"https:\/\/secure.gravatar.com\/avatar\/37d968a2e67a6fd04c169c4bdef102d0bc5d31b2546345219e348575eb80e9a0?s=96&d=mm&r=g","url":"https:\/\/secure.gravatar.com\/avatar\/37d968a2e67a6fd04c169c4bdef102d0bc5d31b2546345219e348575eb80e9a0?s=96&d=mm&r=g","contentUrl":"https:\/\/secure.gravatar.com\/avatar\/37d968a2e67a6fd04c169c4bdef102d0bc5d31b2546345219e348575eb80e9a0?s=96&d=mm&r=g","caption":"redazione"},"sameAs":["http:\/\/www.bellunopress.it","https:\/\/x.com\/bellunopress"],"url":"https:\/\/www.bellunopress.it\/fr\/author\/redazione\/"}]}},"_links":{"self":[{"href":"https:\/\/www.bellunopress.it\/fr\/wp-json\/wp\/v2\/posts\/138391","targetHints":{"allow":["GET"]}}],"collection":[{"href":"https:\/\/www.bellunopress.it\/fr\/wp-json\/wp\/v2\/posts"}],"about":[{"href":"https:\/\/www.bellunopress.it\/fr\/wp-json\/wp\/v2\/types\/post"}],"author":[{"embeddable":true,"href":"https:\/\/www.bellunopress.it\/fr\/wp-json\/wp\/v2\/users\/2"}],"replies":[{"embeddable":true,"href":"https:\/\/www.bellunopress.it\/fr\/wp-json\/wp\/v2\/comments?post=138391"}],"version-history":[{"count":1,"href":"https:\/\/www.bellunopress.it\/fr\/wp-json\/wp\/v2\/posts\/138391\/revisions"}],"predecessor-version":[{"id":138392,"href":"https:\/\/www.bellunopress.it\/fr\/wp-json\/wp\/v2\/posts\/138391\/revisions\/138392"}],"wp:featuredmedia":[{"embeddable":true,"href":"https:\/\/www.bellunopress.it\/fr\/wp-json\/wp\/v2\/media\/129332"}],"wp:attachment":[{"href":"https:\/\/www.bellunopress.it\/fr\/wp-json\/wp\/v2\/media?parent=138391"}],"wp:term":[{"taxonomy":"category","embeddable":true,"href":"https:\/\/www.bellunopress.it\/fr\/wp-json\/wp\/v2\/categories?post=138391"},{"taxonomy":"post_tag","embeddable":true,"href":"https:\/\/www.bellunopress.it\/fr\/wp-json\/wp\/v2\/tags?post=138391"}],"curies":[{"name":"wp","href":"https:\/\/api.w.org\/{rel}","templated":true}]}}