{"id":138374,"date":"2022-12-18T11:33:10","date_gmt":"2022-12-18T10:33:10","guid":{"rendered":"https:\/\/www.bellunopress.it\/?p=138374"},"modified":"2022-12-15T11:36:55","modified_gmt":"2022-12-15T10:36:55","slug":"mercoledi-in-duomo-il-concerto-con-lorchestra-frau-musika-accompagnata-dal-coro-del-friuli-venezia-giulia","status":"publish","type":"post","link":"https:\/\/www.bellunopress.it\/fr\/2022\/12\/18\/mercoledi-in-duomo-il-concerto-con-lorchestra-frau-musika-accompagnata-dal-coro-del-friuli-venezia-giulia\/","title":{"rendered":"Mercoled\u00ec in Duomo il concerto con l&#8217;orchestra Frau Musika accompagnata dal Coro del Friuli Venezia Giulia"},"content":{"rendered":"<figure id=\"attachment_119195\" aria-describedby=\"caption-attachment-119195\" style=\"width: 800px\" class=\"wp-caption alignleft\"><img loading=\"lazy\" decoding=\"async\" class=\"size-full wp-image-119195\" src=\"https:\/\/www.bellunopress.it\/wp-content\/uploads\/2020\/11\/duomo_edited.jpg\" alt=\"\" width=\"800\" height=\"668\" srcset=\"https:\/\/www.bellunopress.it\/wp-content\/uploads\/2020\/11\/duomo_edited.jpg 800w, https:\/\/www.bellunopress.it\/wp-content\/uploads\/2020\/11\/duomo_edited-500x418.jpg 500w, https:\/\/www.bellunopress.it\/wp-content\/uploads\/2020\/11\/duomo_edited-696x581.jpg 696w, https:\/\/www.bellunopress.it\/wp-content\/uploads\/2020\/11\/duomo_edited-503x420.jpg 503w\" sizes=\"auto, (max-width: 800px) 100vw, 800px\" \/><figcaption id=\"caption-attachment-119195\" class=\"wp-caption-text\">Piazza Duomo &#8211; Belluno<\/figcaption><\/figure>\n<p><strong>Orchestra Frau Musika e Coro del Friuli Venezia Giulia<\/strong><br \/>\n<strong>Bach, Messa in si minore BWV 232<\/strong><br \/>\n<strong>Mercoled\u00ec 21 dicembre 2022, ore 19:00<\/strong><br \/>\n<strong>Basilica Cattedrale di San Martino, Belluno<\/strong><\/p>\n<p>Mercoled\u00ec 21 dicembre, ore 19:00, Basilica Cattedrale di San Martino di Belluno, il Circolo Culturale Bellunese chiude la 69a Stagione regalando al proprio pubblico una grandiosa esecuzione la Messa in si minore BWV 232 di Johann Sebastian Bach, diretta dal Maestro Andrea Marcon con l&#8217;orchestra Frau Musika accompagnata dal Coro del Friuli Venezia Giulia: Miriam Feuersinger soprano, Lea M\u00fcller mezzosoprano, Carlos Mena controtenore, Jakob Pilgram tenore e Jos\u00e8 Antonio Lopez baritono.<br \/>\nDal sito di Frau Musika: &#8220;Sono passati poco meno di 180 anni da quando venne finalmente pubblicata in tutte le sue parti la Messa in si minore per soli, coro e orchestra di Bach. Ed \u00e8 proprio dall\u2019edizione a stampa del 1845 che l\u2019opera si guadagn\u00f2 l\u2019appellativo di Hohe Messe \u2013 Grande Messa \u2013 con la quale oggi viene comunemente chiamata. Lavoro monumentale, per certi versi enigmatico e di sicuro fascino, la Messa \u00e8 ancor pi\u00f9 sorprendente se si considera che in realt\u00e0 non nacque come un unicum, ma \u00e8 una sapiente aggregazione di brani che Bach compose nell\u2019arco di almeno 25 anni: dal 1724 al 1749. Che si sia credenti o meno, la Messa rappresenta uno di quei tesori dell\u2019Umanit\u00e0 che tutti dovremmo ascoltare almeno una volta nella vita&#8221;.<\/p>\n<p>L&#8217;orchestra Frau Musika \u00e8 un innovativo progetto artistico-formativo \u2013 fra i pochissimi a livello europeo \u2013 ideato da Andrea Marcon e realizzato dall\u2019Orchestra del Teatro Olimpico di Vicenza, grazie ad una donazione della Fondazione Cariverona. I giovani maestri d&#8217;orchestra dell&#8217;ensemble sono selezionati a livello internazionale fra i migliori musicisti under 30. Il Coro del Friuli Venezia Giulia \u00e8 nato nel 2001, ha tenuto pi\u00e0 di 500 concerti in Italia ed Europa, trasformandosi dal piccolo ensemble fino ad arrivare al grande coro sinfonico. Nell\u2019autunno del 2022 \u00e8 stato invitato per la prima volta al Musikverein di Vienna per l\u2019esecuzione della monumentale II Sinfonia di Mahler. Gi\u00e0 ordinario della cattedra di clavicembalo al Mozarteum di Salisburgo, Andrea Marcon \u00e8 titolare di clavicembalo, organo, prassi esecutive e musica d\u2019insieme presso l\u2019Accademia di Basilea \u2013 Schola Cantorum Basiliensis. Tiene seminari e corsi di perfezionamento in tutto il mondo. Dal 2017, \u00e8 direttore responsabile delle attivit\u00e0 musicali della Fondazione CariVerona, con programmi ed iniziative rivolti alle giovani generazioni. Andrea Marcon ha ricevuto, nel 2018, il Totila d&#8217;Oro dalla citt\u00e0 di Treviso em nel 2021, il prestigioso Haendel-Preis dalla citt\u00e0 di Halle in Sassonia, unico italiano assieme a Cecilia Bartoli.<\/p>\n<p>Il progetto Frau Musika \u00e8 reso possibile grazie a una donazione \u201cArt Bonus\u201d di Fondazione Cariverona e all&#8217;organizzazione dell&#8217;Orchestra del Teatro Olimpico di Vicenza. Per informazioni e prenotazioni: segreteriabelcircolo@gmail.com. Campagna tesseramento 70a Stagione 2023, in biglietteria presso la sede del concerto.<\/p>","protected":false},"excerpt":{"rendered":"<p>Orchestra Frau Musika e Coro del Friuli Venezia Giulia Bach, Messa in si minore BWV 232 Mercoled\u00ec 21 dicembre 2022, ore 19:00 Basilica Cattedrale di San Martino, Belluno Mercoled\u00ec 21 dicembre, ore 19:00, Basilica Cattedrale di San Martino di Belluno, il Circolo Culturale Bellunese chiude la 69a Stagione regalando al proprio pubblico una grandiosa esecuzione [&hellip;]<\/p>\n","protected":false},"author":2,"featured_media":119195,"comment_status":"closed","ping_status":"open","sticky":false,"template":"","format":"standard","meta":{"footnotes":""},"categories":[27,3,25],"tags":[],"class_list":["post-138374","post","type-post","status-publish","format-standard","has-post-thumbnail","category-appuntamenti","category-arte-cultura-spettacoli-scienza-archivi","category-pausa-caffe"],"yoast_head":"<!-- This site is optimized with the Yoast SEO plugin v28.4 - https:\/\/yoast.com\/product\/yoast-seo-wordpress\/ -->\n<title>Mercoled\u00ec in Duomo il concerto con l&#039;orchestra Frau Musika accompagnata dal Coro del Friuli Venezia Giulia - Bellunopress - Dolomiti<\/title>\n<meta name=\"robots\" content=\"index, follow, max-snippet:-1, max-image-preview:large, max-video-preview:-1\" \/>\n<link rel=\"canonical\" href=\"https:\/\/www.bellunopress.it\/fr\/2022\/12\/18\/mercoledi-in-duomo-il-concerto-con-lorchestra-frau-musika-accompagnata-dal-coro-del-friuli-venezia-giulia\/\" \/>\n<meta property=\"og:locale\" content=\"fr_FR\" \/>\n<meta property=\"og:type\" content=\"article\" \/>\n<meta property=\"og:title\" content=\"Mercoled\u00ec in Duomo il concerto con l&#039;orchestra Frau Musika accompagnata dal Coro del Friuli Venezia Giulia - Bellunopress - Dolomiti\" \/>\n<meta property=\"og:description\" content=\"Orchestra Frau Musika e Coro del Friuli Venezia Giulia Bach, Messa in si minore BWV 232 Mercoled\u00ec 21 dicembre 2022, ore 19:00 Basilica Cattedrale di San Martino, Belluno Mercoled\u00ec 21 dicembre, ore 19:00, Basilica Cattedrale di San Martino di Belluno, il Circolo Culturale Bellunese chiude la 69a Stagione regalando al proprio pubblico una grandiosa esecuzione [&hellip;]\" \/>\n<meta property=\"og:url\" content=\"https:\/\/www.bellunopress.it\/fr\/2022\/12\/18\/mercoledi-in-duomo-il-concerto-con-lorchestra-frau-musika-accompagnata-dal-coro-del-friuli-venezia-giulia\/\" \/>\n<meta property=\"og:site_name\" content=\"Bellunopress - Dolomiti\" \/>\n<meta property=\"article:publisher\" content=\"https:\/\/www.facebook.com\/profile.php?id=100008943462799\" \/>\n<meta property=\"article:published_time\" content=\"2022-12-18T10:33:10+00:00\" \/>\n<meta property=\"og:image\" content=\"https:\/\/www.bellunopress.it\/wp-content\/uploads\/2020\/11\/duomo_edited.jpg\" \/>\n\t<meta property=\"og:image:width\" content=\"800\" \/>\n\t<meta property=\"og:image:height\" content=\"668\" \/>\n\t<meta property=\"og:image:type\" content=\"image\/jpeg\" \/>\n<meta name=\"author\" content=\"redazione\" \/>\n<meta name=\"twitter:card\" content=\"summary_large_image\" \/>\n<meta name=\"twitter:creator\" content=\"@bellunopress\" \/>\n<meta name=\"twitter:site\" content=\"@bellunopress\" \/>\n<meta name=\"twitter:label1\" content=\"Written by\" \/>\n\t<meta name=\"twitter:data1\" content=\"redazione\" \/>\n\t<meta name=\"twitter:label2\" content=\"Est. reading time\" \/>\n\t<meta name=\"twitter:data2\" content=\"3 minutes\" \/>\n<script type=\"application\/ld+json\" class=\"yoast-schema-graph\">{\"@context\":\"https:\\\/\\\/schema.org\",\"@graph\":[{\"@type\":\"Article\",\"@id\":\"https:\\\/\\\/www.bellunopress.it\\\/2022\\\/12\\\/18\\\/mercoledi-in-duomo-il-concerto-con-lorchestra-frau-musika-accompagnata-dal-coro-del-friuli-venezia-giulia\\\/#article\",\"isPartOf\":{\"@id\":\"https:\\\/\\\/www.bellunopress.it\\\/2022\\\/12\\\/18\\\/mercoledi-in-duomo-il-concerto-con-lorchestra-frau-musika-accompagnata-dal-coro-del-friuli-venezia-giulia\\\/\"},\"author\":{\"name\":\"redazione\",\"@id\":\"https:\\\/\\\/www.bellunopress.it\\\/#\\\/schema\\\/person\\\/79bb06722b37ece1c03d3e94beb30d73\"},\"headline\":\"Mercoled\u00ec in Duomo il concerto con l&#8217;orchestra Frau Musika accompagnata dal Coro del Friuli Venezia Giulia\",\"datePublished\":\"2022-12-18T10:33:10+00:00\",\"mainEntityOfPage\":{\"@id\":\"https:\\\/\\\/www.bellunopress.it\\\/2022\\\/12\\\/18\\\/mercoledi-in-duomo-il-concerto-con-lorchestra-frau-musika-accompagnata-dal-coro-del-friuli-venezia-giulia\\\/\"},\"wordCount\":478,\"publisher\":{\"@id\":\"https:\\\/\\\/www.bellunopress.it\\\/#organization\"},\"image\":{\"@id\":\"https:\\\/\\\/www.bellunopress.it\\\/2022\\\/12\\\/18\\\/mercoledi-in-duomo-il-concerto-con-lorchestra-frau-musika-accompagnata-dal-coro-del-friuli-venezia-giulia\\\/#primaryimage\"},\"thumbnailUrl\":\"https:\\\/\\\/www.bellunopress.it\\\/wp-content\\\/uploads\\\/2020\\\/11\\\/duomo_edited.jpg\",\"articleSection\":[\"Appuntamenti, Eventi\",\"Arte, Cultura, Spettacoli, Scienza\",\"Pausa Caff\u00e8\"],\"inLanguage\":\"fr-FR\"},{\"@type\":\"WebPage\",\"@id\":\"https:\\\/\\\/www.bellunopress.it\\\/2022\\\/12\\\/18\\\/mercoledi-in-duomo-il-concerto-con-lorchestra-frau-musika-accompagnata-dal-coro-del-friuli-venezia-giulia\\\/\",\"url\":\"https:\\\/\\\/www.bellunopress.it\\\/2022\\\/12\\\/18\\\/mercoledi-in-duomo-il-concerto-con-lorchestra-frau-musika-accompagnata-dal-coro-del-friuli-venezia-giulia\\\/\",\"name\":\"Mercoled\u00ec in Duomo il concerto con l'orchestra Frau Musika accompagnata dal Coro del Friuli Venezia Giulia - Bellunopress - Dolomiti\",\"isPartOf\":{\"@id\":\"https:\\\/\\\/www.bellunopress.it\\\/#website\"},\"primaryImageOfPage\":{\"@id\":\"https:\\\/\\\/www.bellunopress.it\\\/2022\\\/12\\\/18\\\/mercoledi-in-duomo-il-concerto-con-lorchestra-frau-musika-accompagnata-dal-coro-del-friuli-venezia-giulia\\\/#primaryimage\"},\"image\":{\"@id\":\"https:\\\/\\\/www.bellunopress.it\\\/2022\\\/12\\\/18\\\/mercoledi-in-duomo-il-concerto-con-lorchestra-frau-musika-accompagnata-dal-coro-del-friuli-venezia-giulia\\\/#primaryimage\"},\"thumbnailUrl\":\"https:\\\/\\\/www.bellunopress.it\\\/wp-content\\\/uploads\\\/2020\\\/11\\\/duomo_edited.jpg\",\"datePublished\":\"2022-12-18T10:33:10+00:00\",\"breadcrumb\":{\"@id\":\"https:\\\/\\\/www.bellunopress.it\\\/2022\\\/12\\\/18\\\/mercoledi-in-duomo-il-concerto-con-lorchestra-frau-musika-accompagnata-dal-coro-del-friuli-venezia-giulia\\\/#breadcrumb\"},\"inLanguage\":\"fr-FR\",\"potentialAction\":[{\"@type\":\"ReadAction\",\"target\":[\"https:\\\/\\\/www.bellunopress.it\\\/2022\\\/12\\\/18\\\/mercoledi-in-duomo-il-concerto-con-lorchestra-frau-musika-accompagnata-dal-coro-del-friuli-venezia-giulia\\\/\"]}]},{\"@type\":\"ImageObject\",\"inLanguage\":\"fr-FR\",\"@id\":\"https:\\\/\\\/www.bellunopress.it\\\/2022\\\/12\\\/18\\\/mercoledi-in-duomo-il-concerto-con-lorchestra-frau-musika-accompagnata-dal-coro-del-friuli-venezia-giulia\\\/#primaryimage\",\"url\":\"https:\\\/\\\/www.bellunopress.it\\\/wp-content\\\/uploads\\\/2020\\\/11\\\/duomo_edited.jpg\",\"contentUrl\":\"https:\\\/\\\/www.bellunopress.it\\\/wp-content\\\/uploads\\\/2020\\\/11\\\/duomo_edited.jpg\",\"width\":800,\"height\":668,\"caption\":\"Piazza Duomo - Belluno\"},{\"@type\":\"BreadcrumbList\",\"@id\":\"https:\\\/\\\/www.bellunopress.it\\\/2022\\\/12\\\/18\\\/mercoledi-in-duomo-il-concerto-con-lorchestra-frau-musika-accompagnata-dal-coro-del-friuli-venezia-giulia\\\/#breadcrumb\",\"itemListElement\":[{\"@type\":\"ListItem\",\"position\":1,\"name\":\"Home\",\"item\":\"https:\\\/\\\/www.bellunopress.it\\\/\"},{\"@type\":\"ListItem\",\"position\":2,\"name\":\"Mercoled\u00ec in Duomo il concerto con l&#8217;orchestra Frau Musika accompagnata dal Coro del Friuli Venezia Giulia\"}]},{\"@type\":\"WebSite\",\"@id\":\"https:\\\/\\\/www.bellunopress.it\\\/#website\",\"url\":\"https:\\\/\\\/www.bellunopress.it\\\/\",\"name\":\"Bellunopress - Dolomiti\",\"description\":\"e-mail: redazione@bellunopress.it\",\"publisher\":{\"@id\":\"https:\\\/\\\/www.bellunopress.it\\\/#organization\"},\"potentialAction\":[{\"@type\":\"SearchAction\",\"target\":{\"@type\":\"EntryPoint\",\"urlTemplate\":\"https:\\\/\\\/www.bellunopress.it\\\/?s={search_term_string}\"},\"query-input\":{\"@type\":\"PropertyValueSpecification\",\"valueRequired\":true,\"valueName\":\"search_term_string\"}}],\"inLanguage\":\"fr-FR\"},{\"@type\":\"Organization\",\"@id\":\"https:\\\/\\\/www.bellunopress.it\\\/#organization\",\"name\":\"Bellunopress\",\"url\":\"https:\\\/\\\/www.bellunopress.it\\\/\",\"logo\":{\"@type\":\"ImageObject\",\"inLanguage\":\"fr-FR\",\"@id\":\"https:\\\/\\\/www.bellunopress.it\\\/#\\\/schema\\\/logo\\\/image\\\/\",\"url\":\"https:\\\/\\\/www.bellunopress.it\\\/wp-content\\\/uploads\\\/2011\\\/05\\\/cropped-logo-bellunopress-.jpg\",\"contentUrl\":\"https:\\\/\\\/www.bellunopress.it\\\/wp-content\\\/uploads\\\/2011\\\/05\\\/cropped-logo-bellunopress-.jpg\",\"width\":512,\"height\":512,\"caption\":\"Bellunopress\"},\"image\":{\"@id\":\"https:\\\/\\\/www.bellunopress.it\\\/#\\\/schema\\\/logo\\\/image\\\/\"},\"sameAs\":[\"https:\\\/\\\/www.facebook.com\\\/profile.php?id=100008943462799\",\"https:\\\/\\\/x.com\\\/bellunopress\",\"https:\\\/\\\/www.linkedin.com\\\/hp\\\/?dnr=JBzUWaJfMUw8vbXJJ2tVW5-I3jZKvC4wsoxE&amp;amp;amp;amp;amp;amp;trk=nav_responsive_tab_home\",\"https:\\\/\\\/www.youtube.com\\\/channel\\\/UCxL0wu1uN0_3_7hGG0306cw\"]},{\"@type\":\"Person\",\"@id\":\"https:\\\/\\\/www.bellunopress.it\\\/#\\\/schema\\\/person\\\/79bb06722b37ece1c03d3e94beb30d73\",\"name\":\"redazione\",\"image\":{\"@type\":\"ImageObject\",\"inLanguage\":\"fr-FR\",\"@id\":\"https:\\\/\\\/secure.gravatar.com\\\/avatar\\\/37d968a2e67a6fd04c169c4bdef102d0bc5d31b2546345219e348575eb80e9a0?s=96&d=mm&r=g\",\"url\":\"https:\\\/\\\/secure.gravatar.com\\\/avatar\\\/37d968a2e67a6fd04c169c4bdef102d0bc5d31b2546345219e348575eb80e9a0?s=96&d=mm&r=g\",\"contentUrl\":\"https:\\\/\\\/secure.gravatar.com\\\/avatar\\\/37d968a2e67a6fd04c169c4bdef102d0bc5d31b2546345219e348575eb80e9a0?s=96&d=mm&r=g\",\"caption\":\"redazione\"},\"sameAs\":[\"http:\\\/\\\/www.bellunopress.it\",\"https:\\\/\\\/x.com\\\/bellunopress\"],\"url\":\"https:\\\/\\\/www.bellunopress.it\\\/fr\\\/author\\\/redazione\\\/\"}]}<\/script>\n<!-- \/ Yoast SEO plugin. -->","yoast_head_json":{"title":"Mercoled\u00ec in Duomo il concerto con l'orchestra Frau Musika accompagnata dal Coro del Friuli Venezia Giulia - Bellunopress - Dolomiti","robots":{"index":"index","follow":"follow","max-snippet":"max-snippet:-1","max-image-preview":"max-image-preview:large","max-video-preview":"max-video-preview:-1"},"canonical":"https:\/\/www.bellunopress.it\/fr\/2022\/12\/18\/mercoledi-in-duomo-il-concerto-con-lorchestra-frau-musika-accompagnata-dal-coro-del-friuli-venezia-giulia\/","og_locale":"fr_FR","og_type":"article","og_title":"Mercoled\u00ec in Duomo il concerto con l'orchestra Frau Musika accompagnata dal Coro del Friuli Venezia Giulia - Bellunopress - Dolomiti","og_description":"Orchestra Frau Musika e Coro del Friuli Venezia Giulia Bach, Messa in si minore BWV 232 Mercoled\u00ec 21 dicembre 2022, ore 19:00 Basilica Cattedrale di San Martino, Belluno Mercoled\u00ec 21 dicembre, ore 19:00, Basilica Cattedrale di San Martino di Belluno, il Circolo Culturale Bellunese chiude la 69a Stagione regalando al proprio pubblico una grandiosa esecuzione [&hellip;]","og_url":"https:\/\/www.bellunopress.it\/fr\/2022\/12\/18\/mercoledi-in-duomo-il-concerto-con-lorchestra-frau-musika-accompagnata-dal-coro-del-friuli-venezia-giulia\/","og_site_name":"Bellunopress - Dolomiti","article_publisher":"https:\/\/www.facebook.com\/profile.php?id=100008943462799","article_published_time":"2022-12-18T10:33:10+00:00","og_image":[{"width":800,"height":668,"url":"https:\/\/www.bellunopress.it\/wp-content\/uploads\/2020\/11\/duomo_edited.jpg","type":"image\/jpeg"}],"author":"redazione","twitter_card":"summary_large_image","twitter_creator":"@bellunopress","twitter_site":"@bellunopress","twitter_misc":{"Written by":"redazione","Est. reading time":"3 minutes"},"schema":{"@context":"https:\/\/schema.org","@graph":[{"@type":"Article","@id":"https:\/\/www.bellunopress.it\/2022\/12\/18\/mercoledi-in-duomo-il-concerto-con-lorchestra-frau-musika-accompagnata-dal-coro-del-friuli-venezia-giulia\/#article","isPartOf":{"@id":"https:\/\/www.bellunopress.it\/2022\/12\/18\/mercoledi-in-duomo-il-concerto-con-lorchestra-frau-musika-accompagnata-dal-coro-del-friuli-venezia-giulia\/"},"author":{"name":"redazione","@id":"https:\/\/www.bellunopress.it\/#\/schema\/person\/79bb06722b37ece1c03d3e94beb30d73"},"headline":"Mercoled\u00ec in Duomo il concerto con l&#8217;orchestra Frau Musika accompagnata dal Coro del Friuli Venezia Giulia","datePublished":"2022-12-18T10:33:10+00:00","mainEntityOfPage":{"@id":"https:\/\/www.bellunopress.it\/2022\/12\/18\/mercoledi-in-duomo-il-concerto-con-lorchestra-frau-musika-accompagnata-dal-coro-del-friuli-venezia-giulia\/"},"wordCount":478,"publisher":{"@id":"https:\/\/www.bellunopress.it\/#organization"},"image":{"@id":"https:\/\/www.bellunopress.it\/2022\/12\/18\/mercoledi-in-duomo-il-concerto-con-lorchestra-frau-musika-accompagnata-dal-coro-del-friuli-venezia-giulia\/#primaryimage"},"thumbnailUrl":"https:\/\/www.bellunopress.it\/wp-content\/uploads\/2020\/11\/duomo_edited.jpg","articleSection":["Appuntamenti, Eventi","Arte, Cultura, Spettacoli, Scienza","Pausa Caff\u00e8"],"inLanguage":"fr-FR"},{"@type":"WebPage","@id":"https:\/\/www.bellunopress.it\/2022\/12\/18\/mercoledi-in-duomo-il-concerto-con-lorchestra-frau-musika-accompagnata-dal-coro-del-friuli-venezia-giulia\/","url":"https:\/\/www.bellunopress.it\/2022\/12\/18\/mercoledi-in-duomo-il-concerto-con-lorchestra-frau-musika-accompagnata-dal-coro-del-friuli-venezia-giulia\/","name":"Mercoled\u00ec in Duomo il concerto con l'orchestra Frau Musika accompagnata dal Coro del Friuli Venezia Giulia - Bellunopress - Dolomiti","isPartOf":{"@id":"https:\/\/www.bellunopress.it\/#website"},"primaryImageOfPage":{"@id":"https:\/\/www.bellunopress.it\/2022\/12\/18\/mercoledi-in-duomo-il-concerto-con-lorchestra-frau-musika-accompagnata-dal-coro-del-friuli-venezia-giulia\/#primaryimage"},"image":{"@id":"https:\/\/www.bellunopress.it\/2022\/12\/18\/mercoledi-in-duomo-il-concerto-con-lorchestra-frau-musika-accompagnata-dal-coro-del-friuli-venezia-giulia\/#primaryimage"},"thumbnailUrl":"https:\/\/www.bellunopress.it\/wp-content\/uploads\/2020\/11\/duomo_edited.jpg","datePublished":"2022-12-18T10:33:10+00:00","breadcrumb":{"@id":"https:\/\/www.bellunopress.it\/2022\/12\/18\/mercoledi-in-duomo-il-concerto-con-lorchestra-frau-musika-accompagnata-dal-coro-del-friuli-venezia-giulia\/#breadcrumb"},"inLanguage":"fr-FR","potentialAction":[{"@type":"ReadAction","target":["https:\/\/www.bellunopress.it\/2022\/12\/18\/mercoledi-in-duomo-il-concerto-con-lorchestra-frau-musika-accompagnata-dal-coro-del-friuli-venezia-giulia\/"]}]},{"@type":"ImageObject","inLanguage":"fr-FR","@id":"https:\/\/www.bellunopress.it\/2022\/12\/18\/mercoledi-in-duomo-il-concerto-con-lorchestra-frau-musika-accompagnata-dal-coro-del-friuli-venezia-giulia\/#primaryimage","url":"https:\/\/www.bellunopress.it\/wp-content\/uploads\/2020\/11\/duomo_edited.jpg","contentUrl":"https:\/\/www.bellunopress.it\/wp-content\/uploads\/2020\/11\/duomo_edited.jpg","width":800,"height":668,"caption":"Piazza Duomo - Belluno"},{"@type":"BreadcrumbList","@id":"https:\/\/www.bellunopress.it\/2022\/12\/18\/mercoledi-in-duomo-il-concerto-con-lorchestra-frau-musika-accompagnata-dal-coro-del-friuli-venezia-giulia\/#breadcrumb","itemListElement":[{"@type":"ListItem","position":1,"name":"Home","item":"https:\/\/www.bellunopress.it\/"},{"@type":"ListItem","position":2,"name":"Mercoled\u00ec in Duomo il concerto con l&#8217;orchestra Frau Musika accompagnata dal Coro del Friuli Venezia Giulia"}]},{"@type":"WebSite","@id":"https:\/\/www.bellunopress.it\/#website","url":"https:\/\/www.bellunopress.it\/","name":"Bellunopress - Dolomiti","description":"e-mail: redazione@bellunopress.it","publisher":{"@id":"https:\/\/www.bellunopress.it\/#organization"},"potentialAction":[{"@type":"SearchAction","target":{"@type":"EntryPoint","urlTemplate":"https:\/\/www.bellunopress.it\/?s={search_term_string}"},"query-input":{"@type":"PropertyValueSpecification","valueRequired":true,"valueName":"search_term_string"}}],"inLanguage":"fr-FR"},{"@type":"Organization","@id":"https:\/\/www.bellunopress.it\/#organization","name":"Bellunopress","url":"https:\/\/www.bellunopress.it\/","logo":{"@type":"ImageObject","inLanguage":"fr-FR","@id":"https:\/\/www.bellunopress.it\/#\/schema\/logo\/image\/","url":"https:\/\/www.bellunopress.it\/wp-content\/uploads\/2011\/05\/cropped-logo-bellunopress-.jpg","contentUrl":"https:\/\/www.bellunopress.it\/wp-content\/uploads\/2011\/05\/cropped-logo-bellunopress-.jpg","width":512,"height":512,"caption":"Bellunopress"},"image":{"@id":"https:\/\/www.bellunopress.it\/#\/schema\/logo\/image\/"},"sameAs":["https:\/\/www.facebook.com\/profile.php?id=100008943462799","https:\/\/x.com\/bellunopress","https:\/\/www.linkedin.com\/hp\/?dnr=JBzUWaJfMUw8vbXJJ2tVW5-I3jZKvC4wsoxE&amp;amp;amp;amp;amp;amp;trk=nav_responsive_tab_home","https:\/\/www.youtube.com\/channel\/UCxL0wu1uN0_3_7hGG0306cw"]},{"@type":"Person","@id":"https:\/\/www.bellunopress.it\/#\/schema\/person\/79bb06722b37ece1c03d3e94beb30d73","name":"r\u00e9daction","image":{"@type":"ImageObject","inLanguage":"fr-FR","@id":"https:\/\/secure.gravatar.com\/avatar\/37d968a2e67a6fd04c169c4bdef102d0bc5d31b2546345219e348575eb80e9a0?s=96&d=mm&r=g","url":"https:\/\/secure.gravatar.com\/avatar\/37d968a2e67a6fd04c169c4bdef102d0bc5d31b2546345219e348575eb80e9a0?s=96&d=mm&r=g","contentUrl":"https:\/\/secure.gravatar.com\/avatar\/37d968a2e67a6fd04c169c4bdef102d0bc5d31b2546345219e348575eb80e9a0?s=96&d=mm&r=g","caption":"redazione"},"sameAs":["http:\/\/www.bellunopress.it","https:\/\/x.com\/bellunopress"],"url":"https:\/\/www.bellunopress.it\/fr\/author\/redazione\/"}]}},"_links":{"self":[{"href":"https:\/\/www.bellunopress.it\/fr\/wp-json\/wp\/v2\/posts\/138374","targetHints":{"allow":["GET"]}}],"collection":[{"href":"https:\/\/www.bellunopress.it\/fr\/wp-json\/wp\/v2\/posts"}],"about":[{"href":"https:\/\/www.bellunopress.it\/fr\/wp-json\/wp\/v2\/types\/post"}],"author":[{"embeddable":true,"href":"https:\/\/www.bellunopress.it\/fr\/wp-json\/wp\/v2\/users\/2"}],"replies":[{"embeddable":true,"href":"https:\/\/www.bellunopress.it\/fr\/wp-json\/wp\/v2\/comments?post=138374"}],"version-history":[{"count":1,"href":"https:\/\/www.bellunopress.it\/fr\/wp-json\/wp\/v2\/posts\/138374\/revisions"}],"predecessor-version":[{"id":138375,"href":"https:\/\/www.bellunopress.it\/fr\/wp-json\/wp\/v2\/posts\/138374\/revisions\/138375"}],"wp:featuredmedia":[{"embeddable":true,"href":"https:\/\/www.bellunopress.it\/fr\/wp-json\/wp\/v2\/media\/119195"}],"wp:attachment":[{"href":"https:\/\/www.bellunopress.it\/fr\/wp-json\/wp\/v2\/media?parent=138374"}],"wp:term":[{"taxonomy":"category","embeddable":true,"href":"https:\/\/www.bellunopress.it\/fr\/wp-json\/wp\/v2\/categories?post=138374"},{"taxonomy":"post_tag","embeddable":true,"href":"https:\/\/www.bellunopress.it\/fr\/wp-json\/wp\/v2\/tags?post=138374"}],"curies":[{"name":"wp","href":"https:\/\/api.w.org\/{rel}","templated":true}]}}