{"id":138355,"date":"2022-12-14T20:16:08","date_gmt":"2022-12-14T19:16:08","guid":{"rendered":"https:\/\/www.bellunopress.it\/?p=138355"},"modified":"2022-12-14T20:16:08","modified_gmt":"2022-12-14T19:16:08","slug":"abete-bellunese-a-roma-la-provincia-ha-donato-lalbero-di-natale-a-palazzo-chigi","status":"publish","type":"post","link":"https:\/\/www.bellunopress.it\/fr\/2022\/12\/14\/abete-bellunese-a-roma-la-provincia-ha-donato-lalbero-di-natale-a-palazzo-chigi\/","title":{"rendered":"Abete bellunese a Roma, la Provincia ha donato l&#8217;albero di Natale a Palazzo Chigi"},"content":{"rendered":"<p><img loading=\"lazy\" decoding=\"async\" class=\"alignleft size-full wp-image-138356\" src=\"https:\/\/www.bellunopress.it\/wp-content\/uploads\/2022\/12\/Albero-a-Palazzo-Chigi_edited.jpg\" alt=\"\" width=\"1000\" height=\"667\" srcset=\"https:\/\/www.bellunopress.it\/wp-content\/uploads\/2022\/12\/Albero-a-Palazzo-Chigi_edited.jpg 1000w, https:\/\/www.bellunopress.it\/wp-content\/uploads\/2022\/12\/Albero-a-Palazzo-Chigi_edited-500x334.jpg 500w, https:\/\/www.bellunopress.it\/wp-content\/uploads\/2022\/12\/Albero-a-Palazzo-Chigi_edited-696x464.jpg 696w, https:\/\/www.bellunopress.it\/wp-content\/uploads\/2022\/12\/Albero-a-Palazzo-Chigi_edited-630x420.jpg 630w\" sizes=\"auto, (max-width: 1000px) 100vw, 1000px\" \/>\u00c8 stato acceso oggi, a Roma, l&#8217;albero di Natale di Palazzo Chigi. Si tratta di un abete bianco prelevato dal territorio comunale di Vigo di Cadore e donato alla Presidenza del Consiglio dei Ministri dalla Provincia di Belluno. Una tradizione ormai, dato che l&#8217;albero di Natale della sede del premier per il quinto anno di fila proviene dai boschi del Bellunese, consegnato dagli alpini dell&#8217;Ana. Una piacevole consuetudine cominciata nell&#8217;anno della tempesta Vaia, per accendere i riflettori sulla fragilit\u00e0 e sulla bellezza della montagna, due facce della stessa medaglia.<\/p>\n<p>Alla breve cerimonia di accensione di oggi erano presenti il presidente della Provincia Roberto Padrin, il consigliere provinciale Mattia Gosetti, la sindaca di Vigo di Cadore Silvia Calligaro con la sua amministrazione comunale, e il senatore Luca De Carlo.<\/p>\n<p>\u00abPer la Provincia di Belluno \u00e8 un onore quello di offrire l&#8217;albero di Natale a Palazzo Chigi, e ringrazio gli alpini per l&#8217;ottima consegna\u00bb commenta il presidente Padrin. \u00abVuole essere un omaggio della montagna, un modo per avvicinare centro e periferia, ma anche per lanciare un segnale sulla fragilit\u00e0 delle terre alte, di cui proprio Vigo \u00e8 un esempio. Terre alte che sono bellissime, dal punto di vista ambientale e paesaggistico, ma allo stesso tempo sono soggette a dinamiche di spopolamento che non riusciamo a fermare senza l&#8217;aiuto del governo\u00bb.<\/p>\n<p>Il presidente Padrin ha portato l&#8217;augurio di buon Natale del Bellunese anche al Segretario di Stato della Santa Sede, il cardinale Pietro Parolin, insieme a Marco D&#8217;Ambros, sindaco di Lorenzago, Comune dal quale da anni proviene l&#8217;abete natalizio del Palazzo Apostolico Vaticano. Sia al cardinale Parolin sia alla Presidenza del Consiglio dei Ministri sono state donate due ceste di prodotti tipici del territorio, confezionate dalla Dmo Dolomiti con il contributo dei consorzi di vallata e di alcune aziende bellunesi.<\/p>","protected":false},"excerpt":{"rendered":"<p>\u00c8 stato acceso oggi, a Roma, l&#8217;albero di Natale di Palazzo Chigi. Si tratta di un abete bianco prelevato dal territorio comunale di Vigo di Cadore e donato alla Presidenza del Consiglio dei Ministri dalla Provincia di Belluno. Una tradizione ormai, dato che l&#8217;albero di Natale della sede del premier per il quinto anno di [&hellip;]<\/p>\n","protected":false},"author":2,"featured_media":138356,"comment_status":"closed","ping_status":"open","sticky":false,"template":"","format":"standard","meta":{"footnotes":""},"categories":[5,26],"tags":[],"class_list":["post-138355","post","type-post","status-publish","format-standard","has-post-thumbnail","category-cronaca","category-prima-pagina"],"yoast_head":"<!-- This site is optimized with the Yoast SEO plugin v28.4 - https:\/\/yoast.com\/product\/yoast-seo-wordpress\/ -->\n<title>Abete bellunese a Roma, la Provincia ha donato l&#039;albero di Natale a Palazzo Chigi - Bellunopress - Dolomiti<\/title>\n<meta name=\"robots\" content=\"index, follow, max-snippet:-1, max-image-preview:large, max-video-preview:-1\" \/>\n<link rel=\"canonical\" href=\"https:\/\/www.bellunopress.it\/fr\/2022\/12\/14\/abete-bellunese-a-roma-la-provincia-ha-donato-lalbero-di-natale-a-palazzo-chigi\/\" \/>\n<meta property=\"og:locale\" content=\"fr_FR\" \/>\n<meta property=\"og:type\" content=\"article\" \/>\n<meta property=\"og:title\" content=\"Abete bellunese a Roma, la Provincia ha donato l&#039;albero di Natale a Palazzo Chigi - Bellunopress - Dolomiti\" \/>\n<meta property=\"og:description\" content=\"\u00c8 stato acceso oggi, a Roma, l&#8217;albero di Natale di Palazzo Chigi. Si tratta di un abete bianco prelevato dal territorio comunale di Vigo di Cadore e donato alla Presidenza del Consiglio dei Ministri dalla Provincia di Belluno. Una tradizione ormai, dato che l&#8217;albero di Natale della sede del premier per il quinto anno di [&hellip;]\" \/>\n<meta property=\"og:url\" content=\"https:\/\/www.bellunopress.it\/fr\/2022\/12\/14\/abete-bellunese-a-roma-la-provincia-ha-donato-lalbero-di-natale-a-palazzo-chigi\/\" \/>\n<meta property=\"og:site_name\" content=\"Bellunopress - Dolomiti\" \/>\n<meta property=\"article:publisher\" content=\"https:\/\/www.facebook.com\/profile.php?id=100008943462799\" \/>\n<meta property=\"article:published_time\" content=\"2022-12-14T19:16:08+00:00\" \/>\n<meta property=\"og:image\" content=\"https:\/\/www.bellunopress.it\/wp-content\/uploads\/2022\/12\/Albero-a-Palazzo-Chigi_edited.jpg\" \/>\n\t<meta property=\"og:image:width\" content=\"1000\" \/>\n\t<meta property=\"og:image:height\" content=\"667\" \/>\n\t<meta property=\"og:image:type\" content=\"image\/jpeg\" \/>\n<meta name=\"author\" content=\"redazione\" \/>\n<meta name=\"twitter:card\" content=\"summary_large_image\" \/>\n<meta name=\"twitter:creator\" content=\"@bellunopress\" \/>\n<meta name=\"twitter:site\" content=\"@bellunopress\" \/>\n<meta name=\"twitter:label1\" content=\"\u00c9crit par\" \/>\n\t<meta name=\"twitter:data1\" content=\"redazione\" \/>\n\t<meta name=\"twitter:label2\" content=\"Dur\u00e9e de lecture estim\u00e9e\" \/>\n\t<meta name=\"twitter:data2\" content=\"2 minutes\" \/>\n<script type=\"application\/ld+json\" class=\"yoast-schema-graph\">{\"@context\":\"https:\\\/\\\/schema.org\",\"@graph\":[{\"@type\":\"Article\",\"@id\":\"https:\\\/\\\/www.bellunopress.it\\\/2022\\\/12\\\/14\\\/abete-bellunese-a-roma-la-provincia-ha-donato-lalbero-di-natale-a-palazzo-chigi\\\/#article\",\"isPartOf\":{\"@id\":\"https:\\\/\\\/www.bellunopress.it\\\/2022\\\/12\\\/14\\\/abete-bellunese-a-roma-la-provincia-ha-donato-lalbero-di-natale-a-palazzo-chigi\\\/\"},\"author\":{\"name\":\"redazione\",\"@id\":\"https:\\\/\\\/www.bellunopress.it\\\/#\\\/schema\\\/person\\\/79bb06722b37ece1c03d3e94beb30d73\"},\"headline\":\"Abete bellunese a Roma, la Provincia ha donato l&#8217;albero di Natale a Palazzo Chigi\",\"datePublished\":\"2022-12-14T19:16:08+00:00\",\"mainEntityOfPage\":{\"@id\":\"https:\\\/\\\/www.bellunopress.it\\\/2022\\\/12\\\/14\\\/abete-bellunese-a-roma-la-provincia-ha-donato-lalbero-di-natale-a-palazzo-chigi\\\/\"},\"wordCount\":319,\"publisher\":{\"@id\":\"https:\\\/\\\/www.bellunopress.it\\\/#organization\"},\"image\":{\"@id\":\"https:\\\/\\\/www.bellunopress.it\\\/2022\\\/12\\\/14\\\/abete-bellunese-a-roma-la-provincia-ha-donato-lalbero-di-natale-a-palazzo-chigi\\\/#primaryimage\"},\"thumbnailUrl\":\"https:\\\/\\\/www.bellunopress.it\\\/wp-content\\\/uploads\\\/2022\\\/12\\\/Albero-a-Palazzo-Chigi_edited.jpg\",\"articleSection\":[\"Cronaca\\\/Politica\",\"Prima Pagina\"],\"inLanguage\":\"fr-FR\"},{\"@type\":\"WebPage\",\"@id\":\"https:\\\/\\\/www.bellunopress.it\\\/2022\\\/12\\\/14\\\/abete-bellunese-a-roma-la-provincia-ha-donato-lalbero-di-natale-a-palazzo-chigi\\\/\",\"url\":\"https:\\\/\\\/www.bellunopress.it\\\/2022\\\/12\\\/14\\\/abete-bellunese-a-roma-la-provincia-ha-donato-lalbero-di-natale-a-palazzo-chigi\\\/\",\"name\":\"Abete bellunese a Roma, la Provincia ha donato l'albero di Natale a Palazzo Chigi - Bellunopress - Dolomiti\",\"isPartOf\":{\"@id\":\"https:\\\/\\\/www.bellunopress.it\\\/#website\"},\"primaryImageOfPage\":{\"@id\":\"https:\\\/\\\/www.bellunopress.it\\\/2022\\\/12\\\/14\\\/abete-bellunese-a-roma-la-provincia-ha-donato-lalbero-di-natale-a-palazzo-chigi\\\/#primaryimage\"},\"image\":{\"@id\":\"https:\\\/\\\/www.bellunopress.it\\\/2022\\\/12\\\/14\\\/abete-bellunese-a-roma-la-provincia-ha-donato-lalbero-di-natale-a-palazzo-chigi\\\/#primaryimage\"},\"thumbnailUrl\":\"https:\\\/\\\/www.bellunopress.it\\\/wp-content\\\/uploads\\\/2022\\\/12\\\/Albero-a-Palazzo-Chigi_edited.jpg\",\"datePublished\":\"2022-12-14T19:16:08+00:00\",\"breadcrumb\":{\"@id\":\"https:\\\/\\\/www.bellunopress.it\\\/2022\\\/12\\\/14\\\/abete-bellunese-a-roma-la-provincia-ha-donato-lalbero-di-natale-a-palazzo-chigi\\\/#breadcrumb\"},\"inLanguage\":\"fr-FR\",\"potentialAction\":[{\"@type\":\"ReadAction\",\"target\":[\"https:\\\/\\\/www.bellunopress.it\\\/2022\\\/12\\\/14\\\/abete-bellunese-a-roma-la-provincia-ha-donato-lalbero-di-natale-a-palazzo-chigi\\\/\"]}]},{\"@type\":\"ImageObject\",\"inLanguage\":\"fr-FR\",\"@id\":\"https:\\\/\\\/www.bellunopress.it\\\/2022\\\/12\\\/14\\\/abete-bellunese-a-roma-la-provincia-ha-donato-lalbero-di-natale-a-palazzo-chigi\\\/#primaryimage\",\"url\":\"https:\\\/\\\/www.bellunopress.it\\\/wp-content\\\/uploads\\\/2022\\\/12\\\/Albero-a-Palazzo-Chigi_edited.jpg\",\"contentUrl\":\"https:\\\/\\\/www.bellunopress.it\\\/wp-content\\\/uploads\\\/2022\\\/12\\\/Albero-a-Palazzo-Chigi_edited.jpg\",\"width\":1000,\"height\":667},{\"@type\":\"BreadcrumbList\",\"@id\":\"https:\\\/\\\/www.bellunopress.it\\\/2022\\\/12\\\/14\\\/abete-bellunese-a-roma-la-provincia-ha-donato-lalbero-di-natale-a-palazzo-chigi\\\/#breadcrumb\",\"itemListElement\":[{\"@type\":\"ListItem\",\"position\":1,\"name\":\"Home\",\"item\":\"https:\\\/\\\/www.bellunopress.it\\\/\"},{\"@type\":\"ListItem\",\"position\":2,\"name\":\"Abete bellunese a Roma, la Provincia ha donato l&#8217;albero di Natale a Palazzo Chigi\"}]},{\"@type\":\"WebSite\",\"@id\":\"https:\\\/\\\/www.bellunopress.it\\\/#website\",\"url\":\"https:\\\/\\\/www.bellunopress.it\\\/\",\"name\":\"Bellunopress - Dolomiti\",\"description\":\"e-mail: redazione@bellunopress.it\",\"publisher\":{\"@id\":\"https:\\\/\\\/www.bellunopress.it\\\/#organization\"},\"potentialAction\":[{\"@type\":\"SearchAction\",\"target\":{\"@type\":\"EntryPoint\",\"urlTemplate\":\"https:\\\/\\\/www.bellunopress.it\\\/?s={search_term_string}\"},\"query-input\":{\"@type\":\"PropertyValueSpecification\",\"valueRequired\":true,\"valueName\":\"search_term_string\"}}],\"inLanguage\":\"fr-FR\"},{\"@type\":\"Organization\",\"@id\":\"https:\\\/\\\/www.bellunopress.it\\\/#organization\",\"name\":\"Bellunopress\",\"url\":\"https:\\\/\\\/www.bellunopress.it\\\/\",\"logo\":{\"@type\":\"ImageObject\",\"inLanguage\":\"fr-FR\",\"@id\":\"https:\\\/\\\/www.bellunopress.it\\\/#\\\/schema\\\/logo\\\/image\\\/\",\"url\":\"https:\\\/\\\/www.bellunopress.it\\\/wp-content\\\/uploads\\\/2011\\\/05\\\/cropped-logo-bellunopress-.jpg\",\"contentUrl\":\"https:\\\/\\\/www.bellunopress.it\\\/wp-content\\\/uploads\\\/2011\\\/05\\\/cropped-logo-bellunopress-.jpg\",\"width\":512,\"height\":512,\"caption\":\"Bellunopress\"},\"image\":{\"@id\":\"https:\\\/\\\/www.bellunopress.it\\\/#\\\/schema\\\/logo\\\/image\\\/\"},\"sameAs\":[\"https:\\\/\\\/www.facebook.com\\\/profile.php?id=100008943462799\",\"https:\\\/\\\/x.com\\\/bellunopress\",\"https:\\\/\\\/www.linkedin.com\\\/hp\\\/?dnr=JBzUWaJfMUw8vbXJJ2tVW5-I3jZKvC4wsoxE&amp;amp;amp;amp;amp;amp;trk=nav_responsive_tab_home\",\"https:\\\/\\\/www.youtube.com\\\/channel\\\/UCxL0wu1uN0_3_7hGG0306cw\"]},{\"@type\":\"Person\",\"@id\":\"https:\\\/\\\/www.bellunopress.it\\\/#\\\/schema\\\/person\\\/79bb06722b37ece1c03d3e94beb30d73\",\"name\":\"redazione\",\"image\":{\"@type\":\"ImageObject\",\"inLanguage\":\"fr-FR\",\"@id\":\"https:\\\/\\\/secure.gravatar.com\\\/avatar\\\/37d968a2e67a6fd04c169c4bdef102d0bc5d31b2546345219e348575eb80e9a0?s=96&d=mm&r=g\",\"url\":\"https:\\\/\\\/secure.gravatar.com\\\/avatar\\\/37d968a2e67a6fd04c169c4bdef102d0bc5d31b2546345219e348575eb80e9a0?s=96&d=mm&r=g\",\"contentUrl\":\"https:\\\/\\\/secure.gravatar.com\\\/avatar\\\/37d968a2e67a6fd04c169c4bdef102d0bc5d31b2546345219e348575eb80e9a0?s=96&d=mm&r=g\",\"caption\":\"redazione\"},\"sameAs\":[\"http:\\\/\\\/www.bellunopress.it\",\"https:\\\/\\\/x.com\\\/bellunopress\"],\"url\":\"https:\\\/\\\/www.bellunopress.it\\\/fr\\\/author\\\/redazione\\\/\"}]}<\/script>\n<!-- \/ Yoast SEO plugin. -->","yoast_head_json":{"title":"Abete bellunese a Roma, la Provincia ha donato l'albero di Natale a Palazzo Chigi - Bellunopress - Dolomiti","robots":{"index":"index","follow":"follow","max-snippet":"max-snippet:-1","max-image-preview":"max-image-preview:large","max-video-preview":"max-video-preview:-1"},"canonical":"https:\/\/www.bellunopress.it\/fr\/2022\/12\/14\/abete-bellunese-a-roma-la-provincia-ha-donato-lalbero-di-natale-a-palazzo-chigi\/","og_locale":"fr_FR","og_type":"article","og_title":"Abete bellunese a Roma, la Provincia ha donato l'albero di Natale a Palazzo Chigi - Bellunopress - Dolomiti","og_description":"\u00c8 stato acceso oggi, a Roma, l&#8217;albero di Natale di Palazzo Chigi. Si tratta di un abete bianco prelevato dal territorio comunale di Vigo di Cadore e donato alla Presidenza del Consiglio dei Ministri dalla Provincia di Belluno. Una tradizione ormai, dato che l&#8217;albero di Natale della sede del premier per il quinto anno di [&hellip;]","og_url":"https:\/\/www.bellunopress.it\/fr\/2022\/12\/14\/abete-bellunese-a-roma-la-provincia-ha-donato-lalbero-di-natale-a-palazzo-chigi\/","og_site_name":"Bellunopress - Dolomiti","article_publisher":"https:\/\/www.facebook.com\/profile.php?id=100008943462799","article_published_time":"2022-12-14T19:16:08+00:00","og_image":[{"width":1000,"height":667,"url":"https:\/\/www.bellunopress.it\/wp-content\/uploads\/2022\/12\/Albero-a-Palazzo-Chigi_edited.jpg","type":"image\/jpeg"}],"author":"redazione","twitter_card":"summary_large_image","twitter_creator":"@bellunopress","twitter_site":"@bellunopress","twitter_misc":{"\u00c9crit par":"redazione","Dur\u00e9e de lecture estim\u00e9e":"2 minutes"},"schema":{"@context":"https:\/\/schema.org","@graph":[{"@type":"Article","@id":"https:\/\/www.bellunopress.it\/2022\/12\/14\/abete-bellunese-a-roma-la-provincia-ha-donato-lalbero-di-natale-a-palazzo-chigi\/#article","isPartOf":{"@id":"https:\/\/www.bellunopress.it\/2022\/12\/14\/abete-bellunese-a-roma-la-provincia-ha-donato-lalbero-di-natale-a-palazzo-chigi\/"},"author":{"name":"redazione","@id":"https:\/\/www.bellunopress.it\/#\/schema\/person\/79bb06722b37ece1c03d3e94beb30d73"},"headline":"Abete bellunese a Roma, la Provincia ha donato l&#8217;albero di Natale a Palazzo Chigi","datePublished":"2022-12-14T19:16:08+00:00","mainEntityOfPage":{"@id":"https:\/\/www.bellunopress.it\/2022\/12\/14\/abete-bellunese-a-roma-la-provincia-ha-donato-lalbero-di-natale-a-palazzo-chigi\/"},"wordCount":319,"publisher":{"@id":"https:\/\/www.bellunopress.it\/#organization"},"image":{"@id":"https:\/\/www.bellunopress.it\/2022\/12\/14\/abete-bellunese-a-roma-la-provincia-ha-donato-lalbero-di-natale-a-palazzo-chigi\/#primaryimage"},"thumbnailUrl":"https:\/\/www.bellunopress.it\/wp-content\/uploads\/2022\/12\/Albero-a-Palazzo-Chigi_edited.jpg","articleSection":["Cronaca\/Politica","Prima Pagina"],"inLanguage":"fr-FR"},{"@type":"WebPage","@id":"https:\/\/www.bellunopress.it\/2022\/12\/14\/abete-bellunese-a-roma-la-provincia-ha-donato-lalbero-di-natale-a-palazzo-chigi\/","url":"https:\/\/www.bellunopress.it\/2022\/12\/14\/abete-bellunese-a-roma-la-provincia-ha-donato-lalbero-di-natale-a-palazzo-chigi\/","name":"Abete bellunese a Roma, la Provincia ha donato l'albero di Natale a Palazzo Chigi - Bellunopress - Dolomiti","isPartOf":{"@id":"https:\/\/www.bellunopress.it\/#website"},"primaryImageOfPage":{"@id":"https:\/\/www.bellunopress.it\/2022\/12\/14\/abete-bellunese-a-roma-la-provincia-ha-donato-lalbero-di-natale-a-palazzo-chigi\/#primaryimage"},"image":{"@id":"https:\/\/www.bellunopress.it\/2022\/12\/14\/abete-bellunese-a-roma-la-provincia-ha-donato-lalbero-di-natale-a-palazzo-chigi\/#primaryimage"},"thumbnailUrl":"https:\/\/www.bellunopress.it\/wp-content\/uploads\/2022\/12\/Albero-a-Palazzo-Chigi_edited.jpg","datePublished":"2022-12-14T19:16:08+00:00","breadcrumb":{"@id":"https:\/\/www.bellunopress.it\/2022\/12\/14\/abete-bellunese-a-roma-la-provincia-ha-donato-lalbero-di-natale-a-palazzo-chigi\/#breadcrumb"},"inLanguage":"fr-FR","potentialAction":[{"@type":"ReadAction","target":["https:\/\/www.bellunopress.it\/2022\/12\/14\/abete-bellunese-a-roma-la-provincia-ha-donato-lalbero-di-natale-a-palazzo-chigi\/"]}]},{"@type":"ImageObject","inLanguage":"fr-FR","@id":"https:\/\/www.bellunopress.it\/2022\/12\/14\/abete-bellunese-a-roma-la-provincia-ha-donato-lalbero-di-natale-a-palazzo-chigi\/#primaryimage","url":"https:\/\/www.bellunopress.it\/wp-content\/uploads\/2022\/12\/Albero-a-Palazzo-Chigi_edited.jpg","contentUrl":"https:\/\/www.bellunopress.it\/wp-content\/uploads\/2022\/12\/Albero-a-Palazzo-Chigi_edited.jpg","width":1000,"height":667},{"@type":"BreadcrumbList","@id":"https:\/\/www.bellunopress.it\/2022\/12\/14\/abete-bellunese-a-roma-la-provincia-ha-donato-lalbero-di-natale-a-palazzo-chigi\/#breadcrumb","itemListElement":[{"@type":"ListItem","position":1,"name":"Home","item":"https:\/\/www.bellunopress.it\/"},{"@type":"ListItem","position":2,"name":"Abete bellunese a Roma, la Provincia ha donato l&#8217;albero di Natale a Palazzo Chigi"}]},{"@type":"WebSite","@id":"https:\/\/www.bellunopress.it\/#website","url":"https:\/\/www.bellunopress.it\/","name":"Bellunopress - Dolomiti","description":"e-mail: redazione@bellunopress.it","publisher":{"@id":"https:\/\/www.bellunopress.it\/#organization"},"potentialAction":[{"@type":"SearchAction","target":{"@type":"EntryPoint","urlTemplate":"https:\/\/www.bellunopress.it\/?s={search_term_string}"},"query-input":{"@type":"PropertyValueSpecification","valueRequired":true,"valueName":"search_term_string"}}],"inLanguage":"fr-FR"},{"@type":"Organization","@id":"https:\/\/www.bellunopress.it\/#organization","name":"Bellunopress","url":"https:\/\/www.bellunopress.it\/","logo":{"@type":"ImageObject","inLanguage":"fr-FR","@id":"https:\/\/www.bellunopress.it\/#\/schema\/logo\/image\/","url":"https:\/\/www.bellunopress.it\/wp-content\/uploads\/2011\/05\/cropped-logo-bellunopress-.jpg","contentUrl":"https:\/\/www.bellunopress.it\/wp-content\/uploads\/2011\/05\/cropped-logo-bellunopress-.jpg","width":512,"height":512,"caption":"Bellunopress"},"image":{"@id":"https:\/\/www.bellunopress.it\/#\/schema\/logo\/image\/"},"sameAs":["https:\/\/www.facebook.com\/profile.php?id=100008943462799","https:\/\/x.com\/bellunopress","https:\/\/www.linkedin.com\/hp\/?dnr=JBzUWaJfMUw8vbXJJ2tVW5-I3jZKvC4wsoxE&amp;amp;amp;amp;amp;amp;trk=nav_responsive_tab_home","https:\/\/www.youtube.com\/channel\/UCxL0wu1uN0_3_7hGG0306cw"]},{"@type":"Person","@id":"https:\/\/www.bellunopress.it\/#\/schema\/person\/79bb06722b37ece1c03d3e94beb30d73","name":"r\u00e9daction","image":{"@type":"ImageObject","inLanguage":"fr-FR","@id":"https:\/\/secure.gravatar.com\/avatar\/37d968a2e67a6fd04c169c4bdef102d0bc5d31b2546345219e348575eb80e9a0?s=96&d=mm&r=g","url":"https:\/\/secure.gravatar.com\/avatar\/37d968a2e67a6fd04c169c4bdef102d0bc5d31b2546345219e348575eb80e9a0?s=96&d=mm&r=g","contentUrl":"https:\/\/secure.gravatar.com\/avatar\/37d968a2e67a6fd04c169c4bdef102d0bc5d31b2546345219e348575eb80e9a0?s=96&d=mm&r=g","caption":"redazione"},"sameAs":["http:\/\/www.bellunopress.it","https:\/\/x.com\/bellunopress"],"url":"https:\/\/www.bellunopress.it\/fr\/author\/redazione\/"}]}},"_links":{"self":[{"href":"https:\/\/www.bellunopress.it\/fr\/wp-json\/wp\/v2\/posts\/138355","targetHints":{"allow":["GET"]}}],"collection":[{"href":"https:\/\/www.bellunopress.it\/fr\/wp-json\/wp\/v2\/posts"}],"about":[{"href":"https:\/\/www.bellunopress.it\/fr\/wp-json\/wp\/v2\/types\/post"}],"author":[{"embeddable":true,"href":"https:\/\/www.bellunopress.it\/fr\/wp-json\/wp\/v2\/users\/2"}],"replies":[{"embeddable":true,"href":"https:\/\/www.bellunopress.it\/fr\/wp-json\/wp\/v2\/comments?post=138355"}],"version-history":[{"count":1,"href":"https:\/\/www.bellunopress.it\/fr\/wp-json\/wp\/v2\/posts\/138355\/revisions"}],"predecessor-version":[{"id":138357,"href":"https:\/\/www.bellunopress.it\/fr\/wp-json\/wp\/v2\/posts\/138355\/revisions\/138357"}],"wp:featuredmedia":[{"embeddable":true,"href":"https:\/\/www.bellunopress.it\/fr\/wp-json\/wp\/v2\/media\/138356"}],"wp:attachment":[{"href":"https:\/\/www.bellunopress.it\/fr\/wp-json\/wp\/v2\/media?parent=138355"}],"wp:term":[{"taxonomy":"category","embeddable":true,"href":"https:\/\/www.bellunopress.it\/fr\/wp-json\/wp\/v2\/categories?post=138355"},{"taxonomy":"post_tag","embeddable":true,"href":"https:\/\/www.bellunopress.it\/fr\/wp-json\/wp\/v2\/tags?post=138355"}],"curies":[{"name":"wp","href":"https:\/\/api.w.org\/{rel}","templated":true}]}}