{"id":138340,"date":"2022-12-14T11:06:46","date_gmt":"2022-12-14T10:06:46","guid":{"rendered":"https:\/\/www.bellunopress.it\/?p=138340"},"modified":"2022-12-14T11:06:46","modified_gmt":"2022-12-14T10:06:46","slug":"immigrazione-da-re-lega-altri-420-milioni-alla-turchia-per-fermare-i-flussi-migratori-leuropa-sospenda-i-fondi","status":"publish","type":"post","link":"https:\/\/www.bellunopress.it\/fr\/2022\/12\/14\/immigrazione-da-re-lega-altri-420-milioni-alla-turchia-per-fermare-i-flussi-migratori-leuropa-sospenda-i-fondi\/","title":{"rendered":"Immigrazione. Da Re (Lega): &#8220;Altri 420 milioni alla Turchia per fermare i flussi migratori. L&#8217;Europa sospenda i fondi&#8221;"},"content":{"rendered":"<figure id=\"attachment_138341\" aria-describedby=\"caption-attachment-138341\" style=\"width: 767px\" class=\"wp-caption alignleft\"><img loading=\"lazy\" decoding=\"async\" class=\"size-full wp-image-138341\" src=\"https:\/\/www.bellunopress.it\/wp-content\/uploads\/2022\/12\/Gianantonio-Da-Re_edited.jpg\" alt=\"Gianantonio Da Re, europarlamentare\" width=\"767\" height=\"511\" srcset=\"https:\/\/www.bellunopress.it\/wp-content\/uploads\/2022\/12\/Gianantonio-Da-Re_edited.jpg 767w, https:\/\/www.bellunopress.it\/wp-content\/uploads\/2022\/12\/Gianantonio-Da-Re_edited-500x333.jpg 500w, https:\/\/www.bellunopress.it\/wp-content\/uploads\/2022\/12\/Gianantonio-Da-Re_edited-696x464.jpg 696w, https:\/\/www.bellunopress.it\/wp-content\/uploads\/2022\/12\/Gianantonio-Da-Re_edited-630x420.jpg 630w\" sizes=\"auto, (max-width: 767px) 100vw, 767px\" \/><figcaption id=\"caption-attachment-138341\" class=\"wp-caption-text\">Gianantonio Da Re, europarlamentare<\/figcaption><\/figure>\n<p>Bruxelles, 14 dicembre 2022 &#8211; Nel solo 2022, l&#8217;Unione europea ha gi\u00e0 elargito 1,235 miliardi di euro alla Turchia per fermare i flussi migratori. \u00abRisultato? Gli ingressi irregolari in Europa sono aumentati del 77% dal 2021. Appare evidente che i contributi devono essere sospesi immediatamente\u00bb.<\/p>\n<p>Cos\u00ec Gianantonio Da Re, europarlamentare trevigiano della Lega, membro del gruppo Identit\u00e0 e Democrazia, che sul tema ha presentato una interrogazione all&#8217;Assemblea di Bruxelles.<\/p>\n<p>\u00abL&#8217;ultima &#8220;goccia&#8221; sono stati i 220milioni di euro stanziati in questa settimana dalla Commissione &#8211; spiega Da Re &#8211; . Eppure i risultati di questi accordi EU-Turchia (risalenti al 2016) stanno dando risultati disastrosi. Fino ad oggi, l&#8217;Europa ha mobilitato ben 9,5 miliardi a favore di Istanbul per la gestione dei flussi migratori, ma quello che si registra \u00e8 il dato di 280.000 (fonte Frontex) attraversamenti irregolari delle frontiere europee, un valore che attesta un incremento del 77% rispetto al 2021\u00bb. Si chiede l&#8217;europarlamentare: \u00abDavvero vogliamo continuare questo sperpero di denaro? L&#8217;Europa sospenda immediatamente l&#8217;erogazione di fondi a favore della Turchia\u00bb.<\/p>","protected":false},"excerpt":{"rendered":"<p>Bruxelles, 14 dicembre 2022 &#8211; Nel solo 2022, l&#8217;Unione europea ha gi\u00e0 elargito 1,235 miliardi di euro alla Turchia per fermare i flussi migratori. \u00abRisultato? Gli ingressi irregolari in Europa sono aumentati del 77% dal 2021. Appare evidente che i contributi devono essere sospesi immediatamente\u00bb. Cos\u00ec Gianantonio Da Re, europarlamentare trevigiano della Lega, membro del [&hellip;]<\/p>\n","protected":false},"author":2,"featured_media":138341,"comment_status":"closed","ping_status":"open","sticky":false,"template":"","format":"standard","meta":{"footnotes":""},"categories":[5],"tags":[],"class_list":["post-138340","post","type-post","status-publish","format-standard","has-post-thumbnail","category-cronaca"],"yoast_head":"<!-- This site is optimized with the Yoast SEO plugin v28.4 - https:\/\/yoast.com\/product\/yoast-seo-wordpress\/ -->\n<title>Immigrazione. Da Re (Lega): &quot;Altri 420 milioni alla Turchia per fermare i flussi migratori. L&#039;Europa sospenda i fondi&quot; - Bellunopress - Dolomiti<\/title>\n<meta name=\"robots\" content=\"index, follow, max-snippet:-1, max-image-preview:large, max-video-preview:-1\" \/>\n<link rel=\"canonical\" href=\"https:\/\/www.bellunopress.it\/fr\/2022\/12\/14\/immigrazione-da-re-lega-altri-420-milioni-alla-turchia-per-fermare-i-flussi-migratori-leuropa-sospenda-i-fondi\/\" \/>\n<meta property=\"og:locale\" content=\"fr_FR\" \/>\n<meta property=\"og:type\" content=\"article\" \/>\n<meta property=\"og:title\" content=\"Immigrazione. Da Re (Lega): &quot;Altri 420 milioni alla Turchia per fermare i flussi migratori. L&#039;Europa sospenda i fondi&quot; - Bellunopress - Dolomiti\" \/>\n<meta property=\"og:description\" content=\"Bruxelles, 14 dicembre 2022 &#8211; Nel solo 2022, l&#8217;Unione europea ha gi\u00e0 elargito 1,235 miliardi di euro alla Turchia per fermare i flussi migratori. \u00abRisultato? Gli ingressi irregolari in Europa sono aumentati del 77% dal 2021. Appare evidente che i contributi devono essere sospesi immediatamente\u00bb. Cos\u00ec Gianantonio Da Re, europarlamentare trevigiano della Lega, membro del [&hellip;]\" \/>\n<meta property=\"og:url\" content=\"https:\/\/www.bellunopress.it\/fr\/2022\/12\/14\/immigrazione-da-re-lega-altri-420-milioni-alla-turchia-per-fermare-i-flussi-migratori-leuropa-sospenda-i-fondi\/\" \/>\n<meta property=\"og:site_name\" content=\"Bellunopress - Dolomiti\" \/>\n<meta property=\"article:publisher\" content=\"https:\/\/www.facebook.com\/profile.php?id=100008943462799\" \/>\n<meta property=\"article:published_time\" content=\"2022-12-14T10:06:46+00:00\" \/>\n<meta property=\"og:image\" content=\"https:\/\/www.bellunopress.it\/wp-content\/uploads\/2022\/12\/Gianantonio-Da-Re_edited.jpg\" \/>\n\t<meta property=\"og:image:width\" content=\"767\" \/>\n\t<meta property=\"og:image:height\" content=\"511\" \/>\n\t<meta property=\"og:image:type\" content=\"image\/jpeg\" \/>\n<meta name=\"author\" content=\"redazione\" \/>\n<meta name=\"twitter:card\" content=\"summary_large_image\" \/>\n<meta name=\"twitter:creator\" content=\"@bellunopress\" \/>\n<meta name=\"twitter:site\" content=\"@bellunopress\" \/>\n<meta name=\"twitter:label1\" content=\"\u00c9crit par\" \/>\n\t<meta name=\"twitter:data1\" content=\"redazione\" \/>\n\t<meta name=\"twitter:label2\" content=\"Dur\u00e9e de lecture estim\u00e9e\" \/>\n\t<meta name=\"twitter:data2\" content=\"2 minutes\" \/>\n<script type=\"application\/ld+json\" class=\"yoast-schema-graph\">{\"@context\":\"https:\\\/\\\/schema.org\",\"@graph\":[{\"@type\":\"Article\",\"@id\":\"https:\\\/\\\/www.bellunopress.it\\\/2022\\\/12\\\/14\\\/immigrazione-da-re-lega-altri-420-milioni-alla-turchia-per-fermare-i-flussi-migratori-leuropa-sospenda-i-fondi\\\/#article\",\"isPartOf\":{\"@id\":\"https:\\\/\\\/www.bellunopress.it\\\/2022\\\/12\\\/14\\\/immigrazione-da-re-lega-altri-420-milioni-alla-turchia-per-fermare-i-flussi-migratori-leuropa-sospenda-i-fondi\\\/\"},\"author\":{\"name\":\"redazione\",\"@id\":\"https:\\\/\\\/www.bellunopress.it\\\/#\\\/schema\\\/person\\\/79bb06722b37ece1c03d3e94beb30d73\"},\"headline\":\"Immigrazione. Da Re (Lega): &#8220;Altri 420 milioni alla Turchia per fermare i flussi migratori. L&#8217;Europa sospenda i fondi&#8221;\",\"datePublished\":\"2022-12-14T10:06:46+00:00\",\"mainEntityOfPage\":{\"@id\":\"https:\\\/\\\/www.bellunopress.it\\\/2022\\\/12\\\/14\\\/immigrazione-da-re-lega-altri-420-milioni-alla-turchia-per-fermare-i-flussi-migratori-leuropa-sospenda-i-fondi\\\/\"},\"wordCount\":193,\"publisher\":{\"@id\":\"https:\\\/\\\/www.bellunopress.it\\\/#organization\"},\"image\":{\"@id\":\"https:\\\/\\\/www.bellunopress.it\\\/2022\\\/12\\\/14\\\/immigrazione-da-re-lega-altri-420-milioni-alla-turchia-per-fermare-i-flussi-migratori-leuropa-sospenda-i-fondi\\\/#primaryimage\"},\"thumbnailUrl\":\"https:\\\/\\\/www.bellunopress.it\\\/wp-content\\\/uploads\\\/2022\\\/12\\\/Gianantonio-Da-Re_edited.jpg\",\"articleSection\":[\"Cronaca\\\/Politica\"],\"inLanguage\":\"fr-FR\"},{\"@type\":\"WebPage\",\"@id\":\"https:\\\/\\\/www.bellunopress.it\\\/2022\\\/12\\\/14\\\/immigrazione-da-re-lega-altri-420-milioni-alla-turchia-per-fermare-i-flussi-migratori-leuropa-sospenda-i-fondi\\\/\",\"url\":\"https:\\\/\\\/www.bellunopress.it\\\/2022\\\/12\\\/14\\\/immigrazione-da-re-lega-altri-420-milioni-alla-turchia-per-fermare-i-flussi-migratori-leuropa-sospenda-i-fondi\\\/\",\"name\":\"Immigrazione. Da Re (Lega): \\\"Altri 420 milioni alla Turchia per fermare i flussi migratori. L'Europa sospenda i fondi\\\" - Bellunopress - Dolomiti\",\"isPartOf\":{\"@id\":\"https:\\\/\\\/www.bellunopress.it\\\/#website\"},\"primaryImageOfPage\":{\"@id\":\"https:\\\/\\\/www.bellunopress.it\\\/2022\\\/12\\\/14\\\/immigrazione-da-re-lega-altri-420-milioni-alla-turchia-per-fermare-i-flussi-migratori-leuropa-sospenda-i-fondi\\\/#primaryimage\"},\"image\":{\"@id\":\"https:\\\/\\\/www.bellunopress.it\\\/2022\\\/12\\\/14\\\/immigrazione-da-re-lega-altri-420-milioni-alla-turchia-per-fermare-i-flussi-migratori-leuropa-sospenda-i-fondi\\\/#primaryimage\"},\"thumbnailUrl\":\"https:\\\/\\\/www.bellunopress.it\\\/wp-content\\\/uploads\\\/2022\\\/12\\\/Gianantonio-Da-Re_edited.jpg\",\"datePublished\":\"2022-12-14T10:06:46+00:00\",\"breadcrumb\":{\"@id\":\"https:\\\/\\\/www.bellunopress.it\\\/2022\\\/12\\\/14\\\/immigrazione-da-re-lega-altri-420-milioni-alla-turchia-per-fermare-i-flussi-migratori-leuropa-sospenda-i-fondi\\\/#breadcrumb\"},\"inLanguage\":\"fr-FR\",\"potentialAction\":[{\"@type\":\"ReadAction\",\"target\":[\"https:\\\/\\\/www.bellunopress.it\\\/2022\\\/12\\\/14\\\/immigrazione-da-re-lega-altri-420-milioni-alla-turchia-per-fermare-i-flussi-migratori-leuropa-sospenda-i-fondi\\\/\"]}]},{\"@type\":\"ImageObject\",\"inLanguage\":\"fr-FR\",\"@id\":\"https:\\\/\\\/www.bellunopress.it\\\/2022\\\/12\\\/14\\\/immigrazione-da-re-lega-altri-420-milioni-alla-turchia-per-fermare-i-flussi-migratori-leuropa-sospenda-i-fondi\\\/#primaryimage\",\"url\":\"https:\\\/\\\/www.bellunopress.it\\\/wp-content\\\/uploads\\\/2022\\\/12\\\/Gianantonio-Da-Re_edited.jpg\",\"contentUrl\":\"https:\\\/\\\/www.bellunopress.it\\\/wp-content\\\/uploads\\\/2022\\\/12\\\/Gianantonio-Da-Re_edited.jpg\",\"width\":767,\"height\":511,\"caption\":\"Gianantonio Da Re, europarlamentare\"},{\"@type\":\"BreadcrumbList\",\"@id\":\"https:\\\/\\\/www.bellunopress.it\\\/2022\\\/12\\\/14\\\/immigrazione-da-re-lega-altri-420-milioni-alla-turchia-per-fermare-i-flussi-migratori-leuropa-sospenda-i-fondi\\\/#breadcrumb\",\"itemListElement\":[{\"@type\":\"ListItem\",\"position\":1,\"name\":\"Home\",\"item\":\"https:\\\/\\\/www.bellunopress.it\\\/\"},{\"@type\":\"ListItem\",\"position\":2,\"name\":\"Immigrazione. Da Re (Lega): &#8220;Altri 420 milioni alla Turchia per fermare i flussi migratori. L&#8217;Europa sospenda i fondi&#8221;\"}]},{\"@type\":\"WebSite\",\"@id\":\"https:\\\/\\\/www.bellunopress.it\\\/#website\",\"url\":\"https:\\\/\\\/www.bellunopress.it\\\/\",\"name\":\"Bellunopress - Dolomiti\",\"description\":\"e-mail: redazione@bellunopress.it\",\"publisher\":{\"@id\":\"https:\\\/\\\/www.bellunopress.it\\\/#organization\"},\"potentialAction\":[{\"@type\":\"SearchAction\",\"target\":{\"@type\":\"EntryPoint\",\"urlTemplate\":\"https:\\\/\\\/www.bellunopress.it\\\/?s={search_term_string}\"},\"query-input\":{\"@type\":\"PropertyValueSpecification\",\"valueRequired\":true,\"valueName\":\"search_term_string\"}}],\"inLanguage\":\"fr-FR\"},{\"@type\":\"Organization\",\"@id\":\"https:\\\/\\\/www.bellunopress.it\\\/#organization\",\"name\":\"Bellunopress\",\"url\":\"https:\\\/\\\/www.bellunopress.it\\\/\",\"logo\":{\"@type\":\"ImageObject\",\"inLanguage\":\"fr-FR\",\"@id\":\"https:\\\/\\\/www.bellunopress.it\\\/#\\\/schema\\\/logo\\\/image\\\/\",\"url\":\"https:\\\/\\\/www.bellunopress.it\\\/wp-content\\\/uploads\\\/2011\\\/05\\\/cropped-logo-bellunopress-.jpg\",\"contentUrl\":\"https:\\\/\\\/www.bellunopress.it\\\/wp-content\\\/uploads\\\/2011\\\/05\\\/cropped-logo-bellunopress-.jpg\",\"width\":512,\"height\":512,\"caption\":\"Bellunopress\"},\"image\":{\"@id\":\"https:\\\/\\\/www.bellunopress.it\\\/#\\\/schema\\\/logo\\\/image\\\/\"},\"sameAs\":[\"https:\\\/\\\/www.facebook.com\\\/profile.php?id=100008943462799\",\"https:\\\/\\\/x.com\\\/bellunopress\",\"https:\\\/\\\/www.linkedin.com\\\/hp\\\/?dnr=JBzUWaJfMUw8vbXJJ2tVW5-I3jZKvC4wsoxE&amp;amp;amp;amp;amp;amp;trk=nav_responsive_tab_home\",\"https:\\\/\\\/www.youtube.com\\\/channel\\\/UCxL0wu1uN0_3_7hGG0306cw\"]},{\"@type\":\"Person\",\"@id\":\"https:\\\/\\\/www.bellunopress.it\\\/#\\\/schema\\\/person\\\/79bb06722b37ece1c03d3e94beb30d73\",\"name\":\"redazione\",\"image\":{\"@type\":\"ImageObject\",\"inLanguage\":\"fr-FR\",\"@id\":\"https:\\\/\\\/secure.gravatar.com\\\/avatar\\\/37d968a2e67a6fd04c169c4bdef102d0bc5d31b2546345219e348575eb80e9a0?s=96&d=mm&r=g\",\"url\":\"https:\\\/\\\/secure.gravatar.com\\\/avatar\\\/37d968a2e67a6fd04c169c4bdef102d0bc5d31b2546345219e348575eb80e9a0?s=96&d=mm&r=g\",\"contentUrl\":\"https:\\\/\\\/secure.gravatar.com\\\/avatar\\\/37d968a2e67a6fd04c169c4bdef102d0bc5d31b2546345219e348575eb80e9a0?s=96&d=mm&r=g\",\"caption\":\"redazione\"},\"sameAs\":[\"http:\\\/\\\/www.bellunopress.it\",\"https:\\\/\\\/x.com\\\/bellunopress\"],\"url\":\"https:\\\/\\\/www.bellunopress.it\\\/fr\\\/author\\\/redazione\\\/\"}]}<\/script>\n<!-- \/ Yoast SEO plugin. -->","yoast_head_json":{"title":"Immigrazione. Da Re (Lega): \"Altri 420 milioni alla Turchia per fermare i flussi migratori. L'Europa sospenda i fondi\" - Bellunopress - Dolomiti","robots":{"index":"index","follow":"follow","max-snippet":"max-snippet:-1","max-image-preview":"max-image-preview:large","max-video-preview":"max-video-preview:-1"},"canonical":"https:\/\/www.bellunopress.it\/fr\/2022\/12\/14\/immigrazione-da-re-lega-altri-420-milioni-alla-turchia-per-fermare-i-flussi-migratori-leuropa-sospenda-i-fondi\/","og_locale":"fr_FR","og_type":"article","og_title":"Immigrazione. Da Re (Lega): \"Altri 420 milioni alla Turchia per fermare i flussi migratori. L'Europa sospenda i fondi\" - Bellunopress - Dolomiti","og_description":"Bruxelles, 14 dicembre 2022 &#8211; Nel solo 2022, l&#8217;Unione europea ha gi\u00e0 elargito 1,235 miliardi di euro alla Turchia per fermare i flussi migratori. \u00abRisultato? Gli ingressi irregolari in Europa sono aumentati del 77% dal 2021. Appare evidente che i contributi devono essere sospesi immediatamente\u00bb. Cos\u00ec Gianantonio Da Re, europarlamentare trevigiano della Lega, membro del [&hellip;]","og_url":"https:\/\/www.bellunopress.it\/fr\/2022\/12\/14\/immigrazione-da-re-lega-altri-420-milioni-alla-turchia-per-fermare-i-flussi-migratori-leuropa-sospenda-i-fondi\/","og_site_name":"Bellunopress - Dolomiti","article_publisher":"https:\/\/www.facebook.com\/profile.php?id=100008943462799","article_published_time":"2022-12-14T10:06:46+00:00","og_image":[{"width":767,"height":511,"url":"https:\/\/www.bellunopress.it\/wp-content\/uploads\/2022\/12\/Gianantonio-Da-Re_edited.jpg","type":"image\/jpeg"}],"author":"redazione","twitter_card":"summary_large_image","twitter_creator":"@bellunopress","twitter_site":"@bellunopress","twitter_misc":{"\u00c9crit par":"redazione","Dur\u00e9e de lecture estim\u00e9e":"2 minutes"},"schema":{"@context":"https:\/\/schema.org","@graph":[{"@type":"Article","@id":"https:\/\/www.bellunopress.it\/2022\/12\/14\/immigrazione-da-re-lega-altri-420-milioni-alla-turchia-per-fermare-i-flussi-migratori-leuropa-sospenda-i-fondi\/#article","isPartOf":{"@id":"https:\/\/www.bellunopress.it\/2022\/12\/14\/immigrazione-da-re-lega-altri-420-milioni-alla-turchia-per-fermare-i-flussi-migratori-leuropa-sospenda-i-fondi\/"},"author":{"name":"redazione","@id":"https:\/\/www.bellunopress.it\/#\/schema\/person\/79bb06722b37ece1c03d3e94beb30d73"},"headline":"Immigrazione. Da Re (Lega): &#8220;Altri 420 milioni alla Turchia per fermare i flussi migratori. L&#8217;Europa sospenda i fondi&#8221;","datePublished":"2022-12-14T10:06:46+00:00","mainEntityOfPage":{"@id":"https:\/\/www.bellunopress.it\/2022\/12\/14\/immigrazione-da-re-lega-altri-420-milioni-alla-turchia-per-fermare-i-flussi-migratori-leuropa-sospenda-i-fondi\/"},"wordCount":193,"publisher":{"@id":"https:\/\/www.bellunopress.it\/#organization"},"image":{"@id":"https:\/\/www.bellunopress.it\/2022\/12\/14\/immigrazione-da-re-lega-altri-420-milioni-alla-turchia-per-fermare-i-flussi-migratori-leuropa-sospenda-i-fondi\/#primaryimage"},"thumbnailUrl":"https:\/\/www.bellunopress.it\/wp-content\/uploads\/2022\/12\/Gianantonio-Da-Re_edited.jpg","articleSection":["Cronaca\/Politica"],"inLanguage":"fr-FR"},{"@type":"WebPage","@id":"https:\/\/www.bellunopress.it\/2022\/12\/14\/immigrazione-da-re-lega-altri-420-milioni-alla-turchia-per-fermare-i-flussi-migratori-leuropa-sospenda-i-fondi\/","url":"https:\/\/www.bellunopress.it\/2022\/12\/14\/immigrazione-da-re-lega-altri-420-milioni-alla-turchia-per-fermare-i-flussi-migratori-leuropa-sospenda-i-fondi\/","name":"Immigrazione. Da Re (Lega): \"Altri 420 milioni alla Turchia per fermare i flussi migratori. L'Europa sospenda i fondi\" - Bellunopress - Dolomiti","isPartOf":{"@id":"https:\/\/www.bellunopress.it\/#website"},"primaryImageOfPage":{"@id":"https:\/\/www.bellunopress.it\/2022\/12\/14\/immigrazione-da-re-lega-altri-420-milioni-alla-turchia-per-fermare-i-flussi-migratori-leuropa-sospenda-i-fondi\/#primaryimage"},"image":{"@id":"https:\/\/www.bellunopress.it\/2022\/12\/14\/immigrazione-da-re-lega-altri-420-milioni-alla-turchia-per-fermare-i-flussi-migratori-leuropa-sospenda-i-fondi\/#primaryimage"},"thumbnailUrl":"https:\/\/www.bellunopress.it\/wp-content\/uploads\/2022\/12\/Gianantonio-Da-Re_edited.jpg","datePublished":"2022-12-14T10:06:46+00:00","breadcrumb":{"@id":"https:\/\/www.bellunopress.it\/2022\/12\/14\/immigrazione-da-re-lega-altri-420-milioni-alla-turchia-per-fermare-i-flussi-migratori-leuropa-sospenda-i-fondi\/#breadcrumb"},"inLanguage":"fr-FR","potentialAction":[{"@type":"ReadAction","target":["https:\/\/www.bellunopress.it\/2022\/12\/14\/immigrazione-da-re-lega-altri-420-milioni-alla-turchia-per-fermare-i-flussi-migratori-leuropa-sospenda-i-fondi\/"]}]},{"@type":"ImageObject","inLanguage":"fr-FR","@id":"https:\/\/www.bellunopress.it\/2022\/12\/14\/immigrazione-da-re-lega-altri-420-milioni-alla-turchia-per-fermare-i-flussi-migratori-leuropa-sospenda-i-fondi\/#primaryimage","url":"https:\/\/www.bellunopress.it\/wp-content\/uploads\/2022\/12\/Gianantonio-Da-Re_edited.jpg","contentUrl":"https:\/\/www.bellunopress.it\/wp-content\/uploads\/2022\/12\/Gianantonio-Da-Re_edited.jpg","width":767,"height":511,"caption":"Gianantonio Da Re, europarlamentare"},{"@type":"BreadcrumbList","@id":"https:\/\/www.bellunopress.it\/2022\/12\/14\/immigrazione-da-re-lega-altri-420-milioni-alla-turchia-per-fermare-i-flussi-migratori-leuropa-sospenda-i-fondi\/#breadcrumb","itemListElement":[{"@type":"ListItem","position":1,"name":"Home","item":"https:\/\/www.bellunopress.it\/"},{"@type":"ListItem","position":2,"name":"Immigrazione. Da Re (Lega): &#8220;Altri 420 milioni alla Turchia per fermare i flussi migratori. L&#8217;Europa sospenda i fondi&#8221;"}]},{"@type":"WebSite","@id":"https:\/\/www.bellunopress.it\/#website","url":"https:\/\/www.bellunopress.it\/","name":"Bellunopress - Dolomiti","description":"e-mail: redazione@bellunopress.it","publisher":{"@id":"https:\/\/www.bellunopress.it\/#organization"},"potentialAction":[{"@type":"SearchAction","target":{"@type":"EntryPoint","urlTemplate":"https:\/\/www.bellunopress.it\/?s={search_term_string}"},"query-input":{"@type":"PropertyValueSpecification","valueRequired":true,"valueName":"search_term_string"}}],"inLanguage":"fr-FR"},{"@type":"Organization","@id":"https:\/\/www.bellunopress.it\/#organization","name":"Bellunopress","url":"https:\/\/www.bellunopress.it\/","logo":{"@type":"ImageObject","inLanguage":"fr-FR","@id":"https:\/\/www.bellunopress.it\/#\/schema\/logo\/image\/","url":"https:\/\/www.bellunopress.it\/wp-content\/uploads\/2011\/05\/cropped-logo-bellunopress-.jpg","contentUrl":"https:\/\/www.bellunopress.it\/wp-content\/uploads\/2011\/05\/cropped-logo-bellunopress-.jpg","width":512,"height":512,"caption":"Bellunopress"},"image":{"@id":"https:\/\/www.bellunopress.it\/#\/schema\/logo\/image\/"},"sameAs":["https:\/\/www.facebook.com\/profile.php?id=100008943462799","https:\/\/x.com\/bellunopress","https:\/\/www.linkedin.com\/hp\/?dnr=JBzUWaJfMUw8vbXJJ2tVW5-I3jZKvC4wsoxE&amp;amp;amp;amp;amp;amp;trk=nav_responsive_tab_home","https:\/\/www.youtube.com\/channel\/UCxL0wu1uN0_3_7hGG0306cw"]},{"@type":"Person","@id":"https:\/\/www.bellunopress.it\/#\/schema\/person\/79bb06722b37ece1c03d3e94beb30d73","name":"r\u00e9daction","image":{"@type":"ImageObject","inLanguage":"fr-FR","@id":"https:\/\/secure.gravatar.com\/avatar\/37d968a2e67a6fd04c169c4bdef102d0bc5d31b2546345219e348575eb80e9a0?s=96&d=mm&r=g","url":"https:\/\/secure.gravatar.com\/avatar\/37d968a2e67a6fd04c169c4bdef102d0bc5d31b2546345219e348575eb80e9a0?s=96&d=mm&r=g","contentUrl":"https:\/\/secure.gravatar.com\/avatar\/37d968a2e67a6fd04c169c4bdef102d0bc5d31b2546345219e348575eb80e9a0?s=96&d=mm&r=g","caption":"redazione"},"sameAs":["http:\/\/www.bellunopress.it","https:\/\/x.com\/bellunopress"],"url":"https:\/\/www.bellunopress.it\/fr\/author\/redazione\/"}]}},"_links":{"self":[{"href":"https:\/\/www.bellunopress.it\/fr\/wp-json\/wp\/v2\/posts\/138340","targetHints":{"allow":["GET"]}}],"collection":[{"href":"https:\/\/www.bellunopress.it\/fr\/wp-json\/wp\/v2\/posts"}],"about":[{"href":"https:\/\/www.bellunopress.it\/fr\/wp-json\/wp\/v2\/types\/post"}],"author":[{"embeddable":true,"href":"https:\/\/www.bellunopress.it\/fr\/wp-json\/wp\/v2\/users\/2"}],"replies":[{"embeddable":true,"href":"https:\/\/www.bellunopress.it\/fr\/wp-json\/wp\/v2\/comments?post=138340"}],"version-history":[{"count":1,"href":"https:\/\/www.bellunopress.it\/fr\/wp-json\/wp\/v2\/posts\/138340\/revisions"}],"predecessor-version":[{"id":138342,"href":"https:\/\/www.bellunopress.it\/fr\/wp-json\/wp\/v2\/posts\/138340\/revisions\/138342"}],"wp:featuredmedia":[{"embeddable":true,"href":"https:\/\/www.bellunopress.it\/fr\/wp-json\/wp\/v2\/media\/138341"}],"wp:attachment":[{"href":"https:\/\/www.bellunopress.it\/fr\/wp-json\/wp\/v2\/media?parent=138340"}],"wp:term":[{"taxonomy":"category","embeddable":true,"href":"https:\/\/www.bellunopress.it\/fr\/wp-json\/wp\/v2\/categories?post=138340"},{"taxonomy":"post_tag","embeddable":true,"href":"https:\/\/www.bellunopress.it\/fr\/wp-json\/wp\/v2\/tags?post=138340"}],"curies":[{"name":"wp","href":"https:\/\/api.w.org\/{rel}","templated":true}]}}