{"id":138325,"date":"2022-12-13T16:35:22","date_gmt":"2022-12-13T15:35:22","guid":{"rendered":"https:\/\/www.bellunopress.it\/?p=138325"},"modified":"2022-12-13T16:36:35","modified_gmt":"2022-12-13T15:36:35","slug":"miss-italia-social-per-la-regione-veneto-la-vincitrice-social-e-sara-pilla","status":"publish","type":"post","link":"https:\/\/www.bellunopress.it\/fr\/2022\/12\/13\/miss-italia-social-per-la-regione-veneto-la-vincitrice-social-e-sara-pilla\/","title":{"rendered":"Miss Italia Social: per la Regione Veneto la vincitrice social \u00e8 Sara Pilla"},"content":{"rendered":"<div class=\"v1default-style\"><img loading=\"lazy\" decoding=\"async\" class=\"alignleft size-full wp-image-138326\" src=\"https:\/\/www.bellunopress.it\/wp-content\/uploads\/2022\/12\/Miss-Social-regionali_edited.jpg\" alt=\"\" width=\"1000\" height=\"667\" srcset=\"https:\/\/www.bellunopress.it\/wp-content\/uploads\/2022\/12\/Miss-Social-regionali_edited.jpg 1000w, https:\/\/www.bellunopress.it\/wp-content\/uploads\/2022\/12\/Miss-Social-regionali_edited-500x334.jpg 500w, https:\/\/www.bellunopress.it\/wp-content\/uploads\/2022\/12\/Miss-Social-regionali_edited-696x464.jpg 696w, https:\/\/www.bellunopress.it\/wp-content\/uploads\/2022\/12\/Miss-Social-regionali_edited-630x420.jpg 630w\" sizes=\"auto, (max-width: 1000px) 100vw, 1000px\" \/>Ci eravamo lasciati in estate quando tra le vie delle citt\u00e0, lungo le rive dei fiumi e dei laghi, seguendo i sentieri di montagna o stradine di campagna, centinaia di ragazze hanno partecipato al progetto <a href=\"https:\/\/www.missitalia.it\/edizione2022\/missitalia-racconta-italia.php\" target=\"_blank\" rel=\"noopener noreferrer\"><strong>Miss Italia racconta l&#8217;Italia<\/strong><\/a>, raccontando su Instagram, i luoghi dove vivono. Le Miss, attraverso i loro occhi giovani e freschi, si sono candidate per vincere il titolo di Miss Social della propria regione, narrando i luoghi pi\u00f9 caratteristici, confermando ancora una volta quante bellezze vi siano nel nostro Bel Paese.<\/div>\n<div class=\"v1default-style\">\n<div><\/div>\n<div>Con oltre 1,5 milioni di visualizzazioni ottenute dai loro videoclip, 20 ragazze si sono aggiudicate l&#8217;ambito titolo grazie al linguaggio social che permea le loro vite e che risulta un mezzo efficace per raccontare ogni angolo d&#8217;Italia. In 90 secondi, infatti, ogni partecipante ha presentato, con le proprie capacit\u00e0 visual e sensibilit\u00e0, un luogo, scegliendolo per la sua bellezza, una sua peculiarit\u00e0 o perch\u00e9 semplicemente meritevole di essere conosciuto da tutti e non solo dai residenti.<\/div>\n<div><\/div>\n<div>\n<figure id=\"attachment_138327\" aria-describedby=\"caption-attachment-138327\" style=\"width: 591px\" class=\"wp-caption alignleft\"><img loading=\"lazy\" decoding=\"async\" class=\"size-full wp-image-138327\" src=\"https:\/\/www.bellunopress.it\/wp-content\/uploads\/2022\/12\/Sara-Pilla-Miss-Social-Veneto_edited.jpg\" alt=\"\" width=\"591\" height=\"622\" srcset=\"https:\/\/www.bellunopress.it\/wp-content\/uploads\/2022\/12\/Sara-Pilla-Miss-Social-Veneto_edited.jpg 591w, https:\/\/www.bellunopress.it\/wp-content\/uploads\/2022\/12\/Sara-Pilla-Miss-Social-Veneto_edited-475x500.jpg 475w, https:\/\/www.bellunopress.it\/wp-content\/uploads\/2022\/12\/Sara-Pilla-Miss-Social-Veneto_edited-399x420.jpg 399w\" sizes=\"auto, (max-width: 591px) 100vw, 591px\" \/><figcaption id=\"caption-attachment-138327\" class=\"wp-caption-text\">Sara Pilla<\/figcaption><\/figure>\n<p>Sara Pilla ha cos\u00ec vinto per la regione Veneto raccontando nel suo\u00a0<a href=\"https:\/\/www.instagram.com\/reel\/ChaECitq5vZ\/\" target=\"_blank\" rel=\"noopener noreferrer\"><strong>video clip<\/strong><\/a>\u00a0alcuni punti di interesse di Venezia, in un tour virtuale sulla sua gondola: Sara \u00e8 infatti una delle pochissime donne gondoliere di Venezia e come tale conosce bene i canali che portano al Ponte di Rialto, a Punta della Dogana o a uno degli squeri della citt\u00e0, dove vengono costruite le diverse imbarcazioni veneziane.<\/p>\n<\/div>\n<div><\/div>\n<div>Una commissione tecnica l&#8217;ha valutata selezionando il suo lavoro fra tutti i Reel Instagram evidenziati con l&#8217;hashtag #MissItaliaRaccontaItalia e nominandola cos\u00ec vincitrice del titolo Miss Social Veneto, il quale ha permesso a Sara, oltre ad accedere alla prefinale nazionale svolta nella citt\u00e0 di Fano, di vincere anche un\u00a0<a href=\"https:\/\/www.digital-coach.com\/it\/corsi-social-media-marketing\/corso-social-media-specialist\/\" target=\"_blank\" rel=\"noopener noreferrer\">corso di social media<\/a>\u00a0offerto dalla scuola di digital marketing Digital Coach, utile a migliorare l&#8217;approccio al digital e a rafforzare la propria presenza online, fattore ormai imprescindibile non solo per queste ragazze belle e ambiziose, ma anche a tutti noi.<\/div>\n<div><\/div>\n<div>Prendendo spunto dal successo di questo progetto turistico-culturale, negli ultimi mesi il Concorso ha voluto lanciare anche altri messaggi di natura pi\u00f9 sociale, come quando le finaliste hanno pubblicato un video clip con l&#8217;hashtag\u00a0<a href=\"https:\/\/www.instagram.com\/p\/CjaM0ZlDQ-k\/\" target=\"_blank\" rel=\"noopener noreferrer\"><strong>#MissItaliaXIranianWomen<\/strong><\/a>\u00a0in cui si sono tagliate una ciocca di capelli in segno di solidariet\u00e0 alla lotta delle donne iraniane, ottenendo oltre 600 mila visualizzazioni e 10 mila interazioni.<\/div>\n<div><\/div>\n<div>Il 25 novembre, in occasione della Giornata internazionale per l&#8217;eliminazione della violenza contro le donne, le finaliste nazionali e le miss social regionali, hanno partecipato all&#8217;iniziativa &#8220;<a href=\"https:\/\/www.instagram.com\/p\/ClPAVp6DaaJ\/\" target=\"_blank\" rel=\"noopener noreferrer\"><strong>Guarda bene chi ami<\/strong><\/a>&#8220;, voluta fortemente dalla patron Patrizia Mirigliani, che ha avuto lo scopo di sensibilizzare le donne, in particolare quelle pi\u00f9 giovani, sul tema della violenza non solo fisica, ma psicologica. Parte delle finaliste, nella stessa giornata, hanno anche preso parte al convegno &#8220;La Cultura che sconfigge la Violenza&#8221;, promosso dal MODAVI, alla presenza del Ministro della Cultura Gennaro Sangiuliano.<\/div>\n<div><\/div>\n<div>In questi giorni, le Miss del concorso si stanno cimentando in un&#8217;altra iniziativa, altrettanto lodevole: quella di enfatizzare &#8220;<strong>la Bellezza dei Valori<\/strong>&#8220;, il claim di questa 83^ edizione del Concorso. La Bellezza, perch\u00e9 Miss Italia d\u00e0 luce alla massima espressione estetica delle giovani donne italiane. I Valori, perch\u00e9 senza quell&#8217;insieme di principi, virt\u00f9 e qualit\u00e0 che caratterizzano le partecipanti, non avrebbe mai potuto ancora essere qui oggi.<\/div>\n<div><\/div>\n<div>Etica, rispetto, tolleranza, gentilezza, pace, solidariet\u00e0, amicizia, onest\u00e0, amore, giustizia, libert\u00e0, onest\u00e0 e tanti altri, sono i valori che centinaia di migliaia di Miss, in prima persona, hanno raccontato fin dagli inizi e continuano a raccontare anche in questo 2022.<\/div>\n<div><\/div>\n<div>Accedendo al\u00a0<a href=\"https:\/\/www.instagram.com\/missitalia\/\" target=\"_blank\" rel=\"noopener noreferrer\"><strong>profilo Instagram<\/strong><\/a>\u00a0del Concorso, \u00e8 cos\u00ec possibile vedere il modo di raccontare i valori da parte di queste giovani donne, che hanno compreso che i social media possono essere uno strumento pi\u00f9 che valido, se ben utilizzato.<\/div>\n<div><\/div>\n<\/div>","protected":false},"excerpt":{"rendered":"<p>Ci eravamo lasciati in estate quando tra le vie delle citt\u00e0, lungo le rive dei fiumi e dei laghi, seguendo i sentieri di montagna o stradine di campagna, centinaia di ragazze hanno partecipato al progetto Miss Italia racconta l&#8217;Italia, raccontando su Instagram, i luoghi dove vivono. Le Miss, attraverso i loro occhi giovani e freschi, [&hellip;]<\/p>\n","protected":false},"author":2,"featured_media":138326,"comment_status":"closed","ping_status":"open","sticky":false,"template":"","format":"standard","meta":{"footnotes":""},"categories":[8,4],"tags":[],"class_list":["post-138325","post","type-post","status-publish","format-standard","has-post-thumbnail","category-societa-istituzioni","category-sport"],"yoast_head":"<!-- This site is optimized with the Yoast SEO plugin v28.4 - https:\/\/yoast.com\/product\/yoast-seo-wordpress\/ -->\n<title>Miss Italia Social: per la Regione Veneto la vincitrice social \u00e8 Sara Pilla - Bellunopress - Dolomiti<\/title>\n<meta name=\"robots\" content=\"index, follow, max-snippet:-1, max-image-preview:large, max-video-preview:-1\" \/>\n<link rel=\"canonical\" href=\"https:\/\/www.bellunopress.it\/fr\/2022\/12\/13\/miss-italia-social-per-la-regione-veneto-la-vincitrice-social-e-sara-pilla\/\" \/>\n<meta property=\"og:locale\" content=\"fr_FR\" \/>\n<meta property=\"og:type\" content=\"article\" \/>\n<meta property=\"og:title\" content=\"Miss Italia Social: per la Regione Veneto la vincitrice social \u00e8 Sara Pilla - Bellunopress - Dolomiti\" \/>\n<meta property=\"og:description\" content=\"Ci eravamo lasciati in estate quando tra le vie delle citt\u00e0, lungo le rive dei fiumi e dei laghi, seguendo i sentieri di montagna o stradine di campagna, centinaia di ragazze hanno partecipato al progetto Miss Italia racconta l&#8217;Italia, raccontando su Instagram, i luoghi dove vivono. Le Miss, attraverso i loro occhi giovani e freschi, [&hellip;]\" \/>\n<meta property=\"og:url\" content=\"https:\/\/www.bellunopress.it\/fr\/2022\/12\/13\/miss-italia-social-per-la-regione-veneto-la-vincitrice-social-e-sara-pilla\/\" \/>\n<meta property=\"og:site_name\" content=\"Bellunopress - Dolomiti\" \/>\n<meta property=\"article:publisher\" content=\"https:\/\/www.facebook.com\/profile.php?id=100008943462799\" \/>\n<meta property=\"article:published_time\" content=\"2022-12-13T15:35:22+00:00\" \/>\n<meta property=\"article:modified_time\" content=\"2022-12-13T15:36:35+00:00\" \/>\n<meta property=\"og:image\" content=\"https:\/\/www.bellunopress.it\/wp-content\/uploads\/2022\/12\/Miss-Social-regionali_edited.jpg\" \/>\n\t<meta property=\"og:image:width\" content=\"1000\" \/>\n\t<meta property=\"og:image:height\" content=\"667\" \/>\n\t<meta property=\"og:image:type\" content=\"image\/jpeg\" \/>\n<meta name=\"author\" content=\"redazione\" \/>\n<meta name=\"twitter:card\" content=\"summary_large_image\" \/>\n<meta name=\"twitter:creator\" content=\"@bellunopress\" \/>\n<meta name=\"twitter:site\" content=\"@bellunopress\" \/>\n<meta name=\"twitter:label1\" content=\"\u00c9crit par\" \/>\n\t<meta name=\"twitter:data1\" content=\"redazione\" \/>\n\t<meta name=\"twitter:label2\" content=\"Dur\u00e9e de lecture estim\u00e9e\" \/>\n\t<meta name=\"twitter:data2\" content=\"4 minutes\" \/>\n<script type=\"application\/ld+json\" class=\"yoast-schema-graph\">{\"@context\":\"https:\\\/\\\/schema.org\",\"@graph\":[{\"@type\":\"Article\",\"@id\":\"https:\\\/\\\/www.bellunopress.it\\\/2022\\\/12\\\/13\\\/miss-italia-social-per-la-regione-veneto-la-vincitrice-social-e-sara-pilla\\\/#article\",\"isPartOf\":{\"@id\":\"https:\\\/\\\/www.bellunopress.it\\\/2022\\\/12\\\/13\\\/miss-italia-social-per-la-regione-veneto-la-vincitrice-social-e-sara-pilla\\\/\"},\"author\":{\"name\":\"redazione\",\"@id\":\"https:\\\/\\\/www.bellunopress.it\\\/#\\\/schema\\\/person\\\/79bb06722b37ece1c03d3e94beb30d73\"},\"headline\":\"Miss Italia Social: per la Regione Veneto la vincitrice social \u00e8 Sara Pilla\",\"datePublished\":\"2022-12-13T15:35:22+00:00\",\"dateModified\":\"2022-12-13T15:36:35+00:00\",\"mainEntityOfPage\":{\"@id\":\"https:\\\/\\\/www.bellunopress.it\\\/2022\\\/12\\\/13\\\/miss-italia-social-per-la-regione-veneto-la-vincitrice-social-e-sara-pilla\\\/\"},\"wordCount\":636,\"publisher\":{\"@id\":\"https:\\\/\\\/www.bellunopress.it\\\/#organization\"},\"image\":{\"@id\":\"https:\\\/\\\/www.bellunopress.it\\\/2022\\\/12\\\/13\\\/miss-italia-social-per-la-regione-veneto-la-vincitrice-social-e-sara-pilla\\\/#primaryimage\"},\"thumbnailUrl\":\"https:\\\/\\\/www.bellunopress.it\\\/wp-content\\\/uploads\\\/2022\\\/12\\\/Miss-Social-regionali_edited.jpg\",\"articleSection\":[\"Societ\u00e0, Associazioni, Istituzioni\",\"Sport, tempo libero\"],\"inLanguage\":\"fr-FR\"},{\"@type\":\"WebPage\",\"@id\":\"https:\\\/\\\/www.bellunopress.it\\\/2022\\\/12\\\/13\\\/miss-italia-social-per-la-regione-veneto-la-vincitrice-social-e-sara-pilla\\\/\",\"url\":\"https:\\\/\\\/www.bellunopress.it\\\/2022\\\/12\\\/13\\\/miss-italia-social-per-la-regione-veneto-la-vincitrice-social-e-sara-pilla\\\/\",\"name\":\"Miss Italia Social: per la Regione Veneto la vincitrice social \u00e8 Sara Pilla - Bellunopress - Dolomiti\",\"isPartOf\":{\"@id\":\"https:\\\/\\\/www.bellunopress.it\\\/#website\"},\"primaryImageOfPage\":{\"@id\":\"https:\\\/\\\/www.bellunopress.it\\\/2022\\\/12\\\/13\\\/miss-italia-social-per-la-regione-veneto-la-vincitrice-social-e-sara-pilla\\\/#primaryimage\"},\"image\":{\"@id\":\"https:\\\/\\\/www.bellunopress.it\\\/2022\\\/12\\\/13\\\/miss-italia-social-per-la-regione-veneto-la-vincitrice-social-e-sara-pilla\\\/#primaryimage\"},\"thumbnailUrl\":\"https:\\\/\\\/www.bellunopress.it\\\/wp-content\\\/uploads\\\/2022\\\/12\\\/Miss-Social-regionali_edited.jpg\",\"datePublished\":\"2022-12-13T15:35:22+00:00\",\"dateModified\":\"2022-12-13T15:36:35+00:00\",\"breadcrumb\":{\"@id\":\"https:\\\/\\\/www.bellunopress.it\\\/2022\\\/12\\\/13\\\/miss-italia-social-per-la-regione-veneto-la-vincitrice-social-e-sara-pilla\\\/#breadcrumb\"},\"inLanguage\":\"fr-FR\",\"potentialAction\":[{\"@type\":\"ReadAction\",\"target\":[\"https:\\\/\\\/www.bellunopress.it\\\/2022\\\/12\\\/13\\\/miss-italia-social-per-la-regione-veneto-la-vincitrice-social-e-sara-pilla\\\/\"]}]},{\"@type\":\"ImageObject\",\"inLanguage\":\"fr-FR\",\"@id\":\"https:\\\/\\\/www.bellunopress.it\\\/2022\\\/12\\\/13\\\/miss-italia-social-per-la-regione-veneto-la-vincitrice-social-e-sara-pilla\\\/#primaryimage\",\"url\":\"https:\\\/\\\/www.bellunopress.it\\\/wp-content\\\/uploads\\\/2022\\\/12\\\/Miss-Social-regionali_edited.jpg\",\"contentUrl\":\"https:\\\/\\\/www.bellunopress.it\\\/wp-content\\\/uploads\\\/2022\\\/12\\\/Miss-Social-regionali_edited.jpg\",\"width\":1000,\"height\":667},{\"@type\":\"BreadcrumbList\",\"@id\":\"https:\\\/\\\/www.bellunopress.it\\\/2022\\\/12\\\/13\\\/miss-italia-social-per-la-regione-veneto-la-vincitrice-social-e-sara-pilla\\\/#breadcrumb\",\"itemListElement\":[{\"@type\":\"ListItem\",\"position\":1,\"name\":\"Home\",\"item\":\"https:\\\/\\\/www.bellunopress.it\\\/\"},{\"@type\":\"ListItem\",\"position\":2,\"name\":\"Miss Italia Social: per la Regione Veneto la vincitrice social \u00e8 Sara Pilla\"}]},{\"@type\":\"WebSite\",\"@id\":\"https:\\\/\\\/www.bellunopress.it\\\/#website\",\"url\":\"https:\\\/\\\/www.bellunopress.it\\\/\",\"name\":\"Bellunopress - Dolomiti\",\"description\":\"e-mail: redazione@bellunopress.it\",\"publisher\":{\"@id\":\"https:\\\/\\\/www.bellunopress.it\\\/#organization\"},\"potentialAction\":[{\"@type\":\"SearchAction\",\"target\":{\"@type\":\"EntryPoint\",\"urlTemplate\":\"https:\\\/\\\/www.bellunopress.it\\\/?s={search_term_string}\"},\"query-input\":{\"@type\":\"PropertyValueSpecification\",\"valueRequired\":true,\"valueName\":\"search_term_string\"}}],\"inLanguage\":\"fr-FR\"},{\"@type\":\"Organization\",\"@id\":\"https:\\\/\\\/www.bellunopress.it\\\/#organization\",\"name\":\"Bellunopress\",\"url\":\"https:\\\/\\\/www.bellunopress.it\\\/\",\"logo\":{\"@type\":\"ImageObject\",\"inLanguage\":\"fr-FR\",\"@id\":\"https:\\\/\\\/www.bellunopress.it\\\/#\\\/schema\\\/logo\\\/image\\\/\",\"url\":\"https:\\\/\\\/www.bellunopress.it\\\/wp-content\\\/uploads\\\/2011\\\/05\\\/cropped-logo-bellunopress-.jpg\",\"contentUrl\":\"https:\\\/\\\/www.bellunopress.it\\\/wp-content\\\/uploads\\\/2011\\\/05\\\/cropped-logo-bellunopress-.jpg\",\"width\":512,\"height\":512,\"caption\":\"Bellunopress\"},\"image\":{\"@id\":\"https:\\\/\\\/www.bellunopress.it\\\/#\\\/schema\\\/logo\\\/image\\\/\"},\"sameAs\":[\"https:\\\/\\\/www.facebook.com\\\/profile.php?id=100008943462799\",\"https:\\\/\\\/x.com\\\/bellunopress\",\"https:\\\/\\\/www.linkedin.com\\\/hp\\\/?dnr=JBzUWaJfMUw8vbXJJ2tVW5-I3jZKvC4wsoxE&amp;amp;amp;amp;amp;amp;trk=nav_responsive_tab_home\",\"https:\\\/\\\/www.youtube.com\\\/channel\\\/UCxL0wu1uN0_3_7hGG0306cw\"]},{\"@type\":\"Person\",\"@id\":\"https:\\\/\\\/www.bellunopress.it\\\/#\\\/schema\\\/person\\\/79bb06722b37ece1c03d3e94beb30d73\",\"name\":\"redazione\",\"image\":{\"@type\":\"ImageObject\",\"inLanguage\":\"fr-FR\",\"@id\":\"https:\\\/\\\/secure.gravatar.com\\\/avatar\\\/37d968a2e67a6fd04c169c4bdef102d0bc5d31b2546345219e348575eb80e9a0?s=96&d=mm&r=g\",\"url\":\"https:\\\/\\\/secure.gravatar.com\\\/avatar\\\/37d968a2e67a6fd04c169c4bdef102d0bc5d31b2546345219e348575eb80e9a0?s=96&d=mm&r=g\",\"contentUrl\":\"https:\\\/\\\/secure.gravatar.com\\\/avatar\\\/37d968a2e67a6fd04c169c4bdef102d0bc5d31b2546345219e348575eb80e9a0?s=96&d=mm&r=g\",\"caption\":\"redazione\"},\"sameAs\":[\"http:\\\/\\\/www.bellunopress.it\",\"https:\\\/\\\/x.com\\\/bellunopress\"],\"url\":\"https:\\\/\\\/www.bellunopress.it\\\/fr\\\/author\\\/redazione\\\/\"}]}<\/script>\n<!-- \/ Yoast SEO plugin. -->","yoast_head_json":{"title":"Miss Italia Social: per la Regione Veneto la vincitrice social \u00e8 Sara Pilla - Bellunopress - Dolomiti","robots":{"index":"index","follow":"follow","max-snippet":"max-snippet:-1","max-image-preview":"max-image-preview:large","max-video-preview":"max-video-preview:-1"},"canonical":"https:\/\/www.bellunopress.it\/fr\/2022\/12\/13\/miss-italia-social-per-la-regione-veneto-la-vincitrice-social-e-sara-pilla\/","og_locale":"fr_FR","og_type":"article","og_title":"Miss Italia Social: per la Regione Veneto la vincitrice social \u00e8 Sara Pilla - Bellunopress - Dolomiti","og_description":"Ci eravamo lasciati in estate quando tra le vie delle citt\u00e0, lungo le rive dei fiumi e dei laghi, seguendo i sentieri di montagna o stradine di campagna, centinaia di ragazze hanno partecipato al progetto Miss Italia racconta l&#8217;Italia, raccontando su Instagram, i luoghi dove vivono. Le Miss, attraverso i loro occhi giovani e freschi, [&hellip;]","og_url":"https:\/\/www.bellunopress.it\/fr\/2022\/12\/13\/miss-italia-social-per-la-regione-veneto-la-vincitrice-social-e-sara-pilla\/","og_site_name":"Bellunopress - Dolomiti","article_publisher":"https:\/\/www.facebook.com\/profile.php?id=100008943462799","article_published_time":"2022-12-13T15:35:22+00:00","article_modified_time":"2022-12-13T15:36:35+00:00","og_image":[{"width":1000,"height":667,"url":"https:\/\/www.bellunopress.it\/wp-content\/uploads\/2022\/12\/Miss-Social-regionali_edited.jpg","type":"image\/jpeg"}],"author":"redazione","twitter_card":"summary_large_image","twitter_creator":"@bellunopress","twitter_site":"@bellunopress","twitter_misc":{"\u00c9crit par":"redazione","Dur\u00e9e de lecture estim\u00e9e":"4 minutes"},"schema":{"@context":"https:\/\/schema.org","@graph":[{"@type":"Article","@id":"https:\/\/www.bellunopress.it\/2022\/12\/13\/miss-italia-social-per-la-regione-veneto-la-vincitrice-social-e-sara-pilla\/#article","isPartOf":{"@id":"https:\/\/www.bellunopress.it\/2022\/12\/13\/miss-italia-social-per-la-regione-veneto-la-vincitrice-social-e-sara-pilla\/"},"author":{"name":"redazione","@id":"https:\/\/www.bellunopress.it\/#\/schema\/person\/79bb06722b37ece1c03d3e94beb30d73"},"headline":"Miss Italia Social: per la Regione Veneto la vincitrice social \u00e8 Sara Pilla","datePublished":"2022-12-13T15:35:22+00:00","dateModified":"2022-12-13T15:36:35+00:00","mainEntityOfPage":{"@id":"https:\/\/www.bellunopress.it\/2022\/12\/13\/miss-italia-social-per-la-regione-veneto-la-vincitrice-social-e-sara-pilla\/"},"wordCount":636,"publisher":{"@id":"https:\/\/www.bellunopress.it\/#organization"},"image":{"@id":"https:\/\/www.bellunopress.it\/2022\/12\/13\/miss-italia-social-per-la-regione-veneto-la-vincitrice-social-e-sara-pilla\/#primaryimage"},"thumbnailUrl":"https:\/\/www.bellunopress.it\/wp-content\/uploads\/2022\/12\/Miss-Social-regionali_edited.jpg","articleSection":["Societ\u00e0, Associazioni, Istituzioni","Sport, tempo libero"],"inLanguage":"fr-FR"},{"@type":"WebPage","@id":"https:\/\/www.bellunopress.it\/2022\/12\/13\/miss-italia-social-per-la-regione-veneto-la-vincitrice-social-e-sara-pilla\/","url":"https:\/\/www.bellunopress.it\/2022\/12\/13\/miss-italia-social-per-la-regione-veneto-la-vincitrice-social-e-sara-pilla\/","name":"Miss Italia Social: per la Regione Veneto la vincitrice social \u00e8 Sara Pilla - Bellunopress - Dolomiti","isPartOf":{"@id":"https:\/\/www.bellunopress.it\/#website"},"primaryImageOfPage":{"@id":"https:\/\/www.bellunopress.it\/2022\/12\/13\/miss-italia-social-per-la-regione-veneto-la-vincitrice-social-e-sara-pilla\/#primaryimage"},"image":{"@id":"https:\/\/www.bellunopress.it\/2022\/12\/13\/miss-italia-social-per-la-regione-veneto-la-vincitrice-social-e-sara-pilla\/#primaryimage"},"thumbnailUrl":"https:\/\/www.bellunopress.it\/wp-content\/uploads\/2022\/12\/Miss-Social-regionali_edited.jpg","datePublished":"2022-12-13T15:35:22+00:00","dateModified":"2022-12-13T15:36:35+00:00","breadcrumb":{"@id":"https:\/\/www.bellunopress.it\/2022\/12\/13\/miss-italia-social-per-la-regione-veneto-la-vincitrice-social-e-sara-pilla\/#breadcrumb"},"inLanguage":"fr-FR","potentialAction":[{"@type":"ReadAction","target":["https:\/\/www.bellunopress.it\/2022\/12\/13\/miss-italia-social-per-la-regione-veneto-la-vincitrice-social-e-sara-pilla\/"]}]},{"@type":"ImageObject","inLanguage":"fr-FR","@id":"https:\/\/www.bellunopress.it\/2022\/12\/13\/miss-italia-social-per-la-regione-veneto-la-vincitrice-social-e-sara-pilla\/#primaryimage","url":"https:\/\/www.bellunopress.it\/wp-content\/uploads\/2022\/12\/Miss-Social-regionali_edited.jpg","contentUrl":"https:\/\/www.bellunopress.it\/wp-content\/uploads\/2022\/12\/Miss-Social-regionali_edited.jpg","width":1000,"height":667},{"@type":"BreadcrumbList","@id":"https:\/\/www.bellunopress.it\/2022\/12\/13\/miss-italia-social-per-la-regione-veneto-la-vincitrice-social-e-sara-pilla\/#breadcrumb","itemListElement":[{"@type":"ListItem","position":1,"name":"Home","item":"https:\/\/www.bellunopress.it\/"},{"@type":"ListItem","position":2,"name":"Miss Italia Social: per la Regione Veneto la vincitrice social \u00e8 Sara Pilla"}]},{"@type":"WebSite","@id":"https:\/\/www.bellunopress.it\/#website","url":"https:\/\/www.bellunopress.it\/","name":"Bellunopress - Dolomiti","description":"e-mail: redazione@bellunopress.it","publisher":{"@id":"https:\/\/www.bellunopress.it\/#organization"},"potentialAction":[{"@type":"SearchAction","target":{"@type":"EntryPoint","urlTemplate":"https:\/\/www.bellunopress.it\/?s={search_term_string}"},"query-input":{"@type":"PropertyValueSpecification","valueRequired":true,"valueName":"search_term_string"}}],"inLanguage":"fr-FR"},{"@type":"Organization","@id":"https:\/\/www.bellunopress.it\/#organization","name":"Bellunopress","url":"https:\/\/www.bellunopress.it\/","logo":{"@type":"ImageObject","inLanguage":"fr-FR","@id":"https:\/\/www.bellunopress.it\/#\/schema\/logo\/image\/","url":"https:\/\/www.bellunopress.it\/wp-content\/uploads\/2011\/05\/cropped-logo-bellunopress-.jpg","contentUrl":"https:\/\/www.bellunopress.it\/wp-content\/uploads\/2011\/05\/cropped-logo-bellunopress-.jpg","width":512,"height":512,"caption":"Bellunopress"},"image":{"@id":"https:\/\/www.bellunopress.it\/#\/schema\/logo\/image\/"},"sameAs":["https:\/\/www.facebook.com\/profile.php?id=100008943462799","https:\/\/x.com\/bellunopress","https:\/\/www.linkedin.com\/hp\/?dnr=JBzUWaJfMUw8vbXJJ2tVW5-I3jZKvC4wsoxE&amp;amp;amp;amp;amp;amp;trk=nav_responsive_tab_home","https:\/\/www.youtube.com\/channel\/UCxL0wu1uN0_3_7hGG0306cw"]},{"@type":"Person","@id":"https:\/\/www.bellunopress.it\/#\/schema\/person\/79bb06722b37ece1c03d3e94beb30d73","name":"r\u00e9daction","image":{"@type":"ImageObject","inLanguage":"fr-FR","@id":"https:\/\/secure.gravatar.com\/avatar\/37d968a2e67a6fd04c169c4bdef102d0bc5d31b2546345219e348575eb80e9a0?s=96&d=mm&r=g","url":"https:\/\/secure.gravatar.com\/avatar\/37d968a2e67a6fd04c169c4bdef102d0bc5d31b2546345219e348575eb80e9a0?s=96&d=mm&r=g","contentUrl":"https:\/\/secure.gravatar.com\/avatar\/37d968a2e67a6fd04c169c4bdef102d0bc5d31b2546345219e348575eb80e9a0?s=96&d=mm&r=g","caption":"redazione"},"sameAs":["http:\/\/www.bellunopress.it","https:\/\/x.com\/bellunopress"],"url":"https:\/\/www.bellunopress.it\/fr\/author\/redazione\/"}]}},"_links":{"self":[{"href":"https:\/\/www.bellunopress.it\/fr\/wp-json\/wp\/v2\/posts\/138325","targetHints":{"allow":["GET"]}}],"collection":[{"href":"https:\/\/www.bellunopress.it\/fr\/wp-json\/wp\/v2\/posts"}],"about":[{"href":"https:\/\/www.bellunopress.it\/fr\/wp-json\/wp\/v2\/types\/post"}],"author":[{"embeddable":true,"href":"https:\/\/www.bellunopress.it\/fr\/wp-json\/wp\/v2\/users\/2"}],"replies":[{"embeddable":true,"href":"https:\/\/www.bellunopress.it\/fr\/wp-json\/wp\/v2\/comments?post=138325"}],"version-history":[{"count":2,"href":"https:\/\/www.bellunopress.it\/fr\/wp-json\/wp\/v2\/posts\/138325\/revisions"}],"predecessor-version":[{"id":138329,"href":"https:\/\/www.bellunopress.it\/fr\/wp-json\/wp\/v2\/posts\/138325\/revisions\/138329"}],"wp:featuredmedia":[{"embeddable":true,"href":"https:\/\/www.bellunopress.it\/fr\/wp-json\/wp\/v2\/media\/138326"}],"wp:attachment":[{"href":"https:\/\/www.bellunopress.it\/fr\/wp-json\/wp\/v2\/media?parent=138325"}],"wp:term":[{"taxonomy":"category","embeddable":true,"href":"https:\/\/www.bellunopress.it\/fr\/wp-json\/wp\/v2\/categories?post=138325"},{"taxonomy":"post_tag","embeddable":true,"href":"https:\/\/www.bellunopress.it\/fr\/wp-json\/wp\/v2\/tags?post=138325"}],"curies":[{"name":"wp","href":"https:\/\/api.w.org\/{rel}","templated":true}]}}