{"id":138322,"date":"2022-12-13T14:23:41","date_gmt":"2022-12-13T13:23:41","guid":{"rendered":"https:\/\/www.bellunopress.it\/?p=138322"},"modified":"2022-12-13T14:23:59","modified_gmt":"2022-12-13T13:23:59","slug":"torna-il-natale-solidale-in-piazza-dei-martiri-de-pellegrin-unoccasione-per-sostenere-le-associazioni-e-ringra","status":"publish","type":"post","link":"https:\/\/www.bellunopress.it\/fr\/2022\/12\/13\/torna-il-natale-solidale-in-piazza-dei-martiri-de-pellegrin-unoccasione-per-sostenere-le-associazioni-e-ringra\/","title":{"rendered":"Torna il Natale solidale in piazza dei Martiri. De Pellegrin: &#8220;Un&#8217;occasione per sostenere le associazioni e ringra"},"content":{"rendered":"<figure id=\"attachment_135245\" aria-describedby=\"caption-attachment-135245\" style=\"width: 803px\" class=\"wp-caption alignleft\"><img loading=\"lazy\" decoding=\"async\" class=\"size-full wp-image-135245\" src=\"https:\/\/www.bellunopress.it\/wp-content\/uploads\/2022\/07\/Oscar-De-Pellegrin-sindaco-di-Belluno_edited.jpg\" alt=\"\" width=\"803\" height=\"1000\" srcset=\"https:\/\/www.bellunopress.it\/wp-content\/uploads\/2022\/07\/Oscar-De-Pellegrin-sindaco-di-Belluno_edited.jpg 803w, https:\/\/www.bellunopress.it\/wp-content\/uploads\/2022\/07\/Oscar-De-Pellegrin-sindaco-di-Belluno_edited-402x500.jpg 402w, https:\/\/www.bellunopress.it\/wp-content\/uploads\/2022\/07\/Oscar-De-Pellegrin-sindaco-di-Belluno_edited-696x867.jpg 696w, https:\/\/www.bellunopress.it\/wp-content\/uploads\/2022\/07\/Oscar-De-Pellegrin-sindaco-di-Belluno_edited-337x420.jpg 337w\" sizes=\"auto, (max-width: 803px) 100vw, 803px\" \/><figcaption id=\"caption-attachment-135245\" class=\"wp-caption-text\">Oscar De Pellegrin, sindaco di Belluno<\/figcaption><\/figure>\n<p>Dopo due anni di stop forzato, sabato 17 dicembre torna in piazza dei Martiri il Natale solidale. La storica manifestazione, che quest\u2019anno gira la boa della nona edizione, conferma il format di sempre e conter\u00e0 sull\u2019adesione, finora, di 18 associazioni. \u201cIl mondo del terzo settore ha risposto con entusiasmo \u2013 commenta l\u2019assessore allo sport e al tempo libero Monica Mazzoccoli -, c\u2019\u00e8 voglia di tornare in piazza tra la gente, per farsi conoscere, raccogliere adesioni e fondi e questo appuntamento \u00e8 sempre una bella occasione per farlo. Saranno proposti dolcetti e oggettistica, realizzati a mano dai volontari per finanziare l\u2019attivit\u00e0 con offerte libere. Un modo per infondere ulteriore significato al nostro Natale, aiutando chi aiuta\u201d.<\/p>\n<p>I gazebi delle associazioni saranno posizionati lungo il liston (lato piazza) e saranno aperti dalle 9 alle 13, sotto si potranno trovare informazioni e prodotti realizzati artigianalmente per finanziare, con offerte libere, le attivit\u00e0 di ogni Onlus. Le 17 associazioni aderenti sono: AiTsam \u2013 Associazione italiana tutela salute mentale, Aic Veneto \u2013 Associazione italiana celiachia, Aido \u2013 Associazione italiana per la donazione di organi, Aism \u2013 Associazione italiana sclerosi multipla, Abm \u2013 Associazione italiana bellunesi nel mondo, Cucchini, Agd \u2013 Associazione giovani diabetici, Associazione Giuliano De Marchi per il Nepal, Associazione Scuola dell\u2019Infanzia San Gaetano, Centro per l&#8217;affido e solidariet\u00e0 familiare Ulss, Comitato d&#8217;intesa, Croce Rossa Italiana, Emergency, FIAB &#8211; Federazione italiana ambiente e bicicletta, Insieme si pu\u00f2, La mongolfiera di Giorgia, Lidap \u2013 Lega italiana contro i disturbi d\u2019ansia, d\u2019agorafobia e da attacchi di panico e Dolomiti Emergency.<\/p>\n<p>\u201cE\u2019 un appuntamento al quale diamo continuit\u00e0 con convinzione ed entusiasmo \u2013 spiega il sindaco, Oscar De Pellegrin -, perch\u00e9 fa parte della tradizione della citt\u00e0 e d\u00e0 visibilit\u00e0 al mondo del terzo settore, cuore pulsante della nostra comunit\u00e0. L\u2019invito \u00e8 di fare una passeggiata in centro, fermarsi a chiacchierare con i volontari e magari scoprire realt\u00e0 di cui non si conoscevano l\u2019esistenza e l\u2019attivit\u00e0. Il volontariato e tutto il settore dell\u2019associazionismo hanno vissuto anni difficili a causa del Covid, le restrizioni, l\u2019impossibilit\u00e0 di stare a contatto con le persone e di raccogliere fondi attraverso eventi e banchetti hanno messo a dura prova le casse di queste realt\u00e0 che, nonostante le difficolt\u00e0, hanno comunque continuato ad erogare servizi, aiuto e solidariet\u00e0 a chi ha bisogno. Quella di sabato \u00e8 l\u2019occasione per far sentire loro la nostra vicinanza e ringraziarli\u201d.<\/p>\n<p>L\u2019edizione 2022 del Natale solidale porter\u00e0 con s\u00e9 una novit\u00e0, un momento musicale proposto da un gruppo di studenti dell\u2019indirizzo musicale del Liceo Renier. I ragazzi si posizioneranno davanti al palazzo ex Aci. \u201cStiamo lavorando molto per coinvolgere gli istituti superiori in diverse iniziative organizzate dal Comune \u2013 spiega l\u2019assessore alle scuole e alle politiche giovanili, Roberta Olivotto -, nell\u2019ottica di valorizzare i talenti, di includere le giovani generazioni nella vita della comunit\u00e0 e di avvicinarle alle istituzioni\u201d.<\/p>","protected":false},"excerpt":{"rendered":"<p>Dopo due anni di stop forzato, sabato 17 dicembre torna in piazza dei Martiri il Natale solidale. La storica manifestazione, che quest\u2019anno gira la boa della nona edizione, conferma il format di sempre e conter\u00e0 sull\u2019adesione, finora, di 18 associazioni. \u201cIl mondo del terzo settore ha risposto con entusiasmo \u2013 commenta l\u2019assessore allo sport e [&hellip;]<\/p>\n","protected":false},"author":2,"featured_media":135245,"comment_status":"closed","ping_status":"open","sticky":false,"template":"","format":"standard","meta":{"footnotes":""},"categories":[26,8],"tags":[],"class_list":["post-138322","post","type-post","status-publish","format-standard","has-post-thumbnail","category-prima-pagina","category-societa-istituzioni"],"yoast_head":"<!-- This site is optimized with the Yoast SEO plugin v28.4 - https:\/\/yoast.com\/product\/yoast-seo-wordpress\/ -->\n<title>Torna il Natale solidale in piazza dei Martiri. De Pellegrin: &quot;Un&#039;occasione per sostenere le associazioni e ringra - Bellunopress - Dolomiti<\/title>\n<meta name=\"robots\" content=\"index, follow, max-snippet:-1, max-image-preview:large, max-video-preview:-1\" \/>\n<link rel=\"canonical\" href=\"https:\/\/www.bellunopress.it\/fr\/2022\/12\/13\/torna-il-natale-solidale-in-piazza-dei-martiri-de-pellegrin-unoccasione-per-sostenere-le-associazioni-e-ringra\/\" \/>\n<meta property=\"og:locale\" content=\"fr_FR\" \/>\n<meta property=\"og:type\" content=\"article\" \/>\n<meta property=\"og:title\" content=\"Torna il Natale solidale in piazza dei Martiri. De Pellegrin: &quot;Un&#039;occasione per sostenere le associazioni e ringra - Bellunopress - Dolomiti\" \/>\n<meta property=\"og:description\" content=\"Dopo due anni di stop forzato, sabato 17 dicembre torna in piazza dei Martiri il Natale solidale. La storica manifestazione, che quest\u2019anno gira la boa della nona edizione, conferma il format di sempre e conter\u00e0 sull\u2019adesione, finora, di 18 associazioni. \u201cIl mondo del terzo settore ha risposto con entusiasmo \u2013 commenta l\u2019assessore allo sport e [&hellip;]\" \/>\n<meta property=\"og:url\" content=\"https:\/\/www.bellunopress.it\/fr\/2022\/12\/13\/torna-il-natale-solidale-in-piazza-dei-martiri-de-pellegrin-unoccasione-per-sostenere-le-associazioni-e-ringra\/\" \/>\n<meta property=\"og:site_name\" content=\"Bellunopress - Dolomiti\" \/>\n<meta property=\"article:publisher\" content=\"https:\/\/www.facebook.com\/profile.php?id=100008943462799\" \/>\n<meta property=\"article:published_time\" content=\"2022-12-13T13:23:41+00:00\" \/>\n<meta property=\"article:modified_time\" content=\"2022-12-13T13:23:59+00:00\" \/>\n<meta property=\"og:image\" content=\"https:\/\/www.bellunopress.it\/wp-content\/uploads\/2022\/07\/Oscar-De-Pellegrin-sindaco-di-Belluno_edited.jpg\" \/>\n\t<meta property=\"og:image:width\" content=\"803\" \/>\n\t<meta property=\"og:image:height\" content=\"1000\" \/>\n\t<meta property=\"og:image:type\" content=\"image\/jpeg\" \/>\n<meta name=\"author\" content=\"redazione\" \/>\n<meta name=\"twitter:card\" content=\"summary_large_image\" \/>\n<meta name=\"twitter:creator\" content=\"@bellunopress\" \/>\n<meta name=\"twitter:site\" content=\"@bellunopress\" \/>\n<meta name=\"twitter:label1\" content=\"\u00c9crit par\" \/>\n\t<meta name=\"twitter:data1\" content=\"redazione\" \/>\n\t<meta name=\"twitter:label2\" content=\"Dur\u00e9e de lecture estim\u00e9e\" \/>\n\t<meta name=\"twitter:data2\" content=\"3 minutes\" \/>\n<script type=\"application\/ld+json\" class=\"yoast-schema-graph\">{\"@context\":\"https:\\\/\\\/schema.org\",\"@graph\":[{\"@type\":\"Article\",\"@id\":\"https:\\\/\\\/www.bellunopress.it\\\/2022\\\/12\\\/13\\\/torna-il-natale-solidale-in-piazza-dei-martiri-de-pellegrin-unoccasione-per-sostenere-le-associazioni-e-ringra\\\/#article\",\"isPartOf\":{\"@id\":\"https:\\\/\\\/www.bellunopress.it\\\/2022\\\/12\\\/13\\\/torna-il-natale-solidale-in-piazza-dei-martiri-de-pellegrin-unoccasione-per-sostenere-le-associazioni-e-ringra\\\/\"},\"author\":{\"name\":\"redazione\",\"@id\":\"https:\\\/\\\/www.bellunopress.it\\\/#\\\/schema\\\/person\\\/79bb06722b37ece1c03d3e94beb30d73\"},\"headline\":\"Torna il Natale solidale in piazza dei Martiri. De Pellegrin: &#8220;Un&#8217;occasione per sostenere le associazioni e ringra\",\"datePublished\":\"2022-12-13T13:23:41+00:00\",\"dateModified\":\"2022-12-13T13:23:59+00:00\",\"mainEntityOfPage\":{\"@id\":\"https:\\\/\\\/www.bellunopress.it\\\/2022\\\/12\\\/13\\\/torna-il-natale-solidale-in-piazza-dei-martiri-de-pellegrin-unoccasione-per-sostenere-le-associazioni-e-ringra\\\/\"},\"wordCount\":502,\"publisher\":{\"@id\":\"https:\\\/\\\/www.bellunopress.it\\\/#organization\"},\"image\":{\"@id\":\"https:\\\/\\\/www.bellunopress.it\\\/2022\\\/12\\\/13\\\/torna-il-natale-solidale-in-piazza-dei-martiri-de-pellegrin-unoccasione-per-sostenere-le-associazioni-e-ringra\\\/#primaryimage\"},\"thumbnailUrl\":\"https:\\\/\\\/www.bellunopress.it\\\/wp-content\\\/uploads\\\/2022\\\/07\\\/Oscar-De-Pellegrin-sindaco-di-Belluno_edited.jpg\",\"articleSection\":[\"Prima Pagina\",\"Societ\u00e0, Associazioni, Istituzioni\"],\"inLanguage\":\"fr-FR\"},{\"@type\":\"WebPage\",\"@id\":\"https:\\\/\\\/www.bellunopress.it\\\/2022\\\/12\\\/13\\\/torna-il-natale-solidale-in-piazza-dei-martiri-de-pellegrin-unoccasione-per-sostenere-le-associazioni-e-ringra\\\/\",\"url\":\"https:\\\/\\\/www.bellunopress.it\\\/2022\\\/12\\\/13\\\/torna-il-natale-solidale-in-piazza-dei-martiri-de-pellegrin-unoccasione-per-sostenere-le-associazioni-e-ringra\\\/\",\"name\":\"Torna il Natale solidale in piazza dei Martiri. De Pellegrin: \\\"Un'occasione per sostenere le associazioni e ringra - Bellunopress - Dolomiti\",\"isPartOf\":{\"@id\":\"https:\\\/\\\/www.bellunopress.it\\\/#website\"},\"primaryImageOfPage\":{\"@id\":\"https:\\\/\\\/www.bellunopress.it\\\/2022\\\/12\\\/13\\\/torna-il-natale-solidale-in-piazza-dei-martiri-de-pellegrin-unoccasione-per-sostenere-le-associazioni-e-ringra\\\/#primaryimage\"},\"image\":{\"@id\":\"https:\\\/\\\/www.bellunopress.it\\\/2022\\\/12\\\/13\\\/torna-il-natale-solidale-in-piazza-dei-martiri-de-pellegrin-unoccasione-per-sostenere-le-associazioni-e-ringra\\\/#primaryimage\"},\"thumbnailUrl\":\"https:\\\/\\\/www.bellunopress.it\\\/wp-content\\\/uploads\\\/2022\\\/07\\\/Oscar-De-Pellegrin-sindaco-di-Belluno_edited.jpg\",\"datePublished\":\"2022-12-13T13:23:41+00:00\",\"dateModified\":\"2022-12-13T13:23:59+00:00\",\"breadcrumb\":{\"@id\":\"https:\\\/\\\/www.bellunopress.it\\\/2022\\\/12\\\/13\\\/torna-il-natale-solidale-in-piazza-dei-martiri-de-pellegrin-unoccasione-per-sostenere-le-associazioni-e-ringra\\\/#breadcrumb\"},\"inLanguage\":\"fr-FR\",\"potentialAction\":[{\"@type\":\"ReadAction\",\"target\":[\"https:\\\/\\\/www.bellunopress.it\\\/2022\\\/12\\\/13\\\/torna-il-natale-solidale-in-piazza-dei-martiri-de-pellegrin-unoccasione-per-sostenere-le-associazioni-e-ringra\\\/\"]}]},{\"@type\":\"ImageObject\",\"inLanguage\":\"fr-FR\",\"@id\":\"https:\\\/\\\/www.bellunopress.it\\\/2022\\\/12\\\/13\\\/torna-il-natale-solidale-in-piazza-dei-martiri-de-pellegrin-unoccasione-per-sostenere-le-associazioni-e-ringra\\\/#primaryimage\",\"url\":\"https:\\\/\\\/www.bellunopress.it\\\/wp-content\\\/uploads\\\/2022\\\/07\\\/Oscar-De-Pellegrin-sindaco-di-Belluno_edited.jpg\",\"contentUrl\":\"https:\\\/\\\/www.bellunopress.it\\\/wp-content\\\/uploads\\\/2022\\\/07\\\/Oscar-De-Pellegrin-sindaco-di-Belluno_edited.jpg\",\"width\":803,\"height\":1000,\"caption\":\"Oscar De Pellegrin, sindaco di Belluno\"},{\"@type\":\"BreadcrumbList\",\"@id\":\"https:\\\/\\\/www.bellunopress.it\\\/2022\\\/12\\\/13\\\/torna-il-natale-solidale-in-piazza-dei-martiri-de-pellegrin-unoccasione-per-sostenere-le-associazioni-e-ringra\\\/#breadcrumb\",\"itemListElement\":[{\"@type\":\"ListItem\",\"position\":1,\"name\":\"Home\",\"item\":\"https:\\\/\\\/www.bellunopress.it\\\/\"},{\"@type\":\"ListItem\",\"position\":2,\"name\":\"Torna il Natale solidale in piazza dei Martiri. De Pellegrin: &#8220;Un&#8217;occasione per sostenere le associazioni e ringra\"}]},{\"@type\":\"WebSite\",\"@id\":\"https:\\\/\\\/www.bellunopress.it\\\/#website\",\"url\":\"https:\\\/\\\/www.bellunopress.it\\\/\",\"name\":\"Bellunopress - Dolomiti\",\"description\":\"e-mail: redazione@bellunopress.it\",\"publisher\":{\"@id\":\"https:\\\/\\\/www.bellunopress.it\\\/#organization\"},\"potentialAction\":[{\"@type\":\"SearchAction\",\"target\":{\"@type\":\"EntryPoint\",\"urlTemplate\":\"https:\\\/\\\/www.bellunopress.it\\\/?s={search_term_string}\"},\"query-input\":{\"@type\":\"PropertyValueSpecification\",\"valueRequired\":true,\"valueName\":\"search_term_string\"}}],\"inLanguage\":\"fr-FR\"},{\"@type\":\"Organization\",\"@id\":\"https:\\\/\\\/www.bellunopress.it\\\/#organization\",\"name\":\"Bellunopress\",\"url\":\"https:\\\/\\\/www.bellunopress.it\\\/\",\"logo\":{\"@type\":\"ImageObject\",\"inLanguage\":\"fr-FR\",\"@id\":\"https:\\\/\\\/www.bellunopress.it\\\/#\\\/schema\\\/logo\\\/image\\\/\",\"url\":\"https:\\\/\\\/www.bellunopress.it\\\/wp-content\\\/uploads\\\/2011\\\/05\\\/cropped-logo-bellunopress-.jpg\",\"contentUrl\":\"https:\\\/\\\/www.bellunopress.it\\\/wp-content\\\/uploads\\\/2011\\\/05\\\/cropped-logo-bellunopress-.jpg\",\"width\":512,\"height\":512,\"caption\":\"Bellunopress\"},\"image\":{\"@id\":\"https:\\\/\\\/www.bellunopress.it\\\/#\\\/schema\\\/logo\\\/image\\\/\"},\"sameAs\":[\"https:\\\/\\\/www.facebook.com\\\/profile.php?id=100008943462799\",\"https:\\\/\\\/x.com\\\/bellunopress\",\"https:\\\/\\\/www.linkedin.com\\\/hp\\\/?dnr=JBzUWaJfMUw8vbXJJ2tVW5-I3jZKvC4wsoxE&amp;amp;amp;amp;amp;amp;trk=nav_responsive_tab_home\",\"https:\\\/\\\/www.youtube.com\\\/channel\\\/UCxL0wu1uN0_3_7hGG0306cw\"]},{\"@type\":\"Person\",\"@id\":\"https:\\\/\\\/www.bellunopress.it\\\/#\\\/schema\\\/person\\\/79bb06722b37ece1c03d3e94beb30d73\",\"name\":\"redazione\",\"image\":{\"@type\":\"ImageObject\",\"inLanguage\":\"fr-FR\",\"@id\":\"https:\\\/\\\/secure.gravatar.com\\\/avatar\\\/37d968a2e67a6fd04c169c4bdef102d0bc5d31b2546345219e348575eb80e9a0?s=96&d=mm&r=g\",\"url\":\"https:\\\/\\\/secure.gravatar.com\\\/avatar\\\/37d968a2e67a6fd04c169c4bdef102d0bc5d31b2546345219e348575eb80e9a0?s=96&d=mm&r=g\",\"contentUrl\":\"https:\\\/\\\/secure.gravatar.com\\\/avatar\\\/37d968a2e67a6fd04c169c4bdef102d0bc5d31b2546345219e348575eb80e9a0?s=96&d=mm&r=g\",\"caption\":\"redazione\"},\"sameAs\":[\"http:\\\/\\\/www.bellunopress.it\",\"https:\\\/\\\/x.com\\\/bellunopress\"],\"url\":\"https:\\\/\\\/www.bellunopress.it\\\/fr\\\/author\\\/redazione\\\/\"}]}<\/script>\n<!-- \/ Yoast SEO plugin. -->","yoast_head_json":{"title":"Torna il Natale solidale in piazza dei Martiri. De Pellegrin: \"Un'occasione per sostenere le associazioni e ringra - Bellunopress - Dolomiti","robots":{"index":"index","follow":"follow","max-snippet":"max-snippet:-1","max-image-preview":"max-image-preview:large","max-video-preview":"max-video-preview:-1"},"canonical":"https:\/\/www.bellunopress.it\/fr\/2022\/12\/13\/torna-il-natale-solidale-in-piazza-dei-martiri-de-pellegrin-unoccasione-per-sostenere-le-associazioni-e-ringra\/","og_locale":"fr_FR","og_type":"article","og_title":"Torna il Natale solidale in piazza dei Martiri. De Pellegrin: \"Un'occasione per sostenere le associazioni e ringra - Bellunopress - Dolomiti","og_description":"Dopo due anni di stop forzato, sabato 17 dicembre torna in piazza dei Martiri il Natale solidale. La storica manifestazione, che quest\u2019anno gira la boa della nona edizione, conferma il format di sempre e conter\u00e0 sull\u2019adesione, finora, di 18 associazioni. \u201cIl mondo del terzo settore ha risposto con entusiasmo \u2013 commenta l\u2019assessore allo sport e [&hellip;]","og_url":"https:\/\/www.bellunopress.it\/fr\/2022\/12\/13\/torna-il-natale-solidale-in-piazza-dei-martiri-de-pellegrin-unoccasione-per-sostenere-le-associazioni-e-ringra\/","og_site_name":"Bellunopress - Dolomiti","article_publisher":"https:\/\/www.facebook.com\/profile.php?id=100008943462799","article_published_time":"2022-12-13T13:23:41+00:00","article_modified_time":"2022-12-13T13:23:59+00:00","og_image":[{"width":803,"height":1000,"url":"https:\/\/www.bellunopress.it\/wp-content\/uploads\/2022\/07\/Oscar-De-Pellegrin-sindaco-di-Belluno_edited.jpg","type":"image\/jpeg"}],"author":"redazione","twitter_card":"summary_large_image","twitter_creator":"@bellunopress","twitter_site":"@bellunopress","twitter_misc":{"\u00c9crit par":"redazione","Dur\u00e9e de lecture estim\u00e9e":"3 minutes"},"schema":{"@context":"https:\/\/schema.org","@graph":[{"@type":"Article","@id":"https:\/\/www.bellunopress.it\/2022\/12\/13\/torna-il-natale-solidale-in-piazza-dei-martiri-de-pellegrin-unoccasione-per-sostenere-le-associazioni-e-ringra\/#article","isPartOf":{"@id":"https:\/\/www.bellunopress.it\/2022\/12\/13\/torna-il-natale-solidale-in-piazza-dei-martiri-de-pellegrin-unoccasione-per-sostenere-le-associazioni-e-ringra\/"},"author":{"name":"redazione","@id":"https:\/\/www.bellunopress.it\/#\/schema\/person\/79bb06722b37ece1c03d3e94beb30d73"},"headline":"Torna il Natale solidale in piazza dei Martiri. De Pellegrin: &#8220;Un&#8217;occasione per sostenere le associazioni e ringra","datePublished":"2022-12-13T13:23:41+00:00","dateModified":"2022-12-13T13:23:59+00:00","mainEntityOfPage":{"@id":"https:\/\/www.bellunopress.it\/2022\/12\/13\/torna-il-natale-solidale-in-piazza-dei-martiri-de-pellegrin-unoccasione-per-sostenere-le-associazioni-e-ringra\/"},"wordCount":502,"publisher":{"@id":"https:\/\/www.bellunopress.it\/#organization"},"image":{"@id":"https:\/\/www.bellunopress.it\/2022\/12\/13\/torna-il-natale-solidale-in-piazza-dei-martiri-de-pellegrin-unoccasione-per-sostenere-le-associazioni-e-ringra\/#primaryimage"},"thumbnailUrl":"https:\/\/www.bellunopress.it\/wp-content\/uploads\/2022\/07\/Oscar-De-Pellegrin-sindaco-di-Belluno_edited.jpg","articleSection":["Prima Pagina","Societ\u00e0, Associazioni, Istituzioni"],"inLanguage":"fr-FR"},{"@type":"WebPage","@id":"https:\/\/www.bellunopress.it\/2022\/12\/13\/torna-il-natale-solidale-in-piazza-dei-martiri-de-pellegrin-unoccasione-per-sostenere-le-associazioni-e-ringra\/","url":"https:\/\/www.bellunopress.it\/2022\/12\/13\/torna-il-natale-solidale-in-piazza-dei-martiri-de-pellegrin-unoccasione-per-sostenere-le-associazioni-e-ringra\/","name":"Torna il Natale solidale in piazza dei Martiri. De Pellegrin: \"Un'occasione per sostenere le associazioni e ringra - Bellunopress - Dolomiti","isPartOf":{"@id":"https:\/\/www.bellunopress.it\/#website"},"primaryImageOfPage":{"@id":"https:\/\/www.bellunopress.it\/2022\/12\/13\/torna-il-natale-solidale-in-piazza-dei-martiri-de-pellegrin-unoccasione-per-sostenere-le-associazioni-e-ringra\/#primaryimage"},"image":{"@id":"https:\/\/www.bellunopress.it\/2022\/12\/13\/torna-il-natale-solidale-in-piazza-dei-martiri-de-pellegrin-unoccasione-per-sostenere-le-associazioni-e-ringra\/#primaryimage"},"thumbnailUrl":"https:\/\/www.bellunopress.it\/wp-content\/uploads\/2022\/07\/Oscar-De-Pellegrin-sindaco-di-Belluno_edited.jpg","datePublished":"2022-12-13T13:23:41+00:00","dateModified":"2022-12-13T13:23:59+00:00","breadcrumb":{"@id":"https:\/\/www.bellunopress.it\/2022\/12\/13\/torna-il-natale-solidale-in-piazza-dei-martiri-de-pellegrin-unoccasione-per-sostenere-le-associazioni-e-ringra\/#breadcrumb"},"inLanguage":"fr-FR","potentialAction":[{"@type":"ReadAction","target":["https:\/\/www.bellunopress.it\/2022\/12\/13\/torna-il-natale-solidale-in-piazza-dei-martiri-de-pellegrin-unoccasione-per-sostenere-le-associazioni-e-ringra\/"]}]},{"@type":"ImageObject","inLanguage":"fr-FR","@id":"https:\/\/www.bellunopress.it\/2022\/12\/13\/torna-il-natale-solidale-in-piazza-dei-martiri-de-pellegrin-unoccasione-per-sostenere-le-associazioni-e-ringra\/#primaryimage","url":"https:\/\/www.bellunopress.it\/wp-content\/uploads\/2022\/07\/Oscar-De-Pellegrin-sindaco-di-Belluno_edited.jpg","contentUrl":"https:\/\/www.bellunopress.it\/wp-content\/uploads\/2022\/07\/Oscar-De-Pellegrin-sindaco-di-Belluno_edited.jpg","width":803,"height":1000,"caption":"Oscar De Pellegrin, sindaco di Belluno"},{"@type":"BreadcrumbList","@id":"https:\/\/www.bellunopress.it\/2022\/12\/13\/torna-il-natale-solidale-in-piazza-dei-martiri-de-pellegrin-unoccasione-per-sostenere-le-associazioni-e-ringra\/#breadcrumb","itemListElement":[{"@type":"ListItem","position":1,"name":"Home","item":"https:\/\/www.bellunopress.it\/"},{"@type":"ListItem","position":2,"name":"Torna il Natale solidale in piazza dei Martiri. De Pellegrin: &#8220;Un&#8217;occasione per sostenere le associazioni e ringra"}]},{"@type":"WebSite","@id":"https:\/\/www.bellunopress.it\/#website","url":"https:\/\/www.bellunopress.it\/","name":"Bellunopress - Dolomiti","description":"e-mail: redazione@bellunopress.it","publisher":{"@id":"https:\/\/www.bellunopress.it\/#organization"},"potentialAction":[{"@type":"SearchAction","target":{"@type":"EntryPoint","urlTemplate":"https:\/\/www.bellunopress.it\/?s={search_term_string}"},"query-input":{"@type":"PropertyValueSpecification","valueRequired":true,"valueName":"search_term_string"}}],"inLanguage":"fr-FR"},{"@type":"Organization","@id":"https:\/\/www.bellunopress.it\/#organization","name":"Bellunopress","url":"https:\/\/www.bellunopress.it\/","logo":{"@type":"ImageObject","inLanguage":"fr-FR","@id":"https:\/\/www.bellunopress.it\/#\/schema\/logo\/image\/","url":"https:\/\/www.bellunopress.it\/wp-content\/uploads\/2011\/05\/cropped-logo-bellunopress-.jpg","contentUrl":"https:\/\/www.bellunopress.it\/wp-content\/uploads\/2011\/05\/cropped-logo-bellunopress-.jpg","width":512,"height":512,"caption":"Bellunopress"},"image":{"@id":"https:\/\/www.bellunopress.it\/#\/schema\/logo\/image\/"},"sameAs":["https:\/\/www.facebook.com\/profile.php?id=100008943462799","https:\/\/x.com\/bellunopress","https:\/\/www.linkedin.com\/hp\/?dnr=JBzUWaJfMUw8vbXJJ2tVW5-I3jZKvC4wsoxE&amp;amp;amp;amp;amp;amp;trk=nav_responsive_tab_home","https:\/\/www.youtube.com\/channel\/UCxL0wu1uN0_3_7hGG0306cw"]},{"@type":"Person","@id":"https:\/\/www.bellunopress.it\/#\/schema\/person\/79bb06722b37ece1c03d3e94beb30d73","name":"r\u00e9daction","image":{"@type":"ImageObject","inLanguage":"fr-FR","@id":"https:\/\/secure.gravatar.com\/avatar\/37d968a2e67a6fd04c169c4bdef102d0bc5d31b2546345219e348575eb80e9a0?s=96&d=mm&r=g","url":"https:\/\/secure.gravatar.com\/avatar\/37d968a2e67a6fd04c169c4bdef102d0bc5d31b2546345219e348575eb80e9a0?s=96&d=mm&r=g","contentUrl":"https:\/\/secure.gravatar.com\/avatar\/37d968a2e67a6fd04c169c4bdef102d0bc5d31b2546345219e348575eb80e9a0?s=96&d=mm&r=g","caption":"redazione"},"sameAs":["http:\/\/www.bellunopress.it","https:\/\/x.com\/bellunopress"],"url":"https:\/\/www.bellunopress.it\/fr\/author\/redazione\/"}]}},"_links":{"self":[{"href":"https:\/\/www.bellunopress.it\/fr\/wp-json\/wp\/v2\/posts\/138322","targetHints":{"allow":["GET"]}}],"collection":[{"href":"https:\/\/www.bellunopress.it\/fr\/wp-json\/wp\/v2\/posts"}],"about":[{"href":"https:\/\/www.bellunopress.it\/fr\/wp-json\/wp\/v2\/types\/post"}],"author":[{"embeddable":true,"href":"https:\/\/www.bellunopress.it\/fr\/wp-json\/wp\/v2\/users\/2"}],"replies":[{"embeddable":true,"href":"https:\/\/www.bellunopress.it\/fr\/wp-json\/wp\/v2\/comments?post=138322"}],"version-history":[{"count":2,"href":"https:\/\/www.bellunopress.it\/fr\/wp-json\/wp\/v2\/posts\/138322\/revisions"}],"predecessor-version":[{"id":138324,"href":"https:\/\/www.bellunopress.it\/fr\/wp-json\/wp\/v2\/posts\/138322\/revisions\/138324"}],"wp:featuredmedia":[{"embeddable":true,"href":"https:\/\/www.bellunopress.it\/fr\/wp-json\/wp\/v2\/media\/135245"}],"wp:attachment":[{"href":"https:\/\/www.bellunopress.it\/fr\/wp-json\/wp\/v2\/media?parent=138322"}],"wp:term":[{"taxonomy":"category","embeddable":true,"href":"https:\/\/www.bellunopress.it\/fr\/wp-json\/wp\/v2\/categories?post=138322"},{"taxonomy":"post_tag","embeddable":true,"href":"https:\/\/www.bellunopress.it\/fr\/wp-json\/wp\/v2\/tags?post=138322"}],"curies":[{"name":"wp","href":"https:\/\/api.w.org\/{rel}","templated":true}]}}