{"id":138314,"date":"2022-12-13T10:25:39","date_gmt":"2022-12-13T09:25:39","guid":{"rendered":"https:\/\/www.bellunopress.it\/?p=138314"},"modified":"2022-12-13T10:25:39","modified_gmt":"2022-12-13T09:25:39","slug":"selezione-oss-a-longarone-e-zoldo-ricerca-di-un-autista-per-trasporto-persone-a-san-vito-di-cadore","status":"publish","type":"post","link":"https:\/\/www.bellunopress.it\/fr\/2022\/12\/13\/selezione-oss-a-longarone-e-zoldo-ricerca-di-un-autista-per-trasporto-persone-a-san-vito-di-cadore\/","title":{"rendered":"Selezione OSS a Longarone e Zoldo. Ricerca di un autista per trasporto persone a San Vito di Cadore"},"content":{"rendered":"<p><img loading=\"lazy\" decoding=\"async\" class=\"alignleft size-full wp-image-111223\" src=\"https:\/\/www.bellunopress.it\/wp-content\/uploads\/2020\/01\/infermieri.jpg\" alt=\"\" width=\"209\" height=\"256\" \/>L\u2019ente \u201cServizi alla Persona Longarone Zoldo a.s.c.\u201d cerca urgentemente personale per il ruolo di OSS (Operatore Socio Sanitario) per i Centri Servizi di Longarone e Val di Zoldo e lo fa offrendo benefici molto interessanti, soprattutto di questi tempi.<br \/>\nIl bando riguarda la formulazione di 2 graduatorie per l\u2019inserimento a tempo pieno e indeterminato e prevede diversi incentivi: il conferimento del buono pasto per ogni turno di lavoro, la possibilit\u00e0 di un ulteriore riconoscimento economico per la produttivit\u00e0 aziendale, la liquidazione su richiesta della banca ore maturata e, probabilmente la pi\u00f9 importante tra tutte le agevolazioni, la possibilit\u00e0 di alloggio in fringe benefit per massimo 6 mesi ai neo assunti non gi\u00e0 residenti presso il Comune di Val di Zoldo.<br \/>\nNel sito www.aziendalz.it \u00e8 possibile verificare la tipologia di contratto e la retribuzione offerta, oltre a tutti i dettagli inerenti i bonus.<br \/>\nLe domande devono essere presentate entro le 12.00 del 20 dicembre 2022, i colloqui saranno presumibilmente effettuati a far data dal 22 dicembre.<br \/>\nPer ulteriori informazioni \u00e8 possibile contattare l\u2019ente al numero 0437 770392.<\/p>\n<p>La Cadore societ\u00e0 cooperativa sociale \u2013 s.c.s. sta ricercando con decorrenza immediata un autista da impiegare nella zona di San Vito di Cadore.<br \/>\nIl candidato deve essere in possesso di patente C e D con CQC &#8211; Carta di Qualificazione del Conducente; l&#8217;incarico prevede infatti tra le mansioni principali quella di autista per lo scuolabus, quelle di spazzamento stradale e quella di sgombero neve.<br \/>\nIl contratto inizialmente sar\u00e0 a tempo pieno e determinato, con possibilit\u00e0 di trasformazione a tempo indeterminato; l&#8217;inquadramento sar\u00e0 quello previsto dal contratto nazionale delle cooperative sociali.<br \/>\nLe candidature complete di curriculum vitae dovranno essere inviate entro le ore 12.00 di venerd\u00ec 30 dicembre 2022 all&#8217;indirizzo mail inserimentilavorativi@cadorescs.com<\/p>\n<p>&nbsp;<\/p>","protected":false},"excerpt":{"rendered":"<p>L\u2019ente \u201cServizi alla Persona Longarone Zoldo a.s.c.\u201d cerca urgentemente personale per il ruolo di OSS (Operatore Socio Sanitario) per i Centri Servizi di Longarone e Val di Zoldo e lo fa offrendo benefici molto interessanti, soprattutto di questi tempi. Il bando riguarda la formulazione di 2 graduatorie per l\u2019inserimento a tempo pieno e indeterminato e [&hellip;]<\/p>\n","protected":false},"author":2,"featured_media":117203,"comment_status":"closed","ping_status":"open","sticky":false,"template":"","format":"standard","meta":{"footnotes":""},"categories":[36],"tags":[],"class_list":["post-138314","post","type-post","status-publish","format-standard","has-post-thumbnail","category-lavoro-economia"],"yoast_head":"<!-- This site is optimized with the Yoast SEO plugin v28.4 - https:\/\/yoast.com\/product\/yoast-seo-wordpress\/ -->\n<title>Selezione OSS a Longarone e Zoldo. Ricerca di un autista per trasporto persone a San Vito di Cadore - Bellunopress - Dolomiti<\/title>\n<meta name=\"robots\" content=\"index, follow, max-snippet:-1, max-image-preview:large, max-video-preview:-1\" \/>\n<link rel=\"canonical\" href=\"https:\/\/www.bellunopress.it\/fr\/2022\/12\/13\/selezione-oss-a-longarone-e-zoldo-ricerca-di-un-autista-per-trasporto-persone-a-san-vito-di-cadore\/\" \/>\n<meta property=\"og:locale\" content=\"fr_FR\" \/>\n<meta property=\"og:type\" content=\"article\" \/>\n<meta property=\"og:title\" content=\"Selezione OSS a Longarone e Zoldo. Ricerca di un autista per trasporto persone a San Vito di Cadore - Bellunopress - Dolomiti\" \/>\n<meta property=\"og:description\" content=\"L\u2019ente \u201cServizi alla Persona Longarone Zoldo a.s.c.\u201d cerca urgentemente personale per il ruolo di OSS (Operatore Socio Sanitario) per i Centri Servizi di Longarone e Val di Zoldo e lo fa offrendo benefici molto interessanti, soprattutto di questi tempi. Il bando riguarda la formulazione di 2 graduatorie per l\u2019inserimento a tempo pieno e indeterminato e [&hellip;]\" \/>\n<meta property=\"og:url\" content=\"https:\/\/www.bellunopress.it\/fr\/2022\/12\/13\/selezione-oss-a-longarone-e-zoldo-ricerca-di-un-autista-per-trasporto-persone-a-san-vito-di-cadore\/\" \/>\n<meta property=\"og:site_name\" content=\"Bellunopress - Dolomiti\" \/>\n<meta property=\"article:publisher\" content=\"https:\/\/www.facebook.com\/profile.php?id=100008943462799\" \/>\n<meta property=\"article:published_time\" content=\"2022-12-13T09:25:39+00:00\" \/>\n<meta property=\"og:image\" content=\"https:\/\/www.bellunopress.it\/wp-content\/uploads\/2020\/08\/infermieri_edited.jpg\" \/>\n\t<meta property=\"og:image:width\" content=\"800\" \/>\n\t<meta property=\"og:image:height\" content=\"534\" \/>\n\t<meta property=\"og:image:type\" content=\"image\/jpeg\" \/>\n<meta name=\"author\" content=\"redazione\" \/>\n<meta name=\"twitter:card\" content=\"summary_large_image\" \/>\n<meta name=\"twitter:creator\" content=\"@bellunopress\" \/>\n<meta name=\"twitter:site\" content=\"@bellunopress\" \/>\n<meta name=\"twitter:label1\" content=\"Written by\" \/>\n\t<meta name=\"twitter:data1\" content=\"redazione\" \/>\n\t<meta name=\"twitter:label2\" content=\"Est. reading time\" \/>\n\t<meta name=\"twitter:data2\" content=\"2 minutes\" \/>\n<script type=\"application\/ld+json\" class=\"yoast-schema-graph\">{\"@context\":\"https:\\\/\\\/schema.org\",\"@graph\":[{\"@type\":\"Article\",\"@id\":\"https:\\\/\\\/www.bellunopress.it\\\/2022\\\/12\\\/13\\\/selezione-oss-a-longarone-e-zoldo-ricerca-di-un-autista-per-trasporto-persone-a-san-vito-di-cadore\\\/#article\",\"isPartOf\":{\"@id\":\"https:\\\/\\\/www.bellunopress.it\\\/2022\\\/12\\\/13\\\/selezione-oss-a-longarone-e-zoldo-ricerca-di-un-autista-per-trasporto-persone-a-san-vito-di-cadore\\\/\"},\"author\":{\"name\":\"redazione\",\"@id\":\"https:\\\/\\\/www.bellunopress.it\\\/#\\\/schema\\\/person\\\/79bb06722b37ece1c03d3e94beb30d73\"},\"headline\":\"Selezione OSS a Longarone e Zoldo. Ricerca di un autista per trasporto persone a San Vito di Cadore\",\"datePublished\":\"2022-12-13T09:25:39+00:00\",\"mainEntityOfPage\":{\"@id\":\"https:\\\/\\\/www.bellunopress.it\\\/2022\\\/12\\\/13\\\/selezione-oss-a-longarone-e-zoldo-ricerca-di-un-autista-per-trasporto-persone-a-san-vito-di-cadore\\\/\"},\"wordCount\":306,\"publisher\":{\"@id\":\"https:\\\/\\\/www.bellunopress.it\\\/#organization\"},\"image\":{\"@id\":\"https:\\\/\\\/www.bellunopress.it\\\/2022\\\/12\\\/13\\\/selezione-oss-a-longarone-e-zoldo-ricerca-di-un-autista-per-trasporto-persone-a-san-vito-di-cadore\\\/#primaryimage\"},\"thumbnailUrl\":\"https:\\\/\\\/www.bellunopress.it\\\/wp-content\\\/uploads\\\/2020\\\/08\\\/infermieri_edited.jpg\",\"articleSection\":[\"Lavoro, Economia, Turismo\"],\"inLanguage\":\"fr-FR\"},{\"@type\":\"WebPage\",\"@id\":\"https:\\\/\\\/www.bellunopress.it\\\/2022\\\/12\\\/13\\\/selezione-oss-a-longarone-e-zoldo-ricerca-di-un-autista-per-trasporto-persone-a-san-vito-di-cadore\\\/\",\"url\":\"https:\\\/\\\/www.bellunopress.it\\\/2022\\\/12\\\/13\\\/selezione-oss-a-longarone-e-zoldo-ricerca-di-un-autista-per-trasporto-persone-a-san-vito-di-cadore\\\/\",\"name\":\"Selezione OSS a Longarone e Zoldo. Ricerca di un autista per trasporto persone a San Vito di Cadore - Bellunopress - Dolomiti\",\"isPartOf\":{\"@id\":\"https:\\\/\\\/www.bellunopress.it\\\/#website\"},\"primaryImageOfPage\":{\"@id\":\"https:\\\/\\\/www.bellunopress.it\\\/2022\\\/12\\\/13\\\/selezione-oss-a-longarone-e-zoldo-ricerca-di-un-autista-per-trasporto-persone-a-san-vito-di-cadore\\\/#primaryimage\"},\"image\":{\"@id\":\"https:\\\/\\\/www.bellunopress.it\\\/2022\\\/12\\\/13\\\/selezione-oss-a-longarone-e-zoldo-ricerca-di-un-autista-per-trasporto-persone-a-san-vito-di-cadore\\\/#primaryimage\"},\"thumbnailUrl\":\"https:\\\/\\\/www.bellunopress.it\\\/wp-content\\\/uploads\\\/2020\\\/08\\\/infermieri_edited.jpg\",\"datePublished\":\"2022-12-13T09:25:39+00:00\",\"breadcrumb\":{\"@id\":\"https:\\\/\\\/www.bellunopress.it\\\/2022\\\/12\\\/13\\\/selezione-oss-a-longarone-e-zoldo-ricerca-di-un-autista-per-trasporto-persone-a-san-vito-di-cadore\\\/#breadcrumb\"},\"inLanguage\":\"fr-FR\",\"potentialAction\":[{\"@type\":\"ReadAction\",\"target\":[\"https:\\\/\\\/www.bellunopress.it\\\/2022\\\/12\\\/13\\\/selezione-oss-a-longarone-e-zoldo-ricerca-di-un-autista-per-trasporto-persone-a-san-vito-di-cadore\\\/\"]}]},{\"@type\":\"ImageObject\",\"inLanguage\":\"fr-FR\",\"@id\":\"https:\\\/\\\/www.bellunopress.it\\\/2022\\\/12\\\/13\\\/selezione-oss-a-longarone-e-zoldo-ricerca-di-un-autista-per-trasporto-persone-a-san-vito-di-cadore\\\/#primaryimage\",\"url\":\"https:\\\/\\\/www.bellunopress.it\\\/wp-content\\\/uploads\\\/2020\\\/08\\\/infermieri_edited.jpg\",\"contentUrl\":\"https:\\\/\\\/www.bellunopress.it\\\/wp-content\\\/uploads\\\/2020\\\/08\\\/infermieri_edited.jpg\",\"width\":800,\"height\":534},{\"@type\":\"BreadcrumbList\",\"@id\":\"https:\\\/\\\/www.bellunopress.it\\\/2022\\\/12\\\/13\\\/selezione-oss-a-longarone-e-zoldo-ricerca-di-un-autista-per-trasporto-persone-a-san-vito-di-cadore\\\/#breadcrumb\",\"itemListElement\":[{\"@type\":\"ListItem\",\"position\":1,\"name\":\"Home\",\"item\":\"https:\\\/\\\/www.bellunopress.it\\\/\"},{\"@type\":\"ListItem\",\"position\":2,\"name\":\"Selezione OSS a Longarone e Zoldo. Ricerca di un autista per trasporto persone a San Vito di Cadore\"}]},{\"@type\":\"WebSite\",\"@id\":\"https:\\\/\\\/www.bellunopress.it\\\/#website\",\"url\":\"https:\\\/\\\/www.bellunopress.it\\\/\",\"name\":\"Bellunopress - Dolomiti\",\"description\":\"e-mail: redazione@bellunopress.it\",\"publisher\":{\"@id\":\"https:\\\/\\\/www.bellunopress.it\\\/#organization\"},\"potentialAction\":[{\"@type\":\"SearchAction\",\"target\":{\"@type\":\"EntryPoint\",\"urlTemplate\":\"https:\\\/\\\/www.bellunopress.it\\\/?s={search_term_string}\"},\"query-input\":{\"@type\":\"PropertyValueSpecification\",\"valueRequired\":true,\"valueName\":\"search_term_string\"}}],\"inLanguage\":\"fr-FR\"},{\"@type\":\"Organization\",\"@id\":\"https:\\\/\\\/www.bellunopress.it\\\/#organization\",\"name\":\"Bellunopress\",\"url\":\"https:\\\/\\\/www.bellunopress.it\\\/\",\"logo\":{\"@type\":\"ImageObject\",\"inLanguage\":\"fr-FR\",\"@id\":\"https:\\\/\\\/www.bellunopress.it\\\/#\\\/schema\\\/logo\\\/image\\\/\",\"url\":\"https:\\\/\\\/www.bellunopress.it\\\/wp-content\\\/uploads\\\/2011\\\/05\\\/cropped-logo-bellunopress-.jpg\",\"contentUrl\":\"https:\\\/\\\/www.bellunopress.it\\\/wp-content\\\/uploads\\\/2011\\\/05\\\/cropped-logo-bellunopress-.jpg\",\"width\":512,\"height\":512,\"caption\":\"Bellunopress\"},\"image\":{\"@id\":\"https:\\\/\\\/www.bellunopress.it\\\/#\\\/schema\\\/logo\\\/image\\\/\"},\"sameAs\":[\"https:\\\/\\\/www.facebook.com\\\/profile.php?id=100008943462799\",\"https:\\\/\\\/x.com\\\/bellunopress\",\"https:\\\/\\\/www.linkedin.com\\\/hp\\\/?dnr=JBzUWaJfMUw8vbXJJ2tVW5-I3jZKvC4wsoxE&amp;amp;amp;amp;amp;amp;trk=nav_responsive_tab_home\",\"https:\\\/\\\/www.youtube.com\\\/channel\\\/UCxL0wu1uN0_3_7hGG0306cw\"]},{\"@type\":\"Person\",\"@id\":\"https:\\\/\\\/www.bellunopress.it\\\/#\\\/schema\\\/person\\\/79bb06722b37ece1c03d3e94beb30d73\",\"name\":\"redazione\",\"image\":{\"@type\":\"ImageObject\",\"inLanguage\":\"fr-FR\",\"@id\":\"https:\\\/\\\/secure.gravatar.com\\\/avatar\\\/37d968a2e67a6fd04c169c4bdef102d0bc5d31b2546345219e348575eb80e9a0?s=96&d=mm&r=g\",\"url\":\"https:\\\/\\\/secure.gravatar.com\\\/avatar\\\/37d968a2e67a6fd04c169c4bdef102d0bc5d31b2546345219e348575eb80e9a0?s=96&d=mm&r=g\",\"contentUrl\":\"https:\\\/\\\/secure.gravatar.com\\\/avatar\\\/37d968a2e67a6fd04c169c4bdef102d0bc5d31b2546345219e348575eb80e9a0?s=96&d=mm&r=g\",\"caption\":\"redazione\"},\"sameAs\":[\"http:\\\/\\\/www.bellunopress.it\",\"https:\\\/\\\/x.com\\\/bellunopress\"],\"url\":\"https:\\\/\\\/www.bellunopress.it\\\/fr\\\/author\\\/redazione\\\/\"}]}<\/script>\n<!-- \/ Yoast SEO plugin. -->","yoast_head_json":{"title":"Selezione OSS a Longarone e Zoldo. Ricerca di un autista per trasporto persone a San Vito di Cadore - Bellunopress - Dolomiti","robots":{"index":"index","follow":"follow","max-snippet":"max-snippet:-1","max-image-preview":"max-image-preview:large","max-video-preview":"max-video-preview:-1"},"canonical":"https:\/\/www.bellunopress.it\/fr\/2022\/12\/13\/selezione-oss-a-longarone-e-zoldo-ricerca-di-un-autista-per-trasporto-persone-a-san-vito-di-cadore\/","og_locale":"fr_FR","og_type":"article","og_title":"Selezione OSS a Longarone e Zoldo. Ricerca di un autista per trasporto persone a San Vito di Cadore - Bellunopress - Dolomiti","og_description":"L\u2019ente \u201cServizi alla Persona Longarone Zoldo a.s.c.\u201d cerca urgentemente personale per il ruolo di OSS (Operatore Socio Sanitario) per i Centri Servizi di Longarone e Val di Zoldo e lo fa offrendo benefici molto interessanti, soprattutto di questi tempi. Il bando riguarda la formulazione di 2 graduatorie per l\u2019inserimento a tempo pieno e indeterminato e [&hellip;]","og_url":"https:\/\/www.bellunopress.it\/fr\/2022\/12\/13\/selezione-oss-a-longarone-e-zoldo-ricerca-di-un-autista-per-trasporto-persone-a-san-vito-di-cadore\/","og_site_name":"Bellunopress - Dolomiti","article_publisher":"https:\/\/www.facebook.com\/profile.php?id=100008943462799","article_published_time":"2022-12-13T09:25:39+00:00","og_image":[{"width":800,"height":534,"url":"https:\/\/www.bellunopress.it\/wp-content\/uploads\/2020\/08\/infermieri_edited.jpg","type":"image\/jpeg"}],"author":"redazione","twitter_card":"summary_large_image","twitter_creator":"@bellunopress","twitter_site":"@bellunopress","twitter_misc":{"Written by":"redazione","Est. reading time":"2 minutes"},"schema":{"@context":"https:\/\/schema.org","@graph":[{"@type":"Article","@id":"https:\/\/www.bellunopress.it\/2022\/12\/13\/selezione-oss-a-longarone-e-zoldo-ricerca-di-un-autista-per-trasporto-persone-a-san-vito-di-cadore\/#article","isPartOf":{"@id":"https:\/\/www.bellunopress.it\/2022\/12\/13\/selezione-oss-a-longarone-e-zoldo-ricerca-di-un-autista-per-trasporto-persone-a-san-vito-di-cadore\/"},"author":{"name":"redazione","@id":"https:\/\/www.bellunopress.it\/#\/schema\/person\/79bb06722b37ece1c03d3e94beb30d73"},"headline":"Selezione OSS a Longarone e Zoldo. Ricerca di un autista per trasporto persone a San Vito di Cadore","datePublished":"2022-12-13T09:25:39+00:00","mainEntityOfPage":{"@id":"https:\/\/www.bellunopress.it\/2022\/12\/13\/selezione-oss-a-longarone-e-zoldo-ricerca-di-un-autista-per-trasporto-persone-a-san-vito-di-cadore\/"},"wordCount":306,"publisher":{"@id":"https:\/\/www.bellunopress.it\/#organization"},"image":{"@id":"https:\/\/www.bellunopress.it\/2022\/12\/13\/selezione-oss-a-longarone-e-zoldo-ricerca-di-un-autista-per-trasporto-persone-a-san-vito-di-cadore\/#primaryimage"},"thumbnailUrl":"https:\/\/www.bellunopress.it\/wp-content\/uploads\/2020\/08\/infermieri_edited.jpg","articleSection":["Lavoro, Economia, Turismo"],"inLanguage":"fr-FR"},{"@type":"WebPage","@id":"https:\/\/www.bellunopress.it\/2022\/12\/13\/selezione-oss-a-longarone-e-zoldo-ricerca-di-un-autista-per-trasporto-persone-a-san-vito-di-cadore\/","url":"https:\/\/www.bellunopress.it\/2022\/12\/13\/selezione-oss-a-longarone-e-zoldo-ricerca-di-un-autista-per-trasporto-persone-a-san-vito-di-cadore\/","name":"Selezione OSS a Longarone e Zoldo. Ricerca di un autista per trasporto persone a San Vito di Cadore - Bellunopress - Dolomiti","isPartOf":{"@id":"https:\/\/www.bellunopress.it\/#website"},"primaryImageOfPage":{"@id":"https:\/\/www.bellunopress.it\/2022\/12\/13\/selezione-oss-a-longarone-e-zoldo-ricerca-di-un-autista-per-trasporto-persone-a-san-vito-di-cadore\/#primaryimage"},"image":{"@id":"https:\/\/www.bellunopress.it\/2022\/12\/13\/selezione-oss-a-longarone-e-zoldo-ricerca-di-un-autista-per-trasporto-persone-a-san-vito-di-cadore\/#primaryimage"},"thumbnailUrl":"https:\/\/www.bellunopress.it\/wp-content\/uploads\/2020\/08\/infermieri_edited.jpg","datePublished":"2022-12-13T09:25:39+00:00","breadcrumb":{"@id":"https:\/\/www.bellunopress.it\/2022\/12\/13\/selezione-oss-a-longarone-e-zoldo-ricerca-di-un-autista-per-trasporto-persone-a-san-vito-di-cadore\/#breadcrumb"},"inLanguage":"fr-FR","potentialAction":[{"@type":"ReadAction","target":["https:\/\/www.bellunopress.it\/2022\/12\/13\/selezione-oss-a-longarone-e-zoldo-ricerca-di-un-autista-per-trasporto-persone-a-san-vito-di-cadore\/"]}]},{"@type":"ImageObject","inLanguage":"fr-FR","@id":"https:\/\/www.bellunopress.it\/2022\/12\/13\/selezione-oss-a-longarone-e-zoldo-ricerca-di-un-autista-per-trasporto-persone-a-san-vito-di-cadore\/#primaryimage","url":"https:\/\/www.bellunopress.it\/wp-content\/uploads\/2020\/08\/infermieri_edited.jpg","contentUrl":"https:\/\/www.bellunopress.it\/wp-content\/uploads\/2020\/08\/infermieri_edited.jpg","width":800,"height":534},{"@type":"BreadcrumbList","@id":"https:\/\/www.bellunopress.it\/2022\/12\/13\/selezione-oss-a-longarone-e-zoldo-ricerca-di-un-autista-per-trasporto-persone-a-san-vito-di-cadore\/#breadcrumb","itemListElement":[{"@type":"ListItem","position":1,"name":"Home","item":"https:\/\/www.bellunopress.it\/"},{"@type":"ListItem","position":2,"name":"Selezione OSS a Longarone e Zoldo. Ricerca di un autista per trasporto persone a San Vito di Cadore"}]},{"@type":"WebSite","@id":"https:\/\/www.bellunopress.it\/#website","url":"https:\/\/www.bellunopress.it\/","name":"Bellunopress - Dolomiti","description":"e-mail: redazione@bellunopress.it","publisher":{"@id":"https:\/\/www.bellunopress.it\/#organization"},"potentialAction":[{"@type":"SearchAction","target":{"@type":"EntryPoint","urlTemplate":"https:\/\/www.bellunopress.it\/?s={search_term_string}"},"query-input":{"@type":"PropertyValueSpecification","valueRequired":true,"valueName":"search_term_string"}}],"inLanguage":"fr-FR"},{"@type":"Organization","@id":"https:\/\/www.bellunopress.it\/#organization","name":"Bellunopress","url":"https:\/\/www.bellunopress.it\/","logo":{"@type":"ImageObject","inLanguage":"fr-FR","@id":"https:\/\/www.bellunopress.it\/#\/schema\/logo\/image\/","url":"https:\/\/www.bellunopress.it\/wp-content\/uploads\/2011\/05\/cropped-logo-bellunopress-.jpg","contentUrl":"https:\/\/www.bellunopress.it\/wp-content\/uploads\/2011\/05\/cropped-logo-bellunopress-.jpg","width":512,"height":512,"caption":"Bellunopress"},"image":{"@id":"https:\/\/www.bellunopress.it\/#\/schema\/logo\/image\/"},"sameAs":["https:\/\/www.facebook.com\/profile.php?id=100008943462799","https:\/\/x.com\/bellunopress","https:\/\/www.linkedin.com\/hp\/?dnr=JBzUWaJfMUw8vbXJJ2tVW5-I3jZKvC4wsoxE&amp;amp;amp;amp;amp;amp;trk=nav_responsive_tab_home","https:\/\/www.youtube.com\/channel\/UCxL0wu1uN0_3_7hGG0306cw"]},{"@type":"Person","@id":"https:\/\/www.bellunopress.it\/#\/schema\/person\/79bb06722b37ece1c03d3e94beb30d73","name":"r\u00e9daction","image":{"@type":"ImageObject","inLanguage":"fr-FR","@id":"https:\/\/secure.gravatar.com\/avatar\/37d968a2e67a6fd04c169c4bdef102d0bc5d31b2546345219e348575eb80e9a0?s=96&d=mm&r=g","url":"https:\/\/secure.gravatar.com\/avatar\/37d968a2e67a6fd04c169c4bdef102d0bc5d31b2546345219e348575eb80e9a0?s=96&d=mm&r=g","contentUrl":"https:\/\/secure.gravatar.com\/avatar\/37d968a2e67a6fd04c169c4bdef102d0bc5d31b2546345219e348575eb80e9a0?s=96&d=mm&r=g","caption":"redazione"},"sameAs":["http:\/\/www.bellunopress.it","https:\/\/x.com\/bellunopress"],"url":"https:\/\/www.bellunopress.it\/fr\/author\/redazione\/"}]}},"_links":{"self":[{"href":"https:\/\/www.bellunopress.it\/fr\/wp-json\/wp\/v2\/posts\/138314","targetHints":{"allow":["GET"]}}],"collection":[{"href":"https:\/\/www.bellunopress.it\/fr\/wp-json\/wp\/v2\/posts"}],"about":[{"href":"https:\/\/www.bellunopress.it\/fr\/wp-json\/wp\/v2\/types\/post"}],"author":[{"embeddable":true,"href":"https:\/\/www.bellunopress.it\/fr\/wp-json\/wp\/v2\/users\/2"}],"replies":[{"embeddable":true,"href":"https:\/\/www.bellunopress.it\/fr\/wp-json\/wp\/v2\/comments?post=138314"}],"version-history":[{"count":1,"href":"https:\/\/www.bellunopress.it\/fr\/wp-json\/wp\/v2\/posts\/138314\/revisions"}],"predecessor-version":[{"id":138315,"href":"https:\/\/www.bellunopress.it\/fr\/wp-json\/wp\/v2\/posts\/138314\/revisions\/138315"}],"wp:featuredmedia":[{"embeddable":true,"href":"https:\/\/www.bellunopress.it\/fr\/wp-json\/wp\/v2\/media\/117203"}],"wp:attachment":[{"href":"https:\/\/www.bellunopress.it\/fr\/wp-json\/wp\/v2\/media?parent=138314"}],"wp:term":[{"taxonomy":"category","embeddable":true,"href":"https:\/\/www.bellunopress.it\/fr\/wp-json\/wp\/v2\/categories?post=138314"},{"taxonomy":"post_tag","embeddable":true,"href":"https:\/\/www.bellunopress.it\/fr\/wp-json\/wp\/v2\/tags?post=138314"}],"curies":[{"name":"wp","href":"https:\/\/api.w.org\/{rel}","templated":true}]}}