{"id":138310,"date":"2022-12-12T20:10:21","date_gmt":"2022-12-12T19:10:21","guid":{"rendered":"https:\/\/www.bellunopress.it\/?p=138310"},"modified":"2022-12-12T20:10:21","modified_gmt":"2022-12-12T19:10:21","slug":"teatro-comunale-giovedi-giovani-h21-spettacoli-serali-per-giovani-adulti-e-figli-adolescenti","status":"publish","type":"post","link":"https:\/\/www.bellunopress.it\/fr\/2022\/12\/12\/teatro-comunale-giovedi-giovani-h21-spettacoli-serali-per-giovani-adulti-e-figli-adolescenti\/","title":{"rendered":"Teatro Comunale. Gioved\u00ec Giovani H21, spettacoli serali per giovani, adulti e figli adolescenti"},"content":{"rendered":"<figure id=\"attachment_124507\" aria-describedby=\"caption-attachment-124507\" style=\"width: 1000px\" class=\"wp-caption alignleft\"><img loading=\"lazy\" decoding=\"async\" class=\"size-full wp-image-124507\" src=\"https:\/\/www.bellunopress.it\/wp-content\/uploads\/2021\/05\/teatro-comunale_edited.jpg\" alt=\"\" width=\"1000\" height=\"743\" srcset=\"https:\/\/www.bellunopress.it\/wp-content\/uploads\/2021\/05\/teatro-comunale_edited.jpg 1000w, https:\/\/www.bellunopress.it\/wp-content\/uploads\/2021\/05\/teatro-comunale_edited-500x372.jpg 500w, https:\/\/www.bellunopress.it\/wp-content\/uploads\/2021\/05\/teatro-comunale_edited-485x360.jpg 485w, https:\/\/www.bellunopress.it\/wp-content\/uploads\/2021\/05\/teatro-comunale_edited-696x517.jpg 696w, https:\/\/www.bellunopress.it\/wp-content\/uploads\/2021\/05\/teatro-comunale_edited-565x420.jpg 565w, https:\/\/www.bellunopress.it\/wp-content\/uploads\/2021\/05\/teatro-comunale_edited-80x60.jpg 80w, https:\/\/www.bellunopress.it\/wp-content\/uploads\/2021\/05\/teatro-comunale_edited-265x198.jpg 265w\" sizes=\"auto, (max-width: 1000px) 100vw, 1000px\" \/><figcaption id=\"caption-attachment-124507\" class=\"wp-caption-text\">Teatro Comunale di Belluno<\/figcaption><\/figure>\n<p>Dopo il successo della serata di apertura, nella quale il pubblico in sala ha applaudito calorosamente gli interpreti dello spettacolo JANIS, l\u2019innovativa rassegna Gioved\u00ec Giovani h21 prosegue gioved\u00ec 15 dicembre, sempre alle ore 21:00 al Teatro Comunale di Belluno, con RICORDI?, uno spettacolo che con la leggerezza del linguaggio del teatro circo si sofferma sull\u2019importanza dei legami familiari cos\u00ec strettamente connessi ai ricordi, ai momenti vissuti insieme.<\/p>\n<p>Questa produzione \u2013 Menzione speciale Premio Nazionale Emanuele Luzzati 2022 \u2013 della compagnia bolognese Teatro dell\u2019Argine, firmata da Caterina Bartoletti, che vede in scena Clio Abbate e Giovanni Dispenza, racconta la storia di Marta e di suo padre. Dei piccoli gesti affettuosi e della cura che il padre le riservava quando era piccola, e di quelli che ora Marta dedica a lui. Dei ricordi di una vita. Dei legami che i ricordi sono capaci di creare e dei legami ancora pi\u00f9 forti che si creano quando i ricordi, lentamente, svaniscono. Perch\u00e9 il padre di Marta ha un problema: fatica a ricordare le cose, quelle pi\u00f9 lontane nel tempo, ma anche quelle pi\u00f9 vicine. Con piccoli gesti, necessari ad esercitare quella meravigliosa attitudine che \u00e8 la cura dell\u2019altro, Marta prova allora ad aiutarlo a rimettere insieme pezzi di memoria.<br \/>\nAlternando elementi circensi ed elementi teatrali, attraverso un linguaggio toccante e coinvolgente, profondo e leggero allo stesso tempo, lo spettacolo mostra le giocolerie confusionarie del padre malato e le acrobazie di Marta per aiutarlo a ricordare, avvicinandosi a un tema difficile e doloroso, potenzialmente a rischio di retorica, come quello della perdita progressiva di memoria. Il linguaggio del teatro-circo \u00e8 qui in grado di rendere evidente la fatica della relazione, e nel contempo riesce ad affrontare con delicatezza un argomento apparentemente ostico. Una storia al contempo comica e commovente, una riflessione sull\u2019affetto e sulla condivisione di ricordi che sono emozioni: perch\u00e9 anche da l\u00ec, dalla possibilit\u00e0 di fissare per sempre nella memoria momenti importanti della vita, passa la forza dei sentimenti.<\/p>\n<p>La stagione Gioved\u00ec Giovani h21 \u00e8 organizzata da Tib Teatro per la direzione artistica di Daniela Nicosia e in collaborazione con Fondazione Teatri delle Dolomiti, Ministero della Cultura, con il patrocinio di Regione del Veneto, Reteventi \u2013 Provincia di Belluno, Comune di Belluno, MIUR ufficio scolastico regionale, e la presenza dell\u2019Associazione Bellunese Volontari del Sangue. Mediapartner della stagione Radio Belluno, Radio Cortina.<br \/>\nPer informazioni e prenotazioni: Tib Teatro 0437 950555 \u2013 info@tibteatro.it<br \/>\nLa biglietteria sar\u00e0 aperta presso il Teatro Comunale Belluno Gioved\u00ec 15 dicembre dalle ore 19:00. Biglietti: under 30 &#8211; \u20ac 10,00 \/ adulti &#8211; \u20ac 15,00.<\/p>\n<p>&nbsp;<\/p>","protected":false},"excerpt":{"rendered":"<p>Dopo il successo della serata di apertura, nella quale il pubblico in sala ha applaudito calorosamente gli interpreti dello spettacolo JANIS, l\u2019innovativa rassegna Gioved\u00ec Giovani h21 prosegue gioved\u00ec 15 dicembre, sempre alle ore 21:00 al Teatro Comunale di Belluno, con RICORDI?, uno spettacolo che con la leggerezza del linguaggio del teatro circo si sofferma sull\u2019importanza [&hellip;]<\/p>\n","protected":false},"author":2,"featured_media":124507,"comment_status":"closed","ping_status":"open","sticky":false,"template":"","format":"standard","meta":{"footnotes":""},"categories":[27,3,25],"tags":[],"class_list":["post-138310","post","type-post","status-publish","format-standard","has-post-thumbnail","category-appuntamenti","category-arte-cultura-spettacoli-scienza-archivi","category-pausa-caffe"],"yoast_head":"<!-- This site is optimized with the Yoast SEO plugin v28.4 - https:\/\/yoast.com\/product\/yoast-seo-wordpress\/ -->\n<title>Teatro Comunale. Gioved\u00ec Giovani H21, spettacoli serali per giovani, adulti e figli adolescenti - Bellunopress - Dolomiti<\/title>\n<meta name=\"robots\" content=\"index, follow, max-snippet:-1, max-image-preview:large, max-video-preview:-1\" \/>\n<link rel=\"canonical\" href=\"https:\/\/www.bellunopress.it\/fr\/2022\/12\/12\/teatro-comunale-giovedi-giovani-h21-spettacoli-serali-per-giovani-adulti-e-figli-adolescenti\/\" \/>\n<meta property=\"og:locale\" content=\"fr_FR\" \/>\n<meta property=\"og:type\" content=\"article\" \/>\n<meta property=\"og:title\" content=\"Teatro Comunale. Gioved\u00ec Giovani H21, spettacoli serali per giovani, adulti e figli adolescenti - Bellunopress - Dolomiti\" \/>\n<meta property=\"og:description\" content=\"Dopo il successo della serata di apertura, nella quale il pubblico in sala ha applaudito calorosamente gli interpreti dello spettacolo JANIS, l\u2019innovativa rassegna Gioved\u00ec Giovani h21 prosegue gioved\u00ec 15 dicembre, sempre alle ore 21:00 al Teatro Comunale di Belluno, con RICORDI?, uno spettacolo che con la leggerezza del linguaggio del teatro circo si sofferma sull\u2019importanza [&hellip;]\" \/>\n<meta property=\"og:url\" content=\"https:\/\/www.bellunopress.it\/fr\/2022\/12\/12\/teatro-comunale-giovedi-giovani-h21-spettacoli-serali-per-giovani-adulti-e-figli-adolescenti\/\" \/>\n<meta property=\"og:site_name\" content=\"Bellunopress - Dolomiti\" \/>\n<meta property=\"article:publisher\" content=\"https:\/\/www.facebook.com\/profile.php?id=100008943462799\" \/>\n<meta property=\"article:published_time\" content=\"2022-12-12T19:10:21+00:00\" \/>\n<meta property=\"og:image\" content=\"https:\/\/www.bellunopress.it\/wp-content\/uploads\/2021\/05\/teatro-comunale_edited.jpg\" \/>\n\t<meta property=\"og:image:width\" content=\"1000\" \/>\n\t<meta property=\"og:image:height\" content=\"743\" \/>\n\t<meta property=\"og:image:type\" content=\"image\/jpeg\" \/>\n<meta name=\"author\" content=\"redazione\" \/>\n<meta name=\"twitter:card\" content=\"summary_large_image\" \/>\n<meta name=\"twitter:creator\" content=\"@bellunopress\" \/>\n<meta name=\"twitter:site\" content=\"@bellunopress\" \/>\n<meta name=\"twitter:label1\" content=\"Written by\" \/>\n\t<meta name=\"twitter:data1\" content=\"redazione\" \/>\n\t<meta name=\"twitter:label2\" content=\"Est. reading time\" \/>\n\t<meta name=\"twitter:data2\" content=\"3 minutes\" \/>\n<script type=\"application\/ld+json\" class=\"yoast-schema-graph\">{\"@context\":\"https:\\\/\\\/schema.org\",\"@graph\":[{\"@type\":\"Article\",\"@id\":\"https:\\\/\\\/www.bellunopress.it\\\/2022\\\/12\\\/12\\\/teatro-comunale-giovedi-giovani-h21-spettacoli-serali-per-giovani-adulti-e-figli-adolescenti\\\/#article\",\"isPartOf\":{\"@id\":\"https:\\\/\\\/www.bellunopress.it\\\/2022\\\/12\\\/12\\\/teatro-comunale-giovedi-giovani-h21-spettacoli-serali-per-giovani-adulti-e-figli-adolescenti\\\/\"},\"author\":{\"name\":\"redazione\",\"@id\":\"https:\\\/\\\/www.bellunopress.it\\\/#\\\/schema\\\/person\\\/79bb06722b37ece1c03d3e94beb30d73\"},\"headline\":\"Teatro Comunale. Gioved\u00ec Giovani H21, spettacoli serali per giovani, adulti e figli adolescenti\",\"datePublished\":\"2022-12-12T19:10:21+00:00\",\"mainEntityOfPage\":{\"@id\":\"https:\\\/\\\/www.bellunopress.it\\\/2022\\\/12\\\/12\\\/teatro-comunale-giovedi-giovani-h21-spettacoli-serali-per-giovani-adulti-e-figli-adolescenti\\\/\"},\"wordCount\":437,\"publisher\":{\"@id\":\"https:\\\/\\\/www.bellunopress.it\\\/#organization\"},\"image\":{\"@id\":\"https:\\\/\\\/www.bellunopress.it\\\/2022\\\/12\\\/12\\\/teatro-comunale-giovedi-giovani-h21-spettacoli-serali-per-giovani-adulti-e-figli-adolescenti\\\/#primaryimage\"},\"thumbnailUrl\":\"https:\\\/\\\/www.bellunopress.it\\\/wp-content\\\/uploads\\\/2021\\\/05\\\/teatro-comunale_edited.jpg\",\"articleSection\":[\"Appuntamenti, Eventi\",\"Arte, Cultura, Spettacoli, Scienza\",\"Pausa Caff\u00e8\"],\"inLanguage\":\"fr-FR\"},{\"@type\":\"WebPage\",\"@id\":\"https:\\\/\\\/www.bellunopress.it\\\/2022\\\/12\\\/12\\\/teatro-comunale-giovedi-giovani-h21-spettacoli-serali-per-giovani-adulti-e-figli-adolescenti\\\/\",\"url\":\"https:\\\/\\\/www.bellunopress.it\\\/2022\\\/12\\\/12\\\/teatro-comunale-giovedi-giovani-h21-spettacoli-serali-per-giovani-adulti-e-figli-adolescenti\\\/\",\"name\":\"Teatro Comunale. Gioved\u00ec Giovani H21, spettacoli serali per giovani, adulti e figli adolescenti - Bellunopress - Dolomiti\",\"isPartOf\":{\"@id\":\"https:\\\/\\\/www.bellunopress.it\\\/#website\"},\"primaryImageOfPage\":{\"@id\":\"https:\\\/\\\/www.bellunopress.it\\\/2022\\\/12\\\/12\\\/teatro-comunale-giovedi-giovani-h21-spettacoli-serali-per-giovani-adulti-e-figli-adolescenti\\\/#primaryimage\"},\"image\":{\"@id\":\"https:\\\/\\\/www.bellunopress.it\\\/2022\\\/12\\\/12\\\/teatro-comunale-giovedi-giovani-h21-spettacoli-serali-per-giovani-adulti-e-figli-adolescenti\\\/#primaryimage\"},\"thumbnailUrl\":\"https:\\\/\\\/www.bellunopress.it\\\/wp-content\\\/uploads\\\/2021\\\/05\\\/teatro-comunale_edited.jpg\",\"datePublished\":\"2022-12-12T19:10:21+00:00\",\"breadcrumb\":{\"@id\":\"https:\\\/\\\/www.bellunopress.it\\\/2022\\\/12\\\/12\\\/teatro-comunale-giovedi-giovani-h21-spettacoli-serali-per-giovani-adulti-e-figli-adolescenti\\\/#breadcrumb\"},\"inLanguage\":\"fr-FR\",\"potentialAction\":[{\"@type\":\"ReadAction\",\"target\":[\"https:\\\/\\\/www.bellunopress.it\\\/2022\\\/12\\\/12\\\/teatro-comunale-giovedi-giovani-h21-spettacoli-serali-per-giovani-adulti-e-figli-adolescenti\\\/\"]}]},{\"@type\":\"ImageObject\",\"inLanguage\":\"fr-FR\",\"@id\":\"https:\\\/\\\/www.bellunopress.it\\\/2022\\\/12\\\/12\\\/teatro-comunale-giovedi-giovani-h21-spettacoli-serali-per-giovani-adulti-e-figli-adolescenti\\\/#primaryimage\",\"url\":\"https:\\\/\\\/www.bellunopress.it\\\/wp-content\\\/uploads\\\/2021\\\/05\\\/teatro-comunale_edited.jpg\",\"contentUrl\":\"https:\\\/\\\/www.bellunopress.it\\\/wp-content\\\/uploads\\\/2021\\\/05\\\/teatro-comunale_edited.jpg\",\"width\":1000,\"height\":743,\"caption\":\"Teatro Comunale di Belluno\"},{\"@type\":\"BreadcrumbList\",\"@id\":\"https:\\\/\\\/www.bellunopress.it\\\/2022\\\/12\\\/12\\\/teatro-comunale-giovedi-giovani-h21-spettacoli-serali-per-giovani-adulti-e-figli-adolescenti\\\/#breadcrumb\",\"itemListElement\":[{\"@type\":\"ListItem\",\"position\":1,\"name\":\"Home\",\"item\":\"https:\\\/\\\/www.bellunopress.it\\\/\"},{\"@type\":\"ListItem\",\"position\":2,\"name\":\"Teatro Comunale. Gioved\u00ec Giovani H21, spettacoli serali per giovani, adulti e figli adolescenti\"}]},{\"@type\":\"WebSite\",\"@id\":\"https:\\\/\\\/www.bellunopress.it\\\/#website\",\"url\":\"https:\\\/\\\/www.bellunopress.it\\\/\",\"name\":\"Bellunopress - Dolomiti\",\"description\":\"e-mail: redazione@bellunopress.it\",\"publisher\":{\"@id\":\"https:\\\/\\\/www.bellunopress.it\\\/#organization\"},\"potentialAction\":[{\"@type\":\"SearchAction\",\"target\":{\"@type\":\"EntryPoint\",\"urlTemplate\":\"https:\\\/\\\/www.bellunopress.it\\\/?s={search_term_string}\"},\"query-input\":{\"@type\":\"PropertyValueSpecification\",\"valueRequired\":true,\"valueName\":\"search_term_string\"}}],\"inLanguage\":\"fr-FR\"},{\"@type\":\"Organization\",\"@id\":\"https:\\\/\\\/www.bellunopress.it\\\/#organization\",\"name\":\"Bellunopress\",\"url\":\"https:\\\/\\\/www.bellunopress.it\\\/\",\"logo\":{\"@type\":\"ImageObject\",\"inLanguage\":\"fr-FR\",\"@id\":\"https:\\\/\\\/www.bellunopress.it\\\/#\\\/schema\\\/logo\\\/image\\\/\",\"url\":\"https:\\\/\\\/www.bellunopress.it\\\/wp-content\\\/uploads\\\/2011\\\/05\\\/cropped-logo-bellunopress-.jpg\",\"contentUrl\":\"https:\\\/\\\/www.bellunopress.it\\\/wp-content\\\/uploads\\\/2011\\\/05\\\/cropped-logo-bellunopress-.jpg\",\"width\":512,\"height\":512,\"caption\":\"Bellunopress\"},\"image\":{\"@id\":\"https:\\\/\\\/www.bellunopress.it\\\/#\\\/schema\\\/logo\\\/image\\\/\"},\"sameAs\":[\"https:\\\/\\\/www.facebook.com\\\/profile.php?id=100008943462799\",\"https:\\\/\\\/x.com\\\/bellunopress\",\"https:\\\/\\\/www.linkedin.com\\\/hp\\\/?dnr=JBzUWaJfMUw8vbXJJ2tVW5-I3jZKvC4wsoxE&amp;amp;amp;amp;amp;amp;trk=nav_responsive_tab_home\",\"https:\\\/\\\/www.youtube.com\\\/channel\\\/UCxL0wu1uN0_3_7hGG0306cw\"]},{\"@type\":\"Person\",\"@id\":\"https:\\\/\\\/www.bellunopress.it\\\/#\\\/schema\\\/person\\\/79bb06722b37ece1c03d3e94beb30d73\",\"name\":\"redazione\",\"image\":{\"@type\":\"ImageObject\",\"inLanguage\":\"fr-FR\",\"@id\":\"https:\\\/\\\/secure.gravatar.com\\\/avatar\\\/37d968a2e67a6fd04c169c4bdef102d0bc5d31b2546345219e348575eb80e9a0?s=96&d=mm&r=g\",\"url\":\"https:\\\/\\\/secure.gravatar.com\\\/avatar\\\/37d968a2e67a6fd04c169c4bdef102d0bc5d31b2546345219e348575eb80e9a0?s=96&d=mm&r=g\",\"contentUrl\":\"https:\\\/\\\/secure.gravatar.com\\\/avatar\\\/37d968a2e67a6fd04c169c4bdef102d0bc5d31b2546345219e348575eb80e9a0?s=96&d=mm&r=g\",\"caption\":\"redazione\"},\"sameAs\":[\"http:\\\/\\\/www.bellunopress.it\",\"https:\\\/\\\/x.com\\\/bellunopress\"],\"url\":\"https:\\\/\\\/www.bellunopress.it\\\/fr\\\/author\\\/redazione\\\/\"}]}<\/script>\n<!-- \/ Yoast SEO plugin. -->","yoast_head_json":{"title":"Teatro Comunale. Gioved\u00ec Giovani H21, spettacoli serali per giovani, adulti e figli adolescenti - Bellunopress - Dolomiti","robots":{"index":"index","follow":"follow","max-snippet":"max-snippet:-1","max-image-preview":"max-image-preview:large","max-video-preview":"max-video-preview:-1"},"canonical":"https:\/\/www.bellunopress.it\/fr\/2022\/12\/12\/teatro-comunale-giovedi-giovani-h21-spettacoli-serali-per-giovani-adulti-e-figli-adolescenti\/","og_locale":"fr_FR","og_type":"article","og_title":"Teatro Comunale. Gioved\u00ec Giovani H21, spettacoli serali per giovani, adulti e figli adolescenti - Bellunopress - Dolomiti","og_description":"Dopo il successo della serata di apertura, nella quale il pubblico in sala ha applaudito calorosamente gli interpreti dello spettacolo JANIS, l\u2019innovativa rassegna Gioved\u00ec Giovani h21 prosegue gioved\u00ec 15 dicembre, sempre alle ore 21:00 al Teatro Comunale di Belluno, con RICORDI?, uno spettacolo che con la leggerezza del linguaggio del teatro circo si sofferma sull\u2019importanza [&hellip;]","og_url":"https:\/\/www.bellunopress.it\/fr\/2022\/12\/12\/teatro-comunale-giovedi-giovani-h21-spettacoli-serali-per-giovani-adulti-e-figli-adolescenti\/","og_site_name":"Bellunopress - Dolomiti","article_publisher":"https:\/\/www.facebook.com\/profile.php?id=100008943462799","article_published_time":"2022-12-12T19:10:21+00:00","og_image":[{"width":1000,"height":743,"url":"https:\/\/www.bellunopress.it\/wp-content\/uploads\/2021\/05\/teatro-comunale_edited.jpg","type":"image\/jpeg"}],"author":"redazione","twitter_card":"summary_large_image","twitter_creator":"@bellunopress","twitter_site":"@bellunopress","twitter_misc":{"Written by":"redazione","Est. reading time":"3 minutes"},"schema":{"@context":"https:\/\/schema.org","@graph":[{"@type":"Article","@id":"https:\/\/www.bellunopress.it\/2022\/12\/12\/teatro-comunale-giovedi-giovani-h21-spettacoli-serali-per-giovani-adulti-e-figli-adolescenti\/#article","isPartOf":{"@id":"https:\/\/www.bellunopress.it\/2022\/12\/12\/teatro-comunale-giovedi-giovani-h21-spettacoli-serali-per-giovani-adulti-e-figli-adolescenti\/"},"author":{"name":"redazione","@id":"https:\/\/www.bellunopress.it\/#\/schema\/person\/79bb06722b37ece1c03d3e94beb30d73"},"headline":"Teatro Comunale. Gioved\u00ec Giovani H21, spettacoli serali per giovani, adulti e figli adolescenti","datePublished":"2022-12-12T19:10:21+00:00","mainEntityOfPage":{"@id":"https:\/\/www.bellunopress.it\/2022\/12\/12\/teatro-comunale-giovedi-giovani-h21-spettacoli-serali-per-giovani-adulti-e-figli-adolescenti\/"},"wordCount":437,"publisher":{"@id":"https:\/\/www.bellunopress.it\/#organization"},"image":{"@id":"https:\/\/www.bellunopress.it\/2022\/12\/12\/teatro-comunale-giovedi-giovani-h21-spettacoli-serali-per-giovani-adulti-e-figli-adolescenti\/#primaryimage"},"thumbnailUrl":"https:\/\/www.bellunopress.it\/wp-content\/uploads\/2021\/05\/teatro-comunale_edited.jpg","articleSection":["Appuntamenti, Eventi","Arte, Cultura, Spettacoli, Scienza","Pausa Caff\u00e8"],"inLanguage":"fr-FR"},{"@type":"WebPage","@id":"https:\/\/www.bellunopress.it\/2022\/12\/12\/teatro-comunale-giovedi-giovani-h21-spettacoli-serali-per-giovani-adulti-e-figli-adolescenti\/","url":"https:\/\/www.bellunopress.it\/2022\/12\/12\/teatro-comunale-giovedi-giovani-h21-spettacoli-serali-per-giovani-adulti-e-figli-adolescenti\/","name":"Teatro Comunale. Gioved\u00ec Giovani H21, spettacoli serali per giovani, adulti e figli adolescenti - Bellunopress - Dolomiti","isPartOf":{"@id":"https:\/\/www.bellunopress.it\/#website"},"primaryImageOfPage":{"@id":"https:\/\/www.bellunopress.it\/2022\/12\/12\/teatro-comunale-giovedi-giovani-h21-spettacoli-serali-per-giovani-adulti-e-figli-adolescenti\/#primaryimage"},"image":{"@id":"https:\/\/www.bellunopress.it\/2022\/12\/12\/teatro-comunale-giovedi-giovani-h21-spettacoli-serali-per-giovani-adulti-e-figli-adolescenti\/#primaryimage"},"thumbnailUrl":"https:\/\/www.bellunopress.it\/wp-content\/uploads\/2021\/05\/teatro-comunale_edited.jpg","datePublished":"2022-12-12T19:10:21+00:00","breadcrumb":{"@id":"https:\/\/www.bellunopress.it\/2022\/12\/12\/teatro-comunale-giovedi-giovani-h21-spettacoli-serali-per-giovani-adulti-e-figli-adolescenti\/#breadcrumb"},"inLanguage":"fr-FR","potentialAction":[{"@type":"ReadAction","target":["https:\/\/www.bellunopress.it\/2022\/12\/12\/teatro-comunale-giovedi-giovani-h21-spettacoli-serali-per-giovani-adulti-e-figli-adolescenti\/"]}]},{"@type":"ImageObject","inLanguage":"fr-FR","@id":"https:\/\/www.bellunopress.it\/2022\/12\/12\/teatro-comunale-giovedi-giovani-h21-spettacoli-serali-per-giovani-adulti-e-figli-adolescenti\/#primaryimage","url":"https:\/\/www.bellunopress.it\/wp-content\/uploads\/2021\/05\/teatro-comunale_edited.jpg","contentUrl":"https:\/\/www.bellunopress.it\/wp-content\/uploads\/2021\/05\/teatro-comunale_edited.jpg","width":1000,"height":743,"caption":"Teatro Comunale di Belluno"},{"@type":"BreadcrumbList","@id":"https:\/\/www.bellunopress.it\/2022\/12\/12\/teatro-comunale-giovedi-giovani-h21-spettacoli-serali-per-giovani-adulti-e-figli-adolescenti\/#breadcrumb","itemListElement":[{"@type":"ListItem","position":1,"name":"Home","item":"https:\/\/www.bellunopress.it\/"},{"@type":"ListItem","position":2,"name":"Teatro Comunale. Gioved\u00ec Giovani H21, spettacoli serali per giovani, adulti e figli adolescenti"}]},{"@type":"WebSite","@id":"https:\/\/www.bellunopress.it\/#website","url":"https:\/\/www.bellunopress.it\/","name":"Bellunopress - Dolomiti","description":"e-mail: redazione@bellunopress.it","publisher":{"@id":"https:\/\/www.bellunopress.it\/#organization"},"potentialAction":[{"@type":"SearchAction","target":{"@type":"EntryPoint","urlTemplate":"https:\/\/www.bellunopress.it\/?s={search_term_string}"},"query-input":{"@type":"PropertyValueSpecification","valueRequired":true,"valueName":"search_term_string"}}],"inLanguage":"fr-FR"},{"@type":"Organization","@id":"https:\/\/www.bellunopress.it\/#organization","name":"Bellunopress","url":"https:\/\/www.bellunopress.it\/","logo":{"@type":"ImageObject","inLanguage":"fr-FR","@id":"https:\/\/www.bellunopress.it\/#\/schema\/logo\/image\/","url":"https:\/\/www.bellunopress.it\/wp-content\/uploads\/2011\/05\/cropped-logo-bellunopress-.jpg","contentUrl":"https:\/\/www.bellunopress.it\/wp-content\/uploads\/2011\/05\/cropped-logo-bellunopress-.jpg","width":512,"height":512,"caption":"Bellunopress"},"image":{"@id":"https:\/\/www.bellunopress.it\/#\/schema\/logo\/image\/"},"sameAs":["https:\/\/www.facebook.com\/profile.php?id=100008943462799","https:\/\/x.com\/bellunopress","https:\/\/www.linkedin.com\/hp\/?dnr=JBzUWaJfMUw8vbXJJ2tVW5-I3jZKvC4wsoxE&amp;amp;amp;amp;amp;amp;trk=nav_responsive_tab_home","https:\/\/www.youtube.com\/channel\/UCxL0wu1uN0_3_7hGG0306cw"]},{"@type":"Person","@id":"https:\/\/www.bellunopress.it\/#\/schema\/person\/79bb06722b37ece1c03d3e94beb30d73","name":"r\u00e9daction","image":{"@type":"ImageObject","inLanguage":"fr-FR","@id":"https:\/\/secure.gravatar.com\/avatar\/37d968a2e67a6fd04c169c4bdef102d0bc5d31b2546345219e348575eb80e9a0?s=96&d=mm&r=g","url":"https:\/\/secure.gravatar.com\/avatar\/37d968a2e67a6fd04c169c4bdef102d0bc5d31b2546345219e348575eb80e9a0?s=96&d=mm&r=g","contentUrl":"https:\/\/secure.gravatar.com\/avatar\/37d968a2e67a6fd04c169c4bdef102d0bc5d31b2546345219e348575eb80e9a0?s=96&d=mm&r=g","caption":"redazione"},"sameAs":["http:\/\/www.bellunopress.it","https:\/\/x.com\/bellunopress"],"url":"https:\/\/www.bellunopress.it\/fr\/author\/redazione\/"}]}},"_links":{"self":[{"href":"https:\/\/www.bellunopress.it\/fr\/wp-json\/wp\/v2\/posts\/138310","targetHints":{"allow":["GET"]}}],"collection":[{"href":"https:\/\/www.bellunopress.it\/fr\/wp-json\/wp\/v2\/posts"}],"about":[{"href":"https:\/\/www.bellunopress.it\/fr\/wp-json\/wp\/v2\/types\/post"}],"author":[{"embeddable":true,"href":"https:\/\/www.bellunopress.it\/fr\/wp-json\/wp\/v2\/users\/2"}],"replies":[{"embeddable":true,"href":"https:\/\/www.bellunopress.it\/fr\/wp-json\/wp\/v2\/comments?post=138310"}],"version-history":[{"count":1,"href":"https:\/\/www.bellunopress.it\/fr\/wp-json\/wp\/v2\/posts\/138310\/revisions"}],"predecessor-version":[{"id":138311,"href":"https:\/\/www.bellunopress.it\/fr\/wp-json\/wp\/v2\/posts\/138310\/revisions\/138311"}],"wp:featuredmedia":[{"embeddable":true,"href":"https:\/\/www.bellunopress.it\/fr\/wp-json\/wp\/v2\/media\/124507"}],"wp:attachment":[{"href":"https:\/\/www.bellunopress.it\/fr\/wp-json\/wp\/v2\/media?parent=138310"}],"wp:term":[{"taxonomy":"category","embeddable":true,"href":"https:\/\/www.bellunopress.it\/fr\/wp-json\/wp\/v2\/categories?post=138310"},{"taxonomy":"post_tag","embeddable":true,"href":"https:\/\/www.bellunopress.it\/fr\/wp-json\/wp\/v2\/tags?post=138310"}],"curies":[{"name":"wp","href":"https:\/\/api.w.org\/{rel}","templated":true}]}}