{"id":138306,"date":"2022-12-12T14:46:13","date_gmt":"2022-12-12T13:46:13","guid":{"rendered":"https:\/\/www.bellunopress.it\/?p=138306"},"modified":"2022-12-12T14:46:13","modified_gmt":"2022-12-12T13:46:13","slug":"verso-milano-cortina-2026-turismo-e-inclusivita-uno-workshop-per-capire-a-che-punto-siamo","status":"publish","type":"post","link":"https:\/\/www.bellunopress.it\/fr\/2022\/12\/12\/verso-milano-cortina-2026-turismo-e-inclusivita-uno-workshop-per-capire-a-che-punto-siamo\/","title":{"rendered":"Verso Milano Cortina 2026: turismo e inclusivit\u00e0. Uno Workshop per capire a che punto siamo"},"content":{"rendered":"<p><img loading=\"lazy\" decoding=\"async\" class=\"alignleft size-full wp-image-118680\" src=\"https:\/\/www.bellunopress.it\/wp-content\/uploads\/2020\/10\/Milano-Cortina-2026_edited.jpg\" alt=\"\" width=\"800\" height=\"534\" srcset=\"https:\/\/www.bellunopress.it\/wp-content\/uploads\/2020\/10\/Milano-Cortina-2026_edited.jpg 800w, https:\/\/www.bellunopress.it\/wp-content\/uploads\/2020\/10\/Milano-Cortina-2026_edited-500x334.jpg 500w, https:\/\/www.bellunopress.it\/wp-content\/uploads\/2020\/10\/Milano-Cortina-2026_edited-696x465.jpg 696w, https:\/\/www.bellunopress.it\/wp-content\/uploads\/2020\/10\/Milano-Cortina-2026_edited-629x420.jpg 629w\" sizes=\"auto, (max-width: 800px) 100vw, 800px\" \/>Promosso da Comune di Cortina, Associazione Albergatori di Cortina e Comitato Paralimpico, l&#8217;evento si svolger\u00e0 il prossimo 16 dicembre presso l&#8217;Alexander Hall di Cortina. Allo studio problemi e soluzioni per rendere la citt\u00e0 pi\u00f9 inclusiva in vista dell&#8217;appuntamento olimpico e paralimpico del 2026.<\/p>\n<p>Turismo e inclusivit\u00e0, prospettive e soluzioni. Se ne parler\u00e0 venerd\u00ec 16 dicembre nel corso del workshop &#8220;Inclusivit\u00e0 Turistica \u2013 misure e strumenti in vista di Milano Cortina 2026&#8221;, in programma presso l&#8217;Alexander Hall di Cortina d&#8217;Ampezzo a partire dalle ore 15. L&#8217;evento, promosso da Comune di Cortina, Associazione Albergatori di Cortina e Comitato Italiano Paralimpico, offrir\u00e0 agli operatori del settore la possibilit\u00e0 di confrontarsi con le istituzioni su una tematica strategica e assolutamente attuale in vista dell&#8217;importantissimo appuntamento Olimpico e Paralimpico del 2026 che vedr\u00e0 la &#8220;Perla delle Dolomiti&#8221; sotto i riflettori del mondo.<\/p>\n<p>Commenta Stefano Pirro, Presidente dell&#8217;Associazione Albergatori di Cortina: \u00abAl momento l&#8217;unica certezza \u00e8 che Cortina ospiter\u00e0 le Paralimpiadi invernali 2026 e noi \u00e8 da questa certezza che dobbiamo iniziare a ragionare. Il nostro territorio pu\u00f2 finalmente diventare un punto di riferimento virtuoso per la Regione e per l&#8217;interno Paese. Proprio per questo dobbiamo dimostrarci all&#8217;altezza del compito che ci viene richiesto. Il senso del convegno sta proprio nella volont\u00e0 di rintracciare linee d&#8217;azione e strategie comuni affinch\u00e9 le istituzioni non sottovalutino le esigenze della manifestazione cui andiamo orgogliosamente incontro, ma ci aiutino a farvi fronte nella maniera pi\u00f9 completa e concreta possibile\u00bb.<br \/>\nDopo i saluti istituzionali affidati al sindaco di Cortina Gianluca Lorenzi, al Primo Cittadino di Belluno, Oscar De Pellegrin, e all&#8217;Assessore alla Sanit\u00e0 e ai Servizi Sociali della Regione Veneto, Manuela Lanzarin, si entrer\u00e0 nel vivo della discussione con le relazioni tecniche di Luigi Leporiere (CERPA) e Armando De Salvatore, Accessibility Consultant della Fondazione Milano Cortina 2026. Un dialogo animato dalla comune spinta culturale e che si auspica fruttuoso ai fini della ricerca di soluzioni pratiche per adeguare la localit\u00e0 agli attuali standard di accessibilit\u00e0, nell&#8217;ottica di far s\u00ec che l&#8217;inclusivit\u00e0 non rappresenti soltanto l&#8217;espletamento di un obbligo di legge, ma identifichi anche e soprattutto la maturit\u00e0 sociale del territorio e la cartina di tornasole del benessere che esso \u00e8 in grado di offrire alla sua utenza.<\/p>\n<p>Verr\u00e0 quindi analizzata l&#8217;imperdibile occasione di riscatto e crescita concessa dai Giochi Invernali. All&#8217;evento sar\u00e0 presente la Games Project Director della Fondazione Milano Cortina 2026 Diana Bianchedi che illustrer\u00e0 il progetto &#8220;Adaptive Winter Sport&#8221;, finalizzato a promuovere corsi di formazione rivolti a istruttori, allenatori e maestri di sci, campus sportivi invernali per avvicinare i giovani con disabilit\u00e0 e le loro famiglie agli sport Paralimpici e la creazione di nuove professionalit\u00e0 specializzate nell&#8217;accoglienza e nel turismo sportivo accessibile.<\/p>\n<p>Inclusivit\u00e0 come opportunit\u00e0 di sviluppo, a partire dalle infrastrutture, dall&#8217;abbattimento delle barriere architettoniche e dallo studio di migliorie atte a rendere il territorio Bellunese un gioiello a misura di tutti. A interfacciarsi con gli enti promotori saranno, tra gli altri, il Presidente del CIP Veneto Ruggero Vilnai, il Presidente della Fondazione Cortina 2026 Stefano Longo e l&#8217;atleta Paralimpico Andrea Macr\u00ec (Para ice hockey), che porter\u00e0 la propria testimonianza.<\/p>\n<p>Spiega Ruggero Vilnai, Presidente del Comitato Paralimpico Veneto: \u00abQuesto convegno, cos\u00ec come le Olimpiadi e le Paralimpiadi, rappresenta un treno imperdibile per Cortina e per tutto il territorio Bellunese. Lo abbiamo fortemente voluto perch\u00e9 tra meno di quattro anni gli occhi del mondo saranno puntati su di noi e non possiamo permetterci di arrivare impreparati. Il Grande Evento richiamer\u00e0 qui tantissime persone, molte delle quali con disabilit\u00e0. Nel tempo che ci rimane, che non \u00e8 molto, abbiamo il dovere di trasformare Cortina in una citt\u00e0 completamente accessibile, partendo dalle strutture ricettive e alberghiere fino ad arrivare ai sentieri e ai percorsi turistici. Il workshop vuole essere proprio un tavolo di confronto dove mettere nero su bianco le attuali carenze e le rispettive necessit\u00e0 e studiare con gli organi istituzionali e l&#8217;organizzazione di Milano Cortina delle soluzioni che consentano di velocizzare gli interventi\u00bb.<\/p>\n<p>La conclusione dei lavori sar\u00e0 affidata a Roberta Alver\u00e0, Vice sindaco di Cortina e Assessore al Turismo, e al gi\u00e0 citato Stefano Pirro, che ragioneranno con Mauro Viti, dirigente per il turismo della Regione Veneto, allo scopo di individuare gli strumenti finanziari di sostegno disponibili e quelli gi\u00e0 eventualmente previsti e\/o stanziati.<br \/>\nConclude Roberta Alver\u00e0: \u00abNel cammino che ci porter\u00e0 al 2026, anno in cui Cortina ospiter\u00e0, oltre ai Giochi Olimpici, anche le Paralimpiadi, \u00e8 doveroso da parte dell&#8217;Amministrazione Comunale essere motore, stimolo e supporto al processo di adeguamento e innovazione che la Conca ampezzana, non solamente come meta turistica, dovr\u00e0 necessariamente intraprendere in un&#8217;ottica di inclusivit\u00e0 e accessibilit\u00e0. Questo \u00e8 dunque il momento di attuare le progettualit\u00e0 e di passare dalle parole ai fatti. Solo cos\u00ec saremo in grado di garantire un&#8217;accoglienza e un&#8217;ospitalit\u00e0 al passo con i tempi, inclusiva e aperta ai cambiamenti\u00bb<\/p>\n<p>Iscrizioni su Eventbrite\u2192Inclusivit\u00e0 Turistica<\/p>","protected":false},"excerpt":{"rendered":"<p>Promosso da Comune di Cortina, Associazione Albergatori di Cortina e Comitato Paralimpico, l&#8217;evento si svolger\u00e0 il prossimo 16 dicembre presso l&#8217;Alexander Hall di Cortina. Allo studio problemi e soluzioni per rendere la citt\u00e0 pi\u00f9 inclusiva in vista dell&#8217;appuntamento olimpico e paralimpico del 2026. Turismo e inclusivit\u00e0, prospettive e soluzioni. Se ne parler\u00e0 venerd\u00ec 16 dicembre [&hellip;]<\/p>\n","protected":false},"author":2,"featured_media":118680,"comment_status":"closed","ping_status":"open","sticky":false,"template":"","format":"standard","meta":{"footnotes":""},"categories":[36],"tags":[],"class_list":["post-138306","post","type-post","status-publish","format-standard","has-post-thumbnail","category-lavoro-economia"],"yoast_head":"<!-- This site is optimized with the Yoast SEO plugin v28.4 - https:\/\/yoast.com\/product\/yoast-seo-wordpress\/ -->\n<title>Verso Milano Cortina 2026: turismo e inclusivit\u00e0. Uno Workshop per capire a che punto siamo - Bellunopress - Dolomiti<\/title>\n<meta name=\"robots\" content=\"index, follow, max-snippet:-1, max-image-preview:large, max-video-preview:-1\" \/>\n<link rel=\"canonical\" href=\"https:\/\/www.bellunopress.it\/fr\/2022\/12\/12\/verso-milano-cortina-2026-turismo-e-inclusivita-uno-workshop-per-capire-a-che-punto-siamo\/\" \/>\n<meta property=\"og:locale\" content=\"fr_FR\" \/>\n<meta property=\"og:type\" content=\"article\" \/>\n<meta property=\"og:title\" content=\"Verso Milano Cortina 2026: turismo e inclusivit\u00e0. Uno Workshop per capire a che punto siamo - Bellunopress - Dolomiti\" \/>\n<meta property=\"og:description\" content=\"Promosso da Comune di Cortina, Associazione Albergatori di Cortina e Comitato Paralimpico, l&#8217;evento si svolger\u00e0 il prossimo 16 dicembre presso l&#8217;Alexander Hall di Cortina. Allo studio problemi e soluzioni per rendere la citt\u00e0 pi\u00f9 inclusiva in vista dell&#8217;appuntamento olimpico e paralimpico del 2026. Turismo e inclusivit\u00e0, prospettive e soluzioni. Se ne parler\u00e0 venerd\u00ec 16 dicembre [&hellip;]\" \/>\n<meta property=\"og:url\" content=\"https:\/\/www.bellunopress.it\/fr\/2022\/12\/12\/verso-milano-cortina-2026-turismo-e-inclusivita-uno-workshop-per-capire-a-che-punto-siamo\/\" \/>\n<meta property=\"og:site_name\" content=\"Bellunopress - Dolomiti\" \/>\n<meta property=\"article:publisher\" content=\"https:\/\/www.facebook.com\/profile.php?id=100008943462799\" \/>\n<meta property=\"article:published_time\" content=\"2022-12-12T13:46:13+00:00\" \/>\n<meta property=\"og:image\" content=\"https:\/\/www.bellunopress.it\/wp-content\/uploads\/2020\/10\/Milano-Cortina-2026_edited.jpg\" \/>\n\t<meta property=\"og:image:width\" content=\"800\" \/>\n\t<meta property=\"og:image:height\" content=\"534\" \/>\n\t<meta property=\"og:image:type\" content=\"image\/jpeg\" \/>\n<meta name=\"author\" content=\"redazione\" \/>\n<meta name=\"twitter:card\" content=\"summary_large_image\" \/>\n<meta name=\"twitter:creator\" content=\"@bellunopress\" \/>\n<meta name=\"twitter:site\" content=\"@bellunopress\" \/>\n<meta name=\"twitter:label1\" content=\"\u00c9crit par\" \/>\n\t<meta name=\"twitter:data1\" content=\"redazione\" \/>\n\t<meta name=\"twitter:label2\" content=\"Dur\u00e9e de lecture estim\u00e9e\" \/>\n\t<meta name=\"twitter:data2\" content=\"5 minutes\" \/>\n<script type=\"application\/ld+json\" class=\"yoast-schema-graph\">{\"@context\":\"https:\\\/\\\/schema.org\",\"@graph\":[{\"@type\":\"Article\",\"@id\":\"https:\\\/\\\/www.bellunopress.it\\\/2022\\\/12\\\/12\\\/verso-milano-cortina-2026-turismo-e-inclusivita-uno-workshop-per-capire-a-che-punto-siamo\\\/#article\",\"isPartOf\":{\"@id\":\"https:\\\/\\\/www.bellunopress.it\\\/2022\\\/12\\\/12\\\/verso-milano-cortina-2026-turismo-e-inclusivita-uno-workshop-per-capire-a-che-punto-siamo\\\/\"},\"author\":{\"name\":\"redazione\",\"@id\":\"https:\\\/\\\/www.bellunopress.it\\\/#\\\/schema\\\/person\\\/79bb06722b37ece1c03d3e94beb30d73\"},\"headline\":\"Verso Milano Cortina 2026: turismo e inclusivit\u00e0. Uno Workshop per capire a che punto siamo\",\"datePublished\":\"2022-12-12T13:46:13+00:00\",\"mainEntityOfPage\":{\"@id\":\"https:\\\/\\\/www.bellunopress.it\\\/2022\\\/12\\\/12\\\/verso-milano-cortina-2026-turismo-e-inclusivita-uno-workshop-per-capire-a-che-punto-siamo\\\/\"},\"wordCount\":826,\"publisher\":{\"@id\":\"https:\\\/\\\/www.bellunopress.it\\\/#organization\"},\"image\":{\"@id\":\"https:\\\/\\\/www.bellunopress.it\\\/2022\\\/12\\\/12\\\/verso-milano-cortina-2026-turismo-e-inclusivita-uno-workshop-per-capire-a-che-punto-siamo\\\/#primaryimage\"},\"thumbnailUrl\":\"https:\\\/\\\/www.bellunopress.it\\\/wp-content\\\/uploads\\\/2020\\\/10\\\/Milano-Cortina-2026_edited.jpg\",\"articleSection\":[\"Lavoro, Economia, Turismo\"],\"inLanguage\":\"fr-FR\"},{\"@type\":\"WebPage\",\"@id\":\"https:\\\/\\\/www.bellunopress.it\\\/2022\\\/12\\\/12\\\/verso-milano-cortina-2026-turismo-e-inclusivita-uno-workshop-per-capire-a-che-punto-siamo\\\/\",\"url\":\"https:\\\/\\\/www.bellunopress.it\\\/2022\\\/12\\\/12\\\/verso-milano-cortina-2026-turismo-e-inclusivita-uno-workshop-per-capire-a-che-punto-siamo\\\/\",\"name\":\"Verso Milano Cortina 2026: turismo e inclusivit\u00e0. Uno Workshop per capire a che punto siamo - Bellunopress - Dolomiti\",\"isPartOf\":{\"@id\":\"https:\\\/\\\/www.bellunopress.it\\\/#website\"},\"primaryImageOfPage\":{\"@id\":\"https:\\\/\\\/www.bellunopress.it\\\/2022\\\/12\\\/12\\\/verso-milano-cortina-2026-turismo-e-inclusivita-uno-workshop-per-capire-a-che-punto-siamo\\\/#primaryimage\"},\"image\":{\"@id\":\"https:\\\/\\\/www.bellunopress.it\\\/2022\\\/12\\\/12\\\/verso-milano-cortina-2026-turismo-e-inclusivita-uno-workshop-per-capire-a-che-punto-siamo\\\/#primaryimage\"},\"thumbnailUrl\":\"https:\\\/\\\/www.bellunopress.it\\\/wp-content\\\/uploads\\\/2020\\\/10\\\/Milano-Cortina-2026_edited.jpg\",\"datePublished\":\"2022-12-12T13:46:13+00:00\",\"breadcrumb\":{\"@id\":\"https:\\\/\\\/www.bellunopress.it\\\/2022\\\/12\\\/12\\\/verso-milano-cortina-2026-turismo-e-inclusivita-uno-workshop-per-capire-a-che-punto-siamo\\\/#breadcrumb\"},\"inLanguage\":\"fr-FR\",\"potentialAction\":[{\"@type\":\"ReadAction\",\"target\":[\"https:\\\/\\\/www.bellunopress.it\\\/2022\\\/12\\\/12\\\/verso-milano-cortina-2026-turismo-e-inclusivita-uno-workshop-per-capire-a-che-punto-siamo\\\/\"]}]},{\"@type\":\"ImageObject\",\"inLanguage\":\"fr-FR\",\"@id\":\"https:\\\/\\\/www.bellunopress.it\\\/2022\\\/12\\\/12\\\/verso-milano-cortina-2026-turismo-e-inclusivita-uno-workshop-per-capire-a-che-punto-siamo\\\/#primaryimage\",\"url\":\"https:\\\/\\\/www.bellunopress.it\\\/wp-content\\\/uploads\\\/2020\\\/10\\\/Milano-Cortina-2026_edited.jpg\",\"contentUrl\":\"https:\\\/\\\/www.bellunopress.it\\\/wp-content\\\/uploads\\\/2020\\\/10\\\/Milano-Cortina-2026_edited.jpg\",\"width\":800,\"height\":534},{\"@type\":\"BreadcrumbList\",\"@id\":\"https:\\\/\\\/www.bellunopress.it\\\/2022\\\/12\\\/12\\\/verso-milano-cortina-2026-turismo-e-inclusivita-uno-workshop-per-capire-a-che-punto-siamo\\\/#breadcrumb\",\"itemListElement\":[{\"@type\":\"ListItem\",\"position\":1,\"name\":\"Home\",\"item\":\"https:\\\/\\\/www.bellunopress.it\\\/\"},{\"@type\":\"ListItem\",\"position\":2,\"name\":\"Verso Milano Cortina 2026: turismo e inclusivit\u00e0. Uno Workshop per capire a che punto siamo\"}]},{\"@type\":\"WebSite\",\"@id\":\"https:\\\/\\\/www.bellunopress.it\\\/#website\",\"url\":\"https:\\\/\\\/www.bellunopress.it\\\/\",\"name\":\"Bellunopress - Dolomiti\",\"description\":\"e-mail: redazione@bellunopress.it\",\"publisher\":{\"@id\":\"https:\\\/\\\/www.bellunopress.it\\\/#organization\"},\"potentialAction\":[{\"@type\":\"SearchAction\",\"target\":{\"@type\":\"EntryPoint\",\"urlTemplate\":\"https:\\\/\\\/www.bellunopress.it\\\/?s={search_term_string}\"},\"query-input\":{\"@type\":\"PropertyValueSpecification\",\"valueRequired\":true,\"valueName\":\"search_term_string\"}}],\"inLanguage\":\"fr-FR\"},{\"@type\":\"Organization\",\"@id\":\"https:\\\/\\\/www.bellunopress.it\\\/#organization\",\"name\":\"Bellunopress\",\"url\":\"https:\\\/\\\/www.bellunopress.it\\\/\",\"logo\":{\"@type\":\"ImageObject\",\"inLanguage\":\"fr-FR\",\"@id\":\"https:\\\/\\\/www.bellunopress.it\\\/#\\\/schema\\\/logo\\\/image\\\/\",\"url\":\"https:\\\/\\\/www.bellunopress.it\\\/wp-content\\\/uploads\\\/2011\\\/05\\\/cropped-logo-bellunopress-.jpg\",\"contentUrl\":\"https:\\\/\\\/www.bellunopress.it\\\/wp-content\\\/uploads\\\/2011\\\/05\\\/cropped-logo-bellunopress-.jpg\",\"width\":512,\"height\":512,\"caption\":\"Bellunopress\"},\"image\":{\"@id\":\"https:\\\/\\\/www.bellunopress.it\\\/#\\\/schema\\\/logo\\\/image\\\/\"},\"sameAs\":[\"https:\\\/\\\/www.facebook.com\\\/profile.php?id=100008943462799\",\"https:\\\/\\\/x.com\\\/bellunopress\",\"https:\\\/\\\/www.linkedin.com\\\/hp\\\/?dnr=JBzUWaJfMUw8vbXJJ2tVW5-I3jZKvC4wsoxE&amp;amp;amp;amp;amp;amp;trk=nav_responsive_tab_home\",\"https:\\\/\\\/www.youtube.com\\\/channel\\\/UCxL0wu1uN0_3_7hGG0306cw\"]},{\"@type\":\"Person\",\"@id\":\"https:\\\/\\\/www.bellunopress.it\\\/#\\\/schema\\\/person\\\/79bb06722b37ece1c03d3e94beb30d73\",\"name\":\"redazione\",\"image\":{\"@type\":\"ImageObject\",\"inLanguage\":\"fr-FR\",\"@id\":\"https:\\\/\\\/secure.gravatar.com\\\/avatar\\\/37d968a2e67a6fd04c169c4bdef102d0bc5d31b2546345219e348575eb80e9a0?s=96&d=mm&r=g\",\"url\":\"https:\\\/\\\/secure.gravatar.com\\\/avatar\\\/37d968a2e67a6fd04c169c4bdef102d0bc5d31b2546345219e348575eb80e9a0?s=96&d=mm&r=g\",\"contentUrl\":\"https:\\\/\\\/secure.gravatar.com\\\/avatar\\\/37d968a2e67a6fd04c169c4bdef102d0bc5d31b2546345219e348575eb80e9a0?s=96&d=mm&r=g\",\"caption\":\"redazione\"},\"sameAs\":[\"http:\\\/\\\/www.bellunopress.it\",\"https:\\\/\\\/x.com\\\/bellunopress\"],\"url\":\"https:\\\/\\\/www.bellunopress.it\\\/fr\\\/author\\\/redazione\\\/\"}]}<\/script>\n<!-- \/ Yoast SEO plugin. -->","yoast_head_json":{"title":"Verso Milano Cortina 2026: turismo e inclusivit\u00e0. Uno Workshop per capire a che punto siamo - Bellunopress - Dolomiti","robots":{"index":"index","follow":"follow","max-snippet":"max-snippet:-1","max-image-preview":"max-image-preview:large","max-video-preview":"max-video-preview:-1"},"canonical":"https:\/\/www.bellunopress.it\/fr\/2022\/12\/12\/verso-milano-cortina-2026-turismo-e-inclusivita-uno-workshop-per-capire-a-che-punto-siamo\/","og_locale":"fr_FR","og_type":"article","og_title":"Verso Milano Cortina 2026: turismo e inclusivit\u00e0. Uno Workshop per capire a che punto siamo - Bellunopress - Dolomiti","og_description":"Promosso da Comune di Cortina, Associazione Albergatori di Cortina e Comitato Paralimpico, l&#8217;evento si svolger\u00e0 il prossimo 16 dicembre presso l&#8217;Alexander Hall di Cortina. Allo studio problemi e soluzioni per rendere la citt\u00e0 pi\u00f9 inclusiva in vista dell&#8217;appuntamento olimpico e paralimpico del 2026. Turismo e inclusivit\u00e0, prospettive e soluzioni. Se ne parler\u00e0 venerd\u00ec 16 dicembre [&hellip;]","og_url":"https:\/\/www.bellunopress.it\/fr\/2022\/12\/12\/verso-milano-cortina-2026-turismo-e-inclusivita-uno-workshop-per-capire-a-che-punto-siamo\/","og_site_name":"Bellunopress - Dolomiti","article_publisher":"https:\/\/www.facebook.com\/profile.php?id=100008943462799","article_published_time":"2022-12-12T13:46:13+00:00","og_image":[{"width":800,"height":534,"url":"https:\/\/www.bellunopress.it\/wp-content\/uploads\/2020\/10\/Milano-Cortina-2026_edited.jpg","type":"image\/jpeg"}],"author":"redazione","twitter_card":"summary_large_image","twitter_creator":"@bellunopress","twitter_site":"@bellunopress","twitter_misc":{"\u00c9crit par":"redazione","Dur\u00e9e de lecture estim\u00e9e":"5 minutes"},"schema":{"@context":"https:\/\/schema.org","@graph":[{"@type":"Article","@id":"https:\/\/www.bellunopress.it\/2022\/12\/12\/verso-milano-cortina-2026-turismo-e-inclusivita-uno-workshop-per-capire-a-che-punto-siamo\/#article","isPartOf":{"@id":"https:\/\/www.bellunopress.it\/2022\/12\/12\/verso-milano-cortina-2026-turismo-e-inclusivita-uno-workshop-per-capire-a-che-punto-siamo\/"},"author":{"name":"redazione","@id":"https:\/\/www.bellunopress.it\/#\/schema\/person\/79bb06722b37ece1c03d3e94beb30d73"},"headline":"Verso Milano Cortina 2026: turismo e inclusivit\u00e0. Uno Workshop per capire a che punto siamo","datePublished":"2022-12-12T13:46:13+00:00","mainEntityOfPage":{"@id":"https:\/\/www.bellunopress.it\/2022\/12\/12\/verso-milano-cortina-2026-turismo-e-inclusivita-uno-workshop-per-capire-a-che-punto-siamo\/"},"wordCount":826,"publisher":{"@id":"https:\/\/www.bellunopress.it\/#organization"},"image":{"@id":"https:\/\/www.bellunopress.it\/2022\/12\/12\/verso-milano-cortina-2026-turismo-e-inclusivita-uno-workshop-per-capire-a-che-punto-siamo\/#primaryimage"},"thumbnailUrl":"https:\/\/www.bellunopress.it\/wp-content\/uploads\/2020\/10\/Milano-Cortina-2026_edited.jpg","articleSection":["Lavoro, Economia, Turismo"],"inLanguage":"fr-FR"},{"@type":"WebPage","@id":"https:\/\/www.bellunopress.it\/2022\/12\/12\/verso-milano-cortina-2026-turismo-e-inclusivita-uno-workshop-per-capire-a-che-punto-siamo\/","url":"https:\/\/www.bellunopress.it\/2022\/12\/12\/verso-milano-cortina-2026-turismo-e-inclusivita-uno-workshop-per-capire-a-che-punto-siamo\/","name":"Verso Milano Cortina 2026: turismo e inclusivit\u00e0. Uno Workshop per capire a che punto siamo - Bellunopress - Dolomiti","isPartOf":{"@id":"https:\/\/www.bellunopress.it\/#website"},"primaryImageOfPage":{"@id":"https:\/\/www.bellunopress.it\/2022\/12\/12\/verso-milano-cortina-2026-turismo-e-inclusivita-uno-workshop-per-capire-a-che-punto-siamo\/#primaryimage"},"image":{"@id":"https:\/\/www.bellunopress.it\/2022\/12\/12\/verso-milano-cortina-2026-turismo-e-inclusivita-uno-workshop-per-capire-a-che-punto-siamo\/#primaryimage"},"thumbnailUrl":"https:\/\/www.bellunopress.it\/wp-content\/uploads\/2020\/10\/Milano-Cortina-2026_edited.jpg","datePublished":"2022-12-12T13:46:13+00:00","breadcrumb":{"@id":"https:\/\/www.bellunopress.it\/2022\/12\/12\/verso-milano-cortina-2026-turismo-e-inclusivita-uno-workshop-per-capire-a-che-punto-siamo\/#breadcrumb"},"inLanguage":"fr-FR","potentialAction":[{"@type":"ReadAction","target":["https:\/\/www.bellunopress.it\/2022\/12\/12\/verso-milano-cortina-2026-turismo-e-inclusivita-uno-workshop-per-capire-a-che-punto-siamo\/"]}]},{"@type":"ImageObject","inLanguage":"fr-FR","@id":"https:\/\/www.bellunopress.it\/2022\/12\/12\/verso-milano-cortina-2026-turismo-e-inclusivita-uno-workshop-per-capire-a-che-punto-siamo\/#primaryimage","url":"https:\/\/www.bellunopress.it\/wp-content\/uploads\/2020\/10\/Milano-Cortina-2026_edited.jpg","contentUrl":"https:\/\/www.bellunopress.it\/wp-content\/uploads\/2020\/10\/Milano-Cortina-2026_edited.jpg","width":800,"height":534},{"@type":"BreadcrumbList","@id":"https:\/\/www.bellunopress.it\/2022\/12\/12\/verso-milano-cortina-2026-turismo-e-inclusivita-uno-workshop-per-capire-a-che-punto-siamo\/#breadcrumb","itemListElement":[{"@type":"ListItem","position":1,"name":"Home","item":"https:\/\/www.bellunopress.it\/"},{"@type":"ListItem","position":2,"name":"Verso Milano Cortina 2026: turismo e inclusivit\u00e0. Uno Workshop per capire a che punto siamo"}]},{"@type":"WebSite","@id":"https:\/\/www.bellunopress.it\/#website","url":"https:\/\/www.bellunopress.it\/","name":"Bellunopress - Dolomiti","description":"e-mail: redazione@bellunopress.it","publisher":{"@id":"https:\/\/www.bellunopress.it\/#organization"},"potentialAction":[{"@type":"SearchAction","target":{"@type":"EntryPoint","urlTemplate":"https:\/\/www.bellunopress.it\/?s={search_term_string}"},"query-input":{"@type":"PropertyValueSpecification","valueRequired":true,"valueName":"search_term_string"}}],"inLanguage":"fr-FR"},{"@type":"Organization","@id":"https:\/\/www.bellunopress.it\/#organization","name":"Bellunopress","url":"https:\/\/www.bellunopress.it\/","logo":{"@type":"ImageObject","inLanguage":"fr-FR","@id":"https:\/\/www.bellunopress.it\/#\/schema\/logo\/image\/","url":"https:\/\/www.bellunopress.it\/wp-content\/uploads\/2011\/05\/cropped-logo-bellunopress-.jpg","contentUrl":"https:\/\/www.bellunopress.it\/wp-content\/uploads\/2011\/05\/cropped-logo-bellunopress-.jpg","width":512,"height":512,"caption":"Bellunopress"},"image":{"@id":"https:\/\/www.bellunopress.it\/#\/schema\/logo\/image\/"},"sameAs":["https:\/\/www.facebook.com\/profile.php?id=100008943462799","https:\/\/x.com\/bellunopress","https:\/\/www.linkedin.com\/hp\/?dnr=JBzUWaJfMUw8vbXJJ2tVW5-I3jZKvC4wsoxE&amp;amp;amp;amp;amp;amp;trk=nav_responsive_tab_home","https:\/\/www.youtube.com\/channel\/UCxL0wu1uN0_3_7hGG0306cw"]},{"@type":"Person","@id":"https:\/\/www.bellunopress.it\/#\/schema\/person\/79bb06722b37ece1c03d3e94beb30d73","name":"r\u00e9daction","image":{"@type":"ImageObject","inLanguage":"fr-FR","@id":"https:\/\/secure.gravatar.com\/avatar\/37d968a2e67a6fd04c169c4bdef102d0bc5d31b2546345219e348575eb80e9a0?s=96&d=mm&r=g","url":"https:\/\/secure.gravatar.com\/avatar\/37d968a2e67a6fd04c169c4bdef102d0bc5d31b2546345219e348575eb80e9a0?s=96&d=mm&r=g","contentUrl":"https:\/\/secure.gravatar.com\/avatar\/37d968a2e67a6fd04c169c4bdef102d0bc5d31b2546345219e348575eb80e9a0?s=96&d=mm&r=g","caption":"redazione"},"sameAs":["http:\/\/www.bellunopress.it","https:\/\/x.com\/bellunopress"],"url":"https:\/\/www.bellunopress.it\/fr\/author\/redazione\/"}]}},"_links":{"self":[{"href":"https:\/\/www.bellunopress.it\/fr\/wp-json\/wp\/v2\/posts\/138306","targetHints":{"allow":["GET"]}}],"collection":[{"href":"https:\/\/www.bellunopress.it\/fr\/wp-json\/wp\/v2\/posts"}],"about":[{"href":"https:\/\/www.bellunopress.it\/fr\/wp-json\/wp\/v2\/types\/post"}],"author":[{"embeddable":true,"href":"https:\/\/www.bellunopress.it\/fr\/wp-json\/wp\/v2\/users\/2"}],"replies":[{"embeddable":true,"href":"https:\/\/www.bellunopress.it\/fr\/wp-json\/wp\/v2\/comments?post=138306"}],"version-history":[{"count":1,"href":"https:\/\/www.bellunopress.it\/fr\/wp-json\/wp\/v2\/posts\/138306\/revisions"}],"predecessor-version":[{"id":138307,"href":"https:\/\/www.bellunopress.it\/fr\/wp-json\/wp\/v2\/posts\/138306\/revisions\/138307"}],"wp:featuredmedia":[{"embeddable":true,"href":"https:\/\/www.bellunopress.it\/fr\/wp-json\/wp\/v2\/media\/118680"}],"wp:attachment":[{"href":"https:\/\/www.bellunopress.it\/fr\/wp-json\/wp\/v2\/media?parent=138306"}],"wp:term":[{"taxonomy":"category","embeddable":true,"href":"https:\/\/www.bellunopress.it\/fr\/wp-json\/wp\/v2\/categories?post=138306"},{"taxonomy":"post_tag","embeddable":true,"href":"https:\/\/www.bellunopress.it\/fr\/wp-json\/wp\/v2\/tags?post=138306"}],"curies":[{"name":"wp","href":"https:\/\/api.w.org\/{rel}","templated":true}]}}