{"id":138304,"date":"2022-12-12T14:38:53","date_gmt":"2022-12-12T13:38:53","guid":{"rendered":"https:\/\/www.bellunopress.it\/?p=138304"},"modified":"2022-12-12T14:38:53","modified_gmt":"2022-12-12T13:38:53","slug":"giornata-mondiale-della-montagna-berton-ai-parlamentari-approvare-subito-la-legge-quadro","status":"publish","type":"post","link":"https:\/\/www.bellunopress.it\/fr\/2022\/12\/12\/giornata-mondiale-della-montagna-berton-ai-parlamentari-approvare-subito-la-legge-quadro\/","title":{"rendered":"Giornata mondiale della montagna. Berton ai parlamentari: &#8220;Approvare subito la legge quadro&#8221;"},"content":{"rendered":"<figure id=\"attachment_113249\" aria-describedby=\"caption-attachment-113249\" style=\"width: 612px\" class=\"wp-caption alignleft\"><img loading=\"lazy\" decoding=\"async\" class=\"size-full wp-image-113249\" src=\"https:\/\/www.bellunopress.it\/wp-content\/uploads\/2020\/03\/Lorraine_Berton_edited.jpg\" alt=\"\" width=\"612\" height=\"673\" srcset=\"https:\/\/www.bellunopress.it\/wp-content\/uploads\/2020\/03\/Lorraine_Berton_edited.jpg 612w, https:\/\/www.bellunopress.it\/wp-content\/uploads\/2020\/03\/Lorraine_Berton_edited-455x500.jpg 455w, https:\/\/www.bellunopress.it\/wp-content\/uploads\/2020\/03\/Lorraine_Berton_edited-382x420.jpg 382w\" sizes=\"auto, (max-width: 612px) 100vw, 612px\" \/><figcaption id=\"caption-attachment-113249\" class=\"wp-caption-text\">Lorraine Berton<\/figcaption><\/figure>\n<p><strong><em>Oggi a Edolo (Brescia) la celebrazione organizzata dal Dipartimento per gli Affari regionaline nle autonomie Unimont<\/em><\/strong><\/p>\n<p>Belluno, 12 dicembre 2022 \u2013 &#8220;Subito dopo l&#8217;approvazione della legge di bilancio, il Parlamento deve riprendere in mano la legge quadro sulla montagna. \u00c8 una priorit\u00e0 per le terre alte dell&#8217;intero Paese alle prese con cambiamenti rapidi e profondi: non possiamo perdere altro tempo&#8221;.<\/p>\n<p>A dirlo \u00e8 Lorraine Berton, presidente di Confindustria Belluno Dolomiti, intervenendo a margine della celebrazione della Giornata Internazionale della Montagna organizzata oggi a Edolo (Brescia) dal Dipartimento per gli Affari regionali e le Autonomie della Presidenza del Consiglio dei Ministri con il supporto del polo Unimont dell&#8217;Universit\u00e0 degli studi di Milano.<\/p>\n<p>&#8220;Vivere e fare impresa nei nostri territori \u00e8 pi\u00f9 complicato che altrove. \u00c8 una considerazione che dovrebbe essere scontata ma sappiamo benissimo che non lo \u00e8, soprattutto per una politica spesso schiava della logica dei numeri&#8221;, la premessa di Berton, che ricorda l&#8217;esperienza fatta proprio con la stesura della bozza di legge quadro della montagna: &#8220;Forse per la prima volta siamo riusciti a mettere insieme tutte le forze vive della montagna, pubbliche e private, per arrivare a un testo condiviso fatto di misure concrete per arrestare o quanto meno limitare il calo demografico&#8221;.<\/p>\n<p>Berton ricorda che il disegno di legge era stato adottato dal precedente Esecutivo il 10 marzo scorso e poi trasmesso al Parlamento dove \u00e8 stato incardinato in Commissione bilancio alla Camera. &#8220;C&#8217;erano anche le coperture previste con legge finanziaria del 2021, 100 milioni per quest&#8217;anno, 200 per il 2023 e 2024&#8221;, sottolinea.<br \/>\n&#8220;\u00c8 un provvedimento che abbiamo voluto con forza e al quale abbiamo lavorato senza sosta anche nei mesi pi\u00f9 duri della pandemia. Questa Legge \u00e8 un nostro diritto e costituisce la base di ogni strategia futura per le Terre alte&#8221;, rimarca Berton. &#8220;Non \u00e8 ammesso fare tabula rasa di un lavoro cos\u00ec articolato, al quale aveva contribuito l&#8217;intera rete di Confindustria per la Montagna: sarebbe l&#8217;ennesimo schiaffo alle nostre terre&#8221;.<\/p>\n<p>Da qui l&#8217;appello: &#8220;Mi rivolgo al Ministro Calderoli e ai parlamentari di tutta la montagna italiana, di tutti i partiti, perch\u00e9 si facciano promotori di questo scatto d&#8217;orgoglio. Si porti il testo in aula, si facciano le modifiche ritenute utili, ma si approvi presto. I nostri territori non hanno bisogno di assistenzialismo ma di strumenti ad hoc per invertire il trend demografico e la fuga dei giovani&#8221;.<\/p>\n<p>Ma Berton chiede anche un altro segnale immediato alla politica al fine di arrestare l&#8217;inflazione record che proprio in montagna rischia di avere effetti deleteri pi\u00f9 che altrove: &#8220;Occorre riconoscere un &#8220;differenziale montano&#8221; per le maggiori spese energetiche che famiglie e imprese stanno sostenendo in questi mesi di caro-bolletta. Da noi l&#8217;inverno \u00e8 iniziato da mesi, non da settimane&#8221;.<\/p>\n<p>&#8220;Pi\u00f9 in generale&#8221;, conclude Berton, &#8220;abbiamo bisogno di strumenti, di avere le stesse condizioni di partenza di tutti gli altri territori. Le sfide che abbiamo davanti sono cos\u00ec tante che non possiamo pi\u00f9 perdere tempo. Le parole del Ministro Calderoli pronunciate oggi alla Giornata di Edolo sono positive, perch\u00e9 confermano l&#8217;intenzione del Governo di arrivare all&#8217;approvazione del testo di legge. Noi rinnoviamo la disponibilit\u00e0 a fornire il nostro contributo, soprattutto per valorizzare il sistema industriale che tiene in vita questi territori&#8221;.<\/p>","protected":false},"excerpt":{"rendered":"<p>Oggi a Edolo (Brescia) la celebrazione organizzata dal Dipartimento per gli Affari regionaline nle autonomie Unimont Belluno, 12 dicembre 2022 \u2013 &#8220;Subito dopo l&#8217;approvazione della legge di bilancio, il Parlamento deve riprendere in mano la legge quadro sulla montagna. \u00c8 una priorit\u00e0 per le terre alte dell&#8217;intero Paese alle prese con cambiamenti rapidi e profondi: [&hellip;]<\/p>\n","protected":false},"author":2,"featured_media":113249,"comment_status":"closed","ping_status":"open","sticky":false,"template":"","format":"standard","meta":{"footnotes":""},"categories":[36],"tags":[],"class_list":["post-138304","post","type-post","status-publish","format-standard","has-post-thumbnail","category-lavoro-economia"],"yoast_head":"<!-- This site is optimized with the Yoast SEO plugin v28.4 - https:\/\/yoast.com\/product\/yoast-seo-wordpress\/ -->\n<title>Giornata mondiale della montagna. Berton ai parlamentari: &quot;Approvare subito la legge quadro&quot; - Bellunopress - Dolomiti<\/title>\n<meta name=\"robots\" content=\"index, follow, max-snippet:-1, max-image-preview:large, max-video-preview:-1\" \/>\n<link rel=\"canonical\" href=\"https:\/\/www.bellunopress.it\/fr\/2022\/12\/12\/giornata-mondiale-della-montagna-berton-ai-parlamentari-approvare-subito-la-legge-quadro\/\" \/>\n<meta property=\"og:locale\" content=\"fr_FR\" \/>\n<meta property=\"og:type\" content=\"article\" \/>\n<meta property=\"og:title\" content=\"Giornata mondiale della montagna. Berton ai parlamentari: &quot;Approvare subito la legge quadro&quot; - Bellunopress - Dolomiti\" \/>\n<meta property=\"og:description\" content=\"Oggi a Edolo (Brescia) la celebrazione organizzata dal Dipartimento per gli Affari regionaline nle autonomie Unimont Belluno, 12 dicembre 2022 \u2013 &#8220;Subito dopo l&#8217;approvazione della legge di bilancio, il Parlamento deve riprendere in mano la legge quadro sulla montagna. \u00c8 una priorit\u00e0 per le terre alte dell&#8217;intero Paese alle prese con cambiamenti rapidi e profondi: [&hellip;]\" \/>\n<meta property=\"og:url\" content=\"https:\/\/www.bellunopress.it\/fr\/2022\/12\/12\/giornata-mondiale-della-montagna-berton-ai-parlamentari-approvare-subito-la-legge-quadro\/\" \/>\n<meta property=\"og:site_name\" content=\"Bellunopress - Dolomiti\" \/>\n<meta property=\"article:publisher\" content=\"https:\/\/www.facebook.com\/profile.php?id=100008943462799\" \/>\n<meta property=\"article:published_time\" content=\"2022-12-12T13:38:53+00:00\" \/>\n<meta property=\"og:image\" content=\"https:\/\/www.bellunopress.it\/wp-content\/uploads\/2020\/03\/Lorraine_Berton_edited.jpg\" \/>\n\t<meta property=\"og:image:width\" content=\"612\" \/>\n\t<meta property=\"og:image:height\" content=\"673\" \/>\n\t<meta property=\"og:image:type\" content=\"image\/jpeg\" \/>\n<meta name=\"author\" content=\"redazione\" \/>\n<meta name=\"twitter:card\" content=\"summary_large_image\" \/>\n<meta name=\"twitter:creator\" content=\"@bellunopress\" \/>\n<meta name=\"twitter:site\" content=\"@bellunopress\" \/>\n<meta name=\"twitter:label1\" content=\"\u00c9crit par\" \/>\n\t<meta name=\"twitter:data1\" content=\"redazione\" \/>\n\t<meta name=\"twitter:label2\" content=\"Dur\u00e9e de lecture estim\u00e9e\" \/>\n\t<meta name=\"twitter:data2\" content=\"4 minutes\" \/>\n<script type=\"application\/ld+json\" class=\"yoast-schema-graph\">{\"@context\":\"https:\\\/\\\/schema.org\",\"@graph\":[{\"@type\":\"Article\",\"@id\":\"https:\\\/\\\/www.bellunopress.it\\\/2022\\\/12\\\/12\\\/giornata-mondiale-della-montagna-berton-ai-parlamentari-approvare-subito-la-legge-quadro\\\/#article\",\"isPartOf\":{\"@id\":\"https:\\\/\\\/www.bellunopress.it\\\/2022\\\/12\\\/12\\\/giornata-mondiale-della-montagna-berton-ai-parlamentari-approvare-subito-la-legge-quadro\\\/\"},\"author\":{\"name\":\"redazione\",\"@id\":\"https:\\\/\\\/www.bellunopress.it\\\/#\\\/schema\\\/person\\\/79bb06722b37ece1c03d3e94beb30d73\"},\"headline\":\"Giornata mondiale della montagna. Berton ai parlamentari: &#8220;Approvare subito la legge quadro&#8221;\",\"datePublished\":\"2022-12-12T13:38:53+00:00\",\"mainEntityOfPage\":{\"@id\":\"https:\\\/\\\/www.bellunopress.it\\\/2022\\\/12\\\/12\\\/giornata-mondiale-della-montagna-berton-ai-parlamentari-approvare-subito-la-legge-quadro\\\/\"},\"wordCount\":549,\"publisher\":{\"@id\":\"https:\\\/\\\/www.bellunopress.it\\\/#organization\"},\"image\":{\"@id\":\"https:\\\/\\\/www.bellunopress.it\\\/2022\\\/12\\\/12\\\/giornata-mondiale-della-montagna-berton-ai-parlamentari-approvare-subito-la-legge-quadro\\\/#primaryimage\"},\"thumbnailUrl\":\"https:\\\/\\\/www.bellunopress.it\\\/wp-content\\\/uploads\\\/2020\\\/03\\\/Lorraine_Berton_edited.jpg\",\"articleSection\":[\"Lavoro, Economia, Turismo\"],\"inLanguage\":\"fr-FR\"},{\"@type\":\"WebPage\",\"@id\":\"https:\\\/\\\/www.bellunopress.it\\\/2022\\\/12\\\/12\\\/giornata-mondiale-della-montagna-berton-ai-parlamentari-approvare-subito-la-legge-quadro\\\/\",\"url\":\"https:\\\/\\\/www.bellunopress.it\\\/2022\\\/12\\\/12\\\/giornata-mondiale-della-montagna-berton-ai-parlamentari-approvare-subito-la-legge-quadro\\\/\",\"name\":\"Giornata mondiale della montagna. Berton ai parlamentari: \\\"Approvare subito la legge quadro\\\" - Bellunopress - Dolomiti\",\"isPartOf\":{\"@id\":\"https:\\\/\\\/www.bellunopress.it\\\/#website\"},\"primaryImageOfPage\":{\"@id\":\"https:\\\/\\\/www.bellunopress.it\\\/2022\\\/12\\\/12\\\/giornata-mondiale-della-montagna-berton-ai-parlamentari-approvare-subito-la-legge-quadro\\\/#primaryimage\"},\"image\":{\"@id\":\"https:\\\/\\\/www.bellunopress.it\\\/2022\\\/12\\\/12\\\/giornata-mondiale-della-montagna-berton-ai-parlamentari-approvare-subito-la-legge-quadro\\\/#primaryimage\"},\"thumbnailUrl\":\"https:\\\/\\\/www.bellunopress.it\\\/wp-content\\\/uploads\\\/2020\\\/03\\\/Lorraine_Berton_edited.jpg\",\"datePublished\":\"2022-12-12T13:38:53+00:00\",\"breadcrumb\":{\"@id\":\"https:\\\/\\\/www.bellunopress.it\\\/2022\\\/12\\\/12\\\/giornata-mondiale-della-montagna-berton-ai-parlamentari-approvare-subito-la-legge-quadro\\\/#breadcrumb\"},\"inLanguage\":\"fr-FR\",\"potentialAction\":[{\"@type\":\"ReadAction\",\"target\":[\"https:\\\/\\\/www.bellunopress.it\\\/2022\\\/12\\\/12\\\/giornata-mondiale-della-montagna-berton-ai-parlamentari-approvare-subito-la-legge-quadro\\\/\"]}]},{\"@type\":\"ImageObject\",\"inLanguage\":\"fr-FR\",\"@id\":\"https:\\\/\\\/www.bellunopress.it\\\/2022\\\/12\\\/12\\\/giornata-mondiale-della-montagna-berton-ai-parlamentari-approvare-subito-la-legge-quadro\\\/#primaryimage\",\"url\":\"https:\\\/\\\/www.bellunopress.it\\\/wp-content\\\/uploads\\\/2020\\\/03\\\/Lorraine_Berton_edited.jpg\",\"contentUrl\":\"https:\\\/\\\/www.bellunopress.it\\\/wp-content\\\/uploads\\\/2020\\\/03\\\/Lorraine_Berton_edited.jpg\",\"width\":612,\"height\":673,\"caption\":\"Lorraine Berton - Presidente di MIDO, ANFAO e Confindustria Belluno Dolomiti\"},{\"@type\":\"BreadcrumbList\",\"@id\":\"https:\\\/\\\/www.bellunopress.it\\\/2022\\\/12\\\/12\\\/giornata-mondiale-della-montagna-berton-ai-parlamentari-approvare-subito-la-legge-quadro\\\/#breadcrumb\",\"itemListElement\":[{\"@type\":\"ListItem\",\"position\":1,\"name\":\"Home\",\"item\":\"https:\\\/\\\/www.bellunopress.it\\\/\"},{\"@type\":\"ListItem\",\"position\":2,\"name\":\"Giornata mondiale della montagna. Berton ai parlamentari: &#8220;Approvare subito la legge quadro&#8221;\"}]},{\"@type\":\"WebSite\",\"@id\":\"https:\\\/\\\/www.bellunopress.it\\\/#website\",\"url\":\"https:\\\/\\\/www.bellunopress.it\\\/\",\"name\":\"Bellunopress - Dolomiti\",\"description\":\"e-mail: redazione@bellunopress.it\",\"publisher\":{\"@id\":\"https:\\\/\\\/www.bellunopress.it\\\/#organization\"},\"potentialAction\":[{\"@type\":\"SearchAction\",\"target\":{\"@type\":\"EntryPoint\",\"urlTemplate\":\"https:\\\/\\\/www.bellunopress.it\\\/?s={search_term_string}\"},\"query-input\":{\"@type\":\"PropertyValueSpecification\",\"valueRequired\":true,\"valueName\":\"search_term_string\"}}],\"inLanguage\":\"fr-FR\"},{\"@type\":\"Organization\",\"@id\":\"https:\\\/\\\/www.bellunopress.it\\\/#organization\",\"name\":\"Bellunopress\",\"url\":\"https:\\\/\\\/www.bellunopress.it\\\/\",\"logo\":{\"@type\":\"ImageObject\",\"inLanguage\":\"fr-FR\",\"@id\":\"https:\\\/\\\/www.bellunopress.it\\\/#\\\/schema\\\/logo\\\/image\\\/\",\"url\":\"https:\\\/\\\/www.bellunopress.it\\\/wp-content\\\/uploads\\\/2011\\\/05\\\/cropped-logo-bellunopress-.jpg\",\"contentUrl\":\"https:\\\/\\\/www.bellunopress.it\\\/wp-content\\\/uploads\\\/2011\\\/05\\\/cropped-logo-bellunopress-.jpg\",\"width\":512,\"height\":512,\"caption\":\"Bellunopress\"},\"image\":{\"@id\":\"https:\\\/\\\/www.bellunopress.it\\\/#\\\/schema\\\/logo\\\/image\\\/\"},\"sameAs\":[\"https:\\\/\\\/www.facebook.com\\\/profile.php?id=100008943462799\",\"https:\\\/\\\/x.com\\\/bellunopress\",\"https:\\\/\\\/www.linkedin.com\\\/hp\\\/?dnr=JBzUWaJfMUw8vbXJJ2tVW5-I3jZKvC4wsoxE&amp;amp;amp;amp;amp;amp;trk=nav_responsive_tab_home\",\"https:\\\/\\\/www.youtube.com\\\/channel\\\/UCxL0wu1uN0_3_7hGG0306cw\"]},{\"@type\":\"Person\",\"@id\":\"https:\\\/\\\/www.bellunopress.it\\\/#\\\/schema\\\/person\\\/79bb06722b37ece1c03d3e94beb30d73\",\"name\":\"redazione\",\"image\":{\"@type\":\"ImageObject\",\"inLanguage\":\"fr-FR\",\"@id\":\"https:\\\/\\\/secure.gravatar.com\\\/avatar\\\/37d968a2e67a6fd04c169c4bdef102d0bc5d31b2546345219e348575eb80e9a0?s=96&d=mm&r=g\",\"url\":\"https:\\\/\\\/secure.gravatar.com\\\/avatar\\\/37d968a2e67a6fd04c169c4bdef102d0bc5d31b2546345219e348575eb80e9a0?s=96&d=mm&r=g\",\"contentUrl\":\"https:\\\/\\\/secure.gravatar.com\\\/avatar\\\/37d968a2e67a6fd04c169c4bdef102d0bc5d31b2546345219e348575eb80e9a0?s=96&d=mm&r=g\",\"caption\":\"redazione\"},\"sameAs\":[\"http:\\\/\\\/www.bellunopress.it\",\"https:\\\/\\\/x.com\\\/bellunopress\"],\"url\":\"https:\\\/\\\/www.bellunopress.it\\\/fr\\\/author\\\/redazione\\\/\"}]}<\/script>\n<!-- \/ Yoast SEO plugin. -->","yoast_head_json":{"title":"Giornata mondiale della montagna. Berton ai parlamentari: \"Approvare subito la legge quadro\" - Bellunopress - Dolomiti","robots":{"index":"index","follow":"follow","max-snippet":"max-snippet:-1","max-image-preview":"max-image-preview:large","max-video-preview":"max-video-preview:-1"},"canonical":"https:\/\/www.bellunopress.it\/fr\/2022\/12\/12\/giornata-mondiale-della-montagna-berton-ai-parlamentari-approvare-subito-la-legge-quadro\/","og_locale":"fr_FR","og_type":"article","og_title":"Giornata mondiale della montagna. Berton ai parlamentari: \"Approvare subito la legge quadro\" - Bellunopress - Dolomiti","og_description":"Oggi a Edolo (Brescia) la celebrazione organizzata dal Dipartimento per gli Affari regionaline nle autonomie Unimont Belluno, 12 dicembre 2022 \u2013 &#8220;Subito dopo l&#8217;approvazione della legge di bilancio, il Parlamento deve riprendere in mano la legge quadro sulla montagna. \u00c8 una priorit\u00e0 per le terre alte dell&#8217;intero Paese alle prese con cambiamenti rapidi e profondi: [&hellip;]","og_url":"https:\/\/www.bellunopress.it\/fr\/2022\/12\/12\/giornata-mondiale-della-montagna-berton-ai-parlamentari-approvare-subito-la-legge-quadro\/","og_site_name":"Bellunopress - Dolomiti","article_publisher":"https:\/\/www.facebook.com\/profile.php?id=100008943462799","article_published_time":"2022-12-12T13:38:53+00:00","og_image":[{"width":612,"height":673,"url":"https:\/\/www.bellunopress.it\/wp-content\/uploads\/2020\/03\/Lorraine_Berton_edited.jpg","type":"image\/jpeg"}],"author":"redazione","twitter_card":"summary_large_image","twitter_creator":"@bellunopress","twitter_site":"@bellunopress","twitter_misc":{"\u00c9crit par":"redazione","Dur\u00e9e de lecture estim\u00e9e":"4 minutes"},"schema":{"@context":"https:\/\/schema.org","@graph":[{"@type":"Article","@id":"https:\/\/www.bellunopress.it\/2022\/12\/12\/giornata-mondiale-della-montagna-berton-ai-parlamentari-approvare-subito-la-legge-quadro\/#article","isPartOf":{"@id":"https:\/\/www.bellunopress.it\/2022\/12\/12\/giornata-mondiale-della-montagna-berton-ai-parlamentari-approvare-subito-la-legge-quadro\/"},"author":{"name":"redazione","@id":"https:\/\/www.bellunopress.it\/#\/schema\/person\/79bb06722b37ece1c03d3e94beb30d73"},"headline":"Giornata mondiale della montagna. Berton ai parlamentari: &#8220;Approvare subito la legge quadro&#8221;","datePublished":"2022-12-12T13:38:53+00:00","mainEntityOfPage":{"@id":"https:\/\/www.bellunopress.it\/2022\/12\/12\/giornata-mondiale-della-montagna-berton-ai-parlamentari-approvare-subito-la-legge-quadro\/"},"wordCount":549,"publisher":{"@id":"https:\/\/www.bellunopress.it\/#organization"},"image":{"@id":"https:\/\/www.bellunopress.it\/2022\/12\/12\/giornata-mondiale-della-montagna-berton-ai-parlamentari-approvare-subito-la-legge-quadro\/#primaryimage"},"thumbnailUrl":"https:\/\/www.bellunopress.it\/wp-content\/uploads\/2020\/03\/Lorraine_Berton_edited.jpg","articleSection":["Lavoro, Economia, Turismo"],"inLanguage":"fr-FR"},{"@type":"WebPage","@id":"https:\/\/www.bellunopress.it\/2022\/12\/12\/giornata-mondiale-della-montagna-berton-ai-parlamentari-approvare-subito-la-legge-quadro\/","url":"https:\/\/www.bellunopress.it\/2022\/12\/12\/giornata-mondiale-della-montagna-berton-ai-parlamentari-approvare-subito-la-legge-quadro\/","name":"Giornata mondiale della montagna. Berton ai parlamentari: \"Approvare subito la legge quadro\" - Bellunopress - Dolomiti","isPartOf":{"@id":"https:\/\/www.bellunopress.it\/#website"},"primaryImageOfPage":{"@id":"https:\/\/www.bellunopress.it\/2022\/12\/12\/giornata-mondiale-della-montagna-berton-ai-parlamentari-approvare-subito-la-legge-quadro\/#primaryimage"},"image":{"@id":"https:\/\/www.bellunopress.it\/2022\/12\/12\/giornata-mondiale-della-montagna-berton-ai-parlamentari-approvare-subito-la-legge-quadro\/#primaryimage"},"thumbnailUrl":"https:\/\/www.bellunopress.it\/wp-content\/uploads\/2020\/03\/Lorraine_Berton_edited.jpg","datePublished":"2022-12-12T13:38:53+00:00","breadcrumb":{"@id":"https:\/\/www.bellunopress.it\/2022\/12\/12\/giornata-mondiale-della-montagna-berton-ai-parlamentari-approvare-subito-la-legge-quadro\/#breadcrumb"},"inLanguage":"fr-FR","potentialAction":[{"@type":"ReadAction","target":["https:\/\/www.bellunopress.it\/2022\/12\/12\/giornata-mondiale-della-montagna-berton-ai-parlamentari-approvare-subito-la-legge-quadro\/"]}]},{"@type":"ImageObject","inLanguage":"fr-FR","@id":"https:\/\/www.bellunopress.it\/2022\/12\/12\/giornata-mondiale-della-montagna-berton-ai-parlamentari-approvare-subito-la-legge-quadro\/#primaryimage","url":"https:\/\/www.bellunopress.it\/wp-content\/uploads\/2020\/03\/Lorraine_Berton_edited.jpg","contentUrl":"https:\/\/www.bellunopress.it\/wp-content\/uploads\/2020\/03\/Lorraine_Berton_edited.jpg","width":612,"height":673,"caption":"Lorraine Berton - Presidente di MIDO, ANFAO e Confindustria Belluno Dolomiti"},{"@type":"BreadcrumbList","@id":"https:\/\/www.bellunopress.it\/2022\/12\/12\/giornata-mondiale-della-montagna-berton-ai-parlamentari-approvare-subito-la-legge-quadro\/#breadcrumb","itemListElement":[{"@type":"ListItem","position":1,"name":"Home","item":"https:\/\/www.bellunopress.it\/"},{"@type":"ListItem","position":2,"name":"Giornata mondiale della montagna. Berton ai parlamentari: &#8220;Approvare subito la legge quadro&#8221;"}]},{"@type":"WebSite","@id":"https:\/\/www.bellunopress.it\/#website","url":"https:\/\/www.bellunopress.it\/","name":"Bellunopress - Dolomiti","description":"e-mail: redazione@bellunopress.it","publisher":{"@id":"https:\/\/www.bellunopress.it\/#organization"},"potentialAction":[{"@type":"SearchAction","target":{"@type":"EntryPoint","urlTemplate":"https:\/\/www.bellunopress.it\/?s={search_term_string}"},"query-input":{"@type":"PropertyValueSpecification","valueRequired":true,"valueName":"search_term_string"}}],"inLanguage":"fr-FR"},{"@type":"Organization","@id":"https:\/\/www.bellunopress.it\/#organization","name":"Bellunopress","url":"https:\/\/www.bellunopress.it\/","logo":{"@type":"ImageObject","inLanguage":"fr-FR","@id":"https:\/\/www.bellunopress.it\/#\/schema\/logo\/image\/","url":"https:\/\/www.bellunopress.it\/wp-content\/uploads\/2011\/05\/cropped-logo-bellunopress-.jpg","contentUrl":"https:\/\/www.bellunopress.it\/wp-content\/uploads\/2011\/05\/cropped-logo-bellunopress-.jpg","width":512,"height":512,"caption":"Bellunopress"},"image":{"@id":"https:\/\/www.bellunopress.it\/#\/schema\/logo\/image\/"},"sameAs":["https:\/\/www.facebook.com\/profile.php?id=100008943462799","https:\/\/x.com\/bellunopress","https:\/\/www.linkedin.com\/hp\/?dnr=JBzUWaJfMUw8vbXJJ2tVW5-I3jZKvC4wsoxE&amp;amp;amp;amp;amp;amp;trk=nav_responsive_tab_home","https:\/\/www.youtube.com\/channel\/UCxL0wu1uN0_3_7hGG0306cw"]},{"@type":"Person","@id":"https:\/\/www.bellunopress.it\/#\/schema\/person\/79bb06722b37ece1c03d3e94beb30d73","name":"r\u00e9daction","image":{"@type":"ImageObject","inLanguage":"fr-FR","@id":"https:\/\/secure.gravatar.com\/avatar\/37d968a2e67a6fd04c169c4bdef102d0bc5d31b2546345219e348575eb80e9a0?s=96&d=mm&r=g","url":"https:\/\/secure.gravatar.com\/avatar\/37d968a2e67a6fd04c169c4bdef102d0bc5d31b2546345219e348575eb80e9a0?s=96&d=mm&r=g","contentUrl":"https:\/\/secure.gravatar.com\/avatar\/37d968a2e67a6fd04c169c4bdef102d0bc5d31b2546345219e348575eb80e9a0?s=96&d=mm&r=g","caption":"redazione"},"sameAs":["http:\/\/www.bellunopress.it","https:\/\/x.com\/bellunopress"],"url":"https:\/\/www.bellunopress.it\/fr\/author\/redazione\/"}]}},"_links":{"self":[{"href":"https:\/\/www.bellunopress.it\/fr\/wp-json\/wp\/v2\/posts\/138304","targetHints":{"allow":["GET"]}}],"collection":[{"href":"https:\/\/www.bellunopress.it\/fr\/wp-json\/wp\/v2\/posts"}],"about":[{"href":"https:\/\/www.bellunopress.it\/fr\/wp-json\/wp\/v2\/types\/post"}],"author":[{"embeddable":true,"href":"https:\/\/www.bellunopress.it\/fr\/wp-json\/wp\/v2\/users\/2"}],"replies":[{"embeddable":true,"href":"https:\/\/www.bellunopress.it\/fr\/wp-json\/wp\/v2\/comments?post=138304"}],"version-history":[{"count":1,"href":"https:\/\/www.bellunopress.it\/fr\/wp-json\/wp\/v2\/posts\/138304\/revisions"}],"predecessor-version":[{"id":138305,"href":"https:\/\/www.bellunopress.it\/fr\/wp-json\/wp\/v2\/posts\/138304\/revisions\/138305"}],"wp:featuredmedia":[{"embeddable":true,"href":"https:\/\/www.bellunopress.it\/fr\/wp-json\/wp\/v2\/media\/113249"}],"wp:attachment":[{"href":"https:\/\/www.bellunopress.it\/fr\/wp-json\/wp\/v2\/media?parent=138304"}],"wp:term":[{"taxonomy":"category","embeddable":true,"href":"https:\/\/www.bellunopress.it\/fr\/wp-json\/wp\/v2\/categories?post=138304"},{"taxonomy":"post_tag","embeddable":true,"href":"https:\/\/www.bellunopress.it\/fr\/wp-json\/wp\/v2\/tags?post=138304"}],"curies":[{"name":"wp","href":"https:\/\/api.w.org\/{rel}","templated":true}]}}