{"id":138289,"date":"2022-12-12T13:51:00","date_gmt":"2022-12-12T12:51:00","guid":{"rendered":"https:\/\/www.bellunopress.it\/?p=138289"},"modified":"2022-12-12T14:11:53","modified_gmt":"2022-12-12T13:11:53","slug":"qualita-della-vita-belluno-prima-per-ricchezza-e-consumi-ma-perde-posizioni-nella-classifica-generale-del-sole-24-ore","status":"publish","type":"post","link":"https:\/\/www.bellunopress.it\/fr\/2022\/12\/12\/qualita-della-vita-belluno-prima-per-ricchezza-e-consumi-ma-perde-posizioni-nella-classifica-generale-del-sole-24-ore\/","title":{"rendered":"Qualit\u00e0 della vita. Belluno prima per &#8220;Ricchezza e consumi&#8221; ma perde posizioni nella classifica generale del Sole 24 Ore"},"content":{"rendered":"<figure id=\"attachment_135245\" aria-describedby=\"caption-attachment-135245\" style=\"width: 803px\" class=\"wp-caption alignleft\"><img loading=\"lazy\" decoding=\"async\" class=\"size-full wp-image-135245\" src=\"https:\/\/www.bellunopress.it\/wp-content\/uploads\/2022\/07\/Oscar-De-Pellegrin-sindaco-di-Belluno_edited.jpg\" alt=\"\" width=\"803\" height=\"1000\" srcset=\"https:\/\/www.bellunopress.it\/wp-content\/uploads\/2022\/07\/Oscar-De-Pellegrin-sindaco-di-Belluno_edited.jpg 803w, https:\/\/www.bellunopress.it\/wp-content\/uploads\/2022\/07\/Oscar-De-Pellegrin-sindaco-di-Belluno_edited-402x500.jpg 402w, https:\/\/www.bellunopress.it\/wp-content\/uploads\/2022\/07\/Oscar-De-Pellegrin-sindaco-di-Belluno_edited-696x867.jpg 696w, https:\/\/www.bellunopress.it\/wp-content\/uploads\/2022\/07\/Oscar-De-Pellegrin-sindaco-di-Belluno_edited-337x420.jpg 337w\" sizes=\"auto, (max-width: 803px) 100vw, 803px\" \/><figcaption id=\"caption-attachment-135245\" class=\"wp-caption-text\">Oscar De Pellegrin, sindaco di Belluno<\/figcaption><\/figure>\n<p><em><strong>Sindaco De Pellegrin: \u201cNoi ce la mettiamo tutta, ma serve pi\u00f9 attenzione alla montagna\u201d<\/strong><\/em><\/p>\n<p>Belluno prima per \u201cRicchezza e consumi\u201d nella classifica sulla Qualit\u00e0 della Vita del Sole 24 Ore. Ma nella graduatoria sull\u2019andamento generale, la provincia perde posizioni. \u201cNon ci arrendiamo ad un 35esimo posto \u2013 dichiara il sindaco, Oscar De Pellegrin -, i sindaci ce la mettono tutta ma serve pi\u00f9 attenzione per la montagna da parte del Governo centrale\u201d. La classifica fotografa l\u2019andamento provinciale del territorio e consegna, alla fine, una 35esima posizione. Si scontano i talloni d\u2019Achille di sempre, come lo spopolamento e la perdita di servizi.<\/p>\n<p>\u201cDomenica si festeggiava la Giornata internazionale della montagna e oggi ci troviamo 35esimi nella classifica sulla Qualit\u00e0 della vita, sembra un paradosso \u2013 riflette il sindaco -, ed \u00e8 in effetti il paradosso in cui si trovano a vivere i territori montani: da un lato grandi apprezzamenti a parole, dall\u2019altro ancora pochi riconoscimenti in termini di politiche ad hoc e di fondi dedicati. Noi non cerchiamo trattamenti di riguardo e non siamo di certo per l\u2019assistenzialismo, chiediamo vengano riconosciute quelle peculiarit\u00e0 che rendono il vivere nelle terre alte pi\u00f9 difficile e pi\u00f9 costoso e che, di conseguenza, vengano assunti provvedimenti\u201d.<\/p>\n<p>La sotto classifica \u201cRicchezza e consumi\u201d che vede il Bellunese al primo posto, fotografa una comunit\u00e0 virtuosa in quanto a risparmio e tutto sommato agiata per quanto riguarda la capacit\u00e0 di spesa, un territorio dove gli affitti incidono meno che altrove sull\u2019economia delle famiglie e dove gli immobili sono pi\u00f9 ampi rispetto ai grandi centri urbani. Non solo, un territorio in cui enti locali e cittadini sono sensibili alle tematiche ambientali e, infatti, la provincia \u00e8 prima nell\u2019indicatore sull\u2019incidenza degli interventi di riqualificazione energetica. Nell\u2019indicatore relativo al ricorso al reddito di cittadinanza, Belluno \u00e8 seconda dopo Bolzano con un\u2019incidenza quasi nulla di beneficiari, secondo posto anche per l\u2019indice sull\u2019ampiezza degli spazi abitativi e terzo per la puntualit\u00e0 nel pagamento delle fatture.<\/p>\n<p>\u201cLa qualit\u00e0 della vita e la tranquillit\u00e0 ci sono, lo dicono le sotto classifiche del macro settore sulla ricchezza, alle quali si aggiungono la bellezza di un contesto naturale e paesaggistico con pochi eguali. Tutti indici e caratteristiche di un territorio che ha tutte le potenzialit\u00e0 per attirare popolazione e per arrivare, anzi tornare, ai vertici \u2013 conclude il primo cittadino -. Non dimentichiamo, infatti, anche le performance positive della macro categoria \u201cGiustizia e sicurezza\u201d, che ci vede noni e in risalita rispetto all\u2019anno scorso. Abbiamo tutte le carte per confermarci una terra ospitale, capace di attirare a vivere persone da fuori, ma ora servono segnali forti dalla politica, non possiamo aspettare oltre. Il mio \u00e8 un appello al Governo e al ministro Calderoli, perch\u00e9 la legge per la montagna diventi presto realt\u00e0 e perch\u00e9 contenga, al suo interno, reali e concrete misure per lo sviluppo di queste nostre terre cos\u00ec forti e fragili allo stesso tempo\u201d.<\/p>\n<p><img loading=\"lazy\" decoding=\"async\" class=\"alignleft size-full wp-image-118596\" src=\"https:\/\/www.bellunopress.it\/wp-content\/uploads\/2020\/10\/Luca-Zaia_edited.jpg\" alt=\"\" width=\"800\" height=\"800\" srcset=\"https:\/\/www.bellunopress.it\/wp-content\/uploads\/2020\/10\/Luca-Zaia_edited.jpg 800w, https:\/\/www.bellunopress.it\/wp-content\/uploads\/2020\/10\/Luca-Zaia_edited-500x500.jpg 500w, https:\/\/www.bellunopress.it\/wp-content\/uploads\/2020\/10\/Luca-Zaia_edited-300x300.jpg 300w, https:\/\/www.bellunopress.it\/wp-content\/uploads\/2020\/10\/Luca-Zaia_edited-696x696.jpg 696w, https:\/\/www.bellunopress.it\/wp-content\/uploads\/2020\/10\/Luca-Zaia_edited-420x420.jpg 420w\" sizes=\"auto, (max-width: 800px) 100vw, 800px\" \/>\u201cQuesto \u00e8 un riconoscimento a Belluno, ma \u00e8 anche un indicatore significativo che rappresenta un segnale incoraggiante per il futuro della montagna veneta. Il podio assegnato al capoluogo bellunese per \u2018ricchezza e consumi\u2019 guarda ad un contesto pi\u00f9 ampio e spinge ancora di pi\u00f9 a lavorare e guardare in prospettiva, in vista dell\u2019appuntamento delle Olimpiadi di Milano Cortina 2026\u201d.<\/p>\n<p>Sono le parole di soddisfazione e di plauso del Presidente della Regione del Veneto, Luca Zaia, di fronte alla 33esima edizione dell\u2019indagine curata dal Sole 24 Ore che pone al primo posto sul podio dei vincitori, per la migliore qualit\u00e0 della vita, proprio la provincia di Belluno, per l\u2019ambito \u2018ricchezza e consumi\u2019.<\/p>\n<p>\u201cImportante anche il riconoscimento assegnato alla provincia di Treviso \u2013 ha aggiunto il Presidente Zaia \u2013 per quanto riguarda l\u2019Indice della qualit\u00e0 della vita delle donne. Si tratta di un segnale significativo, che incoraggia ad impegnarsi sempre di pi\u00f9 affinch\u00e9 episodi come femminicidi e maltrattamenti, oggi purtroppo ancora all\u2019ordine del giorno, scompaiano una volta per tutte dalle pagine di cronaca\u201d.<\/p>","protected":false},"excerpt":{"rendered":"<p>Sindaco De Pellegrin: \u201cNoi ce la mettiamo tutta, ma serve pi\u00f9 attenzione alla montagna\u201d Belluno prima per \u201cRicchezza e consumi\u201d nella classifica sulla Qualit\u00e0 della Vita del Sole 24 Ore. Ma nella graduatoria sull\u2019andamento generale, la provincia perde posizioni. \u201cNon ci arrendiamo ad un 35esimo posto \u2013 dichiara il sindaco, Oscar De Pellegrin -, i [&hellip;]<\/p>\n","protected":false},"author":2,"featured_media":135245,"comment_status":"closed","ping_status":"open","sticky":false,"template":"","format":"standard","meta":{"footnotes":""},"categories":[5,26],"tags":[],"class_list":["post-138289","post","type-post","status-publish","format-standard","has-post-thumbnail","category-cronaca","category-prima-pagina"],"yoast_head":"<!-- This site is optimized with the Yoast SEO plugin v28.4 - https:\/\/yoast.com\/product\/yoast-seo-wordpress\/ -->\n<title>Qualit\u00e0 della vita. Belluno prima per &quot;Ricchezza e consumi&quot; ma perde posizioni nella classifica generale del Sole 24 Ore - Bellunopress - Dolomiti<\/title>\n<meta name=\"robots\" content=\"index, follow, max-snippet:-1, max-image-preview:large, max-video-preview:-1\" \/>\n<link rel=\"canonical\" href=\"https:\/\/www.bellunopress.it\/fr\/2022\/12\/12\/qualita-della-vita-belluno-prima-per-ricchezza-e-consumi-ma-perde-posizioni-nella-classifica-generale-del-sole-24-ore\/\" \/>\n<meta property=\"og:locale\" content=\"fr_FR\" \/>\n<meta property=\"og:type\" content=\"article\" \/>\n<meta property=\"og:title\" content=\"Qualit\u00e0 della vita. Belluno prima per &quot;Ricchezza e consumi&quot; ma perde posizioni nella classifica generale del Sole 24 Ore - Bellunopress - Dolomiti\" \/>\n<meta property=\"og:description\" content=\"Sindaco De Pellegrin: \u201cNoi ce la mettiamo tutta, ma serve pi\u00f9 attenzione alla montagna\u201d Belluno prima per \u201cRicchezza e consumi\u201d nella classifica sulla Qualit\u00e0 della Vita del Sole 24 Ore. Ma nella graduatoria sull\u2019andamento generale, la provincia perde posizioni. \u201cNon ci arrendiamo ad un 35esimo posto \u2013 dichiara il sindaco, Oscar De Pellegrin -, i [&hellip;]\" \/>\n<meta property=\"og:url\" content=\"https:\/\/www.bellunopress.it\/fr\/2022\/12\/12\/qualita-della-vita-belluno-prima-per-ricchezza-e-consumi-ma-perde-posizioni-nella-classifica-generale-del-sole-24-ore\/\" \/>\n<meta property=\"og:site_name\" content=\"Bellunopress - Dolomiti\" \/>\n<meta property=\"article:publisher\" content=\"https:\/\/www.facebook.com\/profile.php?id=100008943462799\" \/>\n<meta property=\"article:published_time\" content=\"2022-12-12T12:51:00+00:00\" \/>\n<meta property=\"article:modified_time\" content=\"2022-12-12T13:11:53+00:00\" \/>\n<meta property=\"og:image\" content=\"https:\/\/www.bellunopress.it\/wp-content\/uploads\/2022\/07\/Oscar-De-Pellegrin-sindaco-di-Belluno_edited.jpg\" \/>\n\t<meta property=\"og:image:width\" content=\"803\" \/>\n\t<meta property=\"og:image:height\" content=\"1000\" \/>\n\t<meta property=\"og:image:type\" content=\"image\/jpeg\" \/>\n<meta name=\"author\" content=\"redazione\" \/>\n<meta name=\"twitter:card\" content=\"summary_large_image\" \/>\n<meta name=\"twitter:creator\" content=\"@bellunopress\" \/>\n<meta name=\"twitter:site\" content=\"@bellunopress\" \/>\n<meta name=\"twitter:label1\" content=\"\u00c9crit par\" \/>\n\t<meta name=\"twitter:data1\" content=\"redazione\" \/>\n\t<meta name=\"twitter:label2\" content=\"Dur\u00e9e de lecture estim\u00e9e\" \/>\n\t<meta name=\"twitter:data2\" content=\"4 minutes\" \/>\n<script type=\"application\/ld+json\" class=\"yoast-schema-graph\">{\"@context\":\"https:\\\/\\\/schema.org\",\"@graph\":[{\"@type\":\"Article\",\"@id\":\"https:\\\/\\\/www.bellunopress.it\\\/2022\\\/12\\\/12\\\/qualita-della-vita-belluno-prima-per-ricchezza-e-consumi-ma-perde-posizioni-nella-classifica-generale-del-sole-24-ore\\\/#article\",\"isPartOf\":{\"@id\":\"https:\\\/\\\/www.bellunopress.it\\\/2022\\\/12\\\/12\\\/qualita-della-vita-belluno-prima-per-ricchezza-e-consumi-ma-perde-posizioni-nella-classifica-generale-del-sole-24-ore\\\/\"},\"author\":{\"name\":\"redazione\",\"@id\":\"https:\\\/\\\/www.bellunopress.it\\\/#\\\/schema\\\/person\\\/79bb06722b37ece1c03d3e94beb30d73\"},\"headline\":\"Qualit\u00e0 della vita. Belluno prima per &#8220;Ricchezza e consumi&#8221; ma perde posizioni nella classifica generale del Sole 24 Ore\",\"datePublished\":\"2022-12-12T12:51:00+00:00\",\"dateModified\":\"2022-12-12T13:11:53+00:00\",\"mainEntityOfPage\":{\"@id\":\"https:\\\/\\\/www.bellunopress.it\\\/2022\\\/12\\\/12\\\/qualita-della-vita-belluno-prima-per-ricchezza-e-consumi-ma-perde-posizioni-nella-classifica-generale-del-sole-24-ore\\\/\"},\"wordCount\":685,\"publisher\":{\"@id\":\"https:\\\/\\\/www.bellunopress.it\\\/#organization\"},\"image\":{\"@id\":\"https:\\\/\\\/www.bellunopress.it\\\/2022\\\/12\\\/12\\\/qualita-della-vita-belluno-prima-per-ricchezza-e-consumi-ma-perde-posizioni-nella-classifica-generale-del-sole-24-ore\\\/#primaryimage\"},\"thumbnailUrl\":\"https:\\\/\\\/www.bellunopress.it\\\/wp-content\\\/uploads\\\/2022\\\/07\\\/Oscar-De-Pellegrin-sindaco-di-Belluno_edited.jpg\",\"articleSection\":[\"Cronaca\\\/Politica\",\"Prima Pagina\"],\"inLanguage\":\"fr-FR\"},{\"@type\":\"WebPage\",\"@id\":\"https:\\\/\\\/www.bellunopress.it\\\/2022\\\/12\\\/12\\\/qualita-della-vita-belluno-prima-per-ricchezza-e-consumi-ma-perde-posizioni-nella-classifica-generale-del-sole-24-ore\\\/\",\"url\":\"https:\\\/\\\/www.bellunopress.it\\\/2022\\\/12\\\/12\\\/qualita-della-vita-belluno-prima-per-ricchezza-e-consumi-ma-perde-posizioni-nella-classifica-generale-del-sole-24-ore\\\/\",\"name\":\"Qualit\u00e0 della vita. Belluno prima per \\\"Ricchezza e consumi\\\" ma perde posizioni nella classifica generale del Sole 24 Ore - Bellunopress - Dolomiti\",\"isPartOf\":{\"@id\":\"https:\\\/\\\/www.bellunopress.it\\\/#website\"},\"primaryImageOfPage\":{\"@id\":\"https:\\\/\\\/www.bellunopress.it\\\/2022\\\/12\\\/12\\\/qualita-della-vita-belluno-prima-per-ricchezza-e-consumi-ma-perde-posizioni-nella-classifica-generale-del-sole-24-ore\\\/#primaryimage\"},\"image\":{\"@id\":\"https:\\\/\\\/www.bellunopress.it\\\/2022\\\/12\\\/12\\\/qualita-della-vita-belluno-prima-per-ricchezza-e-consumi-ma-perde-posizioni-nella-classifica-generale-del-sole-24-ore\\\/#primaryimage\"},\"thumbnailUrl\":\"https:\\\/\\\/www.bellunopress.it\\\/wp-content\\\/uploads\\\/2022\\\/07\\\/Oscar-De-Pellegrin-sindaco-di-Belluno_edited.jpg\",\"datePublished\":\"2022-12-12T12:51:00+00:00\",\"dateModified\":\"2022-12-12T13:11:53+00:00\",\"breadcrumb\":{\"@id\":\"https:\\\/\\\/www.bellunopress.it\\\/2022\\\/12\\\/12\\\/qualita-della-vita-belluno-prima-per-ricchezza-e-consumi-ma-perde-posizioni-nella-classifica-generale-del-sole-24-ore\\\/#breadcrumb\"},\"inLanguage\":\"fr-FR\",\"potentialAction\":[{\"@type\":\"ReadAction\",\"target\":[\"https:\\\/\\\/www.bellunopress.it\\\/2022\\\/12\\\/12\\\/qualita-della-vita-belluno-prima-per-ricchezza-e-consumi-ma-perde-posizioni-nella-classifica-generale-del-sole-24-ore\\\/\"]}]},{\"@type\":\"ImageObject\",\"inLanguage\":\"fr-FR\",\"@id\":\"https:\\\/\\\/www.bellunopress.it\\\/2022\\\/12\\\/12\\\/qualita-della-vita-belluno-prima-per-ricchezza-e-consumi-ma-perde-posizioni-nella-classifica-generale-del-sole-24-ore\\\/#primaryimage\",\"url\":\"https:\\\/\\\/www.bellunopress.it\\\/wp-content\\\/uploads\\\/2022\\\/07\\\/Oscar-De-Pellegrin-sindaco-di-Belluno_edited.jpg\",\"contentUrl\":\"https:\\\/\\\/www.bellunopress.it\\\/wp-content\\\/uploads\\\/2022\\\/07\\\/Oscar-De-Pellegrin-sindaco-di-Belluno_edited.jpg\",\"width\":803,\"height\":1000,\"caption\":\"Oscar De Pellegrin, sindaco di Belluno\"},{\"@type\":\"BreadcrumbList\",\"@id\":\"https:\\\/\\\/www.bellunopress.it\\\/2022\\\/12\\\/12\\\/qualita-della-vita-belluno-prima-per-ricchezza-e-consumi-ma-perde-posizioni-nella-classifica-generale-del-sole-24-ore\\\/#breadcrumb\",\"itemListElement\":[{\"@type\":\"ListItem\",\"position\":1,\"name\":\"Home\",\"item\":\"https:\\\/\\\/www.bellunopress.it\\\/\"},{\"@type\":\"ListItem\",\"position\":2,\"name\":\"Qualit\u00e0 della vita. Belluno prima per &#8220;Ricchezza e consumi&#8221; ma perde posizioni nella classifica generale del Sole 24 Ore\"}]},{\"@type\":\"WebSite\",\"@id\":\"https:\\\/\\\/www.bellunopress.it\\\/#website\",\"url\":\"https:\\\/\\\/www.bellunopress.it\\\/\",\"name\":\"Bellunopress - Dolomiti\",\"description\":\"e-mail: redazione@bellunopress.it\",\"publisher\":{\"@id\":\"https:\\\/\\\/www.bellunopress.it\\\/#organization\"},\"potentialAction\":[{\"@type\":\"SearchAction\",\"target\":{\"@type\":\"EntryPoint\",\"urlTemplate\":\"https:\\\/\\\/www.bellunopress.it\\\/?s={search_term_string}\"},\"query-input\":{\"@type\":\"PropertyValueSpecification\",\"valueRequired\":true,\"valueName\":\"search_term_string\"}}],\"inLanguage\":\"fr-FR\"},{\"@type\":\"Organization\",\"@id\":\"https:\\\/\\\/www.bellunopress.it\\\/#organization\",\"name\":\"Bellunopress\",\"url\":\"https:\\\/\\\/www.bellunopress.it\\\/\",\"logo\":{\"@type\":\"ImageObject\",\"inLanguage\":\"fr-FR\",\"@id\":\"https:\\\/\\\/www.bellunopress.it\\\/#\\\/schema\\\/logo\\\/image\\\/\",\"url\":\"https:\\\/\\\/www.bellunopress.it\\\/wp-content\\\/uploads\\\/2011\\\/05\\\/cropped-logo-bellunopress-.jpg\",\"contentUrl\":\"https:\\\/\\\/www.bellunopress.it\\\/wp-content\\\/uploads\\\/2011\\\/05\\\/cropped-logo-bellunopress-.jpg\",\"width\":512,\"height\":512,\"caption\":\"Bellunopress\"},\"image\":{\"@id\":\"https:\\\/\\\/www.bellunopress.it\\\/#\\\/schema\\\/logo\\\/image\\\/\"},\"sameAs\":[\"https:\\\/\\\/www.facebook.com\\\/profile.php?id=100008943462799\",\"https:\\\/\\\/x.com\\\/bellunopress\",\"https:\\\/\\\/www.linkedin.com\\\/hp\\\/?dnr=JBzUWaJfMUw8vbXJJ2tVW5-I3jZKvC4wsoxE&amp;amp;amp;amp;amp;amp;trk=nav_responsive_tab_home\",\"https:\\\/\\\/www.youtube.com\\\/channel\\\/UCxL0wu1uN0_3_7hGG0306cw\"]},{\"@type\":\"Person\",\"@id\":\"https:\\\/\\\/www.bellunopress.it\\\/#\\\/schema\\\/person\\\/79bb06722b37ece1c03d3e94beb30d73\",\"name\":\"redazione\",\"image\":{\"@type\":\"ImageObject\",\"inLanguage\":\"fr-FR\",\"@id\":\"https:\\\/\\\/secure.gravatar.com\\\/avatar\\\/37d968a2e67a6fd04c169c4bdef102d0bc5d31b2546345219e348575eb80e9a0?s=96&d=mm&r=g\",\"url\":\"https:\\\/\\\/secure.gravatar.com\\\/avatar\\\/37d968a2e67a6fd04c169c4bdef102d0bc5d31b2546345219e348575eb80e9a0?s=96&d=mm&r=g\",\"contentUrl\":\"https:\\\/\\\/secure.gravatar.com\\\/avatar\\\/37d968a2e67a6fd04c169c4bdef102d0bc5d31b2546345219e348575eb80e9a0?s=96&d=mm&r=g\",\"caption\":\"redazione\"},\"sameAs\":[\"http:\\\/\\\/www.bellunopress.it\",\"https:\\\/\\\/x.com\\\/bellunopress\"],\"url\":\"https:\\\/\\\/www.bellunopress.it\\\/fr\\\/author\\\/redazione\\\/\"}]}<\/script>\n<!-- \/ Yoast SEO plugin. -->","yoast_head_json":{"title":"Qualit\u00e0 della vita. Belluno prima per \"Ricchezza e consumi\" ma perde posizioni nella classifica generale del Sole 24 Ore - Bellunopress - Dolomiti","robots":{"index":"index","follow":"follow","max-snippet":"max-snippet:-1","max-image-preview":"max-image-preview:large","max-video-preview":"max-video-preview:-1"},"canonical":"https:\/\/www.bellunopress.it\/fr\/2022\/12\/12\/qualita-della-vita-belluno-prima-per-ricchezza-e-consumi-ma-perde-posizioni-nella-classifica-generale-del-sole-24-ore\/","og_locale":"fr_FR","og_type":"article","og_title":"Qualit\u00e0 della vita. Belluno prima per \"Ricchezza e consumi\" ma perde posizioni nella classifica generale del Sole 24 Ore - Bellunopress - Dolomiti","og_description":"Sindaco De Pellegrin: \u201cNoi ce la mettiamo tutta, ma serve pi\u00f9 attenzione alla montagna\u201d Belluno prima per \u201cRicchezza e consumi\u201d nella classifica sulla Qualit\u00e0 della Vita del Sole 24 Ore. Ma nella graduatoria sull\u2019andamento generale, la provincia perde posizioni. \u201cNon ci arrendiamo ad un 35esimo posto \u2013 dichiara il sindaco, Oscar De Pellegrin -, i [&hellip;]","og_url":"https:\/\/www.bellunopress.it\/fr\/2022\/12\/12\/qualita-della-vita-belluno-prima-per-ricchezza-e-consumi-ma-perde-posizioni-nella-classifica-generale-del-sole-24-ore\/","og_site_name":"Bellunopress - Dolomiti","article_publisher":"https:\/\/www.facebook.com\/profile.php?id=100008943462799","article_published_time":"2022-12-12T12:51:00+00:00","article_modified_time":"2022-12-12T13:11:53+00:00","og_image":[{"width":803,"height":1000,"url":"https:\/\/www.bellunopress.it\/wp-content\/uploads\/2022\/07\/Oscar-De-Pellegrin-sindaco-di-Belluno_edited.jpg","type":"image\/jpeg"}],"author":"redazione","twitter_card":"summary_large_image","twitter_creator":"@bellunopress","twitter_site":"@bellunopress","twitter_misc":{"\u00c9crit par":"redazione","Dur\u00e9e de lecture estim\u00e9e":"4 minutes"},"schema":{"@context":"https:\/\/schema.org","@graph":[{"@type":"Article","@id":"https:\/\/www.bellunopress.it\/2022\/12\/12\/qualita-della-vita-belluno-prima-per-ricchezza-e-consumi-ma-perde-posizioni-nella-classifica-generale-del-sole-24-ore\/#article","isPartOf":{"@id":"https:\/\/www.bellunopress.it\/2022\/12\/12\/qualita-della-vita-belluno-prima-per-ricchezza-e-consumi-ma-perde-posizioni-nella-classifica-generale-del-sole-24-ore\/"},"author":{"name":"redazione","@id":"https:\/\/www.bellunopress.it\/#\/schema\/person\/79bb06722b37ece1c03d3e94beb30d73"},"headline":"Qualit\u00e0 della vita. Belluno prima per &#8220;Ricchezza e consumi&#8221; ma perde posizioni nella classifica generale del Sole 24 Ore","datePublished":"2022-12-12T12:51:00+00:00","dateModified":"2022-12-12T13:11:53+00:00","mainEntityOfPage":{"@id":"https:\/\/www.bellunopress.it\/2022\/12\/12\/qualita-della-vita-belluno-prima-per-ricchezza-e-consumi-ma-perde-posizioni-nella-classifica-generale-del-sole-24-ore\/"},"wordCount":685,"publisher":{"@id":"https:\/\/www.bellunopress.it\/#organization"},"image":{"@id":"https:\/\/www.bellunopress.it\/2022\/12\/12\/qualita-della-vita-belluno-prima-per-ricchezza-e-consumi-ma-perde-posizioni-nella-classifica-generale-del-sole-24-ore\/#primaryimage"},"thumbnailUrl":"https:\/\/www.bellunopress.it\/wp-content\/uploads\/2022\/07\/Oscar-De-Pellegrin-sindaco-di-Belluno_edited.jpg","articleSection":["Cronaca\/Politica","Prima Pagina"],"inLanguage":"fr-FR"},{"@type":"WebPage","@id":"https:\/\/www.bellunopress.it\/2022\/12\/12\/qualita-della-vita-belluno-prima-per-ricchezza-e-consumi-ma-perde-posizioni-nella-classifica-generale-del-sole-24-ore\/","url":"https:\/\/www.bellunopress.it\/2022\/12\/12\/qualita-della-vita-belluno-prima-per-ricchezza-e-consumi-ma-perde-posizioni-nella-classifica-generale-del-sole-24-ore\/","name":"Qualit\u00e0 della vita. Belluno prima per \"Ricchezza e consumi\" ma perde posizioni nella classifica generale del Sole 24 Ore - Bellunopress - Dolomiti","isPartOf":{"@id":"https:\/\/www.bellunopress.it\/#website"},"primaryImageOfPage":{"@id":"https:\/\/www.bellunopress.it\/2022\/12\/12\/qualita-della-vita-belluno-prima-per-ricchezza-e-consumi-ma-perde-posizioni-nella-classifica-generale-del-sole-24-ore\/#primaryimage"},"image":{"@id":"https:\/\/www.bellunopress.it\/2022\/12\/12\/qualita-della-vita-belluno-prima-per-ricchezza-e-consumi-ma-perde-posizioni-nella-classifica-generale-del-sole-24-ore\/#primaryimage"},"thumbnailUrl":"https:\/\/www.bellunopress.it\/wp-content\/uploads\/2022\/07\/Oscar-De-Pellegrin-sindaco-di-Belluno_edited.jpg","datePublished":"2022-12-12T12:51:00+00:00","dateModified":"2022-12-12T13:11:53+00:00","breadcrumb":{"@id":"https:\/\/www.bellunopress.it\/2022\/12\/12\/qualita-della-vita-belluno-prima-per-ricchezza-e-consumi-ma-perde-posizioni-nella-classifica-generale-del-sole-24-ore\/#breadcrumb"},"inLanguage":"fr-FR","potentialAction":[{"@type":"ReadAction","target":["https:\/\/www.bellunopress.it\/2022\/12\/12\/qualita-della-vita-belluno-prima-per-ricchezza-e-consumi-ma-perde-posizioni-nella-classifica-generale-del-sole-24-ore\/"]}]},{"@type":"ImageObject","inLanguage":"fr-FR","@id":"https:\/\/www.bellunopress.it\/2022\/12\/12\/qualita-della-vita-belluno-prima-per-ricchezza-e-consumi-ma-perde-posizioni-nella-classifica-generale-del-sole-24-ore\/#primaryimage","url":"https:\/\/www.bellunopress.it\/wp-content\/uploads\/2022\/07\/Oscar-De-Pellegrin-sindaco-di-Belluno_edited.jpg","contentUrl":"https:\/\/www.bellunopress.it\/wp-content\/uploads\/2022\/07\/Oscar-De-Pellegrin-sindaco-di-Belluno_edited.jpg","width":803,"height":1000,"caption":"Oscar De Pellegrin, sindaco di Belluno"},{"@type":"BreadcrumbList","@id":"https:\/\/www.bellunopress.it\/2022\/12\/12\/qualita-della-vita-belluno-prima-per-ricchezza-e-consumi-ma-perde-posizioni-nella-classifica-generale-del-sole-24-ore\/#breadcrumb","itemListElement":[{"@type":"ListItem","position":1,"name":"Home","item":"https:\/\/www.bellunopress.it\/"},{"@type":"ListItem","position":2,"name":"Qualit\u00e0 della vita. Belluno prima per &#8220;Ricchezza e consumi&#8221; ma perde posizioni nella classifica generale del Sole 24 Ore"}]},{"@type":"WebSite","@id":"https:\/\/www.bellunopress.it\/#website","url":"https:\/\/www.bellunopress.it\/","name":"Bellunopress - Dolomiti","description":"e-mail: redazione@bellunopress.it","publisher":{"@id":"https:\/\/www.bellunopress.it\/#organization"},"potentialAction":[{"@type":"SearchAction","target":{"@type":"EntryPoint","urlTemplate":"https:\/\/www.bellunopress.it\/?s={search_term_string}"},"query-input":{"@type":"PropertyValueSpecification","valueRequired":true,"valueName":"search_term_string"}}],"inLanguage":"fr-FR"},{"@type":"Organization","@id":"https:\/\/www.bellunopress.it\/#organization","name":"Bellunopress","url":"https:\/\/www.bellunopress.it\/","logo":{"@type":"ImageObject","inLanguage":"fr-FR","@id":"https:\/\/www.bellunopress.it\/#\/schema\/logo\/image\/","url":"https:\/\/www.bellunopress.it\/wp-content\/uploads\/2011\/05\/cropped-logo-bellunopress-.jpg","contentUrl":"https:\/\/www.bellunopress.it\/wp-content\/uploads\/2011\/05\/cropped-logo-bellunopress-.jpg","width":512,"height":512,"caption":"Bellunopress"},"image":{"@id":"https:\/\/www.bellunopress.it\/#\/schema\/logo\/image\/"},"sameAs":["https:\/\/www.facebook.com\/profile.php?id=100008943462799","https:\/\/x.com\/bellunopress","https:\/\/www.linkedin.com\/hp\/?dnr=JBzUWaJfMUw8vbXJJ2tVW5-I3jZKvC4wsoxE&amp;amp;amp;amp;amp;amp;trk=nav_responsive_tab_home","https:\/\/www.youtube.com\/channel\/UCxL0wu1uN0_3_7hGG0306cw"]},{"@type":"Person","@id":"https:\/\/www.bellunopress.it\/#\/schema\/person\/79bb06722b37ece1c03d3e94beb30d73","name":"r\u00e9daction","image":{"@type":"ImageObject","inLanguage":"fr-FR","@id":"https:\/\/secure.gravatar.com\/avatar\/37d968a2e67a6fd04c169c4bdef102d0bc5d31b2546345219e348575eb80e9a0?s=96&d=mm&r=g","url":"https:\/\/secure.gravatar.com\/avatar\/37d968a2e67a6fd04c169c4bdef102d0bc5d31b2546345219e348575eb80e9a0?s=96&d=mm&r=g","contentUrl":"https:\/\/secure.gravatar.com\/avatar\/37d968a2e67a6fd04c169c4bdef102d0bc5d31b2546345219e348575eb80e9a0?s=96&d=mm&r=g","caption":"redazione"},"sameAs":["http:\/\/www.bellunopress.it","https:\/\/x.com\/bellunopress"],"url":"https:\/\/www.bellunopress.it\/fr\/author\/redazione\/"}]}},"_links":{"self":[{"href":"https:\/\/www.bellunopress.it\/fr\/wp-json\/wp\/v2\/posts\/138289","targetHints":{"allow":["GET"]}}],"collection":[{"href":"https:\/\/www.bellunopress.it\/fr\/wp-json\/wp\/v2\/posts"}],"about":[{"href":"https:\/\/www.bellunopress.it\/fr\/wp-json\/wp\/v2\/types\/post"}],"author":[{"embeddable":true,"href":"https:\/\/www.bellunopress.it\/fr\/wp-json\/wp\/v2\/users\/2"}],"replies":[{"embeddable":true,"href":"https:\/\/www.bellunopress.it\/fr\/wp-json\/wp\/v2\/comments?post=138289"}],"version-history":[{"count":2,"href":"https:\/\/www.bellunopress.it\/fr\/wp-json\/wp\/v2\/posts\/138289\/revisions"}],"predecessor-version":[{"id":138298,"href":"https:\/\/www.bellunopress.it\/fr\/wp-json\/wp\/v2\/posts\/138289\/revisions\/138298"}],"wp:featuredmedia":[{"embeddable":true,"href":"https:\/\/www.bellunopress.it\/fr\/wp-json\/wp\/v2\/media\/135245"}],"wp:attachment":[{"href":"https:\/\/www.bellunopress.it\/fr\/wp-json\/wp\/v2\/media?parent=138289"}],"wp:term":[{"taxonomy":"category","embeddable":true,"href":"https:\/\/www.bellunopress.it\/fr\/wp-json\/wp\/v2\/categories?post=138289"},{"taxonomy":"post_tag","embeddable":true,"href":"https:\/\/www.bellunopress.it\/fr\/wp-json\/wp\/v2\/tags?post=138289"}],"curies":[{"name":"wp","href":"https:\/\/api.w.org\/{rel}","templated":true}]}}