{"id":138285,"date":"2022-12-11T20:30:27","date_gmt":"2022-12-11T19:30:27","guid":{"rendered":"https:\/\/www.bellunopress.it\/?p=138285"},"modified":"2022-12-11T21:53:04","modified_gmt":"2022-12-11T20:53:04","slug":"pallavolo-belluno-fano-sbanca-la-spes-arena","status":"publish","type":"post","link":"https:\/\/www.bellunopress.it\/fr\/2022\/12\/11\/pallavolo-belluno-fano-sbanca-la-spes-arena\/","title":{"rendered":"Pallavolo Belluno: Fano sbanca la Spes Arena"},"content":{"rendered":"<p><img loading=\"lazy\" decoding=\"async\" class=\"alignleft size-full wp-image-131675\" src=\"https:\/\/www.bellunopress.it\/wp-content\/uploads\/2022\/02\/pallavolo-Da-Rold-Logistics-Mozzato_edited.jpg\" alt=\"\" width=\"1000\" height=\"667\" srcset=\"https:\/\/www.bellunopress.it\/wp-content\/uploads\/2022\/02\/pallavolo-Da-Rold-Logistics-Mozzato_edited.jpg 1000w, https:\/\/www.bellunopress.it\/wp-content\/uploads\/2022\/02\/pallavolo-Da-Rold-Logistics-Mozzato_edited-500x334.jpg 500w, https:\/\/www.bellunopress.it\/wp-content\/uploads\/2022\/02\/pallavolo-Da-Rold-Logistics-Mozzato_edited-696x464.jpg 696w, https:\/\/www.bellunopress.it\/wp-content\/uploads\/2022\/02\/pallavolo-Da-Rold-Logistics-Mozzato_edited-630x420.jpg 630w\" sizes=\"auto, (max-width: 1000px) 100vw, 1000px\" \/>L&#8217;inizio \u00e8 della Da Rold Logistics, il match \u00e8 della capolista<\/p>\n<p>DA ROLD LOGISTICS BELLUNO-VIGILAR FANO 1-3<\/p>\n<p>PARZIALI: 27-25, 27-29, 19-25, 20-25.<\/p>\n<p>DA ROLD LOGISTICS BELLUNO: Maccabruni 1, Novello 16, Saibene 5, Graziani 15, Mozzato 11, Stufano 12; Martinez (L), Guolla, Paganin, Ostuzzi 4. N.e. Galliani, Candeago, Guastamacchia, Pierobon (L). Allenatore: G. Colussi.<\/p>\n<p>VIGILAR FANO: Zonta 2, Ferri 6, Ferraro 1, Marks 29, Gozzo 12, Maletto 10; Raffa (L), Sabatini 1, Tito, Gori, Roberti 4, Galdenzi 2. Allenatore: M. Castellano.<\/p>\n<p>ARBITRI: Michele Marotta e Marco Laghi.<\/p>\n<p>NOTE. Durata set 32&#8242;, 33&#8242;, 24&#8242;, 26&#8242;; totale 1h55&#8242;. Belluno: battute sbagliate 20, vincenti 4, muri 7. Fano: b.s. 18, v. 2, m. 11.<\/p>\n<p>Alla pari con la capolista. A tratti, persino un po&#8217; meglio. La Da Rold Logistics esce a testa alta dalla sfida con Fano e, per poco, non annulla il gap di 10 lunghezze in graduatoria (diventati poi 13), all&#8217;interno di una gara interpretata col coltello tra i denti, ma soprattutto con razionalit\u00e0, equilibrio e il coraggio di guardare dritto negli occhi la Vigilar. Una corazzata che, non va dimenticato, vanta una striscia aperta di 11 successi (su 12 sfide disputate). Difficile, anzi, impossibile chiedere di pi\u00f9 ai rinoceronti, costretti a incassare la terza sconfitta casalinga di fila. Sconfitta, per\u00f2, ben diversa rispetto a quella della domenica precedente contro Parma. Giocando con lo spirito messo in mostra al cospetto della capoclassifica, i risultati non tarderanno ad arrivare. Anche se, a proposito di classifica, i bellunesi scivolano all&#8217;ottavo posto. E domenica prossima, a Macerata, andr\u00e0 in scena il turno conclusivo del girone d&#8217;andata.<\/p>\n<p>PARTENZA LANCIATA &#8211; La DRL parte a mille: Novello timbra subito due ace, i centrali passano sempre col verde e i marchigiani sono doppiati: 10-5. Ma Fano, ispirata da bomber Marks, risale: impatta a quota 22 (out l&#8217;attacco di Saibene) e trascina la comitiva ai vantaggi. L&#8217;epilogo, per\u00f2, \u00e8 tutto, ma proprio tutto di Alessandro Graziani, che ha la capacit\u00e0 di griffare quattro punti in sequenza. Gli ultimi e decisivi quattro.<\/p>\n<p>ANCORA I VANTAGGI &#8211; I bellunesi sono in palla e, sulla spinta di un pubblico in visibilio, vola sul 15-9. Peccato che con la Vigilar non ci si possa distrarre un secondo. Perch\u00e9 la capolista \u00e8 pronta ad approfittare di ogni pi\u00f9 piccola amnesia. E a punire, soprattutto con l&#8217;inarrestabile Marks: tanto \u00e8 vero che rimonta. E riesce pure a mettere il muso avanti (18-19, in seguito all&#8217;attacco fuori di Graziani). \u00c8 ancora punto a punto. E l&#8217;epilogo sfocia nuovamente ai vantaggi: solo che, a differenza del set iniziale, l&#8217;ultima parola \u00e8 marchigiana. E, nello specifico, di Maletto a muro.<\/p>\n<p>TANDEM &#8211; I padroni di casa accusano il colpo. E si ritrovano ancora a inseguire: 12-17. Anche perch\u00e9 il tandem Marks-Gozzo pedala forte (11 punti in coppia). E non si volta pi\u00f9 indietro. Come nel quarto e ultimo atto: nella met\u00e0 campo dolomitica subentra un po&#8217; di inevitabile fatica, mentre Fano, il ferro, lo batte finch\u00e9 \u00e8 caldo. Anzi, rovente. Il bottino pieno prende la direzione delle Marche, ma i rinoceronti meritano il lungo e sincero applauso che il pubblico della Spes Arena riserva loro.<\/p>\n<p>L&#8217;ANALISI &#8211; \u00abAbbiamo disputato due partite in una &#8211; argomenta coach Gian Luca Luca -. Una prima parte sopra le righe, forse anche al di l\u00e0 dei nostri standard: siamo riusciti a mettere in difficolt\u00e0 un grande avversario. Il rammarico \u00e8 per il finale di secondo set: con 4 punti di vantaggio, dovevamo essere pi\u00f9 cinici e invece ci siamo fatti riprendere. Poi abbiamo pagato la stanchezza: non tanto fisica, quanto mentale. Riuscire a tenere un livello cos\u00ec alto non \u00e8 semplice. Fano poi \u00e8 cresciuta un sacco. Bravi loro, ma ci siamo\u00bb.<\/p>","protected":false},"excerpt":{"rendered":"<p>L&#8217;inizio \u00e8 della Da Rold Logistics, il match \u00e8 della capolista DA ROLD LOGISTICS BELLUNO-VIGILAR FANO 1-3 PARZIALI: 27-25, 27-29, 19-25, 20-25. DA ROLD LOGISTICS BELLUNO: Maccabruni 1, Novello 16, Saibene 5, Graziani 15, Mozzato 11, Stufano 12; Martinez (L), Guolla, Paganin, Ostuzzi 4. N.e. Galliani, Candeago, Guastamacchia, Pierobon (L). Allenatore: G. Colussi. VIGILAR FANO: [&hellip;]<\/p>\n","protected":false},"author":2,"featured_media":131675,"comment_status":"closed","ping_status":"open","sticky":false,"template":"","format":"standard","meta":{"footnotes":""},"categories":[26,4],"tags":[],"class_list":["post-138285","post","type-post","status-publish","format-standard","has-post-thumbnail","category-prima-pagina","category-sport"],"yoast_head":"<!-- This site is optimized with the Yoast SEO plugin v28.4 - https:\/\/yoast.com\/product\/yoast-seo-wordpress\/ -->\n<title>Pallavolo Belluno: Fano sbanca la Spes Arena - Bellunopress - Dolomiti<\/title>\n<meta name=\"robots\" content=\"index, follow, max-snippet:-1, max-image-preview:large, max-video-preview:-1\" \/>\n<link rel=\"canonical\" href=\"https:\/\/www.bellunopress.it\/fr\/2022\/12\/11\/pallavolo-belluno-fano-sbanca-la-spes-arena\/\" \/>\n<meta property=\"og:locale\" content=\"fr_FR\" \/>\n<meta property=\"og:type\" content=\"article\" \/>\n<meta property=\"og:title\" content=\"Pallavolo Belluno: Fano sbanca la Spes Arena - Bellunopress - Dolomiti\" \/>\n<meta property=\"og:description\" content=\"L&#8217;inizio \u00e8 della Da Rold Logistics, il match \u00e8 della capolista DA ROLD LOGISTICS BELLUNO-VIGILAR FANO 1-3 PARZIALI: 27-25, 27-29, 19-25, 20-25. DA ROLD LOGISTICS BELLUNO: Maccabruni 1, Novello 16, Saibene 5, Graziani 15, Mozzato 11, Stufano 12; Martinez (L), Guolla, Paganin, Ostuzzi 4. N.e. Galliani, Candeago, Guastamacchia, Pierobon (L). Allenatore: G. Colussi. VIGILAR FANO: [&hellip;]\" \/>\n<meta property=\"og:url\" content=\"https:\/\/www.bellunopress.it\/fr\/2022\/12\/11\/pallavolo-belluno-fano-sbanca-la-spes-arena\/\" \/>\n<meta property=\"og:site_name\" content=\"Bellunopress - Dolomiti\" \/>\n<meta property=\"article:publisher\" content=\"https:\/\/www.facebook.com\/profile.php?id=100008943462799\" \/>\n<meta property=\"article:published_time\" content=\"2022-12-11T19:30:27+00:00\" \/>\n<meta property=\"article:modified_time\" content=\"2022-12-11T20:53:04+00:00\" \/>\n<meta property=\"og:image\" content=\"https:\/\/www.bellunopress.it\/wp-content\/uploads\/2022\/02\/pallavolo-Da-Rold-Logistics-Mozzato_edited.jpg\" \/>\n\t<meta property=\"og:image:width\" content=\"1000\" \/>\n\t<meta property=\"og:image:height\" content=\"667\" \/>\n\t<meta property=\"og:image:type\" content=\"image\/jpeg\" \/>\n<meta name=\"author\" content=\"redazione\" \/>\n<meta name=\"twitter:card\" content=\"summary_large_image\" \/>\n<meta name=\"twitter:creator\" content=\"@bellunopress\" \/>\n<meta name=\"twitter:site\" content=\"@bellunopress\" \/>\n<meta name=\"twitter:label1\" content=\"\u00c9crit par\" \/>\n\t<meta name=\"twitter:data1\" content=\"redazione\" \/>\n\t<meta name=\"twitter:label2\" content=\"Dur\u00e9e de lecture estim\u00e9e\" \/>\n\t<meta name=\"twitter:data2\" content=\"4 minutes\" \/>\n<script type=\"application\/ld+json\" class=\"yoast-schema-graph\">{\"@context\":\"https:\\\/\\\/schema.org\",\"@graph\":[{\"@type\":\"Article\",\"@id\":\"https:\\\/\\\/www.bellunopress.it\\\/2022\\\/12\\\/11\\\/pallavolo-belluno-fano-sbanca-la-spes-arena\\\/#article\",\"isPartOf\":{\"@id\":\"https:\\\/\\\/www.bellunopress.it\\\/2022\\\/12\\\/11\\\/pallavolo-belluno-fano-sbanca-la-spes-arena\\\/\"},\"author\":{\"name\":\"redazione\",\"@id\":\"https:\\\/\\\/www.bellunopress.it\\\/#\\\/schema\\\/person\\\/79bb06722b37ece1c03d3e94beb30d73\"},\"headline\":\"Pallavolo Belluno: Fano sbanca la Spes Arena\",\"datePublished\":\"2022-12-11T19:30:27+00:00\",\"dateModified\":\"2022-12-11T20:53:04+00:00\",\"mainEntityOfPage\":{\"@id\":\"https:\\\/\\\/www.bellunopress.it\\\/2022\\\/12\\\/11\\\/pallavolo-belluno-fano-sbanca-la-spes-arena\\\/\"},\"wordCount\":586,\"publisher\":{\"@id\":\"https:\\\/\\\/www.bellunopress.it\\\/#organization\"},\"image\":{\"@id\":\"https:\\\/\\\/www.bellunopress.it\\\/2022\\\/12\\\/11\\\/pallavolo-belluno-fano-sbanca-la-spes-arena\\\/#primaryimage\"},\"thumbnailUrl\":\"https:\\\/\\\/www.bellunopress.it\\\/wp-content\\\/uploads\\\/2022\\\/02\\\/pallavolo-Da-Rold-Logistics-Mozzato_edited.jpg\",\"articleSection\":[\"Prima Pagina\",\"Sport, tempo libero\"],\"inLanguage\":\"fr-FR\"},{\"@type\":\"WebPage\",\"@id\":\"https:\\\/\\\/www.bellunopress.it\\\/2022\\\/12\\\/11\\\/pallavolo-belluno-fano-sbanca-la-spes-arena\\\/\",\"url\":\"https:\\\/\\\/www.bellunopress.it\\\/2022\\\/12\\\/11\\\/pallavolo-belluno-fano-sbanca-la-spes-arena\\\/\",\"name\":\"Pallavolo Belluno: Fano sbanca la Spes Arena - Bellunopress - Dolomiti\",\"isPartOf\":{\"@id\":\"https:\\\/\\\/www.bellunopress.it\\\/#website\"},\"primaryImageOfPage\":{\"@id\":\"https:\\\/\\\/www.bellunopress.it\\\/2022\\\/12\\\/11\\\/pallavolo-belluno-fano-sbanca-la-spes-arena\\\/#primaryimage\"},\"image\":{\"@id\":\"https:\\\/\\\/www.bellunopress.it\\\/2022\\\/12\\\/11\\\/pallavolo-belluno-fano-sbanca-la-spes-arena\\\/#primaryimage\"},\"thumbnailUrl\":\"https:\\\/\\\/www.bellunopress.it\\\/wp-content\\\/uploads\\\/2022\\\/02\\\/pallavolo-Da-Rold-Logistics-Mozzato_edited.jpg\",\"datePublished\":\"2022-12-11T19:30:27+00:00\",\"dateModified\":\"2022-12-11T20:53:04+00:00\",\"breadcrumb\":{\"@id\":\"https:\\\/\\\/www.bellunopress.it\\\/2022\\\/12\\\/11\\\/pallavolo-belluno-fano-sbanca-la-spes-arena\\\/#breadcrumb\"},\"inLanguage\":\"fr-FR\",\"potentialAction\":[{\"@type\":\"ReadAction\",\"target\":[\"https:\\\/\\\/www.bellunopress.it\\\/2022\\\/12\\\/11\\\/pallavolo-belluno-fano-sbanca-la-spes-arena\\\/\"]}]},{\"@type\":\"ImageObject\",\"inLanguage\":\"fr-FR\",\"@id\":\"https:\\\/\\\/www.bellunopress.it\\\/2022\\\/12\\\/11\\\/pallavolo-belluno-fano-sbanca-la-spes-arena\\\/#primaryimage\",\"url\":\"https:\\\/\\\/www.bellunopress.it\\\/wp-content\\\/uploads\\\/2022\\\/02\\\/pallavolo-Da-Rold-Logistics-Mozzato_edited.jpg\",\"contentUrl\":\"https:\\\/\\\/www.bellunopress.it\\\/wp-content\\\/uploads\\\/2022\\\/02\\\/pallavolo-Da-Rold-Logistics-Mozzato_edited.jpg\",\"width\":1000,\"height\":667},{\"@type\":\"BreadcrumbList\",\"@id\":\"https:\\\/\\\/www.bellunopress.it\\\/2022\\\/12\\\/11\\\/pallavolo-belluno-fano-sbanca-la-spes-arena\\\/#breadcrumb\",\"itemListElement\":[{\"@type\":\"ListItem\",\"position\":1,\"name\":\"Home\",\"item\":\"https:\\\/\\\/www.bellunopress.it\\\/\"},{\"@type\":\"ListItem\",\"position\":2,\"name\":\"Pallavolo Belluno: Fano sbanca la Spes Arena\"}]},{\"@type\":\"WebSite\",\"@id\":\"https:\\\/\\\/www.bellunopress.it\\\/#website\",\"url\":\"https:\\\/\\\/www.bellunopress.it\\\/\",\"name\":\"Bellunopress - Dolomiti\",\"description\":\"e-mail: redazione@bellunopress.it\",\"publisher\":{\"@id\":\"https:\\\/\\\/www.bellunopress.it\\\/#organization\"},\"potentialAction\":[{\"@type\":\"SearchAction\",\"target\":{\"@type\":\"EntryPoint\",\"urlTemplate\":\"https:\\\/\\\/www.bellunopress.it\\\/?s={search_term_string}\"},\"query-input\":{\"@type\":\"PropertyValueSpecification\",\"valueRequired\":true,\"valueName\":\"search_term_string\"}}],\"inLanguage\":\"fr-FR\"},{\"@type\":\"Organization\",\"@id\":\"https:\\\/\\\/www.bellunopress.it\\\/#organization\",\"name\":\"Bellunopress\",\"url\":\"https:\\\/\\\/www.bellunopress.it\\\/\",\"logo\":{\"@type\":\"ImageObject\",\"inLanguage\":\"fr-FR\",\"@id\":\"https:\\\/\\\/www.bellunopress.it\\\/#\\\/schema\\\/logo\\\/image\\\/\",\"url\":\"https:\\\/\\\/www.bellunopress.it\\\/wp-content\\\/uploads\\\/2011\\\/05\\\/cropped-logo-bellunopress-.jpg\",\"contentUrl\":\"https:\\\/\\\/www.bellunopress.it\\\/wp-content\\\/uploads\\\/2011\\\/05\\\/cropped-logo-bellunopress-.jpg\",\"width\":512,\"height\":512,\"caption\":\"Bellunopress\"},\"image\":{\"@id\":\"https:\\\/\\\/www.bellunopress.it\\\/#\\\/schema\\\/logo\\\/image\\\/\"},\"sameAs\":[\"https:\\\/\\\/www.facebook.com\\\/profile.php?id=100008943462799\",\"https:\\\/\\\/x.com\\\/bellunopress\",\"https:\\\/\\\/www.linkedin.com\\\/hp\\\/?dnr=JBzUWaJfMUw8vbXJJ2tVW5-I3jZKvC4wsoxE&amp;amp;amp;amp;amp;amp;trk=nav_responsive_tab_home\",\"https:\\\/\\\/www.youtube.com\\\/channel\\\/UCxL0wu1uN0_3_7hGG0306cw\"]},{\"@type\":\"Person\",\"@id\":\"https:\\\/\\\/www.bellunopress.it\\\/#\\\/schema\\\/person\\\/79bb06722b37ece1c03d3e94beb30d73\",\"name\":\"redazione\",\"image\":{\"@type\":\"ImageObject\",\"inLanguage\":\"fr-FR\",\"@id\":\"https:\\\/\\\/secure.gravatar.com\\\/avatar\\\/37d968a2e67a6fd04c169c4bdef102d0bc5d31b2546345219e348575eb80e9a0?s=96&d=mm&r=g\",\"url\":\"https:\\\/\\\/secure.gravatar.com\\\/avatar\\\/37d968a2e67a6fd04c169c4bdef102d0bc5d31b2546345219e348575eb80e9a0?s=96&d=mm&r=g\",\"contentUrl\":\"https:\\\/\\\/secure.gravatar.com\\\/avatar\\\/37d968a2e67a6fd04c169c4bdef102d0bc5d31b2546345219e348575eb80e9a0?s=96&d=mm&r=g\",\"caption\":\"redazione\"},\"sameAs\":[\"http:\\\/\\\/www.bellunopress.it\",\"https:\\\/\\\/x.com\\\/bellunopress\"],\"url\":\"https:\\\/\\\/www.bellunopress.it\\\/fr\\\/author\\\/redazione\\\/\"}]}<\/script>\n<!-- \/ Yoast SEO plugin. -->","yoast_head_json":{"title":"Pallavolo Belluno: Fano sbanca la Spes Arena - Bellunopress - Dolomiti","robots":{"index":"index","follow":"follow","max-snippet":"max-snippet:-1","max-image-preview":"max-image-preview:large","max-video-preview":"max-video-preview:-1"},"canonical":"https:\/\/www.bellunopress.it\/fr\/2022\/12\/11\/pallavolo-belluno-fano-sbanca-la-spes-arena\/","og_locale":"fr_FR","og_type":"article","og_title":"Pallavolo Belluno: Fano sbanca la Spes Arena - Bellunopress - Dolomiti","og_description":"L&#8217;inizio \u00e8 della Da Rold Logistics, il match \u00e8 della capolista DA ROLD LOGISTICS BELLUNO-VIGILAR FANO 1-3 PARZIALI: 27-25, 27-29, 19-25, 20-25. DA ROLD LOGISTICS BELLUNO: Maccabruni 1, Novello 16, Saibene 5, Graziani 15, Mozzato 11, Stufano 12; Martinez (L), Guolla, Paganin, Ostuzzi 4. N.e. Galliani, Candeago, Guastamacchia, Pierobon (L). Allenatore: G. Colussi. VIGILAR FANO: [&hellip;]","og_url":"https:\/\/www.bellunopress.it\/fr\/2022\/12\/11\/pallavolo-belluno-fano-sbanca-la-spes-arena\/","og_site_name":"Bellunopress - Dolomiti","article_publisher":"https:\/\/www.facebook.com\/profile.php?id=100008943462799","article_published_time":"2022-12-11T19:30:27+00:00","article_modified_time":"2022-12-11T20:53:04+00:00","og_image":[{"width":1000,"height":667,"url":"https:\/\/www.bellunopress.it\/wp-content\/uploads\/2022\/02\/pallavolo-Da-Rold-Logistics-Mozzato_edited.jpg","type":"image\/jpeg"}],"author":"redazione","twitter_card":"summary_large_image","twitter_creator":"@bellunopress","twitter_site":"@bellunopress","twitter_misc":{"\u00c9crit par":"redazione","Dur\u00e9e de lecture estim\u00e9e":"4 minutes"},"schema":{"@context":"https:\/\/schema.org","@graph":[{"@type":"Article","@id":"https:\/\/www.bellunopress.it\/2022\/12\/11\/pallavolo-belluno-fano-sbanca-la-spes-arena\/#article","isPartOf":{"@id":"https:\/\/www.bellunopress.it\/2022\/12\/11\/pallavolo-belluno-fano-sbanca-la-spes-arena\/"},"author":{"name":"redazione","@id":"https:\/\/www.bellunopress.it\/#\/schema\/person\/79bb06722b37ece1c03d3e94beb30d73"},"headline":"Pallavolo Belluno: Fano sbanca la Spes Arena","datePublished":"2022-12-11T19:30:27+00:00","dateModified":"2022-12-11T20:53:04+00:00","mainEntityOfPage":{"@id":"https:\/\/www.bellunopress.it\/2022\/12\/11\/pallavolo-belluno-fano-sbanca-la-spes-arena\/"},"wordCount":586,"publisher":{"@id":"https:\/\/www.bellunopress.it\/#organization"},"image":{"@id":"https:\/\/www.bellunopress.it\/2022\/12\/11\/pallavolo-belluno-fano-sbanca-la-spes-arena\/#primaryimage"},"thumbnailUrl":"https:\/\/www.bellunopress.it\/wp-content\/uploads\/2022\/02\/pallavolo-Da-Rold-Logistics-Mozzato_edited.jpg","articleSection":["Prima Pagina","Sport, tempo libero"],"inLanguage":"fr-FR"},{"@type":"WebPage","@id":"https:\/\/www.bellunopress.it\/2022\/12\/11\/pallavolo-belluno-fano-sbanca-la-spes-arena\/","url":"https:\/\/www.bellunopress.it\/2022\/12\/11\/pallavolo-belluno-fano-sbanca-la-spes-arena\/","name":"Pallavolo Belluno: Fano sbanca la Spes Arena - Bellunopress - Dolomiti","isPartOf":{"@id":"https:\/\/www.bellunopress.it\/#website"},"primaryImageOfPage":{"@id":"https:\/\/www.bellunopress.it\/2022\/12\/11\/pallavolo-belluno-fano-sbanca-la-spes-arena\/#primaryimage"},"image":{"@id":"https:\/\/www.bellunopress.it\/2022\/12\/11\/pallavolo-belluno-fano-sbanca-la-spes-arena\/#primaryimage"},"thumbnailUrl":"https:\/\/www.bellunopress.it\/wp-content\/uploads\/2022\/02\/pallavolo-Da-Rold-Logistics-Mozzato_edited.jpg","datePublished":"2022-12-11T19:30:27+00:00","dateModified":"2022-12-11T20:53:04+00:00","breadcrumb":{"@id":"https:\/\/www.bellunopress.it\/2022\/12\/11\/pallavolo-belluno-fano-sbanca-la-spes-arena\/#breadcrumb"},"inLanguage":"fr-FR","potentialAction":[{"@type":"ReadAction","target":["https:\/\/www.bellunopress.it\/2022\/12\/11\/pallavolo-belluno-fano-sbanca-la-spes-arena\/"]}]},{"@type":"ImageObject","inLanguage":"fr-FR","@id":"https:\/\/www.bellunopress.it\/2022\/12\/11\/pallavolo-belluno-fano-sbanca-la-spes-arena\/#primaryimage","url":"https:\/\/www.bellunopress.it\/wp-content\/uploads\/2022\/02\/pallavolo-Da-Rold-Logistics-Mozzato_edited.jpg","contentUrl":"https:\/\/www.bellunopress.it\/wp-content\/uploads\/2022\/02\/pallavolo-Da-Rold-Logistics-Mozzato_edited.jpg","width":1000,"height":667},{"@type":"BreadcrumbList","@id":"https:\/\/www.bellunopress.it\/2022\/12\/11\/pallavolo-belluno-fano-sbanca-la-spes-arena\/#breadcrumb","itemListElement":[{"@type":"ListItem","position":1,"name":"Home","item":"https:\/\/www.bellunopress.it\/"},{"@type":"ListItem","position":2,"name":"Pallavolo Belluno: Fano sbanca la Spes Arena"}]},{"@type":"WebSite","@id":"https:\/\/www.bellunopress.it\/#website","url":"https:\/\/www.bellunopress.it\/","name":"Bellunopress - Dolomiti","description":"e-mail: redazione@bellunopress.it","publisher":{"@id":"https:\/\/www.bellunopress.it\/#organization"},"potentialAction":[{"@type":"SearchAction","target":{"@type":"EntryPoint","urlTemplate":"https:\/\/www.bellunopress.it\/?s={search_term_string}"},"query-input":{"@type":"PropertyValueSpecification","valueRequired":true,"valueName":"search_term_string"}}],"inLanguage":"fr-FR"},{"@type":"Organization","@id":"https:\/\/www.bellunopress.it\/#organization","name":"Bellunopress","url":"https:\/\/www.bellunopress.it\/","logo":{"@type":"ImageObject","inLanguage":"fr-FR","@id":"https:\/\/www.bellunopress.it\/#\/schema\/logo\/image\/","url":"https:\/\/www.bellunopress.it\/wp-content\/uploads\/2011\/05\/cropped-logo-bellunopress-.jpg","contentUrl":"https:\/\/www.bellunopress.it\/wp-content\/uploads\/2011\/05\/cropped-logo-bellunopress-.jpg","width":512,"height":512,"caption":"Bellunopress"},"image":{"@id":"https:\/\/www.bellunopress.it\/#\/schema\/logo\/image\/"},"sameAs":["https:\/\/www.facebook.com\/profile.php?id=100008943462799","https:\/\/x.com\/bellunopress","https:\/\/www.linkedin.com\/hp\/?dnr=JBzUWaJfMUw8vbXJJ2tVW5-I3jZKvC4wsoxE&amp;amp;amp;amp;amp;amp;trk=nav_responsive_tab_home","https:\/\/www.youtube.com\/channel\/UCxL0wu1uN0_3_7hGG0306cw"]},{"@type":"Person","@id":"https:\/\/www.bellunopress.it\/#\/schema\/person\/79bb06722b37ece1c03d3e94beb30d73","name":"r\u00e9daction","image":{"@type":"ImageObject","inLanguage":"fr-FR","@id":"https:\/\/secure.gravatar.com\/avatar\/37d968a2e67a6fd04c169c4bdef102d0bc5d31b2546345219e348575eb80e9a0?s=96&d=mm&r=g","url":"https:\/\/secure.gravatar.com\/avatar\/37d968a2e67a6fd04c169c4bdef102d0bc5d31b2546345219e348575eb80e9a0?s=96&d=mm&r=g","contentUrl":"https:\/\/secure.gravatar.com\/avatar\/37d968a2e67a6fd04c169c4bdef102d0bc5d31b2546345219e348575eb80e9a0?s=96&d=mm&r=g","caption":"redazione"},"sameAs":["http:\/\/www.bellunopress.it","https:\/\/x.com\/bellunopress"],"url":"https:\/\/www.bellunopress.it\/fr\/author\/redazione\/"}]}},"_links":{"self":[{"href":"https:\/\/www.bellunopress.it\/fr\/wp-json\/wp\/v2\/posts\/138285","targetHints":{"allow":["GET"]}}],"collection":[{"href":"https:\/\/www.bellunopress.it\/fr\/wp-json\/wp\/v2\/posts"}],"about":[{"href":"https:\/\/www.bellunopress.it\/fr\/wp-json\/wp\/v2\/types\/post"}],"author":[{"embeddable":true,"href":"https:\/\/www.bellunopress.it\/fr\/wp-json\/wp\/v2\/users\/2"}],"replies":[{"embeddable":true,"href":"https:\/\/www.bellunopress.it\/fr\/wp-json\/wp\/v2\/comments?post=138285"}],"version-history":[{"count":1,"href":"https:\/\/www.bellunopress.it\/fr\/wp-json\/wp\/v2\/posts\/138285\/revisions"}],"predecessor-version":[{"id":138286,"href":"https:\/\/www.bellunopress.it\/fr\/wp-json\/wp\/v2\/posts\/138285\/revisions\/138286"}],"wp:featuredmedia":[{"embeddable":true,"href":"https:\/\/www.bellunopress.it\/fr\/wp-json\/wp\/v2\/media\/131675"}],"wp:attachment":[{"href":"https:\/\/www.bellunopress.it\/fr\/wp-json\/wp\/v2\/media?parent=138285"}],"wp:term":[{"taxonomy":"category","embeddable":true,"href":"https:\/\/www.bellunopress.it\/fr\/wp-json\/wp\/v2\/categories?post=138285"},{"taxonomy":"post_tag","embeddable":true,"href":"https:\/\/www.bellunopress.it\/fr\/wp-json\/wp\/v2\/tags?post=138285"}],"curies":[{"name":"wp","href":"https:\/\/api.w.org\/{rel}","templated":true}]}}