{"id":138282,"date":"2022-12-11T19:34:12","date_gmt":"2022-12-11T18:34:12","guid":{"rendered":"https:\/\/www.bellunopress.it\/?p=138282"},"modified":"2022-12-11T19:34:12","modified_gmt":"2022-12-11T18:34:12","slug":"oltre-500-babbi-natale-hanno-sfidato-neve-e-freddo-alla-16ma-santaklaus-running","status":"publish","type":"post","link":"https:\/\/www.bellunopress.it\/fr\/2022\/12\/11\/oltre-500-babbi-natale-hanno-sfidato-neve-e-freddo-alla-16ma-santaklaus-running\/","title":{"rendered":"Oltre 500 Babbi Natale hanno sfidato neve e freddo alla 16ma Santaklaus Running"},"content":{"rendered":"<p><em><strong><img loading=\"lazy\" decoding=\"async\" class=\"alignleft size-full wp-image-138283\" src=\"https:\/\/www.bellunopress.it\/wp-content\/uploads\/2022\/12\/santaklaus-running-2022-babbi-natale_edited.jpg\" alt=\"\" width=\"1000\" height=\"750\" srcset=\"https:\/\/www.bellunopress.it\/wp-content\/uploads\/2022\/12\/santaklaus-running-2022-babbi-natale_edited.jpg 1000w, https:\/\/www.bellunopress.it\/wp-content\/uploads\/2022\/12\/santaklaus-running-2022-babbi-natale_edited-500x375.jpg 500w, https:\/\/www.bellunopress.it\/wp-content\/uploads\/2022\/12\/santaklaus-running-2022-babbi-natale_edited-696x522.jpg 696w, https:\/\/www.bellunopress.it\/wp-content\/uploads\/2022\/12\/santaklaus-running-2022-babbi-natale_edited-560x420.jpg 560w, https:\/\/www.bellunopress.it\/wp-content\/uploads\/2022\/12\/santaklaus-running-2022-babbi-natale_edited-80x60.jpg 80w, https:\/\/www.bellunopress.it\/wp-content\/uploads\/2022\/12\/santaklaus-running-2022-babbi-natale_edited-265x198.jpg 265w\" sizes=\"auto, (max-width: 1000px) 100vw, 1000px\" \/>La cavalcata solitaria di Sirbu nella Half matahon, Selle la pi\u00f9 veloce<\/strong><\/em><br \/>\n<em><strong>Nella 12km vittoria di Zanella e Mazzucco<\/strong><\/em><\/p>\n<p>Neve e pioggia non hanno fermato oltre 500 Babbi Natale che ieri hanno invaso piazza Martiri a Belluno. Si sapeva che ci sarebbe stata una finestra di tregua del meteo e cos\u00ec \u00e8 stato, cielo plumbeo ma alle 10 i runner della mezza maratona e della 12km competitiva e non sono partiti all&#8217;asciutto, anche se le temperature erano tipiche invernali. Appena dopo sono partiti i Babbi Natale della 5km non competitiva.<\/p>\n<p>Dei quasi mille iscritti, alla fine la met\u00e0 ha voluto onorare la grande festa che la Santaklaus Running riesce sempre a regalare: un fiume di colore e allegria, tantissimi i passeggini e le famiglie che hanno voluto comunque fare una passeggiata in centro citt\u00e0. In mezzo a loro anche una ventina di rifugiati ucraini, mamme e bambini, che in questo periodo vivono nelle caserme di Belluno. Gli organizzatori (la societ\u00e0 Dolomiti Psg) li ha invitati come ospiti a vivere una mattina di allegria tutti insieme e il negozio &#8220;Cartolandia&#8221; di Sedico ha donato a tutti i bambini uno zainetto per la scuola coloratissimo.<\/p>\n<p>Il gruppo pi\u00f9 numeroso si \u00e8 confermato quello del Run&amp;Fun di Belluno che aveva iscritto oltre 60 persone: si sono presentati quasi tutti e chi ha fatto la 12km si \u00e8 alternato nello spingere la carrozzina di un amico disabile. Gli hanno fatto quasi eco &#8220;Gli spingitori inaffidabili&#8221; che, seppure decimati, hanno corso la 12km alternandosi per mano ad un amico non vedente.<\/p>\n<p>La maggior parte dei Babbi Natale della Santaklaus Running arrivava comunque da fuori Belluno e molti da fuori regione (persino da Barletta, Sassari, Milano) incuranti del meteo e curiosi di ammirare anche Gaia, l&#8217;installazione gigante creata da Luke Jerram che raffigura il pianeta Terra. Lungo i percorsi erano stati allestiti ristori con the caldo ogni 5km, ma sicuramente il pi\u00f9 apprezzato \u00e8 stato l&#8217;ultimo, prima di entrare in Villa Morassutti, gestito dalle &#8220;Pantere Rosa&#8221; di Visome che accanto al ristoro tradizionale avevano acceso la griglia e preparato panini con il pastin e vin brul\u00e9 per tutti i Babbi Natale infreddoliti.<br \/>\nSono tornati per il secondo anno studenti e professori dell&#8217;Istituto comprensivo di Brunico: &#8220;Qui ci divertiamo sempre moltissimo e quest&#8217;esperienza aiuta i ragazzi a fare squadra, alcuni di loro sono del Cadore e veniamo volentieri qui anche come gesto di affetto per loro&#8221; ha spiegato Giusy Santo, la coordinatrice.<\/p>\n<p>&#8220;Siamo contenti che questa bellissima manifestazione sia tornata dopo i 2 anni di stop, \u00e8 un evento importante che ci riporta alla normalit\u00e0&#8221; ha detto ai microfoni l&#8217;assessore allo Sport Monica Mazzoccoli che nonostante fosse il giorno del suo compleanno ha voluto essere presente alla partenza e alle premiazioni.<\/p>\n<p>&#8220;Dopo due anni di stop forzato dovevamo ripartire e ringraziamo gli oltre 500 Babbi Natale di aver vissuto con noi questa giornata di festa e di sport. Vedere le facce felici malgrado il freddo e la pioggia ci dice che abbiamo fatto la cosa giusta, anche se molti non sono partiti&#8221; ha detto Ivan Piol a nome della societ\u00e0 organizzatrice.<\/p>\n<p>Dominatore di questa Santaklaus Running da tregenda \u00e8 stato il 22enne, moldavo di nascita ma bellunese di adozione, Mihail Sirbu (GS Quantin Alpen plus) che ha attaccato subito e al giro di boa di Sois aveva gi\u00e0 allungato l&#8217;intramontabile Said Boudalia (Atl. Trichana) di 5&#8242; tagliando il traguardo in 1h12&#8217;13&#8221;. Boudalia ha chiuso in 1h16&#8217;49&#8221;, per lui dopo 3 vittorie della Santaklaus Running la terza volta al secondo posto. Dopo di loro il vuoto. Alessandro Fagherazzi (Fiori Barp) ha chiuso al terzo posto dopo 11&#8217;45&#8221; da Mihail, quarto Fiorello Pianon (Alpago Tornado) +12&#8217;45&#8221;. Fulminea la partecipazione di Mihail che tagliato il traguardo non ha potuto nemmeno fermarsi per le premiazioni e foto di rito perch\u00e9 doveva correre&#8230;al lavoro.<\/p>\n<p>In campo femminile la bellunese Simonetta Selle (Dolomiti Belluno) ha confermato la sua ottima forma chiudendo l&#8217;half marathon in 1h36&#8217;45&#8221; davanti a Rita Cafagna (Run card) 1h42&#8217;26&#8243;e Paola Doro (atletica Roncade) 1h42&#8217;45&#8221; arrivate al fotofinish e Alice Paganin (Run&amp;Fun Belluno) 1h43&#8217;17&#8221;.<\/p>\n<p>Nella 12km competitiva vittoria netta di Osvaldo Zanella (Atl. Brugnera), il &#8220;delfino&#8221; del campione europeo Gabriele De Nard ha chiuso in 39&#8217;29&#8221; davanti a Gabriele Del Longo 41&#8217;02&#8221;, Raffaele Teza 42&#8217;26&#8221; , Enrico Bonati (Alpago) 42&#8217;43&#8221; e Lorenzo Munerotto (Cremona Sport) 42&#8217;59&#8221;.<\/p>\n<p>Doppietta in casa Atletica Dolomiti Belluno che oltre alla vittoria di Selle nella mezza maratona, porta a casa anche il primo posto (undicesima assoluta) nella 12km grazie alla giovane Sara Mazzucco 45&#8217;21&#8221; davanti alla feltrina Francesca Tonin (Corradini Excels.) 48&#8217;23&#8221;, vincitrice nell&#8217;ultima edizione del 2019, terza Sonia Lorenzi (Dolomiti Belluno) 48&#8217;39&#8221;, quarta Silvia Vecellio (Atleticadore) 51&#8217;11&#8221; e quinta Giorgia Filippi (GS Valsugana) 52&#8217;06&#8221;.<\/p>","protected":false},"excerpt":{"rendered":"<p>La cavalcata solitaria di Sirbu nella Half matahon, Selle la pi\u00f9 veloce Nella 12km vittoria di Zanella e Mazzucco Neve e pioggia non hanno fermato oltre 500 Babbi Natale che ieri hanno invaso piazza Martiri a Belluno. Si sapeva che ci sarebbe stata una finestra di tregua del meteo e cos\u00ec \u00e8 stato, cielo plumbeo [&hellip;]<\/p>\n","protected":false},"author":2,"featured_media":138283,"comment_status":"closed","ping_status":"open","sticky":false,"template":"","format":"standard","meta":{"footnotes":""},"categories":[26,8,4],"tags":[],"class_list":["post-138282","post","type-post","status-publish","format-standard","has-post-thumbnail","category-prima-pagina","category-societa-istituzioni","category-sport"],"yoast_head":"<!-- This site is optimized with the Yoast SEO plugin v28.4 - https:\/\/yoast.com\/product\/yoast-seo-wordpress\/ -->\n<title>Oltre 500 Babbi Natale hanno sfidato neve e freddo alla 16ma Santaklaus Running - Bellunopress - Dolomiti<\/title>\n<meta name=\"robots\" content=\"index, follow, max-snippet:-1, max-image-preview:large, max-video-preview:-1\" \/>\n<link rel=\"canonical\" href=\"https:\/\/www.bellunopress.it\/fr\/2022\/12\/11\/oltre-500-babbi-natale-hanno-sfidato-neve-e-freddo-alla-16ma-santaklaus-running\/\" \/>\n<meta property=\"og:locale\" content=\"fr_FR\" \/>\n<meta property=\"og:type\" content=\"article\" \/>\n<meta property=\"og:title\" content=\"Oltre 500 Babbi Natale hanno sfidato neve e freddo alla 16ma Santaklaus Running - Bellunopress - Dolomiti\" \/>\n<meta property=\"og:description\" content=\"La cavalcata solitaria di Sirbu nella Half matahon, Selle la pi\u00f9 veloce Nella 12km vittoria di Zanella e Mazzucco Neve e pioggia non hanno fermato oltre 500 Babbi Natale che ieri hanno invaso piazza Martiri a Belluno. Si sapeva che ci sarebbe stata una finestra di tregua del meteo e cos\u00ec \u00e8 stato, cielo plumbeo [&hellip;]\" \/>\n<meta property=\"og:url\" content=\"https:\/\/www.bellunopress.it\/fr\/2022\/12\/11\/oltre-500-babbi-natale-hanno-sfidato-neve-e-freddo-alla-16ma-santaklaus-running\/\" \/>\n<meta property=\"og:site_name\" content=\"Bellunopress - Dolomiti\" \/>\n<meta property=\"article:publisher\" content=\"https:\/\/www.facebook.com\/profile.php?id=100008943462799\" \/>\n<meta property=\"article:published_time\" content=\"2022-12-11T18:34:12+00:00\" \/>\n<meta property=\"og:image\" content=\"https:\/\/www.bellunopress.it\/wp-content\/uploads\/2022\/12\/santaklaus-running-2022-babbi-natale_edited.jpg\" \/>\n\t<meta property=\"og:image:width\" content=\"1000\" \/>\n\t<meta property=\"og:image:height\" content=\"750\" \/>\n\t<meta property=\"og:image:type\" content=\"image\/jpeg\" \/>\n<meta name=\"author\" content=\"redazione\" \/>\n<meta name=\"twitter:card\" content=\"summary_large_image\" \/>\n<meta name=\"twitter:creator\" content=\"@bellunopress\" \/>\n<meta name=\"twitter:site\" content=\"@bellunopress\" \/>\n<meta name=\"twitter:label1\" content=\"\u00c9crit par\" \/>\n\t<meta name=\"twitter:data1\" content=\"redazione\" \/>\n\t<meta name=\"twitter:label2\" content=\"Dur\u00e9e de lecture estim\u00e9e\" \/>\n\t<meta name=\"twitter:data2\" content=\"5 minutes\" \/>\n<script type=\"application\/ld+json\" class=\"yoast-schema-graph\">{\"@context\":\"https:\\\/\\\/schema.org\",\"@graph\":[{\"@type\":\"Article\",\"@id\":\"https:\\\/\\\/www.bellunopress.it\\\/2022\\\/12\\\/11\\\/oltre-500-babbi-natale-hanno-sfidato-neve-e-freddo-alla-16ma-santaklaus-running\\\/#article\",\"isPartOf\":{\"@id\":\"https:\\\/\\\/www.bellunopress.it\\\/2022\\\/12\\\/11\\\/oltre-500-babbi-natale-hanno-sfidato-neve-e-freddo-alla-16ma-santaklaus-running\\\/\"},\"author\":{\"name\":\"redazione\",\"@id\":\"https:\\\/\\\/www.bellunopress.it\\\/#\\\/schema\\\/person\\\/79bb06722b37ece1c03d3e94beb30d73\"},\"headline\":\"Oltre 500 Babbi Natale hanno sfidato neve e freddo alla 16ma Santaklaus Running\",\"datePublished\":\"2022-12-11T18:34:12+00:00\",\"mainEntityOfPage\":{\"@id\":\"https:\\\/\\\/www.bellunopress.it\\\/2022\\\/12\\\/11\\\/oltre-500-babbi-natale-hanno-sfidato-neve-e-freddo-alla-16ma-santaklaus-running\\\/\"},\"wordCount\":778,\"publisher\":{\"@id\":\"https:\\\/\\\/www.bellunopress.it\\\/#organization\"},\"image\":{\"@id\":\"https:\\\/\\\/www.bellunopress.it\\\/2022\\\/12\\\/11\\\/oltre-500-babbi-natale-hanno-sfidato-neve-e-freddo-alla-16ma-santaklaus-running\\\/#primaryimage\"},\"thumbnailUrl\":\"https:\\\/\\\/www.bellunopress.it\\\/wp-content\\\/uploads\\\/2022\\\/12\\\/santaklaus-running-2022-babbi-natale_edited.jpg\",\"articleSection\":[\"Prima Pagina\",\"Societ\u00e0, Associazioni, Istituzioni\",\"Sport, tempo libero\"],\"inLanguage\":\"fr-FR\"},{\"@type\":\"WebPage\",\"@id\":\"https:\\\/\\\/www.bellunopress.it\\\/2022\\\/12\\\/11\\\/oltre-500-babbi-natale-hanno-sfidato-neve-e-freddo-alla-16ma-santaklaus-running\\\/\",\"url\":\"https:\\\/\\\/www.bellunopress.it\\\/2022\\\/12\\\/11\\\/oltre-500-babbi-natale-hanno-sfidato-neve-e-freddo-alla-16ma-santaklaus-running\\\/\",\"name\":\"Oltre 500 Babbi Natale hanno sfidato neve e freddo alla 16ma Santaklaus Running - Bellunopress - Dolomiti\",\"isPartOf\":{\"@id\":\"https:\\\/\\\/www.bellunopress.it\\\/#website\"},\"primaryImageOfPage\":{\"@id\":\"https:\\\/\\\/www.bellunopress.it\\\/2022\\\/12\\\/11\\\/oltre-500-babbi-natale-hanno-sfidato-neve-e-freddo-alla-16ma-santaklaus-running\\\/#primaryimage\"},\"image\":{\"@id\":\"https:\\\/\\\/www.bellunopress.it\\\/2022\\\/12\\\/11\\\/oltre-500-babbi-natale-hanno-sfidato-neve-e-freddo-alla-16ma-santaklaus-running\\\/#primaryimage\"},\"thumbnailUrl\":\"https:\\\/\\\/www.bellunopress.it\\\/wp-content\\\/uploads\\\/2022\\\/12\\\/santaklaus-running-2022-babbi-natale_edited.jpg\",\"datePublished\":\"2022-12-11T18:34:12+00:00\",\"breadcrumb\":{\"@id\":\"https:\\\/\\\/www.bellunopress.it\\\/2022\\\/12\\\/11\\\/oltre-500-babbi-natale-hanno-sfidato-neve-e-freddo-alla-16ma-santaklaus-running\\\/#breadcrumb\"},\"inLanguage\":\"fr-FR\",\"potentialAction\":[{\"@type\":\"ReadAction\",\"target\":[\"https:\\\/\\\/www.bellunopress.it\\\/2022\\\/12\\\/11\\\/oltre-500-babbi-natale-hanno-sfidato-neve-e-freddo-alla-16ma-santaklaus-running\\\/\"]}]},{\"@type\":\"ImageObject\",\"inLanguage\":\"fr-FR\",\"@id\":\"https:\\\/\\\/www.bellunopress.it\\\/2022\\\/12\\\/11\\\/oltre-500-babbi-natale-hanno-sfidato-neve-e-freddo-alla-16ma-santaklaus-running\\\/#primaryimage\",\"url\":\"https:\\\/\\\/www.bellunopress.it\\\/wp-content\\\/uploads\\\/2022\\\/12\\\/santaklaus-running-2022-babbi-natale_edited.jpg\",\"contentUrl\":\"https:\\\/\\\/www.bellunopress.it\\\/wp-content\\\/uploads\\\/2022\\\/12\\\/santaklaus-running-2022-babbi-natale_edited.jpg\",\"width\":1000,\"height\":750},{\"@type\":\"BreadcrumbList\",\"@id\":\"https:\\\/\\\/www.bellunopress.it\\\/2022\\\/12\\\/11\\\/oltre-500-babbi-natale-hanno-sfidato-neve-e-freddo-alla-16ma-santaklaus-running\\\/#breadcrumb\",\"itemListElement\":[{\"@type\":\"ListItem\",\"position\":1,\"name\":\"Home\",\"item\":\"https:\\\/\\\/www.bellunopress.it\\\/\"},{\"@type\":\"ListItem\",\"position\":2,\"name\":\"Oltre 500 Babbi Natale hanno sfidato neve e freddo alla 16ma Santaklaus Running\"}]},{\"@type\":\"WebSite\",\"@id\":\"https:\\\/\\\/www.bellunopress.it\\\/#website\",\"url\":\"https:\\\/\\\/www.bellunopress.it\\\/\",\"name\":\"Bellunopress - Dolomiti\",\"description\":\"e-mail: redazione@bellunopress.it\",\"publisher\":{\"@id\":\"https:\\\/\\\/www.bellunopress.it\\\/#organization\"},\"potentialAction\":[{\"@type\":\"SearchAction\",\"target\":{\"@type\":\"EntryPoint\",\"urlTemplate\":\"https:\\\/\\\/www.bellunopress.it\\\/?s={search_term_string}\"},\"query-input\":{\"@type\":\"PropertyValueSpecification\",\"valueRequired\":true,\"valueName\":\"search_term_string\"}}],\"inLanguage\":\"fr-FR\"},{\"@type\":\"Organization\",\"@id\":\"https:\\\/\\\/www.bellunopress.it\\\/#organization\",\"name\":\"Bellunopress\",\"url\":\"https:\\\/\\\/www.bellunopress.it\\\/\",\"logo\":{\"@type\":\"ImageObject\",\"inLanguage\":\"fr-FR\",\"@id\":\"https:\\\/\\\/www.bellunopress.it\\\/#\\\/schema\\\/logo\\\/image\\\/\",\"url\":\"https:\\\/\\\/www.bellunopress.it\\\/wp-content\\\/uploads\\\/2011\\\/05\\\/cropped-logo-bellunopress-.jpg\",\"contentUrl\":\"https:\\\/\\\/www.bellunopress.it\\\/wp-content\\\/uploads\\\/2011\\\/05\\\/cropped-logo-bellunopress-.jpg\",\"width\":512,\"height\":512,\"caption\":\"Bellunopress\"},\"image\":{\"@id\":\"https:\\\/\\\/www.bellunopress.it\\\/#\\\/schema\\\/logo\\\/image\\\/\"},\"sameAs\":[\"https:\\\/\\\/www.facebook.com\\\/profile.php?id=100008943462799\",\"https:\\\/\\\/x.com\\\/bellunopress\",\"https:\\\/\\\/www.linkedin.com\\\/hp\\\/?dnr=JBzUWaJfMUw8vbXJJ2tVW5-I3jZKvC4wsoxE&amp;amp;amp;amp;amp;amp;trk=nav_responsive_tab_home\",\"https:\\\/\\\/www.youtube.com\\\/channel\\\/UCxL0wu1uN0_3_7hGG0306cw\"]},{\"@type\":\"Person\",\"@id\":\"https:\\\/\\\/www.bellunopress.it\\\/#\\\/schema\\\/person\\\/79bb06722b37ece1c03d3e94beb30d73\",\"name\":\"redazione\",\"image\":{\"@type\":\"ImageObject\",\"inLanguage\":\"fr-FR\",\"@id\":\"https:\\\/\\\/secure.gravatar.com\\\/avatar\\\/37d968a2e67a6fd04c169c4bdef102d0bc5d31b2546345219e348575eb80e9a0?s=96&d=mm&r=g\",\"url\":\"https:\\\/\\\/secure.gravatar.com\\\/avatar\\\/37d968a2e67a6fd04c169c4bdef102d0bc5d31b2546345219e348575eb80e9a0?s=96&d=mm&r=g\",\"contentUrl\":\"https:\\\/\\\/secure.gravatar.com\\\/avatar\\\/37d968a2e67a6fd04c169c4bdef102d0bc5d31b2546345219e348575eb80e9a0?s=96&d=mm&r=g\",\"caption\":\"redazione\"},\"sameAs\":[\"http:\\\/\\\/www.bellunopress.it\",\"https:\\\/\\\/x.com\\\/bellunopress\"],\"url\":\"https:\\\/\\\/www.bellunopress.it\\\/fr\\\/author\\\/redazione\\\/\"}]}<\/script>\n<!-- \/ Yoast SEO plugin. -->","yoast_head_json":{"title":"Oltre 500 Babbi Natale hanno sfidato neve e freddo alla 16ma Santaklaus Running - Bellunopress - Dolomiti","robots":{"index":"index","follow":"follow","max-snippet":"max-snippet:-1","max-image-preview":"max-image-preview:large","max-video-preview":"max-video-preview:-1"},"canonical":"https:\/\/www.bellunopress.it\/fr\/2022\/12\/11\/oltre-500-babbi-natale-hanno-sfidato-neve-e-freddo-alla-16ma-santaklaus-running\/","og_locale":"fr_FR","og_type":"article","og_title":"Oltre 500 Babbi Natale hanno sfidato neve e freddo alla 16ma Santaklaus Running - Bellunopress - Dolomiti","og_description":"La cavalcata solitaria di Sirbu nella Half matahon, Selle la pi\u00f9 veloce Nella 12km vittoria di Zanella e Mazzucco Neve e pioggia non hanno fermato oltre 500 Babbi Natale che ieri hanno invaso piazza Martiri a Belluno. Si sapeva che ci sarebbe stata una finestra di tregua del meteo e cos\u00ec \u00e8 stato, cielo plumbeo [&hellip;]","og_url":"https:\/\/www.bellunopress.it\/fr\/2022\/12\/11\/oltre-500-babbi-natale-hanno-sfidato-neve-e-freddo-alla-16ma-santaklaus-running\/","og_site_name":"Bellunopress - Dolomiti","article_publisher":"https:\/\/www.facebook.com\/profile.php?id=100008943462799","article_published_time":"2022-12-11T18:34:12+00:00","og_image":[{"width":1000,"height":750,"url":"https:\/\/www.bellunopress.it\/wp-content\/uploads\/2022\/12\/santaklaus-running-2022-babbi-natale_edited.jpg","type":"image\/jpeg"}],"author":"redazione","twitter_card":"summary_large_image","twitter_creator":"@bellunopress","twitter_site":"@bellunopress","twitter_misc":{"\u00c9crit par":"redazione","Dur\u00e9e de lecture estim\u00e9e":"5 minutes"},"schema":{"@context":"https:\/\/schema.org","@graph":[{"@type":"Article","@id":"https:\/\/www.bellunopress.it\/2022\/12\/11\/oltre-500-babbi-natale-hanno-sfidato-neve-e-freddo-alla-16ma-santaklaus-running\/#article","isPartOf":{"@id":"https:\/\/www.bellunopress.it\/2022\/12\/11\/oltre-500-babbi-natale-hanno-sfidato-neve-e-freddo-alla-16ma-santaklaus-running\/"},"author":{"name":"redazione","@id":"https:\/\/www.bellunopress.it\/#\/schema\/person\/79bb06722b37ece1c03d3e94beb30d73"},"headline":"Oltre 500 Babbi Natale hanno sfidato neve e freddo alla 16ma Santaklaus Running","datePublished":"2022-12-11T18:34:12+00:00","mainEntityOfPage":{"@id":"https:\/\/www.bellunopress.it\/2022\/12\/11\/oltre-500-babbi-natale-hanno-sfidato-neve-e-freddo-alla-16ma-santaklaus-running\/"},"wordCount":778,"publisher":{"@id":"https:\/\/www.bellunopress.it\/#organization"},"image":{"@id":"https:\/\/www.bellunopress.it\/2022\/12\/11\/oltre-500-babbi-natale-hanno-sfidato-neve-e-freddo-alla-16ma-santaklaus-running\/#primaryimage"},"thumbnailUrl":"https:\/\/www.bellunopress.it\/wp-content\/uploads\/2022\/12\/santaklaus-running-2022-babbi-natale_edited.jpg","articleSection":["Prima Pagina","Societ\u00e0, Associazioni, Istituzioni","Sport, tempo libero"],"inLanguage":"fr-FR"},{"@type":"WebPage","@id":"https:\/\/www.bellunopress.it\/2022\/12\/11\/oltre-500-babbi-natale-hanno-sfidato-neve-e-freddo-alla-16ma-santaklaus-running\/","url":"https:\/\/www.bellunopress.it\/2022\/12\/11\/oltre-500-babbi-natale-hanno-sfidato-neve-e-freddo-alla-16ma-santaklaus-running\/","name":"Oltre 500 Babbi Natale hanno sfidato neve e freddo alla 16ma Santaklaus Running - Bellunopress - Dolomiti","isPartOf":{"@id":"https:\/\/www.bellunopress.it\/#website"},"primaryImageOfPage":{"@id":"https:\/\/www.bellunopress.it\/2022\/12\/11\/oltre-500-babbi-natale-hanno-sfidato-neve-e-freddo-alla-16ma-santaklaus-running\/#primaryimage"},"image":{"@id":"https:\/\/www.bellunopress.it\/2022\/12\/11\/oltre-500-babbi-natale-hanno-sfidato-neve-e-freddo-alla-16ma-santaklaus-running\/#primaryimage"},"thumbnailUrl":"https:\/\/www.bellunopress.it\/wp-content\/uploads\/2022\/12\/santaklaus-running-2022-babbi-natale_edited.jpg","datePublished":"2022-12-11T18:34:12+00:00","breadcrumb":{"@id":"https:\/\/www.bellunopress.it\/2022\/12\/11\/oltre-500-babbi-natale-hanno-sfidato-neve-e-freddo-alla-16ma-santaklaus-running\/#breadcrumb"},"inLanguage":"fr-FR","potentialAction":[{"@type":"ReadAction","target":["https:\/\/www.bellunopress.it\/2022\/12\/11\/oltre-500-babbi-natale-hanno-sfidato-neve-e-freddo-alla-16ma-santaklaus-running\/"]}]},{"@type":"ImageObject","inLanguage":"fr-FR","@id":"https:\/\/www.bellunopress.it\/2022\/12\/11\/oltre-500-babbi-natale-hanno-sfidato-neve-e-freddo-alla-16ma-santaklaus-running\/#primaryimage","url":"https:\/\/www.bellunopress.it\/wp-content\/uploads\/2022\/12\/santaklaus-running-2022-babbi-natale_edited.jpg","contentUrl":"https:\/\/www.bellunopress.it\/wp-content\/uploads\/2022\/12\/santaklaus-running-2022-babbi-natale_edited.jpg","width":1000,"height":750},{"@type":"BreadcrumbList","@id":"https:\/\/www.bellunopress.it\/2022\/12\/11\/oltre-500-babbi-natale-hanno-sfidato-neve-e-freddo-alla-16ma-santaklaus-running\/#breadcrumb","itemListElement":[{"@type":"ListItem","position":1,"name":"Home","item":"https:\/\/www.bellunopress.it\/"},{"@type":"ListItem","position":2,"name":"Oltre 500 Babbi Natale hanno sfidato neve e freddo alla 16ma Santaklaus Running"}]},{"@type":"WebSite","@id":"https:\/\/www.bellunopress.it\/#website","url":"https:\/\/www.bellunopress.it\/","name":"Bellunopress - Dolomiti","description":"e-mail: redazione@bellunopress.it","publisher":{"@id":"https:\/\/www.bellunopress.it\/#organization"},"potentialAction":[{"@type":"SearchAction","target":{"@type":"EntryPoint","urlTemplate":"https:\/\/www.bellunopress.it\/?s={search_term_string}"},"query-input":{"@type":"PropertyValueSpecification","valueRequired":true,"valueName":"search_term_string"}}],"inLanguage":"fr-FR"},{"@type":"Organization","@id":"https:\/\/www.bellunopress.it\/#organization","name":"Bellunopress","url":"https:\/\/www.bellunopress.it\/","logo":{"@type":"ImageObject","inLanguage":"fr-FR","@id":"https:\/\/www.bellunopress.it\/#\/schema\/logo\/image\/","url":"https:\/\/www.bellunopress.it\/wp-content\/uploads\/2011\/05\/cropped-logo-bellunopress-.jpg","contentUrl":"https:\/\/www.bellunopress.it\/wp-content\/uploads\/2011\/05\/cropped-logo-bellunopress-.jpg","width":512,"height":512,"caption":"Bellunopress"},"image":{"@id":"https:\/\/www.bellunopress.it\/#\/schema\/logo\/image\/"},"sameAs":["https:\/\/www.facebook.com\/profile.php?id=100008943462799","https:\/\/x.com\/bellunopress","https:\/\/www.linkedin.com\/hp\/?dnr=JBzUWaJfMUw8vbXJJ2tVW5-I3jZKvC4wsoxE&amp;amp;amp;amp;amp;amp;trk=nav_responsive_tab_home","https:\/\/www.youtube.com\/channel\/UCxL0wu1uN0_3_7hGG0306cw"]},{"@type":"Person","@id":"https:\/\/www.bellunopress.it\/#\/schema\/person\/79bb06722b37ece1c03d3e94beb30d73","name":"r\u00e9daction","image":{"@type":"ImageObject","inLanguage":"fr-FR","@id":"https:\/\/secure.gravatar.com\/avatar\/37d968a2e67a6fd04c169c4bdef102d0bc5d31b2546345219e348575eb80e9a0?s=96&d=mm&r=g","url":"https:\/\/secure.gravatar.com\/avatar\/37d968a2e67a6fd04c169c4bdef102d0bc5d31b2546345219e348575eb80e9a0?s=96&d=mm&r=g","contentUrl":"https:\/\/secure.gravatar.com\/avatar\/37d968a2e67a6fd04c169c4bdef102d0bc5d31b2546345219e348575eb80e9a0?s=96&d=mm&r=g","caption":"redazione"},"sameAs":["http:\/\/www.bellunopress.it","https:\/\/x.com\/bellunopress"],"url":"https:\/\/www.bellunopress.it\/fr\/author\/redazione\/"}]}},"_links":{"self":[{"href":"https:\/\/www.bellunopress.it\/fr\/wp-json\/wp\/v2\/posts\/138282","targetHints":{"allow":["GET"]}}],"collection":[{"href":"https:\/\/www.bellunopress.it\/fr\/wp-json\/wp\/v2\/posts"}],"about":[{"href":"https:\/\/www.bellunopress.it\/fr\/wp-json\/wp\/v2\/types\/post"}],"author":[{"embeddable":true,"href":"https:\/\/www.bellunopress.it\/fr\/wp-json\/wp\/v2\/users\/2"}],"replies":[{"embeddable":true,"href":"https:\/\/www.bellunopress.it\/fr\/wp-json\/wp\/v2\/comments?post=138282"}],"version-history":[{"count":1,"href":"https:\/\/www.bellunopress.it\/fr\/wp-json\/wp\/v2\/posts\/138282\/revisions"}],"predecessor-version":[{"id":138284,"href":"https:\/\/www.bellunopress.it\/fr\/wp-json\/wp\/v2\/posts\/138282\/revisions\/138284"}],"wp:featuredmedia":[{"embeddable":true,"href":"https:\/\/www.bellunopress.it\/fr\/wp-json\/wp\/v2\/media\/138283"}],"wp:attachment":[{"href":"https:\/\/www.bellunopress.it\/fr\/wp-json\/wp\/v2\/media?parent=138282"}],"wp:term":[{"taxonomy":"category","embeddable":true,"href":"https:\/\/www.bellunopress.it\/fr\/wp-json\/wp\/v2\/categories?post=138282"},{"taxonomy":"post_tag","embeddable":true,"href":"https:\/\/www.bellunopress.it\/fr\/wp-json\/wp\/v2\/tags?post=138282"}],"curies":[{"name":"wp","href":"https:\/\/api.w.org\/{rel}","templated":true}]}}