{"id":138233,"date":"2022-12-09T16:02:46","date_gmt":"2022-12-09T15:02:46","guid":{"rendered":"https:\/\/www.bellunopress.it\/?p=138233"},"modified":"2022-12-09T16:02:46","modified_gmt":"2022-12-09T15:02:46","slug":"il-cantagiro-per-la-citta-domenica-pomeriggio-a-feltre-con-i-brani-evergreen","status":"publish","type":"post","link":"https:\/\/www.bellunopress.it\/fr\/2022\/12\/09\/il-cantagiro-per-la-citta-domenica-pomeriggio-a-feltre-con-i-brani-evergreen\/","title":{"rendered":"Il Cantagiro per la Citt\u00e0. Domenica pomeriggio a Feltre con i brani evergreen"},"content":{"rendered":"<p><img loading=\"lazy\" decoding=\"async\" class=\"alignleft size-full wp-image-138234\" src=\"https:\/\/www.bellunopress.it\/wp-content\/uploads\/2022\/12\/Cantagiro-per-la-citta_edited.jpg\" alt=\"\" width=\"1000\" height=\"800\" srcset=\"https:\/\/www.bellunopress.it\/wp-content\/uploads\/2022\/12\/Cantagiro-per-la-citta_edited.jpg 1000w, https:\/\/www.bellunopress.it\/wp-content\/uploads\/2022\/12\/Cantagiro-per-la-citta_edited-500x400.jpg 500w, https:\/\/www.bellunopress.it\/wp-content\/uploads\/2022\/12\/Cantagiro-per-la-citta_edited-696x557.jpg 696w, https:\/\/www.bellunopress.it\/wp-content\/uploads\/2022\/12\/Cantagiro-per-la-citta_edited-525x420.jpg 525w\" sizes=\"auto, (max-width: 1000px) 100vw, 1000px\" \/>Successo pieno nelle prime due tappe, ora il \u201cCantagiro per la Citt\u00e0\u201d approda a Feltre domenica 11 dicembre. Andare alla scoperta dei luoghi pi\u00f9 affascinanti dei nostri centri urbani, muovendosi sul filo della memoria e delle emozioni, accompagnati da tre guide-attrici che parlano i linguaggi della musica e delle arti sceniche. Il tutto, trasformando vie e piazze in un grande teatro nel quale far risuonare la gioia di vivere con brani sempreverdi che spaziano dal blues al pop, dal rock al musical citando brani di Mariah Carey, Queen, Abba e tanti altri.<br \/>\n\u00c8 il gi\u00e0 citato \u201cCantagiro per la citt\u00e0\u201d, promosso fino alla vigilia di Natale da \u201cPEM Habitat Teatrali\u201d e inserito dal circuito teatrale regionale Arteven all&#8217;interno del progetto di \u201cNatale con un sorriso 2022\u201d.<br \/>\nAd animarlo, le \u201cCikale Comic Vocal Trio\u201d, Anna Marcato, Beatrice Niero e Isabella Girardini, con la consulenza drammaturgica di Domenico Ferrari.<\/p>\n<p>Dopo aver toccato San Don\u00e0 di Piave e Vittorio Veneto, il Cantagiro sar\u00e0 a Feltre.\u00a0 Con partenza alle 15.30 da Piazza Maggiore, per toccare in successione Piazza Trento Trieste, Largo Castaldi e il Duomo. Il tutto, animando le singole tappe a tempo di musica.<br \/>\n\u201cI percorsi \u2013 spiegano i referenti di PEM Habitat Teatrali \u2013 sono costruiti in collaborazione con i Comuni per far scoprire agli spettatori-turisti particolarit\u00e0, storia e aneddoti dei luoghi attraversati\u201d. Luoghi che possono essere celebri per la loro bellezza e frequentati dal grande turismo, ma anche tutti da scoprire, ricchi di curiosit\u00e0 e in grado di raccontare nel profondo l\u2019anima della citt\u00e0.<br \/>\nQuesto, per una riscoperta delle tradizioni che si lega particolarmente bene al periodo delle festivit\u00e0. Il risultato \u00e8 un percorso di scoperta e di valorizzazione del territorio, che favorisce aggregazione e partecipazione dei cittadini.<\/p>\n<p>Nato lo scorso marzo grazie al bando \u201cViviPadova \u2013 un\u2019aula grande come la mia citt\u00e0\u201d, del Comune di Padova, il \u201cCantagiro per la citt\u00e0\u201d ha offerto al pubblico la visione di una citt\u00e0 allargata, sorridente, accogliente e diversa dal solito, divenendo in breve un format teatrale che ha gi\u00e0 riscosso applausi, in estate, sul lago di Garda e a Massa Carrara, grazie, in questo secondo caso alla Fondazione Toscana Spettacolo.<\/p>\n<p>Per quanto riguarda il cartellone natalizio, dopo Feltre il Cantagiro rimarr\u00e0 in provincia di Belluno, sabato 17 a Pieve di Cadore alle 14.30, per andare alla scoperta del pittore Tiziano Vecellio. Domenica 18 sar\u00e0 il turno della vicentina Asiago, alle 15.30, mentre l\u2019antivigilia di Natale, il 23, il Cantagiro sar\u00e0 di nuovo in provincia di Venezia a Portogruaro (ritrovo alle 15.30). Si chiude il pomeriggio del 24, alle 15.00, a Piove di Sacco, a sud di Padova.<\/p>","protected":false},"excerpt":{"rendered":"<p>Successo pieno nelle prime due tappe, ora il \u201cCantagiro per la Citt\u00e0\u201d approda a Feltre domenica 11 dicembre. Andare alla scoperta dei luoghi pi\u00f9 affascinanti dei nostri centri urbani, muovendosi sul filo della memoria e delle emozioni, accompagnati da tre guide-attrici che parlano i linguaggi della musica e delle arti sceniche. Il tutto, trasformando vie [&hellip;]<\/p>\n","protected":false},"author":2,"featured_media":138234,"comment_status":"closed","ping_status":"open","sticky":false,"template":"","format":"standard","meta":{"footnotes":""},"categories":[25,4],"tags":[],"class_list":["post-138233","post","type-post","status-publish","format-standard","has-post-thumbnail","category-pausa-caffe","category-sport"],"yoast_head":"<!-- This site is optimized with the Yoast SEO plugin v28.4 - https:\/\/yoast.com\/product\/yoast-seo-wordpress\/ -->\n<title>Il Cantagiro per la Citt\u00e0. Domenica pomeriggio a Feltre con i brani evergreen - Bellunopress - Dolomiti<\/title>\n<meta name=\"robots\" content=\"index, follow, max-snippet:-1, max-image-preview:large, max-video-preview:-1\" \/>\n<link rel=\"canonical\" href=\"https:\/\/www.bellunopress.it\/fr\/2022\/12\/09\/il-cantagiro-per-la-citta-domenica-pomeriggio-a-feltre-con-i-brani-evergreen\/\" \/>\n<meta property=\"og:locale\" content=\"fr_FR\" \/>\n<meta property=\"og:type\" content=\"article\" \/>\n<meta property=\"og:title\" content=\"Il Cantagiro per la Citt\u00e0. Domenica pomeriggio a Feltre con i brani evergreen - Bellunopress - Dolomiti\" \/>\n<meta property=\"og:description\" content=\"Successo pieno nelle prime due tappe, ora il \u201cCantagiro per la Citt\u00e0\u201d approda a Feltre domenica 11 dicembre. Andare alla scoperta dei luoghi pi\u00f9 affascinanti dei nostri centri urbani, muovendosi sul filo della memoria e delle emozioni, accompagnati da tre guide-attrici che parlano i linguaggi della musica e delle arti sceniche. Il tutto, trasformando vie [&hellip;]\" \/>\n<meta property=\"og:url\" content=\"https:\/\/www.bellunopress.it\/fr\/2022\/12\/09\/il-cantagiro-per-la-citta-domenica-pomeriggio-a-feltre-con-i-brani-evergreen\/\" \/>\n<meta property=\"og:site_name\" content=\"Bellunopress - Dolomiti\" \/>\n<meta property=\"article:publisher\" content=\"https:\/\/www.facebook.com\/profile.php?id=100008943462799\" \/>\n<meta property=\"article:published_time\" content=\"2022-12-09T15:02:46+00:00\" \/>\n<meta property=\"og:image\" content=\"https:\/\/www.bellunopress.it\/wp-content\/uploads\/2022\/12\/Cantagiro-per-la-citta_edited.jpg\" \/>\n\t<meta property=\"og:image:width\" content=\"1000\" \/>\n\t<meta property=\"og:image:height\" content=\"800\" \/>\n\t<meta property=\"og:image:type\" content=\"image\/jpeg\" \/>\n<meta name=\"author\" content=\"redazione\" \/>\n<meta name=\"twitter:card\" content=\"summary_large_image\" \/>\n<meta name=\"twitter:creator\" content=\"@bellunopress\" \/>\n<meta name=\"twitter:site\" content=\"@bellunopress\" \/>\n<meta name=\"twitter:label1\" content=\"\u00c9crit par\" \/>\n\t<meta name=\"twitter:data1\" content=\"redazione\" \/>\n\t<meta name=\"twitter:label2\" content=\"Dur\u00e9e de lecture estim\u00e9e\" \/>\n\t<meta name=\"twitter:data2\" content=\"3 minutes\" \/>\n<script type=\"application\/ld+json\" class=\"yoast-schema-graph\">{\"@context\":\"https:\\\/\\\/schema.org\",\"@graph\":[{\"@type\":\"Article\",\"@id\":\"https:\\\/\\\/www.bellunopress.it\\\/2022\\\/12\\\/09\\\/il-cantagiro-per-la-citta-domenica-pomeriggio-a-feltre-con-i-brani-evergreen\\\/#article\",\"isPartOf\":{\"@id\":\"https:\\\/\\\/www.bellunopress.it\\\/2022\\\/12\\\/09\\\/il-cantagiro-per-la-citta-domenica-pomeriggio-a-feltre-con-i-brani-evergreen\\\/\"},\"author\":{\"name\":\"redazione\",\"@id\":\"https:\\\/\\\/www.bellunopress.it\\\/#\\\/schema\\\/person\\\/79bb06722b37ece1c03d3e94beb30d73\"},\"headline\":\"Il Cantagiro per la Citt\u00e0. Domenica pomeriggio a Feltre con i brani evergreen\",\"datePublished\":\"2022-12-09T15:02:46+00:00\",\"mainEntityOfPage\":{\"@id\":\"https:\\\/\\\/www.bellunopress.it\\\/2022\\\/12\\\/09\\\/il-cantagiro-per-la-citta-domenica-pomeriggio-a-feltre-con-i-brani-evergreen\\\/\"},\"wordCount\":435,\"publisher\":{\"@id\":\"https:\\\/\\\/www.bellunopress.it\\\/#organization\"},\"image\":{\"@id\":\"https:\\\/\\\/www.bellunopress.it\\\/2022\\\/12\\\/09\\\/il-cantagiro-per-la-citta-domenica-pomeriggio-a-feltre-con-i-brani-evergreen\\\/#primaryimage\"},\"thumbnailUrl\":\"https:\\\/\\\/www.bellunopress.it\\\/wp-content\\\/uploads\\\/2022\\\/12\\\/Cantagiro-per-la-citta_edited.jpg\",\"articleSection\":[\"Pausa Caff\u00e8\",\"Sport, tempo libero\"],\"inLanguage\":\"fr-FR\"},{\"@type\":\"WebPage\",\"@id\":\"https:\\\/\\\/www.bellunopress.it\\\/2022\\\/12\\\/09\\\/il-cantagiro-per-la-citta-domenica-pomeriggio-a-feltre-con-i-brani-evergreen\\\/\",\"url\":\"https:\\\/\\\/www.bellunopress.it\\\/2022\\\/12\\\/09\\\/il-cantagiro-per-la-citta-domenica-pomeriggio-a-feltre-con-i-brani-evergreen\\\/\",\"name\":\"Il Cantagiro per la Citt\u00e0. Domenica pomeriggio a Feltre con i brani evergreen - Bellunopress - Dolomiti\",\"isPartOf\":{\"@id\":\"https:\\\/\\\/www.bellunopress.it\\\/#website\"},\"primaryImageOfPage\":{\"@id\":\"https:\\\/\\\/www.bellunopress.it\\\/2022\\\/12\\\/09\\\/il-cantagiro-per-la-citta-domenica-pomeriggio-a-feltre-con-i-brani-evergreen\\\/#primaryimage\"},\"image\":{\"@id\":\"https:\\\/\\\/www.bellunopress.it\\\/2022\\\/12\\\/09\\\/il-cantagiro-per-la-citta-domenica-pomeriggio-a-feltre-con-i-brani-evergreen\\\/#primaryimage\"},\"thumbnailUrl\":\"https:\\\/\\\/www.bellunopress.it\\\/wp-content\\\/uploads\\\/2022\\\/12\\\/Cantagiro-per-la-citta_edited.jpg\",\"datePublished\":\"2022-12-09T15:02:46+00:00\",\"breadcrumb\":{\"@id\":\"https:\\\/\\\/www.bellunopress.it\\\/2022\\\/12\\\/09\\\/il-cantagiro-per-la-citta-domenica-pomeriggio-a-feltre-con-i-brani-evergreen\\\/#breadcrumb\"},\"inLanguage\":\"fr-FR\",\"potentialAction\":[{\"@type\":\"ReadAction\",\"target\":[\"https:\\\/\\\/www.bellunopress.it\\\/2022\\\/12\\\/09\\\/il-cantagiro-per-la-citta-domenica-pomeriggio-a-feltre-con-i-brani-evergreen\\\/\"]}]},{\"@type\":\"ImageObject\",\"inLanguage\":\"fr-FR\",\"@id\":\"https:\\\/\\\/www.bellunopress.it\\\/2022\\\/12\\\/09\\\/il-cantagiro-per-la-citta-domenica-pomeriggio-a-feltre-con-i-brani-evergreen\\\/#primaryimage\",\"url\":\"https:\\\/\\\/www.bellunopress.it\\\/wp-content\\\/uploads\\\/2022\\\/12\\\/Cantagiro-per-la-citta_edited.jpg\",\"contentUrl\":\"https:\\\/\\\/www.bellunopress.it\\\/wp-content\\\/uploads\\\/2022\\\/12\\\/Cantagiro-per-la-citta_edited.jpg\",\"width\":1000,\"height\":800},{\"@type\":\"BreadcrumbList\",\"@id\":\"https:\\\/\\\/www.bellunopress.it\\\/2022\\\/12\\\/09\\\/il-cantagiro-per-la-citta-domenica-pomeriggio-a-feltre-con-i-brani-evergreen\\\/#breadcrumb\",\"itemListElement\":[{\"@type\":\"ListItem\",\"position\":1,\"name\":\"Home\",\"item\":\"https:\\\/\\\/www.bellunopress.it\\\/\"},{\"@type\":\"ListItem\",\"position\":2,\"name\":\"Il Cantagiro per la Citt\u00e0. Domenica pomeriggio a Feltre con i brani evergreen\"}]},{\"@type\":\"WebSite\",\"@id\":\"https:\\\/\\\/www.bellunopress.it\\\/#website\",\"url\":\"https:\\\/\\\/www.bellunopress.it\\\/\",\"name\":\"Bellunopress - Dolomiti\",\"description\":\"e-mail: redazione@bellunopress.it\",\"publisher\":{\"@id\":\"https:\\\/\\\/www.bellunopress.it\\\/#organization\"},\"potentialAction\":[{\"@type\":\"SearchAction\",\"target\":{\"@type\":\"EntryPoint\",\"urlTemplate\":\"https:\\\/\\\/www.bellunopress.it\\\/?s={search_term_string}\"},\"query-input\":{\"@type\":\"PropertyValueSpecification\",\"valueRequired\":true,\"valueName\":\"search_term_string\"}}],\"inLanguage\":\"fr-FR\"},{\"@type\":\"Organization\",\"@id\":\"https:\\\/\\\/www.bellunopress.it\\\/#organization\",\"name\":\"Bellunopress\",\"url\":\"https:\\\/\\\/www.bellunopress.it\\\/\",\"logo\":{\"@type\":\"ImageObject\",\"inLanguage\":\"fr-FR\",\"@id\":\"https:\\\/\\\/www.bellunopress.it\\\/#\\\/schema\\\/logo\\\/image\\\/\",\"url\":\"https:\\\/\\\/www.bellunopress.it\\\/wp-content\\\/uploads\\\/2011\\\/05\\\/cropped-logo-bellunopress-.jpg\",\"contentUrl\":\"https:\\\/\\\/www.bellunopress.it\\\/wp-content\\\/uploads\\\/2011\\\/05\\\/cropped-logo-bellunopress-.jpg\",\"width\":512,\"height\":512,\"caption\":\"Bellunopress\"},\"image\":{\"@id\":\"https:\\\/\\\/www.bellunopress.it\\\/#\\\/schema\\\/logo\\\/image\\\/\"},\"sameAs\":[\"https:\\\/\\\/www.facebook.com\\\/profile.php?id=100008943462799\",\"https:\\\/\\\/x.com\\\/bellunopress\",\"https:\\\/\\\/www.linkedin.com\\\/hp\\\/?dnr=JBzUWaJfMUw8vbXJJ2tVW5-I3jZKvC4wsoxE&amp;amp;amp;amp;amp;amp;trk=nav_responsive_tab_home\",\"https:\\\/\\\/www.youtube.com\\\/channel\\\/UCxL0wu1uN0_3_7hGG0306cw\"]},{\"@type\":\"Person\",\"@id\":\"https:\\\/\\\/www.bellunopress.it\\\/#\\\/schema\\\/person\\\/79bb06722b37ece1c03d3e94beb30d73\",\"name\":\"redazione\",\"image\":{\"@type\":\"ImageObject\",\"inLanguage\":\"fr-FR\",\"@id\":\"https:\\\/\\\/secure.gravatar.com\\\/avatar\\\/37d968a2e67a6fd04c169c4bdef102d0bc5d31b2546345219e348575eb80e9a0?s=96&d=mm&r=g\",\"url\":\"https:\\\/\\\/secure.gravatar.com\\\/avatar\\\/37d968a2e67a6fd04c169c4bdef102d0bc5d31b2546345219e348575eb80e9a0?s=96&d=mm&r=g\",\"contentUrl\":\"https:\\\/\\\/secure.gravatar.com\\\/avatar\\\/37d968a2e67a6fd04c169c4bdef102d0bc5d31b2546345219e348575eb80e9a0?s=96&d=mm&r=g\",\"caption\":\"redazione\"},\"sameAs\":[\"http:\\\/\\\/www.bellunopress.it\",\"https:\\\/\\\/x.com\\\/bellunopress\"],\"url\":\"https:\\\/\\\/www.bellunopress.it\\\/fr\\\/author\\\/redazione\\\/\"}]}<\/script>\n<!-- \/ Yoast SEO plugin. -->","yoast_head_json":{"title":"Il Cantagiro per la Citt\u00e0. Domenica pomeriggio a Feltre con i brani evergreen - Bellunopress - Dolomiti","robots":{"index":"index","follow":"follow","max-snippet":"max-snippet:-1","max-image-preview":"max-image-preview:large","max-video-preview":"max-video-preview:-1"},"canonical":"https:\/\/www.bellunopress.it\/fr\/2022\/12\/09\/il-cantagiro-per-la-citta-domenica-pomeriggio-a-feltre-con-i-brani-evergreen\/","og_locale":"fr_FR","og_type":"article","og_title":"Il Cantagiro per la Citt\u00e0. Domenica pomeriggio a Feltre con i brani evergreen - Bellunopress - Dolomiti","og_description":"Successo pieno nelle prime due tappe, ora il \u201cCantagiro per la Citt\u00e0\u201d approda a Feltre domenica 11 dicembre. Andare alla scoperta dei luoghi pi\u00f9 affascinanti dei nostri centri urbani, muovendosi sul filo della memoria e delle emozioni, accompagnati da tre guide-attrici che parlano i linguaggi della musica e delle arti sceniche. Il tutto, trasformando vie [&hellip;]","og_url":"https:\/\/www.bellunopress.it\/fr\/2022\/12\/09\/il-cantagiro-per-la-citta-domenica-pomeriggio-a-feltre-con-i-brani-evergreen\/","og_site_name":"Bellunopress - Dolomiti","article_publisher":"https:\/\/www.facebook.com\/profile.php?id=100008943462799","article_published_time":"2022-12-09T15:02:46+00:00","og_image":[{"width":1000,"height":800,"url":"https:\/\/www.bellunopress.it\/wp-content\/uploads\/2022\/12\/Cantagiro-per-la-citta_edited.jpg","type":"image\/jpeg"}],"author":"redazione","twitter_card":"summary_large_image","twitter_creator":"@bellunopress","twitter_site":"@bellunopress","twitter_misc":{"\u00c9crit par":"redazione","Dur\u00e9e de lecture estim\u00e9e":"3 minutes"},"schema":{"@context":"https:\/\/schema.org","@graph":[{"@type":"Article","@id":"https:\/\/www.bellunopress.it\/2022\/12\/09\/il-cantagiro-per-la-citta-domenica-pomeriggio-a-feltre-con-i-brani-evergreen\/#article","isPartOf":{"@id":"https:\/\/www.bellunopress.it\/2022\/12\/09\/il-cantagiro-per-la-citta-domenica-pomeriggio-a-feltre-con-i-brani-evergreen\/"},"author":{"name":"redazione","@id":"https:\/\/www.bellunopress.it\/#\/schema\/person\/79bb06722b37ece1c03d3e94beb30d73"},"headline":"Il Cantagiro per la Citt\u00e0. Domenica pomeriggio a Feltre con i brani evergreen","datePublished":"2022-12-09T15:02:46+00:00","mainEntityOfPage":{"@id":"https:\/\/www.bellunopress.it\/2022\/12\/09\/il-cantagiro-per-la-citta-domenica-pomeriggio-a-feltre-con-i-brani-evergreen\/"},"wordCount":435,"publisher":{"@id":"https:\/\/www.bellunopress.it\/#organization"},"image":{"@id":"https:\/\/www.bellunopress.it\/2022\/12\/09\/il-cantagiro-per-la-citta-domenica-pomeriggio-a-feltre-con-i-brani-evergreen\/#primaryimage"},"thumbnailUrl":"https:\/\/www.bellunopress.it\/wp-content\/uploads\/2022\/12\/Cantagiro-per-la-citta_edited.jpg","articleSection":["Pausa Caff\u00e8","Sport, tempo libero"],"inLanguage":"fr-FR"},{"@type":"WebPage","@id":"https:\/\/www.bellunopress.it\/2022\/12\/09\/il-cantagiro-per-la-citta-domenica-pomeriggio-a-feltre-con-i-brani-evergreen\/","url":"https:\/\/www.bellunopress.it\/2022\/12\/09\/il-cantagiro-per-la-citta-domenica-pomeriggio-a-feltre-con-i-brani-evergreen\/","name":"Il Cantagiro per la Citt\u00e0. Domenica pomeriggio a Feltre con i brani evergreen - Bellunopress - Dolomiti","isPartOf":{"@id":"https:\/\/www.bellunopress.it\/#website"},"primaryImageOfPage":{"@id":"https:\/\/www.bellunopress.it\/2022\/12\/09\/il-cantagiro-per-la-citta-domenica-pomeriggio-a-feltre-con-i-brani-evergreen\/#primaryimage"},"image":{"@id":"https:\/\/www.bellunopress.it\/2022\/12\/09\/il-cantagiro-per-la-citta-domenica-pomeriggio-a-feltre-con-i-brani-evergreen\/#primaryimage"},"thumbnailUrl":"https:\/\/www.bellunopress.it\/wp-content\/uploads\/2022\/12\/Cantagiro-per-la-citta_edited.jpg","datePublished":"2022-12-09T15:02:46+00:00","breadcrumb":{"@id":"https:\/\/www.bellunopress.it\/2022\/12\/09\/il-cantagiro-per-la-citta-domenica-pomeriggio-a-feltre-con-i-brani-evergreen\/#breadcrumb"},"inLanguage":"fr-FR","potentialAction":[{"@type":"ReadAction","target":["https:\/\/www.bellunopress.it\/2022\/12\/09\/il-cantagiro-per-la-citta-domenica-pomeriggio-a-feltre-con-i-brani-evergreen\/"]}]},{"@type":"ImageObject","inLanguage":"fr-FR","@id":"https:\/\/www.bellunopress.it\/2022\/12\/09\/il-cantagiro-per-la-citta-domenica-pomeriggio-a-feltre-con-i-brani-evergreen\/#primaryimage","url":"https:\/\/www.bellunopress.it\/wp-content\/uploads\/2022\/12\/Cantagiro-per-la-citta_edited.jpg","contentUrl":"https:\/\/www.bellunopress.it\/wp-content\/uploads\/2022\/12\/Cantagiro-per-la-citta_edited.jpg","width":1000,"height":800},{"@type":"BreadcrumbList","@id":"https:\/\/www.bellunopress.it\/2022\/12\/09\/il-cantagiro-per-la-citta-domenica-pomeriggio-a-feltre-con-i-brani-evergreen\/#breadcrumb","itemListElement":[{"@type":"ListItem","position":1,"name":"Home","item":"https:\/\/www.bellunopress.it\/"},{"@type":"ListItem","position":2,"name":"Il Cantagiro per la Citt\u00e0. Domenica pomeriggio a Feltre con i brani evergreen"}]},{"@type":"WebSite","@id":"https:\/\/www.bellunopress.it\/#website","url":"https:\/\/www.bellunopress.it\/","name":"Bellunopress - Dolomiti","description":"e-mail: redazione@bellunopress.it","publisher":{"@id":"https:\/\/www.bellunopress.it\/#organization"},"potentialAction":[{"@type":"SearchAction","target":{"@type":"EntryPoint","urlTemplate":"https:\/\/www.bellunopress.it\/?s={search_term_string}"},"query-input":{"@type":"PropertyValueSpecification","valueRequired":true,"valueName":"search_term_string"}}],"inLanguage":"fr-FR"},{"@type":"Organization","@id":"https:\/\/www.bellunopress.it\/#organization","name":"Bellunopress","url":"https:\/\/www.bellunopress.it\/","logo":{"@type":"ImageObject","inLanguage":"fr-FR","@id":"https:\/\/www.bellunopress.it\/#\/schema\/logo\/image\/","url":"https:\/\/www.bellunopress.it\/wp-content\/uploads\/2011\/05\/cropped-logo-bellunopress-.jpg","contentUrl":"https:\/\/www.bellunopress.it\/wp-content\/uploads\/2011\/05\/cropped-logo-bellunopress-.jpg","width":512,"height":512,"caption":"Bellunopress"},"image":{"@id":"https:\/\/www.bellunopress.it\/#\/schema\/logo\/image\/"},"sameAs":["https:\/\/www.facebook.com\/profile.php?id=100008943462799","https:\/\/x.com\/bellunopress","https:\/\/www.linkedin.com\/hp\/?dnr=JBzUWaJfMUw8vbXJJ2tVW5-I3jZKvC4wsoxE&amp;amp;amp;amp;amp;amp;trk=nav_responsive_tab_home","https:\/\/www.youtube.com\/channel\/UCxL0wu1uN0_3_7hGG0306cw"]},{"@type":"Person","@id":"https:\/\/www.bellunopress.it\/#\/schema\/person\/79bb06722b37ece1c03d3e94beb30d73","name":"r\u00e9daction","image":{"@type":"ImageObject","inLanguage":"fr-FR","@id":"https:\/\/secure.gravatar.com\/avatar\/37d968a2e67a6fd04c169c4bdef102d0bc5d31b2546345219e348575eb80e9a0?s=96&d=mm&r=g","url":"https:\/\/secure.gravatar.com\/avatar\/37d968a2e67a6fd04c169c4bdef102d0bc5d31b2546345219e348575eb80e9a0?s=96&d=mm&r=g","contentUrl":"https:\/\/secure.gravatar.com\/avatar\/37d968a2e67a6fd04c169c4bdef102d0bc5d31b2546345219e348575eb80e9a0?s=96&d=mm&r=g","caption":"redazione"},"sameAs":["http:\/\/www.bellunopress.it","https:\/\/x.com\/bellunopress"],"url":"https:\/\/www.bellunopress.it\/fr\/author\/redazione\/"}]}},"_links":{"self":[{"href":"https:\/\/www.bellunopress.it\/fr\/wp-json\/wp\/v2\/posts\/138233","targetHints":{"allow":["GET"]}}],"collection":[{"href":"https:\/\/www.bellunopress.it\/fr\/wp-json\/wp\/v2\/posts"}],"about":[{"href":"https:\/\/www.bellunopress.it\/fr\/wp-json\/wp\/v2\/types\/post"}],"author":[{"embeddable":true,"href":"https:\/\/www.bellunopress.it\/fr\/wp-json\/wp\/v2\/users\/2"}],"replies":[{"embeddable":true,"href":"https:\/\/www.bellunopress.it\/fr\/wp-json\/wp\/v2\/comments?post=138233"}],"version-history":[{"count":1,"href":"https:\/\/www.bellunopress.it\/fr\/wp-json\/wp\/v2\/posts\/138233\/revisions"}],"predecessor-version":[{"id":138235,"href":"https:\/\/www.bellunopress.it\/fr\/wp-json\/wp\/v2\/posts\/138233\/revisions\/138235"}],"wp:featuredmedia":[{"embeddable":true,"href":"https:\/\/www.bellunopress.it\/fr\/wp-json\/wp\/v2\/media\/138234"}],"wp:attachment":[{"href":"https:\/\/www.bellunopress.it\/fr\/wp-json\/wp\/v2\/media?parent=138233"}],"wp:term":[{"taxonomy":"category","embeddable":true,"href":"https:\/\/www.bellunopress.it\/fr\/wp-json\/wp\/v2\/categories?post=138233"},{"taxonomy":"post_tag","embeddable":true,"href":"https:\/\/www.bellunopress.it\/fr\/wp-json\/wp\/v2\/tags?post=138233"}],"curies":[{"name":"wp","href":"https:\/\/api.w.org\/{rel}","templated":true}]}}