{"id":138229,"date":"2022-12-09T11:59:23","date_gmt":"2022-12-09T10:59:23","guid":{"rendered":"https:\/\/www.bellunopress.it\/?p=138229"},"modified":"2022-12-09T11:59:23","modified_gmt":"2022-12-09T10:59:23","slug":"natale-per-tutti-prosegue-fino-al-20-dicembre-il-tour-in-30-centri-per-disabili-di-crossabili-e-alvaro-dal-farra","status":"publish","type":"post","link":"https:\/\/www.bellunopress.it\/fr\/2022\/12\/09\/natale-per-tutti-prosegue-fino-al-20-dicembre-il-tour-in-30-centri-per-disabili-di-crossabili-e-alvaro-dal-farra\/","title":{"rendered":"Natale per tutti. Prosegue fino al 20 dicembre il tour in 30 centri per disabili di CrossAbili e Alvaro Dal Farra"},"content":{"rendered":"<p><strong><img loading=\"lazy\" decoding=\"async\" class=\"alignleft size-full wp-image-125908\" src=\"https:\/\/www.bellunopress.it\/wp-content\/uploads\/2021\/07\/Alvaro-dal-farra-Mask-to-Ride_edited.jpg\" alt=\"\" width=\"800\" height=\"599\" srcset=\"https:\/\/www.bellunopress.it\/wp-content\/uploads\/2021\/07\/Alvaro-dal-farra-Mask-to-Ride_edited.jpg 800w, https:\/\/www.bellunopress.it\/wp-content\/uploads\/2021\/07\/Alvaro-dal-farra-Mask-to-Ride_edited-500x374.jpg 500w, https:\/\/www.bellunopress.it\/wp-content\/uploads\/2021\/07\/Alvaro-dal-farra-Mask-to-Ride_edited-696x521.jpg 696w, https:\/\/www.bellunopress.it\/wp-content\/uploads\/2021\/07\/Alvaro-dal-farra-Mask-to-Ride_edited-561x420.jpg 561w, https:\/\/www.bellunopress.it\/wp-content\/uploads\/2021\/07\/Alvaro-dal-farra-Mask-to-Ride_edited-80x60.jpg 80w, https:\/\/www.bellunopress.it\/wp-content\/uploads\/2021\/07\/Alvaro-dal-farra-Mask-to-Ride_edited-265x198.jpg 265w\" sizes=\"auto, (max-width: 800px) 100vw, 800px\" \/>Sette giorni di divertimento a oltre 2mila persone con disabilit\u00e0 e bambini. Il 12 dicembre a Belluno, il 13 dicembre a Pieve di Cadore<\/strong><\/p>\n<p>Il team di CROSSabili con Mattia Cattapan, il campione di freestyle motocross Alvaro Dal Farra, Babbo Natale e i suoi Elfi portano la loro energia in circa 30 centri per disabili, scuole e piazze delle province di Padova, Vicenza, Treviso e Belluno<\/p>\n<p>Il tour, di cui \u00e8 sponsor principale De Rigo Vision, si svolger\u00e0 dal 5 al 20 dicembre.<\/p>\n<p>Uno show a tema motori, tanti gadget come regali di Natale e poi, come sempre, tanta allegria e divertimento. Questo quanto l\u2019associazione CROSSabili, il campione di freestyle motocross Alvaro Dal Farra e Babbo Natale porteranno in una trentina di centri che accolgono persone con disabilit\u00e0 nelle province di Padova, Treviso, Vicenza e Belluno grazie al progetto \u201cNatale per Tutti\u201d. Le tappe di Belluno, Pieve di Cadore e Montebelluna avranno un impatto pi\u00f9 importante perch\u00e9 si svolgeranno nelle piazze principali di questi centri urbani. Lo scopo del progetto \u00e8 quello di sensibilizzare le citt\u00e0, le scuole e gli istituti per aumentare l\u2019inclusione e trasmettere un messaggio di solidariet\u00e0.<\/p>\n<p>Sette giornate interamente dedicate agli ospiti delle strutture diurne e residenziali del territorio per condividere gioia, svago e scambiarsi gli auguri di Natale, tra performance con l\u2019E-Motion-Drive di Mattia Cattapan, la moto di Alvaro dal Farra, le sessioni di Buggy-Mototerapia e i regali di Babbo Natale.<\/p>\n<p>\u00abCome sempre vogliamo condividere energia positiva e gioia, soprattutto in vista delle feste natalizie &#8211; dice Mattia Cattapan di CROSSabili &#8211; Troppo spesso le persone con disabilit\u00e0 vengono guardate solo con gli occhi della compassione, lasciando in secondo piano il loro diritto a divertirsi e a sentirsi come chiunque altro. Con i nostri progetti cerchiamo di cambiare questa tendenza. Durante gli incontri verr\u00e0 dato ampio spazio alla Buggy-Mototerapia per dimostrarne i benefici alle persone coinvolte\u00bb.<br \/>\nAggiunge Alvaro Dal Farra \u00abOrmai l\u2019appuntamento di Natale \u00e8 diventato un momento importante per tornare dai nostri amici nei centri e non solo, perch\u00e9 tre delle otto tappe sono previste nelle piazze a noi pi\u00f9 care. Il nostro saluto di Natale \u00e8 importante e sar\u00e0 ancora pi\u00f9 bello portarlo a tutti nelle citt\u00e0, sensibilizzando scuole, bambini e tutti i cittadini\u00bb<\/p>\n<p>Sono pi\u00f9 di duemila le persone che attendono il team CROSSabili, Dal Farra e Babbo Natale per passare una giornata all\u2019insegna della spensieratezza. Oltre ad assistere alle performance dei due campioni, i partecipanti riceveranno da Babbo Natale in persona i regali messi a disposizione grazie alla generosit\u00e0 delle aziende che hanno voluto sostenere il progetto.<br \/>\nIn primis da De Rigo Vision, sponsor principale del tour \u201cNatale per tutti\u201d che ormai da anni sostiene alcune delle attivit\u00e0 sociali di Alvaro Dal Farra. \u201cAnche quest\u2019anno per Natale abbiamo voluto confermare la vicinanza al nostro territorio e alle sue persone, regalando gioia ed energia positiva. Sostenendo il progetto \u201cNatale per tutti\u201d di CROSSAbili e del pilota di freestyle Alvaro Dal Farra, riusciremo a portare la Buggy-Mototerapia in tour per tutto il Veneto, regalando un sorriso a pi\u00f9 di 2.000 ragazzi con disabilit\u00e0. Il nostro augurio \u00e8 che questo possa essere un Natale all\u2019insegna dell\u2019inclusione, della condivisione, del divertimento per tutti\u201d commenta Barbara De Rigo, Chief Marketing Officer di De Rigo.<\/p>\n<p>Cortina Banca sar\u00e0 partner delle tappe nel Bellunese con l\u2019aiuto della catena dei supermercati Wauber che fornir\u00e0 materiale per i bambini e presenti. Impegnati in questo progetto sociale, sempre al fianco di Mattia e Alvaro, ci sono anche Giesse Risarcimento Danni, Fanola e Bubble Word Carbotermo, Hotel Astor, Cantina Uberti, Ca Dei Frati.<\/p>\n<p><strong>IL PROGRAMMA:<\/strong><\/p>\n<p>Il 5 dicembre CROSSabili e Dal Farra saranno presenti, al mattino, a Palaindoor di Padova e parteciperanno le seguenti realt\u00e0:<br \/>\nFondazione I.R.P.E.A.<br \/>\nCooperativa L&#8217;IRIDE<br \/>\nCooperativa IL GLICINE<br \/>\nCooperativa NUOVA IDEA<br \/>\nFondazione ANFFAS di Padova<br \/>\nAl pomeriggio si sposteranno alla cooperativa La Magnolia a Piove di Sacco (PD) e parteciper\u00e0 anche il Cooperativa Sociale Germoglio.<\/p>\n<p>Il giorno seguente 6 dicembre invece, ad ospitare Natale per Tutti, sar\u00e0 il Graticolato Cooperativa Sociale di San Giorgio delle Pertiche (PD).<\/p>\n<p>Si continua, il 7 dicembre raggiungeranno Eco Papa Giovanni XXIII Cooperativa di Dueville nel territorio del Vicentino (VI) e nel pomeriggio il tour continuer\u00e0 all\u2019Istituto Palazzolo di Ros\u00e0 (VI)<\/p>\n<p>Il 12 dicembre sar\u00e0 la volta di Belluno, il centro citt\u00e0 ospiter\u00e0 la gran parte delle associazioni della stessa provincia:<\/p>\n<p>Societ\u00e0 nuova<br \/>\nAIPD Belluno<br \/>\nAnfas BL<br \/>\nPortaperta Bellun<br \/>\nGruppo Autismo Belluno<br \/>\nCentro Gravi Gravissimi Cusighe<br \/>\nAssi Sedico<br \/>\nMel Noialtri<br \/>\nLa Birola Feltre<br \/>\nPortaperte Feltre<br \/>\nAlloggio il sorriso<\/p>\n<p>Il 13 dicembre invece ci sposteremo sulla parte Nord del territorio Bellunese, per ospitare nella piazza di Pieve di Cadore i centri di:<br \/>\nCoop. Le Valli<br \/>\nCadore SCS<br \/>\nIPD Belluno<br \/>\nCentro Servizi malattie rare<br \/>\nCadore SCS\u2013 Progetto Mosaico<\/p>\n<p>Il Comune di San Martino di Lupari (PD) attende Cattapan e Dal Farra per il 19 dicembre, quando i due campioni faranno visita di mattina alla Comunit\u00e0 Alloggio Casa AMAMI, all\u2019evento parteciperanno:<br \/>\nCentro diurno Villa San Francesco di Camposampiero (PD)<br \/>\nCDM Centro Disabili Motori di Camposampiero (PD)<br \/>\nRSA La Casa Gialla di Camposampiero (PD)<br \/>\nAssociazione Ancora di Camposampiero (PD)<\/p>\n<p>Al pomeriggio si sposteranno a Galliera Veneta (PD) alla Cooperativa Sociale Fratres e li raggiunger\u00e0 anche la Cooperativa Fratres di Campo San Martino (PD).<\/p>\n<p>Il progetto si conclude il 20 dicembre a Montebelluna (TV) in Piazza Negrelli, tappa finale che accoglier\u00e0 le seguenti:<br \/>\nCooperativa La Rosa Canina di Montebelluna (TV)<br \/>\nCa\u2019Leido di San Vito di Altivole (TV)<br \/>\nOami Casa Giulia di Giavera del Montello (TV)<br \/>\nFamiglie SLA (TV)<\/p>\n<p>\u201cNatale per tutti\u201d \u00e8 un\u2019iniziativa che rientra nel pi\u00f9 ampio progetto di CROSSabili chiamato \u201cTi regalo un sorriso\u201d, attraverso il quale lo staff entra nelle strutture che accolgono persone con disabilit\u00e0 per portare loro un po\u2019 di gioia proponendo un\u2019esperienza diversa dalla solita routine quotidiana.<\/p>","protected":false},"excerpt":{"rendered":"<p>Sette giorni di divertimento a oltre 2mila persone con disabilit\u00e0 e bambini. Il 12 dicembre a Belluno, il 13 dicembre a Pieve di Cadore Il team di CROSSabili con Mattia Cattapan, il campione di freestyle motocross Alvaro Dal Farra, Babbo Natale e i suoi Elfi portano la loro energia in circa 30 centri per disabili, [&hellip;]<\/p>\n","protected":false},"author":2,"featured_media":125907,"comment_status":"closed","ping_status":"open","sticky":false,"template":"","format":"standard","meta":{"footnotes":""},"categories":[26,8],"tags":[],"class_list":["post-138229","post","type-post","status-publish","format-standard","has-post-thumbnail","category-prima-pagina","category-societa-istituzioni"],"yoast_head":"<!-- This site is optimized with the Yoast SEO plugin v28.4 - https:\/\/yoast.com\/product\/yoast-seo-wordpress\/ -->\n<title>Natale per tutti. Prosegue fino al 20 dicembre il tour in 30 centri per disabili di CrossAbili e Alvaro Dal Farra - Bellunopress - Dolomiti<\/title>\n<meta name=\"robots\" content=\"index, follow, max-snippet:-1, max-image-preview:large, max-video-preview:-1\" \/>\n<link rel=\"canonical\" href=\"https:\/\/www.bellunopress.it\/fr\/2022\/12\/09\/natale-per-tutti-prosegue-fino-al-20-dicembre-il-tour-in-30-centri-per-disabili-di-crossabili-e-alvaro-dal-farra\/\" \/>\n<meta property=\"og:locale\" content=\"fr_FR\" \/>\n<meta property=\"og:type\" content=\"article\" \/>\n<meta property=\"og:title\" content=\"Natale per tutti. Prosegue fino al 20 dicembre il tour in 30 centri per disabili di CrossAbili e Alvaro Dal Farra - Bellunopress - Dolomiti\" \/>\n<meta property=\"og:description\" content=\"Sette giorni di divertimento a oltre 2mila persone con disabilit\u00e0 e bambini. Il 12 dicembre a Belluno, il 13 dicembre a Pieve di Cadore Il team di CROSSabili con Mattia Cattapan, il campione di freestyle motocross Alvaro Dal Farra, Babbo Natale e i suoi Elfi portano la loro energia in circa 30 centri per disabili, [&hellip;]\" \/>\n<meta property=\"og:url\" content=\"https:\/\/www.bellunopress.it\/fr\/2022\/12\/09\/natale-per-tutti-prosegue-fino-al-20-dicembre-il-tour-in-30-centri-per-disabili-di-crossabili-e-alvaro-dal-farra\/\" \/>\n<meta property=\"og:site_name\" content=\"Bellunopress - Dolomiti\" \/>\n<meta property=\"article:publisher\" content=\"https:\/\/www.facebook.com\/profile.php?id=100008943462799\" \/>\n<meta property=\"article:published_time\" content=\"2022-12-09T10:59:23+00:00\" \/>\n<meta property=\"og:image\" content=\"https:\/\/www.bellunopress.it\/wp-content\/uploads\/2021\/07\/Alvaro-dal-farra-Mask-to-Ride-Belluno_edited.jpg\" \/>\n\t<meta property=\"og:image:width\" content=\"800\" \/>\n\t<meta property=\"og:image:height\" content=\"604\" \/>\n\t<meta property=\"og:image:type\" content=\"image\/jpeg\" \/>\n<meta name=\"author\" content=\"redazione\" \/>\n<meta name=\"twitter:card\" content=\"summary_large_image\" \/>\n<meta name=\"twitter:creator\" content=\"@bellunopress\" \/>\n<meta name=\"twitter:site\" content=\"@bellunopress\" \/>\n<meta name=\"twitter:label1\" content=\"Written by\" \/>\n\t<meta name=\"twitter:data1\" content=\"redazione\" \/>\n\t<meta name=\"twitter:label2\" content=\"Est. reading time\" \/>\n\t<meta name=\"twitter:data2\" content=\"6 minutes\" \/>\n<script type=\"application\/ld+json\" class=\"yoast-schema-graph\">{\"@context\":\"https:\\\/\\\/schema.org\",\"@graph\":[{\"@type\":\"Article\",\"@id\":\"https:\\\/\\\/www.bellunopress.it\\\/2022\\\/12\\\/09\\\/natale-per-tutti-prosegue-fino-al-20-dicembre-il-tour-in-30-centri-per-disabili-di-crossabili-e-alvaro-dal-farra\\\/#article\",\"isPartOf\":{\"@id\":\"https:\\\/\\\/www.bellunopress.it\\\/2022\\\/12\\\/09\\\/natale-per-tutti-prosegue-fino-al-20-dicembre-il-tour-in-30-centri-per-disabili-di-crossabili-e-alvaro-dal-farra\\\/\"},\"author\":{\"name\":\"redazione\",\"@id\":\"https:\\\/\\\/www.bellunopress.it\\\/#\\\/schema\\\/person\\\/79bb06722b37ece1c03d3e94beb30d73\"},\"headline\":\"Natale per tutti. Prosegue fino al 20 dicembre il tour in 30 centri per disabili di CrossAbili e Alvaro Dal Farra\",\"datePublished\":\"2022-12-09T10:59:23+00:00\",\"mainEntityOfPage\":{\"@id\":\"https:\\\/\\\/www.bellunopress.it\\\/2022\\\/12\\\/09\\\/natale-per-tutti-prosegue-fino-al-20-dicembre-il-tour-in-30-centri-per-disabili-di-crossabili-e-alvaro-dal-farra\\\/\"},\"wordCount\":974,\"publisher\":{\"@id\":\"https:\\\/\\\/www.bellunopress.it\\\/#organization\"},\"image\":{\"@id\":\"https:\\\/\\\/www.bellunopress.it\\\/2022\\\/12\\\/09\\\/natale-per-tutti-prosegue-fino-al-20-dicembre-il-tour-in-30-centri-per-disabili-di-crossabili-e-alvaro-dal-farra\\\/#primaryimage\"},\"thumbnailUrl\":\"https:\\\/\\\/www.bellunopress.it\\\/wp-content\\\/uploads\\\/2021\\\/07\\\/Alvaro-dal-farra-Mask-to-Ride-Belluno_edited.jpg\",\"articleSection\":[\"Prima Pagina\",\"Societ\u00e0, Associazioni, Istituzioni\"],\"inLanguage\":\"fr-FR\"},{\"@type\":\"WebPage\",\"@id\":\"https:\\\/\\\/www.bellunopress.it\\\/2022\\\/12\\\/09\\\/natale-per-tutti-prosegue-fino-al-20-dicembre-il-tour-in-30-centri-per-disabili-di-crossabili-e-alvaro-dal-farra\\\/\",\"url\":\"https:\\\/\\\/www.bellunopress.it\\\/2022\\\/12\\\/09\\\/natale-per-tutti-prosegue-fino-al-20-dicembre-il-tour-in-30-centri-per-disabili-di-crossabili-e-alvaro-dal-farra\\\/\",\"name\":\"Natale per tutti. Prosegue fino al 20 dicembre il tour in 30 centri per disabili di CrossAbili e Alvaro Dal Farra - Bellunopress - Dolomiti\",\"isPartOf\":{\"@id\":\"https:\\\/\\\/www.bellunopress.it\\\/#website\"},\"primaryImageOfPage\":{\"@id\":\"https:\\\/\\\/www.bellunopress.it\\\/2022\\\/12\\\/09\\\/natale-per-tutti-prosegue-fino-al-20-dicembre-il-tour-in-30-centri-per-disabili-di-crossabili-e-alvaro-dal-farra\\\/#primaryimage\"},\"image\":{\"@id\":\"https:\\\/\\\/www.bellunopress.it\\\/2022\\\/12\\\/09\\\/natale-per-tutti-prosegue-fino-al-20-dicembre-il-tour-in-30-centri-per-disabili-di-crossabili-e-alvaro-dal-farra\\\/#primaryimage\"},\"thumbnailUrl\":\"https:\\\/\\\/www.bellunopress.it\\\/wp-content\\\/uploads\\\/2021\\\/07\\\/Alvaro-dal-farra-Mask-to-Ride-Belluno_edited.jpg\",\"datePublished\":\"2022-12-09T10:59:23+00:00\",\"breadcrumb\":{\"@id\":\"https:\\\/\\\/www.bellunopress.it\\\/2022\\\/12\\\/09\\\/natale-per-tutti-prosegue-fino-al-20-dicembre-il-tour-in-30-centri-per-disabili-di-crossabili-e-alvaro-dal-farra\\\/#breadcrumb\"},\"inLanguage\":\"fr-FR\",\"potentialAction\":[{\"@type\":\"ReadAction\",\"target\":[\"https:\\\/\\\/www.bellunopress.it\\\/2022\\\/12\\\/09\\\/natale-per-tutti-prosegue-fino-al-20-dicembre-il-tour-in-30-centri-per-disabili-di-crossabili-e-alvaro-dal-farra\\\/\"]}]},{\"@type\":\"ImageObject\",\"inLanguage\":\"fr-FR\",\"@id\":\"https:\\\/\\\/www.bellunopress.it\\\/2022\\\/12\\\/09\\\/natale-per-tutti-prosegue-fino-al-20-dicembre-il-tour-in-30-centri-per-disabili-di-crossabili-e-alvaro-dal-farra\\\/#primaryimage\",\"url\":\"https:\\\/\\\/www.bellunopress.it\\\/wp-content\\\/uploads\\\/2021\\\/07\\\/Alvaro-dal-farra-Mask-to-Ride-Belluno_edited.jpg\",\"contentUrl\":\"https:\\\/\\\/www.bellunopress.it\\\/wp-content\\\/uploads\\\/2021\\\/07\\\/Alvaro-dal-farra-Mask-to-Ride-Belluno_edited.jpg\",\"width\":800,\"height\":604},{\"@type\":\"BreadcrumbList\",\"@id\":\"https:\\\/\\\/www.bellunopress.it\\\/2022\\\/12\\\/09\\\/natale-per-tutti-prosegue-fino-al-20-dicembre-il-tour-in-30-centri-per-disabili-di-crossabili-e-alvaro-dal-farra\\\/#breadcrumb\",\"itemListElement\":[{\"@type\":\"ListItem\",\"position\":1,\"name\":\"Home\",\"item\":\"https:\\\/\\\/www.bellunopress.it\\\/\"},{\"@type\":\"ListItem\",\"position\":2,\"name\":\"Natale per tutti. Prosegue fino al 20 dicembre il tour in 30 centri per disabili di CrossAbili e Alvaro Dal Farra\"}]},{\"@type\":\"WebSite\",\"@id\":\"https:\\\/\\\/www.bellunopress.it\\\/#website\",\"url\":\"https:\\\/\\\/www.bellunopress.it\\\/\",\"name\":\"Bellunopress - Dolomiti\",\"description\":\"e-mail: redazione@bellunopress.it\",\"publisher\":{\"@id\":\"https:\\\/\\\/www.bellunopress.it\\\/#organization\"},\"potentialAction\":[{\"@type\":\"SearchAction\",\"target\":{\"@type\":\"EntryPoint\",\"urlTemplate\":\"https:\\\/\\\/www.bellunopress.it\\\/?s={search_term_string}\"},\"query-input\":{\"@type\":\"PropertyValueSpecification\",\"valueRequired\":true,\"valueName\":\"search_term_string\"}}],\"inLanguage\":\"fr-FR\"},{\"@type\":\"Organization\",\"@id\":\"https:\\\/\\\/www.bellunopress.it\\\/#organization\",\"name\":\"Bellunopress\",\"url\":\"https:\\\/\\\/www.bellunopress.it\\\/\",\"logo\":{\"@type\":\"ImageObject\",\"inLanguage\":\"fr-FR\",\"@id\":\"https:\\\/\\\/www.bellunopress.it\\\/#\\\/schema\\\/logo\\\/image\\\/\",\"url\":\"https:\\\/\\\/www.bellunopress.it\\\/wp-content\\\/uploads\\\/2011\\\/05\\\/cropped-logo-bellunopress-.jpg\",\"contentUrl\":\"https:\\\/\\\/www.bellunopress.it\\\/wp-content\\\/uploads\\\/2011\\\/05\\\/cropped-logo-bellunopress-.jpg\",\"width\":512,\"height\":512,\"caption\":\"Bellunopress\"},\"image\":{\"@id\":\"https:\\\/\\\/www.bellunopress.it\\\/#\\\/schema\\\/logo\\\/image\\\/\"},\"sameAs\":[\"https:\\\/\\\/www.facebook.com\\\/profile.php?id=100008943462799\",\"https:\\\/\\\/x.com\\\/bellunopress\",\"https:\\\/\\\/www.linkedin.com\\\/hp\\\/?dnr=JBzUWaJfMUw8vbXJJ2tVW5-I3jZKvC4wsoxE&amp;amp;amp;amp;amp;amp;trk=nav_responsive_tab_home\",\"https:\\\/\\\/www.youtube.com\\\/channel\\\/UCxL0wu1uN0_3_7hGG0306cw\"]},{\"@type\":\"Person\",\"@id\":\"https:\\\/\\\/www.bellunopress.it\\\/#\\\/schema\\\/person\\\/79bb06722b37ece1c03d3e94beb30d73\",\"name\":\"redazione\",\"image\":{\"@type\":\"ImageObject\",\"inLanguage\":\"fr-FR\",\"@id\":\"https:\\\/\\\/secure.gravatar.com\\\/avatar\\\/37d968a2e67a6fd04c169c4bdef102d0bc5d31b2546345219e348575eb80e9a0?s=96&d=mm&r=g\",\"url\":\"https:\\\/\\\/secure.gravatar.com\\\/avatar\\\/37d968a2e67a6fd04c169c4bdef102d0bc5d31b2546345219e348575eb80e9a0?s=96&d=mm&r=g\",\"contentUrl\":\"https:\\\/\\\/secure.gravatar.com\\\/avatar\\\/37d968a2e67a6fd04c169c4bdef102d0bc5d31b2546345219e348575eb80e9a0?s=96&d=mm&r=g\",\"caption\":\"redazione\"},\"sameAs\":[\"http:\\\/\\\/www.bellunopress.it\",\"https:\\\/\\\/x.com\\\/bellunopress\"],\"url\":\"https:\\\/\\\/www.bellunopress.it\\\/fr\\\/author\\\/redazione\\\/\"}]}<\/script>\n<!-- \/ Yoast SEO plugin. -->","yoast_head_json":{"title":"Natale per tutti. Prosegue fino al 20 dicembre il tour in 30 centri per disabili di CrossAbili e Alvaro Dal Farra - Bellunopress - Dolomiti","robots":{"index":"index","follow":"follow","max-snippet":"max-snippet:-1","max-image-preview":"max-image-preview:large","max-video-preview":"max-video-preview:-1"},"canonical":"https:\/\/www.bellunopress.it\/fr\/2022\/12\/09\/natale-per-tutti-prosegue-fino-al-20-dicembre-il-tour-in-30-centri-per-disabili-di-crossabili-e-alvaro-dal-farra\/","og_locale":"fr_FR","og_type":"article","og_title":"Natale per tutti. Prosegue fino al 20 dicembre il tour in 30 centri per disabili di CrossAbili e Alvaro Dal Farra - Bellunopress - Dolomiti","og_description":"Sette giorni di divertimento a oltre 2mila persone con disabilit\u00e0 e bambini. Il 12 dicembre a Belluno, il 13 dicembre a Pieve di Cadore Il team di CROSSabili con Mattia Cattapan, il campione di freestyle motocross Alvaro Dal Farra, Babbo Natale e i suoi Elfi portano la loro energia in circa 30 centri per disabili, [&hellip;]","og_url":"https:\/\/www.bellunopress.it\/fr\/2022\/12\/09\/natale-per-tutti-prosegue-fino-al-20-dicembre-il-tour-in-30-centri-per-disabili-di-crossabili-e-alvaro-dal-farra\/","og_site_name":"Bellunopress - Dolomiti","article_publisher":"https:\/\/www.facebook.com\/profile.php?id=100008943462799","article_published_time":"2022-12-09T10:59:23+00:00","og_image":[{"width":800,"height":604,"url":"https:\/\/www.bellunopress.it\/wp-content\/uploads\/2021\/07\/Alvaro-dal-farra-Mask-to-Ride-Belluno_edited.jpg","type":"image\/jpeg"}],"author":"redazione","twitter_card":"summary_large_image","twitter_creator":"@bellunopress","twitter_site":"@bellunopress","twitter_misc":{"Written by":"redazione","Est. reading time":"6 minutes"},"schema":{"@context":"https:\/\/schema.org","@graph":[{"@type":"Article","@id":"https:\/\/www.bellunopress.it\/2022\/12\/09\/natale-per-tutti-prosegue-fino-al-20-dicembre-il-tour-in-30-centri-per-disabili-di-crossabili-e-alvaro-dal-farra\/#article","isPartOf":{"@id":"https:\/\/www.bellunopress.it\/2022\/12\/09\/natale-per-tutti-prosegue-fino-al-20-dicembre-il-tour-in-30-centri-per-disabili-di-crossabili-e-alvaro-dal-farra\/"},"author":{"name":"redazione","@id":"https:\/\/www.bellunopress.it\/#\/schema\/person\/79bb06722b37ece1c03d3e94beb30d73"},"headline":"Natale per tutti. Prosegue fino al 20 dicembre il tour in 30 centri per disabili di CrossAbili e Alvaro Dal Farra","datePublished":"2022-12-09T10:59:23+00:00","mainEntityOfPage":{"@id":"https:\/\/www.bellunopress.it\/2022\/12\/09\/natale-per-tutti-prosegue-fino-al-20-dicembre-il-tour-in-30-centri-per-disabili-di-crossabili-e-alvaro-dal-farra\/"},"wordCount":974,"publisher":{"@id":"https:\/\/www.bellunopress.it\/#organization"},"image":{"@id":"https:\/\/www.bellunopress.it\/2022\/12\/09\/natale-per-tutti-prosegue-fino-al-20-dicembre-il-tour-in-30-centri-per-disabili-di-crossabili-e-alvaro-dal-farra\/#primaryimage"},"thumbnailUrl":"https:\/\/www.bellunopress.it\/wp-content\/uploads\/2021\/07\/Alvaro-dal-farra-Mask-to-Ride-Belluno_edited.jpg","articleSection":["Prima Pagina","Societ\u00e0, Associazioni, Istituzioni"],"inLanguage":"fr-FR"},{"@type":"WebPage","@id":"https:\/\/www.bellunopress.it\/2022\/12\/09\/natale-per-tutti-prosegue-fino-al-20-dicembre-il-tour-in-30-centri-per-disabili-di-crossabili-e-alvaro-dal-farra\/","url":"https:\/\/www.bellunopress.it\/2022\/12\/09\/natale-per-tutti-prosegue-fino-al-20-dicembre-il-tour-in-30-centri-per-disabili-di-crossabili-e-alvaro-dal-farra\/","name":"Natale per tutti. Prosegue fino al 20 dicembre il tour in 30 centri per disabili di CrossAbili e Alvaro Dal Farra - Bellunopress - Dolomiti","isPartOf":{"@id":"https:\/\/www.bellunopress.it\/#website"},"primaryImageOfPage":{"@id":"https:\/\/www.bellunopress.it\/2022\/12\/09\/natale-per-tutti-prosegue-fino-al-20-dicembre-il-tour-in-30-centri-per-disabili-di-crossabili-e-alvaro-dal-farra\/#primaryimage"},"image":{"@id":"https:\/\/www.bellunopress.it\/2022\/12\/09\/natale-per-tutti-prosegue-fino-al-20-dicembre-il-tour-in-30-centri-per-disabili-di-crossabili-e-alvaro-dal-farra\/#primaryimage"},"thumbnailUrl":"https:\/\/www.bellunopress.it\/wp-content\/uploads\/2021\/07\/Alvaro-dal-farra-Mask-to-Ride-Belluno_edited.jpg","datePublished":"2022-12-09T10:59:23+00:00","breadcrumb":{"@id":"https:\/\/www.bellunopress.it\/2022\/12\/09\/natale-per-tutti-prosegue-fino-al-20-dicembre-il-tour-in-30-centri-per-disabili-di-crossabili-e-alvaro-dal-farra\/#breadcrumb"},"inLanguage":"fr-FR","potentialAction":[{"@type":"ReadAction","target":["https:\/\/www.bellunopress.it\/2022\/12\/09\/natale-per-tutti-prosegue-fino-al-20-dicembre-il-tour-in-30-centri-per-disabili-di-crossabili-e-alvaro-dal-farra\/"]}]},{"@type":"ImageObject","inLanguage":"fr-FR","@id":"https:\/\/www.bellunopress.it\/2022\/12\/09\/natale-per-tutti-prosegue-fino-al-20-dicembre-il-tour-in-30-centri-per-disabili-di-crossabili-e-alvaro-dal-farra\/#primaryimage","url":"https:\/\/www.bellunopress.it\/wp-content\/uploads\/2021\/07\/Alvaro-dal-farra-Mask-to-Ride-Belluno_edited.jpg","contentUrl":"https:\/\/www.bellunopress.it\/wp-content\/uploads\/2021\/07\/Alvaro-dal-farra-Mask-to-Ride-Belluno_edited.jpg","width":800,"height":604},{"@type":"BreadcrumbList","@id":"https:\/\/www.bellunopress.it\/2022\/12\/09\/natale-per-tutti-prosegue-fino-al-20-dicembre-il-tour-in-30-centri-per-disabili-di-crossabili-e-alvaro-dal-farra\/#breadcrumb","itemListElement":[{"@type":"ListItem","position":1,"name":"Home","item":"https:\/\/www.bellunopress.it\/"},{"@type":"ListItem","position":2,"name":"Natale per tutti. Prosegue fino al 20 dicembre il tour in 30 centri per disabili di CrossAbili e Alvaro Dal Farra"}]},{"@type":"WebSite","@id":"https:\/\/www.bellunopress.it\/#website","url":"https:\/\/www.bellunopress.it\/","name":"Bellunopress - Dolomiti","description":"e-mail: redazione@bellunopress.it","publisher":{"@id":"https:\/\/www.bellunopress.it\/#organization"},"potentialAction":[{"@type":"SearchAction","target":{"@type":"EntryPoint","urlTemplate":"https:\/\/www.bellunopress.it\/?s={search_term_string}"},"query-input":{"@type":"PropertyValueSpecification","valueRequired":true,"valueName":"search_term_string"}}],"inLanguage":"fr-FR"},{"@type":"Organization","@id":"https:\/\/www.bellunopress.it\/#organization","name":"Bellunopress","url":"https:\/\/www.bellunopress.it\/","logo":{"@type":"ImageObject","inLanguage":"fr-FR","@id":"https:\/\/www.bellunopress.it\/#\/schema\/logo\/image\/","url":"https:\/\/www.bellunopress.it\/wp-content\/uploads\/2011\/05\/cropped-logo-bellunopress-.jpg","contentUrl":"https:\/\/www.bellunopress.it\/wp-content\/uploads\/2011\/05\/cropped-logo-bellunopress-.jpg","width":512,"height":512,"caption":"Bellunopress"},"image":{"@id":"https:\/\/www.bellunopress.it\/#\/schema\/logo\/image\/"},"sameAs":["https:\/\/www.facebook.com\/profile.php?id=100008943462799","https:\/\/x.com\/bellunopress","https:\/\/www.linkedin.com\/hp\/?dnr=JBzUWaJfMUw8vbXJJ2tVW5-I3jZKvC4wsoxE&amp;amp;amp;amp;amp;amp;trk=nav_responsive_tab_home","https:\/\/www.youtube.com\/channel\/UCxL0wu1uN0_3_7hGG0306cw"]},{"@type":"Person","@id":"https:\/\/www.bellunopress.it\/#\/schema\/person\/79bb06722b37ece1c03d3e94beb30d73","name":"r\u00e9daction","image":{"@type":"ImageObject","inLanguage":"fr-FR","@id":"https:\/\/secure.gravatar.com\/avatar\/37d968a2e67a6fd04c169c4bdef102d0bc5d31b2546345219e348575eb80e9a0?s=96&d=mm&r=g","url":"https:\/\/secure.gravatar.com\/avatar\/37d968a2e67a6fd04c169c4bdef102d0bc5d31b2546345219e348575eb80e9a0?s=96&d=mm&r=g","contentUrl":"https:\/\/secure.gravatar.com\/avatar\/37d968a2e67a6fd04c169c4bdef102d0bc5d31b2546345219e348575eb80e9a0?s=96&d=mm&r=g","caption":"redazione"},"sameAs":["http:\/\/www.bellunopress.it","https:\/\/x.com\/bellunopress"],"url":"https:\/\/www.bellunopress.it\/fr\/author\/redazione\/"}]}},"_links":{"self":[{"href":"https:\/\/www.bellunopress.it\/fr\/wp-json\/wp\/v2\/posts\/138229","targetHints":{"allow":["GET"]}}],"collection":[{"href":"https:\/\/www.bellunopress.it\/fr\/wp-json\/wp\/v2\/posts"}],"about":[{"href":"https:\/\/www.bellunopress.it\/fr\/wp-json\/wp\/v2\/types\/post"}],"author":[{"embeddable":true,"href":"https:\/\/www.bellunopress.it\/fr\/wp-json\/wp\/v2\/users\/2"}],"replies":[{"embeddable":true,"href":"https:\/\/www.bellunopress.it\/fr\/wp-json\/wp\/v2\/comments?post=138229"}],"version-history":[{"count":1,"href":"https:\/\/www.bellunopress.it\/fr\/wp-json\/wp\/v2\/posts\/138229\/revisions"}],"predecessor-version":[{"id":138230,"href":"https:\/\/www.bellunopress.it\/fr\/wp-json\/wp\/v2\/posts\/138229\/revisions\/138230"}],"wp:featuredmedia":[{"embeddable":true,"href":"https:\/\/www.bellunopress.it\/fr\/wp-json\/wp\/v2\/media\/125907"}],"wp:attachment":[{"href":"https:\/\/www.bellunopress.it\/fr\/wp-json\/wp\/v2\/media?parent=138229"}],"wp:term":[{"taxonomy":"category","embeddable":true,"href":"https:\/\/www.bellunopress.it\/fr\/wp-json\/wp\/v2\/categories?post=138229"},{"taxonomy":"post_tag","embeddable":true,"href":"https:\/\/www.bellunopress.it\/fr\/wp-json\/wp\/v2\/tags?post=138229"}],"curies":[{"name":"wp","href":"https:\/\/api.w.org\/{rel}","templated":true}]}}