{"id":138208,"date":"2022-12-08T16:39:30","date_gmt":"2022-12-08T15:39:30","guid":{"rendered":"https:\/\/www.bellunopress.it\/?p=138208"},"modified":"2022-12-08T16:39:30","modified_gmt":"2022-12-08T15:39:30","slug":"mares-e-da-ros-premiati-tra-i-16-stakanovisti-del-pedale-di-girorando-nel-nordest","status":"publish","type":"post","link":"https:\/\/www.bellunopress.it\/fr\/2022\/12\/08\/mares-e-da-ros-premiati-tra-i-16-stakanovisti-del-pedale-di-girorando-nel-nordest\/","title":{"rendered":"Mares e Da Ros premiati tra i 16 stakanovisti del pedale di Girorando nel Nordest"},"content":{"rendered":"<p><img loading=\"lazy\" decoding=\"async\" class=\"alignleft size-full wp-image-138209\" src=\"https:\/\/www.bellunopress.it\/wp-content\/uploads\/2022\/12\/Girorando-nel-Nordest-Mares-Luca-premiazioni.jpg\" alt=\"\" width=\"737\" height=\"491\" srcset=\"https:\/\/www.bellunopress.it\/wp-content\/uploads\/2022\/12\/Girorando-nel-Nordest-Mares-Luca-premiazioni.jpg 737w, https:\/\/www.bellunopress.it\/wp-content\/uploads\/2022\/12\/Girorando-nel-Nordest-Mares-Luca-premiazioni-500x333.jpg 500w, https:\/\/www.bellunopress.it\/wp-content\/uploads\/2022\/12\/Girorando-nel-Nordest-Mares-Luca-premiazioni-696x464.jpg 696w, https:\/\/www.bellunopress.it\/wp-content\/uploads\/2022\/12\/Girorando-nel-Nordest-Mares-Luca-premiazioni-630x420.jpg 630w\" sizes=\"auto, (max-width: 737px) 100vw, 737px\" \/>Sono stati premiati a Pradipozzo, una frazione di Portogruaro nella citt\u00e0 metropolitana di Venezia, gli instancabili del pedale che nel 2022 si sono distinti all&#8217;interno del circuito ciclistico &#8220;Girorando nel Nordest&#8221;. Undici randonn\u00e9e, dai 60 fino ai 600 chilometri, che hanno preso il via il 3 aprile e sono terminate a met\u00e0 settembre per un totale di 27 percorsi disponibili. Quasi 800 i partecipanti, di cui 95 donne, con un positivo aumento del 67% rispetto all&#8217;edizione dell&#8217;anno precedente.<\/p>\n<p>\u00abE&#8217; stato un 2022 importante per il &#8220;Girorando nel Nordest&#8221;\u00bb commenta Rinaldo De Salvador, ideatore e coordinatore del circuito randonn\u00e9e superbrevetto. \u00abNato nel 2012, ad oggi sta raccogliendo consensi positivi da diversi organizzatori provenienti dal Veneto e dalle regioni vicine. Questa edizione appena conclusa ha visto la partecipazione di quasi 800 ciclisti, provenienti da 13 regioni differenti e da ben 52 province. Poi non sono mancati i partecipanti esteri che pian piano stanno imparando a conoscere e apprezzare la nostra organizzazione. Non per ultimo, da segnalare le 295 associazioni sportive dilettantistiche che hanno partecipato ad almeno una delle 11 manifestazioni organizzate\u00bb.<\/p>\n<p>Soddisfatto anche il parabiaghese Mino Repossini, presidente dei &#8220;randonneur&#8221; italiani e presente alla serata del 25 novembre come rappresentante dell&#8217;Audax Randonneur Italia, l&#8217;associazione di riferimento per i ciclisti amanti delle ultra distanze. Prima delle premiazioni Repossini ha portato il saluto tricolore evidenziando come il movimento ciclistico &#8220;rando&#8221; stia vivendo un momento particolarmente felice nel mondo sportivo nazionale. E non sono mancati gli elogi verso l&#8217;organizzazione del circuito Triveneto, gestita e coordinata con un modello invidiato da molti e copiato da altri circuiti regionali.<\/p>\n<p>\u00abAltro dato significativo \u00e8 la distanza omologata durante tutti gli eventi del Girorando nel Nordest 2022\u00bb prosegue De Salvador. \u00abUna sommatoria che ha registrato un totale di quasi 304 mila chilometri, quasi il doppio rispetto all&#8217;edizione 2021. Il tutto va a rafforzare come ogni anno il circuito Triveneto cresca sempre di pi\u00f9 e raggiunga appassionati delle ultra distanze provenienti da tutto lo stivale\u00bb.<\/p>\n<p>A completare la serata, organizzata dalla Cicloturistica Portogruarese, sono seguite le premiazioni dei ciclisti che nel 2022 si sono distinti all&#8217;interno del circuito &#8220;Girorando nel Nordest&#8221; per partecipazione, portando a termine il maggior numero di competizioni e nelle distanze pi\u00f9 lunghe. Tra i 16 premiati sono saliti sul palco e hanno ricevuto la medaglia e il diploma di merito anche i bellunesi Stefano Da Ros della Due Ruote Sport (dodicesimo con 382 punti) e Luca Mares della OLTRE Team (tredicesimo con 369 punti).<\/p>\n<p>Per informazioni in merito al calendario 2023 del Girorando nel Nordest \u00e8 possibile consultare l&#8217;indirizzo web www.audaxitalia.it nella sezione &#8220;circuiti&#8221; oppure la pagina facebook.com\/girorandonelnordest.<\/p>","protected":false},"excerpt":{"rendered":"<p>Sono stati premiati a Pradipozzo, una frazione di Portogruaro nella citt\u00e0 metropolitana di Venezia, gli instancabili del pedale che nel 2022 si sono distinti all&#8217;interno del circuito ciclistico &#8220;Girorando nel Nordest&#8221;. Undici randonn\u00e9e, dai 60 fino ai 600 chilometri, che hanno preso il via il 3 aprile e sono terminate a met\u00e0 settembre per un [&hellip;]<\/p>\n","protected":false},"author":2,"featured_media":138209,"comment_status":"closed","ping_status":"open","sticky":false,"template":"","format":"standard","meta":{"footnotes":""},"categories":[4],"tags":[],"class_list":["post-138208","post","type-post","status-publish","format-standard","has-post-thumbnail","category-sport"],"yoast_head":"<!-- This site is optimized with the Yoast SEO plugin v28.4 - https:\/\/yoast.com\/product\/yoast-seo-wordpress\/ -->\n<title>Mares e Da Ros premiati tra i 16 stakanovisti del pedale di Girorando nel Nordest - Bellunopress - Dolomiti<\/title>\n<meta name=\"robots\" content=\"index, follow, max-snippet:-1, max-image-preview:large, max-video-preview:-1\" \/>\n<link rel=\"canonical\" href=\"https:\/\/www.bellunopress.it\/fr\/2022\/12\/08\/mares-e-da-ros-premiati-tra-i-16-stakanovisti-del-pedale-di-girorando-nel-nordest\/\" \/>\n<meta property=\"og:locale\" content=\"fr_FR\" \/>\n<meta property=\"og:type\" content=\"article\" \/>\n<meta property=\"og:title\" content=\"Mares e Da Ros premiati tra i 16 stakanovisti del pedale di Girorando nel Nordest - Bellunopress - Dolomiti\" \/>\n<meta property=\"og:description\" content=\"Sono stati premiati a Pradipozzo, una frazione di Portogruaro nella citt\u00e0 metropolitana di Venezia, gli instancabili del pedale che nel 2022 si sono distinti all&#8217;interno del circuito ciclistico &#8220;Girorando nel Nordest&#8221;. Undici randonn\u00e9e, dai 60 fino ai 600 chilometri, che hanno preso il via il 3 aprile e sono terminate a met\u00e0 settembre per un [&hellip;]\" \/>\n<meta property=\"og:url\" content=\"https:\/\/www.bellunopress.it\/fr\/2022\/12\/08\/mares-e-da-ros-premiati-tra-i-16-stakanovisti-del-pedale-di-girorando-nel-nordest\/\" \/>\n<meta property=\"og:site_name\" content=\"Bellunopress - Dolomiti\" \/>\n<meta property=\"article:publisher\" content=\"https:\/\/www.facebook.com\/profile.php?id=100008943462799\" \/>\n<meta property=\"article:published_time\" content=\"2022-12-08T15:39:30+00:00\" \/>\n<meta property=\"og:image\" content=\"https:\/\/www.bellunopress.it\/wp-content\/uploads\/2022\/12\/Girorando-nel-Nordest-Mares-Luca-premiazioni.jpg\" \/>\n\t<meta property=\"og:image:width\" content=\"737\" \/>\n\t<meta property=\"og:image:height\" content=\"491\" \/>\n\t<meta property=\"og:image:type\" content=\"image\/jpeg\" \/>\n<meta name=\"author\" content=\"redazione\" \/>\n<meta name=\"twitter:card\" content=\"summary_large_image\" \/>\n<meta name=\"twitter:creator\" content=\"@bellunopress\" \/>\n<meta name=\"twitter:site\" content=\"@bellunopress\" \/>\n<meta name=\"twitter:label1\" content=\"\u00c9crit par\" \/>\n\t<meta name=\"twitter:data1\" content=\"redazione\" \/>\n\t<meta name=\"twitter:label2\" content=\"Dur\u00e9e de lecture estim\u00e9e\" \/>\n\t<meta name=\"twitter:data2\" content=\"3 minutes\" \/>\n<script type=\"application\/ld+json\" class=\"yoast-schema-graph\">{\"@context\":\"https:\\\/\\\/schema.org\",\"@graph\":[{\"@type\":\"Article\",\"@id\":\"https:\\\/\\\/www.bellunopress.it\\\/2022\\\/12\\\/08\\\/mares-e-da-ros-premiati-tra-i-16-stakanovisti-del-pedale-di-girorando-nel-nordest\\\/#article\",\"isPartOf\":{\"@id\":\"https:\\\/\\\/www.bellunopress.it\\\/2022\\\/12\\\/08\\\/mares-e-da-ros-premiati-tra-i-16-stakanovisti-del-pedale-di-girorando-nel-nordest\\\/\"},\"author\":{\"name\":\"redazione\",\"@id\":\"https:\\\/\\\/www.bellunopress.it\\\/#\\\/schema\\\/person\\\/79bb06722b37ece1c03d3e94beb30d73\"},\"headline\":\"Mares e Da Ros premiati tra i 16 stakanovisti del pedale di Girorando nel Nordest\",\"datePublished\":\"2022-12-08T15:39:30+00:00\",\"mainEntityOfPage\":{\"@id\":\"https:\\\/\\\/www.bellunopress.it\\\/2022\\\/12\\\/08\\\/mares-e-da-ros-premiati-tra-i-16-stakanovisti-del-pedale-di-girorando-nel-nordest\\\/\"},\"wordCount\":435,\"publisher\":{\"@id\":\"https:\\\/\\\/www.bellunopress.it\\\/#organization\"},\"image\":{\"@id\":\"https:\\\/\\\/www.bellunopress.it\\\/2022\\\/12\\\/08\\\/mares-e-da-ros-premiati-tra-i-16-stakanovisti-del-pedale-di-girorando-nel-nordest\\\/#primaryimage\"},\"thumbnailUrl\":\"https:\\\/\\\/www.bellunopress.it\\\/wp-content\\\/uploads\\\/2022\\\/12\\\/Girorando-nel-Nordest-Mares-Luca-premiazioni.jpg\",\"articleSection\":[\"Sport, tempo libero\"],\"inLanguage\":\"fr-FR\"},{\"@type\":\"WebPage\",\"@id\":\"https:\\\/\\\/www.bellunopress.it\\\/2022\\\/12\\\/08\\\/mares-e-da-ros-premiati-tra-i-16-stakanovisti-del-pedale-di-girorando-nel-nordest\\\/\",\"url\":\"https:\\\/\\\/www.bellunopress.it\\\/2022\\\/12\\\/08\\\/mares-e-da-ros-premiati-tra-i-16-stakanovisti-del-pedale-di-girorando-nel-nordest\\\/\",\"name\":\"Mares e Da Ros premiati tra i 16 stakanovisti del pedale di Girorando nel Nordest - Bellunopress - Dolomiti\",\"isPartOf\":{\"@id\":\"https:\\\/\\\/www.bellunopress.it\\\/#website\"},\"primaryImageOfPage\":{\"@id\":\"https:\\\/\\\/www.bellunopress.it\\\/2022\\\/12\\\/08\\\/mares-e-da-ros-premiati-tra-i-16-stakanovisti-del-pedale-di-girorando-nel-nordest\\\/#primaryimage\"},\"image\":{\"@id\":\"https:\\\/\\\/www.bellunopress.it\\\/2022\\\/12\\\/08\\\/mares-e-da-ros-premiati-tra-i-16-stakanovisti-del-pedale-di-girorando-nel-nordest\\\/#primaryimage\"},\"thumbnailUrl\":\"https:\\\/\\\/www.bellunopress.it\\\/wp-content\\\/uploads\\\/2022\\\/12\\\/Girorando-nel-Nordest-Mares-Luca-premiazioni.jpg\",\"datePublished\":\"2022-12-08T15:39:30+00:00\",\"breadcrumb\":{\"@id\":\"https:\\\/\\\/www.bellunopress.it\\\/2022\\\/12\\\/08\\\/mares-e-da-ros-premiati-tra-i-16-stakanovisti-del-pedale-di-girorando-nel-nordest\\\/#breadcrumb\"},\"inLanguage\":\"fr-FR\",\"potentialAction\":[{\"@type\":\"ReadAction\",\"target\":[\"https:\\\/\\\/www.bellunopress.it\\\/2022\\\/12\\\/08\\\/mares-e-da-ros-premiati-tra-i-16-stakanovisti-del-pedale-di-girorando-nel-nordest\\\/\"]}]},{\"@type\":\"ImageObject\",\"inLanguage\":\"fr-FR\",\"@id\":\"https:\\\/\\\/www.bellunopress.it\\\/2022\\\/12\\\/08\\\/mares-e-da-ros-premiati-tra-i-16-stakanovisti-del-pedale-di-girorando-nel-nordest\\\/#primaryimage\",\"url\":\"https:\\\/\\\/www.bellunopress.it\\\/wp-content\\\/uploads\\\/2022\\\/12\\\/Girorando-nel-Nordest-Mares-Luca-premiazioni.jpg\",\"contentUrl\":\"https:\\\/\\\/www.bellunopress.it\\\/wp-content\\\/uploads\\\/2022\\\/12\\\/Girorando-nel-Nordest-Mares-Luca-premiazioni.jpg\",\"width\":737,\"height\":491},{\"@type\":\"BreadcrumbList\",\"@id\":\"https:\\\/\\\/www.bellunopress.it\\\/2022\\\/12\\\/08\\\/mares-e-da-ros-premiati-tra-i-16-stakanovisti-del-pedale-di-girorando-nel-nordest\\\/#breadcrumb\",\"itemListElement\":[{\"@type\":\"ListItem\",\"position\":1,\"name\":\"Home\",\"item\":\"https:\\\/\\\/www.bellunopress.it\\\/\"},{\"@type\":\"ListItem\",\"position\":2,\"name\":\"Mares e Da Ros premiati tra i 16 stakanovisti del pedale di Girorando nel Nordest\"}]},{\"@type\":\"WebSite\",\"@id\":\"https:\\\/\\\/www.bellunopress.it\\\/#website\",\"url\":\"https:\\\/\\\/www.bellunopress.it\\\/\",\"name\":\"Bellunopress - Dolomiti\",\"description\":\"e-mail: redazione@bellunopress.it\",\"publisher\":{\"@id\":\"https:\\\/\\\/www.bellunopress.it\\\/#organization\"},\"potentialAction\":[{\"@type\":\"SearchAction\",\"target\":{\"@type\":\"EntryPoint\",\"urlTemplate\":\"https:\\\/\\\/www.bellunopress.it\\\/?s={search_term_string}\"},\"query-input\":{\"@type\":\"PropertyValueSpecification\",\"valueRequired\":true,\"valueName\":\"search_term_string\"}}],\"inLanguage\":\"fr-FR\"},{\"@type\":\"Organization\",\"@id\":\"https:\\\/\\\/www.bellunopress.it\\\/#organization\",\"name\":\"Bellunopress\",\"url\":\"https:\\\/\\\/www.bellunopress.it\\\/\",\"logo\":{\"@type\":\"ImageObject\",\"inLanguage\":\"fr-FR\",\"@id\":\"https:\\\/\\\/www.bellunopress.it\\\/#\\\/schema\\\/logo\\\/image\\\/\",\"url\":\"https:\\\/\\\/www.bellunopress.it\\\/wp-content\\\/uploads\\\/2011\\\/05\\\/cropped-logo-bellunopress-.jpg\",\"contentUrl\":\"https:\\\/\\\/www.bellunopress.it\\\/wp-content\\\/uploads\\\/2011\\\/05\\\/cropped-logo-bellunopress-.jpg\",\"width\":512,\"height\":512,\"caption\":\"Bellunopress\"},\"image\":{\"@id\":\"https:\\\/\\\/www.bellunopress.it\\\/#\\\/schema\\\/logo\\\/image\\\/\"},\"sameAs\":[\"https:\\\/\\\/www.facebook.com\\\/profile.php?id=100008943462799\",\"https:\\\/\\\/x.com\\\/bellunopress\",\"https:\\\/\\\/www.linkedin.com\\\/hp\\\/?dnr=JBzUWaJfMUw8vbXJJ2tVW5-I3jZKvC4wsoxE&amp;amp;amp;amp;amp;amp;trk=nav_responsive_tab_home\",\"https:\\\/\\\/www.youtube.com\\\/channel\\\/UCxL0wu1uN0_3_7hGG0306cw\"]},{\"@type\":\"Person\",\"@id\":\"https:\\\/\\\/www.bellunopress.it\\\/#\\\/schema\\\/person\\\/79bb06722b37ece1c03d3e94beb30d73\",\"name\":\"redazione\",\"image\":{\"@type\":\"ImageObject\",\"inLanguage\":\"fr-FR\",\"@id\":\"https:\\\/\\\/secure.gravatar.com\\\/avatar\\\/37d968a2e67a6fd04c169c4bdef102d0bc5d31b2546345219e348575eb80e9a0?s=96&d=mm&r=g\",\"url\":\"https:\\\/\\\/secure.gravatar.com\\\/avatar\\\/37d968a2e67a6fd04c169c4bdef102d0bc5d31b2546345219e348575eb80e9a0?s=96&d=mm&r=g\",\"contentUrl\":\"https:\\\/\\\/secure.gravatar.com\\\/avatar\\\/37d968a2e67a6fd04c169c4bdef102d0bc5d31b2546345219e348575eb80e9a0?s=96&d=mm&r=g\",\"caption\":\"redazione\"},\"sameAs\":[\"http:\\\/\\\/www.bellunopress.it\",\"https:\\\/\\\/x.com\\\/bellunopress\"],\"url\":\"https:\\\/\\\/www.bellunopress.it\\\/fr\\\/author\\\/redazione\\\/\"}]}<\/script>\n<!-- \/ Yoast SEO plugin. -->","yoast_head_json":{"title":"Mares e Da Ros premiati tra i 16 stakanovisti del pedale di Girorando nel Nordest - Bellunopress - Dolomiti","robots":{"index":"index","follow":"follow","max-snippet":"max-snippet:-1","max-image-preview":"max-image-preview:large","max-video-preview":"max-video-preview:-1"},"canonical":"https:\/\/www.bellunopress.it\/fr\/2022\/12\/08\/mares-e-da-ros-premiati-tra-i-16-stakanovisti-del-pedale-di-girorando-nel-nordest\/","og_locale":"fr_FR","og_type":"article","og_title":"Mares e Da Ros premiati tra i 16 stakanovisti del pedale di Girorando nel Nordest - Bellunopress - Dolomiti","og_description":"Sono stati premiati a Pradipozzo, una frazione di Portogruaro nella citt\u00e0 metropolitana di Venezia, gli instancabili del pedale che nel 2022 si sono distinti all&#8217;interno del circuito ciclistico &#8220;Girorando nel Nordest&#8221;. Undici randonn\u00e9e, dai 60 fino ai 600 chilometri, che hanno preso il via il 3 aprile e sono terminate a met\u00e0 settembre per un [&hellip;]","og_url":"https:\/\/www.bellunopress.it\/fr\/2022\/12\/08\/mares-e-da-ros-premiati-tra-i-16-stakanovisti-del-pedale-di-girorando-nel-nordest\/","og_site_name":"Bellunopress - Dolomiti","article_publisher":"https:\/\/www.facebook.com\/profile.php?id=100008943462799","article_published_time":"2022-12-08T15:39:30+00:00","og_image":[{"width":737,"height":491,"url":"https:\/\/www.bellunopress.it\/wp-content\/uploads\/2022\/12\/Girorando-nel-Nordest-Mares-Luca-premiazioni.jpg","type":"image\/jpeg"}],"author":"redazione","twitter_card":"summary_large_image","twitter_creator":"@bellunopress","twitter_site":"@bellunopress","twitter_misc":{"\u00c9crit par":"redazione","Dur\u00e9e de lecture estim\u00e9e":"3 minutes"},"schema":{"@context":"https:\/\/schema.org","@graph":[{"@type":"Article","@id":"https:\/\/www.bellunopress.it\/2022\/12\/08\/mares-e-da-ros-premiati-tra-i-16-stakanovisti-del-pedale-di-girorando-nel-nordest\/#article","isPartOf":{"@id":"https:\/\/www.bellunopress.it\/2022\/12\/08\/mares-e-da-ros-premiati-tra-i-16-stakanovisti-del-pedale-di-girorando-nel-nordest\/"},"author":{"name":"redazione","@id":"https:\/\/www.bellunopress.it\/#\/schema\/person\/79bb06722b37ece1c03d3e94beb30d73"},"headline":"Mares e Da Ros premiati tra i 16 stakanovisti del pedale di Girorando nel Nordest","datePublished":"2022-12-08T15:39:30+00:00","mainEntityOfPage":{"@id":"https:\/\/www.bellunopress.it\/2022\/12\/08\/mares-e-da-ros-premiati-tra-i-16-stakanovisti-del-pedale-di-girorando-nel-nordest\/"},"wordCount":435,"publisher":{"@id":"https:\/\/www.bellunopress.it\/#organization"},"image":{"@id":"https:\/\/www.bellunopress.it\/2022\/12\/08\/mares-e-da-ros-premiati-tra-i-16-stakanovisti-del-pedale-di-girorando-nel-nordest\/#primaryimage"},"thumbnailUrl":"https:\/\/www.bellunopress.it\/wp-content\/uploads\/2022\/12\/Girorando-nel-Nordest-Mares-Luca-premiazioni.jpg","articleSection":["Sport, tempo libero"],"inLanguage":"fr-FR"},{"@type":"WebPage","@id":"https:\/\/www.bellunopress.it\/2022\/12\/08\/mares-e-da-ros-premiati-tra-i-16-stakanovisti-del-pedale-di-girorando-nel-nordest\/","url":"https:\/\/www.bellunopress.it\/2022\/12\/08\/mares-e-da-ros-premiati-tra-i-16-stakanovisti-del-pedale-di-girorando-nel-nordest\/","name":"Mares e Da Ros premiati tra i 16 stakanovisti del pedale di Girorando nel Nordest - Bellunopress - Dolomiti","isPartOf":{"@id":"https:\/\/www.bellunopress.it\/#website"},"primaryImageOfPage":{"@id":"https:\/\/www.bellunopress.it\/2022\/12\/08\/mares-e-da-ros-premiati-tra-i-16-stakanovisti-del-pedale-di-girorando-nel-nordest\/#primaryimage"},"image":{"@id":"https:\/\/www.bellunopress.it\/2022\/12\/08\/mares-e-da-ros-premiati-tra-i-16-stakanovisti-del-pedale-di-girorando-nel-nordest\/#primaryimage"},"thumbnailUrl":"https:\/\/www.bellunopress.it\/wp-content\/uploads\/2022\/12\/Girorando-nel-Nordest-Mares-Luca-premiazioni.jpg","datePublished":"2022-12-08T15:39:30+00:00","breadcrumb":{"@id":"https:\/\/www.bellunopress.it\/2022\/12\/08\/mares-e-da-ros-premiati-tra-i-16-stakanovisti-del-pedale-di-girorando-nel-nordest\/#breadcrumb"},"inLanguage":"fr-FR","potentialAction":[{"@type":"ReadAction","target":["https:\/\/www.bellunopress.it\/2022\/12\/08\/mares-e-da-ros-premiati-tra-i-16-stakanovisti-del-pedale-di-girorando-nel-nordest\/"]}]},{"@type":"ImageObject","inLanguage":"fr-FR","@id":"https:\/\/www.bellunopress.it\/2022\/12\/08\/mares-e-da-ros-premiati-tra-i-16-stakanovisti-del-pedale-di-girorando-nel-nordest\/#primaryimage","url":"https:\/\/www.bellunopress.it\/wp-content\/uploads\/2022\/12\/Girorando-nel-Nordest-Mares-Luca-premiazioni.jpg","contentUrl":"https:\/\/www.bellunopress.it\/wp-content\/uploads\/2022\/12\/Girorando-nel-Nordest-Mares-Luca-premiazioni.jpg","width":737,"height":491},{"@type":"BreadcrumbList","@id":"https:\/\/www.bellunopress.it\/2022\/12\/08\/mares-e-da-ros-premiati-tra-i-16-stakanovisti-del-pedale-di-girorando-nel-nordest\/#breadcrumb","itemListElement":[{"@type":"ListItem","position":1,"name":"Home","item":"https:\/\/www.bellunopress.it\/"},{"@type":"ListItem","position":2,"name":"Mares e Da Ros premiati tra i 16 stakanovisti del pedale di Girorando nel Nordest"}]},{"@type":"WebSite","@id":"https:\/\/www.bellunopress.it\/#website","url":"https:\/\/www.bellunopress.it\/","name":"Bellunopress - Dolomiti","description":"e-mail: redazione@bellunopress.it","publisher":{"@id":"https:\/\/www.bellunopress.it\/#organization"},"potentialAction":[{"@type":"SearchAction","target":{"@type":"EntryPoint","urlTemplate":"https:\/\/www.bellunopress.it\/?s={search_term_string}"},"query-input":{"@type":"PropertyValueSpecification","valueRequired":true,"valueName":"search_term_string"}}],"inLanguage":"fr-FR"},{"@type":"Organization","@id":"https:\/\/www.bellunopress.it\/#organization","name":"Bellunopress","url":"https:\/\/www.bellunopress.it\/","logo":{"@type":"ImageObject","inLanguage":"fr-FR","@id":"https:\/\/www.bellunopress.it\/#\/schema\/logo\/image\/","url":"https:\/\/www.bellunopress.it\/wp-content\/uploads\/2011\/05\/cropped-logo-bellunopress-.jpg","contentUrl":"https:\/\/www.bellunopress.it\/wp-content\/uploads\/2011\/05\/cropped-logo-bellunopress-.jpg","width":512,"height":512,"caption":"Bellunopress"},"image":{"@id":"https:\/\/www.bellunopress.it\/#\/schema\/logo\/image\/"},"sameAs":["https:\/\/www.facebook.com\/profile.php?id=100008943462799","https:\/\/x.com\/bellunopress","https:\/\/www.linkedin.com\/hp\/?dnr=JBzUWaJfMUw8vbXJJ2tVW5-I3jZKvC4wsoxE&amp;amp;amp;amp;amp;amp;trk=nav_responsive_tab_home","https:\/\/www.youtube.com\/channel\/UCxL0wu1uN0_3_7hGG0306cw"]},{"@type":"Person","@id":"https:\/\/www.bellunopress.it\/#\/schema\/person\/79bb06722b37ece1c03d3e94beb30d73","name":"r\u00e9daction","image":{"@type":"ImageObject","inLanguage":"fr-FR","@id":"https:\/\/secure.gravatar.com\/avatar\/37d968a2e67a6fd04c169c4bdef102d0bc5d31b2546345219e348575eb80e9a0?s=96&d=mm&r=g","url":"https:\/\/secure.gravatar.com\/avatar\/37d968a2e67a6fd04c169c4bdef102d0bc5d31b2546345219e348575eb80e9a0?s=96&d=mm&r=g","contentUrl":"https:\/\/secure.gravatar.com\/avatar\/37d968a2e67a6fd04c169c4bdef102d0bc5d31b2546345219e348575eb80e9a0?s=96&d=mm&r=g","caption":"redazione"},"sameAs":["http:\/\/www.bellunopress.it","https:\/\/x.com\/bellunopress"],"url":"https:\/\/www.bellunopress.it\/fr\/author\/redazione\/"}]}},"_links":{"self":[{"href":"https:\/\/www.bellunopress.it\/fr\/wp-json\/wp\/v2\/posts\/138208","targetHints":{"allow":["GET"]}}],"collection":[{"href":"https:\/\/www.bellunopress.it\/fr\/wp-json\/wp\/v2\/posts"}],"about":[{"href":"https:\/\/www.bellunopress.it\/fr\/wp-json\/wp\/v2\/types\/post"}],"author":[{"embeddable":true,"href":"https:\/\/www.bellunopress.it\/fr\/wp-json\/wp\/v2\/users\/2"}],"replies":[{"embeddable":true,"href":"https:\/\/www.bellunopress.it\/fr\/wp-json\/wp\/v2\/comments?post=138208"}],"version-history":[{"count":1,"href":"https:\/\/www.bellunopress.it\/fr\/wp-json\/wp\/v2\/posts\/138208\/revisions"}],"predecessor-version":[{"id":138210,"href":"https:\/\/www.bellunopress.it\/fr\/wp-json\/wp\/v2\/posts\/138208\/revisions\/138210"}],"wp:featuredmedia":[{"embeddable":true,"href":"https:\/\/www.bellunopress.it\/fr\/wp-json\/wp\/v2\/media\/138209"}],"wp:attachment":[{"href":"https:\/\/www.bellunopress.it\/fr\/wp-json\/wp\/v2\/media?parent=138208"}],"wp:term":[{"taxonomy":"category","embeddable":true,"href":"https:\/\/www.bellunopress.it\/fr\/wp-json\/wp\/v2\/categories?post=138208"},{"taxonomy":"post_tag","embeddable":true,"href":"https:\/\/www.bellunopress.it\/fr\/wp-json\/wp\/v2\/tags?post=138208"}],"curies":[{"name":"wp","href":"https:\/\/api.w.org\/{rel}","templated":true}]}}