{"id":138205,"date":"2022-12-08T14:53:43","date_gmt":"2022-12-08T13:53:43","guid":{"rendered":"https:\/\/www.bellunopress.it\/?p=138205"},"modified":"2022-12-08T14:56:50","modified_gmt":"2022-12-08T13:56:50","slug":"oggi-laperura-delle-piste-da-sci-nel-comprensorio-tofana-cortina-freccia-nel-cielo","status":"publish","type":"post","link":"https:\/\/www.bellunopress.it\/fr\/2022\/12\/08\/oggi-laperura-delle-piste-da-sci-nel-comprensorio-tofana-cortina-freccia-nel-cielo\/","title":{"rendered":"Oggi l&#8217;aperura delle piste da sci nel comprensorio Tofana Cortina Freccia nel Cielo"},"content":{"rendered":"<figure id=\"attachment_129712\" aria-describedby=\"caption-attachment-129712\" style=\"width: 1000px\" class=\"wp-caption alignleft\"><img loading=\"lazy\" decoding=\"async\" class=\"size-full wp-image-129712\" src=\"https:\/\/www.bellunopress.it\/wp-content\/uploads\/2021\/12\/Tofana-Freccia-nel-Cielo-\u00a9ManazProductions_edited.jpg\" alt=\"\" width=\"1000\" height=\"562\" srcset=\"https:\/\/www.bellunopress.it\/wp-content\/uploads\/2021\/12\/Tofana-Freccia-nel-Cielo-\u00a9ManazProductions_edited.jpg 1000w, https:\/\/www.bellunopress.it\/wp-content\/uploads\/2021\/12\/Tofana-Freccia-nel-Cielo-\u00a9ManazProductions_edited-500x281.jpg 500w, https:\/\/www.bellunopress.it\/wp-content\/uploads\/2021\/12\/Tofana-Freccia-nel-Cielo-\u00a9ManazProductions_edited-696x391.jpg 696w, https:\/\/www.bellunopress.it\/wp-content\/uploads\/2021\/12\/Tofana-Freccia-nel-Cielo-\u00a9ManazProductions_edited-747x420.jpg 747w\" sizes=\"auto, (max-width: 1000px) 100vw, 1000px\" \/><figcaption id=\"caption-attachment-129712\" class=\"wp-caption-text\">Tofana Freccia nel Cielo \u00a9ManazProductions<\/figcaption><\/figure>\n<p>L&#8217;8 dicembre, in concomitanza con il Fashion Weekend, apre il comprensorio Tofana Cortina Freccia nel Cielo per una stagione invernale firmata 2022\/23, ricca di sci, eventi unici e imperdibili.<\/p>\n<p>La chiamano la \u201cFreccia nel Cielo\u201d e capire il perch\u00e9 risulta piuttosto facile: i piedi lasciano la terraferma, la vista si fa pi\u00f9 aguzza, il cuore batte a un ritmo incalzante mentre tutt\u2019attorno il fascino di Cortina, con le sue nuance rocciose, fa da cornice a un viaggio verso il blu.<br \/>\n\u00c8 lei, Tofana &#8211; Freccia nel Cielo, la funivia \u2013 ora parzialmente cabinovia &#8211; pi\u00f9 celebre ed iconica delle Dolomiti: un progetto nato oltre 50 anni fa dalla vivacit\u00e0 attenta di un gruppo di imprenditori locali che hanno immaginato un percorso che dal centro di Cortina, poco oltre Corso Italia, porta nella natura pi\u00f9 selvaggia, nell\u2019esclusivit\u00e0 delle alte vette ampezzane firmate UNESCO.<br \/>\nL\u20198 dicembre d\u00e0 il via alla stagione invernale 2022\/2023, neve permettendo essenziale per proseguire tutto l\u2019inverno poich\u00e9 mentre fino a Col Drusci\u00e8 anche l\u2019innevamento artificiale garantisce la stagione, la particolarit\u00e0 di Ra Valles \u00e8 che si tinge di bianco esclusivamente con la neve naturale.<br \/>\nTantissime sono le novit\u00e0 che coloreranno la stagione invernale, oramai alle porte. Prima tra tutte la possibilit\u00e0 di essere i primi a scendere le piste del comprensorio della Freccia nel Cielo gi\u00e0 con l\u2019apertura degli impianti dalle 08,15 del mattino.<br \/>\nE poi l\u2019apertura del collegamento Ra Strad\u00e9la che garantisce agli sciatori di raggiungere direttamente dalle piste pi\u00f9 alte della Tofana, il ristorante Capanna Ra Valles, ideale per deliziare i sensi dopo una giornata sugli sci.<br \/>\nE poi per tutti, gli eventi dell\u2019Alba a Ra Valles, con l\u2019esclusiva apertura anticipata degli impianti quando il sole inizia ad illuminare le alte vette, per poter solcare per primi &#8211; e con orgoglio \u2013 la neve battuta di fresco e poi dedicarsi la ricca colazione.<br \/>\nInteressante poi, per i pedoni, l\u2019introduzione dell\u2019abbonamento stagionale (\u20ac 150) e settimanale (\u20ac 40) per vivere le vette senza pensieri ma solo con le emozioni magiche e pure che la montagna ampezzana sa regalare. Anche a loro sono dedicate le Astrocene, in programma il 29 dicembre e il 10 febbraio, e tutte le eventuali possibilit\u00e0 di cene con prenotazione durante la stagione.<br \/>\nE ancora, partendo proprio dalla cabinovia Freccia nel cielo, il collegamento alla nuovissima cabinovia Cortina Skyline \u2013pass tra Son dei Prade, Cianzop\u00e9 e Bai de Dones, passando sulle piste di Tofana bassa \u2013 che permette a tutti, sci piedi e senza muovere l\u2019auto, di spostarsi dal centro di Cortina fino alle Cinque Torri, al Lagazuoi e da l\u00ec magari scendere in Alta Badia lungo l\u2019Armentarola e, ovviamente, viceversa: un aggancio diretto e pratico con l\u2019Alto Adige per godere di tutto il panorama UNESCO.<\/p>\n<p>Per prenotazioni ristoranti: 0436862372 \u2013 gastronomia@freccianelcielo.com<br \/>\nPer info e prenotazioni eventi: 0436 5052 \u2013 tofanacortina@freccianelcielo.com<\/p>\n<p>www.freccianelcielo.com<\/p>\n<p>&nbsp;<\/p>","protected":false},"excerpt":{"rendered":"<p>L&#8217;8 dicembre, in concomitanza con il Fashion Weekend, apre il comprensorio Tofana Cortina Freccia nel Cielo per una stagione invernale firmata 2022\/23, ricca di sci, eventi unici e imperdibili. La chiamano la \u201cFreccia nel Cielo\u201d e capire il perch\u00e9 risulta piuttosto facile: i piedi lasciano la terraferma, la vista si fa pi\u00f9 aguzza, il cuore [&hellip;]<\/p>\n","protected":false},"author":2,"featured_media":129712,"comment_status":"closed","ping_status":"open","sticky":false,"template":"","format":"standard","meta":{"footnotes":""},"categories":[4],"tags":[],"class_list":["post-138205","post","type-post","status-publish","format-standard","has-post-thumbnail","category-sport"],"yoast_head":"<!-- This site is optimized with the Yoast SEO plugin v28.4 - https:\/\/yoast.com\/product\/yoast-seo-wordpress\/ -->\n<title>Oggi l&#039;aperura delle piste da sci nel comprensorio Tofana Cortina Freccia nel Cielo - Bellunopress - Dolomiti<\/title>\n<meta name=\"robots\" content=\"index, follow, max-snippet:-1, max-image-preview:large, max-video-preview:-1\" \/>\n<link rel=\"canonical\" href=\"https:\/\/www.bellunopress.it\/fr\/2022\/12\/08\/oggi-laperura-delle-piste-da-sci-nel-comprensorio-tofana-cortina-freccia-nel-cielo\/\" \/>\n<meta property=\"og:locale\" content=\"fr_FR\" \/>\n<meta property=\"og:type\" content=\"article\" \/>\n<meta property=\"og:title\" content=\"Oggi l&#039;aperura delle piste da sci nel comprensorio Tofana Cortina Freccia nel Cielo - Bellunopress - Dolomiti\" \/>\n<meta property=\"og:description\" content=\"L&#8217;8 dicembre, in concomitanza con il Fashion Weekend, apre il comprensorio Tofana Cortina Freccia nel Cielo per una stagione invernale firmata 2022\/23, ricca di sci, eventi unici e imperdibili. La chiamano la \u201cFreccia nel Cielo\u201d e capire il perch\u00e9 risulta piuttosto facile: i piedi lasciano la terraferma, la vista si fa pi\u00f9 aguzza, il cuore [&hellip;]\" \/>\n<meta property=\"og:url\" content=\"https:\/\/www.bellunopress.it\/fr\/2022\/12\/08\/oggi-laperura-delle-piste-da-sci-nel-comprensorio-tofana-cortina-freccia-nel-cielo\/\" \/>\n<meta property=\"og:site_name\" content=\"Bellunopress - Dolomiti\" \/>\n<meta property=\"article:publisher\" content=\"https:\/\/www.facebook.com\/profile.php?id=100008943462799\" \/>\n<meta property=\"article:published_time\" content=\"2022-12-08T13:53:43+00:00\" \/>\n<meta property=\"article:modified_time\" content=\"2022-12-08T13:56:50+00:00\" \/>\n<meta property=\"og:image\" content=\"https:\/\/www.bellunopress.it\/wp-content\/uploads\/2021\/12\/Tofana-Freccia-nel-Cielo-\u00a9ManazProductions_edited.jpg\" \/>\n\t<meta property=\"og:image:width\" content=\"1000\" \/>\n\t<meta property=\"og:image:height\" content=\"562\" \/>\n\t<meta property=\"og:image:type\" content=\"image\/jpeg\" \/>\n<meta name=\"author\" content=\"redazione\" \/>\n<meta name=\"twitter:card\" content=\"summary_large_image\" \/>\n<meta name=\"twitter:creator\" content=\"@bellunopress\" \/>\n<meta name=\"twitter:site\" content=\"@bellunopress\" \/>\n<meta name=\"twitter:label1\" content=\"\u00c9crit par\" \/>\n\t<meta name=\"twitter:data1\" content=\"redazione\" \/>\n\t<meta name=\"twitter:label2\" content=\"Dur\u00e9e de lecture estim\u00e9e\" \/>\n\t<meta name=\"twitter:data2\" content=\"3 minutes\" \/>\n<script type=\"application\/ld+json\" class=\"yoast-schema-graph\">{\"@context\":\"https:\\\/\\\/schema.org\",\"@graph\":[{\"@type\":\"Article\",\"@id\":\"https:\\\/\\\/www.bellunopress.it\\\/2022\\\/12\\\/08\\\/oggi-laperura-delle-piste-da-sci-nel-comprensorio-tofana-cortina-freccia-nel-cielo\\\/#article\",\"isPartOf\":{\"@id\":\"https:\\\/\\\/www.bellunopress.it\\\/2022\\\/12\\\/08\\\/oggi-laperura-delle-piste-da-sci-nel-comprensorio-tofana-cortina-freccia-nel-cielo\\\/\"},\"author\":{\"name\":\"redazione\",\"@id\":\"https:\\\/\\\/www.bellunopress.it\\\/#\\\/schema\\\/person\\\/79bb06722b37ece1c03d3e94beb30d73\"},\"headline\":\"Oggi l&#8217;aperura delle piste da sci nel comprensorio Tofana Cortina Freccia nel Cielo\",\"datePublished\":\"2022-12-08T13:53:43+00:00\",\"dateModified\":\"2022-12-08T13:56:50+00:00\",\"mainEntityOfPage\":{\"@id\":\"https:\\\/\\\/www.bellunopress.it\\\/2022\\\/12\\\/08\\\/oggi-laperura-delle-piste-da-sci-nel-comprensorio-tofana-cortina-freccia-nel-cielo\\\/\"},\"wordCount\":495,\"publisher\":{\"@id\":\"https:\\\/\\\/www.bellunopress.it\\\/#organization\"},\"image\":{\"@id\":\"https:\\\/\\\/www.bellunopress.it\\\/2022\\\/12\\\/08\\\/oggi-laperura-delle-piste-da-sci-nel-comprensorio-tofana-cortina-freccia-nel-cielo\\\/#primaryimage\"},\"thumbnailUrl\":\"https:\\\/\\\/www.bellunopress.it\\\/wp-content\\\/uploads\\\/2021\\\/12\\\/Tofana-Freccia-nel-Cielo-\u00a9ManazProductions_edited.jpg\",\"articleSection\":[\"Sport, tempo libero\"],\"inLanguage\":\"fr-FR\"},{\"@type\":\"WebPage\",\"@id\":\"https:\\\/\\\/www.bellunopress.it\\\/2022\\\/12\\\/08\\\/oggi-laperura-delle-piste-da-sci-nel-comprensorio-tofana-cortina-freccia-nel-cielo\\\/\",\"url\":\"https:\\\/\\\/www.bellunopress.it\\\/2022\\\/12\\\/08\\\/oggi-laperura-delle-piste-da-sci-nel-comprensorio-tofana-cortina-freccia-nel-cielo\\\/\",\"name\":\"Oggi l'aperura delle piste da sci nel comprensorio Tofana Cortina Freccia nel Cielo - Bellunopress - Dolomiti\",\"isPartOf\":{\"@id\":\"https:\\\/\\\/www.bellunopress.it\\\/#website\"},\"primaryImageOfPage\":{\"@id\":\"https:\\\/\\\/www.bellunopress.it\\\/2022\\\/12\\\/08\\\/oggi-laperura-delle-piste-da-sci-nel-comprensorio-tofana-cortina-freccia-nel-cielo\\\/#primaryimage\"},\"image\":{\"@id\":\"https:\\\/\\\/www.bellunopress.it\\\/2022\\\/12\\\/08\\\/oggi-laperura-delle-piste-da-sci-nel-comprensorio-tofana-cortina-freccia-nel-cielo\\\/#primaryimage\"},\"thumbnailUrl\":\"https:\\\/\\\/www.bellunopress.it\\\/wp-content\\\/uploads\\\/2021\\\/12\\\/Tofana-Freccia-nel-Cielo-\u00a9ManazProductions_edited.jpg\",\"datePublished\":\"2022-12-08T13:53:43+00:00\",\"dateModified\":\"2022-12-08T13:56:50+00:00\",\"breadcrumb\":{\"@id\":\"https:\\\/\\\/www.bellunopress.it\\\/2022\\\/12\\\/08\\\/oggi-laperura-delle-piste-da-sci-nel-comprensorio-tofana-cortina-freccia-nel-cielo\\\/#breadcrumb\"},\"inLanguage\":\"fr-FR\",\"potentialAction\":[{\"@type\":\"ReadAction\",\"target\":[\"https:\\\/\\\/www.bellunopress.it\\\/2022\\\/12\\\/08\\\/oggi-laperura-delle-piste-da-sci-nel-comprensorio-tofana-cortina-freccia-nel-cielo\\\/\"]}]},{\"@type\":\"ImageObject\",\"inLanguage\":\"fr-FR\",\"@id\":\"https:\\\/\\\/www.bellunopress.it\\\/2022\\\/12\\\/08\\\/oggi-laperura-delle-piste-da-sci-nel-comprensorio-tofana-cortina-freccia-nel-cielo\\\/#primaryimage\",\"url\":\"https:\\\/\\\/www.bellunopress.it\\\/wp-content\\\/uploads\\\/2021\\\/12\\\/Tofana-Freccia-nel-Cielo-\u00a9ManazProductions_edited.jpg\",\"contentUrl\":\"https:\\\/\\\/www.bellunopress.it\\\/wp-content\\\/uploads\\\/2021\\\/12\\\/Tofana-Freccia-nel-Cielo-\u00a9ManazProductions_edited.jpg\",\"width\":1000,\"height\":562,\"caption\":\"Tofana Freccia nel Cielo \u00a9ManazProductions\"},{\"@type\":\"BreadcrumbList\",\"@id\":\"https:\\\/\\\/www.bellunopress.it\\\/2022\\\/12\\\/08\\\/oggi-laperura-delle-piste-da-sci-nel-comprensorio-tofana-cortina-freccia-nel-cielo\\\/#breadcrumb\",\"itemListElement\":[{\"@type\":\"ListItem\",\"position\":1,\"name\":\"Home\",\"item\":\"https:\\\/\\\/www.bellunopress.it\\\/\"},{\"@type\":\"ListItem\",\"position\":2,\"name\":\"Oggi l&#8217;aperura delle piste da sci nel comprensorio Tofana Cortina Freccia nel Cielo\"}]},{\"@type\":\"WebSite\",\"@id\":\"https:\\\/\\\/www.bellunopress.it\\\/#website\",\"url\":\"https:\\\/\\\/www.bellunopress.it\\\/\",\"name\":\"Bellunopress - Dolomiti\",\"description\":\"e-mail: redazione@bellunopress.it\",\"publisher\":{\"@id\":\"https:\\\/\\\/www.bellunopress.it\\\/#organization\"},\"potentialAction\":[{\"@type\":\"SearchAction\",\"target\":{\"@type\":\"EntryPoint\",\"urlTemplate\":\"https:\\\/\\\/www.bellunopress.it\\\/?s={search_term_string}\"},\"query-input\":{\"@type\":\"PropertyValueSpecification\",\"valueRequired\":true,\"valueName\":\"search_term_string\"}}],\"inLanguage\":\"fr-FR\"},{\"@type\":\"Organization\",\"@id\":\"https:\\\/\\\/www.bellunopress.it\\\/#organization\",\"name\":\"Bellunopress\",\"url\":\"https:\\\/\\\/www.bellunopress.it\\\/\",\"logo\":{\"@type\":\"ImageObject\",\"inLanguage\":\"fr-FR\",\"@id\":\"https:\\\/\\\/www.bellunopress.it\\\/#\\\/schema\\\/logo\\\/image\\\/\",\"url\":\"https:\\\/\\\/www.bellunopress.it\\\/wp-content\\\/uploads\\\/2011\\\/05\\\/cropped-logo-bellunopress-.jpg\",\"contentUrl\":\"https:\\\/\\\/www.bellunopress.it\\\/wp-content\\\/uploads\\\/2011\\\/05\\\/cropped-logo-bellunopress-.jpg\",\"width\":512,\"height\":512,\"caption\":\"Bellunopress\"},\"image\":{\"@id\":\"https:\\\/\\\/www.bellunopress.it\\\/#\\\/schema\\\/logo\\\/image\\\/\"},\"sameAs\":[\"https:\\\/\\\/www.facebook.com\\\/profile.php?id=100008943462799\",\"https:\\\/\\\/x.com\\\/bellunopress\",\"https:\\\/\\\/www.linkedin.com\\\/hp\\\/?dnr=JBzUWaJfMUw8vbXJJ2tVW5-I3jZKvC4wsoxE&amp;amp;amp;amp;amp;amp;trk=nav_responsive_tab_home\",\"https:\\\/\\\/www.youtube.com\\\/channel\\\/UCxL0wu1uN0_3_7hGG0306cw\"]},{\"@type\":\"Person\",\"@id\":\"https:\\\/\\\/www.bellunopress.it\\\/#\\\/schema\\\/person\\\/79bb06722b37ece1c03d3e94beb30d73\",\"name\":\"redazione\",\"image\":{\"@type\":\"ImageObject\",\"inLanguage\":\"fr-FR\",\"@id\":\"https:\\\/\\\/secure.gravatar.com\\\/avatar\\\/37d968a2e67a6fd04c169c4bdef102d0bc5d31b2546345219e348575eb80e9a0?s=96&d=mm&r=g\",\"url\":\"https:\\\/\\\/secure.gravatar.com\\\/avatar\\\/37d968a2e67a6fd04c169c4bdef102d0bc5d31b2546345219e348575eb80e9a0?s=96&d=mm&r=g\",\"contentUrl\":\"https:\\\/\\\/secure.gravatar.com\\\/avatar\\\/37d968a2e67a6fd04c169c4bdef102d0bc5d31b2546345219e348575eb80e9a0?s=96&d=mm&r=g\",\"caption\":\"redazione\"},\"sameAs\":[\"http:\\\/\\\/www.bellunopress.it\",\"https:\\\/\\\/x.com\\\/bellunopress\"],\"url\":\"https:\\\/\\\/www.bellunopress.it\\\/fr\\\/author\\\/redazione\\\/\"}]}<\/script>\n<!-- \/ Yoast SEO plugin. -->","yoast_head_json":{"title":"Oggi l'aperura delle piste da sci nel comprensorio Tofana Cortina Freccia nel Cielo - Bellunopress - Dolomiti","robots":{"index":"index","follow":"follow","max-snippet":"max-snippet:-1","max-image-preview":"max-image-preview:large","max-video-preview":"max-video-preview:-1"},"canonical":"https:\/\/www.bellunopress.it\/fr\/2022\/12\/08\/oggi-laperura-delle-piste-da-sci-nel-comprensorio-tofana-cortina-freccia-nel-cielo\/","og_locale":"fr_FR","og_type":"article","og_title":"Oggi l'aperura delle piste da sci nel comprensorio Tofana Cortina Freccia nel Cielo - Bellunopress - Dolomiti","og_description":"L&#8217;8 dicembre, in concomitanza con il Fashion Weekend, apre il comprensorio Tofana Cortina Freccia nel Cielo per una stagione invernale firmata 2022\/23, ricca di sci, eventi unici e imperdibili. La chiamano la \u201cFreccia nel Cielo\u201d e capire il perch\u00e9 risulta piuttosto facile: i piedi lasciano la terraferma, la vista si fa pi\u00f9 aguzza, il cuore [&hellip;]","og_url":"https:\/\/www.bellunopress.it\/fr\/2022\/12\/08\/oggi-laperura-delle-piste-da-sci-nel-comprensorio-tofana-cortina-freccia-nel-cielo\/","og_site_name":"Bellunopress - Dolomiti","article_publisher":"https:\/\/www.facebook.com\/profile.php?id=100008943462799","article_published_time":"2022-12-08T13:53:43+00:00","article_modified_time":"2022-12-08T13:56:50+00:00","og_image":[{"width":1000,"height":562,"url":"https:\/\/www.bellunopress.it\/wp-content\/uploads\/2021\/12\/Tofana-Freccia-nel-Cielo-\u00a9ManazProductions_edited.jpg","type":"image\/jpeg"}],"author":"redazione","twitter_card":"summary_large_image","twitter_creator":"@bellunopress","twitter_site":"@bellunopress","twitter_misc":{"\u00c9crit par":"redazione","Dur\u00e9e de lecture estim\u00e9e":"3 minutes"},"schema":{"@context":"https:\/\/schema.org","@graph":[{"@type":"Article","@id":"https:\/\/www.bellunopress.it\/2022\/12\/08\/oggi-laperura-delle-piste-da-sci-nel-comprensorio-tofana-cortina-freccia-nel-cielo\/#article","isPartOf":{"@id":"https:\/\/www.bellunopress.it\/2022\/12\/08\/oggi-laperura-delle-piste-da-sci-nel-comprensorio-tofana-cortina-freccia-nel-cielo\/"},"author":{"name":"redazione","@id":"https:\/\/www.bellunopress.it\/#\/schema\/person\/79bb06722b37ece1c03d3e94beb30d73"},"headline":"Oggi l&#8217;aperura delle piste da sci nel comprensorio Tofana Cortina Freccia nel Cielo","datePublished":"2022-12-08T13:53:43+00:00","dateModified":"2022-12-08T13:56:50+00:00","mainEntityOfPage":{"@id":"https:\/\/www.bellunopress.it\/2022\/12\/08\/oggi-laperura-delle-piste-da-sci-nel-comprensorio-tofana-cortina-freccia-nel-cielo\/"},"wordCount":495,"publisher":{"@id":"https:\/\/www.bellunopress.it\/#organization"},"image":{"@id":"https:\/\/www.bellunopress.it\/2022\/12\/08\/oggi-laperura-delle-piste-da-sci-nel-comprensorio-tofana-cortina-freccia-nel-cielo\/#primaryimage"},"thumbnailUrl":"https:\/\/www.bellunopress.it\/wp-content\/uploads\/2021\/12\/Tofana-Freccia-nel-Cielo-\u00a9ManazProductions_edited.jpg","articleSection":["Sport, tempo libero"],"inLanguage":"fr-FR"},{"@type":"WebPage","@id":"https:\/\/www.bellunopress.it\/2022\/12\/08\/oggi-laperura-delle-piste-da-sci-nel-comprensorio-tofana-cortina-freccia-nel-cielo\/","url":"https:\/\/www.bellunopress.it\/2022\/12\/08\/oggi-laperura-delle-piste-da-sci-nel-comprensorio-tofana-cortina-freccia-nel-cielo\/","name":"Oggi l'aperura delle piste da sci nel comprensorio Tofana Cortina Freccia nel Cielo - Bellunopress - Dolomiti","isPartOf":{"@id":"https:\/\/www.bellunopress.it\/#website"},"primaryImageOfPage":{"@id":"https:\/\/www.bellunopress.it\/2022\/12\/08\/oggi-laperura-delle-piste-da-sci-nel-comprensorio-tofana-cortina-freccia-nel-cielo\/#primaryimage"},"image":{"@id":"https:\/\/www.bellunopress.it\/2022\/12\/08\/oggi-laperura-delle-piste-da-sci-nel-comprensorio-tofana-cortina-freccia-nel-cielo\/#primaryimage"},"thumbnailUrl":"https:\/\/www.bellunopress.it\/wp-content\/uploads\/2021\/12\/Tofana-Freccia-nel-Cielo-\u00a9ManazProductions_edited.jpg","datePublished":"2022-12-08T13:53:43+00:00","dateModified":"2022-12-08T13:56:50+00:00","breadcrumb":{"@id":"https:\/\/www.bellunopress.it\/2022\/12\/08\/oggi-laperura-delle-piste-da-sci-nel-comprensorio-tofana-cortina-freccia-nel-cielo\/#breadcrumb"},"inLanguage":"fr-FR","potentialAction":[{"@type":"ReadAction","target":["https:\/\/www.bellunopress.it\/2022\/12\/08\/oggi-laperura-delle-piste-da-sci-nel-comprensorio-tofana-cortina-freccia-nel-cielo\/"]}]},{"@type":"ImageObject","inLanguage":"fr-FR","@id":"https:\/\/www.bellunopress.it\/2022\/12\/08\/oggi-laperura-delle-piste-da-sci-nel-comprensorio-tofana-cortina-freccia-nel-cielo\/#primaryimage","url":"https:\/\/www.bellunopress.it\/wp-content\/uploads\/2021\/12\/Tofana-Freccia-nel-Cielo-\u00a9ManazProductions_edited.jpg","contentUrl":"https:\/\/www.bellunopress.it\/wp-content\/uploads\/2021\/12\/Tofana-Freccia-nel-Cielo-\u00a9ManazProductions_edited.jpg","width":1000,"height":562,"caption":"Tofana Freccia nel Cielo \u00a9ManazProductions"},{"@type":"BreadcrumbList","@id":"https:\/\/www.bellunopress.it\/2022\/12\/08\/oggi-laperura-delle-piste-da-sci-nel-comprensorio-tofana-cortina-freccia-nel-cielo\/#breadcrumb","itemListElement":[{"@type":"ListItem","position":1,"name":"Home","item":"https:\/\/www.bellunopress.it\/"},{"@type":"ListItem","position":2,"name":"Oggi l&#8217;aperura delle piste da sci nel comprensorio Tofana Cortina Freccia nel Cielo"}]},{"@type":"WebSite","@id":"https:\/\/www.bellunopress.it\/#website","url":"https:\/\/www.bellunopress.it\/","name":"Bellunopress - Dolomiti","description":"e-mail: redazione@bellunopress.it","publisher":{"@id":"https:\/\/www.bellunopress.it\/#organization"},"potentialAction":[{"@type":"SearchAction","target":{"@type":"EntryPoint","urlTemplate":"https:\/\/www.bellunopress.it\/?s={search_term_string}"},"query-input":{"@type":"PropertyValueSpecification","valueRequired":true,"valueName":"search_term_string"}}],"inLanguage":"fr-FR"},{"@type":"Organization","@id":"https:\/\/www.bellunopress.it\/#organization","name":"Bellunopress","url":"https:\/\/www.bellunopress.it\/","logo":{"@type":"ImageObject","inLanguage":"fr-FR","@id":"https:\/\/www.bellunopress.it\/#\/schema\/logo\/image\/","url":"https:\/\/www.bellunopress.it\/wp-content\/uploads\/2011\/05\/cropped-logo-bellunopress-.jpg","contentUrl":"https:\/\/www.bellunopress.it\/wp-content\/uploads\/2011\/05\/cropped-logo-bellunopress-.jpg","width":512,"height":512,"caption":"Bellunopress"},"image":{"@id":"https:\/\/www.bellunopress.it\/#\/schema\/logo\/image\/"},"sameAs":["https:\/\/www.facebook.com\/profile.php?id=100008943462799","https:\/\/x.com\/bellunopress","https:\/\/www.linkedin.com\/hp\/?dnr=JBzUWaJfMUw8vbXJJ2tVW5-I3jZKvC4wsoxE&amp;amp;amp;amp;amp;amp;trk=nav_responsive_tab_home","https:\/\/www.youtube.com\/channel\/UCxL0wu1uN0_3_7hGG0306cw"]},{"@type":"Person","@id":"https:\/\/www.bellunopress.it\/#\/schema\/person\/79bb06722b37ece1c03d3e94beb30d73","name":"r\u00e9daction","image":{"@type":"ImageObject","inLanguage":"fr-FR","@id":"https:\/\/secure.gravatar.com\/avatar\/37d968a2e67a6fd04c169c4bdef102d0bc5d31b2546345219e348575eb80e9a0?s=96&d=mm&r=g","url":"https:\/\/secure.gravatar.com\/avatar\/37d968a2e67a6fd04c169c4bdef102d0bc5d31b2546345219e348575eb80e9a0?s=96&d=mm&r=g","contentUrl":"https:\/\/secure.gravatar.com\/avatar\/37d968a2e67a6fd04c169c4bdef102d0bc5d31b2546345219e348575eb80e9a0?s=96&d=mm&r=g","caption":"redazione"},"sameAs":["http:\/\/www.bellunopress.it","https:\/\/x.com\/bellunopress"],"url":"https:\/\/www.bellunopress.it\/fr\/author\/redazione\/"}]}},"_links":{"self":[{"href":"https:\/\/www.bellunopress.it\/fr\/wp-json\/wp\/v2\/posts\/138205","targetHints":{"allow":["GET"]}}],"collection":[{"href":"https:\/\/www.bellunopress.it\/fr\/wp-json\/wp\/v2\/posts"}],"about":[{"href":"https:\/\/www.bellunopress.it\/fr\/wp-json\/wp\/v2\/types\/post"}],"author":[{"embeddable":true,"href":"https:\/\/www.bellunopress.it\/fr\/wp-json\/wp\/v2\/users\/2"}],"replies":[{"embeddable":true,"href":"https:\/\/www.bellunopress.it\/fr\/wp-json\/wp\/v2\/comments?post=138205"}],"version-history":[{"count":2,"href":"https:\/\/www.bellunopress.it\/fr\/wp-json\/wp\/v2\/posts\/138205\/revisions"}],"predecessor-version":[{"id":138207,"href":"https:\/\/www.bellunopress.it\/fr\/wp-json\/wp\/v2\/posts\/138205\/revisions\/138207"}],"wp:featuredmedia":[{"embeddable":true,"href":"https:\/\/www.bellunopress.it\/fr\/wp-json\/wp\/v2\/media\/129712"}],"wp:attachment":[{"href":"https:\/\/www.bellunopress.it\/fr\/wp-json\/wp\/v2\/media?parent=138205"}],"wp:term":[{"taxonomy":"category","embeddable":true,"href":"https:\/\/www.bellunopress.it\/fr\/wp-json\/wp\/v2\/categories?post=138205"},{"taxonomy":"post_tag","embeddable":true,"href":"https:\/\/www.bellunopress.it\/fr\/wp-json\/wp\/v2\/tags?post=138205"}],"curies":[{"name":"wp","href":"https:\/\/api.w.org\/{rel}","templated":true}]}}