{"id":138190,"date":"2022-12-08T08:45:28","date_gmt":"2022-12-08T07:45:28","guid":{"rendered":"https:\/\/www.bellunopress.it\/?p=138190"},"modified":"2022-12-08T08:53:46","modified_gmt":"2022-12-08T07:53:46","slug":"cannoni-per-la-neve-artificiale-in-azione-sulle-piste-del-nevegal","status":"publish","type":"post","link":"https:\/\/www.bellunopress.it\/fr\/2022\/12\/08\/cannoni-per-la-neve-artificiale-in-azione-sulle-piste-del-nevegal\/","title":{"rendered":"Cannoni per la neve artificiale in azione sulle piste del Nevegal"},"content":{"rendered":"<figure id=\"attachment_138191\" aria-describedby=\"caption-attachment-138191\" style=\"width: 1000px\" class=\"wp-caption alignleft\"><img loading=\"lazy\" decoding=\"async\" class=\"size-full wp-image-138191\" src=\"https:\/\/www.bellunopress.it\/wp-content\/uploads\/2022\/12\/alessandro-molin-direttore-scuola-sci-nevegal_edited.jpg\" alt=\"\" width=\"1000\" height=\"750\" srcset=\"https:\/\/www.bellunopress.it\/wp-content\/uploads\/2022\/12\/alessandro-molin-direttore-scuola-sci-nevegal_edited.jpg 1000w, https:\/\/www.bellunopress.it\/wp-content\/uploads\/2022\/12\/alessandro-molin-direttore-scuola-sci-nevegal_edited-500x375.jpg 500w, https:\/\/www.bellunopress.it\/wp-content\/uploads\/2022\/12\/alessandro-molin-direttore-scuola-sci-nevegal_edited-696x522.jpg 696w, https:\/\/www.bellunopress.it\/wp-content\/uploads\/2022\/12\/alessandro-molin-direttore-scuola-sci-nevegal_edited-560x420.jpg 560w, https:\/\/www.bellunopress.it\/wp-content\/uploads\/2022\/12\/alessandro-molin-direttore-scuola-sci-nevegal_edited-80x60.jpg 80w, https:\/\/www.bellunopress.it\/wp-content\/uploads\/2022\/12\/alessandro-molin-direttore-scuola-sci-nevegal_edited-265x198.jpg 265w\" sizes=\"auto, (max-width: 1000px) 100vw, 1000px\" \/><figcaption id=\"caption-attachment-138191\" class=\"wp-caption-text\">Alessandro Molin, presidente di Nevegal2021<\/figcaption><\/figure>\n<p><strong>Alessandro Molin: \u00abLe temperature sono finalmente scese, da mercoled\u00ec notte possiamo iniziare a produrre neve\u00bb. Oltre mille skipass stagionali venduti in prevendita<\/strong><\/p>\n<p>Inizialmente l&#8217;idea era di aprire per gioved\u00ec 8 dicembre, festa dell&#8217;Immacolata, ma le ultime precipitazioni, nevose solo sopra i 1500 metri quota, e le temperature superiori allo zero, non hanno permesso di ultimare la preparazione delle piste.<br \/>\n\u00abDa mercoled\u00ec notte &#8211; ha detto Alessandro Molin, presidente di Nevegal2021 &#8211; finalmente potremo azionare i cannoni per la neve artificiale che sono gi\u00e0 pronti lungo le piste da qualche settimana. In questi giorni, oltre alla perturbazione relativamente calda che ha portato solo pochi centimetri di neve nella parte alta del comprensorio, abbiamo avuto anche una forte inversione termica che ha impedito ai cannoni di entrare in funzione. In pratica si registra una temperatura pi\u00f9 fredda a quote pi\u00f9 basse mentre in quota l&#8217;aria \u00e8 pi\u00f9 calda\u00bb.<\/p>\n<figure id=\"attachment_138193\" aria-describedby=\"caption-attachment-138193\" style=\"width: 1000px\" class=\"wp-caption alignleft\"><img loading=\"lazy\" decoding=\"async\" class=\"size-full wp-image-138193\" src=\"https:\/\/www.bellunopress.it\/wp-content\/uploads\/2022\/12\/Nevegal-cannoni-neve_edited.jpg\" alt=\"\" width=\"1000\" height=\"703\" srcset=\"https:\/\/www.bellunopress.it\/wp-content\/uploads\/2022\/12\/Nevegal-cannoni-neve_edited.jpg 1000w, https:\/\/www.bellunopress.it\/wp-content\/uploads\/2022\/12\/Nevegal-cannoni-neve_edited-500x352.jpg 500w, https:\/\/www.bellunopress.it\/wp-content\/uploads\/2022\/12\/Nevegal-cannoni-neve_edited-696x489.jpg 696w, https:\/\/www.bellunopress.it\/wp-content\/uploads\/2022\/12\/Nevegal-cannoni-neve_edited-597x420.jpg 597w, https:\/\/www.bellunopress.it\/wp-content\/uploads\/2022\/12\/Nevegal-cannoni-neve_edited-100x70.jpg 100w\" sizes=\"auto, (max-width: 1000px) 100vw, 1000px\" \/><figcaption id=\"caption-attachment-138193\" class=\"wp-caption-text\">Cannoni per l&#8217;innevamento artificiale (Foto Libralon)<\/figcaption><\/figure>\n<p>\u00abCon il sistema d&#8217;innevamento a regime &#8211; ha continuato Molin &#8211; in 4\/5 giorni dovremo riuscire a produrre i metri cubi di neve necessari per la battitura della parte bassa della Coca e del Campo Scuola. Contiamo quindi di aprire per il fine settimana del 16-18 dicembre\u00bb.<br \/>\n\u00abPer quanto riguarda la campagna di prevendita dello ski pass stagionale &#8211; ha concluso il presidente di Nevegal2021 &#8211; siamo molto soddisfatti di come sia andata questa prima fase. In questo momento abbiamo venduto oltre mille skipass stagionali. Sicuramente i prezzi in vigore sino al 2 dicembre hanno aiutato la &#8220;corsa&#8221; allo stagionale. In questi giorni per\u00f2 c&#8217;\u00e8 un&#8217;altra promozione sul sito www.nevegal2021.it che prevede anche un ulteriore sconto del 10% riservato ai nuclei famigliari. Come societ\u00e0 vogliamo ringraziare tutti gli appassionati del Nevegal che in questi anni hanno creduto nel nostro lavoro acquistando uno skipass stagionale. Questa \u00e8 una dimostrazione di fiducia incredibile\u00bb.<\/p>\n<p>&nbsp;<\/p>","protected":false},"excerpt":{"rendered":"<p>Alessandro Molin: \u00abLe temperature sono finalmente scese, da mercoled\u00ec notte possiamo iniziare a produrre neve\u00bb. Oltre mille skipass stagionali venduti in prevendita Inizialmente l&#8217;idea era di aprire per gioved\u00ec 8 dicembre, festa dell&#8217;Immacolata, ma le ultime precipitazioni, nevose solo sopra i 1500 metri quota, e le temperature superiori allo zero, non hanno permesso di ultimare [&hellip;]<\/p>\n","protected":false},"author":2,"featured_media":138193,"comment_status":"closed","ping_status":"open","sticky":false,"template":"","format":"standard","meta":{"footnotes":""},"categories":[26,4],"tags":[],"class_list":["post-138190","post","type-post","status-publish","format-standard","has-post-thumbnail","category-prima-pagina","category-sport"],"yoast_head":"<!-- This site is optimized with the Yoast SEO plugin v28.4 - https:\/\/yoast.com\/product\/yoast-seo-wordpress\/ -->\n<title>Cannoni per la neve artificiale in azione sulle piste del Nevegal - Bellunopress - Dolomiti<\/title>\n<meta name=\"robots\" content=\"index, follow, max-snippet:-1, max-image-preview:large, max-video-preview:-1\" \/>\n<link rel=\"canonical\" href=\"https:\/\/www.bellunopress.it\/fr\/2022\/12\/08\/cannoni-per-la-neve-artificiale-in-azione-sulle-piste-del-nevegal\/\" \/>\n<meta property=\"og:locale\" content=\"fr_FR\" \/>\n<meta property=\"og:type\" content=\"article\" \/>\n<meta property=\"og:title\" content=\"Cannoni per la neve artificiale in azione sulle piste del Nevegal - Bellunopress - Dolomiti\" \/>\n<meta property=\"og:description\" content=\"Alessandro Molin: \u00abLe temperature sono finalmente scese, da mercoled\u00ec notte possiamo iniziare a produrre neve\u00bb. Oltre mille skipass stagionali venduti in prevendita Inizialmente l&#8217;idea era di aprire per gioved\u00ec 8 dicembre, festa dell&#8217;Immacolata, ma le ultime precipitazioni, nevose solo sopra i 1500 metri quota, e le temperature superiori allo zero, non hanno permesso di ultimare [&hellip;]\" \/>\n<meta property=\"og:url\" content=\"https:\/\/www.bellunopress.it\/fr\/2022\/12\/08\/cannoni-per-la-neve-artificiale-in-azione-sulle-piste-del-nevegal\/\" \/>\n<meta property=\"og:site_name\" content=\"Bellunopress - Dolomiti\" \/>\n<meta property=\"article:publisher\" content=\"https:\/\/www.facebook.com\/profile.php?id=100008943462799\" \/>\n<meta property=\"article:published_time\" content=\"2022-12-08T07:45:28+00:00\" \/>\n<meta property=\"article:modified_time\" content=\"2022-12-08T07:53:46+00:00\" \/>\n<meta property=\"og:image\" content=\"https:\/\/www.bellunopress.it\/wp-content\/uploads\/2022\/12\/Nevegal-cannoni-neve_edited.jpg\" \/>\n\t<meta property=\"og:image:width\" content=\"1000\" \/>\n\t<meta property=\"og:image:height\" content=\"703\" \/>\n\t<meta property=\"og:image:type\" content=\"image\/jpeg\" \/>\n<meta name=\"author\" content=\"redazione\" \/>\n<meta name=\"twitter:card\" content=\"summary_large_image\" \/>\n<meta name=\"twitter:creator\" content=\"@bellunopress\" \/>\n<meta name=\"twitter:site\" content=\"@bellunopress\" \/>\n<meta name=\"twitter:label1\" content=\"\u00c9crit par\" \/>\n\t<meta name=\"twitter:data1\" content=\"redazione\" \/>\n\t<meta name=\"twitter:label2\" content=\"Dur\u00e9e de lecture estim\u00e9e\" \/>\n\t<meta name=\"twitter:data2\" content=\"3 minutes\" \/>\n<script type=\"application\/ld+json\" class=\"yoast-schema-graph\">{\"@context\":\"https:\\\/\\\/schema.org\",\"@graph\":[{\"@type\":\"Article\",\"@id\":\"https:\\\/\\\/www.bellunopress.it\\\/2022\\\/12\\\/08\\\/cannoni-per-la-neve-artificiale-in-azione-sulle-piste-del-nevegal\\\/#article\",\"isPartOf\":{\"@id\":\"https:\\\/\\\/www.bellunopress.it\\\/2022\\\/12\\\/08\\\/cannoni-per-la-neve-artificiale-in-azione-sulle-piste-del-nevegal\\\/\"},\"author\":{\"name\":\"redazione\",\"@id\":\"https:\\\/\\\/www.bellunopress.it\\\/#\\\/schema\\\/person\\\/79bb06722b37ece1c03d3e94beb30d73\"},\"headline\":\"Cannoni per la neve artificiale in azione sulle piste del Nevegal\",\"datePublished\":\"2022-12-08T07:45:28+00:00\",\"dateModified\":\"2022-12-08T07:53:46+00:00\",\"mainEntityOfPage\":{\"@id\":\"https:\\\/\\\/www.bellunopress.it\\\/2022\\\/12\\\/08\\\/cannoni-per-la-neve-artificiale-in-azione-sulle-piste-del-nevegal\\\/\"},\"wordCount\":335,\"publisher\":{\"@id\":\"https:\\\/\\\/www.bellunopress.it\\\/#organization\"},\"image\":{\"@id\":\"https:\\\/\\\/www.bellunopress.it\\\/2022\\\/12\\\/08\\\/cannoni-per-la-neve-artificiale-in-azione-sulle-piste-del-nevegal\\\/#primaryimage\"},\"thumbnailUrl\":\"https:\\\/\\\/www.bellunopress.it\\\/wp-content\\\/uploads\\\/2022\\\/12\\\/Nevegal-cannoni-neve_edited.jpg\",\"articleSection\":[\"Prima Pagina\",\"Sport, tempo libero\"],\"inLanguage\":\"fr-FR\"},{\"@type\":\"WebPage\",\"@id\":\"https:\\\/\\\/www.bellunopress.it\\\/2022\\\/12\\\/08\\\/cannoni-per-la-neve-artificiale-in-azione-sulle-piste-del-nevegal\\\/\",\"url\":\"https:\\\/\\\/www.bellunopress.it\\\/2022\\\/12\\\/08\\\/cannoni-per-la-neve-artificiale-in-azione-sulle-piste-del-nevegal\\\/\",\"name\":\"Cannoni per la neve artificiale in azione sulle piste del Nevegal - Bellunopress - Dolomiti\",\"isPartOf\":{\"@id\":\"https:\\\/\\\/www.bellunopress.it\\\/#website\"},\"primaryImageOfPage\":{\"@id\":\"https:\\\/\\\/www.bellunopress.it\\\/2022\\\/12\\\/08\\\/cannoni-per-la-neve-artificiale-in-azione-sulle-piste-del-nevegal\\\/#primaryimage\"},\"image\":{\"@id\":\"https:\\\/\\\/www.bellunopress.it\\\/2022\\\/12\\\/08\\\/cannoni-per-la-neve-artificiale-in-azione-sulle-piste-del-nevegal\\\/#primaryimage\"},\"thumbnailUrl\":\"https:\\\/\\\/www.bellunopress.it\\\/wp-content\\\/uploads\\\/2022\\\/12\\\/Nevegal-cannoni-neve_edited.jpg\",\"datePublished\":\"2022-12-08T07:45:28+00:00\",\"dateModified\":\"2022-12-08T07:53:46+00:00\",\"breadcrumb\":{\"@id\":\"https:\\\/\\\/www.bellunopress.it\\\/2022\\\/12\\\/08\\\/cannoni-per-la-neve-artificiale-in-azione-sulle-piste-del-nevegal\\\/#breadcrumb\"},\"inLanguage\":\"fr-FR\",\"potentialAction\":[{\"@type\":\"ReadAction\",\"target\":[\"https:\\\/\\\/www.bellunopress.it\\\/2022\\\/12\\\/08\\\/cannoni-per-la-neve-artificiale-in-azione-sulle-piste-del-nevegal\\\/\"]}]},{\"@type\":\"ImageObject\",\"inLanguage\":\"fr-FR\",\"@id\":\"https:\\\/\\\/www.bellunopress.it\\\/2022\\\/12\\\/08\\\/cannoni-per-la-neve-artificiale-in-azione-sulle-piste-del-nevegal\\\/#primaryimage\",\"url\":\"https:\\\/\\\/www.bellunopress.it\\\/wp-content\\\/uploads\\\/2022\\\/12\\\/Nevegal-cannoni-neve_edited.jpg\",\"contentUrl\":\"https:\\\/\\\/www.bellunopress.it\\\/wp-content\\\/uploads\\\/2022\\\/12\\\/Nevegal-cannoni-neve_edited.jpg\",\"width\":1000,\"height\":703,\"caption\":\"Cannoni per l'innevamento artificiale (Foto Libralon)\"},{\"@type\":\"BreadcrumbList\",\"@id\":\"https:\\\/\\\/www.bellunopress.it\\\/2022\\\/12\\\/08\\\/cannoni-per-la-neve-artificiale-in-azione-sulle-piste-del-nevegal\\\/#breadcrumb\",\"itemListElement\":[{\"@type\":\"ListItem\",\"position\":1,\"name\":\"Home\",\"item\":\"https:\\\/\\\/www.bellunopress.it\\\/\"},{\"@type\":\"ListItem\",\"position\":2,\"name\":\"Cannoni per la neve artificiale in azione sulle piste del Nevegal\"}]},{\"@type\":\"WebSite\",\"@id\":\"https:\\\/\\\/www.bellunopress.it\\\/#website\",\"url\":\"https:\\\/\\\/www.bellunopress.it\\\/\",\"name\":\"Bellunopress - Dolomiti\",\"description\":\"e-mail: redazione@bellunopress.it\",\"publisher\":{\"@id\":\"https:\\\/\\\/www.bellunopress.it\\\/#organization\"},\"potentialAction\":[{\"@type\":\"SearchAction\",\"target\":{\"@type\":\"EntryPoint\",\"urlTemplate\":\"https:\\\/\\\/www.bellunopress.it\\\/?s={search_term_string}\"},\"query-input\":{\"@type\":\"PropertyValueSpecification\",\"valueRequired\":true,\"valueName\":\"search_term_string\"}}],\"inLanguage\":\"fr-FR\"},{\"@type\":\"Organization\",\"@id\":\"https:\\\/\\\/www.bellunopress.it\\\/#organization\",\"name\":\"Bellunopress\",\"url\":\"https:\\\/\\\/www.bellunopress.it\\\/\",\"logo\":{\"@type\":\"ImageObject\",\"inLanguage\":\"fr-FR\",\"@id\":\"https:\\\/\\\/www.bellunopress.it\\\/#\\\/schema\\\/logo\\\/image\\\/\",\"url\":\"https:\\\/\\\/www.bellunopress.it\\\/wp-content\\\/uploads\\\/2011\\\/05\\\/cropped-logo-bellunopress-.jpg\",\"contentUrl\":\"https:\\\/\\\/www.bellunopress.it\\\/wp-content\\\/uploads\\\/2011\\\/05\\\/cropped-logo-bellunopress-.jpg\",\"width\":512,\"height\":512,\"caption\":\"Bellunopress\"},\"image\":{\"@id\":\"https:\\\/\\\/www.bellunopress.it\\\/#\\\/schema\\\/logo\\\/image\\\/\"},\"sameAs\":[\"https:\\\/\\\/www.facebook.com\\\/profile.php?id=100008943462799\",\"https:\\\/\\\/x.com\\\/bellunopress\",\"https:\\\/\\\/www.linkedin.com\\\/hp\\\/?dnr=JBzUWaJfMUw8vbXJJ2tVW5-I3jZKvC4wsoxE&amp;amp;amp;amp;amp;amp;trk=nav_responsive_tab_home\",\"https:\\\/\\\/www.youtube.com\\\/channel\\\/UCxL0wu1uN0_3_7hGG0306cw\"]},{\"@type\":\"Person\",\"@id\":\"https:\\\/\\\/www.bellunopress.it\\\/#\\\/schema\\\/person\\\/79bb06722b37ece1c03d3e94beb30d73\",\"name\":\"redazione\",\"image\":{\"@type\":\"ImageObject\",\"inLanguage\":\"fr-FR\",\"@id\":\"https:\\\/\\\/secure.gravatar.com\\\/avatar\\\/37d968a2e67a6fd04c169c4bdef102d0bc5d31b2546345219e348575eb80e9a0?s=96&d=mm&r=g\",\"url\":\"https:\\\/\\\/secure.gravatar.com\\\/avatar\\\/37d968a2e67a6fd04c169c4bdef102d0bc5d31b2546345219e348575eb80e9a0?s=96&d=mm&r=g\",\"contentUrl\":\"https:\\\/\\\/secure.gravatar.com\\\/avatar\\\/37d968a2e67a6fd04c169c4bdef102d0bc5d31b2546345219e348575eb80e9a0?s=96&d=mm&r=g\",\"caption\":\"redazione\"},\"sameAs\":[\"http:\\\/\\\/www.bellunopress.it\",\"https:\\\/\\\/x.com\\\/bellunopress\"],\"url\":\"https:\\\/\\\/www.bellunopress.it\\\/fr\\\/author\\\/redazione\\\/\"}]}<\/script>\n<!-- \/ Yoast SEO plugin. -->","yoast_head_json":{"title":"Cannoni per la neve artificiale in azione sulle piste del Nevegal - Bellunopress - Dolomiti","robots":{"index":"index","follow":"follow","max-snippet":"max-snippet:-1","max-image-preview":"max-image-preview:large","max-video-preview":"max-video-preview:-1"},"canonical":"https:\/\/www.bellunopress.it\/fr\/2022\/12\/08\/cannoni-per-la-neve-artificiale-in-azione-sulle-piste-del-nevegal\/","og_locale":"fr_FR","og_type":"article","og_title":"Cannoni per la neve artificiale in azione sulle piste del Nevegal - Bellunopress - Dolomiti","og_description":"Alessandro Molin: \u00abLe temperature sono finalmente scese, da mercoled\u00ec notte possiamo iniziare a produrre neve\u00bb. Oltre mille skipass stagionali venduti in prevendita Inizialmente l&#8217;idea era di aprire per gioved\u00ec 8 dicembre, festa dell&#8217;Immacolata, ma le ultime precipitazioni, nevose solo sopra i 1500 metri quota, e le temperature superiori allo zero, non hanno permesso di ultimare [&hellip;]","og_url":"https:\/\/www.bellunopress.it\/fr\/2022\/12\/08\/cannoni-per-la-neve-artificiale-in-azione-sulle-piste-del-nevegal\/","og_site_name":"Bellunopress - Dolomiti","article_publisher":"https:\/\/www.facebook.com\/profile.php?id=100008943462799","article_published_time":"2022-12-08T07:45:28+00:00","article_modified_time":"2022-12-08T07:53:46+00:00","og_image":[{"width":1000,"height":703,"url":"https:\/\/www.bellunopress.it\/wp-content\/uploads\/2022\/12\/Nevegal-cannoni-neve_edited.jpg","type":"image\/jpeg"}],"author":"redazione","twitter_card":"summary_large_image","twitter_creator":"@bellunopress","twitter_site":"@bellunopress","twitter_misc":{"\u00c9crit par":"redazione","Dur\u00e9e de lecture estim\u00e9e":"3 minutes"},"schema":{"@context":"https:\/\/schema.org","@graph":[{"@type":"Article","@id":"https:\/\/www.bellunopress.it\/2022\/12\/08\/cannoni-per-la-neve-artificiale-in-azione-sulle-piste-del-nevegal\/#article","isPartOf":{"@id":"https:\/\/www.bellunopress.it\/2022\/12\/08\/cannoni-per-la-neve-artificiale-in-azione-sulle-piste-del-nevegal\/"},"author":{"name":"redazione","@id":"https:\/\/www.bellunopress.it\/#\/schema\/person\/79bb06722b37ece1c03d3e94beb30d73"},"headline":"Cannoni per la neve artificiale in azione sulle piste del Nevegal","datePublished":"2022-12-08T07:45:28+00:00","dateModified":"2022-12-08T07:53:46+00:00","mainEntityOfPage":{"@id":"https:\/\/www.bellunopress.it\/2022\/12\/08\/cannoni-per-la-neve-artificiale-in-azione-sulle-piste-del-nevegal\/"},"wordCount":335,"publisher":{"@id":"https:\/\/www.bellunopress.it\/#organization"},"image":{"@id":"https:\/\/www.bellunopress.it\/2022\/12\/08\/cannoni-per-la-neve-artificiale-in-azione-sulle-piste-del-nevegal\/#primaryimage"},"thumbnailUrl":"https:\/\/www.bellunopress.it\/wp-content\/uploads\/2022\/12\/Nevegal-cannoni-neve_edited.jpg","articleSection":["Prima Pagina","Sport, tempo libero"],"inLanguage":"fr-FR"},{"@type":"WebPage","@id":"https:\/\/www.bellunopress.it\/2022\/12\/08\/cannoni-per-la-neve-artificiale-in-azione-sulle-piste-del-nevegal\/","url":"https:\/\/www.bellunopress.it\/2022\/12\/08\/cannoni-per-la-neve-artificiale-in-azione-sulle-piste-del-nevegal\/","name":"Cannoni per la neve artificiale in azione sulle piste del Nevegal - Bellunopress - Dolomiti","isPartOf":{"@id":"https:\/\/www.bellunopress.it\/#website"},"primaryImageOfPage":{"@id":"https:\/\/www.bellunopress.it\/2022\/12\/08\/cannoni-per-la-neve-artificiale-in-azione-sulle-piste-del-nevegal\/#primaryimage"},"image":{"@id":"https:\/\/www.bellunopress.it\/2022\/12\/08\/cannoni-per-la-neve-artificiale-in-azione-sulle-piste-del-nevegal\/#primaryimage"},"thumbnailUrl":"https:\/\/www.bellunopress.it\/wp-content\/uploads\/2022\/12\/Nevegal-cannoni-neve_edited.jpg","datePublished":"2022-12-08T07:45:28+00:00","dateModified":"2022-12-08T07:53:46+00:00","breadcrumb":{"@id":"https:\/\/www.bellunopress.it\/2022\/12\/08\/cannoni-per-la-neve-artificiale-in-azione-sulle-piste-del-nevegal\/#breadcrumb"},"inLanguage":"fr-FR","potentialAction":[{"@type":"ReadAction","target":["https:\/\/www.bellunopress.it\/2022\/12\/08\/cannoni-per-la-neve-artificiale-in-azione-sulle-piste-del-nevegal\/"]}]},{"@type":"ImageObject","inLanguage":"fr-FR","@id":"https:\/\/www.bellunopress.it\/2022\/12\/08\/cannoni-per-la-neve-artificiale-in-azione-sulle-piste-del-nevegal\/#primaryimage","url":"https:\/\/www.bellunopress.it\/wp-content\/uploads\/2022\/12\/Nevegal-cannoni-neve_edited.jpg","contentUrl":"https:\/\/www.bellunopress.it\/wp-content\/uploads\/2022\/12\/Nevegal-cannoni-neve_edited.jpg","width":1000,"height":703,"caption":"Cannoni per l'innevamento artificiale (Foto Libralon)"},{"@type":"BreadcrumbList","@id":"https:\/\/www.bellunopress.it\/2022\/12\/08\/cannoni-per-la-neve-artificiale-in-azione-sulle-piste-del-nevegal\/#breadcrumb","itemListElement":[{"@type":"ListItem","position":1,"name":"Home","item":"https:\/\/www.bellunopress.it\/"},{"@type":"ListItem","position":2,"name":"Cannoni per la neve artificiale in azione sulle piste del Nevegal"}]},{"@type":"WebSite","@id":"https:\/\/www.bellunopress.it\/#website","url":"https:\/\/www.bellunopress.it\/","name":"Bellunopress - Dolomiti","description":"e-mail: redazione@bellunopress.it","publisher":{"@id":"https:\/\/www.bellunopress.it\/#organization"},"potentialAction":[{"@type":"SearchAction","target":{"@type":"EntryPoint","urlTemplate":"https:\/\/www.bellunopress.it\/?s={search_term_string}"},"query-input":{"@type":"PropertyValueSpecification","valueRequired":true,"valueName":"search_term_string"}}],"inLanguage":"fr-FR"},{"@type":"Organization","@id":"https:\/\/www.bellunopress.it\/#organization","name":"Bellunopress","url":"https:\/\/www.bellunopress.it\/","logo":{"@type":"ImageObject","inLanguage":"fr-FR","@id":"https:\/\/www.bellunopress.it\/#\/schema\/logo\/image\/","url":"https:\/\/www.bellunopress.it\/wp-content\/uploads\/2011\/05\/cropped-logo-bellunopress-.jpg","contentUrl":"https:\/\/www.bellunopress.it\/wp-content\/uploads\/2011\/05\/cropped-logo-bellunopress-.jpg","width":512,"height":512,"caption":"Bellunopress"},"image":{"@id":"https:\/\/www.bellunopress.it\/#\/schema\/logo\/image\/"},"sameAs":["https:\/\/www.facebook.com\/profile.php?id=100008943462799","https:\/\/x.com\/bellunopress","https:\/\/www.linkedin.com\/hp\/?dnr=JBzUWaJfMUw8vbXJJ2tVW5-I3jZKvC4wsoxE&amp;amp;amp;amp;amp;amp;trk=nav_responsive_tab_home","https:\/\/www.youtube.com\/channel\/UCxL0wu1uN0_3_7hGG0306cw"]},{"@type":"Person","@id":"https:\/\/www.bellunopress.it\/#\/schema\/person\/79bb06722b37ece1c03d3e94beb30d73","name":"r\u00e9daction","image":{"@type":"ImageObject","inLanguage":"fr-FR","@id":"https:\/\/secure.gravatar.com\/avatar\/37d968a2e67a6fd04c169c4bdef102d0bc5d31b2546345219e348575eb80e9a0?s=96&d=mm&r=g","url":"https:\/\/secure.gravatar.com\/avatar\/37d968a2e67a6fd04c169c4bdef102d0bc5d31b2546345219e348575eb80e9a0?s=96&d=mm&r=g","contentUrl":"https:\/\/secure.gravatar.com\/avatar\/37d968a2e67a6fd04c169c4bdef102d0bc5d31b2546345219e348575eb80e9a0?s=96&d=mm&r=g","caption":"redazione"},"sameAs":["http:\/\/www.bellunopress.it","https:\/\/x.com\/bellunopress"],"url":"https:\/\/www.bellunopress.it\/fr\/author\/redazione\/"}]}},"_links":{"self":[{"href":"https:\/\/www.bellunopress.it\/fr\/wp-json\/wp\/v2\/posts\/138190","targetHints":{"allow":["GET"]}}],"collection":[{"href":"https:\/\/www.bellunopress.it\/fr\/wp-json\/wp\/v2\/posts"}],"about":[{"href":"https:\/\/www.bellunopress.it\/fr\/wp-json\/wp\/v2\/types\/post"}],"author":[{"embeddable":true,"href":"https:\/\/www.bellunopress.it\/fr\/wp-json\/wp\/v2\/users\/2"}],"replies":[{"embeddable":true,"href":"https:\/\/www.bellunopress.it\/fr\/wp-json\/wp\/v2\/comments?post=138190"}],"version-history":[{"count":3,"href":"https:\/\/www.bellunopress.it\/fr\/wp-json\/wp\/v2\/posts\/138190\/revisions"}],"predecessor-version":[{"id":138195,"href":"https:\/\/www.bellunopress.it\/fr\/wp-json\/wp\/v2\/posts\/138190\/revisions\/138195"}],"wp:featuredmedia":[{"embeddable":true,"href":"https:\/\/www.bellunopress.it\/fr\/wp-json\/wp\/v2\/media\/138193"}],"wp:attachment":[{"href":"https:\/\/www.bellunopress.it\/fr\/wp-json\/wp\/v2\/media?parent=138190"}],"wp:term":[{"taxonomy":"category","embeddable":true,"href":"https:\/\/www.bellunopress.it\/fr\/wp-json\/wp\/v2\/categories?post=138190"},{"taxonomy":"post_tag","embeddable":true,"href":"https:\/\/www.bellunopress.it\/fr\/wp-json\/wp\/v2\/tags?post=138190"}],"curies":[{"name":"wp","href":"https:\/\/api.w.org\/{rel}","templated":true}]}}