{"id":138187,"date":"2022-12-08T08:14:58","date_gmt":"2022-12-08T07:14:58","guid":{"rendered":"https:\/\/www.bellunopress.it\/?p=138187"},"modified":"2022-12-08T12:52:21","modified_gmt":"2022-12-08T11:52:21","slug":"gaia-la-terra-di-luke-jerram-a-belluno-fino-all11-dicembre","status":"publish","type":"post","link":"https:\/\/www.bellunopress.it\/fr\/2022\/12\/08\/gaia-la-terra-di-luke-jerram-a-belluno-fino-all11-dicembre\/","title":{"rendered":"Gaia, la terra di Luke Jerram a Belluno fino all&#8217;11 dicembre"},"content":{"rendered":"<p><img loading=\"lazy\" decoding=\"async\" class=\"alignleft size-full wp-image-138188\" src=\"https:\/\/www.bellunopress.it\/wp-content\/uploads\/2022\/12\/Gaia-di-Luke-Jerram_edited.jpg\" alt=\"\" width=\"1000\" height=\"644\" srcset=\"https:\/\/www.bellunopress.it\/wp-content\/uploads\/2022\/12\/Gaia-di-Luke-Jerram_edited.jpg 1000w, https:\/\/www.bellunopress.it\/wp-content\/uploads\/2022\/12\/Gaia-di-Luke-Jerram_edited-500x322.jpg 500w, https:\/\/www.bellunopress.it\/wp-content\/uploads\/2022\/12\/Gaia-di-Luke-Jerram_edited-696x448.jpg 696w, https:\/\/www.bellunopress.it\/wp-content\/uploads\/2022\/12\/Gaia-di-Luke-Jerram_edited-652x420.jpg 652w\" sizes=\"auto, (max-width: 1000px) 100vw, 1000px\" \/><img loading=\"lazy\" decoding=\"async\" class=\"alignleft size-full wp-image-138197\" src=\"https:\/\/www.bellunopress.it\/wp-content\/uploads\/2022\/12\/gaia-5_edited.jpg\" alt=\"\" width=\"1000\" height=\"697\" srcset=\"https:\/\/www.bellunopress.it\/wp-content\/uploads\/2022\/12\/gaia-5_edited.jpg 1000w, https:\/\/www.bellunopress.it\/wp-content\/uploads\/2022\/12\/gaia-5_edited-500x349.jpg 500w, https:\/\/www.bellunopress.it\/wp-content\/uploads\/2022\/12\/gaia-5_edited-696x485.jpg 696w, https:\/\/www.bellunopress.it\/wp-content\/uploads\/2022\/12\/gaia-5_edited-603x420.jpg 603w, https:\/\/www.bellunopress.it\/wp-content\/uploads\/2022\/12\/gaia-5_edited-100x70.jpg 100w\" sizes=\"auto, (max-width: 1000px) 100vw, 1000px\" \/>Gaia, l\u2019installazione di Luke Jerram \u00e8 arrivata a Belluno, ai giardini di piazza dei Martiri e vi rimarr\u00e0 fino all\u201911 dicembre. L\u2019opera \u00e8 la riproduzione fedele della terra vista dalla luna, misura sette metri di diametro e la sua superficie \u00e8 stata creata combinando immagini ad alta definizione fornite dalla Nasa. Nella mitologia greca Gaia era la personificazione della Terra. L\u2019opera \u00e8 stata presentata in importanti musei e centri di ricerca in tutto il mondo, in spazi pubblici e festival internazionali, ed \u00e8 stata creata in collaborazione con il Natural Environment Research Council (NERC), Bluedot e la UK Association for Science and Discovery Centers.<\/p>\n<p><strong>L\u2019artista<\/strong><br \/>\nLuke Jerram crea sculture, installazioni e progetti d\u2019arte dal vivo. Vive nel Regno Unito e lavora a livello internazionale dal 1997 proponendo i suoi progetti artistici su larga scala. Le sue opere si trovano nei grandi musei, tra cui il Metropolitan Museum of Art di New York e la Wellcome Collection di Londra. Nel 2019, Luke Jerram \u00e8 stato nominato membro della Royal Astronomical Society. Nel 2020, ha conseguito un dottorato onorario presso l&#8217;Universit\u00e0 di Bristol. La sua opera Museum of the Moon \u00e8 stata allestita in 30 paesi diversi, ed \u00e8 stata vista da oltre 10 milioni di persone.<\/p>\n<p>Vi sono vari esemplari di Gaia in tour contemporaneamente. Ecco di seguito il calendario.<br \/>\nGrimsby Minster , Regno Unito, 10 novembre \u2013 11 dicembre<br \/>\nTeatro al Massimo , Palermo, Italia, 21 novembre \u2013 8 dicembre<br \/>\nNobel Week Lights , Stoccolma, Svezia, 3 \u2013 11 dicembre<br \/>\nBelluno Centro Storico , Italia, 8 \u2013 11 dicembre<br \/>\nMuttart Conservatory , Edmonton, Canada, 14 gennaio \u2013 26 febbraio 2023<br \/>\nExeter Cathedral , Regno Unito, 1 \u2013 28 febbraio 2023<br \/>\nEmbassy Theatre , Skegness, Regno Unito, 11 \u2013 24 febbraio 2023<br \/>\nWOMADelaide , Australia, 10 \u2013 13 marzo 2023<br \/>\nInternational Centre for Life , Newcastle, Regno Unito,<br \/>\nMuseo in corso of Science, Boston, USA, in corso<\/p>\n<p>&nbsp;<\/p>","protected":false},"excerpt":{"rendered":"<p>Gaia, l\u2019installazione di Luke Jerram \u00e8 arrivata a Belluno, ai giardini di piazza dei Martiri e vi rimarr\u00e0 fino all\u201911 dicembre. L\u2019opera \u00e8 la riproduzione fedele della terra vista dalla luna, misura sette metri di diametro e la sua superficie \u00e8 stata creata combinando immagini ad alta definizione fornite dalla Nasa. Nella mitologia greca Gaia [&hellip;]<\/p>\n","protected":false},"author":2,"featured_media":138188,"comment_status":"closed","ping_status":"open","sticky":false,"template":"","format":"standard","meta":{"footnotes":""},"categories":[5,26],"tags":[],"class_list":["post-138187","post","type-post","status-publish","format-standard","has-post-thumbnail","category-cronaca","category-prima-pagina"],"yoast_head":"<!-- This site is optimized with the Yoast SEO plugin v28.4 - https:\/\/yoast.com\/product\/yoast-seo-wordpress\/ -->\n<title>Gaia, la terra di Luke Jerram a Belluno fino all&#039;11 dicembre - Bellunopress - Dolomiti<\/title>\n<meta name=\"robots\" content=\"index, follow, max-snippet:-1, max-image-preview:large, max-video-preview:-1\" \/>\n<link rel=\"canonical\" href=\"https:\/\/www.bellunopress.it\/fr\/2022\/12\/08\/gaia-la-terra-di-luke-jerram-a-belluno-fino-all11-dicembre\/\" \/>\n<meta property=\"og:locale\" content=\"fr_FR\" \/>\n<meta property=\"og:type\" content=\"article\" \/>\n<meta property=\"og:title\" content=\"Gaia, la terra di Luke Jerram a Belluno fino all&#039;11 dicembre - Bellunopress - Dolomiti\" \/>\n<meta property=\"og:description\" content=\"Gaia, l\u2019installazione di Luke Jerram \u00e8 arrivata a Belluno, ai giardini di piazza dei Martiri e vi rimarr\u00e0 fino all\u201911 dicembre. L\u2019opera \u00e8 la riproduzione fedele della terra vista dalla luna, misura sette metri di diametro e la sua superficie \u00e8 stata creata combinando immagini ad alta definizione fornite dalla Nasa. Nella mitologia greca Gaia [&hellip;]\" \/>\n<meta property=\"og:url\" content=\"https:\/\/www.bellunopress.it\/fr\/2022\/12\/08\/gaia-la-terra-di-luke-jerram-a-belluno-fino-all11-dicembre\/\" \/>\n<meta property=\"og:site_name\" content=\"Bellunopress - Dolomiti\" \/>\n<meta property=\"article:publisher\" content=\"https:\/\/www.facebook.com\/profile.php?id=100008943462799\" \/>\n<meta property=\"article:published_time\" content=\"2022-12-08T07:14:58+00:00\" \/>\n<meta property=\"article:modified_time\" content=\"2022-12-08T11:52:21+00:00\" \/>\n<meta property=\"og:image\" content=\"https:\/\/www.bellunopress.it\/wp-content\/uploads\/2022\/12\/Gaia-di-Luke-Jerram_edited.jpg\" \/>\n\t<meta property=\"og:image:width\" content=\"1000\" \/>\n\t<meta property=\"og:image:height\" content=\"644\" \/>\n\t<meta property=\"og:image:type\" content=\"image\/jpeg\" \/>\n<meta name=\"author\" content=\"redazione\" \/>\n<meta name=\"twitter:card\" content=\"summary_large_image\" \/>\n<meta name=\"twitter:creator\" content=\"@bellunopress\" \/>\n<meta name=\"twitter:site\" content=\"@bellunopress\" \/>\n<meta name=\"twitter:label1\" content=\"\u00c9crit par\" \/>\n\t<meta name=\"twitter:data1\" content=\"redazione\" \/>\n\t<meta name=\"twitter:label2\" content=\"Dur\u00e9e de lecture estim\u00e9e\" \/>\n\t<meta name=\"twitter:data2\" content=\"2 minutes\" \/>\n<script type=\"application\/ld+json\" class=\"yoast-schema-graph\">{\"@context\":\"https:\\\/\\\/schema.org\",\"@graph\":[{\"@type\":\"Article\",\"@id\":\"https:\\\/\\\/www.bellunopress.it\\\/2022\\\/12\\\/08\\\/gaia-la-terra-di-luke-jerram-a-belluno-fino-all11-dicembre\\\/#article\",\"isPartOf\":{\"@id\":\"https:\\\/\\\/www.bellunopress.it\\\/2022\\\/12\\\/08\\\/gaia-la-terra-di-luke-jerram-a-belluno-fino-all11-dicembre\\\/\"},\"author\":{\"name\":\"redazione\",\"@id\":\"https:\\\/\\\/www.bellunopress.it\\\/#\\\/schema\\\/person\\\/79bb06722b37ece1c03d3e94beb30d73\"},\"headline\":\"Gaia, la terra di Luke Jerram a Belluno fino all&#8217;11 dicembre\",\"datePublished\":\"2022-12-08T07:14:58+00:00\",\"dateModified\":\"2022-12-08T11:52:21+00:00\",\"mainEntityOfPage\":{\"@id\":\"https:\\\/\\\/www.bellunopress.it\\\/2022\\\/12\\\/08\\\/gaia-la-terra-di-luke-jerram-a-belluno-fino-all11-dicembre\\\/\"},\"wordCount\":284,\"publisher\":{\"@id\":\"https:\\\/\\\/www.bellunopress.it\\\/#organization\"},\"image\":{\"@id\":\"https:\\\/\\\/www.bellunopress.it\\\/2022\\\/12\\\/08\\\/gaia-la-terra-di-luke-jerram-a-belluno-fino-all11-dicembre\\\/#primaryimage\"},\"thumbnailUrl\":\"https:\\\/\\\/www.bellunopress.it\\\/wp-content\\\/uploads\\\/2022\\\/12\\\/Gaia-di-Luke-Jerram_edited.jpg\",\"articleSection\":[\"Cronaca\\\/Politica\",\"Prima Pagina\"],\"inLanguage\":\"fr-FR\"},{\"@type\":\"WebPage\",\"@id\":\"https:\\\/\\\/www.bellunopress.it\\\/2022\\\/12\\\/08\\\/gaia-la-terra-di-luke-jerram-a-belluno-fino-all11-dicembre\\\/\",\"url\":\"https:\\\/\\\/www.bellunopress.it\\\/2022\\\/12\\\/08\\\/gaia-la-terra-di-luke-jerram-a-belluno-fino-all11-dicembre\\\/\",\"name\":\"Gaia, la terra di Luke Jerram a Belluno fino all'11 dicembre - Bellunopress - Dolomiti\",\"isPartOf\":{\"@id\":\"https:\\\/\\\/www.bellunopress.it\\\/#website\"},\"primaryImageOfPage\":{\"@id\":\"https:\\\/\\\/www.bellunopress.it\\\/2022\\\/12\\\/08\\\/gaia-la-terra-di-luke-jerram-a-belluno-fino-all11-dicembre\\\/#primaryimage\"},\"image\":{\"@id\":\"https:\\\/\\\/www.bellunopress.it\\\/2022\\\/12\\\/08\\\/gaia-la-terra-di-luke-jerram-a-belluno-fino-all11-dicembre\\\/#primaryimage\"},\"thumbnailUrl\":\"https:\\\/\\\/www.bellunopress.it\\\/wp-content\\\/uploads\\\/2022\\\/12\\\/Gaia-di-Luke-Jerram_edited.jpg\",\"datePublished\":\"2022-12-08T07:14:58+00:00\",\"dateModified\":\"2022-12-08T11:52:21+00:00\",\"breadcrumb\":{\"@id\":\"https:\\\/\\\/www.bellunopress.it\\\/2022\\\/12\\\/08\\\/gaia-la-terra-di-luke-jerram-a-belluno-fino-all11-dicembre\\\/#breadcrumb\"},\"inLanguage\":\"fr-FR\",\"potentialAction\":[{\"@type\":\"ReadAction\",\"target\":[\"https:\\\/\\\/www.bellunopress.it\\\/2022\\\/12\\\/08\\\/gaia-la-terra-di-luke-jerram-a-belluno-fino-all11-dicembre\\\/\"]}]},{\"@type\":\"ImageObject\",\"inLanguage\":\"fr-FR\",\"@id\":\"https:\\\/\\\/www.bellunopress.it\\\/2022\\\/12\\\/08\\\/gaia-la-terra-di-luke-jerram-a-belluno-fino-all11-dicembre\\\/#primaryimage\",\"url\":\"https:\\\/\\\/www.bellunopress.it\\\/wp-content\\\/uploads\\\/2022\\\/12\\\/Gaia-di-Luke-Jerram_edited.jpg\",\"contentUrl\":\"https:\\\/\\\/www.bellunopress.it\\\/wp-content\\\/uploads\\\/2022\\\/12\\\/Gaia-di-Luke-Jerram_edited.jpg\",\"width\":1000,\"height\":644},{\"@type\":\"BreadcrumbList\",\"@id\":\"https:\\\/\\\/www.bellunopress.it\\\/2022\\\/12\\\/08\\\/gaia-la-terra-di-luke-jerram-a-belluno-fino-all11-dicembre\\\/#breadcrumb\",\"itemListElement\":[{\"@type\":\"ListItem\",\"position\":1,\"name\":\"Home\",\"item\":\"https:\\\/\\\/www.bellunopress.it\\\/\"},{\"@type\":\"ListItem\",\"position\":2,\"name\":\"Gaia, la terra di Luke Jerram a Belluno fino all&#8217;11 dicembre\"}]},{\"@type\":\"WebSite\",\"@id\":\"https:\\\/\\\/www.bellunopress.it\\\/#website\",\"url\":\"https:\\\/\\\/www.bellunopress.it\\\/\",\"name\":\"Bellunopress - Dolomiti\",\"description\":\"e-mail: redazione@bellunopress.it\",\"publisher\":{\"@id\":\"https:\\\/\\\/www.bellunopress.it\\\/#organization\"},\"potentialAction\":[{\"@type\":\"SearchAction\",\"target\":{\"@type\":\"EntryPoint\",\"urlTemplate\":\"https:\\\/\\\/www.bellunopress.it\\\/?s={search_term_string}\"},\"query-input\":{\"@type\":\"PropertyValueSpecification\",\"valueRequired\":true,\"valueName\":\"search_term_string\"}}],\"inLanguage\":\"fr-FR\"},{\"@type\":\"Organization\",\"@id\":\"https:\\\/\\\/www.bellunopress.it\\\/#organization\",\"name\":\"Bellunopress\",\"url\":\"https:\\\/\\\/www.bellunopress.it\\\/\",\"logo\":{\"@type\":\"ImageObject\",\"inLanguage\":\"fr-FR\",\"@id\":\"https:\\\/\\\/www.bellunopress.it\\\/#\\\/schema\\\/logo\\\/image\\\/\",\"url\":\"https:\\\/\\\/www.bellunopress.it\\\/wp-content\\\/uploads\\\/2011\\\/05\\\/cropped-logo-bellunopress-.jpg\",\"contentUrl\":\"https:\\\/\\\/www.bellunopress.it\\\/wp-content\\\/uploads\\\/2011\\\/05\\\/cropped-logo-bellunopress-.jpg\",\"width\":512,\"height\":512,\"caption\":\"Bellunopress\"},\"image\":{\"@id\":\"https:\\\/\\\/www.bellunopress.it\\\/#\\\/schema\\\/logo\\\/image\\\/\"},\"sameAs\":[\"https:\\\/\\\/www.facebook.com\\\/profile.php?id=100008943462799\",\"https:\\\/\\\/x.com\\\/bellunopress\",\"https:\\\/\\\/www.linkedin.com\\\/hp\\\/?dnr=JBzUWaJfMUw8vbXJJ2tVW5-I3jZKvC4wsoxE&amp;amp;amp;amp;amp;amp;trk=nav_responsive_tab_home\",\"https:\\\/\\\/www.youtube.com\\\/channel\\\/UCxL0wu1uN0_3_7hGG0306cw\"]},{\"@type\":\"Person\",\"@id\":\"https:\\\/\\\/www.bellunopress.it\\\/#\\\/schema\\\/person\\\/79bb06722b37ece1c03d3e94beb30d73\",\"name\":\"redazione\",\"image\":{\"@type\":\"ImageObject\",\"inLanguage\":\"fr-FR\",\"@id\":\"https:\\\/\\\/secure.gravatar.com\\\/avatar\\\/37d968a2e67a6fd04c169c4bdef102d0bc5d31b2546345219e348575eb80e9a0?s=96&d=mm&r=g\",\"url\":\"https:\\\/\\\/secure.gravatar.com\\\/avatar\\\/37d968a2e67a6fd04c169c4bdef102d0bc5d31b2546345219e348575eb80e9a0?s=96&d=mm&r=g\",\"contentUrl\":\"https:\\\/\\\/secure.gravatar.com\\\/avatar\\\/37d968a2e67a6fd04c169c4bdef102d0bc5d31b2546345219e348575eb80e9a0?s=96&d=mm&r=g\",\"caption\":\"redazione\"},\"sameAs\":[\"http:\\\/\\\/www.bellunopress.it\",\"https:\\\/\\\/x.com\\\/bellunopress\"],\"url\":\"https:\\\/\\\/www.bellunopress.it\\\/fr\\\/author\\\/redazione\\\/\"}]}<\/script>\n<!-- \/ Yoast SEO plugin. -->","yoast_head_json":{"title":"Gaia, la terra di Luke Jerram a Belluno fino all'11 dicembre - Bellunopress - Dolomiti","robots":{"index":"index","follow":"follow","max-snippet":"max-snippet:-1","max-image-preview":"max-image-preview:large","max-video-preview":"max-video-preview:-1"},"canonical":"https:\/\/www.bellunopress.it\/fr\/2022\/12\/08\/gaia-la-terra-di-luke-jerram-a-belluno-fino-all11-dicembre\/","og_locale":"fr_FR","og_type":"article","og_title":"Gaia, la terra di Luke Jerram a Belluno fino all'11 dicembre - Bellunopress - Dolomiti","og_description":"Gaia, l\u2019installazione di Luke Jerram \u00e8 arrivata a Belluno, ai giardini di piazza dei Martiri e vi rimarr\u00e0 fino all\u201911 dicembre. L\u2019opera \u00e8 la riproduzione fedele della terra vista dalla luna, misura sette metri di diametro e la sua superficie \u00e8 stata creata combinando immagini ad alta definizione fornite dalla Nasa. Nella mitologia greca Gaia [&hellip;]","og_url":"https:\/\/www.bellunopress.it\/fr\/2022\/12\/08\/gaia-la-terra-di-luke-jerram-a-belluno-fino-all11-dicembre\/","og_site_name":"Bellunopress - Dolomiti","article_publisher":"https:\/\/www.facebook.com\/profile.php?id=100008943462799","article_published_time":"2022-12-08T07:14:58+00:00","article_modified_time":"2022-12-08T11:52:21+00:00","og_image":[{"width":1000,"height":644,"url":"https:\/\/www.bellunopress.it\/wp-content\/uploads\/2022\/12\/Gaia-di-Luke-Jerram_edited.jpg","type":"image\/jpeg"}],"author":"redazione","twitter_card":"summary_large_image","twitter_creator":"@bellunopress","twitter_site":"@bellunopress","twitter_misc":{"\u00c9crit par":"redazione","Dur\u00e9e de lecture estim\u00e9e":"2 minutes"},"schema":{"@context":"https:\/\/schema.org","@graph":[{"@type":"Article","@id":"https:\/\/www.bellunopress.it\/2022\/12\/08\/gaia-la-terra-di-luke-jerram-a-belluno-fino-all11-dicembre\/#article","isPartOf":{"@id":"https:\/\/www.bellunopress.it\/2022\/12\/08\/gaia-la-terra-di-luke-jerram-a-belluno-fino-all11-dicembre\/"},"author":{"name":"redazione","@id":"https:\/\/www.bellunopress.it\/#\/schema\/person\/79bb06722b37ece1c03d3e94beb30d73"},"headline":"Gaia, la terra di Luke Jerram a Belluno fino all&#8217;11 dicembre","datePublished":"2022-12-08T07:14:58+00:00","dateModified":"2022-12-08T11:52:21+00:00","mainEntityOfPage":{"@id":"https:\/\/www.bellunopress.it\/2022\/12\/08\/gaia-la-terra-di-luke-jerram-a-belluno-fino-all11-dicembre\/"},"wordCount":284,"publisher":{"@id":"https:\/\/www.bellunopress.it\/#organization"},"image":{"@id":"https:\/\/www.bellunopress.it\/2022\/12\/08\/gaia-la-terra-di-luke-jerram-a-belluno-fino-all11-dicembre\/#primaryimage"},"thumbnailUrl":"https:\/\/www.bellunopress.it\/wp-content\/uploads\/2022\/12\/Gaia-di-Luke-Jerram_edited.jpg","articleSection":["Cronaca\/Politica","Prima Pagina"],"inLanguage":"fr-FR"},{"@type":"WebPage","@id":"https:\/\/www.bellunopress.it\/2022\/12\/08\/gaia-la-terra-di-luke-jerram-a-belluno-fino-all11-dicembre\/","url":"https:\/\/www.bellunopress.it\/2022\/12\/08\/gaia-la-terra-di-luke-jerram-a-belluno-fino-all11-dicembre\/","name":"Gaia, la terra di Luke Jerram a Belluno fino all'11 dicembre - Bellunopress - Dolomiti","isPartOf":{"@id":"https:\/\/www.bellunopress.it\/#website"},"primaryImageOfPage":{"@id":"https:\/\/www.bellunopress.it\/2022\/12\/08\/gaia-la-terra-di-luke-jerram-a-belluno-fino-all11-dicembre\/#primaryimage"},"image":{"@id":"https:\/\/www.bellunopress.it\/2022\/12\/08\/gaia-la-terra-di-luke-jerram-a-belluno-fino-all11-dicembre\/#primaryimage"},"thumbnailUrl":"https:\/\/www.bellunopress.it\/wp-content\/uploads\/2022\/12\/Gaia-di-Luke-Jerram_edited.jpg","datePublished":"2022-12-08T07:14:58+00:00","dateModified":"2022-12-08T11:52:21+00:00","breadcrumb":{"@id":"https:\/\/www.bellunopress.it\/2022\/12\/08\/gaia-la-terra-di-luke-jerram-a-belluno-fino-all11-dicembre\/#breadcrumb"},"inLanguage":"fr-FR","potentialAction":[{"@type":"ReadAction","target":["https:\/\/www.bellunopress.it\/2022\/12\/08\/gaia-la-terra-di-luke-jerram-a-belluno-fino-all11-dicembre\/"]}]},{"@type":"ImageObject","inLanguage":"fr-FR","@id":"https:\/\/www.bellunopress.it\/2022\/12\/08\/gaia-la-terra-di-luke-jerram-a-belluno-fino-all11-dicembre\/#primaryimage","url":"https:\/\/www.bellunopress.it\/wp-content\/uploads\/2022\/12\/Gaia-di-Luke-Jerram_edited.jpg","contentUrl":"https:\/\/www.bellunopress.it\/wp-content\/uploads\/2022\/12\/Gaia-di-Luke-Jerram_edited.jpg","width":1000,"height":644},{"@type":"BreadcrumbList","@id":"https:\/\/www.bellunopress.it\/2022\/12\/08\/gaia-la-terra-di-luke-jerram-a-belluno-fino-all11-dicembre\/#breadcrumb","itemListElement":[{"@type":"ListItem","position":1,"name":"Home","item":"https:\/\/www.bellunopress.it\/"},{"@type":"ListItem","position":2,"name":"Gaia, la terra di Luke Jerram a Belluno fino all&#8217;11 dicembre"}]},{"@type":"WebSite","@id":"https:\/\/www.bellunopress.it\/#website","url":"https:\/\/www.bellunopress.it\/","name":"Bellunopress - Dolomiti","description":"e-mail: redazione@bellunopress.it","publisher":{"@id":"https:\/\/www.bellunopress.it\/#organization"},"potentialAction":[{"@type":"SearchAction","target":{"@type":"EntryPoint","urlTemplate":"https:\/\/www.bellunopress.it\/?s={search_term_string}"},"query-input":{"@type":"PropertyValueSpecification","valueRequired":true,"valueName":"search_term_string"}}],"inLanguage":"fr-FR"},{"@type":"Organization","@id":"https:\/\/www.bellunopress.it\/#organization","name":"Bellunopress","url":"https:\/\/www.bellunopress.it\/","logo":{"@type":"ImageObject","inLanguage":"fr-FR","@id":"https:\/\/www.bellunopress.it\/#\/schema\/logo\/image\/","url":"https:\/\/www.bellunopress.it\/wp-content\/uploads\/2011\/05\/cropped-logo-bellunopress-.jpg","contentUrl":"https:\/\/www.bellunopress.it\/wp-content\/uploads\/2011\/05\/cropped-logo-bellunopress-.jpg","width":512,"height":512,"caption":"Bellunopress"},"image":{"@id":"https:\/\/www.bellunopress.it\/#\/schema\/logo\/image\/"},"sameAs":["https:\/\/www.facebook.com\/profile.php?id=100008943462799","https:\/\/x.com\/bellunopress","https:\/\/www.linkedin.com\/hp\/?dnr=JBzUWaJfMUw8vbXJJ2tVW5-I3jZKvC4wsoxE&amp;amp;amp;amp;amp;amp;trk=nav_responsive_tab_home","https:\/\/www.youtube.com\/channel\/UCxL0wu1uN0_3_7hGG0306cw"]},{"@type":"Person","@id":"https:\/\/www.bellunopress.it\/#\/schema\/person\/79bb06722b37ece1c03d3e94beb30d73","name":"r\u00e9daction","image":{"@type":"ImageObject","inLanguage":"fr-FR","@id":"https:\/\/secure.gravatar.com\/avatar\/37d968a2e67a6fd04c169c4bdef102d0bc5d31b2546345219e348575eb80e9a0?s=96&d=mm&r=g","url":"https:\/\/secure.gravatar.com\/avatar\/37d968a2e67a6fd04c169c4bdef102d0bc5d31b2546345219e348575eb80e9a0?s=96&d=mm&r=g","contentUrl":"https:\/\/secure.gravatar.com\/avatar\/37d968a2e67a6fd04c169c4bdef102d0bc5d31b2546345219e348575eb80e9a0?s=96&d=mm&r=g","caption":"redazione"},"sameAs":["http:\/\/www.bellunopress.it","https:\/\/x.com\/bellunopress"],"url":"https:\/\/www.bellunopress.it\/fr\/author\/redazione\/"}]}},"_links":{"self":[{"href":"https:\/\/www.bellunopress.it\/fr\/wp-json\/wp\/v2\/posts\/138187","targetHints":{"allow":["GET"]}}],"collection":[{"href":"https:\/\/www.bellunopress.it\/fr\/wp-json\/wp\/v2\/posts"}],"about":[{"href":"https:\/\/www.bellunopress.it\/fr\/wp-json\/wp\/v2\/types\/post"}],"author":[{"embeddable":true,"href":"https:\/\/www.bellunopress.it\/fr\/wp-json\/wp\/v2\/users\/2"}],"replies":[{"embeddable":true,"href":"https:\/\/www.bellunopress.it\/fr\/wp-json\/wp\/v2\/comments?post=138187"}],"version-history":[{"count":2,"href":"https:\/\/www.bellunopress.it\/fr\/wp-json\/wp\/v2\/posts\/138187\/revisions"}],"predecessor-version":[{"id":138198,"href":"https:\/\/www.bellunopress.it\/fr\/wp-json\/wp\/v2\/posts\/138187\/revisions\/138198"}],"wp:featuredmedia":[{"embeddable":true,"href":"https:\/\/www.bellunopress.it\/fr\/wp-json\/wp\/v2\/media\/138188"}],"wp:attachment":[{"href":"https:\/\/www.bellunopress.it\/fr\/wp-json\/wp\/v2\/media?parent=138187"}],"wp:term":[{"taxonomy":"category","embeddable":true,"href":"https:\/\/www.bellunopress.it\/fr\/wp-json\/wp\/v2\/categories?post=138187"},{"taxonomy":"post_tag","embeddable":true,"href":"https:\/\/www.bellunopress.it\/fr\/wp-json\/wp\/v2\/tags?post=138187"}],"curies":[{"name":"wp","href":"https:\/\/api.w.org\/{rel}","templated":true}]}}