{"id":138164,"date":"2022-12-07T09:35:18","date_gmt":"2022-12-07T08:35:18","guid":{"rendered":"https:\/\/www.bellunopress.it\/?p=138164"},"modified":"2022-12-06T21:47:17","modified_gmt":"2022-12-06T20:47:17","slug":"scherma-storica-argento-al-trofeo-ducale-2022-di-parma","status":"publish","type":"post","link":"https:\/\/www.bellunopress.it\/fr\/2022\/12\/07\/scherma-storica-argento-al-trofeo-ducale-2022-di-parma\/","title":{"rendered":"Scherma storica. Argento al Trofeo Ducale 2022 di Parma"},"content":{"rendered":"<p><em><strong><img loading=\"lazy\" decoding=\"async\" class=\"alignleft size-full wp-image-138165\" src=\"https:\/\/www.bellunopress.it\/wp-content\/uploads\/2022\/12\/scherma_edited.jpg\" alt=\"scherma storica\" width=\"1000\" height=\"636\" srcset=\"https:\/\/www.bellunopress.it\/wp-content\/uploads\/2022\/12\/scherma_edited.jpg 1000w, https:\/\/www.bellunopress.it\/wp-content\/uploads\/2022\/12\/scherma_edited-500x318.jpg 500w, https:\/\/www.bellunopress.it\/wp-content\/uploads\/2022\/12\/scherma_edited-696x443.jpg 696w, https:\/\/www.bellunopress.it\/wp-content\/uploads\/2022\/12\/scherma_edited-660x420.jpg 660w\" sizes=\"auto, (max-width: 1000px) 100vw, 1000px\" \/>Scherma Storica Dolomiti sul secondo gradino del podio in Spada a Due Mani<\/strong><\/em><\/p>\n<p>Lo scorso fine settimana (3-4 dicembre) due atleti di ASD Scherma Storica Dolomiti, Fioretto Luca Basile di Limana e Marco Scalet di Primiero, sono stati impegnati nella kermesse schermistica del \u201cTrofeo Ducale 2022\u201d, organizzato a Parma e facente parte del circuito CSEN di Scherma Storica.<\/p>\n<p>Nella giornata di sabato i due schermidori non hanno brillato, cedendo il passo nelle fasi eliminatorie di Sciabola da Terreno e Spada Rinascimentale. Domenica invece Fioretto Luca, maestro presso la sala d\u2019armi di Belluno, \u00e8 riuscito ad imporsi fino alla finale della disciplina di Spada a Due Mani, in una maratona di quasi dieci ore a cui hanno preso parte circa settanta atleti provenienti da tutt\u2019Italia. Nonostante un incontro molto combattuto, ha dovuto arrendersi in finale, piazzandosi per\u00f2 sul secondo gradino del podio.<\/p>\n<p>\u201cSono contento del risultato, che conferma il buon lavoro che stiamo svolgendo\u201d, dichiara Fioretto Luca e continua \u201cMarco, che sta studiando per diventare tecnico, \u00e8 stato un ottimo secondo al mio angolo. Dispiace sia stato eliminato alla prima diretta, perch\u00e9 stava dimostrando di poter combattere per andare pi\u00f9 avanti nelle eliminatorie. Ci riprover\u00e0 la prossima volta e sono certo che trover\u00e0 soddisfazione\u201d.<\/p>\n<p>Dopo tre competizioni disputate in questa prima fase della stagione 2022-23 a Como, Desenzano e Salisburgo, arriva quindi la prima medaglia per l\u2019associazione, che fa ben sperare per le prossime competizioni, che riprenderanno a gennaio e si svolgeranno sia in Italia che all\u2019estero.<\/p>\n<p>Scherma Storica Dolomiti tiene regolarmente corsi di scherma storica a Belluno, Primiero e Bolzano.<\/p>","protected":false},"excerpt":{"rendered":"<p>Scherma Storica Dolomiti sul secondo gradino del podio in Spada a Due Mani Lo scorso fine settimana (3-4 dicembre) due atleti di ASD Scherma Storica Dolomiti, Fioretto Luca Basile di Limana e Marco Scalet di Primiero, sono stati impegnati nella kermesse schermistica del \u201cTrofeo Ducale 2022\u201d, organizzato a Parma e facente parte del circuito CSEN [&hellip;]<\/p>\n","protected":false},"author":2,"featured_media":138165,"comment_status":"closed","ping_status":"open","sticky":false,"template":"","format":"standard","meta":{"footnotes":""},"categories":[4],"tags":[],"class_list":["post-138164","post","type-post","status-publish","format-standard","has-post-thumbnail","category-sport"],"yoast_head":"<!-- This site is optimized with the Yoast SEO plugin v28.4 - https:\/\/yoast.com\/product\/yoast-seo-wordpress\/ -->\n<title>Scherma storica. Argento al Trofeo Ducale 2022 di Parma - Bellunopress - Dolomiti<\/title>\n<meta name=\"robots\" content=\"index, follow, max-snippet:-1, max-image-preview:large, max-video-preview:-1\" \/>\n<link rel=\"canonical\" href=\"https:\/\/www.bellunopress.it\/fr\/2022\/12\/07\/scherma-storica-argento-al-trofeo-ducale-2022-di-parma\/\" \/>\n<meta property=\"og:locale\" content=\"fr_FR\" \/>\n<meta property=\"og:type\" content=\"article\" \/>\n<meta property=\"og:title\" content=\"Scherma storica. Argento al Trofeo Ducale 2022 di Parma - Bellunopress - Dolomiti\" \/>\n<meta property=\"og:description\" content=\"Scherma Storica Dolomiti sul secondo gradino del podio in Spada a Due Mani Lo scorso fine settimana (3-4 dicembre) due atleti di ASD Scherma Storica Dolomiti, Fioretto Luca Basile di Limana e Marco Scalet di Primiero, sono stati impegnati nella kermesse schermistica del \u201cTrofeo Ducale 2022\u201d, organizzato a Parma e facente parte del circuito CSEN [&hellip;]\" \/>\n<meta property=\"og:url\" content=\"https:\/\/www.bellunopress.it\/fr\/2022\/12\/07\/scherma-storica-argento-al-trofeo-ducale-2022-di-parma\/\" \/>\n<meta property=\"og:site_name\" content=\"Bellunopress - Dolomiti\" \/>\n<meta property=\"article:publisher\" content=\"https:\/\/www.facebook.com\/profile.php?id=100008943462799\" \/>\n<meta property=\"article:published_time\" content=\"2022-12-07T08:35:18+00:00\" \/>\n<meta property=\"og:image\" content=\"https:\/\/www.bellunopress.it\/wp-content\/uploads\/2022\/12\/scherma_edited.jpg\" \/>\n\t<meta property=\"og:image:width\" content=\"1000\" \/>\n\t<meta property=\"og:image:height\" content=\"636\" \/>\n\t<meta property=\"og:image:type\" content=\"image\/jpeg\" \/>\n<meta name=\"author\" content=\"redazione\" \/>\n<meta name=\"twitter:card\" content=\"summary_large_image\" \/>\n<meta name=\"twitter:creator\" content=\"@bellunopress\" \/>\n<meta name=\"twitter:site\" content=\"@bellunopress\" \/>\n<meta name=\"twitter:label1\" content=\"Written by\" \/>\n\t<meta name=\"twitter:data1\" content=\"redazione\" \/>\n\t<meta name=\"twitter:label2\" content=\"Est. reading time\" \/>\n\t<meta name=\"twitter:data2\" content=\"2 minutes\" \/>\n<script type=\"application\/ld+json\" class=\"yoast-schema-graph\">{\"@context\":\"https:\\\/\\\/schema.org\",\"@graph\":[{\"@type\":\"Article\",\"@id\":\"https:\\\/\\\/www.bellunopress.it\\\/2022\\\/12\\\/07\\\/scherma-storica-argento-al-trofeo-ducale-2022-di-parma\\\/#article\",\"isPartOf\":{\"@id\":\"https:\\\/\\\/www.bellunopress.it\\\/2022\\\/12\\\/07\\\/scherma-storica-argento-al-trofeo-ducale-2022-di-parma\\\/\"},\"author\":{\"name\":\"redazione\",\"@id\":\"https:\\\/\\\/www.bellunopress.it\\\/#\\\/schema\\\/person\\\/79bb06722b37ece1c03d3e94beb30d73\"},\"headline\":\"Scherma storica. Argento al Trofeo Ducale 2022 di Parma\",\"datePublished\":\"2022-12-07T08:35:18+00:00\",\"mainEntityOfPage\":{\"@id\":\"https:\\\/\\\/www.bellunopress.it\\\/2022\\\/12\\\/07\\\/scherma-storica-argento-al-trofeo-ducale-2022-di-parma\\\/\"},\"wordCount\":269,\"publisher\":{\"@id\":\"https:\\\/\\\/www.bellunopress.it\\\/#organization\"},\"image\":{\"@id\":\"https:\\\/\\\/www.bellunopress.it\\\/2022\\\/12\\\/07\\\/scherma-storica-argento-al-trofeo-ducale-2022-di-parma\\\/#primaryimage\"},\"thumbnailUrl\":\"https:\\\/\\\/www.bellunopress.it\\\/wp-content\\\/uploads\\\/2022\\\/12\\\/scherma_edited.jpg\",\"articleSection\":[\"Sport, tempo libero\"],\"inLanguage\":\"fr-FR\"},{\"@type\":\"WebPage\",\"@id\":\"https:\\\/\\\/www.bellunopress.it\\\/2022\\\/12\\\/07\\\/scherma-storica-argento-al-trofeo-ducale-2022-di-parma\\\/\",\"url\":\"https:\\\/\\\/www.bellunopress.it\\\/2022\\\/12\\\/07\\\/scherma-storica-argento-al-trofeo-ducale-2022-di-parma\\\/\",\"name\":\"Scherma storica. Argento al Trofeo Ducale 2022 di Parma - Bellunopress - Dolomiti\",\"isPartOf\":{\"@id\":\"https:\\\/\\\/www.bellunopress.it\\\/#website\"},\"primaryImageOfPage\":{\"@id\":\"https:\\\/\\\/www.bellunopress.it\\\/2022\\\/12\\\/07\\\/scherma-storica-argento-al-trofeo-ducale-2022-di-parma\\\/#primaryimage\"},\"image\":{\"@id\":\"https:\\\/\\\/www.bellunopress.it\\\/2022\\\/12\\\/07\\\/scherma-storica-argento-al-trofeo-ducale-2022-di-parma\\\/#primaryimage\"},\"thumbnailUrl\":\"https:\\\/\\\/www.bellunopress.it\\\/wp-content\\\/uploads\\\/2022\\\/12\\\/scherma_edited.jpg\",\"datePublished\":\"2022-12-07T08:35:18+00:00\",\"breadcrumb\":{\"@id\":\"https:\\\/\\\/www.bellunopress.it\\\/2022\\\/12\\\/07\\\/scherma-storica-argento-al-trofeo-ducale-2022-di-parma\\\/#breadcrumb\"},\"inLanguage\":\"fr-FR\",\"potentialAction\":[{\"@type\":\"ReadAction\",\"target\":[\"https:\\\/\\\/www.bellunopress.it\\\/2022\\\/12\\\/07\\\/scherma-storica-argento-al-trofeo-ducale-2022-di-parma\\\/\"]}]},{\"@type\":\"ImageObject\",\"inLanguage\":\"fr-FR\",\"@id\":\"https:\\\/\\\/www.bellunopress.it\\\/2022\\\/12\\\/07\\\/scherma-storica-argento-al-trofeo-ducale-2022-di-parma\\\/#primaryimage\",\"url\":\"https:\\\/\\\/www.bellunopress.it\\\/wp-content\\\/uploads\\\/2022\\\/12\\\/scherma_edited.jpg\",\"contentUrl\":\"https:\\\/\\\/www.bellunopress.it\\\/wp-content\\\/uploads\\\/2022\\\/12\\\/scherma_edited.jpg\",\"width\":1000,\"height\":636,\"caption\":\"scherma storica\"},{\"@type\":\"BreadcrumbList\",\"@id\":\"https:\\\/\\\/www.bellunopress.it\\\/2022\\\/12\\\/07\\\/scherma-storica-argento-al-trofeo-ducale-2022-di-parma\\\/#breadcrumb\",\"itemListElement\":[{\"@type\":\"ListItem\",\"position\":1,\"name\":\"Home\",\"item\":\"https:\\\/\\\/www.bellunopress.it\\\/\"},{\"@type\":\"ListItem\",\"position\":2,\"name\":\"Scherma storica. Argento al Trofeo Ducale 2022 di Parma\"}]},{\"@type\":\"WebSite\",\"@id\":\"https:\\\/\\\/www.bellunopress.it\\\/#website\",\"url\":\"https:\\\/\\\/www.bellunopress.it\\\/\",\"name\":\"Bellunopress - Dolomiti\",\"description\":\"e-mail: redazione@bellunopress.it\",\"publisher\":{\"@id\":\"https:\\\/\\\/www.bellunopress.it\\\/#organization\"},\"potentialAction\":[{\"@type\":\"SearchAction\",\"target\":{\"@type\":\"EntryPoint\",\"urlTemplate\":\"https:\\\/\\\/www.bellunopress.it\\\/?s={search_term_string}\"},\"query-input\":{\"@type\":\"PropertyValueSpecification\",\"valueRequired\":true,\"valueName\":\"search_term_string\"}}],\"inLanguage\":\"fr-FR\"},{\"@type\":\"Organization\",\"@id\":\"https:\\\/\\\/www.bellunopress.it\\\/#organization\",\"name\":\"Bellunopress\",\"url\":\"https:\\\/\\\/www.bellunopress.it\\\/\",\"logo\":{\"@type\":\"ImageObject\",\"inLanguage\":\"fr-FR\",\"@id\":\"https:\\\/\\\/www.bellunopress.it\\\/#\\\/schema\\\/logo\\\/image\\\/\",\"url\":\"https:\\\/\\\/www.bellunopress.it\\\/wp-content\\\/uploads\\\/2011\\\/05\\\/cropped-logo-bellunopress-.jpg\",\"contentUrl\":\"https:\\\/\\\/www.bellunopress.it\\\/wp-content\\\/uploads\\\/2011\\\/05\\\/cropped-logo-bellunopress-.jpg\",\"width\":512,\"height\":512,\"caption\":\"Bellunopress\"},\"image\":{\"@id\":\"https:\\\/\\\/www.bellunopress.it\\\/#\\\/schema\\\/logo\\\/image\\\/\"},\"sameAs\":[\"https:\\\/\\\/www.facebook.com\\\/profile.php?id=100008943462799\",\"https:\\\/\\\/x.com\\\/bellunopress\",\"https:\\\/\\\/www.linkedin.com\\\/hp\\\/?dnr=JBzUWaJfMUw8vbXJJ2tVW5-I3jZKvC4wsoxE&amp;amp;amp;amp;amp;amp;trk=nav_responsive_tab_home\",\"https:\\\/\\\/www.youtube.com\\\/channel\\\/UCxL0wu1uN0_3_7hGG0306cw\"]},{\"@type\":\"Person\",\"@id\":\"https:\\\/\\\/www.bellunopress.it\\\/#\\\/schema\\\/person\\\/79bb06722b37ece1c03d3e94beb30d73\",\"name\":\"redazione\",\"image\":{\"@type\":\"ImageObject\",\"inLanguage\":\"fr-FR\",\"@id\":\"https:\\\/\\\/secure.gravatar.com\\\/avatar\\\/37d968a2e67a6fd04c169c4bdef102d0bc5d31b2546345219e348575eb80e9a0?s=96&d=mm&r=g\",\"url\":\"https:\\\/\\\/secure.gravatar.com\\\/avatar\\\/37d968a2e67a6fd04c169c4bdef102d0bc5d31b2546345219e348575eb80e9a0?s=96&d=mm&r=g\",\"contentUrl\":\"https:\\\/\\\/secure.gravatar.com\\\/avatar\\\/37d968a2e67a6fd04c169c4bdef102d0bc5d31b2546345219e348575eb80e9a0?s=96&d=mm&r=g\",\"caption\":\"redazione\"},\"sameAs\":[\"http:\\\/\\\/www.bellunopress.it\",\"https:\\\/\\\/x.com\\\/bellunopress\"],\"url\":\"https:\\\/\\\/www.bellunopress.it\\\/fr\\\/author\\\/redazione\\\/\"}]}<\/script>\n<!-- \/ Yoast SEO plugin. -->","yoast_head_json":{"title":"Scherma storica. Argento al Trofeo Ducale 2022 di Parma - Bellunopress - Dolomiti","robots":{"index":"index","follow":"follow","max-snippet":"max-snippet:-1","max-image-preview":"max-image-preview:large","max-video-preview":"max-video-preview:-1"},"canonical":"https:\/\/www.bellunopress.it\/fr\/2022\/12\/07\/scherma-storica-argento-al-trofeo-ducale-2022-di-parma\/","og_locale":"fr_FR","og_type":"article","og_title":"Scherma storica. Argento al Trofeo Ducale 2022 di Parma - Bellunopress - Dolomiti","og_description":"Scherma Storica Dolomiti sul secondo gradino del podio in Spada a Due Mani Lo scorso fine settimana (3-4 dicembre) due atleti di ASD Scherma Storica Dolomiti, Fioretto Luca Basile di Limana e Marco Scalet di Primiero, sono stati impegnati nella kermesse schermistica del \u201cTrofeo Ducale 2022\u201d, organizzato a Parma e facente parte del circuito CSEN [&hellip;]","og_url":"https:\/\/www.bellunopress.it\/fr\/2022\/12\/07\/scherma-storica-argento-al-trofeo-ducale-2022-di-parma\/","og_site_name":"Bellunopress - Dolomiti","article_publisher":"https:\/\/www.facebook.com\/profile.php?id=100008943462799","article_published_time":"2022-12-07T08:35:18+00:00","og_image":[{"width":1000,"height":636,"url":"https:\/\/www.bellunopress.it\/wp-content\/uploads\/2022\/12\/scherma_edited.jpg","type":"image\/jpeg"}],"author":"redazione","twitter_card":"summary_large_image","twitter_creator":"@bellunopress","twitter_site":"@bellunopress","twitter_misc":{"Written by":"redazione","Est. reading time":"2 minutes"},"schema":{"@context":"https:\/\/schema.org","@graph":[{"@type":"Article","@id":"https:\/\/www.bellunopress.it\/2022\/12\/07\/scherma-storica-argento-al-trofeo-ducale-2022-di-parma\/#article","isPartOf":{"@id":"https:\/\/www.bellunopress.it\/2022\/12\/07\/scherma-storica-argento-al-trofeo-ducale-2022-di-parma\/"},"author":{"name":"redazione","@id":"https:\/\/www.bellunopress.it\/#\/schema\/person\/79bb06722b37ece1c03d3e94beb30d73"},"headline":"Scherma storica. Argento al Trofeo Ducale 2022 di Parma","datePublished":"2022-12-07T08:35:18+00:00","mainEntityOfPage":{"@id":"https:\/\/www.bellunopress.it\/2022\/12\/07\/scherma-storica-argento-al-trofeo-ducale-2022-di-parma\/"},"wordCount":269,"publisher":{"@id":"https:\/\/www.bellunopress.it\/#organization"},"image":{"@id":"https:\/\/www.bellunopress.it\/2022\/12\/07\/scherma-storica-argento-al-trofeo-ducale-2022-di-parma\/#primaryimage"},"thumbnailUrl":"https:\/\/www.bellunopress.it\/wp-content\/uploads\/2022\/12\/scherma_edited.jpg","articleSection":["Sport, tempo libero"],"inLanguage":"fr-FR"},{"@type":"WebPage","@id":"https:\/\/www.bellunopress.it\/2022\/12\/07\/scherma-storica-argento-al-trofeo-ducale-2022-di-parma\/","url":"https:\/\/www.bellunopress.it\/2022\/12\/07\/scherma-storica-argento-al-trofeo-ducale-2022-di-parma\/","name":"Scherma storica. Argento al Trofeo Ducale 2022 di Parma - Bellunopress - Dolomiti","isPartOf":{"@id":"https:\/\/www.bellunopress.it\/#website"},"primaryImageOfPage":{"@id":"https:\/\/www.bellunopress.it\/2022\/12\/07\/scherma-storica-argento-al-trofeo-ducale-2022-di-parma\/#primaryimage"},"image":{"@id":"https:\/\/www.bellunopress.it\/2022\/12\/07\/scherma-storica-argento-al-trofeo-ducale-2022-di-parma\/#primaryimage"},"thumbnailUrl":"https:\/\/www.bellunopress.it\/wp-content\/uploads\/2022\/12\/scherma_edited.jpg","datePublished":"2022-12-07T08:35:18+00:00","breadcrumb":{"@id":"https:\/\/www.bellunopress.it\/2022\/12\/07\/scherma-storica-argento-al-trofeo-ducale-2022-di-parma\/#breadcrumb"},"inLanguage":"fr-FR","potentialAction":[{"@type":"ReadAction","target":["https:\/\/www.bellunopress.it\/2022\/12\/07\/scherma-storica-argento-al-trofeo-ducale-2022-di-parma\/"]}]},{"@type":"ImageObject","inLanguage":"fr-FR","@id":"https:\/\/www.bellunopress.it\/2022\/12\/07\/scherma-storica-argento-al-trofeo-ducale-2022-di-parma\/#primaryimage","url":"https:\/\/www.bellunopress.it\/wp-content\/uploads\/2022\/12\/scherma_edited.jpg","contentUrl":"https:\/\/www.bellunopress.it\/wp-content\/uploads\/2022\/12\/scherma_edited.jpg","width":1000,"height":636,"caption":"scherma storica"},{"@type":"BreadcrumbList","@id":"https:\/\/www.bellunopress.it\/2022\/12\/07\/scherma-storica-argento-al-trofeo-ducale-2022-di-parma\/#breadcrumb","itemListElement":[{"@type":"ListItem","position":1,"name":"Home","item":"https:\/\/www.bellunopress.it\/"},{"@type":"ListItem","position":2,"name":"Scherma storica. Argento al Trofeo Ducale 2022 di Parma"}]},{"@type":"WebSite","@id":"https:\/\/www.bellunopress.it\/#website","url":"https:\/\/www.bellunopress.it\/","name":"Bellunopress - Dolomiti","description":"e-mail: redazione@bellunopress.it","publisher":{"@id":"https:\/\/www.bellunopress.it\/#organization"},"potentialAction":[{"@type":"SearchAction","target":{"@type":"EntryPoint","urlTemplate":"https:\/\/www.bellunopress.it\/?s={search_term_string}"},"query-input":{"@type":"PropertyValueSpecification","valueRequired":true,"valueName":"search_term_string"}}],"inLanguage":"fr-FR"},{"@type":"Organization","@id":"https:\/\/www.bellunopress.it\/#organization","name":"Bellunopress","url":"https:\/\/www.bellunopress.it\/","logo":{"@type":"ImageObject","inLanguage":"fr-FR","@id":"https:\/\/www.bellunopress.it\/#\/schema\/logo\/image\/","url":"https:\/\/www.bellunopress.it\/wp-content\/uploads\/2011\/05\/cropped-logo-bellunopress-.jpg","contentUrl":"https:\/\/www.bellunopress.it\/wp-content\/uploads\/2011\/05\/cropped-logo-bellunopress-.jpg","width":512,"height":512,"caption":"Bellunopress"},"image":{"@id":"https:\/\/www.bellunopress.it\/#\/schema\/logo\/image\/"},"sameAs":["https:\/\/www.facebook.com\/profile.php?id=100008943462799","https:\/\/x.com\/bellunopress","https:\/\/www.linkedin.com\/hp\/?dnr=JBzUWaJfMUw8vbXJJ2tVW5-I3jZKvC4wsoxE&amp;amp;amp;amp;amp;amp;trk=nav_responsive_tab_home","https:\/\/www.youtube.com\/channel\/UCxL0wu1uN0_3_7hGG0306cw"]},{"@type":"Person","@id":"https:\/\/www.bellunopress.it\/#\/schema\/person\/79bb06722b37ece1c03d3e94beb30d73","name":"r\u00e9daction","image":{"@type":"ImageObject","inLanguage":"fr-FR","@id":"https:\/\/secure.gravatar.com\/avatar\/37d968a2e67a6fd04c169c4bdef102d0bc5d31b2546345219e348575eb80e9a0?s=96&d=mm&r=g","url":"https:\/\/secure.gravatar.com\/avatar\/37d968a2e67a6fd04c169c4bdef102d0bc5d31b2546345219e348575eb80e9a0?s=96&d=mm&r=g","contentUrl":"https:\/\/secure.gravatar.com\/avatar\/37d968a2e67a6fd04c169c4bdef102d0bc5d31b2546345219e348575eb80e9a0?s=96&d=mm&r=g","caption":"redazione"},"sameAs":["http:\/\/www.bellunopress.it","https:\/\/x.com\/bellunopress"],"url":"https:\/\/www.bellunopress.it\/fr\/author\/redazione\/"}]}},"_links":{"self":[{"href":"https:\/\/www.bellunopress.it\/fr\/wp-json\/wp\/v2\/posts\/138164","targetHints":{"allow":["GET"]}}],"collection":[{"href":"https:\/\/www.bellunopress.it\/fr\/wp-json\/wp\/v2\/posts"}],"about":[{"href":"https:\/\/www.bellunopress.it\/fr\/wp-json\/wp\/v2\/types\/post"}],"author":[{"embeddable":true,"href":"https:\/\/www.bellunopress.it\/fr\/wp-json\/wp\/v2\/users\/2"}],"replies":[{"embeddable":true,"href":"https:\/\/www.bellunopress.it\/fr\/wp-json\/wp\/v2\/comments?post=138164"}],"version-history":[{"count":1,"href":"https:\/\/www.bellunopress.it\/fr\/wp-json\/wp\/v2\/posts\/138164\/revisions"}],"predecessor-version":[{"id":138166,"href":"https:\/\/www.bellunopress.it\/fr\/wp-json\/wp\/v2\/posts\/138164\/revisions\/138166"}],"wp:featuredmedia":[{"embeddable":true,"href":"https:\/\/www.bellunopress.it\/fr\/wp-json\/wp\/v2\/media\/138165"}],"wp:attachment":[{"href":"https:\/\/www.bellunopress.it\/fr\/wp-json\/wp\/v2\/media?parent=138164"}],"wp:term":[{"taxonomy":"category","embeddable":true,"href":"https:\/\/www.bellunopress.it\/fr\/wp-json\/wp\/v2\/categories?post=138164"},{"taxonomy":"post_tag","embeddable":true,"href":"https:\/\/www.bellunopress.it\/fr\/wp-json\/wp\/v2\/tags?post=138164"}],"curies":[{"name":"wp","href":"https:\/\/api.w.org\/{rel}","templated":true}]}}