{"id":138155,"date":"2022-12-06T13:18:44","date_gmt":"2022-12-06T12:18:44","guid":{"rendered":"https:\/\/www.bellunopress.it\/?p=138155"},"modified":"2022-12-06T13:18:44","modified_gmt":"2022-12-06T12:18:44","slug":"raccontare-la-guerra-bando-2023-premio-giorgio-lago-juniores-per-gli-studenti-del-veneto","status":"publish","type":"post","link":"https:\/\/www.bellunopress.it\/fr\/2022\/12\/06\/raccontare-la-guerra-bando-2023-premio-giorgio-lago-juniores-per-gli-studenti-del-veneto\/","title":{"rendered":"Raccontare la guerra. Bando 2023 Premio Giorgio Lago Juniores per gli studenti del Veneto"},"content":{"rendered":"<figure id=\"attachment_120000\" aria-describedby=\"caption-attachment-120000\" style=\"width: 800px\" class=\"wp-caption alignleft\"><img loading=\"lazy\" decoding=\"async\" class=\"size-full wp-image-120000\" src=\"https:\/\/www.bellunopress.it\/wp-content\/uploads\/2020\/12\/Giorgio-Lago_edited.jpg\" alt=\"\" width=\"800\" height=\"524\" srcset=\"https:\/\/www.bellunopress.it\/wp-content\/uploads\/2020\/12\/Giorgio-Lago_edited.jpg 800w, https:\/\/www.bellunopress.it\/wp-content\/uploads\/2020\/12\/Giorgio-Lago_edited-500x328.jpg 500w, https:\/\/www.bellunopress.it\/wp-content\/uploads\/2020\/12\/Giorgio-Lago_edited-696x456.jpg 696w, https:\/\/www.bellunopress.it\/wp-content\/uploads\/2020\/12\/Giorgio-Lago_edited-641x420.jpg 641w, https:\/\/www.bellunopress.it\/wp-content\/uploads\/2020\/12\/Giorgio-Lago_edited-741x486.jpg 741w\" sizes=\"auto, (max-width: 800px) 100vw, 800px\" \/><figcaption id=\"caption-attachment-120000\" class=\"wp-caption-text\">Giorgio Lago<\/figcaption><\/figure>\n<p>Torna il riconoscimento intitolato al grande giornalista e direttore Giorgio Lago, e affronta, come di consueto, un argomento di stringente attualit\u00e0: il ruolo dei media nella narrazione delle guerre.<br \/>\nUn tema che, alla luce del dramma ucraino e dei tanti conflitti che insanguinano l\u2019attualit\u00e0, apre ad una molteplicit\u00e0 di riflessioni su fake-news, manipolazione e informazione selettiva.<\/p>\n<p>Da quest\u2019anno il concorso cresce e apre la partecipazione agli studenti dell\u2019ultimo anno di tutti gli Istituti Superiori del Veneto (fino alla precedente edizione erano coinvolti solo i licei). Il termine per la partecipazione \u00e8 il 31 marzo 2023 e la cerimonia di premiazione si svolger\u00e0 al Teatro Comunale Mario Del Monaco di Treviso a maggio 2023.<\/p>\n<p>Da sempre la narrazione dei conflitti fa leva sull\u2019emotivit\u00e0, diventando anche uno strumento in mano alle parti in causa per influenzare l\u2019opinione pubblica, e spesso il racconto si fa selettivo, riservando grandi spazi ad alcuni conflitti, come oggi a quello in Ucraina, e ignorandone altri non meno sanguinosi, come quelli in Medio Oriente e in Africa: il rapporto fra informazione e guerra \u00e8 stato un argomento caro a Giorgio Lago ed \u00e8 stato scelto come tema per l\u2019edizione 2023 dal Premio Giorgio Lago \u2013 Nuovi talenti del giornalismo, rivolto agli studenti delle ultime classi degli Istituti Superiori del Veneto.<br \/>\nL\u2019Associazione Amici di Giorgio Lago, che organizza il concorso in collaborazione con il Centro Studi Regionali Giorgio Lago dell\u2019Universit\u00e0 degli Studi di Padova e il Comune di Treviso, invita i diciottenni a redigere un articolo giornalistico sviluppando il tema, quanto mai attuale e significativo, \u201cRaccontare la guerra, una nuova arma accanto a quelle tradizionali\u201d.<\/p>\n<p>\u201c\u00c8 un invito a riflettere sulla fondamentale funzione delle notizie nella definizione dell\u2019opinione pubblica e nella creazione di un sentire comune. \u2013 sottolinea Francesco Jori, Consigliere del direttivo dell\u2019Associazione Amici di Giorgio Lago \u2013 Il modo in cui noi giornalisti raccontiamo la guerra, la scelta delle informazioni da divulgare e di quelle da omettere, la spettacolarizzazione del dolore, la diffusione di fake news, trasformano l\u2019informazione in un\u2019arma potentissima in mano ai contendenti e spesso a scapito della verit\u00e0\u201d.<\/p>\n<p>\u00abSiamo orgogliosi di rinnovare l\u2019ospitalit\u00e0 a Treviso il Premio Giorgio Lago Juniores, divenuto oramai uno degli appuntamenti pi\u00f9 importanti per valorizzare il lavoro dei giovani giornalisti, nel ricordo di Giorgio Lago, giornalista che ha raccontato il Nordest con la sua \u201cpenna\u201d arguta e puntuale\u00bb, afferma l\u2019assessore ai Beni Culturali e Turismo della Citt\u00e0 di Treviso Lavinia Colonna Preti. \u00abIl tema scelto quest\u2019anno vuole essere ancora una volta una fotografia dell\u2019attualit\u00e0, caratterizzata purtroppo da un conflitto alle porte d\u2019Europa, nel rapporto con l\u2019informazione e tutte le sue correlazioni. La scelta di aprire il concorso a tutti gli istituti del veneto \u00e8 sicuramente una scelta importante in termine di coinvolgimento e partecipazione, per fare s\u00ec che tutti gli studenti abbiano la possibilit\u00e0 di portare un contributo\u00bb.<\/p>\n<p>Per la prima volta, inoltre, il concorso si apre a tutti gli Istituti Superiori del Veneto (fino alla precedente edizione era riservato solo ai licei veneti), dando la possibilit\u00e0 a tutti i maturandi di partecipare realizzando un articolo giornalistico di tremila battute al massimo, dimostrando di saper utilizzare le fonti in senso critico e di possedere le doti del buon giornalista, ovvero capacit\u00e0 di sintesi, completezza dell\u2019informazione ed efficacia nella comunicazione. Gli elaborati dovranno essere inviati alla segreteria del Premio, scrivendo all\u2019indirizzo info@premiogiorgiolago.it entro e non oltre il 31 marzo 2023.<\/p>\n<p>Lago fu una straordinaria firma del giornalismo veneto, prima al Gazzettino, che ha diretto per dodici anni, e poi a La Repubblica e ai quotidiani nordestini del gruppo L\u2019Espresso come editorialista. \u00c8 ricordato per essersi distinto come straordinario osservatore del proprio territorio, lucido interprete e anticipatore delle svolte politiche e sociali degli anni Ottanta e Novanta, da sempre attento ai giovani e al futuro della professione. La sua testimonianza \u00e8 viva nella sua scrittura: tra i temi a lui pi\u00f9 cari ci sono la riforma dello Stato attraverso il federalismo e il ruolo del Nordest quale laboratorio nel processo di modernizzazione dell\u2019Italia.<\/p>\n<p><strong>Il Premio<\/strong><br \/>\nIl Premio Giorgio Lago fu istituito nel 2005 a Jesolo, Venezia, pochi mesi dopo la scomparsa del giornalista veneto a cui \u00e8 intitolato, organizzato dall\u2019Associazione Amici di Giorgio Lago. Tra i premiati, nel corso degli anni, spiccano grandi nomi del giornalismo italiano, tra i quali Mario Rigoni Stern, Gianni Mura, Candido Cannav\u00f2, Ferruccio De Bortoli, Fausto Biloslavo, Sergio Frigo, Toni Capuozzo, Marzio Breda, personaggi e imprenditori come Renzo Rosso, Paolo Mieli, Fabio Capello, Giovanni Rana, Marco Paolini, Mario Brunello, Miki Biasion e molti altri.<br \/>\nNel 2012 nacque il Premio Giorgio Lago Juniores &#8211; Nuovi talenti del giornalismo, che inizialmente affiancava il premio giornalistico e ora lo sostituisce: un riconoscimento che si inserisce nel solco tracciato dal celebre direttore de Il Gazzettino, che ebbe per i giovani e per il futuro del giornalismo sempre grande attenzione.<br \/>\nLo scopo del premio, che \u00e8 riservato agli studenti dell\u2019ultima classe degli Istituti Superiori del Veneto, \u00e8 coinvolgere i pi\u00f9 giovani nella riflessione sulle tematiche di grande attualit\u00e0, divulgando il pensiero e l\u2019opera di un grande giornalista del Nordest e di uno dei suoi pi\u00f9 lucidi interpreti, mantenendo vivo e attuale il suo messaggio e formando gli studenti alle regole del linguaggio giornalistico.<br \/>\nIl premio \u00e8 promosso dall\u2019Associazione Amici di Giorgio Lago con la collaborazione di Centro Studi Regionali Giorgio Lago, Universit\u00e0 degli studi di Padova, Comune di Treviso e Banca Prealpi SanBiagio ed \u00e8 realizzato con il patrocinio dell\u2019Ordine dei Giornalisti del Veneto. Main sponsor dell\u2019iniziativa \u00e8 Tao Technologies.<br \/>\n<strong>La Giuria<\/strong><br \/>\nPer valutare la qualit\u00e0 dei lavori dei ragazzi e selezionare i vincitori, l\u2019Associazione Amici di Giorgio Lago, promotrice del Premio, ha chiamato a raccolta una giuria di eccezionale valore, che vede fianco a fianco le grandi firme del giornalismo italiano e veneto ed esponenti del mondo accademico: Marco Almagisti, direttore del Centro Studi Regionali Giorgio Lago dell\u2019Universit\u00e0 di Padova, Fabrizio Brancoli, direttore dei Quotidiani veneti del Gruppo Gedi, Sergio Frigo, giornalista del Gruppo Gedi e scrittore, Francesco Jori, giornalista del Gruppo Gedi e scrittore, Giuliano Gargano, presidente dell\u2019Ordine dei giornalisti del Veneto, Danilo Guerretta, direttore Tg Veneto News, Massimo Mamoli, direttore de L\u2019Arena, Roberto Papetti, direttore de Il Gazzettino, Edoardo Pittalis, giornalista de Il Gazzettino e scrittore, Alessandro Russello, direttore de Il Corriere del Veneto, Marino Smiderle, direttore de Il Giornale di Vicenza, e Giovanni Stefani, Caporedattore TGR Veneto.<\/p>\n<p><strong>Premi e premiazione<\/strong><br \/>\nLa scelta dei premi rispetta la vocazione formativa dell\u2019Associazione e del Premio e, come sarebbe piaciuto a Giorgio Lago, ai primi tre classificati saranno assegnate tre borse di studio da utilizzare per sostenere gli studi universitari. La cerimonia di assegnazione del Premio Giorgio Lago Nuovi talenti del giornalismo si svolger\u00e0 al Teatro Comunale Mario Del Monaco di Treviso nel mese di maggio 2023.<\/p>","protected":false},"excerpt":{"rendered":"<p>Torna il riconoscimento intitolato al grande giornalista e direttore Giorgio Lago, e affronta, come di consueto, un argomento di stringente attualit\u00e0: il ruolo dei media nella narrazione delle guerre. Un tema che, alla luce del dramma ucraino e dei tanti conflitti che insanguinano l\u2019attualit\u00e0, apre ad una molteplicit\u00e0 di riflessioni su fake-news, manipolazione e informazione [&hellip;]<\/p>\n","protected":false},"author":2,"featured_media":120000,"comment_status":"closed","ping_status":"open","sticky":false,"template":"","format":"standard","meta":{"footnotes":""},"categories":[15],"tags":[],"class_list":["post-138155","post","type-post","status-publish","format-standard","has-post-thumbnail","category-scuola"],"yoast_head":"<!-- This site is optimized with the Yoast SEO plugin v28.4 - https:\/\/yoast.com\/product\/yoast-seo-wordpress\/ -->\n<title>Raccontare la guerra. Bando 2023 Premio Giorgio Lago Juniores per gli studenti del Veneto - Bellunopress - Dolomiti<\/title>\n<meta name=\"robots\" content=\"index, follow, max-snippet:-1, max-image-preview:large, max-video-preview:-1\" \/>\n<link rel=\"canonical\" href=\"https:\/\/www.bellunopress.it\/fr\/2022\/12\/06\/raccontare-la-guerra-bando-2023-premio-giorgio-lago-juniores-per-gli-studenti-del-veneto\/\" \/>\n<meta property=\"og:locale\" content=\"fr_FR\" \/>\n<meta property=\"og:type\" content=\"article\" \/>\n<meta property=\"og:title\" content=\"Raccontare la guerra. Bando 2023 Premio Giorgio Lago Juniores per gli studenti del Veneto - Bellunopress - Dolomiti\" \/>\n<meta property=\"og:description\" content=\"Torna il riconoscimento intitolato al grande giornalista e direttore Giorgio Lago, e affronta, come di consueto, un argomento di stringente attualit\u00e0: il ruolo dei media nella narrazione delle guerre. Un tema che, alla luce del dramma ucraino e dei tanti conflitti che insanguinano l\u2019attualit\u00e0, apre ad una molteplicit\u00e0 di riflessioni su fake-news, manipolazione e informazione [&hellip;]\" \/>\n<meta property=\"og:url\" content=\"https:\/\/www.bellunopress.it\/fr\/2022\/12\/06\/raccontare-la-guerra-bando-2023-premio-giorgio-lago-juniores-per-gli-studenti-del-veneto\/\" \/>\n<meta property=\"og:site_name\" content=\"Bellunopress - Dolomiti\" \/>\n<meta property=\"article:publisher\" content=\"https:\/\/www.facebook.com\/profile.php?id=100008943462799\" \/>\n<meta property=\"article:published_time\" content=\"2022-12-06T12:18:44+00:00\" \/>\n<meta property=\"og:image\" content=\"https:\/\/www.bellunopress.it\/wp-content\/uploads\/2020\/12\/Giorgio-Lago_edited.jpg\" \/>\n\t<meta property=\"og:image:width\" content=\"800\" \/>\n\t<meta property=\"og:image:height\" content=\"524\" \/>\n\t<meta property=\"og:image:type\" content=\"image\/jpeg\" \/>\n<meta name=\"author\" content=\"redazione\" \/>\n<meta name=\"twitter:card\" content=\"summary_large_image\" \/>\n<meta name=\"twitter:creator\" content=\"@bellunopress\" \/>\n<meta name=\"twitter:site\" content=\"@bellunopress\" \/>\n<meta name=\"twitter:label1\" content=\"Written by\" \/>\n\t<meta name=\"twitter:data1\" content=\"redazione\" \/>\n\t<meta name=\"twitter:label2\" content=\"Est. reading time\" \/>\n\t<meta name=\"twitter:data2\" content=\"7 minutes\" \/>\n<script type=\"application\/ld+json\" class=\"yoast-schema-graph\">{\"@context\":\"https:\\\/\\\/schema.org\",\"@graph\":[{\"@type\":\"Article\",\"@id\":\"https:\\\/\\\/www.bellunopress.it\\\/2022\\\/12\\\/06\\\/raccontare-la-guerra-bando-2023-premio-giorgio-lago-juniores-per-gli-studenti-del-veneto\\\/#article\",\"isPartOf\":{\"@id\":\"https:\\\/\\\/www.bellunopress.it\\\/2022\\\/12\\\/06\\\/raccontare-la-guerra-bando-2023-premio-giorgio-lago-juniores-per-gli-studenti-del-veneto\\\/\"},\"author\":{\"name\":\"redazione\",\"@id\":\"https:\\\/\\\/www.bellunopress.it\\\/#\\\/schema\\\/person\\\/79bb06722b37ece1c03d3e94beb30d73\"},\"headline\":\"Raccontare la guerra. Bando 2023 Premio Giorgio Lago Juniores per gli studenti del Veneto\",\"datePublished\":\"2022-12-06T12:18:44+00:00\",\"mainEntityOfPage\":{\"@id\":\"https:\\\/\\\/www.bellunopress.it\\\/2022\\\/12\\\/06\\\/raccontare-la-guerra-bando-2023-premio-giorgio-lago-juniores-per-gli-studenti-del-veneto\\\/\"},\"wordCount\":1147,\"publisher\":{\"@id\":\"https:\\\/\\\/www.bellunopress.it\\\/#organization\"},\"image\":{\"@id\":\"https:\\\/\\\/www.bellunopress.it\\\/2022\\\/12\\\/06\\\/raccontare-la-guerra-bando-2023-premio-giorgio-lago-juniores-per-gli-studenti-del-veneto\\\/#primaryimage\"},\"thumbnailUrl\":\"https:\\\/\\\/www.bellunopress.it\\\/wp-content\\\/uploads\\\/2020\\\/12\\\/Giorgio-Lago_edited.jpg\",\"articleSection\":[\"Scuola\"],\"inLanguage\":\"fr-FR\"},{\"@type\":\"WebPage\",\"@id\":\"https:\\\/\\\/www.bellunopress.it\\\/2022\\\/12\\\/06\\\/raccontare-la-guerra-bando-2023-premio-giorgio-lago-juniores-per-gli-studenti-del-veneto\\\/\",\"url\":\"https:\\\/\\\/www.bellunopress.it\\\/2022\\\/12\\\/06\\\/raccontare-la-guerra-bando-2023-premio-giorgio-lago-juniores-per-gli-studenti-del-veneto\\\/\",\"name\":\"Raccontare la guerra. Bando 2023 Premio Giorgio Lago Juniores per gli studenti del Veneto - Bellunopress - Dolomiti\",\"isPartOf\":{\"@id\":\"https:\\\/\\\/www.bellunopress.it\\\/#website\"},\"primaryImageOfPage\":{\"@id\":\"https:\\\/\\\/www.bellunopress.it\\\/2022\\\/12\\\/06\\\/raccontare-la-guerra-bando-2023-premio-giorgio-lago-juniores-per-gli-studenti-del-veneto\\\/#primaryimage\"},\"image\":{\"@id\":\"https:\\\/\\\/www.bellunopress.it\\\/2022\\\/12\\\/06\\\/raccontare-la-guerra-bando-2023-premio-giorgio-lago-juniores-per-gli-studenti-del-veneto\\\/#primaryimage\"},\"thumbnailUrl\":\"https:\\\/\\\/www.bellunopress.it\\\/wp-content\\\/uploads\\\/2020\\\/12\\\/Giorgio-Lago_edited.jpg\",\"datePublished\":\"2022-12-06T12:18:44+00:00\",\"breadcrumb\":{\"@id\":\"https:\\\/\\\/www.bellunopress.it\\\/2022\\\/12\\\/06\\\/raccontare-la-guerra-bando-2023-premio-giorgio-lago-juniores-per-gli-studenti-del-veneto\\\/#breadcrumb\"},\"inLanguage\":\"fr-FR\",\"potentialAction\":[{\"@type\":\"ReadAction\",\"target\":[\"https:\\\/\\\/www.bellunopress.it\\\/2022\\\/12\\\/06\\\/raccontare-la-guerra-bando-2023-premio-giorgio-lago-juniores-per-gli-studenti-del-veneto\\\/\"]}]},{\"@type\":\"ImageObject\",\"inLanguage\":\"fr-FR\",\"@id\":\"https:\\\/\\\/www.bellunopress.it\\\/2022\\\/12\\\/06\\\/raccontare-la-guerra-bando-2023-premio-giorgio-lago-juniores-per-gli-studenti-del-veneto\\\/#primaryimage\",\"url\":\"https:\\\/\\\/www.bellunopress.it\\\/wp-content\\\/uploads\\\/2020\\\/12\\\/Giorgio-Lago_edited.jpg\",\"contentUrl\":\"https:\\\/\\\/www.bellunopress.it\\\/wp-content\\\/uploads\\\/2020\\\/12\\\/Giorgio-Lago_edited.jpg\",\"width\":800,\"height\":524,\"caption\":\"Giorgio Lago, giornalista\"},{\"@type\":\"BreadcrumbList\",\"@id\":\"https:\\\/\\\/www.bellunopress.it\\\/2022\\\/12\\\/06\\\/raccontare-la-guerra-bando-2023-premio-giorgio-lago-juniores-per-gli-studenti-del-veneto\\\/#breadcrumb\",\"itemListElement\":[{\"@type\":\"ListItem\",\"position\":1,\"name\":\"Home\",\"item\":\"https:\\\/\\\/www.bellunopress.it\\\/\"},{\"@type\":\"ListItem\",\"position\":2,\"name\":\"Raccontare la guerra. Bando 2023 Premio Giorgio Lago Juniores per gli studenti del Veneto\"}]},{\"@type\":\"WebSite\",\"@id\":\"https:\\\/\\\/www.bellunopress.it\\\/#website\",\"url\":\"https:\\\/\\\/www.bellunopress.it\\\/\",\"name\":\"Bellunopress - Dolomiti\",\"description\":\"e-mail: redazione@bellunopress.it\",\"publisher\":{\"@id\":\"https:\\\/\\\/www.bellunopress.it\\\/#organization\"},\"potentialAction\":[{\"@type\":\"SearchAction\",\"target\":{\"@type\":\"EntryPoint\",\"urlTemplate\":\"https:\\\/\\\/www.bellunopress.it\\\/?s={search_term_string}\"},\"query-input\":{\"@type\":\"PropertyValueSpecification\",\"valueRequired\":true,\"valueName\":\"search_term_string\"}}],\"inLanguage\":\"fr-FR\"},{\"@type\":\"Organization\",\"@id\":\"https:\\\/\\\/www.bellunopress.it\\\/#organization\",\"name\":\"Bellunopress\",\"url\":\"https:\\\/\\\/www.bellunopress.it\\\/\",\"logo\":{\"@type\":\"ImageObject\",\"inLanguage\":\"fr-FR\",\"@id\":\"https:\\\/\\\/www.bellunopress.it\\\/#\\\/schema\\\/logo\\\/image\\\/\",\"url\":\"https:\\\/\\\/www.bellunopress.it\\\/wp-content\\\/uploads\\\/2011\\\/05\\\/cropped-logo-bellunopress-.jpg\",\"contentUrl\":\"https:\\\/\\\/www.bellunopress.it\\\/wp-content\\\/uploads\\\/2011\\\/05\\\/cropped-logo-bellunopress-.jpg\",\"width\":512,\"height\":512,\"caption\":\"Bellunopress\"},\"image\":{\"@id\":\"https:\\\/\\\/www.bellunopress.it\\\/#\\\/schema\\\/logo\\\/image\\\/\"},\"sameAs\":[\"https:\\\/\\\/www.facebook.com\\\/profile.php?id=100008943462799\",\"https:\\\/\\\/x.com\\\/bellunopress\",\"https:\\\/\\\/www.linkedin.com\\\/hp\\\/?dnr=JBzUWaJfMUw8vbXJJ2tVW5-I3jZKvC4wsoxE&amp;amp;amp;amp;amp;amp;trk=nav_responsive_tab_home\",\"https:\\\/\\\/www.youtube.com\\\/channel\\\/UCxL0wu1uN0_3_7hGG0306cw\"]},{\"@type\":\"Person\",\"@id\":\"https:\\\/\\\/www.bellunopress.it\\\/#\\\/schema\\\/person\\\/79bb06722b37ece1c03d3e94beb30d73\",\"name\":\"redazione\",\"image\":{\"@type\":\"ImageObject\",\"inLanguage\":\"fr-FR\",\"@id\":\"https:\\\/\\\/secure.gravatar.com\\\/avatar\\\/37d968a2e67a6fd04c169c4bdef102d0bc5d31b2546345219e348575eb80e9a0?s=96&d=mm&r=g\",\"url\":\"https:\\\/\\\/secure.gravatar.com\\\/avatar\\\/37d968a2e67a6fd04c169c4bdef102d0bc5d31b2546345219e348575eb80e9a0?s=96&d=mm&r=g\",\"contentUrl\":\"https:\\\/\\\/secure.gravatar.com\\\/avatar\\\/37d968a2e67a6fd04c169c4bdef102d0bc5d31b2546345219e348575eb80e9a0?s=96&d=mm&r=g\",\"caption\":\"redazione\"},\"sameAs\":[\"http:\\\/\\\/www.bellunopress.it\",\"https:\\\/\\\/x.com\\\/bellunopress\"],\"url\":\"https:\\\/\\\/www.bellunopress.it\\\/fr\\\/author\\\/redazione\\\/\"}]}<\/script>\n<!-- \/ Yoast SEO plugin. -->","yoast_head_json":{"title":"Raccontare la guerra. Bando 2023 Premio Giorgio Lago Juniores per gli studenti del Veneto - Bellunopress - Dolomiti","robots":{"index":"index","follow":"follow","max-snippet":"max-snippet:-1","max-image-preview":"max-image-preview:large","max-video-preview":"max-video-preview:-1"},"canonical":"https:\/\/www.bellunopress.it\/fr\/2022\/12\/06\/raccontare-la-guerra-bando-2023-premio-giorgio-lago-juniores-per-gli-studenti-del-veneto\/","og_locale":"fr_FR","og_type":"article","og_title":"Raccontare la guerra. Bando 2023 Premio Giorgio Lago Juniores per gli studenti del Veneto - Bellunopress - Dolomiti","og_description":"Torna il riconoscimento intitolato al grande giornalista e direttore Giorgio Lago, e affronta, come di consueto, un argomento di stringente attualit\u00e0: il ruolo dei media nella narrazione delle guerre. Un tema che, alla luce del dramma ucraino e dei tanti conflitti che insanguinano l\u2019attualit\u00e0, apre ad una molteplicit\u00e0 di riflessioni su fake-news, manipolazione e informazione [&hellip;]","og_url":"https:\/\/www.bellunopress.it\/fr\/2022\/12\/06\/raccontare-la-guerra-bando-2023-premio-giorgio-lago-juniores-per-gli-studenti-del-veneto\/","og_site_name":"Bellunopress - Dolomiti","article_publisher":"https:\/\/www.facebook.com\/profile.php?id=100008943462799","article_published_time":"2022-12-06T12:18:44+00:00","og_image":[{"width":800,"height":524,"url":"https:\/\/www.bellunopress.it\/wp-content\/uploads\/2020\/12\/Giorgio-Lago_edited.jpg","type":"image\/jpeg"}],"author":"redazione","twitter_card":"summary_large_image","twitter_creator":"@bellunopress","twitter_site":"@bellunopress","twitter_misc":{"Written by":"redazione","Est. reading time":"7 minutes"},"schema":{"@context":"https:\/\/schema.org","@graph":[{"@type":"Article","@id":"https:\/\/www.bellunopress.it\/2022\/12\/06\/raccontare-la-guerra-bando-2023-premio-giorgio-lago-juniores-per-gli-studenti-del-veneto\/#article","isPartOf":{"@id":"https:\/\/www.bellunopress.it\/2022\/12\/06\/raccontare-la-guerra-bando-2023-premio-giorgio-lago-juniores-per-gli-studenti-del-veneto\/"},"author":{"name":"redazione","@id":"https:\/\/www.bellunopress.it\/#\/schema\/person\/79bb06722b37ece1c03d3e94beb30d73"},"headline":"Raccontare la guerra. Bando 2023 Premio Giorgio Lago Juniores per gli studenti del Veneto","datePublished":"2022-12-06T12:18:44+00:00","mainEntityOfPage":{"@id":"https:\/\/www.bellunopress.it\/2022\/12\/06\/raccontare-la-guerra-bando-2023-premio-giorgio-lago-juniores-per-gli-studenti-del-veneto\/"},"wordCount":1147,"publisher":{"@id":"https:\/\/www.bellunopress.it\/#organization"},"image":{"@id":"https:\/\/www.bellunopress.it\/2022\/12\/06\/raccontare-la-guerra-bando-2023-premio-giorgio-lago-juniores-per-gli-studenti-del-veneto\/#primaryimage"},"thumbnailUrl":"https:\/\/www.bellunopress.it\/wp-content\/uploads\/2020\/12\/Giorgio-Lago_edited.jpg","articleSection":["Scuola"],"inLanguage":"fr-FR"},{"@type":"WebPage","@id":"https:\/\/www.bellunopress.it\/2022\/12\/06\/raccontare-la-guerra-bando-2023-premio-giorgio-lago-juniores-per-gli-studenti-del-veneto\/","url":"https:\/\/www.bellunopress.it\/2022\/12\/06\/raccontare-la-guerra-bando-2023-premio-giorgio-lago-juniores-per-gli-studenti-del-veneto\/","name":"Raccontare la guerra. Bando 2023 Premio Giorgio Lago Juniores per gli studenti del Veneto - Bellunopress - Dolomiti","isPartOf":{"@id":"https:\/\/www.bellunopress.it\/#website"},"primaryImageOfPage":{"@id":"https:\/\/www.bellunopress.it\/2022\/12\/06\/raccontare-la-guerra-bando-2023-premio-giorgio-lago-juniores-per-gli-studenti-del-veneto\/#primaryimage"},"image":{"@id":"https:\/\/www.bellunopress.it\/2022\/12\/06\/raccontare-la-guerra-bando-2023-premio-giorgio-lago-juniores-per-gli-studenti-del-veneto\/#primaryimage"},"thumbnailUrl":"https:\/\/www.bellunopress.it\/wp-content\/uploads\/2020\/12\/Giorgio-Lago_edited.jpg","datePublished":"2022-12-06T12:18:44+00:00","breadcrumb":{"@id":"https:\/\/www.bellunopress.it\/2022\/12\/06\/raccontare-la-guerra-bando-2023-premio-giorgio-lago-juniores-per-gli-studenti-del-veneto\/#breadcrumb"},"inLanguage":"fr-FR","potentialAction":[{"@type":"ReadAction","target":["https:\/\/www.bellunopress.it\/2022\/12\/06\/raccontare-la-guerra-bando-2023-premio-giorgio-lago-juniores-per-gli-studenti-del-veneto\/"]}]},{"@type":"ImageObject","inLanguage":"fr-FR","@id":"https:\/\/www.bellunopress.it\/2022\/12\/06\/raccontare-la-guerra-bando-2023-premio-giorgio-lago-juniores-per-gli-studenti-del-veneto\/#primaryimage","url":"https:\/\/www.bellunopress.it\/wp-content\/uploads\/2020\/12\/Giorgio-Lago_edited.jpg","contentUrl":"https:\/\/www.bellunopress.it\/wp-content\/uploads\/2020\/12\/Giorgio-Lago_edited.jpg","width":800,"height":524,"caption":"Giorgio Lago, giornalista"},{"@type":"BreadcrumbList","@id":"https:\/\/www.bellunopress.it\/2022\/12\/06\/raccontare-la-guerra-bando-2023-premio-giorgio-lago-juniores-per-gli-studenti-del-veneto\/#breadcrumb","itemListElement":[{"@type":"ListItem","position":1,"name":"Home","item":"https:\/\/www.bellunopress.it\/"},{"@type":"ListItem","position":2,"name":"Raccontare la guerra. Bando 2023 Premio Giorgio Lago Juniores per gli studenti del Veneto"}]},{"@type":"WebSite","@id":"https:\/\/www.bellunopress.it\/#website","url":"https:\/\/www.bellunopress.it\/","name":"Bellunopress - Dolomiti","description":"e-mail: redazione@bellunopress.it","publisher":{"@id":"https:\/\/www.bellunopress.it\/#organization"},"potentialAction":[{"@type":"SearchAction","target":{"@type":"EntryPoint","urlTemplate":"https:\/\/www.bellunopress.it\/?s={search_term_string}"},"query-input":{"@type":"PropertyValueSpecification","valueRequired":true,"valueName":"search_term_string"}}],"inLanguage":"fr-FR"},{"@type":"Organization","@id":"https:\/\/www.bellunopress.it\/#organization","name":"Bellunopress","url":"https:\/\/www.bellunopress.it\/","logo":{"@type":"ImageObject","inLanguage":"fr-FR","@id":"https:\/\/www.bellunopress.it\/#\/schema\/logo\/image\/","url":"https:\/\/www.bellunopress.it\/wp-content\/uploads\/2011\/05\/cropped-logo-bellunopress-.jpg","contentUrl":"https:\/\/www.bellunopress.it\/wp-content\/uploads\/2011\/05\/cropped-logo-bellunopress-.jpg","width":512,"height":512,"caption":"Bellunopress"},"image":{"@id":"https:\/\/www.bellunopress.it\/#\/schema\/logo\/image\/"},"sameAs":["https:\/\/www.facebook.com\/profile.php?id=100008943462799","https:\/\/x.com\/bellunopress","https:\/\/www.linkedin.com\/hp\/?dnr=JBzUWaJfMUw8vbXJJ2tVW5-I3jZKvC4wsoxE&amp;amp;amp;amp;amp;amp;trk=nav_responsive_tab_home","https:\/\/www.youtube.com\/channel\/UCxL0wu1uN0_3_7hGG0306cw"]},{"@type":"Person","@id":"https:\/\/www.bellunopress.it\/#\/schema\/person\/79bb06722b37ece1c03d3e94beb30d73","name":"r\u00e9daction","image":{"@type":"ImageObject","inLanguage":"fr-FR","@id":"https:\/\/secure.gravatar.com\/avatar\/37d968a2e67a6fd04c169c4bdef102d0bc5d31b2546345219e348575eb80e9a0?s=96&d=mm&r=g","url":"https:\/\/secure.gravatar.com\/avatar\/37d968a2e67a6fd04c169c4bdef102d0bc5d31b2546345219e348575eb80e9a0?s=96&d=mm&r=g","contentUrl":"https:\/\/secure.gravatar.com\/avatar\/37d968a2e67a6fd04c169c4bdef102d0bc5d31b2546345219e348575eb80e9a0?s=96&d=mm&r=g","caption":"redazione"},"sameAs":["http:\/\/www.bellunopress.it","https:\/\/x.com\/bellunopress"],"url":"https:\/\/www.bellunopress.it\/fr\/author\/redazione\/"}]}},"_links":{"self":[{"href":"https:\/\/www.bellunopress.it\/fr\/wp-json\/wp\/v2\/posts\/138155","targetHints":{"allow":["GET"]}}],"collection":[{"href":"https:\/\/www.bellunopress.it\/fr\/wp-json\/wp\/v2\/posts"}],"about":[{"href":"https:\/\/www.bellunopress.it\/fr\/wp-json\/wp\/v2\/types\/post"}],"author":[{"embeddable":true,"href":"https:\/\/www.bellunopress.it\/fr\/wp-json\/wp\/v2\/users\/2"}],"replies":[{"embeddable":true,"href":"https:\/\/www.bellunopress.it\/fr\/wp-json\/wp\/v2\/comments?post=138155"}],"version-history":[{"count":1,"href":"https:\/\/www.bellunopress.it\/fr\/wp-json\/wp\/v2\/posts\/138155\/revisions"}],"predecessor-version":[{"id":138156,"href":"https:\/\/www.bellunopress.it\/fr\/wp-json\/wp\/v2\/posts\/138155\/revisions\/138156"}],"wp:featuredmedia":[{"embeddable":true,"href":"https:\/\/www.bellunopress.it\/fr\/wp-json\/wp\/v2\/media\/120000"}],"wp:attachment":[{"href":"https:\/\/www.bellunopress.it\/fr\/wp-json\/wp\/v2\/media?parent=138155"}],"wp:term":[{"taxonomy":"category","embeddable":true,"href":"https:\/\/www.bellunopress.it\/fr\/wp-json\/wp\/v2\/categories?post=138155"},{"taxonomy":"post_tag","embeddable":true,"href":"https:\/\/www.bellunopress.it\/fr\/wp-json\/wp\/v2\/tags?post=138155"}],"curies":[{"name":"wp","href":"https:\/\/api.w.org\/{rel}","templated":true}]}}