{"id":138153,"date":"2022-12-06T11:20:18","date_gmt":"2022-12-06T10:20:18","guid":{"rendered":"https:\/\/www.bellunopress.it\/?p=138153"},"modified":"2022-12-06T11:20:18","modified_gmt":"2022-12-06T10:20:18","slug":"al-via-domani-il-natale-feltrino-con-i-cori-dei-ragazzi-per-le-vie-della-citta","status":"publish","type":"post","link":"https:\/\/www.bellunopress.it\/fr\/2022\/12\/06\/al-via-domani-il-natale-feltrino-con-i-cori-dei-ragazzi-per-le-vie-della-citta\/","title":{"rendered":"Al via domani il Natale feltrino con i cori dei ragazzi per le vie della citt\u00e0"},"content":{"rendered":"<p><strong><em><img loading=\"lazy\" decoding=\"async\" class=\"alignleft size-full wp-image-131710\" src=\"https:\/\/www.bellunopress.it\/wp-content\/uploads\/2022\/02\/feltre-2_edited.jpg\" alt=\"\" width=\"1000\" height=\"750\" srcset=\"https:\/\/www.bellunopress.it\/wp-content\/uploads\/2022\/02\/feltre-2_edited.jpg 1000w, https:\/\/www.bellunopress.it\/wp-content\/uploads\/2022\/02\/feltre-2_edited-500x375.jpg 500w, https:\/\/www.bellunopress.it\/wp-content\/uploads\/2022\/02\/feltre-2_edited-696x522.jpg 696w, https:\/\/www.bellunopress.it\/wp-content\/uploads\/2022\/02\/feltre-2_edited-560x420.jpg 560w, https:\/\/www.bellunopress.it\/wp-content\/uploads\/2022\/02\/feltre-2_edited-80x60.jpg 80w, https:\/\/www.bellunopress.it\/wp-content\/uploads\/2022\/02\/feltre-2_edited-265x198.jpg 265w\" sizes=\"auto, (max-width: 1000px) 100vw, 1000px\" \/>Gioved\u00ec l\u2019accensione dell\u2019albero in Piazza Maggiore, la Fiera dell\u2019Oggetto Ritrovato e la Corsa di Babbo Natale.<\/em><\/strong><br \/>\n<strong><em>Approntate alcune modifiche alla viabilit\u00e0 cittadina nelle giornate clou.<\/em><\/strong><\/p>\n<p>Prende il via ufficialmente domani, mercoled\u00ec 7 dicembre, il Natale feltrino. Protagonisti saranno i cori che allieteranno le vie della citt\u00e0 nel pomeriggio. A intonare i canti della tradizione natalizia saranno i ragazzi della scuola primaria di Nemeggio e della scuola annessa a CISEIA, quelli della primaria \u201cVittorino da Feltre\u201d, il coro Musicaliceo del liceo \u201cDal Piaz\u201d e gli studenti dell\u2019indirizzo musicale della scuola media \u201cRocca\u201d.<br \/>\nGioved\u00ec 8 dicembre, poi, triplice appuntamento: al mattino con la Corsa di Babbo Natale che, con partenza e arrivo alla Birreria di Pedavena, transiter\u00e0 con il suo percorso \u201clungo\u201d attraverso la citt\u00e0; il centro storico sar\u00e0 anche teatro del primo dei tre appuntamenti di dicembre (gli altri sono previsti nelle domeniche dell\u201911 e del 18) con la Fiera dell\u2019Oggetto Ritrovato. Alle 17.30, infine, in piazza Maggiore \u00e8 in programma l\u2019accensione simbolica dell\u2019Albero di Natale.<br \/>\nPer poter vivere al meglio ed in piena sicurezza tutti gli eventi del palinsesto natalizio, il Comando di Polizia Locale ha messo a punto, di concerto con l\u2019Amministrazione, alcune modifiche alla viabilit\u00e0 cittadina, che riguardano le giornate del 7,8,10,11,17,18,23 e 24 dicembre.<br \/>\n\u201cCi avviciniamo ad un Natale che, come abbiamo detto anche in sede di presentazione, vuole essere sobrio e rispettoso del contesto che stiamo attraversando, ma non per questo meno carico di significato. Proprio per queste ragioni &#8211; sottolinea l\u2019assessore Alberto Curto \u2013 abbiamo deciso di rendere protagonisti principali i bambini, i ragazzi e le famiglie, in una dimensione che li renda partecipi attivi della nostra citt\u00e0. In questa direzione vanno anche le modifiche alla viabilit\u00e0 previste per le giornate clou, in cui intendiamo creare un ambiente \u201cdedicato\u201d e pienamente sicuro per vivere al meglio il clima natalizio\u201d.<\/p>\n<p>&nbsp;<\/p>","protected":false},"excerpt":{"rendered":"<p>Gioved\u00ec l\u2019accensione dell\u2019albero in Piazza Maggiore, la Fiera dell\u2019Oggetto Ritrovato e la Corsa di Babbo Natale. Approntate alcune modifiche alla viabilit\u00e0 cittadina nelle giornate clou. Prende il via ufficialmente domani, mercoled\u00ec 7 dicembre, il Natale feltrino. Protagonisti saranno i cori che allieteranno le vie della citt\u00e0 nel pomeriggio. A intonare i canti della tradizione natalizia [&hellip;]<\/p>\n","protected":false},"author":2,"featured_media":131761,"comment_status":"closed","ping_status":"open","sticky":false,"template":"","format":"standard","meta":{"footnotes":""},"categories":[8,4],"tags":[],"class_list":["post-138153","post","type-post","status-publish","format-standard","has-post-thumbnail","category-societa-istituzioni","category-sport"],"yoast_head":"<!-- This site is optimized with the Yoast SEO plugin v28.4 - https:\/\/yoast.com\/product\/yoast-seo-wordpress\/ -->\n<title>Al via domani il Natale feltrino con i cori dei ragazzi per le vie della citt\u00e0 - Bellunopress - Dolomiti<\/title>\n<meta name=\"robots\" content=\"index, follow, max-snippet:-1, max-image-preview:large, max-video-preview:-1\" \/>\n<link rel=\"canonical\" href=\"https:\/\/www.bellunopress.it\/fr\/2022\/12\/06\/al-via-domani-il-natale-feltrino-con-i-cori-dei-ragazzi-per-le-vie-della-citta\/\" \/>\n<meta property=\"og:locale\" content=\"fr_FR\" \/>\n<meta property=\"og:type\" content=\"article\" \/>\n<meta property=\"og:title\" content=\"Al via domani il Natale feltrino con i cori dei ragazzi per le vie della citt\u00e0 - Bellunopress - Dolomiti\" \/>\n<meta property=\"og:description\" content=\"Gioved\u00ec l\u2019accensione dell\u2019albero in Piazza Maggiore, la Fiera dell\u2019Oggetto Ritrovato e la Corsa di Babbo Natale. Approntate alcune modifiche alla viabilit\u00e0 cittadina nelle giornate clou. Prende il via ufficialmente domani, mercoled\u00ec 7 dicembre, il Natale feltrino. Protagonisti saranno i cori che allieteranno le vie della citt\u00e0 nel pomeriggio. A intonare i canti della tradizione natalizia [&hellip;]\" \/>\n<meta property=\"og:url\" content=\"https:\/\/www.bellunopress.it\/fr\/2022\/12\/06\/al-via-domani-il-natale-feltrino-con-i-cori-dei-ragazzi-per-le-vie-della-citta\/\" \/>\n<meta property=\"og:site_name\" content=\"Bellunopress - Dolomiti\" \/>\n<meta property=\"article:publisher\" content=\"https:\/\/www.facebook.com\/profile.php?id=100008943462799\" \/>\n<meta property=\"article:published_time\" content=\"2022-12-06T10:20:18+00:00\" \/>\n<meta property=\"og:image\" content=\"https:\/\/www.bellunopress.it\/wp-content\/uploads\/2022\/03\/feltre-edited.jpg\" \/>\n\t<meta property=\"og:image:width\" content=\"1000\" \/>\n\t<meta property=\"og:image:height\" content=\"750\" \/>\n\t<meta property=\"og:image:type\" content=\"image\/jpeg\" \/>\n<meta name=\"author\" content=\"redazione\" \/>\n<meta name=\"twitter:card\" content=\"summary_large_image\" \/>\n<meta name=\"twitter:creator\" content=\"@bellunopress\" \/>\n<meta name=\"twitter:site\" content=\"@bellunopress\" \/>\n<meta name=\"twitter:label1\" content=\"Written by\" \/>\n\t<meta name=\"twitter:data1\" content=\"redazione\" \/>\n\t<meta name=\"twitter:label2\" content=\"Est. reading time\" \/>\n\t<meta name=\"twitter:data2\" content=\"2 minutes\" \/>\n<script type=\"application\/ld+json\" class=\"yoast-schema-graph\">{\"@context\":\"https:\\\/\\\/schema.org\",\"@graph\":[{\"@type\":\"Article\",\"@id\":\"https:\\\/\\\/www.bellunopress.it\\\/2022\\\/12\\\/06\\\/al-via-domani-il-natale-feltrino-con-i-cori-dei-ragazzi-per-le-vie-della-citta\\\/#article\",\"isPartOf\":{\"@id\":\"https:\\\/\\\/www.bellunopress.it\\\/2022\\\/12\\\/06\\\/al-via-domani-il-natale-feltrino-con-i-cori-dei-ragazzi-per-le-vie-della-citta\\\/\"},\"author\":{\"name\":\"redazione\",\"@id\":\"https:\\\/\\\/www.bellunopress.it\\\/#\\\/schema\\\/person\\\/79bb06722b37ece1c03d3e94beb30d73\"},\"headline\":\"Al via domani il Natale feltrino con i cori dei ragazzi per le vie della citt\u00e0\",\"datePublished\":\"2022-12-06T10:20:18+00:00\",\"mainEntityOfPage\":{\"@id\":\"https:\\\/\\\/www.bellunopress.it\\\/2022\\\/12\\\/06\\\/al-via-domani-il-natale-feltrino-con-i-cori-dei-ragazzi-per-le-vie-della-citta\\\/\"},\"wordCount\":322,\"publisher\":{\"@id\":\"https:\\\/\\\/www.bellunopress.it\\\/#organization\"},\"image\":{\"@id\":\"https:\\\/\\\/www.bellunopress.it\\\/2022\\\/12\\\/06\\\/al-via-domani-il-natale-feltrino-con-i-cori-dei-ragazzi-per-le-vie-della-citta\\\/#primaryimage\"},\"thumbnailUrl\":\"https:\\\/\\\/www.bellunopress.it\\\/wp-content\\\/uploads\\\/2022\\\/03\\\/feltre-edited.jpg\",\"articleSection\":[\"Societ\u00e0, Associazioni, Istituzioni\",\"Sport, tempo libero\"],\"inLanguage\":\"fr-FR\"},{\"@type\":\"WebPage\",\"@id\":\"https:\\\/\\\/www.bellunopress.it\\\/2022\\\/12\\\/06\\\/al-via-domani-il-natale-feltrino-con-i-cori-dei-ragazzi-per-le-vie-della-citta\\\/\",\"url\":\"https:\\\/\\\/www.bellunopress.it\\\/2022\\\/12\\\/06\\\/al-via-domani-il-natale-feltrino-con-i-cori-dei-ragazzi-per-le-vie-della-citta\\\/\",\"name\":\"Al via domani il Natale feltrino con i cori dei ragazzi per le vie della citt\u00e0 - Bellunopress - Dolomiti\",\"isPartOf\":{\"@id\":\"https:\\\/\\\/www.bellunopress.it\\\/#website\"},\"primaryImageOfPage\":{\"@id\":\"https:\\\/\\\/www.bellunopress.it\\\/2022\\\/12\\\/06\\\/al-via-domani-il-natale-feltrino-con-i-cori-dei-ragazzi-per-le-vie-della-citta\\\/#primaryimage\"},\"image\":{\"@id\":\"https:\\\/\\\/www.bellunopress.it\\\/2022\\\/12\\\/06\\\/al-via-domani-il-natale-feltrino-con-i-cori-dei-ragazzi-per-le-vie-della-citta\\\/#primaryimage\"},\"thumbnailUrl\":\"https:\\\/\\\/www.bellunopress.it\\\/wp-content\\\/uploads\\\/2022\\\/03\\\/feltre-edited.jpg\",\"datePublished\":\"2022-12-06T10:20:18+00:00\",\"breadcrumb\":{\"@id\":\"https:\\\/\\\/www.bellunopress.it\\\/2022\\\/12\\\/06\\\/al-via-domani-il-natale-feltrino-con-i-cori-dei-ragazzi-per-le-vie-della-citta\\\/#breadcrumb\"},\"inLanguage\":\"fr-FR\",\"potentialAction\":[{\"@type\":\"ReadAction\",\"target\":[\"https:\\\/\\\/www.bellunopress.it\\\/2022\\\/12\\\/06\\\/al-via-domani-il-natale-feltrino-con-i-cori-dei-ragazzi-per-le-vie-della-citta\\\/\"]}]},{\"@type\":\"ImageObject\",\"inLanguage\":\"fr-FR\",\"@id\":\"https:\\\/\\\/www.bellunopress.it\\\/2022\\\/12\\\/06\\\/al-via-domani-il-natale-feltrino-con-i-cori-dei-ragazzi-per-le-vie-della-citta\\\/#primaryimage\",\"url\":\"https:\\\/\\\/www.bellunopress.it\\\/wp-content\\\/uploads\\\/2022\\\/03\\\/feltre-edited.jpg\",\"contentUrl\":\"https:\\\/\\\/www.bellunopress.it\\\/wp-content\\\/uploads\\\/2022\\\/03\\\/feltre-edited.jpg\",\"width\":1000,\"height\":750},{\"@type\":\"BreadcrumbList\",\"@id\":\"https:\\\/\\\/www.bellunopress.it\\\/2022\\\/12\\\/06\\\/al-via-domani-il-natale-feltrino-con-i-cori-dei-ragazzi-per-le-vie-della-citta\\\/#breadcrumb\",\"itemListElement\":[{\"@type\":\"ListItem\",\"position\":1,\"name\":\"Home\",\"item\":\"https:\\\/\\\/www.bellunopress.it\\\/\"},{\"@type\":\"ListItem\",\"position\":2,\"name\":\"Al via domani il Natale feltrino con i cori dei ragazzi per le vie della citt\u00e0\"}]},{\"@type\":\"WebSite\",\"@id\":\"https:\\\/\\\/www.bellunopress.it\\\/#website\",\"url\":\"https:\\\/\\\/www.bellunopress.it\\\/\",\"name\":\"Bellunopress - Dolomiti\",\"description\":\"e-mail: redazione@bellunopress.it\",\"publisher\":{\"@id\":\"https:\\\/\\\/www.bellunopress.it\\\/#organization\"},\"potentialAction\":[{\"@type\":\"SearchAction\",\"target\":{\"@type\":\"EntryPoint\",\"urlTemplate\":\"https:\\\/\\\/www.bellunopress.it\\\/?s={search_term_string}\"},\"query-input\":{\"@type\":\"PropertyValueSpecification\",\"valueRequired\":true,\"valueName\":\"search_term_string\"}}],\"inLanguage\":\"fr-FR\"},{\"@type\":\"Organization\",\"@id\":\"https:\\\/\\\/www.bellunopress.it\\\/#organization\",\"name\":\"Bellunopress\",\"url\":\"https:\\\/\\\/www.bellunopress.it\\\/\",\"logo\":{\"@type\":\"ImageObject\",\"inLanguage\":\"fr-FR\",\"@id\":\"https:\\\/\\\/www.bellunopress.it\\\/#\\\/schema\\\/logo\\\/image\\\/\",\"url\":\"https:\\\/\\\/www.bellunopress.it\\\/wp-content\\\/uploads\\\/2011\\\/05\\\/cropped-logo-bellunopress-.jpg\",\"contentUrl\":\"https:\\\/\\\/www.bellunopress.it\\\/wp-content\\\/uploads\\\/2011\\\/05\\\/cropped-logo-bellunopress-.jpg\",\"width\":512,\"height\":512,\"caption\":\"Bellunopress\"},\"image\":{\"@id\":\"https:\\\/\\\/www.bellunopress.it\\\/#\\\/schema\\\/logo\\\/image\\\/\"},\"sameAs\":[\"https:\\\/\\\/www.facebook.com\\\/profile.php?id=100008943462799\",\"https:\\\/\\\/x.com\\\/bellunopress\",\"https:\\\/\\\/www.linkedin.com\\\/hp\\\/?dnr=JBzUWaJfMUw8vbXJJ2tVW5-I3jZKvC4wsoxE&amp;amp;amp;amp;amp;amp;trk=nav_responsive_tab_home\",\"https:\\\/\\\/www.youtube.com\\\/channel\\\/UCxL0wu1uN0_3_7hGG0306cw\"]},{\"@type\":\"Person\",\"@id\":\"https:\\\/\\\/www.bellunopress.it\\\/#\\\/schema\\\/person\\\/79bb06722b37ece1c03d3e94beb30d73\",\"name\":\"redazione\",\"image\":{\"@type\":\"ImageObject\",\"inLanguage\":\"fr-FR\",\"@id\":\"https:\\\/\\\/secure.gravatar.com\\\/avatar\\\/37d968a2e67a6fd04c169c4bdef102d0bc5d31b2546345219e348575eb80e9a0?s=96&d=mm&r=g\",\"url\":\"https:\\\/\\\/secure.gravatar.com\\\/avatar\\\/37d968a2e67a6fd04c169c4bdef102d0bc5d31b2546345219e348575eb80e9a0?s=96&d=mm&r=g\",\"contentUrl\":\"https:\\\/\\\/secure.gravatar.com\\\/avatar\\\/37d968a2e67a6fd04c169c4bdef102d0bc5d31b2546345219e348575eb80e9a0?s=96&d=mm&r=g\",\"caption\":\"redazione\"},\"sameAs\":[\"http:\\\/\\\/www.bellunopress.it\",\"https:\\\/\\\/x.com\\\/bellunopress\"],\"url\":\"https:\\\/\\\/www.bellunopress.it\\\/fr\\\/author\\\/redazione\\\/\"}]}<\/script>\n<!-- \/ Yoast SEO plugin. -->","yoast_head_json":{"title":"Al via domani il Natale feltrino con i cori dei ragazzi per le vie della citt\u00e0 - Bellunopress - Dolomiti","robots":{"index":"index","follow":"follow","max-snippet":"max-snippet:-1","max-image-preview":"max-image-preview:large","max-video-preview":"max-video-preview:-1"},"canonical":"https:\/\/www.bellunopress.it\/fr\/2022\/12\/06\/al-via-domani-il-natale-feltrino-con-i-cori-dei-ragazzi-per-le-vie-della-citta\/","og_locale":"fr_FR","og_type":"article","og_title":"Al via domani il Natale feltrino con i cori dei ragazzi per le vie della citt\u00e0 - Bellunopress - Dolomiti","og_description":"Gioved\u00ec l\u2019accensione dell\u2019albero in Piazza Maggiore, la Fiera dell\u2019Oggetto Ritrovato e la Corsa di Babbo Natale. Approntate alcune modifiche alla viabilit\u00e0 cittadina nelle giornate clou. Prende il via ufficialmente domani, mercoled\u00ec 7 dicembre, il Natale feltrino. Protagonisti saranno i cori che allieteranno le vie della citt\u00e0 nel pomeriggio. A intonare i canti della tradizione natalizia [&hellip;]","og_url":"https:\/\/www.bellunopress.it\/fr\/2022\/12\/06\/al-via-domani-il-natale-feltrino-con-i-cori-dei-ragazzi-per-le-vie-della-citta\/","og_site_name":"Bellunopress - Dolomiti","article_publisher":"https:\/\/www.facebook.com\/profile.php?id=100008943462799","article_published_time":"2022-12-06T10:20:18+00:00","og_image":[{"width":1000,"height":750,"url":"https:\/\/www.bellunopress.it\/wp-content\/uploads\/2022\/03\/feltre-edited.jpg","type":"image\/jpeg"}],"author":"redazione","twitter_card":"summary_large_image","twitter_creator":"@bellunopress","twitter_site":"@bellunopress","twitter_misc":{"Written by":"redazione","Est. reading time":"2 minutes"},"schema":{"@context":"https:\/\/schema.org","@graph":[{"@type":"Article","@id":"https:\/\/www.bellunopress.it\/2022\/12\/06\/al-via-domani-il-natale-feltrino-con-i-cori-dei-ragazzi-per-le-vie-della-citta\/#article","isPartOf":{"@id":"https:\/\/www.bellunopress.it\/2022\/12\/06\/al-via-domani-il-natale-feltrino-con-i-cori-dei-ragazzi-per-le-vie-della-citta\/"},"author":{"name":"redazione","@id":"https:\/\/www.bellunopress.it\/#\/schema\/person\/79bb06722b37ece1c03d3e94beb30d73"},"headline":"Al via domani il Natale feltrino con i cori dei ragazzi per le vie della citt\u00e0","datePublished":"2022-12-06T10:20:18+00:00","mainEntityOfPage":{"@id":"https:\/\/www.bellunopress.it\/2022\/12\/06\/al-via-domani-il-natale-feltrino-con-i-cori-dei-ragazzi-per-le-vie-della-citta\/"},"wordCount":322,"publisher":{"@id":"https:\/\/www.bellunopress.it\/#organization"},"image":{"@id":"https:\/\/www.bellunopress.it\/2022\/12\/06\/al-via-domani-il-natale-feltrino-con-i-cori-dei-ragazzi-per-le-vie-della-citta\/#primaryimage"},"thumbnailUrl":"https:\/\/www.bellunopress.it\/wp-content\/uploads\/2022\/03\/feltre-edited.jpg","articleSection":["Societ\u00e0, Associazioni, Istituzioni","Sport, tempo libero"],"inLanguage":"fr-FR"},{"@type":"WebPage","@id":"https:\/\/www.bellunopress.it\/2022\/12\/06\/al-via-domani-il-natale-feltrino-con-i-cori-dei-ragazzi-per-le-vie-della-citta\/","url":"https:\/\/www.bellunopress.it\/2022\/12\/06\/al-via-domani-il-natale-feltrino-con-i-cori-dei-ragazzi-per-le-vie-della-citta\/","name":"Al via domani il Natale feltrino con i cori dei ragazzi per le vie della citt\u00e0 - Bellunopress - Dolomiti","isPartOf":{"@id":"https:\/\/www.bellunopress.it\/#website"},"primaryImageOfPage":{"@id":"https:\/\/www.bellunopress.it\/2022\/12\/06\/al-via-domani-il-natale-feltrino-con-i-cori-dei-ragazzi-per-le-vie-della-citta\/#primaryimage"},"image":{"@id":"https:\/\/www.bellunopress.it\/2022\/12\/06\/al-via-domani-il-natale-feltrino-con-i-cori-dei-ragazzi-per-le-vie-della-citta\/#primaryimage"},"thumbnailUrl":"https:\/\/www.bellunopress.it\/wp-content\/uploads\/2022\/03\/feltre-edited.jpg","datePublished":"2022-12-06T10:20:18+00:00","breadcrumb":{"@id":"https:\/\/www.bellunopress.it\/2022\/12\/06\/al-via-domani-il-natale-feltrino-con-i-cori-dei-ragazzi-per-le-vie-della-citta\/#breadcrumb"},"inLanguage":"fr-FR","potentialAction":[{"@type":"ReadAction","target":["https:\/\/www.bellunopress.it\/2022\/12\/06\/al-via-domani-il-natale-feltrino-con-i-cori-dei-ragazzi-per-le-vie-della-citta\/"]}]},{"@type":"ImageObject","inLanguage":"fr-FR","@id":"https:\/\/www.bellunopress.it\/2022\/12\/06\/al-via-domani-il-natale-feltrino-con-i-cori-dei-ragazzi-per-le-vie-della-citta\/#primaryimage","url":"https:\/\/www.bellunopress.it\/wp-content\/uploads\/2022\/03\/feltre-edited.jpg","contentUrl":"https:\/\/www.bellunopress.it\/wp-content\/uploads\/2022\/03\/feltre-edited.jpg","width":1000,"height":750},{"@type":"BreadcrumbList","@id":"https:\/\/www.bellunopress.it\/2022\/12\/06\/al-via-domani-il-natale-feltrino-con-i-cori-dei-ragazzi-per-le-vie-della-citta\/#breadcrumb","itemListElement":[{"@type":"ListItem","position":1,"name":"Home","item":"https:\/\/www.bellunopress.it\/"},{"@type":"ListItem","position":2,"name":"Al via domani il Natale feltrino con i cori dei ragazzi per le vie della citt\u00e0"}]},{"@type":"WebSite","@id":"https:\/\/www.bellunopress.it\/#website","url":"https:\/\/www.bellunopress.it\/","name":"Bellunopress - Dolomiti","description":"e-mail: redazione@bellunopress.it","publisher":{"@id":"https:\/\/www.bellunopress.it\/#organization"},"potentialAction":[{"@type":"SearchAction","target":{"@type":"EntryPoint","urlTemplate":"https:\/\/www.bellunopress.it\/?s={search_term_string}"},"query-input":{"@type":"PropertyValueSpecification","valueRequired":true,"valueName":"search_term_string"}}],"inLanguage":"fr-FR"},{"@type":"Organization","@id":"https:\/\/www.bellunopress.it\/#organization","name":"Bellunopress","url":"https:\/\/www.bellunopress.it\/","logo":{"@type":"ImageObject","inLanguage":"fr-FR","@id":"https:\/\/www.bellunopress.it\/#\/schema\/logo\/image\/","url":"https:\/\/www.bellunopress.it\/wp-content\/uploads\/2011\/05\/cropped-logo-bellunopress-.jpg","contentUrl":"https:\/\/www.bellunopress.it\/wp-content\/uploads\/2011\/05\/cropped-logo-bellunopress-.jpg","width":512,"height":512,"caption":"Bellunopress"},"image":{"@id":"https:\/\/www.bellunopress.it\/#\/schema\/logo\/image\/"},"sameAs":["https:\/\/www.facebook.com\/profile.php?id=100008943462799","https:\/\/x.com\/bellunopress","https:\/\/www.linkedin.com\/hp\/?dnr=JBzUWaJfMUw8vbXJJ2tVW5-I3jZKvC4wsoxE&amp;amp;amp;amp;amp;amp;trk=nav_responsive_tab_home","https:\/\/www.youtube.com\/channel\/UCxL0wu1uN0_3_7hGG0306cw"]},{"@type":"Person","@id":"https:\/\/www.bellunopress.it\/#\/schema\/person\/79bb06722b37ece1c03d3e94beb30d73","name":"r\u00e9daction","image":{"@type":"ImageObject","inLanguage":"fr-FR","@id":"https:\/\/secure.gravatar.com\/avatar\/37d968a2e67a6fd04c169c4bdef102d0bc5d31b2546345219e348575eb80e9a0?s=96&d=mm&r=g","url":"https:\/\/secure.gravatar.com\/avatar\/37d968a2e67a6fd04c169c4bdef102d0bc5d31b2546345219e348575eb80e9a0?s=96&d=mm&r=g","contentUrl":"https:\/\/secure.gravatar.com\/avatar\/37d968a2e67a6fd04c169c4bdef102d0bc5d31b2546345219e348575eb80e9a0?s=96&d=mm&r=g","caption":"redazione"},"sameAs":["http:\/\/www.bellunopress.it","https:\/\/x.com\/bellunopress"],"url":"https:\/\/www.bellunopress.it\/fr\/author\/redazione\/"}]}},"_links":{"self":[{"href":"https:\/\/www.bellunopress.it\/fr\/wp-json\/wp\/v2\/posts\/138153","targetHints":{"allow":["GET"]}}],"collection":[{"href":"https:\/\/www.bellunopress.it\/fr\/wp-json\/wp\/v2\/posts"}],"about":[{"href":"https:\/\/www.bellunopress.it\/fr\/wp-json\/wp\/v2\/types\/post"}],"author":[{"embeddable":true,"href":"https:\/\/www.bellunopress.it\/fr\/wp-json\/wp\/v2\/users\/2"}],"replies":[{"embeddable":true,"href":"https:\/\/www.bellunopress.it\/fr\/wp-json\/wp\/v2\/comments?post=138153"}],"version-history":[{"count":1,"href":"https:\/\/www.bellunopress.it\/fr\/wp-json\/wp\/v2\/posts\/138153\/revisions"}],"predecessor-version":[{"id":138154,"href":"https:\/\/www.bellunopress.it\/fr\/wp-json\/wp\/v2\/posts\/138153\/revisions\/138154"}],"wp:featuredmedia":[{"embeddable":true,"href":"https:\/\/www.bellunopress.it\/fr\/wp-json\/wp\/v2\/media\/131761"}],"wp:attachment":[{"href":"https:\/\/www.bellunopress.it\/fr\/wp-json\/wp\/v2\/media?parent=138153"}],"wp:term":[{"taxonomy":"category","embeddable":true,"href":"https:\/\/www.bellunopress.it\/fr\/wp-json\/wp\/v2\/categories?post=138153"},{"taxonomy":"post_tag","embeddable":true,"href":"https:\/\/www.bellunopress.it\/fr\/wp-json\/wp\/v2\/tags?post=138153"}],"curies":[{"name":"wp","href":"https:\/\/api.w.org\/{rel}","templated":true}]}}