{"id":138142,"date":"2022-12-05T14:10:48","date_gmt":"2022-12-05T13:10:48","guid":{"rendered":"https:\/\/www.bellunopress.it\/?p=138142"},"modified":"2022-12-05T14:10:48","modified_gmt":"2022-12-05T13:10:48","slug":"comune-di-belluno-calendario-condiviso-degli-eventi-2023-proposte-da-inviare-entro-il-19-dicembre","status":"publish","type":"post","link":"https:\/\/www.bellunopress.it\/fr\/2022\/12\/05\/comune-di-belluno-calendario-condiviso-degli-eventi-2023-proposte-da-inviare-entro-il-19-dicembre\/","title":{"rendered":"Comune di Belluno Calendario condiviso degli eventi 2023. Proposte da inviare entro il 19 dicembre"},"content":{"rendered":"<figure id=\"attachment_137221\" aria-describedby=\"caption-attachment-137221\" style=\"width: 748px\" class=\"wp-caption alignleft\"><img loading=\"lazy\" decoding=\"async\" class=\"size-full wp-image-137221\" src=\"https:\/\/www.bellunopress.it\/wp-content\/uploads\/2022\/10\/Luciani-assessore.jpg\" alt=\"\" width=\"748\" height=\"731\" srcset=\"https:\/\/www.bellunopress.it\/wp-content\/uploads\/2022\/10\/Luciani-assessore.jpg 748w, https:\/\/www.bellunopress.it\/wp-content\/uploads\/2022\/10\/Luciani-assessore-500x489.jpg 500w, https:\/\/www.bellunopress.it\/wp-content\/uploads\/2022\/10\/Luciani-assessore-696x680.jpg 696w, https:\/\/www.bellunopress.it\/wp-content\/uploads\/2022\/10\/Luciani-assessore-430x420.jpg 430w\" sizes=\"auto, (max-width: 748px) 100vw, 748px\" \/><figcaption id=\"caption-attachment-137221\" class=\"wp-caption-text\">Paolo Luciani, assessore al Turismo del Comune di Belluno<\/figcaption><\/figure>\n<p>Sono iniziati i lavori per redigere il calendario condiviso degli eventi 2023 del Comune di Belluno. Nei giorni scorsi l\u2019amministrazione ha inviato alle associazioni del territorio la lettera di invito a presentare, entro il 19 dicembre, le proprie proposte. Il Comune le raccoglier\u00e0 e poi chiamer\u00e0 tutti ad un primo incontro, da fissare all\u2019inizio del prossimo anno. Seguir\u00e0 un\u2019altra call, e questa \u00e8 la novit\u00e0: a ridosso della stagione estiva una seconda call solleciter\u00e0 nuovamente gli enti del terzo settore a presentare le loro proposte per arricchire a aggiornare ulteriormente il calendario.<\/p>\n<p>\u201cL\u2019invito \u00e8 rivolto a tutti i gruppi che intendono organizzare una manifestazione nel 2023 \u2013 spiega l\u2019assessore al turismo e agli eventi, Paolo Luciani -. Se a qualcuno non \u00e8 arrivata la lettera del Comune pu\u00f2 ugualmente presentare la propria iniziativa, naturalmente; poi sar\u00e0 nostra cura aggiornare l\u2019indirizzario. Le call quest\u2019anno saranno due, cos\u00ec da avere un calendario sempre aggiornato e cos\u00ec da coinvolgere anche chi non avr\u00e0 modo di rispondere entro il 19 dicembre\u201d.<\/p>\n<p>Nella comunicazione dovranno essere indicati gli elementi principali di ciascuna proposta, ovvero il nome dell\u2019associazione o del soggetto proponente, i dati del presidente o di un referente, un recapito telefonico e di posta elettronica per future comunicazioni. Dell\u2019evento proposto dovranno essere specificati la data, il titolo, il luogo di svolgimento e una descrizione generale. E\u2019 possibile fare richiesta anche per il riconoscimento e la certificazione &#8220;Green Events Belluno&#8221; attenendosi alle Green Events Belluno &#8211; Linee Guida che spiegano nel dettaglio le misure da adottare per un evento a basso impatto ambientale.<br \/>\nIn questa prima fase, come per gli scorsi anni, verra\u0300 privilegiata la finalita\u0300 di comporre un calendario di massima, accogliendo le proposte che arriveranno e cercando di dare priorita\u0300 alle iniziative del Comune o ad iniziative ormai storiche, pur restando la disponibilit\u00e0 ad accogliere tutte le proposte che verranno inoltrate. Seguira\u0300 una seconda fase, nella quale i gruppi saranno invitati ad un incontro utile a condividere la pianificazione generale e risolvere eventuali criticita\u0300, come la sovrapposizione di date.<\/p>\n<p>In ogni caso, la comunicazione dell\u2019evento non costituira\u0300 un titolo autorizzatorio. Successivamente le associazioni dovranno, infatti, inoltrare le tradizionali comunicazioni all&#8217;amministrazione comunale, utilizzando il modulo unico e integrando tutte le eventuali necessarie richieste di autorizzazioni o di supporto da parte dell\u2019amministrazione stessa. Le indicazioni si trovano nella scheda informativa dedicata, nel sito istituzionale.<br \/>\nQuest\u2019anno, inoltre, si aprira\u0300 una seconda finestra al fine di integrare ed accogliere ulteriori proposte rivolte, in particolare, alla stagione estiva.<br \/>\nLa comunicazione dovr\u00e0 dunque essere inviata, entro il 19 dicembre a manifestazioni@comune.belluno.it<\/p>\n<p>&nbsp;<\/p>","protected":false},"excerpt":{"rendered":"<p>Sono iniziati i lavori per redigere il calendario condiviso degli eventi 2023 del Comune di Belluno. Nei giorni scorsi l\u2019amministrazione ha inviato alle associazioni del territorio la lettera di invito a presentare, entro il 19 dicembre, le proprie proposte. Il Comune le raccoglier\u00e0 e poi chiamer\u00e0 tutti ad un primo incontro, da fissare all\u2019inizio del [&hellip;]<\/p>\n","protected":false},"author":2,"featured_media":137221,"comment_status":"closed","ping_status":"open","sticky":false,"template":"","format":"standard","meta":{"footnotes":""},"categories":[5,8],"tags":[],"class_list":["post-138142","post","type-post","status-publish","format-standard","has-post-thumbnail","category-cronaca","category-societa-istituzioni"],"yoast_head":"<!-- This site is optimized with the Yoast SEO plugin v28.4 - https:\/\/yoast.com\/product\/yoast-seo-wordpress\/ -->\n<title>Comune di Belluno Calendario condiviso degli eventi 2023. Proposte da inviare entro il 19 dicembre - Bellunopress - Dolomiti<\/title>\n<meta name=\"robots\" content=\"index, follow, max-snippet:-1, max-image-preview:large, max-video-preview:-1\" \/>\n<link rel=\"canonical\" href=\"https:\/\/www.bellunopress.it\/fr\/2022\/12\/05\/comune-di-belluno-calendario-condiviso-degli-eventi-2023-proposte-da-inviare-entro-il-19-dicembre\/\" \/>\n<meta property=\"og:locale\" content=\"fr_FR\" \/>\n<meta property=\"og:type\" content=\"article\" \/>\n<meta property=\"og:title\" content=\"Comune di Belluno Calendario condiviso degli eventi 2023. Proposte da inviare entro il 19 dicembre - Bellunopress - Dolomiti\" \/>\n<meta property=\"og:description\" content=\"Sono iniziati i lavori per redigere il calendario condiviso degli eventi 2023 del Comune di Belluno. Nei giorni scorsi l\u2019amministrazione ha inviato alle associazioni del territorio la lettera di invito a presentare, entro il 19 dicembre, le proprie proposte. Il Comune le raccoglier\u00e0 e poi chiamer\u00e0 tutti ad un primo incontro, da fissare all\u2019inizio del [&hellip;]\" \/>\n<meta property=\"og:url\" content=\"https:\/\/www.bellunopress.it\/fr\/2022\/12\/05\/comune-di-belluno-calendario-condiviso-degli-eventi-2023-proposte-da-inviare-entro-il-19-dicembre\/\" \/>\n<meta property=\"og:site_name\" content=\"Bellunopress - Dolomiti\" \/>\n<meta property=\"article:publisher\" content=\"https:\/\/www.facebook.com\/profile.php?id=100008943462799\" \/>\n<meta property=\"article:published_time\" content=\"2022-12-05T13:10:48+00:00\" \/>\n<meta property=\"og:image\" content=\"https:\/\/www.bellunopress.it\/wp-content\/uploads\/2022\/10\/Luciani-assessore.jpg\" \/>\n\t<meta property=\"og:image:width\" content=\"748\" \/>\n\t<meta property=\"og:image:height\" content=\"731\" \/>\n\t<meta property=\"og:image:type\" content=\"image\/jpeg\" \/>\n<meta name=\"author\" content=\"redazione\" \/>\n<meta name=\"twitter:card\" content=\"summary_large_image\" \/>\n<meta name=\"twitter:creator\" content=\"@bellunopress\" \/>\n<meta name=\"twitter:site\" content=\"@bellunopress\" \/>\n<meta name=\"twitter:label1\" content=\"\u00c9crit par\" \/>\n\t<meta name=\"twitter:data1\" content=\"redazione\" \/>\n\t<meta name=\"twitter:label2\" content=\"Dur\u00e9e de lecture estim\u00e9e\" \/>\n\t<meta name=\"twitter:data2\" content=\"3 minutes\" \/>\n<script type=\"application\/ld+json\" class=\"yoast-schema-graph\">{\"@context\":\"https:\\\/\\\/schema.org\",\"@graph\":[{\"@type\":\"Article\",\"@id\":\"https:\\\/\\\/www.bellunopress.it\\\/2022\\\/12\\\/05\\\/comune-di-belluno-calendario-condiviso-degli-eventi-2023-proposte-da-inviare-entro-il-19-dicembre\\\/#article\",\"isPartOf\":{\"@id\":\"https:\\\/\\\/www.bellunopress.it\\\/2022\\\/12\\\/05\\\/comune-di-belluno-calendario-condiviso-degli-eventi-2023-proposte-da-inviare-entro-il-19-dicembre\\\/\"},\"author\":{\"name\":\"redazione\",\"@id\":\"https:\\\/\\\/www.bellunopress.it\\\/#\\\/schema\\\/person\\\/79bb06722b37ece1c03d3e94beb30d73\"},\"headline\":\"Comune di Belluno Calendario condiviso degli eventi 2023. Proposte da inviare entro il 19 dicembre\",\"datePublished\":\"2022-12-05T13:10:48+00:00\",\"mainEntityOfPage\":{\"@id\":\"https:\\\/\\\/www.bellunopress.it\\\/2022\\\/12\\\/05\\\/comune-di-belluno-calendario-condiviso-degli-eventi-2023-proposte-da-inviare-entro-il-19-dicembre\\\/\"},\"wordCount\":459,\"publisher\":{\"@id\":\"https:\\\/\\\/www.bellunopress.it\\\/#organization\"},\"image\":{\"@id\":\"https:\\\/\\\/www.bellunopress.it\\\/2022\\\/12\\\/05\\\/comune-di-belluno-calendario-condiviso-degli-eventi-2023-proposte-da-inviare-entro-il-19-dicembre\\\/#primaryimage\"},\"thumbnailUrl\":\"https:\\\/\\\/www.bellunopress.it\\\/wp-content\\\/uploads\\\/2022\\\/10\\\/Luciani-assessore.jpg\",\"articleSection\":[\"Cronaca\\\/Politica\",\"Societ\u00e0, Associazioni, Istituzioni\"],\"inLanguage\":\"fr-FR\"},{\"@type\":\"WebPage\",\"@id\":\"https:\\\/\\\/www.bellunopress.it\\\/2022\\\/12\\\/05\\\/comune-di-belluno-calendario-condiviso-degli-eventi-2023-proposte-da-inviare-entro-il-19-dicembre\\\/\",\"url\":\"https:\\\/\\\/www.bellunopress.it\\\/2022\\\/12\\\/05\\\/comune-di-belluno-calendario-condiviso-degli-eventi-2023-proposte-da-inviare-entro-il-19-dicembre\\\/\",\"name\":\"Comune di Belluno Calendario condiviso degli eventi 2023. Proposte da inviare entro il 19 dicembre - Bellunopress - Dolomiti\",\"isPartOf\":{\"@id\":\"https:\\\/\\\/www.bellunopress.it\\\/#website\"},\"primaryImageOfPage\":{\"@id\":\"https:\\\/\\\/www.bellunopress.it\\\/2022\\\/12\\\/05\\\/comune-di-belluno-calendario-condiviso-degli-eventi-2023-proposte-da-inviare-entro-il-19-dicembre\\\/#primaryimage\"},\"image\":{\"@id\":\"https:\\\/\\\/www.bellunopress.it\\\/2022\\\/12\\\/05\\\/comune-di-belluno-calendario-condiviso-degli-eventi-2023-proposte-da-inviare-entro-il-19-dicembre\\\/#primaryimage\"},\"thumbnailUrl\":\"https:\\\/\\\/www.bellunopress.it\\\/wp-content\\\/uploads\\\/2022\\\/10\\\/Luciani-assessore.jpg\",\"datePublished\":\"2022-12-05T13:10:48+00:00\",\"breadcrumb\":{\"@id\":\"https:\\\/\\\/www.bellunopress.it\\\/2022\\\/12\\\/05\\\/comune-di-belluno-calendario-condiviso-degli-eventi-2023-proposte-da-inviare-entro-il-19-dicembre\\\/#breadcrumb\"},\"inLanguage\":\"fr-FR\",\"potentialAction\":[{\"@type\":\"ReadAction\",\"target\":[\"https:\\\/\\\/www.bellunopress.it\\\/2022\\\/12\\\/05\\\/comune-di-belluno-calendario-condiviso-degli-eventi-2023-proposte-da-inviare-entro-il-19-dicembre\\\/\"]}]},{\"@type\":\"ImageObject\",\"inLanguage\":\"fr-FR\",\"@id\":\"https:\\\/\\\/www.bellunopress.it\\\/2022\\\/12\\\/05\\\/comune-di-belluno-calendario-condiviso-degli-eventi-2023-proposte-da-inviare-entro-il-19-dicembre\\\/#primaryimage\",\"url\":\"https:\\\/\\\/www.bellunopress.it\\\/wp-content\\\/uploads\\\/2022\\\/10\\\/Luciani-assessore.jpg\",\"contentUrl\":\"https:\\\/\\\/www.bellunopress.it\\\/wp-content\\\/uploads\\\/2022\\\/10\\\/Luciani-assessore.jpg\",\"width\":748,\"height\":731,\"caption\":\"Paolo Luciani, assessore al Turismo del Comune di Belluno\"},{\"@type\":\"BreadcrumbList\",\"@id\":\"https:\\\/\\\/www.bellunopress.it\\\/2022\\\/12\\\/05\\\/comune-di-belluno-calendario-condiviso-degli-eventi-2023-proposte-da-inviare-entro-il-19-dicembre\\\/#breadcrumb\",\"itemListElement\":[{\"@type\":\"ListItem\",\"position\":1,\"name\":\"Home\",\"item\":\"https:\\\/\\\/www.bellunopress.it\\\/\"},{\"@type\":\"ListItem\",\"position\":2,\"name\":\"Comune di Belluno Calendario condiviso degli eventi 2023. Proposte da inviare entro il 19 dicembre\"}]},{\"@type\":\"WebSite\",\"@id\":\"https:\\\/\\\/www.bellunopress.it\\\/#website\",\"url\":\"https:\\\/\\\/www.bellunopress.it\\\/\",\"name\":\"Bellunopress - Dolomiti\",\"description\":\"e-mail: redazione@bellunopress.it\",\"publisher\":{\"@id\":\"https:\\\/\\\/www.bellunopress.it\\\/#organization\"},\"potentialAction\":[{\"@type\":\"SearchAction\",\"target\":{\"@type\":\"EntryPoint\",\"urlTemplate\":\"https:\\\/\\\/www.bellunopress.it\\\/?s={search_term_string}\"},\"query-input\":{\"@type\":\"PropertyValueSpecification\",\"valueRequired\":true,\"valueName\":\"search_term_string\"}}],\"inLanguage\":\"fr-FR\"},{\"@type\":\"Organization\",\"@id\":\"https:\\\/\\\/www.bellunopress.it\\\/#organization\",\"name\":\"Bellunopress\",\"url\":\"https:\\\/\\\/www.bellunopress.it\\\/\",\"logo\":{\"@type\":\"ImageObject\",\"inLanguage\":\"fr-FR\",\"@id\":\"https:\\\/\\\/www.bellunopress.it\\\/#\\\/schema\\\/logo\\\/image\\\/\",\"url\":\"https:\\\/\\\/www.bellunopress.it\\\/wp-content\\\/uploads\\\/2011\\\/05\\\/cropped-logo-bellunopress-.jpg\",\"contentUrl\":\"https:\\\/\\\/www.bellunopress.it\\\/wp-content\\\/uploads\\\/2011\\\/05\\\/cropped-logo-bellunopress-.jpg\",\"width\":512,\"height\":512,\"caption\":\"Bellunopress\"},\"image\":{\"@id\":\"https:\\\/\\\/www.bellunopress.it\\\/#\\\/schema\\\/logo\\\/image\\\/\"},\"sameAs\":[\"https:\\\/\\\/www.facebook.com\\\/profile.php?id=100008943462799\",\"https:\\\/\\\/x.com\\\/bellunopress\",\"https:\\\/\\\/www.linkedin.com\\\/hp\\\/?dnr=JBzUWaJfMUw8vbXJJ2tVW5-I3jZKvC4wsoxE&amp;amp;amp;amp;amp;amp;trk=nav_responsive_tab_home\",\"https:\\\/\\\/www.youtube.com\\\/channel\\\/UCxL0wu1uN0_3_7hGG0306cw\"]},{\"@type\":\"Person\",\"@id\":\"https:\\\/\\\/www.bellunopress.it\\\/#\\\/schema\\\/person\\\/79bb06722b37ece1c03d3e94beb30d73\",\"name\":\"redazione\",\"image\":{\"@type\":\"ImageObject\",\"inLanguage\":\"fr-FR\",\"@id\":\"https:\\\/\\\/secure.gravatar.com\\\/avatar\\\/37d968a2e67a6fd04c169c4bdef102d0bc5d31b2546345219e348575eb80e9a0?s=96&d=mm&r=g\",\"url\":\"https:\\\/\\\/secure.gravatar.com\\\/avatar\\\/37d968a2e67a6fd04c169c4bdef102d0bc5d31b2546345219e348575eb80e9a0?s=96&d=mm&r=g\",\"contentUrl\":\"https:\\\/\\\/secure.gravatar.com\\\/avatar\\\/37d968a2e67a6fd04c169c4bdef102d0bc5d31b2546345219e348575eb80e9a0?s=96&d=mm&r=g\",\"caption\":\"redazione\"},\"sameAs\":[\"http:\\\/\\\/www.bellunopress.it\",\"https:\\\/\\\/x.com\\\/bellunopress\"],\"url\":\"https:\\\/\\\/www.bellunopress.it\\\/fr\\\/author\\\/redazione\\\/\"}]}<\/script>\n<!-- \/ Yoast SEO plugin. -->","yoast_head_json":{"title":"Comune di Belluno Calendario condiviso degli eventi 2023. Proposte da inviare entro il 19 dicembre - Bellunopress - Dolomiti","robots":{"index":"index","follow":"follow","max-snippet":"max-snippet:-1","max-image-preview":"max-image-preview:large","max-video-preview":"max-video-preview:-1"},"canonical":"https:\/\/www.bellunopress.it\/fr\/2022\/12\/05\/comune-di-belluno-calendario-condiviso-degli-eventi-2023-proposte-da-inviare-entro-il-19-dicembre\/","og_locale":"fr_FR","og_type":"article","og_title":"Comune di Belluno Calendario condiviso degli eventi 2023. Proposte da inviare entro il 19 dicembre - Bellunopress - Dolomiti","og_description":"Sono iniziati i lavori per redigere il calendario condiviso degli eventi 2023 del Comune di Belluno. Nei giorni scorsi l\u2019amministrazione ha inviato alle associazioni del territorio la lettera di invito a presentare, entro il 19 dicembre, le proprie proposte. Il Comune le raccoglier\u00e0 e poi chiamer\u00e0 tutti ad un primo incontro, da fissare all\u2019inizio del [&hellip;]","og_url":"https:\/\/www.bellunopress.it\/fr\/2022\/12\/05\/comune-di-belluno-calendario-condiviso-degli-eventi-2023-proposte-da-inviare-entro-il-19-dicembre\/","og_site_name":"Bellunopress - Dolomiti","article_publisher":"https:\/\/www.facebook.com\/profile.php?id=100008943462799","article_published_time":"2022-12-05T13:10:48+00:00","og_image":[{"width":748,"height":731,"url":"https:\/\/www.bellunopress.it\/wp-content\/uploads\/2022\/10\/Luciani-assessore.jpg","type":"image\/jpeg"}],"author":"redazione","twitter_card":"summary_large_image","twitter_creator":"@bellunopress","twitter_site":"@bellunopress","twitter_misc":{"\u00c9crit par":"redazione","Dur\u00e9e de lecture estim\u00e9e":"3 minutes"},"schema":{"@context":"https:\/\/schema.org","@graph":[{"@type":"Article","@id":"https:\/\/www.bellunopress.it\/2022\/12\/05\/comune-di-belluno-calendario-condiviso-degli-eventi-2023-proposte-da-inviare-entro-il-19-dicembre\/#article","isPartOf":{"@id":"https:\/\/www.bellunopress.it\/2022\/12\/05\/comune-di-belluno-calendario-condiviso-degli-eventi-2023-proposte-da-inviare-entro-il-19-dicembre\/"},"author":{"name":"redazione","@id":"https:\/\/www.bellunopress.it\/#\/schema\/person\/79bb06722b37ece1c03d3e94beb30d73"},"headline":"Comune di Belluno Calendario condiviso degli eventi 2023. Proposte da inviare entro il 19 dicembre","datePublished":"2022-12-05T13:10:48+00:00","mainEntityOfPage":{"@id":"https:\/\/www.bellunopress.it\/2022\/12\/05\/comune-di-belluno-calendario-condiviso-degli-eventi-2023-proposte-da-inviare-entro-il-19-dicembre\/"},"wordCount":459,"publisher":{"@id":"https:\/\/www.bellunopress.it\/#organization"},"image":{"@id":"https:\/\/www.bellunopress.it\/2022\/12\/05\/comune-di-belluno-calendario-condiviso-degli-eventi-2023-proposte-da-inviare-entro-il-19-dicembre\/#primaryimage"},"thumbnailUrl":"https:\/\/www.bellunopress.it\/wp-content\/uploads\/2022\/10\/Luciani-assessore.jpg","articleSection":["Cronaca\/Politica","Societ\u00e0, Associazioni, Istituzioni"],"inLanguage":"fr-FR"},{"@type":"WebPage","@id":"https:\/\/www.bellunopress.it\/2022\/12\/05\/comune-di-belluno-calendario-condiviso-degli-eventi-2023-proposte-da-inviare-entro-il-19-dicembre\/","url":"https:\/\/www.bellunopress.it\/2022\/12\/05\/comune-di-belluno-calendario-condiviso-degli-eventi-2023-proposte-da-inviare-entro-il-19-dicembre\/","name":"Comune di Belluno Calendario condiviso degli eventi 2023. Proposte da inviare entro il 19 dicembre - Bellunopress - Dolomiti","isPartOf":{"@id":"https:\/\/www.bellunopress.it\/#website"},"primaryImageOfPage":{"@id":"https:\/\/www.bellunopress.it\/2022\/12\/05\/comune-di-belluno-calendario-condiviso-degli-eventi-2023-proposte-da-inviare-entro-il-19-dicembre\/#primaryimage"},"image":{"@id":"https:\/\/www.bellunopress.it\/2022\/12\/05\/comune-di-belluno-calendario-condiviso-degli-eventi-2023-proposte-da-inviare-entro-il-19-dicembre\/#primaryimage"},"thumbnailUrl":"https:\/\/www.bellunopress.it\/wp-content\/uploads\/2022\/10\/Luciani-assessore.jpg","datePublished":"2022-12-05T13:10:48+00:00","breadcrumb":{"@id":"https:\/\/www.bellunopress.it\/2022\/12\/05\/comune-di-belluno-calendario-condiviso-degli-eventi-2023-proposte-da-inviare-entro-il-19-dicembre\/#breadcrumb"},"inLanguage":"fr-FR","potentialAction":[{"@type":"ReadAction","target":["https:\/\/www.bellunopress.it\/2022\/12\/05\/comune-di-belluno-calendario-condiviso-degli-eventi-2023-proposte-da-inviare-entro-il-19-dicembre\/"]}]},{"@type":"ImageObject","inLanguage":"fr-FR","@id":"https:\/\/www.bellunopress.it\/2022\/12\/05\/comune-di-belluno-calendario-condiviso-degli-eventi-2023-proposte-da-inviare-entro-il-19-dicembre\/#primaryimage","url":"https:\/\/www.bellunopress.it\/wp-content\/uploads\/2022\/10\/Luciani-assessore.jpg","contentUrl":"https:\/\/www.bellunopress.it\/wp-content\/uploads\/2022\/10\/Luciani-assessore.jpg","width":748,"height":731,"caption":"Paolo Luciani, assessore al Turismo del Comune di Belluno"},{"@type":"BreadcrumbList","@id":"https:\/\/www.bellunopress.it\/2022\/12\/05\/comune-di-belluno-calendario-condiviso-degli-eventi-2023-proposte-da-inviare-entro-il-19-dicembre\/#breadcrumb","itemListElement":[{"@type":"ListItem","position":1,"name":"Home","item":"https:\/\/www.bellunopress.it\/"},{"@type":"ListItem","position":2,"name":"Comune di Belluno Calendario condiviso degli eventi 2023. Proposte da inviare entro il 19 dicembre"}]},{"@type":"WebSite","@id":"https:\/\/www.bellunopress.it\/#website","url":"https:\/\/www.bellunopress.it\/","name":"Bellunopress - Dolomiti","description":"e-mail: redazione@bellunopress.it","publisher":{"@id":"https:\/\/www.bellunopress.it\/#organization"},"potentialAction":[{"@type":"SearchAction","target":{"@type":"EntryPoint","urlTemplate":"https:\/\/www.bellunopress.it\/?s={search_term_string}"},"query-input":{"@type":"PropertyValueSpecification","valueRequired":true,"valueName":"search_term_string"}}],"inLanguage":"fr-FR"},{"@type":"Organization","@id":"https:\/\/www.bellunopress.it\/#organization","name":"Bellunopress","url":"https:\/\/www.bellunopress.it\/","logo":{"@type":"ImageObject","inLanguage":"fr-FR","@id":"https:\/\/www.bellunopress.it\/#\/schema\/logo\/image\/","url":"https:\/\/www.bellunopress.it\/wp-content\/uploads\/2011\/05\/cropped-logo-bellunopress-.jpg","contentUrl":"https:\/\/www.bellunopress.it\/wp-content\/uploads\/2011\/05\/cropped-logo-bellunopress-.jpg","width":512,"height":512,"caption":"Bellunopress"},"image":{"@id":"https:\/\/www.bellunopress.it\/#\/schema\/logo\/image\/"},"sameAs":["https:\/\/www.facebook.com\/profile.php?id=100008943462799","https:\/\/x.com\/bellunopress","https:\/\/www.linkedin.com\/hp\/?dnr=JBzUWaJfMUw8vbXJJ2tVW5-I3jZKvC4wsoxE&amp;amp;amp;amp;amp;amp;trk=nav_responsive_tab_home","https:\/\/www.youtube.com\/channel\/UCxL0wu1uN0_3_7hGG0306cw"]},{"@type":"Person","@id":"https:\/\/www.bellunopress.it\/#\/schema\/person\/79bb06722b37ece1c03d3e94beb30d73","name":"r\u00e9daction","image":{"@type":"ImageObject","inLanguage":"fr-FR","@id":"https:\/\/secure.gravatar.com\/avatar\/37d968a2e67a6fd04c169c4bdef102d0bc5d31b2546345219e348575eb80e9a0?s=96&d=mm&r=g","url":"https:\/\/secure.gravatar.com\/avatar\/37d968a2e67a6fd04c169c4bdef102d0bc5d31b2546345219e348575eb80e9a0?s=96&d=mm&r=g","contentUrl":"https:\/\/secure.gravatar.com\/avatar\/37d968a2e67a6fd04c169c4bdef102d0bc5d31b2546345219e348575eb80e9a0?s=96&d=mm&r=g","caption":"redazione"},"sameAs":["http:\/\/www.bellunopress.it","https:\/\/x.com\/bellunopress"],"url":"https:\/\/www.bellunopress.it\/fr\/author\/redazione\/"}]}},"_links":{"self":[{"href":"https:\/\/www.bellunopress.it\/fr\/wp-json\/wp\/v2\/posts\/138142","targetHints":{"allow":["GET"]}}],"collection":[{"href":"https:\/\/www.bellunopress.it\/fr\/wp-json\/wp\/v2\/posts"}],"about":[{"href":"https:\/\/www.bellunopress.it\/fr\/wp-json\/wp\/v2\/types\/post"}],"author":[{"embeddable":true,"href":"https:\/\/www.bellunopress.it\/fr\/wp-json\/wp\/v2\/users\/2"}],"replies":[{"embeddable":true,"href":"https:\/\/www.bellunopress.it\/fr\/wp-json\/wp\/v2\/comments?post=138142"}],"version-history":[{"count":1,"href":"https:\/\/www.bellunopress.it\/fr\/wp-json\/wp\/v2\/posts\/138142\/revisions"}],"predecessor-version":[{"id":138143,"href":"https:\/\/www.bellunopress.it\/fr\/wp-json\/wp\/v2\/posts\/138142\/revisions\/138143"}],"wp:featuredmedia":[{"embeddable":true,"href":"https:\/\/www.bellunopress.it\/fr\/wp-json\/wp\/v2\/media\/137221"}],"wp:attachment":[{"href":"https:\/\/www.bellunopress.it\/fr\/wp-json\/wp\/v2\/media?parent=138142"}],"wp:term":[{"taxonomy":"category","embeddable":true,"href":"https:\/\/www.bellunopress.it\/fr\/wp-json\/wp\/v2\/categories?post=138142"},{"taxonomy":"post_tag","embeddable":true,"href":"https:\/\/www.bellunopress.it\/fr\/wp-json\/wp\/v2\/tags?post=138142"}],"curies":[{"name":"wp","href":"https:\/\/api.w.org\/{rel}","templated":true}]}}