{"id":138136,"date":"2022-12-05T12:57:37","date_gmt":"2022-12-05T11:57:37","guid":{"rendered":"https:\/\/www.bellunopress.it\/?p=138136"},"modified":"2022-12-05T12:57:37","modified_gmt":"2022-12-05T11:57:37","slug":"caorle-street-winter-edition-ecco-il-programma-del-festival-dal-7-al-31-dicembre","status":"publish","type":"post","link":"https:\/\/www.bellunopress.it\/fr\/2022\/12\/05\/caorle-street-winter-edition-ecco-il-programma-del-festival-dal-7-al-31-dicembre\/","title":{"rendered":"Caorle Street Winter Edition, ecco il programma del festival dal 7 al 31 dicembre"},"content":{"rendered":"<p><em><strong><img loading=\"lazy\" decoding=\"async\" class=\"alignleft size-full wp-image-137796\" src=\"https:\/\/www.bellunopress.it\/wp-content\/uploads\/2022\/11\/Caorle-Street-Food-Festival_edited.jpg\" alt=\"\" width=\"1000\" height=\"667\" srcset=\"https:\/\/www.bellunopress.it\/wp-content\/uploads\/2022\/11\/Caorle-Street-Food-Festival_edited.jpg 1000w, https:\/\/www.bellunopress.it\/wp-content\/uploads\/2022\/11\/Caorle-Street-Food-Festival_edited-500x334.jpg 500w, https:\/\/www.bellunopress.it\/wp-content\/uploads\/2022\/11\/Caorle-Street-Food-Festival_edited-696x464.jpg 696w, https:\/\/www.bellunopress.it\/wp-content\/uploads\/2022\/11\/Caorle-Street-Food-Festival_edited-630x420.jpg 630w\" sizes=\"auto, (max-width: 1000px) 100vw, 1000px\" \/>Si parte con Gabry Ponte il 7 dicembre. Il Caorle Street Food Festival ospiter\u00e0 anche il Deejay Time di Albertino, Fargetta, Molella, Prezioso il 16 dicembre. Sabato 17 dicembre Febbre a 90, la pi\u00f9 grande festa anni 90 italiana. Sul palco il 26 Fred De Palma. Il 31 dicembre serata di Capodanno con Il Pagante, Will e Radio Piterpan e musica fino all&#8217;alba. Tutti gli eventi al Palaexpomar di Caorle. Tomasello: &#8220;Una maratona di spettacoli senza eguali in Italia&#8221;.<\/strong><\/em><\/p>\n<p>Un calendario ricco di eventi quello del Caorle Street Winter Edition che decoller\u00e0 sul litorale il prossimo 7 dicembre e proseguir\u00e0 fino al 3 gennaio con l&#8217;evento di chiusura.<br \/>\nIl primo evento musicale \u00e8 previsto il 7 dicembre alle 21, in apertura del Festival. Al Palaexpomar si esibir\u00e0 Gabry Ponte, noto dj e produttore discografico, e storico membro degli Eiffel 65, con i quali ha venduto oltre 10 milioni di dischi nel mondo. Ha fondato e tuttora dirige una casa discografica indipendente, Dance and Love. Ha collaborato con artisti quali Zucchero Fornaciari, Edoardo Bennato, J-Ax, Subsonica, Jovanotti, Thomas, Amii Stewart, Shaggy, Marracash e Elisa. Sar\u00e0 il protagonista del suo show a ritmo dance.<br \/>\nSabato 10 dicembre invece tocca all&#8217;evento targato Radio Piterpan con Merk &amp; Kremont, duo di dj milanesi che animeranno una serata targata anni 90.. Merk &amp; Kremont \u00e8 il duo italiano di disc jockey formato da Federico Mercuri e Giordano Cremona, entrambi originari di Milano. Nel 2014 sono stati inclusi nella classifica annuale &#8220;Top 100 DJ&#8221; stilata dalla rivista DJ Magazine, posizionandosi al 94esimo posto. Il loro successo \u00e8 iniziato all&#8217;estero, in Italia hanno prodotto hit per Fabio Rovazzi, Il Pagante, Benji &amp; Fede e firmato la produzione di &#8220;Good Times&#8221; di Ghali e &#8220;Allora ciao&#8221; di Shade. Tra le loro hit &#8220;She&#8217;s Wild&#8221; assieme al cantautore inglese The Beach. Hanno suonato nelle pi\u00f9 importanti location mondiali tra cui il Pacha (Ibiza), il Drai&#8217;s (Las Vegas) e l&#8217;Ultra Music Festival (Miami).<\/p>\n<p>Venerd\u00ec 16 dicembre sar\u00e0 la volta del Deejay Time con i Dj Albertino, Fargetta, Molella, Prezioso. La serata con il programma dance che ha fatto la storia della radiofonia italiana ed i suoi intramontabili conduttori, presenti a Caorle per uno spettacolo live da sbellicarsi dalle risate. Nato nel 1984 su Radio Deejay, il Deejay Time \u00e8 uno dei programmi pi\u00f9 longevi della storia radiofonica italiana. Incentrato sulla musica dance e puntando tutto sull&#8217;ironia dei conduttori, ha visto tra gli ospiti tantissimi artisti di fama internazionale.<\/p>\n<p>Sabato 17 dicembre 2022 invece ci sar\u00e0 &#8220;Febbre a 90&#8221; la festa anni 90 numero 1 in Italia e &#8220;Gigi L&#8217;Altro Show&#8221; con il suo famoso &#8220;Tribute Show&#8221; in onore del dj italiano Gigi D&#8217;Agostino. Tutte, ma proprio tutte le pi\u00f9 belle canzoni degli anni 90. Durante la serata ci sar\u00e0 anche qualche salto nei mitici anni 2000 per i pi\u00f9 giovani e nei coloratissimi anni 80 per i pi\u00f9 grandi. Febbre a 90 \u00e8 un vero e proprio viaggio nostalgico nella musica che ha fatto cantare e ballare negli ultimi decenni milioni di persone. Luigi, in arte Gigi L&#8217;Altro, che con il suo personaggio ispirato a Gigi d&#8217;Agostino, \u00e8 gi\u00e0 protagonista di tantissime serate in tutta Italia. La sua somiglianza al Maestro della Dance Anni 90 \u00e8 incredibile e come Gigi Dag sta conquistando grandi discoteche e locali a suon di Lento Violento e cassa potente.<\/p>\n<p>Luned\u00ec 26 dicembre invece sar\u00e0 la volta del cantante hip hop Fred De Palma che animer\u00e0 la serata al Palaexpomar. Dopo 21 dischi di Platino e 3 dischi d&#8217;Oro in Italia e 5 dischi di Platino in Spagna, anche &#8220;UNICO&#8221;, il suo ultimo album ha raggiunto la certificazione ORO. Al suo interno le hit &#8220;Un altro ballo&#8221;, certificato Platino, con la superstar brasiliana Anitta e &#8220;Paloma&#8221;, tre volte Platino con oltre 51 milioni e mezzo di stream su Spotify. Un concerto imperdibile per tutti gli amanti del reggaeton.<\/p>\n<p>L&#8217;evento clou della maratona sar\u00e0 tuttavia la serata di Capodanno: cena al Palaexpomar, a due passi dal mare, a seguire musica e spettacolo live fino all&#8217;alba. Ospiti della serata: Il pagante, Will, Radio Piterapan con Alice Fassina, Andrea De Luca, Andrea Nordio, Andy Mancuso, DJ Maxwell, Fedro e Marco Baxo. Nati a Milano nel 2010, il Pagante \u00e8 una band dance pop nata da una pagina Facebook, volta a creare ironia sugli stili di vita dei giovani milanesi, in particolar modo sui cosiddetti PR e su coloro che acquistano dai PR i biglietti per gli eventi, ossia i paganti, da cui prende il nome la formazione. Hanno pubblicato 3 album con decine di singoli.<\/p>\n<p>L&#8217;area sar\u00e0 allestita in pi\u00f9 spazi di fronte all&#8217;enorme palco da 25 metri per dieci. Per cena, saranno a disposizione circa 700 coperti. Attorno, all&#8217;esterno, food truck americani, di quelli con la roulotte; stand con la vendita di prodotti (da citare un curioso sexy shop) e aree di divertimento. La Redbull ha creato una zona gaming, per giocare e divertirsi sugli maxischermi e rilassarsi coi videogames degli anni Settanta; in un&#8217;altra zona l&#8217;Heineken predisporr\u00e0 la propria area party. Per gli amanti del Gin, anche uno spazio dedicato alle degustazioni. Una location versatile quella del Palaexpomar allestita per creare un&#8217;esperienza musicale unica. Un impianto polifunzionale, completamente coperto e riscaldato, in grado di ospitare grandi spettacoli musicali offrendo innumerevoli soluzioni con capacit\u00e0 sino a tremila partecipanti agli eventi.<\/p>\n<p>Questo il progetto artistico studiato dagli organizzatori del Caorle Street Food Festival, guidati da Simone Tomasello. &#8220;Un festival invernale che non ha paragoni in Italia e pochi imitatori a livello europeo, Caorle torner\u00e0 al centro della movida e del mondo del clubbing d&#8217;inverno&#8221;, dice Tomasello. &#8220;A supportare l&#8217;iniziativa, una decina tra i locali di tendenza del litorale e nostri storici sponsor, quelli ci hanno permesso di portare centinaia di migliaia di persone negli anni passati a Caorle, anche durante il periodo natalizio&#8221;.<\/p>\n<p>Gli organizzatori sono certi del successo dell&#8217;iniziativa, che nasce sull&#8217;esperienza del Caorle Street Food Festival. Nel 2017 gli spettatori furono 98 mila, l&#8217;anno successivo si giunse a quota 106.000: per quattro giorni Caorle si \u00e8 trasformata nella capitale d&#8217;Italia dello Street Food, coniugando la presenza dei migliori truck food italiani alle performance musicali di artisti nazionali ed internazionali. E ancora: 102 mila presenze nel 2019. Tra i nomi degli artisti che si sono alternati sul palco nel corso degli anni citiamo Steve Aoki, Gigi d&#8217;Agostino, Albertino, Fabri Fibra e Mamacita.<\/p>\n<p>Tra i locali e gli sponsor che sostengono l&#8217;evento, alcune delle realt\u00e0 pi\u00f9 note e stimate sul Litorale: Al Bacaro, Sir\u00f3, La vela, AQA palace, Don Pablo, Bacaro al Bateo, Fetta&#8217;s e Sant\u00e8. A breve gli annunci ufficiali di tutti gli artisti che sono pronti a far ballare i giovani. Per questa prima edizione invernale dell&#8217;evento, obiettivo \u00e8 anche quello di rilanciare il turismo a Caorle, anche con la collaborazione dei locali della movida. La citt\u00e0 infatti d&#8217;estate accoglie circa 4,3 milioni di turisti, di questi 3 milioni arrivano dall&#8217;estero. L&#8217;idea \u00e8 quella di aumentare i flussi verso il Litorale anche nei mesi pi\u00f9 freddi dell&#8217;anno, l&#8217;impegno degli organizzatori \u00e8 finalizzato a coinvolgere tutta la citt\u00e0 e ben lo hanno dimostrato anche negli scorsi anni con l&#8217;evento natalizio, organizzato da zero e reso celebre a livello nazionale: oltre mezzo milione di persone si sono recate in citt\u00e0 per assistere alla kermesse natalizia.<\/p>\n<p>Per prenotazioni e informazioni: <a href=\"http:\/\/www.caorlestreetfestival.com\">www.caorlestreetfestival.com<\/a><\/p>","protected":false},"excerpt":{"rendered":"<p>Si parte con Gabry Ponte il 7 dicembre. Il Caorle Street Food Festival ospiter\u00e0 anche il Deejay Time di Albertino, Fargetta, Molella, Prezioso il 16 dicembre. Sabato 17 dicembre Febbre a 90, la pi\u00f9 grande festa anni 90 italiana. Sul palco il 26 Fred De Palma. Il 31 dicembre serata di Capodanno con Il Pagante, [&hellip;]<\/p>\n","protected":false},"author":2,"featured_media":137796,"comment_status":"closed","ping_status":"open","sticky":false,"template":"","format":"standard","meta":{"footnotes":""},"categories":[3393,25,4],"tags":[],"class_list":["post-138136","post","type-post","status-publish","format-standard","has-post-thumbnail","category-eventi-enogastronomici","category-pausa-caffe","category-sport"],"yoast_head":"<!-- This site is optimized with the Yoast SEO plugin v28.4 - https:\/\/yoast.com\/product\/yoast-seo-wordpress\/ -->\n<title>Caorle Street Winter Edition, ecco il programma del festival dal 7 al 31 dicembre - Bellunopress - Dolomiti<\/title>\n<meta name=\"robots\" content=\"index, follow, max-snippet:-1, max-image-preview:large, max-video-preview:-1\" \/>\n<link rel=\"canonical\" href=\"https:\/\/www.bellunopress.it\/fr\/2022\/12\/05\/caorle-street-winter-edition-ecco-il-programma-del-festival-dal-7-al-31-dicembre\/\" \/>\n<meta property=\"og:locale\" content=\"fr_FR\" \/>\n<meta property=\"og:type\" content=\"article\" \/>\n<meta property=\"og:title\" content=\"Caorle Street Winter Edition, ecco il programma del festival dal 7 al 31 dicembre - Bellunopress - Dolomiti\" \/>\n<meta property=\"og:description\" content=\"Si parte con Gabry Ponte il 7 dicembre. Il Caorle Street Food Festival ospiter\u00e0 anche il Deejay Time di Albertino, Fargetta, Molella, Prezioso il 16 dicembre. Sabato 17 dicembre Febbre a 90, la pi\u00f9 grande festa anni 90 italiana. Sul palco il 26 Fred De Palma. Il 31 dicembre serata di Capodanno con Il Pagante, [&hellip;]\" \/>\n<meta property=\"og:url\" content=\"https:\/\/www.bellunopress.it\/fr\/2022\/12\/05\/caorle-street-winter-edition-ecco-il-programma-del-festival-dal-7-al-31-dicembre\/\" \/>\n<meta property=\"og:site_name\" content=\"Bellunopress - Dolomiti\" \/>\n<meta property=\"article:publisher\" content=\"https:\/\/www.facebook.com\/profile.php?id=100008943462799\" \/>\n<meta property=\"article:published_time\" content=\"2022-12-05T11:57:37+00:00\" \/>\n<meta property=\"og:image\" content=\"https:\/\/www.bellunopress.it\/wp-content\/uploads\/2022\/11\/Caorle-Street-Food-Festival_edited.jpg\" \/>\n\t<meta property=\"og:image:width\" content=\"1000\" \/>\n\t<meta property=\"og:image:height\" content=\"667\" \/>\n\t<meta property=\"og:image:type\" content=\"image\/jpeg\" \/>\n<meta name=\"author\" content=\"redazione\" \/>\n<meta name=\"twitter:card\" content=\"summary_large_image\" \/>\n<meta name=\"twitter:creator\" content=\"@bellunopress\" \/>\n<meta name=\"twitter:site\" content=\"@bellunopress\" \/>\n<meta name=\"twitter:label1\" content=\"Written by\" \/>\n\t<meta name=\"twitter:data1\" content=\"redazione\" \/>\n\t<meta name=\"twitter:label2\" content=\"Est. reading time\" \/>\n\t<meta name=\"twitter:data2\" content=\"7 minutes\" \/>\n<script type=\"application\/ld+json\" class=\"yoast-schema-graph\">{\"@context\":\"https:\\\/\\\/schema.org\",\"@graph\":[{\"@type\":\"Article\",\"@id\":\"https:\\\/\\\/www.bellunopress.it\\\/2022\\\/12\\\/05\\\/caorle-street-winter-edition-ecco-il-programma-del-festival-dal-7-al-31-dicembre\\\/#article\",\"isPartOf\":{\"@id\":\"https:\\\/\\\/www.bellunopress.it\\\/2022\\\/12\\\/05\\\/caorle-street-winter-edition-ecco-il-programma-del-festival-dal-7-al-31-dicembre\\\/\"},\"author\":{\"name\":\"redazione\",\"@id\":\"https:\\\/\\\/www.bellunopress.it\\\/#\\\/schema\\\/person\\\/79bb06722b37ece1c03d3e94beb30d73\"},\"headline\":\"Caorle Street Winter Edition, ecco il programma del festival dal 7 al 31 dicembre\",\"datePublished\":\"2022-12-05T11:57:37+00:00\",\"mainEntityOfPage\":{\"@id\":\"https:\\\/\\\/www.bellunopress.it\\\/2022\\\/12\\\/05\\\/caorle-street-winter-edition-ecco-il-programma-del-festival-dal-7-al-31-dicembre\\\/\"},\"wordCount\":1206,\"publisher\":{\"@id\":\"https:\\\/\\\/www.bellunopress.it\\\/#organization\"},\"image\":{\"@id\":\"https:\\\/\\\/www.bellunopress.it\\\/2022\\\/12\\\/05\\\/caorle-street-winter-edition-ecco-il-programma-del-festival-dal-7-al-31-dicembre\\\/#primaryimage\"},\"thumbnailUrl\":\"https:\\\/\\\/www.bellunopress.it\\\/wp-content\\\/uploads\\\/2022\\\/11\\\/Caorle-Street-Food-Festival_edited.jpg\",\"articleSection\":[\"Eventi enogastronomici\",\"Pausa Caff\u00e8\",\"Sport, tempo libero\"],\"inLanguage\":\"fr-FR\"},{\"@type\":\"WebPage\",\"@id\":\"https:\\\/\\\/www.bellunopress.it\\\/2022\\\/12\\\/05\\\/caorle-street-winter-edition-ecco-il-programma-del-festival-dal-7-al-31-dicembre\\\/\",\"url\":\"https:\\\/\\\/www.bellunopress.it\\\/2022\\\/12\\\/05\\\/caorle-street-winter-edition-ecco-il-programma-del-festival-dal-7-al-31-dicembre\\\/\",\"name\":\"Caorle Street Winter Edition, ecco il programma del festival dal 7 al 31 dicembre - Bellunopress - Dolomiti\",\"isPartOf\":{\"@id\":\"https:\\\/\\\/www.bellunopress.it\\\/#website\"},\"primaryImageOfPage\":{\"@id\":\"https:\\\/\\\/www.bellunopress.it\\\/2022\\\/12\\\/05\\\/caorle-street-winter-edition-ecco-il-programma-del-festival-dal-7-al-31-dicembre\\\/#primaryimage\"},\"image\":{\"@id\":\"https:\\\/\\\/www.bellunopress.it\\\/2022\\\/12\\\/05\\\/caorle-street-winter-edition-ecco-il-programma-del-festival-dal-7-al-31-dicembre\\\/#primaryimage\"},\"thumbnailUrl\":\"https:\\\/\\\/www.bellunopress.it\\\/wp-content\\\/uploads\\\/2022\\\/11\\\/Caorle-Street-Food-Festival_edited.jpg\",\"datePublished\":\"2022-12-05T11:57:37+00:00\",\"breadcrumb\":{\"@id\":\"https:\\\/\\\/www.bellunopress.it\\\/2022\\\/12\\\/05\\\/caorle-street-winter-edition-ecco-il-programma-del-festival-dal-7-al-31-dicembre\\\/#breadcrumb\"},\"inLanguage\":\"fr-FR\",\"potentialAction\":[{\"@type\":\"ReadAction\",\"target\":[\"https:\\\/\\\/www.bellunopress.it\\\/2022\\\/12\\\/05\\\/caorle-street-winter-edition-ecco-il-programma-del-festival-dal-7-al-31-dicembre\\\/\"]}]},{\"@type\":\"ImageObject\",\"inLanguage\":\"fr-FR\",\"@id\":\"https:\\\/\\\/www.bellunopress.it\\\/2022\\\/12\\\/05\\\/caorle-street-winter-edition-ecco-il-programma-del-festival-dal-7-al-31-dicembre\\\/#primaryimage\",\"url\":\"https:\\\/\\\/www.bellunopress.it\\\/wp-content\\\/uploads\\\/2022\\\/11\\\/Caorle-Street-Food-Festival_edited.jpg\",\"contentUrl\":\"https:\\\/\\\/www.bellunopress.it\\\/wp-content\\\/uploads\\\/2022\\\/11\\\/Caorle-Street-Food-Festival_edited.jpg\",\"width\":1000,\"height\":667},{\"@type\":\"BreadcrumbList\",\"@id\":\"https:\\\/\\\/www.bellunopress.it\\\/2022\\\/12\\\/05\\\/caorle-street-winter-edition-ecco-il-programma-del-festival-dal-7-al-31-dicembre\\\/#breadcrumb\",\"itemListElement\":[{\"@type\":\"ListItem\",\"position\":1,\"name\":\"Home\",\"item\":\"https:\\\/\\\/www.bellunopress.it\\\/\"},{\"@type\":\"ListItem\",\"position\":2,\"name\":\"Caorle Street Winter Edition, ecco il programma del festival dal 7 al 31 dicembre\"}]},{\"@type\":\"WebSite\",\"@id\":\"https:\\\/\\\/www.bellunopress.it\\\/#website\",\"url\":\"https:\\\/\\\/www.bellunopress.it\\\/\",\"name\":\"Bellunopress - Dolomiti\",\"description\":\"e-mail: redazione@bellunopress.it\",\"publisher\":{\"@id\":\"https:\\\/\\\/www.bellunopress.it\\\/#organization\"},\"potentialAction\":[{\"@type\":\"SearchAction\",\"target\":{\"@type\":\"EntryPoint\",\"urlTemplate\":\"https:\\\/\\\/www.bellunopress.it\\\/?s={search_term_string}\"},\"query-input\":{\"@type\":\"PropertyValueSpecification\",\"valueRequired\":true,\"valueName\":\"search_term_string\"}}],\"inLanguage\":\"fr-FR\"},{\"@type\":\"Organization\",\"@id\":\"https:\\\/\\\/www.bellunopress.it\\\/#organization\",\"name\":\"Bellunopress\",\"url\":\"https:\\\/\\\/www.bellunopress.it\\\/\",\"logo\":{\"@type\":\"ImageObject\",\"inLanguage\":\"fr-FR\",\"@id\":\"https:\\\/\\\/www.bellunopress.it\\\/#\\\/schema\\\/logo\\\/image\\\/\",\"url\":\"https:\\\/\\\/www.bellunopress.it\\\/wp-content\\\/uploads\\\/2011\\\/05\\\/cropped-logo-bellunopress-.jpg\",\"contentUrl\":\"https:\\\/\\\/www.bellunopress.it\\\/wp-content\\\/uploads\\\/2011\\\/05\\\/cropped-logo-bellunopress-.jpg\",\"width\":512,\"height\":512,\"caption\":\"Bellunopress\"},\"image\":{\"@id\":\"https:\\\/\\\/www.bellunopress.it\\\/#\\\/schema\\\/logo\\\/image\\\/\"},\"sameAs\":[\"https:\\\/\\\/www.facebook.com\\\/profile.php?id=100008943462799\",\"https:\\\/\\\/x.com\\\/bellunopress\",\"https:\\\/\\\/www.linkedin.com\\\/hp\\\/?dnr=JBzUWaJfMUw8vbXJJ2tVW5-I3jZKvC4wsoxE&amp;amp;amp;amp;amp;amp;trk=nav_responsive_tab_home\",\"https:\\\/\\\/www.youtube.com\\\/channel\\\/UCxL0wu1uN0_3_7hGG0306cw\"]},{\"@type\":\"Person\",\"@id\":\"https:\\\/\\\/www.bellunopress.it\\\/#\\\/schema\\\/person\\\/79bb06722b37ece1c03d3e94beb30d73\",\"name\":\"redazione\",\"image\":{\"@type\":\"ImageObject\",\"inLanguage\":\"fr-FR\",\"@id\":\"https:\\\/\\\/secure.gravatar.com\\\/avatar\\\/37d968a2e67a6fd04c169c4bdef102d0bc5d31b2546345219e348575eb80e9a0?s=96&d=mm&r=g\",\"url\":\"https:\\\/\\\/secure.gravatar.com\\\/avatar\\\/37d968a2e67a6fd04c169c4bdef102d0bc5d31b2546345219e348575eb80e9a0?s=96&d=mm&r=g\",\"contentUrl\":\"https:\\\/\\\/secure.gravatar.com\\\/avatar\\\/37d968a2e67a6fd04c169c4bdef102d0bc5d31b2546345219e348575eb80e9a0?s=96&d=mm&r=g\",\"caption\":\"redazione\"},\"sameAs\":[\"http:\\\/\\\/www.bellunopress.it\",\"https:\\\/\\\/x.com\\\/bellunopress\"],\"url\":\"https:\\\/\\\/www.bellunopress.it\\\/fr\\\/author\\\/redazione\\\/\"}]}<\/script>\n<!-- \/ Yoast SEO plugin. -->","yoast_head_json":{"title":"Caorle Street Winter Edition, ecco il programma del festival dal 7 al 31 dicembre - Bellunopress - Dolomiti","robots":{"index":"index","follow":"follow","max-snippet":"max-snippet:-1","max-image-preview":"max-image-preview:large","max-video-preview":"max-video-preview:-1"},"canonical":"https:\/\/www.bellunopress.it\/fr\/2022\/12\/05\/caorle-street-winter-edition-ecco-il-programma-del-festival-dal-7-al-31-dicembre\/","og_locale":"fr_FR","og_type":"article","og_title":"Caorle Street Winter Edition, ecco il programma del festival dal 7 al 31 dicembre - Bellunopress - Dolomiti","og_description":"Si parte con Gabry Ponte il 7 dicembre. Il Caorle Street Food Festival ospiter\u00e0 anche il Deejay Time di Albertino, Fargetta, Molella, Prezioso il 16 dicembre. Sabato 17 dicembre Febbre a 90, la pi\u00f9 grande festa anni 90 italiana. Sul palco il 26 Fred De Palma. Il 31 dicembre serata di Capodanno con Il Pagante, [&hellip;]","og_url":"https:\/\/www.bellunopress.it\/fr\/2022\/12\/05\/caorle-street-winter-edition-ecco-il-programma-del-festival-dal-7-al-31-dicembre\/","og_site_name":"Bellunopress - Dolomiti","article_publisher":"https:\/\/www.facebook.com\/profile.php?id=100008943462799","article_published_time":"2022-12-05T11:57:37+00:00","og_image":[{"width":1000,"height":667,"url":"https:\/\/www.bellunopress.it\/wp-content\/uploads\/2022\/11\/Caorle-Street-Food-Festival_edited.jpg","type":"image\/jpeg"}],"author":"redazione","twitter_card":"summary_large_image","twitter_creator":"@bellunopress","twitter_site":"@bellunopress","twitter_misc":{"Written by":"redazione","Est. reading time":"7 minutes"},"schema":{"@context":"https:\/\/schema.org","@graph":[{"@type":"Article","@id":"https:\/\/www.bellunopress.it\/2022\/12\/05\/caorle-street-winter-edition-ecco-il-programma-del-festival-dal-7-al-31-dicembre\/#article","isPartOf":{"@id":"https:\/\/www.bellunopress.it\/2022\/12\/05\/caorle-street-winter-edition-ecco-il-programma-del-festival-dal-7-al-31-dicembre\/"},"author":{"name":"redazione","@id":"https:\/\/www.bellunopress.it\/#\/schema\/person\/79bb06722b37ece1c03d3e94beb30d73"},"headline":"Caorle Street Winter Edition, ecco il programma del festival dal 7 al 31 dicembre","datePublished":"2022-12-05T11:57:37+00:00","mainEntityOfPage":{"@id":"https:\/\/www.bellunopress.it\/2022\/12\/05\/caorle-street-winter-edition-ecco-il-programma-del-festival-dal-7-al-31-dicembre\/"},"wordCount":1206,"publisher":{"@id":"https:\/\/www.bellunopress.it\/#organization"},"image":{"@id":"https:\/\/www.bellunopress.it\/2022\/12\/05\/caorle-street-winter-edition-ecco-il-programma-del-festival-dal-7-al-31-dicembre\/#primaryimage"},"thumbnailUrl":"https:\/\/www.bellunopress.it\/wp-content\/uploads\/2022\/11\/Caorle-Street-Food-Festival_edited.jpg","articleSection":["Eventi enogastronomici","Pausa Caff\u00e8","Sport, tempo libero"],"inLanguage":"fr-FR"},{"@type":"WebPage","@id":"https:\/\/www.bellunopress.it\/2022\/12\/05\/caorle-street-winter-edition-ecco-il-programma-del-festival-dal-7-al-31-dicembre\/","url":"https:\/\/www.bellunopress.it\/2022\/12\/05\/caorle-street-winter-edition-ecco-il-programma-del-festival-dal-7-al-31-dicembre\/","name":"Caorle Street Winter Edition, ecco il programma del festival dal 7 al 31 dicembre - Bellunopress - Dolomiti","isPartOf":{"@id":"https:\/\/www.bellunopress.it\/#website"},"primaryImageOfPage":{"@id":"https:\/\/www.bellunopress.it\/2022\/12\/05\/caorle-street-winter-edition-ecco-il-programma-del-festival-dal-7-al-31-dicembre\/#primaryimage"},"image":{"@id":"https:\/\/www.bellunopress.it\/2022\/12\/05\/caorle-street-winter-edition-ecco-il-programma-del-festival-dal-7-al-31-dicembre\/#primaryimage"},"thumbnailUrl":"https:\/\/www.bellunopress.it\/wp-content\/uploads\/2022\/11\/Caorle-Street-Food-Festival_edited.jpg","datePublished":"2022-12-05T11:57:37+00:00","breadcrumb":{"@id":"https:\/\/www.bellunopress.it\/2022\/12\/05\/caorle-street-winter-edition-ecco-il-programma-del-festival-dal-7-al-31-dicembre\/#breadcrumb"},"inLanguage":"fr-FR","potentialAction":[{"@type":"ReadAction","target":["https:\/\/www.bellunopress.it\/2022\/12\/05\/caorle-street-winter-edition-ecco-il-programma-del-festival-dal-7-al-31-dicembre\/"]}]},{"@type":"ImageObject","inLanguage":"fr-FR","@id":"https:\/\/www.bellunopress.it\/2022\/12\/05\/caorle-street-winter-edition-ecco-il-programma-del-festival-dal-7-al-31-dicembre\/#primaryimage","url":"https:\/\/www.bellunopress.it\/wp-content\/uploads\/2022\/11\/Caorle-Street-Food-Festival_edited.jpg","contentUrl":"https:\/\/www.bellunopress.it\/wp-content\/uploads\/2022\/11\/Caorle-Street-Food-Festival_edited.jpg","width":1000,"height":667},{"@type":"BreadcrumbList","@id":"https:\/\/www.bellunopress.it\/2022\/12\/05\/caorle-street-winter-edition-ecco-il-programma-del-festival-dal-7-al-31-dicembre\/#breadcrumb","itemListElement":[{"@type":"ListItem","position":1,"name":"Home","item":"https:\/\/www.bellunopress.it\/"},{"@type":"ListItem","position":2,"name":"Caorle Street Winter Edition, ecco il programma del festival dal 7 al 31 dicembre"}]},{"@type":"WebSite","@id":"https:\/\/www.bellunopress.it\/#website","url":"https:\/\/www.bellunopress.it\/","name":"Bellunopress - Dolomiti","description":"e-mail: redazione@bellunopress.it","publisher":{"@id":"https:\/\/www.bellunopress.it\/#organization"},"potentialAction":[{"@type":"SearchAction","target":{"@type":"EntryPoint","urlTemplate":"https:\/\/www.bellunopress.it\/?s={search_term_string}"},"query-input":{"@type":"PropertyValueSpecification","valueRequired":true,"valueName":"search_term_string"}}],"inLanguage":"fr-FR"},{"@type":"Organization","@id":"https:\/\/www.bellunopress.it\/#organization","name":"Bellunopress","url":"https:\/\/www.bellunopress.it\/","logo":{"@type":"ImageObject","inLanguage":"fr-FR","@id":"https:\/\/www.bellunopress.it\/#\/schema\/logo\/image\/","url":"https:\/\/www.bellunopress.it\/wp-content\/uploads\/2011\/05\/cropped-logo-bellunopress-.jpg","contentUrl":"https:\/\/www.bellunopress.it\/wp-content\/uploads\/2011\/05\/cropped-logo-bellunopress-.jpg","width":512,"height":512,"caption":"Bellunopress"},"image":{"@id":"https:\/\/www.bellunopress.it\/#\/schema\/logo\/image\/"},"sameAs":["https:\/\/www.facebook.com\/profile.php?id=100008943462799","https:\/\/x.com\/bellunopress","https:\/\/www.linkedin.com\/hp\/?dnr=JBzUWaJfMUw8vbXJJ2tVW5-I3jZKvC4wsoxE&amp;amp;amp;amp;amp;amp;trk=nav_responsive_tab_home","https:\/\/www.youtube.com\/channel\/UCxL0wu1uN0_3_7hGG0306cw"]},{"@type":"Person","@id":"https:\/\/www.bellunopress.it\/#\/schema\/person\/79bb06722b37ece1c03d3e94beb30d73","name":"r\u00e9daction","image":{"@type":"ImageObject","inLanguage":"fr-FR","@id":"https:\/\/secure.gravatar.com\/avatar\/37d968a2e67a6fd04c169c4bdef102d0bc5d31b2546345219e348575eb80e9a0?s=96&d=mm&r=g","url":"https:\/\/secure.gravatar.com\/avatar\/37d968a2e67a6fd04c169c4bdef102d0bc5d31b2546345219e348575eb80e9a0?s=96&d=mm&r=g","contentUrl":"https:\/\/secure.gravatar.com\/avatar\/37d968a2e67a6fd04c169c4bdef102d0bc5d31b2546345219e348575eb80e9a0?s=96&d=mm&r=g","caption":"redazione"},"sameAs":["http:\/\/www.bellunopress.it","https:\/\/x.com\/bellunopress"],"url":"https:\/\/www.bellunopress.it\/fr\/author\/redazione\/"}]}},"_links":{"self":[{"href":"https:\/\/www.bellunopress.it\/fr\/wp-json\/wp\/v2\/posts\/138136","targetHints":{"allow":["GET"]}}],"collection":[{"href":"https:\/\/www.bellunopress.it\/fr\/wp-json\/wp\/v2\/posts"}],"about":[{"href":"https:\/\/www.bellunopress.it\/fr\/wp-json\/wp\/v2\/types\/post"}],"author":[{"embeddable":true,"href":"https:\/\/www.bellunopress.it\/fr\/wp-json\/wp\/v2\/users\/2"}],"replies":[{"embeddable":true,"href":"https:\/\/www.bellunopress.it\/fr\/wp-json\/wp\/v2\/comments?post=138136"}],"version-history":[{"count":1,"href":"https:\/\/www.bellunopress.it\/fr\/wp-json\/wp\/v2\/posts\/138136\/revisions"}],"predecessor-version":[{"id":138137,"href":"https:\/\/www.bellunopress.it\/fr\/wp-json\/wp\/v2\/posts\/138136\/revisions\/138137"}],"wp:featuredmedia":[{"embeddable":true,"href":"https:\/\/www.bellunopress.it\/fr\/wp-json\/wp\/v2\/media\/137796"}],"wp:attachment":[{"href":"https:\/\/www.bellunopress.it\/fr\/wp-json\/wp\/v2\/media?parent=138136"}],"wp:term":[{"taxonomy":"category","embeddable":true,"href":"https:\/\/www.bellunopress.it\/fr\/wp-json\/wp\/v2\/categories?post=138136"},{"taxonomy":"post_tag","embeddable":true,"href":"https:\/\/www.bellunopress.it\/fr\/wp-json\/wp\/v2\/tags?post=138136"}],"curies":[{"name":"wp","href":"https:\/\/api.w.org\/{rel}","templated":true}]}}