{"id":138133,"date":"2022-12-05T06:14:51","date_gmt":"2022-12-05T05:14:51","guid":{"rendered":"https:\/\/www.bellunopress.it\/?p=138133"},"modified":"2022-12-05T10:20:17","modified_gmt":"2022-12-05T09:20:17","slug":"galleria-segusino-vas-sara-terminata-per-febbraio-2023","status":"publish","type":"post","link":"https:\/\/www.bellunopress.it\/fr\/2022\/12\/05\/galleria-segusino-vas-sara-terminata-per-febbraio-2023\/","title":{"rendered":"Galleria Segusino-Vas: sar\u00e0 terminata per febbraio 2023"},"content":{"rendered":"<p><img loading=\"lazy\" decoding=\"async\" class=\"alignleft size-full wp-image-138134\" src=\"https:\/\/www.bellunopress.it\/wp-content\/uploads\/2022\/12\/Cantiere-galleria-Segusino-Vas-1_edited.jpg\" alt=\"\" width=\"1000\" height=\"569\" srcset=\"https:\/\/www.bellunopress.it\/wp-content\/uploads\/2022\/12\/Cantiere-galleria-Segusino-Vas-1_edited.jpg 1000w, https:\/\/www.bellunopress.it\/wp-content\/uploads\/2022\/12\/Cantiere-galleria-Segusino-Vas-1_edited-500x285.jpg 500w, https:\/\/www.bellunopress.it\/wp-content\/uploads\/2022\/12\/Cantiere-galleria-Segusino-Vas-1_edited-696x396.jpg 696w, https:\/\/www.bellunopress.it\/wp-content\/uploads\/2022\/12\/Cantiere-galleria-Segusino-Vas-1_edited-738x420.jpg 738w\" sizes=\"auto, (max-width: 1000px) 100vw, 1000px\" \/>Il cantiere alla Galleria \u201cMadonna del Piave\u201d terminer\u00e0 a febbraio 2023, un paio di mesi dopo rispetto alle previsioni. Tale prolungamento \u00e8 dovuto a diversi fattori: il problema nella fornitura e nel rialzo dei prezzi del materiale e la decisione, maturata durante le fasi di lavorazione, di allungare una delle trincee drenanti che consentir\u00e0 di rendere l\u2019intervento alla galleria ancora pi\u00f9 funzionale. La trincea gi\u00e0 realizzata a partire dall\u2019imbocco di Segusino, infatti, ha dato buoni risultati in termini di drenaggio dell\u2019acqua meteorica; da qui la volont\u00e0 di modificare in modo simile anche il tratto proveniente dall\u2019imbocco di Vas, cos\u00ec da garantire la massima impermeabilizzazione del tunnel.<\/p>\n<p>\u00abLa complessit\u00e0 dell\u2019intervento, unita alle difficolt\u00e0 che accomunano tutte le imprese del settore in questo periodo, ci hanno spinto a prolungare i tempi di chiusura del cantiere\u00bb, dicono il presidente di Ats, Fabio Vettori, e l\u2019amministratore delegato, Pierpaolo Florian, \u00abSiamo consapevoli che i disagi alla viabilit\u00e0 saranno inevitabili, ragion per cui, come soggetto attuatore, faremo di tutto perch\u00e9 le opere procedano nel modo pi\u00f9 rapido consentito. Allo stesso tempo, per\u00f2, tale prolungamento permetter\u00e0 di consegnare ai cittadini una galleria praticamente nuova, ossia un\u2019infrastruttura viabilistica di importanza strategica che da anni attende di essere messa in piena sicurezza. Alla popolazione, inoltre, garantiremo un\u2019informazione rapida e tempestiva sulle fasi di lavorazione\u00bb.<\/p>\n<p>Il cantiere della galleria \u201cMadonna del Piave\u201d, fra i comuni di Segusino e Quero-Vas, ha richiesto la chiusura del tunnel dal 12 luglio di quest\u2019anno. Le lavorazioni prevedono, oltre alla eliminazione delle infiltrazioni che causano venute d\u2019acqua e l\u2019allagamento della galleria in concomitanza con le precipitazioni intense, anche la messa in sicurezza dell\u2019importante condotta idrica presente in gran parte sotto la sede stradale, a servizio di un bacino di circa 150 mila utenze del Trevigiano. Il cantiere era risultato non pi\u00f9 procrastinabile, a causa dei gravi problemi che mettevano a rischio la sicurezza della viabilit\u00e0 nella sede stradale. Per cercare di creare meno ingorghi possibili sul ponte Fener, prima di iniziare i lavori in galleria, \u00e8 stata realizzata una rotatoria provvisoria all\u2019imbocco del ponte sul Piave.<\/p>\n<p>\u00abIl progetto \u00e8 stato finanziato per oltre 1,7 milioni di euro dalla Regione Veneto tra gli interventi urgenti di sistemazione dei danni causati dalla tempesta Vaia \u2013 concludono Vettori e Florian &#8211; Alla Regione va il nostro ringraziamento\u00bb.<\/p>","protected":false},"excerpt":{"rendered":"<p>Il cantiere alla Galleria \u201cMadonna del Piave\u201d terminer\u00e0 a febbraio 2023, un paio di mesi dopo rispetto alle previsioni. Tale prolungamento \u00e8 dovuto a diversi fattori: il problema nella fornitura e nel rialzo dei prezzi del materiale e la decisione, maturata durante le fasi di lavorazione, di allungare una delle trincee drenanti che consentir\u00e0 di [&hellip;]<\/p>\n","protected":false},"author":2,"featured_media":138134,"comment_status":"closed","ping_status":"open","sticky":false,"template":"","format":"standard","meta":{"footnotes":""},"categories":[36],"tags":[],"class_list":["post-138133","post","type-post","status-publish","format-standard","has-post-thumbnail","category-lavoro-economia"],"yoast_head":"<!-- This site is optimized with the Yoast SEO plugin v28.4 - https:\/\/yoast.com\/product\/yoast-seo-wordpress\/ -->\n<title>Galleria Segusino-Vas: sar\u00e0 terminata per febbraio 2023 - Bellunopress - Dolomiti<\/title>\n<meta name=\"robots\" content=\"index, follow, max-snippet:-1, max-image-preview:large, max-video-preview:-1\" \/>\n<link rel=\"canonical\" href=\"https:\/\/www.bellunopress.it\/fr\/2022\/12\/05\/galleria-segusino-vas-sara-terminata-per-febbraio-2023\/\" \/>\n<meta property=\"og:locale\" content=\"fr_FR\" \/>\n<meta property=\"og:type\" content=\"article\" \/>\n<meta property=\"og:title\" content=\"Galleria Segusino-Vas: sar\u00e0 terminata per febbraio 2023 - Bellunopress - Dolomiti\" \/>\n<meta property=\"og:description\" content=\"Il cantiere alla Galleria \u201cMadonna del Piave\u201d terminer\u00e0 a febbraio 2023, un paio di mesi dopo rispetto alle previsioni. Tale prolungamento \u00e8 dovuto a diversi fattori: il problema nella fornitura e nel rialzo dei prezzi del materiale e la decisione, maturata durante le fasi di lavorazione, di allungare una delle trincee drenanti che consentir\u00e0 di [&hellip;]\" \/>\n<meta property=\"og:url\" content=\"https:\/\/www.bellunopress.it\/fr\/2022\/12\/05\/galleria-segusino-vas-sara-terminata-per-febbraio-2023\/\" \/>\n<meta property=\"og:site_name\" content=\"Bellunopress - Dolomiti\" \/>\n<meta property=\"article:publisher\" content=\"https:\/\/www.facebook.com\/profile.php?id=100008943462799\" \/>\n<meta property=\"article:published_time\" content=\"2022-12-05T05:14:51+00:00\" \/>\n<meta property=\"article:modified_time\" content=\"2022-12-05T09:20:17+00:00\" \/>\n<meta property=\"og:image\" content=\"https:\/\/www.bellunopress.it\/wp-content\/uploads\/2022\/12\/Cantiere-galleria-Segusino-Vas-1_edited.jpg\" \/>\n\t<meta property=\"og:image:width\" content=\"1000\" \/>\n\t<meta property=\"og:image:height\" content=\"569\" \/>\n\t<meta property=\"og:image:type\" content=\"image\/jpeg\" \/>\n<meta name=\"author\" content=\"redazione\" \/>\n<meta name=\"twitter:card\" content=\"summary_large_image\" \/>\n<meta name=\"twitter:creator\" content=\"@bellunopress\" \/>\n<meta name=\"twitter:site\" content=\"@bellunopress\" \/>\n<meta name=\"twitter:label1\" content=\"\u00c9crit par\" \/>\n\t<meta name=\"twitter:data1\" content=\"redazione\" \/>\n\t<meta name=\"twitter:label2\" content=\"Dur\u00e9e de lecture estim\u00e9e\" \/>\n\t<meta name=\"twitter:data2\" content=\"3 minutes\" \/>\n<script type=\"application\/ld+json\" class=\"yoast-schema-graph\">{\"@context\":\"https:\\\/\\\/schema.org\",\"@graph\":[{\"@type\":\"Article\",\"@id\":\"https:\\\/\\\/www.bellunopress.it\\\/2022\\\/12\\\/05\\\/galleria-segusino-vas-sara-terminata-per-febbraio-2023\\\/#article\",\"isPartOf\":{\"@id\":\"https:\\\/\\\/www.bellunopress.it\\\/2022\\\/12\\\/05\\\/galleria-segusino-vas-sara-terminata-per-febbraio-2023\\\/\"},\"author\":{\"name\":\"redazione\",\"@id\":\"https:\\\/\\\/www.bellunopress.it\\\/#\\\/schema\\\/person\\\/79bb06722b37ece1c03d3e94beb30d73\"},\"headline\":\"Galleria Segusino-Vas: sar\u00e0 terminata per febbraio 2023\",\"datePublished\":\"2022-12-05T05:14:51+00:00\",\"dateModified\":\"2022-12-05T09:20:17+00:00\",\"mainEntityOfPage\":{\"@id\":\"https:\\\/\\\/www.bellunopress.it\\\/2022\\\/12\\\/05\\\/galleria-segusino-vas-sara-terminata-per-febbraio-2023\\\/\"},\"wordCount\":390,\"publisher\":{\"@id\":\"https:\\\/\\\/www.bellunopress.it\\\/#organization\"},\"image\":{\"@id\":\"https:\\\/\\\/www.bellunopress.it\\\/2022\\\/12\\\/05\\\/galleria-segusino-vas-sara-terminata-per-febbraio-2023\\\/#primaryimage\"},\"thumbnailUrl\":\"https:\\\/\\\/www.bellunopress.it\\\/wp-content\\\/uploads\\\/2022\\\/12\\\/Cantiere-galleria-Segusino-Vas-1_edited.jpg\",\"articleSection\":[\"Lavoro, Economia, Turismo\"],\"inLanguage\":\"fr-FR\"},{\"@type\":\"WebPage\",\"@id\":\"https:\\\/\\\/www.bellunopress.it\\\/2022\\\/12\\\/05\\\/galleria-segusino-vas-sara-terminata-per-febbraio-2023\\\/\",\"url\":\"https:\\\/\\\/www.bellunopress.it\\\/2022\\\/12\\\/05\\\/galleria-segusino-vas-sara-terminata-per-febbraio-2023\\\/\",\"name\":\"Galleria Segusino-Vas: sar\u00e0 terminata per febbraio 2023 - Bellunopress - Dolomiti\",\"isPartOf\":{\"@id\":\"https:\\\/\\\/www.bellunopress.it\\\/#website\"},\"primaryImageOfPage\":{\"@id\":\"https:\\\/\\\/www.bellunopress.it\\\/2022\\\/12\\\/05\\\/galleria-segusino-vas-sara-terminata-per-febbraio-2023\\\/#primaryimage\"},\"image\":{\"@id\":\"https:\\\/\\\/www.bellunopress.it\\\/2022\\\/12\\\/05\\\/galleria-segusino-vas-sara-terminata-per-febbraio-2023\\\/#primaryimage\"},\"thumbnailUrl\":\"https:\\\/\\\/www.bellunopress.it\\\/wp-content\\\/uploads\\\/2022\\\/12\\\/Cantiere-galleria-Segusino-Vas-1_edited.jpg\",\"datePublished\":\"2022-12-05T05:14:51+00:00\",\"dateModified\":\"2022-12-05T09:20:17+00:00\",\"breadcrumb\":{\"@id\":\"https:\\\/\\\/www.bellunopress.it\\\/2022\\\/12\\\/05\\\/galleria-segusino-vas-sara-terminata-per-febbraio-2023\\\/#breadcrumb\"},\"inLanguage\":\"fr-FR\",\"potentialAction\":[{\"@type\":\"ReadAction\",\"target\":[\"https:\\\/\\\/www.bellunopress.it\\\/2022\\\/12\\\/05\\\/galleria-segusino-vas-sara-terminata-per-febbraio-2023\\\/\"]}]},{\"@type\":\"ImageObject\",\"inLanguage\":\"fr-FR\",\"@id\":\"https:\\\/\\\/www.bellunopress.it\\\/2022\\\/12\\\/05\\\/galleria-segusino-vas-sara-terminata-per-febbraio-2023\\\/#primaryimage\",\"url\":\"https:\\\/\\\/www.bellunopress.it\\\/wp-content\\\/uploads\\\/2022\\\/12\\\/Cantiere-galleria-Segusino-Vas-1_edited.jpg\",\"contentUrl\":\"https:\\\/\\\/www.bellunopress.it\\\/wp-content\\\/uploads\\\/2022\\\/12\\\/Cantiere-galleria-Segusino-Vas-1_edited.jpg\",\"width\":1000,\"height\":569},{\"@type\":\"BreadcrumbList\",\"@id\":\"https:\\\/\\\/www.bellunopress.it\\\/2022\\\/12\\\/05\\\/galleria-segusino-vas-sara-terminata-per-febbraio-2023\\\/#breadcrumb\",\"itemListElement\":[{\"@type\":\"ListItem\",\"position\":1,\"name\":\"Home\",\"item\":\"https:\\\/\\\/www.bellunopress.it\\\/\"},{\"@type\":\"ListItem\",\"position\":2,\"name\":\"Galleria Segusino-Vas: sar\u00e0 terminata per febbraio 2023\"}]},{\"@type\":\"WebSite\",\"@id\":\"https:\\\/\\\/www.bellunopress.it\\\/#website\",\"url\":\"https:\\\/\\\/www.bellunopress.it\\\/\",\"name\":\"Bellunopress - Dolomiti\",\"description\":\"e-mail: redazione@bellunopress.it\",\"publisher\":{\"@id\":\"https:\\\/\\\/www.bellunopress.it\\\/#organization\"},\"potentialAction\":[{\"@type\":\"SearchAction\",\"target\":{\"@type\":\"EntryPoint\",\"urlTemplate\":\"https:\\\/\\\/www.bellunopress.it\\\/?s={search_term_string}\"},\"query-input\":{\"@type\":\"PropertyValueSpecification\",\"valueRequired\":true,\"valueName\":\"search_term_string\"}}],\"inLanguage\":\"fr-FR\"},{\"@type\":\"Organization\",\"@id\":\"https:\\\/\\\/www.bellunopress.it\\\/#organization\",\"name\":\"Bellunopress\",\"url\":\"https:\\\/\\\/www.bellunopress.it\\\/\",\"logo\":{\"@type\":\"ImageObject\",\"inLanguage\":\"fr-FR\",\"@id\":\"https:\\\/\\\/www.bellunopress.it\\\/#\\\/schema\\\/logo\\\/image\\\/\",\"url\":\"https:\\\/\\\/www.bellunopress.it\\\/wp-content\\\/uploads\\\/2011\\\/05\\\/cropped-logo-bellunopress-.jpg\",\"contentUrl\":\"https:\\\/\\\/www.bellunopress.it\\\/wp-content\\\/uploads\\\/2011\\\/05\\\/cropped-logo-bellunopress-.jpg\",\"width\":512,\"height\":512,\"caption\":\"Bellunopress\"},\"image\":{\"@id\":\"https:\\\/\\\/www.bellunopress.it\\\/#\\\/schema\\\/logo\\\/image\\\/\"},\"sameAs\":[\"https:\\\/\\\/www.facebook.com\\\/profile.php?id=100008943462799\",\"https:\\\/\\\/x.com\\\/bellunopress\",\"https:\\\/\\\/www.linkedin.com\\\/hp\\\/?dnr=JBzUWaJfMUw8vbXJJ2tVW5-I3jZKvC4wsoxE&amp;amp;amp;amp;amp;amp;trk=nav_responsive_tab_home\",\"https:\\\/\\\/www.youtube.com\\\/channel\\\/UCxL0wu1uN0_3_7hGG0306cw\"]},{\"@type\":\"Person\",\"@id\":\"https:\\\/\\\/www.bellunopress.it\\\/#\\\/schema\\\/person\\\/79bb06722b37ece1c03d3e94beb30d73\",\"name\":\"redazione\",\"image\":{\"@type\":\"ImageObject\",\"inLanguage\":\"fr-FR\",\"@id\":\"https:\\\/\\\/secure.gravatar.com\\\/avatar\\\/37d968a2e67a6fd04c169c4bdef102d0bc5d31b2546345219e348575eb80e9a0?s=96&d=mm&r=g\",\"url\":\"https:\\\/\\\/secure.gravatar.com\\\/avatar\\\/37d968a2e67a6fd04c169c4bdef102d0bc5d31b2546345219e348575eb80e9a0?s=96&d=mm&r=g\",\"contentUrl\":\"https:\\\/\\\/secure.gravatar.com\\\/avatar\\\/37d968a2e67a6fd04c169c4bdef102d0bc5d31b2546345219e348575eb80e9a0?s=96&d=mm&r=g\",\"caption\":\"redazione\"},\"sameAs\":[\"http:\\\/\\\/www.bellunopress.it\",\"https:\\\/\\\/x.com\\\/bellunopress\"],\"url\":\"https:\\\/\\\/www.bellunopress.it\\\/fr\\\/author\\\/redazione\\\/\"}]}<\/script>\n<!-- \/ Yoast SEO plugin. -->","yoast_head_json":{"title":"Galleria Segusino-Vas: sar\u00e0 terminata per febbraio 2023 - Bellunopress - Dolomiti","robots":{"index":"index","follow":"follow","max-snippet":"max-snippet:-1","max-image-preview":"max-image-preview:large","max-video-preview":"max-video-preview:-1"},"canonical":"https:\/\/www.bellunopress.it\/fr\/2022\/12\/05\/galleria-segusino-vas-sara-terminata-per-febbraio-2023\/","og_locale":"fr_FR","og_type":"article","og_title":"Galleria Segusino-Vas: sar\u00e0 terminata per febbraio 2023 - Bellunopress - Dolomiti","og_description":"Il cantiere alla Galleria \u201cMadonna del Piave\u201d terminer\u00e0 a febbraio 2023, un paio di mesi dopo rispetto alle previsioni. Tale prolungamento \u00e8 dovuto a diversi fattori: il problema nella fornitura e nel rialzo dei prezzi del materiale e la decisione, maturata durante le fasi di lavorazione, di allungare una delle trincee drenanti che consentir\u00e0 di [&hellip;]","og_url":"https:\/\/www.bellunopress.it\/fr\/2022\/12\/05\/galleria-segusino-vas-sara-terminata-per-febbraio-2023\/","og_site_name":"Bellunopress - Dolomiti","article_publisher":"https:\/\/www.facebook.com\/profile.php?id=100008943462799","article_published_time":"2022-12-05T05:14:51+00:00","article_modified_time":"2022-12-05T09:20:17+00:00","og_image":[{"width":1000,"height":569,"url":"https:\/\/www.bellunopress.it\/wp-content\/uploads\/2022\/12\/Cantiere-galleria-Segusino-Vas-1_edited.jpg","type":"image\/jpeg"}],"author":"redazione","twitter_card":"summary_large_image","twitter_creator":"@bellunopress","twitter_site":"@bellunopress","twitter_misc":{"\u00c9crit par":"redazione","Dur\u00e9e de lecture estim\u00e9e":"3 minutes"},"schema":{"@context":"https:\/\/schema.org","@graph":[{"@type":"Article","@id":"https:\/\/www.bellunopress.it\/2022\/12\/05\/galleria-segusino-vas-sara-terminata-per-febbraio-2023\/#article","isPartOf":{"@id":"https:\/\/www.bellunopress.it\/2022\/12\/05\/galleria-segusino-vas-sara-terminata-per-febbraio-2023\/"},"author":{"name":"redazione","@id":"https:\/\/www.bellunopress.it\/#\/schema\/person\/79bb06722b37ece1c03d3e94beb30d73"},"headline":"Galleria Segusino-Vas: sar\u00e0 terminata per febbraio 2023","datePublished":"2022-12-05T05:14:51+00:00","dateModified":"2022-12-05T09:20:17+00:00","mainEntityOfPage":{"@id":"https:\/\/www.bellunopress.it\/2022\/12\/05\/galleria-segusino-vas-sara-terminata-per-febbraio-2023\/"},"wordCount":390,"publisher":{"@id":"https:\/\/www.bellunopress.it\/#organization"},"image":{"@id":"https:\/\/www.bellunopress.it\/2022\/12\/05\/galleria-segusino-vas-sara-terminata-per-febbraio-2023\/#primaryimage"},"thumbnailUrl":"https:\/\/www.bellunopress.it\/wp-content\/uploads\/2022\/12\/Cantiere-galleria-Segusino-Vas-1_edited.jpg","articleSection":["Lavoro, Economia, Turismo"],"inLanguage":"fr-FR"},{"@type":"WebPage","@id":"https:\/\/www.bellunopress.it\/2022\/12\/05\/galleria-segusino-vas-sara-terminata-per-febbraio-2023\/","url":"https:\/\/www.bellunopress.it\/2022\/12\/05\/galleria-segusino-vas-sara-terminata-per-febbraio-2023\/","name":"Galleria Segusino-Vas: sar\u00e0 terminata per febbraio 2023 - Bellunopress - Dolomiti","isPartOf":{"@id":"https:\/\/www.bellunopress.it\/#website"},"primaryImageOfPage":{"@id":"https:\/\/www.bellunopress.it\/2022\/12\/05\/galleria-segusino-vas-sara-terminata-per-febbraio-2023\/#primaryimage"},"image":{"@id":"https:\/\/www.bellunopress.it\/2022\/12\/05\/galleria-segusino-vas-sara-terminata-per-febbraio-2023\/#primaryimage"},"thumbnailUrl":"https:\/\/www.bellunopress.it\/wp-content\/uploads\/2022\/12\/Cantiere-galleria-Segusino-Vas-1_edited.jpg","datePublished":"2022-12-05T05:14:51+00:00","dateModified":"2022-12-05T09:20:17+00:00","breadcrumb":{"@id":"https:\/\/www.bellunopress.it\/2022\/12\/05\/galleria-segusino-vas-sara-terminata-per-febbraio-2023\/#breadcrumb"},"inLanguage":"fr-FR","potentialAction":[{"@type":"ReadAction","target":["https:\/\/www.bellunopress.it\/2022\/12\/05\/galleria-segusino-vas-sara-terminata-per-febbraio-2023\/"]}]},{"@type":"ImageObject","inLanguage":"fr-FR","@id":"https:\/\/www.bellunopress.it\/2022\/12\/05\/galleria-segusino-vas-sara-terminata-per-febbraio-2023\/#primaryimage","url":"https:\/\/www.bellunopress.it\/wp-content\/uploads\/2022\/12\/Cantiere-galleria-Segusino-Vas-1_edited.jpg","contentUrl":"https:\/\/www.bellunopress.it\/wp-content\/uploads\/2022\/12\/Cantiere-galleria-Segusino-Vas-1_edited.jpg","width":1000,"height":569},{"@type":"BreadcrumbList","@id":"https:\/\/www.bellunopress.it\/2022\/12\/05\/galleria-segusino-vas-sara-terminata-per-febbraio-2023\/#breadcrumb","itemListElement":[{"@type":"ListItem","position":1,"name":"Home","item":"https:\/\/www.bellunopress.it\/"},{"@type":"ListItem","position":2,"name":"Galleria Segusino-Vas: sar\u00e0 terminata per febbraio 2023"}]},{"@type":"WebSite","@id":"https:\/\/www.bellunopress.it\/#website","url":"https:\/\/www.bellunopress.it\/","name":"Bellunopress - Dolomiti","description":"e-mail: redazione@bellunopress.it","publisher":{"@id":"https:\/\/www.bellunopress.it\/#organization"},"potentialAction":[{"@type":"SearchAction","target":{"@type":"EntryPoint","urlTemplate":"https:\/\/www.bellunopress.it\/?s={search_term_string}"},"query-input":{"@type":"PropertyValueSpecification","valueRequired":true,"valueName":"search_term_string"}}],"inLanguage":"fr-FR"},{"@type":"Organization","@id":"https:\/\/www.bellunopress.it\/#organization","name":"Bellunopress","url":"https:\/\/www.bellunopress.it\/","logo":{"@type":"ImageObject","inLanguage":"fr-FR","@id":"https:\/\/www.bellunopress.it\/#\/schema\/logo\/image\/","url":"https:\/\/www.bellunopress.it\/wp-content\/uploads\/2011\/05\/cropped-logo-bellunopress-.jpg","contentUrl":"https:\/\/www.bellunopress.it\/wp-content\/uploads\/2011\/05\/cropped-logo-bellunopress-.jpg","width":512,"height":512,"caption":"Bellunopress"},"image":{"@id":"https:\/\/www.bellunopress.it\/#\/schema\/logo\/image\/"},"sameAs":["https:\/\/www.facebook.com\/profile.php?id=100008943462799","https:\/\/x.com\/bellunopress","https:\/\/www.linkedin.com\/hp\/?dnr=JBzUWaJfMUw8vbXJJ2tVW5-I3jZKvC4wsoxE&amp;amp;amp;amp;amp;amp;trk=nav_responsive_tab_home","https:\/\/www.youtube.com\/channel\/UCxL0wu1uN0_3_7hGG0306cw"]},{"@type":"Person","@id":"https:\/\/www.bellunopress.it\/#\/schema\/person\/79bb06722b37ece1c03d3e94beb30d73","name":"r\u00e9daction","image":{"@type":"ImageObject","inLanguage":"fr-FR","@id":"https:\/\/secure.gravatar.com\/avatar\/37d968a2e67a6fd04c169c4bdef102d0bc5d31b2546345219e348575eb80e9a0?s=96&d=mm&r=g","url":"https:\/\/secure.gravatar.com\/avatar\/37d968a2e67a6fd04c169c4bdef102d0bc5d31b2546345219e348575eb80e9a0?s=96&d=mm&r=g","contentUrl":"https:\/\/secure.gravatar.com\/avatar\/37d968a2e67a6fd04c169c4bdef102d0bc5d31b2546345219e348575eb80e9a0?s=96&d=mm&r=g","caption":"redazione"},"sameAs":["http:\/\/www.bellunopress.it","https:\/\/x.com\/bellunopress"],"url":"https:\/\/www.bellunopress.it\/fr\/author\/redazione\/"}]}},"_links":{"self":[{"href":"https:\/\/www.bellunopress.it\/fr\/wp-json\/wp\/v2\/posts\/138133","targetHints":{"allow":["GET"]}}],"collection":[{"href":"https:\/\/www.bellunopress.it\/fr\/wp-json\/wp\/v2\/posts"}],"about":[{"href":"https:\/\/www.bellunopress.it\/fr\/wp-json\/wp\/v2\/types\/post"}],"author":[{"embeddable":true,"href":"https:\/\/www.bellunopress.it\/fr\/wp-json\/wp\/v2\/users\/2"}],"replies":[{"embeddable":true,"href":"https:\/\/www.bellunopress.it\/fr\/wp-json\/wp\/v2\/comments?post=138133"}],"version-history":[{"count":1,"href":"https:\/\/www.bellunopress.it\/fr\/wp-json\/wp\/v2\/posts\/138133\/revisions"}],"predecessor-version":[{"id":138135,"href":"https:\/\/www.bellunopress.it\/fr\/wp-json\/wp\/v2\/posts\/138133\/revisions\/138135"}],"wp:featuredmedia":[{"embeddable":true,"href":"https:\/\/www.bellunopress.it\/fr\/wp-json\/wp\/v2\/media\/138134"}],"wp:attachment":[{"href":"https:\/\/www.bellunopress.it\/fr\/wp-json\/wp\/v2\/media?parent=138133"}],"wp:term":[{"taxonomy":"category","embeddable":true,"href":"https:\/\/www.bellunopress.it\/fr\/wp-json\/wp\/v2\/categories?post=138133"},{"taxonomy":"post_tag","embeddable":true,"href":"https:\/\/www.bellunopress.it\/fr\/wp-json\/wp\/v2\/tags?post=138133"}],"curies":[{"name":"wp","href":"https:\/\/api.w.org\/{rel}","templated":true}]}}