{"id":138131,"date":"2022-12-05T10:07:20","date_gmt":"2022-12-05T09:07:20","guid":{"rendered":"https:\/\/www.bellunopress.it\/?p=138131"},"modified":"2022-12-05T10:07:20","modified_gmt":"2022-12-05T09:07:20","slug":"rassegna-danza-al-teatro-comunale-di-belluno","status":"publish","type":"post","link":"https:\/\/www.bellunopress.it\/fr\/2022\/12\/05\/rassegna-danza-al-teatro-comunale-di-belluno\/","title":{"rendered":"Rassegna danza al Teatro comunale di Belluno"},"content":{"rendered":"<p><img loading=\"lazy\" decoding=\"async\" class=\"alignleft size-full wp-image-125311\" src=\"https:\/\/www.bellunopress.it\/wp-content\/uploads\/2021\/06\/teatro-comunale-1-piano_edited.jpg\" alt=\"\" width=\"800\" height=\"600\" srcset=\"https:\/\/www.bellunopress.it\/wp-content\/uploads\/2021\/06\/teatro-comunale-1-piano_edited.jpg 800w, https:\/\/www.bellunopress.it\/wp-content\/uploads\/2021\/06\/teatro-comunale-1-piano_edited-500x375.jpg 500w, https:\/\/www.bellunopress.it\/wp-content\/uploads\/2021\/06\/teatro-comunale-1-piano_edited-696x522.jpg 696w, https:\/\/www.bellunopress.it\/wp-content\/uploads\/2021\/06\/teatro-comunale-1-piano_edited-560x420.jpg 560w, https:\/\/www.bellunopress.it\/wp-content\/uploads\/2021\/06\/teatro-comunale-1-piano_edited-80x60.jpg 80w, https:\/\/www.bellunopress.it\/wp-content\/uploads\/2021\/06\/teatro-comunale-1-piano_edited-265x198.jpg 265w\" sizes=\"auto, (max-width: 800px) 100vw, 800px\" \/>Rassegna Danza vedr\u00e0 al Teatro Comunale di Belluno tre importantissimi appuntamenti:<\/p>\n<p>OTHELLO TANGO<br \/>\nVenerd\u00ec 9 dicembre 2022 &#8211; ore 21.00<br \/>\n\u201cGuardatevi dalla gelosia, mio signore! \u00c8 un mostro dagli occhi verdi che si<br \/>\ndiletta col cibo di cui si nutre.\u201d W. Shakespeare \/ Othello<br \/>\nDopo il successo strepitoso di Romeo y Julieta Tango la compagnia torna ad<br \/>\nesplorare attraverso il linguaggio della danza e del tango Shakespeare in uno<br \/>\ndei suoi testi pi\u00f9 conosciuti l\u2019Othello, con un cast di dodici danzatori.<br \/>\nIl tango rappresenta nell\u2019immaginario collettivo la passione, la sensualit\u00e0.<br \/>\nQui il coreografo Luciano Padovani con un linguaggio sempre in bilico tra il<br \/>\ntango e la danza ci racconta una storia di amore e di morte. Un lavoro<br \/>\nattento con un cast di dodici poliedrici danzatori\/tangueros con le scene di<br \/>\nMauro Zocchetta e Gloria Gandini, i costumi di Chiara Defant e le luci di<br \/>\nThomas Heuger.<br \/>\nApplausi al Romano per la prima italiana di Luciano Padovani<br \/>\n&#8230;. i danzatori e i tangueros restituiscono forza e presenza fisica a Othello,<br \/>\nDesdemona e Jago, vero protagonista di fatto in questo dramma che vede<br \/>\nla morte di innocenti e il tormento mai sopito di chi \u00e8 divorato dal &#8216;mostro<br \/>\ndagli occhi verdi&#8217;, la gelosia che spinge alla follia. &#8230;. e cos\u00ec il dramma si<br \/>\nconsuma in un crescendo di intensit\u00e0. Luciano Padovani ha colto nel segno:<br \/>\nla passione di muove a passo di tango e danza in un connubio che vede il<br \/>\nrigore dell&#8217;una sposarsi con la fluidit\u00e0 dell&#8217;altro grazie ai suoi straordinari<br \/>\ninterpreti&#8230;<br \/>\nSilvia Allegri \/ L&#8217;Arena<\/p>\n<p>IL MAGO DI OZ<br \/>\nVenerd\u00ec 17 marzo 2023 &#8211; ore 21.00<br \/>\nTheatre Circus Elysium torna a Belluno dopo il grande successo ottenuto con<br \/>\nlo spettacolo \u201cAlice in Wonderland.\u201d<br \/>\nLa geniale fiaba de Il Mago di Oz, tratta dal libro di L. Frank Baum, viene<br \/>\nproposta in questo mirabolante family show in una chiave scenica del tutto<br \/>\noriginale: il linguaggio del musical e del circo contemporaneo si fondono in<br \/>\nuna nuova dimensione. Il cast di 25 artisti in scena \u00e8 composto da cantanti,<br \/>\ndanzatori e alcuni tra i maggiori acrobati del circo contemporaneo<br \/>\nmondiale. La mirabolante messa in scena dello spettacolo \u00e8 esaltata<br \/>\ndall\u2019originale animazione, grafiche in 3D, effetti speciali e costumi<br \/>\nfantasmagorici.<\/p>\n<p>TROCKS ARE BACK!<br \/>\nDomenica 23 aprile 2023 &#8211; ore 21.00<br \/>\nCon un repertorio arricchito da nuove rivisitazioni, tornano in Europa Les<br \/>\nballets Trockadero de Monte Carlo, l\u2019iconica compagnia americana<br \/>\ncomposta da soli uomini, che sa coniugare tecnica impeccabile e<br \/>\nincontenibile comicit\u00e0. Il divertimento nei loro spettacoli non \u00e8 ottenuto<br \/>\ndeformando il balletto in modo banale e grossolano, ma accentuando con<br \/>\naffetto, ironia e intelligenza i tratti pi\u00f9 iconici del balletto classico, gli incidenti<br \/>\npi\u00f9 comuni, le isterie delle pi\u00f9 celebri \u00e9toiles\u2026<br \/>\nAll\u2019ironia si affianca una tecnica impeccabile in uno spettacolo di danza<br \/>\ncurato alla perfezione, eseguito da ballerini che, senza apparente fatica e<br \/>\ndifficolt\u00e0, volteggiano su scarpette da punta giganti con le loro talvolta<br \/>\nsolide fisicit\u00e0 maschili avvolte in vaporosi tut\u00f9. Interpretano tutti i ruoli possibili,<br \/>\ntrasformandosi in cigni, silfidi, spiritelli acquatici, romantiche principesse,<br \/>\nprincipi maldestri o angosciate dame vittoriane, cos\u00ec valorizzano e celebrano<br \/>\nlo spirito della danza come forma d\u2019arte, deliziando gli spettatori.<br \/>\nLa critica internazionale \u00e8 unanime nell\u2019affermare che la gioia sprigionata dai<br \/>\nTrocks \u00e8 contagiosa.<br \/>\n\u00abI Trocks deliziano con un fascino favoloso\u00bb.<br \/>\nNew York Times<br \/>\n\u00ab!I Trocks sono tornati in citt\u00e0 per rallegrarci, rompere gli schemi e dare una<br \/>\nscossa al mondo della danza come fanno dal 1974\u00bb.<br \/>\nBroadwayworld<br \/>\n\u00abun&#8217;iperbolica cacofonia di tradizione, talento individuale e il tour de force<br \/>\ndell&#8217;abilit\u00e0 maschile che si avvicina costantemente al tutto esaurito.\u00bb<br \/>\nBalleth Erald<br \/>\n\u00abIl concetto di Les Ballets Trockadero de Monte Carlo \u00e8 una delizia che<br \/>\naspetta di essere scartata, una delizia da gustare e divorare.<br \/>\nThe Scotsman<br \/>\n\u00ab\u00c8 ricco di comicit\u00e0. I gesti caricature del portamento e dei manierismi del<br \/>\nballetto; gesti mimati come qualcuno che enuncia ossessivamente parole in<br \/>\nuna lingua straniera; sbuffi da cartone animato sincronizzati esattamente con<br \/>\nla musica; errori, passi falsi. Eppure, se le arie del balletto vengono sgonfiate e<br \/>\nle illusioni smascherate, la sua magia rimane.\u00bb.<br \/>\nThe Independent<br \/>\n\u00abLa gioia sprigionata dai Trocks \u00e8 contagiosa\u00bb.<br \/>\nNew York Times<\/p>\n<p>BIGLIETTI E BIGLIETTERIE<br \/>\nBIGLIETTERIA FISICA:<br \/>\n\u2013 MUSEO CIVICO DI BELLUNO \u2013 PALAZZO FULCIS<br \/>\nVia Roma, 28 \u2013 32100 Belluno (BL): 0437 913323<br \/>\nBIGLIETTERIA ONLINE su www.midaticket.it o www.vivaticket.com<br \/>\nABBONAMENTO platea e galleria centrale<br \/>\n&#8211; Intero \u20ac 76<br \/>\n&#8211; Ridotto (Over 60 \u2013 Under 30) \u20ac 56<br \/>\nBIGLIETTI<br \/>\n-INTERO<br \/>\nPlatea e galleria centrale \u20ac 32<br \/>\nGalleria laterale \u20ac 27<br \/>\nLoggione centrale \u20ac 18<br \/>\nPer le PROMOZIONI DEDICATE a riferirsi alla biglietteria presso il Museo Civico<br \/>\ndi Belluno &#8211; Tel al 0437 913323<br \/>\n\u2013 SCUOLE DI DANZA<br \/>\n\u2013 FAMIGLIA (2 adulti + 2 under 18)<br \/>\n\u2013 RIDUZIONI EXTRA<br \/>\n\u2013 CARTA DOCENTI<\/p>","protected":false},"excerpt":{"rendered":"<p>Rassegna Danza vedr\u00e0 al Teatro Comunale di Belluno tre importantissimi appuntamenti: OTHELLO TANGO Venerd\u00ec 9 dicembre 2022 &#8211; ore 21.00 \u201cGuardatevi dalla gelosia, mio signore! \u00c8 un mostro dagli occhi verdi che si diletta col cibo di cui si nutre.\u201d W. Shakespeare \/ Othello Dopo il successo strepitoso di Romeo y Julieta Tango la compagnia [&hellip;]<\/p>\n","protected":false},"author":2,"featured_media":115485,"comment_status":"closed","ping_status":"open","sticky":false,"template":"","format":"standard","meta":{"footnotes":""},"categories":[27,3],"tags":[],"class_list":["post-138131","post","type-post","status-publish","format-standard","has-post-thumbnail","category-appuntamenti","category-arte-cultura-spettacoli-scienza-archivi"],"yoast_head":"<!-- This site is optimized with the Yoast SEO plugin v28.4 - https:\/\/yoast.com\/product\/yoast-seo-wordpress\/ -->\n<title>Rassegna danza al Teatro comunale di Belluno - Bellunopress - Dolomiti<\/title>\n<meta name=\"robots\" content=\"index, follow, max-snippet:-1, max-image-preview:large, max-video-preview:-1\" \/>\n<link rel=\"canonical\" href=\"https:\/\/www.bellunopress.it\/fr\/2022\/12\/05\/rassegna-danza-al-teatro-comunale-di-belluno\/\" \/>\n<meta property=\"og:locale\" content=\"fr_FR\" \/>\n<meta property=\"og:type\" content=\"article\" \/>\n<meta property=\"og:title\" content=\"Rassegna danza al Teatro comunale di Belluno - Bellunopress - Dolomiti\" \/>\n<meta property=\"og:description\" content=\"Rassegna Danza vedr\u00e0 al Teatro Comunale di Belluno tre importantissimi appuntamenti: OTHELLO TANGO Venerd\u00ec 9 dicembre 2022 &#8211; ore 21.00 \u201cGuardatevi dalla gelosia, mio signore! \u00c8 un mostro dagli occhi verdi che si diletta col cibo di cui si nutre.\u201d W. Shakespeare \/ Othello Dopo il successo strepitoso di Romeo y Julieta Tango la compagnia [&hellip;]\" \/>\n<meta property=\"og:url\" content=\"https:\/\/www.bellunopress.it\/fr\/2022\/12\/05\/rassegna-danza-al-teatro-comunale-di-belluno\/\" \/>\n<meta property=\"og:site_name\" content=\"Bellunopress - Dolomiti\" \/>\n<meta property=\"article:publisher\" content=\"https:\/\/www.facebook.com\/profile.php?id=100008943462799\" \/>\n<meta property=\"article:published_time\" content=\"2022-12-05T09:07:20+00:00\" \/>\n<meta property=\"og:image\" content=\"https:\/\/www.bellunopress.it\/wp-content\/uploads\/2020\/07\/pioggia-teatro-comunale_edited.jpg\" \/>\n\t<meta property=\"og:image:width\" content=\"800\" \/>\n\t<meta property=\"og:image:height\" content=\"553\" \/>\n\t<meta property=\"og:image:type\" content=\"image\/jpeg\" \/>\n<meta name=\"author\" content=\"redazione\" \/>\n<meta name=\"twitter:card\" content=\"summary_large_image\" \/>\n<meta name=\"twitter:creator\" content=\"@bellunopress\" \/>\n<meta name=\"twitter:site\" content=\"@bellunopress\" \/>\n<meta name=\"twitter:label1\" content=\"Written by\" \/>\n\t<meta name=\"twitter:data1\" content=\"redazione\" \/>\n\t<meta name=\"twitter:label2\" content=\"Est. reading time\" \/>\n\t<meta name=\"twitter:data2\" content=\"5 minutes\" \/>\n<script type=\"application\/ld+json\" class=\"yoast-schema-graph\">{\"@context\":\"https:\\\/\\\/schema.org\",\"@graph\":[{\"@type\":\"Article\",\"@id\":\"https:\\\/\\\/www.bellunopress.it\\\/2022\\\/12\\\/05\\\/rassegna-danza-al-teatro-comunale-di-belluno\\\/#article\",\"isPartOf\":{\"@id\":\"https:\\\/\\\/www.bellunopress.it\\\/2022\\\/12\\\/05\\\/rassegna-danza-al-teatro-comunale-di-belluno\\\/\"},\"author\":{\"name\":\"redazione\",\"@id\":\"https:\\\/\\\/www.bellunopress.it\\\/#\\\/schema\\\/person\\\/79bb06722b37ece1c03d3e94beb30d73\"},\"headline\":\"Rassegna danza al Teatro comunale di Belluno\",\"datePublished\":\"2022-12-05T09:07:20+00:00\",\"mainEntityOfPage\":{\"@id\":\"https:\\\/\\\/www.bellunopress.it\\\/2022\\\/12\\\/05\\\/rassegna-danza-al-teatro-comunale-di-belluno\\\/\"},\"wordCount\":750,\"publisher\":{\"@id\":\"https:\\\/\\\/www.bellunopress.it\\\/#organization\"},\"image\":{\"@id\":\"https:\\\/\\\/www.bellunopress.it\\\/2022\\\/12\\\/05\\\/rassegna-danza-al-teatro-comunale-di-belluno\\\/#primaryimage\"},\"thumbnailUrl\":\"https:\\\/\\\/www.bellunopress.it\\\/wp-content\\\/uploads\\\/2020\\\/07\\\/pioggia-teatro-comunale_edited.jpg\",\"articleSection\":[\"Appuntamenti, Eventi\",\"Arte, Cultura, Spettacoli, Scienza\"],\"inLanguage\":\"fr-FR\"},{\"@type\":\"WebPage\",\"@id\":\"https:\\\/\\\/www.bellunopress.it\\\/2022\\\/12\\\/05\\\/rassegna-danza-al-teatro-comunale-di-belluno\\\/\",\"url\":\"https:\\\/\\\/www.bellunopress.it\\\/2022\\\/12\\\/05\\\/rassegna-danza-al-teatro-comunale-di-belluno\\\/\",\"name\":\"Rassegna danza al Teatro comunale di Belluno - Bellunopress - Dolomiti\",\"isPartOf\":{\"@id\":\"https:\\\/\\\/www.bellunopress.it\\\/#website\"},\"primaryImageOfPage\":{\"@id\":\"https:\\\/\\\/www.bellunopress.it\\\/2022\\\/12\\\/05\\\/rassegna-danza-al-teatro-comunale-di-belluno\\\/#primaryimage\"},\"image\":{\"@id\":\"https:\\\/\\\/www.bellunopress.it\\\/2022\\\/12\\\/05\\\/rassegna-danza-al-teatro-comunale-di-belluno\\\/#primaryimage\"},\"thumbnailUrl\":\"https:\\\/\\\/www.bellunopress.it\\\/wp-content\\\/uploads\\\/2020\\\/07\\\/pioggia-teatro-comunale_edited.jpg\",\"datePublished\":\"2022-12-05T09:07:20+00:00\",\"breadcrumb\":{\"@id\":\"https:\\\/\\\/www.bellunopress.it\\\/2022\\\/12\\\/05\\\/rassegna-danza-al-teatro-comunale-di-belluno\\\/#breadcrumb\"},\"inLanguage\":\"fr-FR\",\"potentialAction\":[{\"@type\":\"ReadAction\",\"target\":[\"https:\\\/\\\/www.bellunopress.it\\\/2022\\\/12\\\/05\\\/rassegna-danza-al-teatro-comunale-di-belluno\\\/\"]}]},{\"@type\":\"ImageObject\",\"inLanguage\":\"fr-FR\",\"@id\":\"https:\\\/\\\/www.bellunopress.it\\\/2022\\\/12\\\/05\\\/rassegna-danza-al-teatro-comunale-di-belluno\\\/#primaryimage\",\"url\":\"https:\\\/\\\/www.bellunopress.it\\\/wp-content\\\/uploads\\\/2020\\\/07\\\/pioggia-teatro-comunale_edited.jpg\",\"contentUrl\":\"https:\\\/\\\/www.bellunopress.it\\\/wp-content\\\/uploads\\\/2020\\\/07\\\/pioggia-teatro-comunale_edited.jpg\",\"width\":800,\"height\":553},{\"@type\":\"BreadcrumbList\",\"@id\":\"https:\\\/\\\/www.bellunopress.it\\\/2022\\\/12\\\/05\\\/rassegna-danza-al-teatro-comunale-di-belluno\\\/#breadcrumb\",\"itemListElement\":[{\"@type\":\"ListItem\",\"position\":1,\"name\":\"Home\",\"item\":\"https:\\\/\\\/www.bellunopress.it\\\/\"},{\"@type\":\"ListItem\",\"position\":2,\"name\":\"Rassegna danza al Teatro comunale di Belluno\"}]},{\"@type\":\"WebSite\",\"@id\":\"https:\\\/\\\/www.bellunopress.it\\\/#website\",\"url\":\"https:\\\/\\\/www.bellunopress.it\\\/\",\"name\":\"Bellunopress - Dolomiti\",\"description\":\"e-mail: redazione@bellunopress.it\",\"publisher\":{\"@id\":\"https:\\\/\\\/www.bellunopress.it\\\/#organization\"},\"potentialAction\":[{\"@type\":\"SearchAction\",\"target\":{\"@type\":\"EntryPoint\",\"urlTemplate\":\"https:\\\/\\\/www.bellunopress.it\\\/?s={search_term_string}\"},\"query-input\":{\"@type\":\"PropertyValueSpecification\",\"valueRequired\":true,\"valueName\":\"search_term_string\"}}],\"inLanguage\":\"fr-FR\"},{\"@type\":\"Organization\",\"@id\":\"https:\\\/\\\/www.bellunopress.it\\\/#organization\",\"name\":\"Bellunopress\",\"url\":\"https:\\\/\\\/www.bellunopress.it\\\/\",\"logo\":{\"@type\":\"ImageObject\",\"inLanguage\":\"fr-FR\",\"@id\":\"https:\\\/\\\/www.bellunopress.it\\\/#\\\/schema\\\/logo\\\/image\\\/\",\"url\":\"https:\\\/\\\/www.bellunopress.it\\\/wp-content\\\/uploads\\\/2011\\\/05\\\/cropped-logo-bellunopress-.jpg\",\"contentUrl\":\"https:\\\/\\\/www.bellunopress.it\\\/wp-content\\\/uploads\\\/2011\\\/05\\\/cropped-logo-bellunopress-.jpg\",\"width\":512,\"height\":512,\"caption\":\"Bellunopress\"},\"image\":{\"@id\":\"https:\\\/\\\/www.bellunopress.it\\\/#\\\/schema\\\/logo\\\/image\\\/\"},\"sameAs\":[\"https:\\\/\\\/www.facebook.com\\\/profile.php?id=100008943462799\",\"https:\\\/\\\/x.com\\\/bellunopress\",\"https:\\\/\\\/www.linkedin.com\\\/hp\\\/?dnr=JBzUWaJfMUw8vbXJJ2tVW5-I3jZKvC4wsoxE&amp;amp;amp;amp;amp;amp;trk=nav_responsive_tab_home\",\"https:\\\/\\\/www.youtube.com\\\/channel\\\/UCxL0wu1uN0_3_7hGG0306cw\"]},{\"@type\":\"Person\",\"@id\":\"https:\\\/\\\/www.bellunopress.it\\\/#\\\/schema\\\/person\\\/79bb06722b37ece1c03d3e94beb30d73\",\"name\":\"redazione\",\"image\":{\"@type\":\"ImageObject\",\"inLanguage\":\"fr-FR\",\"@id\":\"https:\\\/\\\/secure.gravatar.com\\\/avatar\\\/37d968a2e67a6fd04c169c4bdef102d0bc5d31b2546345219e348575eb80e9a0?s=96&d=mm&r=g\",\"url\":\"https:\\\/\\\/secure.gravatar.com\\\/avatar\\\/37d968a2e67a6fd04c169c4bdef102d0bc5d31b2546345219e348575eb80e9a0?s=96&d=mm&r=g\",\"contentUrl\":\"https:\\\/\\\/secure.gravatar.com\\\/avatar\\\/37d968a2e67a6fd04c169c4bdef102d0bc5d31b2546345219e348575eb80e9a0?s=96&d=mm&r=g\",\"caption\":\"redazione\"},\"sameAs\":[\"http:\\\/\\\/www.bellunopress.it\",\"https:\\\/\\\/x.com\\\/bellunopress\"],\"url\":\"https:\\\/\\\/www.bellunopress.it\\\/fr\\\/author\\\/redazione\\\/\"}]}<\/script>\n<!-- \/ Yoast SEO plugin. -->","yoast_head_json":{"title":"Rassegna danza al Teatro comunale di Belluno - Bellunopress - Dolomiti","robots":{"index":"index","follow":"follow","max-snippet":"max-snippet:-1","max-image-preview":"max-image-preview:large","max-video-preview":"max-video-preview:-1"},"canonical":"https:\/\/www.bellunopress.it\/fr\/2022\/12\/05\/rassegna-danza-al-teatro-comunale-di-belluno\/","og_locale":"fr_FR","og_type":"article","og_title":"Rassegna danza al Teatro comunale di Belluno - Bellunopress - Dolomiti","og_description":"Rassegna Danza vedr\u00e0 al Teatro Comunale di Belluno tre importantissimi appuntamenti: OTHELLO TANGO Venerd\u00ec 9 dicembre 2022 &#8211; ore 21.00 \u201cGuardatevi dalla gelosia, mio signore! \u00c8 un mostro dagli occhi verdi che si diletta col cibo di cui si nutre.\u201d W. Shakespeare \/ Othello Dopo il successo strepitoso di Romeo y Julieta Tango la compagnia [&hellip;]","og_url":"https:\/\/www.bellunopress.it\/fr\/2022\/12\/05\/rassegna-danza-al-teatro-comunale-di-belluno\/","og_site_name":"Bellunopress - Dolomiti","article_publisher":"https:\/\/www.facebook.com\/profile.php?id=100008943462799","article_published_time":"2022-12-05T09:07:20+00:00","og_image":[{"width":800,"height":553,"url":"https:\/\/www.bellunopress.it\/wp-content\/uploads\/2020\/07\/pioggia-teatro-comunale_edited.jpg","type":"image\/jpeg"}],"author":"redazione","twitter_card":"summary_large_image","twitter_creator":"@bellunopress","twitter_site":"@bellunopress","twitter_misc":{"Written by":"redazione","Est. reading time":"5 minutes"},"schema":{"@context":"https:\/\/schema.org","@graph":[{"@type":"Article","@id":"https:\/\/www.bellunopress.it\/2022\/12\/05\/rassegna-danza-al-teatro-comunale-di-belluno\/#article","isPartOf":{"@id":"https:\/\/www.bellunopress.it\/2022\/12\/05\/rassegna-danza-al-teatro-comunale-di-belluno\/"},"author":{"name":"redazione","@id":"https:\/\/www.bellunopress.it\/#\/schema\/person\/79bb06722b37ece1c03d3e94beb30d73"},"headline":"Rassegna danza al Teatro comunale di Belluno","datePublished":"2022-12-05T09:07:20+00:00","mainEntityOfPage":{"@id":"https:\/\/www.bellunopress.it\/2022\/12\/05\/rassegna-danza-al-teatro-comunale-di-belluno\/"},"wordCount":750,"publisher":{"@id":"https:\/\/www.bellunopress.it\/#organization"},"image":{"@id":"https:\/\/www.bellunopress.it\/2022\/12\/05\/rassegna-danza-al-teatro-comunale-di-belluno\/#primaryimage"},"thumbnailUrl":"https:\/\/www.bellunopress.it\/wp-content\/uploads\/2020\/07\/pioggia-teatro-comunale_edited.jpg","articleSection":["Appuntamenti, Eventi","Arte, Cultura, Spettacoli, Scienza"],"inLanguage":"fr-FR"},{"@type":"WebPage","@id":"https:\/\/www.bellunopress.it\/2022\/12\/05\/rassegna-danza-al-teatro-comunale-di-belluno\/","url":"https:\/\/www.bellunopress.it\/2022\/12\/05\/rassegna-danza-al-teatro-comunale-di-belluno\/","name":"Rassegna danza al Teatro comunale di Belluno - Bellunopress - Dolomiti","isPartOf":{"@id":"https:\/\/www.bellunopress.it\/#website"},"primaryImageOfPage":{"@id":"https:\/\/www.bellunopress.it\/2022\/12\/05\/rassegna-danza-al-teatro-comunale-di-belluno\/#primaryimage"},"image":{"@id":"https:\/\/www.bellunopress.it\/2022\/12\/05\/rassegna-danza-al-teatro-comunale-di-belluno\/#primaryimage"},"thumbnailUrl":"https:\/\/www.bellunopress.it\/wp-content\/uploads\/2020\/07\/pioggia-teatro-comunale_edited.jpg","datePublished":"2022-12-05T09:07:20+00:00","breadcrumb":{"@id":"https:\/\/www.bellunopress.it\/2022\/12\/05\/rassegna-danza-al-teatro-comunale-di-belluno\/#breadcrumb"},"inLanguage":"fr-FR","potentialAction":[{"@type":"ReadAction","target":["https:\/\/www.bellunopress.it\/2022\/12\/05\/rassegna-danza-al-teatro-comunale-di-belluno\/"]}]},{"@type":"ImageObject","inLanguage":"fr-FR","@id":"https:\/\/www.bellunopress.it\/2022\/12\/05\/rassegna-danza-al-teatro-comunale-di-belluno\/#primaryimage","url":"https:\/\/www.bellunopress.it\/wp-content\/uploads\/2020\/07\/pioggia-teatro-comunale_edited.jpg","contentUrl":"https:\/\/www.bellunopress.it\/wp-content\/uploads\/2020\/07\/pioggia-teatro-comunale_edited.jpg","width":800,"height":553},{"@type":"BreadcrumbList","@id":"https:\/\/www.bellunopress.it\/2022\/12\/05\/rassegna-danza-al-teatro-comunale-di-belluno\/#breadcrumb","itemListElement":[{"@type":"ListItem","position":1,"name":"Home","item":"https:\/\/www.bellunopress.it\/"},{"@type":"ListItem","position":2,"name":"Rassegna danza al Teatro comunale di Belluno"}]},{"@type":"WebSite","@id":"https:\/\/www.bellunopress.it\/#website","url":"https:\/\/www.bellunopress.it\/","name":"Bellunopress - Dolomiti","description":"e-mail: redazione@bellunopress.it","publisher":{"@id":"https:\/\/www.bellunopress.it\/#organization"},"potentialAction":[{"@type":"SearchAction","target":{"@type":"EntryPoint","urlTemplate":"https:\/\/www.bellunopress.it\/?s={search_term_string}"},"query-input":{"@type":"PropertyValueSpecification","valueRequired":true,"valueName":"search_term_string"}}],"inLanguage":"fr-FR"},{"@type":"Organization","@id":"https:\/\/www.bellunopress.it\/#organization","name":"Bellunopress","url":"https:\/\/www.bellunopress.it\/","logo":{"@type":"ImageObject","inLanguage":"fr-FR","@id":"https:\/\/www.bellunopress.it\/#\/schema\/logo\/image\/","url":"https:\/\/www.bellunopress.it\/wp-content\/uploads\/2011\/05\/cropped-logo-bellunopress-.jpg","contentUrl":"https:\/\/www.bellunopress.it\/wp-content\/uploads\/2011\/05\/cropped-logo-bellunopress-.jpg","width":512,"height":512,"caption":"Bellunopress"},"image":{"@id":"https:\/\/www.bellunopress.it\/#\/schema\/logo\/image\/"},"sameAs":["https:\/\/www.facebook.com\/profile.php?id=100008943462799","https:\/\/x.com\/bellunopress","https:\/\/www.linkedin.com\/hp\/?dnr=JBzUWaJfMUw8vbXJJ2tVW5-I3jZKvC4wsoxE&amp;amp;amp;amp;amp;amp;trk=nav_responsive_tab_home","https:\/\/www.youtube.com\/channel\/UCxL0wu1uN0_3_7hGG0306cw"]},{"@type":"Person","@id":"https:\/\/www.bellunopress.it\/#\/schema\/person\/79bb06722b37ece1c03d3e94beb30d73","name":"r\u00e9daction","image":{"@type":"ImageObject","inLanguage":"fr-FR","@id":"https:\/\/secure.gravatar.com\/avatar\/37d968a2e67a6fd04c169c4bdef102d0bc5d31b2546345219e348575eb80e9a0?s=96&d=mm&r=g","url":"https:\/\/secure.gravatar.com\/avatar\/37d968a2e67a6fd04c169c4bdef102d0bc5d31b2546345219e348575eb80e9a0?s=96&d=mm&r=g","contentUrl":"https:\/\/secure.gravatar.com\/avatar\/37d968a2e67a6fd04c169c4bdef102d0bc5d31b2546345219e348575eb80e9a0?s=96&d=mm&r=g","caption":"redazione"},"sameAs":["http:\/\/www.bellunopress.it","https:\/\/x.com\/bellunopress"],"url":"https:\/\/www.bellunopress.it\/fr\/author\/redazione\/"}]}},"_links":{"self":[{"href":"https:\/\/www.bellunopress.it\/fr\/wp-json\/wp\/v2\/posts\/138131","targetHints":{"allow":["GET"]}}],"collection":[{"href":"https:\/\/www.bellunopress.it\/fr\/wp-json\/wp\/v2\/posts"}],"about":[{"href":"https:\/\/www.bellunopress.it\/fr\/wp-json\/wp\/v2\/types\/post"}],"author":[{"embeddable":true,"href":"https:\/\/www.bellunopress.it\/fr\/wp-json\/wp\/v2\/users\/2"}],"replies":[{"embeddable":true,"href":"https:\/\/www.bellunopress.it\/fr\/wp-json\/wp\/v2\/comments?post=138131"}],"version-history":[{"count":1,"href":"https:\/\/www.bellunopress.it\/fr\/wp-json\/wp\/v2\/posts\/138131\/revisions"}],"predecessor-version":[{"id":138132,"href":"https:\/\/www.bellunopress.it\/fr\/wp-json\/wp\/v2\/posts\/138131\/revisions\/138132"}],"wp:featuredmedia":[{"embeddable":true,"href":"https:\/\/www.bellunopress.it\/fr\/wp-json\/wp\/v2\/media\/115485"}],"wp:attachment":[{"href":"https:\/\/www.bellunopress.it\/fr\/wp-json\/wp\/v2\/media?parent=138131"}],"wp:term":[{"taxonomy":"category","embeddable":true,"href":"https:\/\/www.bellunopress.it\/fr\/wp-json\/wp\/v2\/categories?post=138131"},{"taxonomy":"post_tag","embeddable":true,"href":"https:\/\/www.bellunopress.it\/fr\/wp-json\/wp\/v2\/tags?post=138131"}],"curies":[{"name":"wp","href":"https:\/\/api.w.org\/{rel}","templated":true}]}}