{"id":138123,"date":"2022-12-05T14:10:47","date_gmt":"2022-12-05T13:10:47","guid":{"rendered":"https:\/\/www.bellunopress.it\/?p=138123"},"modified":"2022-12-05T07:19:47","modified_gmt":"2022-12-05T06:19:47","slug":"il-presidente-pozza-premia-gli-studenti-vincitori-del-concorso-di-idee-per-scuole-circolar-mente-5-scuole-bellunesi-premiate-per-un-totale-di-8mila-euro","status":"publish","type":"post","link":"https:\/\/www.bellunopress.it\/fr\/2022\/12\/05\/il-presidente-pozza-premia-gli-studenti-vincitori-del-concorso-di-idee-per-scuole-circolar-mente-5-scuole-bellunesi-premiate-per-un-totale-di-8mila-euro\/","title":{"rendered":"Il presidente Pozza premia gli studenti vincitori del Concorso di Idee per scuole &#8220;Circolar&#8230;Mente&#8221;. 5 scuole bellunesi premiate per un totale di 8mila euro"},"content":{"rendered":"<figure id=\"attachment_98121\" aria-describedby=\"caption-attachment-98121\" style=\"width: 232px\" class=\"wp-caption alignleft\"><img loading=\"lazy\" decoding=\"async\" class=\"size-full wp-image-98121\" src=\"https:\/\/www.bellunopress.it\/wp-content\/uploads\/2018\/09\/Mario-Pozza.jpg\" alt=\"\" width=\"232\" height=\"300\" \/><figcaption id=\"caption-attachment-98121\" class=\"wp-caption-text\">Mario Pozza<\/figcaption><\/figure>\n<p>Belluno, 5 dicembre 2022 &#8211; Oggi, in Camera di Commercio, il Presidente Mario Pozza ha accolto e premiato gli studenti delle scuole che hanno partecipato al concorso &#8220;Circolar&#8230;Mente&#8221; che richiedeva di interpretare il tema dell&#8217;economia circolare, realizzando un prototipo originale assemblato con materiali di scarto provenienti da utenze domestiche e impianti produttivi. Il bando richiedeva inoltre di realizzare un video che mostrasse il prototipo realizzato nelle sue fasi di produzione.<\/p>\n<p>Sono risultati vincitori il Liceo Artistico di Cortina, la Scuola Media &#8220;S. RICCI&#8221; di Belluno, la scuola primaria &#8220;Vittorino da Feltre&#8221; di Belluno, la scuola primaria &#8220;Carmela Ronchi&#8221; di Vallada Agordina e l&#8217;Istituto Comprensivo &#8220;F. Berton&#8221; di Pedavena.<\/p>\n<p>Abbiamo voluto coinvolgere tutte le scuole, per la prima volta anche le scuole medie e le scuole primarie, statali e paritarie delle province di Treviso e Belluno perch\u00e9 sappiamo \u2013 evidenzia il Presidente della Camera di Commercio di Treviso \u2013 Belluno!Dolomiti Mario Pozza &#8211; quale valore abbia, per la crescita dei giovani e per la formazione dei futuri cittadini e imprenditori responsabili, il tema della sostenibilit\u00e0.<\/p>\n<p>Ringrazio i dirigenti e gli insegnanti per l&#8217;ampia partecipazione, 13 scuole hanno realizzato ben 36 progetti segno di un fruttuoso dialogo tra la scuola e l&#8217;Ente camerale. Non solo idee ma anche sostegno finanziario e oggi, la Camera di Commercio assegna i premi per un totale di 8MILA euro (due del valore di 2.500 euro ciascuno e 3 del valore di 1.000 euro ciascuno).<\/p>\n<p>&nbsp;<\/p>\n<p><strong>Le motivazioni<\/strong><\/p>\n<p>Liceo Artistico di Cortina (BL) al quale \u00e8 stato assegnato il premio per la categoria Oggetto di design \u2013 scuole superiori con il progetto &#8220;Lampada della vita&#8221;, nella quale si intrecciano &#8220;storia&#8221; ed utilizzo di vari materiali quali il legno di pino cembro proveniente da Vaia, donato dalle Regole di Cortina, trave vecchio in abete, recuperato da un vecchio fienile, vetro-resina (resina epossidica) scaduta, munizioni trovate a \u00abMonte Piana\u00bb e risalenti la seconda guerra mondiale e led riciclato;<br \/>\nScuola Media &#8220;S. RICCI&#8221; di Belluno alla quale \u00e8 stato assegnato il premio per la categoria Oggetto utilizzabile \u2013 scuole medie con il progetto &#8220;La sedia delle storie&#8221;, progettata e realizzata per essere usata a scuola, nei momenti di lettura dei libri. Al suo interno \u00e8 stata inserita una lampada e sulla parte posteriore ci sono una lavagna e un pannello in polistirolo per annotare i titoli dei libri letti e le nostre riflessioni dopo la lettura. Ha 4 ruote cos\u00ec da poter essere facilmente spostata;<br \/>\nScuola primaria &#8220;Vittorino da Feltre&#8221; (BL) alla quale \u00e8 stato assegnato il premio per la categoria Oggetto utilizzabile \u2013 scuole primarie con il progetto &#8220;Ecocalendario&#8221;, un calendario perpetuo realizzato dai bambini della classe prima, utilizzando un bastone di scarto, rotoli interni della carta da cucina, pellicola e alluminio, parte interna delle confezioni di biscotti e cracker e nastro della confezione della colomba pasquale;<br \/>\nScuola primaria &#8220;Carmela Ronchi&#8221; di Vallada Agordina (BL) alla quale \u00e8 stato assegnato il premio per la categoria Oggetto di design \u2013 scuole primarie con il progetto &#8220;Recycle city&#8221;, una citt\u00e0 sostenibile in miniatura che, oltre ad essere un oggetto di design che pu\u00f2 servire ad abbellire la scuola, pu\u00f2 essere anche una pista per le macchinette, un paesaggio da utilizzare per imparare ad orientarsi, conoscere i punti cardinali, ma anche per imparare l&#8217;educazione stradale come pedoni;<br \/>\nIstituto Comprensivo &#8220;F. Berton&#8221; di Pedavena (BL) al quale \u00e8 stato assegnato il premio per la categoria Oggetto innovativo \u2013 scuole primarie con il progetto &#8220;Gru raccogli alberi&#8221;, un prototipo che sfrutta il magnetismo e dimostra come le calamite possano servire come altra modalit\u00e0 per raccogliere le piante cadute nel bosco che possono essere riutilizzate magari come biomassa per produrre energia. La gru \u00e8 dotata di uno speciale braccio meccanico che ha alla sua estremit\u00e0 una calamita che aggancia il tronco sul quale \u00e8 stata fissata a sua volta un&#8217;altra calamita. Con questo congegno la pianta pu\u00f2 essere caricata agevolmente sul pianale della gru e trasportata altrove.<br \/>\n\u00c8 stata particolarmente apprezzata la creativit\u00e0 e l&#8217;attenzione alla ricerca e ai dettagli, dimostrata dalle scuole premiate. Alla scuola primaria di Pedavena, va inoltre il merito di aver presentato 5 dei 7 progetti presentati dalle scuole primarie, dimostrando un particolare impegno e coinvolgimento di studenti ed insegnanti.<\/p>\n<p>Nel corso della cerimonia sono stati presentati i video dei prototipi premiati, ed esposti gli oggetti realizzati dagli studenti delle cinque scuole bellunesi premiate.<\/p>\n<p>Il Presidente Pozza ha consegnato l&#8217;attestato di partecipazione a 55 studenti ed ai 5 insegnanti referenti di progetto, del Liceo Artistico di Cortina, della Scuola Media &#8220;S. RICCI&#8221;, della scuola primaria &#8220;Vittorino da Feltre&#8221;, della scuola primaria &#8220;Carmela Ronchi&#8221; di Vallada Agordina e dell&#8217;Istituto Comprensivo &#8220;F. Berton&#8221; di Pedavena presenti all&#8217;evento.<\/p>\n<p>Sono stati rilasciati 35 attestati per i &#8220;Percorsi per le competenze trasversali e per l&#8217;orientamento&#8221;, per un totale di 1.000 ore (studenti) e 160 ore (docenti).<\/p>\n<p>Anche le scuole che non hanno vinto vedranno pubblicati nella playlist del canale YouTube camerale www.tb.camcom.it, tutti i video realizzati, quale segno di ringraziamento a studenti e docenti per l&#8217;impegno e la dedizione profusa.<\/p>\n<p>Lo scorso 11 novembre, nella sede camerale di Treviso sono stati premiati il Liceo Artistico Statale di Treviso per la categoria Oggetto utilizzabile \u2013 scuole superiori con il progetto &#8220;Poltrona multifunzionale&#8221; ed il Collegio &#8220;Brandolini \u2013 Rota&#8221; di Oderzo per la categoria Oggetto di design \u2013 scuole medie con il progetto &#8220;L&#8217;ARTE DEL RICICLO. Avete mai realizzato un quadro con 15 materiali?&#8221;. Entrambe le scuole trevigiane hanno vinto un premio in denaro di 2.500,00 euro.<\/p>\n<p>Playlist nel canale YouTube camerale.<\/p>\n<p>https:\/\/youtu.be\/Dzjvj5LT9j8 Lampada della vita<\/p>\n<p>https:\/\/youtu.be\/ol3fTBiE9fc Gru raccogli alberi<\/p>\n<p>https:\/\/youtu.be\/T0RAns8xiE0 Ecocalendario<\/p>\n<p>https:\/\/youtu.be\/-GGDZseXNMA Recycle city<\/p>\n<p>https:\/\/youtu.be\/_GjAZI6gHoI La sedia delle storie<\/p>","protected":false},"excerpt":{"rendered":"<p>Belluno, 5 dicembre 2022 &#8211; Oggi, in Camera di Commercio, il Presidente Mario Pozza ha accolto e premiato gli studenti delle scuole che hanno partecipato al concorso &#8220;Circolar&#8230;Mente&#8221; che richiedeva di interpretare il tema dell&#8217;economia circolare, realizzando un prototipo originale assemblato con materiali di scarto provenienti da utenze domestiche e impianti produttivi. Il bando richiedeva [&hellip;]<\/p>\n","protected":false},"author":2,"featured_media":98121,"comment_status":"closed","ping_status":"open","sticky":false,"template":"","format":"standard","meta":{"footnotes":""},"categories":[15],"tags":[],"class_list":["post-138123","post","type-post","status-publish","format-standard","has-post-thumbnail","category-scuola"],"yoast_head":"<!-- This site is optimized with the Yoast SEO plugin v28.4 - https:\/\/yoast.com\/product\/yoast-seo-wordpress\/ -->\n<title>Il presidente Pozza premia gli studenti vincitori del Concorso di Idee per scuole &quot;Circolar...Mente&quot;. 5 scuole bellunesi premiate per un totale di 8mila euro - Bellunopress - Dolomiti<\/title>\n<meta name=\"robots\" content=\"index, follow, max-snippet:-1, max-image-preview:large, max-video-preview:-1\" \/>\n<link rel=\"canonical\" href=\"https:\/\/www.bellunopress.it\/fr\/2022\/12\/05\/il-presidente-pozza-premia-gli-studenti-vincitori-del-concorso-di-idee-per-scuole-circolar-mente-5-scuole-bellunesi-premiate-per-un-totale-di-8mila-euro\/\" \/>\n<meta property=\"og:locale\" content=\"fr_FR\" \/>\n<meta property=\"og:type\" content=\"article\" \/>\n<meta property=\"og:title\" content=\"Il presidente Pozza premia gli studenti vincitori del Concorso di Idee per scuole &quot;Circolar...Mente&quot;. 5 scuole bellunesi premiate per un totale di 8mila euro - Bellunopress - Dolomiti\" \/>\n<meta property=\"og:description\" content=\"Belluno, 5 dicembre 2022 &#8211; Oggi, in Camera di Commercio, il Presidente Mario Pozza ha accolto e premiato gli studenti delle scuole che hanno partecipato al concorso &#8220;Circolar&#8230;Mente&#8221; che richiedeva di interpretare il tema dell&#8217;economia circolare, realizzando un prototipo originale assemblato con materiali di scarto provenienti da utenze domestiche e impianti produttivi. Il bando richiedeva [&hellip;]\" \/>\n<meta property=\"og:url\" content=\"https:\/\/www.bellunopress.it\/fr\/2022\/12\/05\/il-presidente-pozza-premia-gli-studenti-vincitori-del-concorso-di-idee-per-scuole-circolar-mente-5-scuole-bellunesi-premiate-per-un-totale-di-8mila-euro\/\" \/>\n<meta property=\"og:site_name\" content=\"Bellunopress - Dolomiti\" \/>\n<meta property=\"article:publisher\" content=\"https:\/\/www.facebook.com\/profile.php?id=100008943462799\" \/>\n<meta property=\"article:published_time\" content=\"2022-12-05T13:10:47+00:00\" \/>\n<meta property=\"og:image\" content=\"https:\/\/www.bellunopress.it\/wp-content\/uploads\/2018\/09\/Mario-Pozza.jpg\" \/>\n\t<meta property=\"og:image:width\" content=\"232\" \/>\n\t<meta property=\"og:image:height\" content=\"300\" \/>\n\t<meta property=\"og:image:type\" content=\"image\/jpeg\" \/>\n<meta name=\"author\" content=\"redazione\" \/>\n<meta name=\"twitter:card\" content=\"summary_large_image\" \/>\n<meta name=\"twitter:creator\" content=\"@bellunopress\" \/>\n<meta name=\"twitter:site\" content=\"@bellunopress\" \/>\n<meta name=\"twitter:label1\" content=\"\u00c9crit par\" \/>\n\t<meta name=\"twitter:data1\" content=\"redazione\" \/>\n\t<meta name=\"twitter:label2\" content=\"Dur\u00e9e de lecture estim\u00e9e\" \/>\n\t<meta name=\"twitter:data2\" content=\"6 minutes\" \/>\n<script type=\"application\/ld+json\" class=\"yoast-schema-graph\">{\"@context\":\"https:\\\/\\\/schema.org\",\"@graph\":[{\"@type\":\"Article\",\"@id\":\"https:\\\/\\\/www.bellunopress.it\\\/2022\\\/12\\\/05\\\/il-presidente-pozza-premia-gli-studenti-vincitori-del-concorso-di-idee-per-scuole-circolar-mente-5-scuole-bellunesi-premiate-per-un-totale-di-8mila-euro\\\/#article\",\"isPartOf\":{\"@id\":\"https:\\\/\\\/www.bellunopress.it\\\/2022\\\/12\\\/05\\\/il-presidente-pozza-premia-gli-studenti-vincitori-del-concorso-di-idee-per-scuole-circolar-mente-5-scuole-bellunesi-premiate-per-un-totale-di-8mila-euro\\\/\"},\"author\":{\"name\":\"redazione\",\"@id\":\"https:\\\/\\\/www.bellunopress.it\\\/#\\\/schema\\\/person\\\/79bb06722b37ece1c03d3e94beb30d73\"},\"headline\":\"Il presidente Pozza premia gli studenti vincitori del Concorso di Idee per scuole &#8220;Circolar&#8230;Mente&#8221;. 5 scuole bellunesi premiate per un totale di 8mila euro\",\"datePublished\":\"2022-12-05T13:10:47+00:00\",\"mainEntityOfPage\":{\"@id\":\"https:\\\/\\\/www.bellunopress.it\\\/2022\\\/12\\\/05\\\/il-presidente-pozza-premia-gli-studenti-vincitori-del-concorso-di-idee-per-scuole-circolar-mente-5-scuole-bellunesi-premiate-per-un-totale-di-8mila-euro\\\/\"},\"wordCount\":968,\"publisher\":{\"@id\":\"https:\\\/\\\/www.bellunopress.it\\\/#organization\"},\"image\":{\"@id\":\"https:\\\/\\\/www.bellunopress.it\\\/2022\\\/12\\\/05\\\/il-presidente-pozza-premia-gli-studenti-vincitori-del-concorso-di-idee-per-scuole-circolar-mente-5-scuole-bellunesi-premiate-per-un-totale-di-8mila-euro\\\/#primaryimage\"},\"thumbnailUrl\":\"https:\\\/\\\/www.bellunopress.it\\\/wp-content\\\/uploads\\\/2018\\\/09\\\/Mario-Pozza.jpg\",\"articleSection\":[\"Scuola\"],\"inLanguage\":\"fr-FR\"},{\"@type\":\"WebPage\",\"@id\":\"https:\\\/\\\/www.bellunopress.it\\\/2022\\\/12\\\/05\\\/il-presidente-pozza-premia-gli-studenti-vincitori-del-concorso-di-idee-per-scuole-circolar-mente-5-scuole-bellunesi-premiate-per-un-totale-di-8mila-euro\\\/\",\"url\":\"https:\\\/\\\/www.bellunopress.it\\\/2022\\\/12\\\/05\\\/il-presidente-pozza-premia-gli-studenti-vincitori-del-concorso-di-idee-per-scuole-circolar-mente-5-scuole-bellunesi-premiate-per-un-totale-di-8mila-euro\\\/\",\"name\":\"Il presidente Pozza premia gli studenti vincitori del Concorso di Idee per scuole \\\"Circolar...Mente\\\". 5 scuole bellunesi premiate per un totale di 8mila euro - Bellunopress - Dolomiti\",\"isPartOf\":{\"@id\":\"https:\\\/\\\/www.bellunopress.it\\\/#website\"},\"primaryImageOfPage\":{\"@id\":\"https:\\\/\\\/www.bellunopress.it\\\/2022\\\/12\\\/05\\\/il-presidente-pozza-premia-gli-studenti-vincitori-del-concorso-di-idee-per-scuole-circolar-mente-5-scuole-bellunesi-premiate-per-un-totale-di-8mila-euro\\\/#primaryimage\"},\"image\":{\"@id\":\"https:\\\/\\\/www.bellunopress.it\\\/2022\\\/12\\\/05\\\/il-presidente-pozza-premia-gli-studenti-vincitori-del-concorso-di-idee-per-scuole-circolar-mente-5-scuole-bellunesi-premiate-per-un-totale-di-8mila-euro\\\/#primaryimage\"},\"thumbnailUrl\":\"https:\\\/\\\/www.bellunopress.it\\\/wp-content\\\/uploads\\\/2018\\\/09\\\/Mario-Pozza.jpg\",\"datePublished\":\"2022-12-05T13:10:47+00:00\",\"breadcrumb\":{\"@id\":\"https:\\\/\\\/www.bellunopress.it\\\/2022\\\/12\\\/05\\\/il-presidente-pozza-premia-gli-studenti-vincitori-del-concorso-di-idee-per-scuole-circolar-mente-5-scuole-bellunesi-premiate-per-un-totale-di-8mila-euro\\\/#breadcrumb\"},\"inLanguage\":\"fr-FR\",\"potentialAction\":[{\"@type\":\"ReadAction\",\"target\":[\"https:\\\/\\\/www.bellunopress.it\\\/2022\\\/12\\\/05\\\/il-presidente-pozza-premia-gli-studenti-vincitori-del-concorso-di-idee-per-scuole-circolar-mente-5-scuole-bellunesi-premiate-per-un-totale-di-8mila-euro\\\/\"]}]},{\"@type\":\"ImageObject\",\"inLanguage\":\"fr-FR\",\"@id\":\"https:\\\/\\\/www.bellunopress.it\\\/2022\\\/12\\\/05\\\/il-presidente-pozza-premia-gli-studenti-vincitori-del-concorso-di-idee-per-scuole-circolar-mente-5-scuole-bellunesi-premiate-per-un-totale-di-8mila-euro\\\/#primaryimage\",\"url\":\"https:\\\/\\\/www.bellunopress.it\\\/wp-content\\\/uploads\\\/2018\\\/09\\\/Mario-Pozza.jpg\",\"contentUrl\":\"https:\\\/\\\/www.bellunopress.it\\\/wp-content\\\/uploads\\\/2018\\\/09\\\/Mario-Pozza.jpg\",\"width\":232,\"height\":300,\"caption\":\"Mario Pozza - Presidente Camera di Commercio Treviso\\\/Belluno\\\/Dolomiti\"},{\"@type\":\"BreadcrumbList\",\"@id\":\"https:\\\/\\\/www.bellunopress.it\\\/2022\\\/12\\\/05\\\/il-presidente-pozza-premia-gli-studenti-vincitori-del-concorso-di-idee-per-scuole-circolar-mente-5-scuole-bellunesi-premiate-per-un-totale-di-8mila-euro\\\/#breadcrumb\",\"itemListElement\":[{\"@type\":\"ListItem\",\"position\":1,\"name\":\"Home\",\"item\":\"https:\\\/\\\/www.bellunopress.it\\\/\"},{\"@type\":\"ListItem\",\"position\":2,\"name\":\"Il presidente Pozza premia gli studenti vincitori del Concorso di Idee per scuole &#8220;Circolar&#8230;Mente&#8221;. 5 scuole bellunesi premiate per un totale di 8mila euro\"}]},{\"@type\":\"WebSite\",\"@id\":\"https:\\\/\\\/www.bellunopress.it\\\/#website\",\"url\":\"https:\\\/\\\/www.bellunopress.it\\\/\",\"name\":\"Bellunopress - Dolomiti\",\"description\":\"e-mail: redazione@bellunopress.it\",\"publisher\":{\"@id\":\"https:\\\/\\\/www.bellunopress.it\\\/#organization\"},\"potentialAction\":[{\"@type\":\"SearchAction\",\"target\":{\"@type\":\"EntryPoint\",\"urlTemplate\":\"https:\\\/\\\/www.bellunopress.it\\\/?s={search_term_string}\"},\"query-input\":{\"@type\":\"PropertyValueSpecification\",\"valueRequired\":true,\"valueName\":\"search_term_string\"}}],\"inLanguage\":\"fr-FR\"},{\"@type\":\"Organization\",\"@id\":\"https:\\\/\\\/www.bellunopress.it\\\/#organization\",\"name\":\"Bellunopress\",\"url\":\"https:\\\/\\\/www.bellunopress.it\\\/\",\"logo\":{\"@type\":\"ImageObject\",\"inLanguage\":\"fr-FR\",\"@id\":\"https:\\\/\\\/www.bellunopress.it\\\/#\\\/schema\\\/logo\\\/image\\\/\",\"url\":\"https:\\\/\\\/www.bellunopress.it\\\/wp-content\\\/uploads\\\/2011\\\/05\\\/cropped-logo-bellunopress-.jpg\",\"contentUrl\":\"https:\\\/\\\/www.bellunopress.it\\\/wp-content\\\/uploads\\\/2011\\\/05\\\/cropped-logo-bellunopress-.jpg\",\"width\":512,\"height\":512,\"caption\":\"Bellunopress\"},\"image\":{\"@id\":\"https:\\\/\\\/www.bellunopress.it\\\/#\\\/schema\\\/logo\\\/image\\\/\"},\"sameAs\":[\"https:\\\/\\\/www.facebook.com\\\/profile.php?id=100008943462799\",\"https:\\\/\\\/x.com\\\/bellunopress\",\"https:\\\/\\\/www.linkedin.com\\\/hp\\\/?dnr=JBzUWaJfMUw8vbXJJ2tVW5-I3jZKvC4wsoxE&amp;amp;amp;amp;amp;amp;trk=nav_responsive_tab_home\",\"https:\\\/\\\/www.youtube.com\\\/channel\\\/UCxL0wu1uN0_3_7hGG0306cw\"]},{\"@type\":\"Person\",\"@id\":\"https:\\\/\\\/www.bellunopress.it\\\/#\\\/schema\\\/person\\\/79bb06722b37ece1c03d3e94beb30d73\",\"name\":\"redazione\",\"image\":{\"@type\":\"ImageObject\",\"inLanguage\":\"fr-FR\",\"@id\":\"https:\\\/\\\/secure.gravatar.com\\\/avatar\\\/37d968a2e67a6fd04c169c4bdef102d0bc5d31b2546345219e348575eb80e9a0?s=96&d=mm&r=g\",\"url\":\"https:\\\/\\\/secure.gravatar.com\\\/avatar\\\/37d968a2e67a6fd04c169c4bdef102d0bc5d31b2546345219e348575eb80e9a0?s=96&d=mm&r=g\",\"contentUrl\":\"https:\\\/\\\/secure.gravatar.com\\\/avatar\\\/37d968a2e67a6fd04c169c4bdef102d0bc5d31b2546345219e348575eb80e9a0?s=96&d=mm&r=g\",\"caption\":\"redazione\"},\"sameAs\":[\"http:\\\/\\\/www.bellunopress.it\",\"https:\\\/\\\/x.com\\\/bellunopress\"],\"url\":\"https:\\\/\\\/www.bellunopress.it\\\/fr\\\/author\\\/redazione\\\/\"}]}<\/script>\n<!-- \/ Yoast SEO plugin. -->","yoast_head_json":{"title":"Il presidente Pozza premia gli studenti vincitori del Concorso di Idee per scuole \"Circolar...Mente\". 5 scuole bellunesi premiate per un totale di 8mila euro - Bellunopress - Dolomiti","robots":{"index":"index","follow":"follow","max-snippet":"max-snippet:-1","max-image-preview":"max-image-preview:large","max-video-preview":"max-video-preview:-1"},"canonical":"https:\/\/www.bellunopress.it\/fr\/2022\/12\/05\/il-presidente-pozza-premia-gli-studenti-vincitori-del-concorso-di-idee-per-scuole-circolar-mente-5-scuole-bellunesi-premiate-per-un-totale-di-8mila-euro\/","og_locale":"fr_FR","og_type":"article","og_title":"Il presidente Pozza premia gli studenti vincitori del Concorso di Idee per scuole \"Circolar...Mente\". 5 scuole bellunesi premiate per un totale di 8mila euro - Bellunopress - Dolomiti","og_description":"Belluno, 5 dicembre 2022 &#8211; Oggi, in Camera di Commercio, il Presidente Mario Pozza ha accolto e premiato gli studenti delle scuole che hanno partecipato al concorso &#8220;Circolar&#8230;Mente&#8221; che richiedeva di interpretare il tema dell&#8217;economia circolare, realizzando un prototipo originale assemblato con materiali di scarto provenienti da utenze domestiche e impianti produttivi. Il bando richiedeva [&hellip;]","og_url":"https:\/\/www.bellunopress.it\/fr\/2022\/12\/05\/il-presidente-pozza-premia-gli-studenti-vincitori-del-concorso-di-idee-per-scuole-circolar-mente-5-scuole-bellunesi-premiate-per-un-totale-di-8mila-euro\/","og_site_name":"Bellunopress - Dolomiti","article_publisher":"https:\/\/www.facebook.com\/profile.php?id=100008943462799","article_published_time":"2022-12-05T13:10:47+00:00","og_image":[{"width":232,"height":300,"url":"https:\/\/www.bellunopress.it\/wp-content\/uploads\/2018\/09\/Mario-Pozza.jpg","type":"image\/jpeg"}],"author":"redazione","twitter_card":"summary_large_image","twitter_creator":"@bellunopress","twitter_site":"@bellunopress","twitter_misc":{"\u00c9crit par":"redazione","Dur\u00e9e de lecture estim\u00e9e":"6 minutes"},"schema":{"@context":"https:\/\/schema.org","@graph":[{"@type":"Article","@id":"https:\/\/www.bellunopress.it\/2022\/12\/05\/il-presidente-pozza-premia-gli-studenti-vincitori-del-concorso-di-idee-per-scuole-circolar-mente-5-scuole-bellunesi-premiate-per-un-totale-di-8mila-euro\/#article","isPartOf":{"@id":"https:\/\/www.bellunopress.it\/2022\/12\/05\/il-presidente-pozza-premia-gli-studenti-vincitori-del-concorso-di-idee-per-scuole-circolar-mente-5-scuole-bellunesi-premiate-per-un-totale-di-8mila-euro\/"},"author":{"name":"redazione","@id":"https:\/\/www.bellunopress.it\/#\/schema\/person\/79bb06722b37ece1c03d3e94beb30d73"},"headline":"Il presidente Pozza premia gli studenti vincitori del Concorso di Idee per scuole &#8220;Circolar&#8230;Mente&#8221;. 5 scuole bellunesi premiate per un totale di 8mila euro","datePublished":"2022-12-05T13:10:47+00:00","mainEntityOfPage":{"@id":"https:\/\/www.bellunopress.it\/2022\/12\/05\/il-presidente-pozza-premia-gli-studenti-vincitori-del-concorso-di-idee-per-scuole-circolar-mente-5-scuole-bellunesi-premiate-per-un-totale-di-8mila-euro\/"},"wordCount":968,"publisher":{"@id":"https:\/\/www.bellunopress.it\/#organization"},"image":{"@id":"https:\/\/www.bellunopress.it\/2022\/12\/05\/il-presidente-pozza-premia-gli-studenti-vincitori-del-concorso-di-idee-per-scuole-circolar-mente-5-scuole-bellunesi-premiate-per-un-totale-di-8mila-euro\/#primaryimage"},"thumbnailUrl":"https:\/\/www.bellunopress.it\/wp-content\/uploads\/2018\/09\/Mario-Pozza.jpg","articleSection":["Scuola"],"inLanguage":"fr-FR"},{"@type":"WebPage","@id":"https:\/\/www.bellunopress.it\/2022\/12\/05\/il-presidente-pozza-premia-gli-studenti-vincitori-del-concorso-di-idee-per-scuole-circolar-mente-5-scuole-bellunesi-premiate-per-un-totale-di-8mila-euro\/","url":"https:\/\/www.bellunopress.it\/2022\/12\/05\/il-presidente-pozza-premia-gli-studenti-vincitori-del-concorso-di-idee-per-scuole-circolar-mente-5-scuole-bellunesi-premiate-per-un-totale-di-8mila-euro\/","name":"Il presidente Pozza premia gli studenti vincitori del Concorso di Idee per scuole \"Circolar...Mente\". 5 scuole bellunesi premiate per un totale di 8mila euro - Bellunopress - Dolomiti","isPartOf":{"@id":"https:\/\/www.bellunopress.it\/#website"},"primaryImageOfPage":{"@id":"https:\/\/www.bellunopress.it\/2022\/12\/05\/il-presidente-pozza-premia-gli-studenti-vincitori-del-concorso-di-idee-per-scuole-circolar-mente-5-scuole-bellunesi-premiate-per-un-totale-di-8mila-euro\/#primaryimage"},"image":{"@id":"https:\/\/www.bellunopress.it\/2022\/12\/05\/il-presidente-pozza-premia-gli-studenti-vincitori-del-concorso-di-idee-per-scuole-circolar-mente-5-scuole-bellunesi-premiate-per-un-totale-di-8mila-euro\/#primaryimage"},"thumbnailUrl":"https:\/\/www.bellunopress.it\/wp-content\/uploads\/2018\/09\/Mario-Pozza.jpg","datePublished":"2022-12-05T13:10:47+00:00","breadcrumb":{"@id":"https:\/\/www.bellunopress.it\/2022\/12\/05\/il-presidente-pozza-premia-gli-studenti-vincitori-del-concorso-di-idee-per-scuole-circolar-mente-5-scuole-bellunesi-premiate-per-un-totale-di-8mila-euro\/#breadcrumb"},"inLanguage":"fr-FR","potentialAction":[{"@type":"ReadAction","target":["https:\/\/www.bellunopress.it\/2022\/12\/05\/il-presidente-pozza-premia-gli-studenti-vincitori-del-concorso-di-idee-per-scuole-circolar-mente-5-scuole-bellunesi-premiate-per-un-totale-di-8mila-euro\/"]}]},{"@type":"ImageObject","inLanguage":"fr-FR","@id":"https:\/\/www.bellunopress.it\/2022\/12\/05\/il-presidente-pozza-premia-gli-studenti-vincitori-del-concorso-di-idee-per-scuole-circolar-mente-5-scuole-bellunesi-premiate-per-un-totale-di-8mila-euro\/#primaryimage","url":"https:\/\/www.bellunopress.it\/wp-content\/uploads\/2018\/09\/Mario-Pozza.jpg","contentUrl":"https:\/\/www.bellunopress.it\/wp-content\/uploads\/2018\/09\/Mario-Pozza.jpg","width":232,"height":300,"caption":"Mario Pozza - Presidente Camera di Commercio Treviso\/Belluno\/Dolomiti"},{"@type":"BreadcrumbList","@id":"https:\/\/www.bellunopress.it\/2022\/12\/05\/il-presidente-pozza-premia-gli-studenti-vincitori-del-concorso-di-idee-per-scuole-circolar-mente-5-scuole-bellunesi-premiate-per-un-totale-di-8mila-euro\/#breadcrumb","itemListElement":[{"@type":"ListItem","position":1,"name":"Home","item":"https:\/\/www.bellunopress.it\/"},{"@type":"ListItem","position":2,"name":"Il presidente Pozza premia gli studenti vincitori del Concorso di Idee per scuole &#8220;Circolar&#8230;Mente&#8221;. 5 scuole bellunesi premiate per un totale di 8mila euro"}]},{"@type":"WebSite","@id":"https:\/\/www.bellunopress.it\/#website","url":"https:\/\/www.bellunopress.it\/","name":"Bellunopress - Dolomiti","description":"e-mail: redazione@bellunopress.it","publisher":{"@id":"https:\/\/www.bellunopress.it\/#organization"},"potentialAction":[{"@type":"SearchAction","target":{"@type":"EntryPoint","urlTemplate":"https:\/\/www.bellunopress.it\/?s={search_term_string}"},"query-input":{"@type":"PropertyValueSpecification","valueRequired":true,"valueName":"search_term_string"}}],"inLanguage":"fr-FR"},{"@type":"Organization","@id":"https:\/\/www.bellunopress.it\/#organization","name":"Bellunopress","url":"https:\/\/www.bellunopress.it\/","logo":{"@type":"ImageObject","inLanguage":"fr-FR","@id":"https:\/\/www.bellunopress.it\/#\/schema\/logo\/image\/","url":"https:\/\/www.bellunopress.it\/wp-content\/uploads\/2011\/05\/cropped-logo-bellunopress-.jpg","contentUrl":"https:\/\/www.bellunopress.it\/wp-content\/uploads\/2011\/05\/cropped-logo-bellunopress-.jpg","width":512,"height":512,"caption":"Bellunopress"},"image":{"@id":"https:\/\/www.bellunopress.it\/#\/schema\/logo\/image\/"},"sameAs":["https:\/\/www.facebook.com\/profile.php?id=100008943462799","https:\/\/x.com\/bellunopress","https:\/\/www.linkedin.com\/hp\/?dnr=JBzUWaJfMUw8vbXJJ2tVW5-I3jZKvC4wsoxE&amp;amp;amp;amp;amp;amp;trk=nav_responsive_tab_home","https:\/\/www.youtube.com\/channel\/UCxL0wu1uN0_3_7hGG0306cw"]},{"@type":"Person","@id":"https:\/\/www.bellunopress.it\/#\/schema\/person\/79bb06722b37ece1c03d3e94beb30d73","name":"r\u00e9daction","image":{"@type":"ImageObject","inLanguage":"fr-FR","@id":"https:\/\/secure.gravatar.com\/avatar\/37d968a2e67a6fd04c169c4bdef102d0bc5d31b2546345219e348575eb80e9a0?s=96&d=mm&r=g","url":"https:\/\/secure.gravatar.com\/avatar\/37d968a2e67a6fd04c169c4bdef102d0bc5d31b2546345219e348575eb80e9a0?s=96&d=mm&r=g","contentUrl":"https:\/\/secure.gravatar.com\/avatar\/37d968a2e67a6fd04c169c4bdef102d0bc5d31b2546345219e348575eb80e9a0?s=96&d=mm&r=g","caption":"redazione"},"sameAs":["http:\/\/www.bellunopress.it","https:\/\/x.com\/bellunopress"],"url":"https:\/\/www.bellunopress.it\/fr\/author\/redazione\/"}]}},"_links":{"self":[{"href":"https:\/\/www.bellunopress.it\/fr\/wp-json\/wp\/v2\/posts\/138123","targetHints":{"allow":["GET"]}}],"collection":[{"href":"https:\/\/www.bellunopress.it\/fr\/wp-json\/wp\/v2\/posts"}],"about":[{"href":"https:\/\/www.bellunopress.it\/fr\/wp-json\/wp\/v2\/types\/post"}],"author":[{"embeddable":true,"href":"https:\/\/www.bellunopress.it\/fr\/wp-json\/wp\/v2\/users\/2"}],"replies":[{"embeddable":true,"href":"https:\/\/www.bellunopress.it\/fr\/wp-json\/wp\/v2\/comments?post=138123"}],"version-history":[{"count":1,"href":"https:\/\/www.bellunopress.it\/fr\/wp-json\/wp\/v2\/posts\/138123\/revisions"}],"predecessor-version":[{"id":138124,"href":"https:\/\/www.bellunopress.it\/fr\/wp-json\/wp\/v2\/posts\/138123\/revisions\/138124"}],"wp:featuredmedia":[{"embeddable":true,"href":"https:\/\/www.bellunopress.it\/fr\/wp-json\/wp\/v2\/media\/98121"}],"wp:attachment":[{"href":"https:\/\/www.bellunopress.it\/fr\/wp-json\/wp\/v2\/media?parent=138123"}],"wp:term":[{"taxonomy":"category","embeddable":true,"href":"https:\/\/www.bellunopress.it\/fr\/wp-json\/wp\/v2\/categories?post=138123"},{"taxonomy":"post_tag","embeddable":true,"href":"https:\/\/www.bellunopress.it\/fr\/wp-json\/wp\/v2\/tags?post=138123"}],"curies":[{"name":"wp","href":"https:\/\/api.w.org\/{rel}","templated":true}]}}