{"id":138121,"date":"2022-12-04T15:22:54","date_gmt":"2022-12-04T14:22:54","guid":{"rendered":"https:\/\/www.bellunopress.it\/?p=138121"},"modified":"2022-12-04T15:22:54","modified_gmt":"2022-12-04T14:22:54","slug":"piani-abbattimento-cervi-lettera-al-presidente-della-provincia","status":"publish","type":"post","link":"https:\/\/www.bellunopress.it\/fr\/2022\/12\/04\/piani-abbattimento-cervi-lettera-al-presidente-della-provincia\/","title":{"rendered":"Piani abbattimento cervi. Lettera al presidente della provincia"},"content":{"rendered":"<p><img loading=\"lazy\" decoding=\"async\" class=\"alignleft size-full wp-image-123649\" src=\"https:\/\/www.bellunopress.it\/wp-content\/uploads\/2021\/04\/lettera-mail_edited.jpg\" alt=\"\" width=\"962\" height=\"1000\" srcset=\"https:\/\/www.bellunopress.it\/wp-content\/uploads\/2021\/04\/lettera-mail_edited.jpg 962w, https:\/\/www.bellunopress.it\/wp-content\/uploads\/2021\/04\/lettera-mail_edited-481x500.jpg 481w, https:\/\/www.bellunopress.it\/wp-content\/uploads\/2021\/04\/lettera-mail_edited-696x723.jpg 696w, https:\/\/www.bellunopress.it\/wp-content\/uploads\/2021\/04\/lettera-mail_edited-404x420.jpg 404w\" sizes=\"auto, (max-width: 962px) 100vw, 962px\" \/>Porto a conoscenza il nostro Presidente della Provincia di Belluno che da quando sono aumentati i piani di abbattimento del cervo (anche femmine e piccoli), aumento avvenuto incredibilmente, nel numero di ben 500 esemplari, l&#8217;anno successivo alla devastazione dell&#8217;uragano Vaia, la caccia al cervo che nel mio comune si chiudeva nel giro di due o tre giorni ora si protrae per mesi.<\/p>\n<p>E&#8217; evidente che, per i cacciatori, il numero degli abbattimenti previsti non \u00e8 &#8216;facile&#8217; da raggiungere. Ora, sorge legittima la domanda: tutti questi cervi, del cui presunto e preoccupante esubero proprio l&#8217;ufficio caccia della Provincia di Belluno puntualmente d\u00e0 notizia sulla stampa locale, dove sono? Giusto ieri, nella mia zona di residenza, oltre ai soliti cacciatori, gi\u00e0 segnalati, ne sono arrivati altri (in una seconda mail indirizzata alle forze dell&#8217;ordine invier\u00f2 alcune foto e targhe) che evidentemente non sono riusciti a reperire altrove gli animali da uccidere. La riserva di caccia di Mel quest&#8217;anno ha a disposizione 19 cervi in pi\u00f9 da abbattere, rispetto allo scorso anno.<\/p>\n<p>Nella nostra provincia questa disponibilit\u00e0 solo negli ultimi tre anni \u00e8 aumentata di oltre 400 cervi, nonostante la presenza del lupo. Com&#8217; \u00e8 possibile? Inoltre, ogni volta che vedo transitare certe auto a passo d&#8217;uomo, in modo ripetuto e ossessivo, lungo le strade pubbliche perch\u00e9 l\u00ec a pochi metri pascolano cervi, nei parchi privati delle abitazioni limitrofe dove l&#8217;attivit\u00e0 venatoria \u00e8 vietata, mi chiedo se da parte di alcuni ci sia la volont\u00e0 di sparare dalla strada, e quando questo andirivieni avviene col buio, a pochi minuti dalla chiusura dell&#8217; orario consentito per la caccia e chi \u00e8 all&#8217;interno di quelle auto indossa abiti colorati e non mimetici, questo dubbio mi si amplifica.<\/p>\n<p>Quanto sopra per ribadire ancora una volta che nell&#8217;autorizzare tutte quelle condanne a morte dei nostri animali selvatici, Patrimonio Indisponibile dello Stato, si incide profondamente anche sulla sicurezza e sulla vita dei cittadini. Infatti, come da anni segnalo, ci saranno sempre quei cacciatori che nell&#8217;impossibilit\u00e0 di fucilare l&#8217;animale altrove, probabilmente perch\u00e8 non c&#8217; \u00e8, non esiter\u00e0 a stanarlo in prossimit\u00e0 di abitazioni e strade pubbliche. Proprio come \u00e8 successo , vicino a casa mia, lo scorso anno. Distinti saluti<\/p>\n<p>Tamara Panciera<\/p>","protected":false},"excerpt":{"rendered":"<p>Porto a conoscenza il nostro Presidente della Provincia di Belluno che da quando sono aumentati i piani di abbattimento del cervo (anche femmine e piccoli), aumento avvenuto incredibilmente, nel numero di ben 500 esemplari, l&#8217;anno successivo alla devastazione dell&#8217;uragano Vaia, la caccia al cervo che nel mio comune si chiudeva nel giro di due o [&hellip;]<\/p>\n","protected":false},"author":2,"featured_media":117337,"comment_status":"closed","ping_status":"open","sticky":false,"template":"","format":"standard","meta":{"footnotes":""},"categories":[1,38],"tags":[],"class_list":["post-138121","post","type-post","status-publish","format-standard","has-post-thumbnail","category-leo","category-natura-ambiente"],"yoast_head":"<!-- This site is optimized with the Yoast SEO plugin v28.4 - https:\/\/yoast.com\/product\/yoast-seo-wordpress\/ -->\n<title>Piani abbattimento cervi. Lettera al presidente della provincia - Bellunopress - Dolomiti<\/title>\n<meta name=\"robots\" content=\"index, follow, max-snippet:-1, max-image-preview:large, max-video-preview:-1\" \/>\n<link rel=\"canonical\" href=\"https:\/\/www.bellunopress.it\/fr\/2022\/12\/04\/piani-abbattimento-cervi-lettera-al-presidente-della-provincia\/\" \/>\n<meta property=\"og:locale\" content=\"fr_FR\" \/>\n<meta property=\"og:type\" content=\"article\" \/>\n<meta property=\"og:title\" content=\"Piani abbattimento cervi. Lettera al presidente della provincia - Bellunopress - Dolomiti\" \/>\n<meta property=\"og:description\" content=\"Porto a conoscenza il nostro Presidente della Provincia di Belluno che da quando sono aumentati i piani di abbattimento del cervo (anche femmine e piccoli), aumento avvenuto incredibilmente, nel numero di ben 500 esemplari, l&#8217;anno successivo alla devastazione dell&#8217;uragano Vaia, la caccia al cervo che nel mio comune si chiudeva nel giro di due o [&hellip;]\" \/>\n<meta property=\"og:url\" content=\"https:\/\/www.bellunopress.it\/fr\/2022\/12\/04\/piani-abbattimento-cervi-lettera-al-presidente-della-provincia\/\" \/>\n<meta property=\"og:site_name\" content=\"Bellunopress - Dolomiti\" \/>\n<meta property=\"article:publisher\" content=\"https:\/\/www.facebook.com\/profile.php?id=100008943462799\" \/>\n<meta property=\"article:published_time\" content=\"2022-12-04T14:22:54+00:00\" \/>\n<meta property=\"og:image\" content=\"https:\/\/www.bellunopress.it\/wp-content\/uploads\/2020\/09\/Cervo_edited.jpg\" \/>\n\t<meta property=\"og:image:width\" content=\"800\" \/>\n\t<meta property=\"og:image:height\" content=\"628\" \/>\n\t<meta property=\"og:image:type\" content=\"image\/jpeg\" \/>\n<meta name=\"author\" content=\"redazione\" \/>\n<meta name=\"twitter:card\" content=\"summary_large_image\" \/>\n<meta name=\"twitter:creator\" content=\"@bellunopress\" \/>\n<meta name=\"twitter:site\" content=\"@bellunopress\" \/>\n<meta name=\"twitter:label1\" content=\"\u00c9crit par\" \/>\n\t<meta name=\"twitter:data1\" content=\"redazione\" \/>\n\t<meta name=\"twitter:label2\" content=\"Dur\u00e9e de lecture estim\u00e9e\" \/>\n\t<meta name=\"twitter:data2\" content=\"3 minutes\" \/>\n<script type=\"application\/ld+json\" class=\"yoast-schema-graph\">{\"@context\":\"https:\\\/\\\/schema.org\",\"@graph\":[{\"@type\":\"Article\",\"@id\":\"https:\\\/\\\/www.bellunopress.it\\\/2022\\\/12\\\/04\\\/piani-abbattimento-cervi-lettera-al-presidente-della-provincia\\\/#article\",\"isPartOf\":{\"@id\":\"https:\\\/\\\/www.bellunopress.it\\\/2022\\\/12\\\/04\\\/piani-abbattimento-cervi-lettera-al-presidente-della-provincia\\\/\"},\"author\":{\"name\":\"redazione\",\"@id\":\"https:\\\/\\\/www.bellunopress.it\\\/#\\\/schema\\\/person\\\/79bb06722b37ece1c03d3e94beb30d73\"},\"headline\":\"Piani abbattimento cervi. Lettera al presidente della provincia\",\"datePublished\":\"2022-12-04T14:22:54+00:00\",\"mainEntityOfPage\":{\"@id\":\"https:\\\/\\\/www.bellunopress.it\\\/2022\\\/12\\\/04\\\/piani-abbattimento-cervi-lettera-al-presidente-della-provincia\\\/\"},\"wordCount\":371,\"publisher\":{\"@id\":\"https:\\\/\\\/www.bellunopress.it\\\/#organization\"},\"image\":{\"@id\":\"https:\\\/\\\/www.bellunopress.it\\\/2022\\\/12\\\/04\\\/piani-abbattimento-cervi-lettera-al-presidente-della-provincia\\\/#primaryimage\"},\"thumbnailUrl\":\"https:\\\/\\\/www.bellunopress.it\\\/wp-content\\\/uploads\\\/2020\\\/09\\\/Cervo_edited.jpg\",\"articleSection\":[\"Lettere Opinioni\",\"Meteo, natura, ambiente, animali\"],\"inLanguage\":\"fr-FR\"},{\"@type\":\"WebPage\",\"@id\":\"https:\\\/\\\/www.bellunopress.it\\\/2022\\\/12\\\/04\\\/piani-abbattimento-cervi-lettera-al-presidente-della-provincia\\\/\",\"url\":\"https:\\\/\\\/www.bellunopress.it\\\/2022\\\/12\\\/04\\\/piani-abbattimento-cervi-lettera-al-presidente-della-provincia\\\/\",\"name\":\"Piani abbattimento cervi. Lettera al presidente della provincia - Bellunopress - Dolomiti\",\"isPartOf\":{\"@id\":\"https:\\\/\\\/www.bellunopress.it\\\/#website\"},\"primaryImageOfPage\":{\"@id\":\"https:\\\/\\\/www.bellunopress.it\\\/2022\\\/12\\\/04\\\/piani-abbattimento-cervi-lettera-al-presidente-della-provincia\\\/#primaryimage\"},\"image\":{\"@id\":\"https:\\\/\\\/www.bellunopress.it\\\/2022\\\/12\\\/04\\\/piani-abbattimento-cervi-lettera-al-presidente-della-provincia\\\/#primaryimage\"},\"thumbnailUrl\":\"https:\\\/\\\/www.bellunopress.it\\\/wp-content\\\/uploads\\\/2020\\\/09\\\/Cervo_edited.jpg\",\"datePublished\":\"2022-12-04T14:22:54+00:00\",\"breadcrumb\":{\"@id\":\"https:\\\/\\\/www.bellunopress.it\\\/2022\\\/12\\\/04\\\/piani-abbattimento-cervi-lettera-al-presidente-della-provincia\\\/#breadcrumb\"},\"inLanguage\":\"fr-FR\",\"potentialAction\":[{\"@type\":\"ReadAction\",\"target\":[\"https:\\\/\\\/www.bellunopress.it\\\/2022\\\/12\\\/04\\\/piani-abbattimento-cervi-lettera-al-presidente-della-provincia\\\/\"]}]},{\"@type\":\"ImageObject\",\"inLanguage\":\"fr-FR\",\"@id\":\"https:\\\/\\\/www.bellunopress.it\\\/2022\\\/12\\\/04\\\/piani-abbattimento-cervi-lettera-al-presidente-della-provincia\\\/#primaryimage\",\"url\":\"https:\\\/\\\/www.bellunopress.it\\\/wp-content\\\/uploads\\\/2020\\\/09\\\/Cervo_edited.jpg\",\"contentUrl\":\"https:\\\/\\\/www.bellunopress.it\\\/wp-content\\\/uploads\\\/2020\\\/09\\\/Cervo_edited.jpg\",\"width\":800,\"height\":628},{\"@type\":\"BreadcrumbList\",\"@id\":\"https:\\\/\\\/www.bellunopress.it\\\/2022\\\/12\\\/04\\\/piani-abbattimento-cervi-lettera-al-presidente-della-provincia\\\/#breadcrumb\",\"itemListElement\":[{\"@type\":\"ListItem\",\"position\":1,\"name\":\"Home\",\"item\":\"https:\\\/\\\/www.bellunopress.it\\\/\"},{\"@type\":\"ListItem\",\"position\":2,\"name\":\"Piani abbattimento cervi. Lettera al presidente della provincia\"}]},{\"@type\":\"WebSite\",\"@id\":\"https:\\\/\\\/www.bellunopress.it\\\/#website\",\"url\":\"https:\\\/\\\/www.bellunopress.it\\\/\",\"name\":\"Bellunopress - Dolomiti\",\"description\":\"e-mail: redazione@bellunopress.it\",\"publisher\":{\"@id\":\"https:\\\/\\\/www.bellunopress.it\\\/#organization\"},\"potentialAction\":[{\"@type\":\"SearchAction\",\"target\":{\"@type\":\"EntryPoint\",\"urlTemplate\":\"https:\\\/\\\/www.bellunopress.it\\\/?s={search_term_string}\"},\"query-input\":{\"@type\":\"PropertyValueSpecification\",\"valueRequired\":true,\"valueName\":\"search_term_string\"}}],\"inLanguage\":\"fr-FR\"},{\"@type\":\"Organization\",\"@id\":\"https:\\\/\\\/www.bellunopress.it\\\/#organization\",\"name\":\"Bellunopress\",\"url\":\"https:\\\/\\\/www.bellunopress.it\\\/\",\"logo\":{\"@type\":\"ImageObject\",\"inLanguage\":\"fr-FR\",\"@id\":\"https:\\\/\\\/www.bellunopress.it\\\/#\\\/schema\\\/logo\\\/image\\\/\",\"url\":\"https:\\\/\\\/www.bellunopress.it\\\/wp-content\\\/uploads\\\/2011\\\/05\\\/cropped-logo-bellunopress-.jpg\",\"contentUrl\":\"https:\\\/\\\/www.bellunopress.it\\\/wp-content\\\/uploads\\\/2011\\\/05\\\/cropped-logo-bellunopress-.jpg\",\"width\":512,\"height\":512,\"caption\":\"Bellunopress\"},\"image\":{\"@id\":\"https:\\\/\\\/www.bellunopress.it\\\/#\\\/schema\\\/logo\\\/image\\\/\"},\"sameAs\":[\"https:\\\/\\\/www.facebook.com\\\/profile.php?id=100008943462799\",\"https:\\\/\\\/x.com\\\/bellunopress\",\"https:\\\/\\\/www.linkedin.com\\\/hp\\\/?dnr=JBzUWaJfMUw8vbXJJ2tVW5-I3jZKvC4wsoxE&amp;amp;amp;amp;amp;amp;trk=nav_responsive_tab_home\",\"https:\\\/\\\/www.youtube.com\\\/channel\\\/UCxL0wu1uN0_3_7hGG0306cw\"]},{\"@type\":\"Person\",\"@id\":\"https:\\\/\\\/www.bellunopress.it\\\/#\\\/schema\\\/person\\\/79bb06722b37ece1c03d3e94beb30d73\",\"name\":\"redazione\",\"image\":{\"@type\":\"ImageObject\",\"inLanguage\":\"fr-FR\",\"@id\":\"https:\\\/\\\/secure.gravatar.com\\\/avatar\\\/37d968a2e67a6fd04c169c4bdef102d0bc5d31b2546345219e348575eb80e9a0?s=96&d=mm&r=g\",\"url\":\"https:\\\/\\\/secure.gravatar.com\\\/avatar\\\/37d968a2e67a6fd04c169c4bdef102d0bc5d31b2546345219e348575eb80e9a0?s=96&d=mm&r=g\",\"contentUrl\":\"https:\\\/\\\/secure.gravatar.com\\\/avatar\\\/37d968a2e67a6fd04c169c4bdef102d0bc5d31b2546345219e348575eb80e9a0?s=96&d=mm&r=g\",\"caption\":\"redazione\"},\"sameAs\":[\"http:\\\/\\\/www.bellunopress.it\",\"https:\\\/\\\/x.com\\\/bellunopress\"],\"url\":\"https:\\\/\\\/www.bellunopress.it\\\/fr\\\/author\\\/redazione\\\/\"}]}<\/script>\n<!-- \/ Yoast SEO plugin. -->","yoast_head_json":{"title":"Piani abbattimento cervi. Lettera al presidente della provincia - Bellunopress - Dolomiti","robots":{"index":"index","follow":"follow","max-snippet":"max-snippet:-1","max-image-preview":"max-image-preview:large","max-video-preview":"max-video-preview:-1"},"canonical":"https:\/\/www.bellunopress.it\/fr\/2022\/12\/04\/piani-abbattimento-cervi-lettera-al-presidente-della-provincia\/","og_locale":"fr_FR","og_type":"article","og_title":"Piani abbattimento cervi. Lettera al presidente della provincia - Bellunopress - Dolomiti","og_description":"Porto a conoscenza il nostro Presidente della Provincia di Belluno che da quando sono aumentati i piani di abbattimento del cervo (anche femmine e piccoli), aumento avvenuto incredibilmente, nel numero di ben 500 esemplari, l&#8217;anno successivo alla devastazione dell&#8217;uragano Vaia, la caccia al cervo che nel mio comune si chiudeva nel giro di due o [&hellip;]","og_url":"https:\/\/www.bellunopress.it\/fr\/2022\/12\/04\/piani-abbattimento-cervi-lettera-al-presidente-della-provincia\/","og_site_name":"Bellunopress - Dolomiti","article_publisher":"https:\/\/www.facebook.com\/profile.php?id=100008943462799","article_published_time":"2022-12-04T14:22:54+00:00","og_image":[{"width":800,"height":628,"url":"https:\/\/www.bellunopress.it\/wp-content\/uploads\/2020\/09\/Cervo_edited.jpg","type":"image\/jpeg"}],"author":"redazione","twitter_card":"summary_large_image","twitter_creator":"@bellunopress","twitter_site":"@bellunopress","twitter_misc":{"\u00c9crit par":"redazione","Dur\u00e9e de lecture estim\u00e9e":"3 minutes"},"schema":{"@context":"https:\/\/schema.org","@graph":[{"@type":"Article","@id":"https:\/\/www.bellunopress.it\/2022\/12\/04\/piani-abbattimento-cervi-lettera-al-presidente-della-provincia\/#article","isPartOf":{"@id":"https:\/\/www.bellunopress.it\/2022\/12\/04\/piani-abbattimento-cervi-lettera-al-presidente-della-provincia\/"},"author":{"name":"redazione","@id":"https:\/\/www.bellunopress.it\/#\/schema\/person\/79bb06722b37ece1c03d3e94beb30d73"},"headline":"Piani abbattimento cervi. Lettera al presidente della provincia","datePublished":"2022-12-04T14:22:54+00:00","mainEntityOfPage":{"@id":"https:\/\/www.bellunopress.it\/2022\/12\/04\/piani-abbattimento-cervi-lettera-al-presidente-della-provincia\/"},"wordCount":371,"publisher":{"@id":"https:\/\/www.bellunopress.it\/#organization"},"image":{"@id":"https:\/\/www.bellunopress.it\/2022\/12\/04\/piani-abbattimento-cervi-lettera-al-presidente-della-provincia\/#primaryimage"},"thumbnailUrl":"https:\/\/www.bellunopress.it\/wp-content\/uploads\/2020\/09\/Cervo_edited.jpg","articleSection":["Lettere Opinioni","Meteo, natura, ambiente, animali"],"inLanguage":"fr-FR"},{"@type":"WebPage","@id":"https:\/\/www.bellunopress.it\/2022\/12\/04\/piani-abbattimento-cervi-lettera-al-presidente-della-provincia\/","url":"https:\/\/www.bellunopress.it\/2022\/12\/04\/piani-abbattimento-cervi-lettera-al-presidente-della-provincia\/","name":"Piani abbattimento cervi. Lettera al presidente della provincia - Bellunopress - Dolomiti","isPartOf":{"@id":"https:\/\/www.bellunopress.it\/#website"},"primaryImageOfPage":{"@id":"https:\/\/www.bellunopress.it\/2022\/12\/04\/piani-abbattimento-cervi-lettera-al-presidente-della-provincia\/#primaryimage"},"image":{"@id":"https:\/\/www.bellunopress.it\/2022\/12\/04\/piani-abbattimento-cervi-lettera-al-presidente-della-provincia\/#primaryimage"},"thumbnailUrl":"https:\/\/www.bellunopress.it\/wp-content\/uploads\/2020\/09\/Cervo_edited.jpg","datePublished":"2022-12-04T14:22:54+00:00","breadcrumb":{"@id":"https:\/\/www.bellunopress.it\/2022\/12\/04\/piani-abbattimento-cervi-lettera-al-presidente-della-provincia\/#breadcrumb"},"inLanguage":"fr-FR","potentialAction":[{"@type":"ReadAction","target":["https:\/\/www.bellunopress.it\/2022\/12\/04\/piani-abbattimento-cervi-lettera-al-presidente-della-provincia\/"]}]},{"@type":"ImageObject","inLanguage":"fr-FR","@id":"https:\/\/www.bellunopress.it\/2022\/12\/04\/piani-abbattimento-cervi-lettera-al-presidente-della-provincia\/#primaryimage","url":"https:\/\/www.bellunopress.it\/wp-content\/uploads\/2020\/09\/Cervo_edited.jpg","contentUrl":"https:\/\/www.bellunopress.it\/wp-content\/uploads\/2020\/09\/Cervo_edited.jpg","width":800,"height":628},{"@type":"BreadcrumbList","@id":"https:\/\/www.bellunopress.it\/2022\/12\/04\/piani-abbattimento-cervi-lettera-al-presidente-della-provincia\/#breadcrumb","itemListElement":[{"@type":"ListItem","position":1,"name":"Home","item":"https:\/\/www.bellunopress.it\/"},{"@type":"ListItem","position":2,"name":"Piani abbattimento cervi. Lettera al presidente della provincia"}]},{"@type":"WebSite","@id":"https:\/\/www.bellunopress.it\/#website","url":"https:\/\/www.bellunopress.it\/","name":"Bellunopress - Dolomiti","description":"e-mail: redazione@bellunopress.it","publisher":{"@id":"https:\/\/www.bellunopress.it\/#organization"},"potentialAction":[{"@type":"SearchAction","target":{"@type":"EntryPoint","urlTemplate":"https:\/\/www.bellunopress.it\/?s={search_term_string}"},"query-input":{"@type":"PropertyValueSpecification","valueRequired":true,"valueName":"search_term_string"}}],"inLanguage":"fr-FR"},{"@type":"Organization","@id":"https:\/\/www.bellunopress.it\/#organization","name":"Bellunopress","url":"https:\/\/www.bellunopress.it\/","logo":{"@type":"ImageObject","inLanguage":"fr-FR","@id":"https:\/\/www.bellunopress.it\/#\/schema\/logo\/image\/","url":"https:\/\/www.bellunopress.it\/wp-content\/uploads\/2011\/05\/cropped-logo-bellunopress-.jpg","contentUrl":"https:\/\/www.bellunopress.it\/wp-content\/uploads\/2011\/05\/cropped-logo-bellunopress-.jpg","width":512,"height":512,"caption":"Bellunopress"},"image":{"@id":"https:\/\/www.bellunopress.it\/#\/schema\/logo\/image\/"},"sameAs":["https:\/\/www.facebook.com\/profile.php?id=100008943462799","https:\/\/x.com\/bellunopress","https:\/\/www.linkedin.com\/hp\/?dnr=JBzUWaJfMUw8vbXJJ2tVW5-I3jZKvC4wsoxE&amp;amp;amp;amp;amp;amp;trk=nav_responsive_tab_home","https:\/\/www.youtube.com\/channel\/UCxL0wu1uN0_3_7hGG0306cw"]},{"@type":"Person","@id":"https:\/\/www.bellunopress.it\/#\/schema\/person\/79bb06722b37ece1c03d3e94beb30d73","name":"r\u00e9daction","image":{"@type":"ImageObject","inLanguage":"fr-FR","@id":"https:\/\/secure.gravatar.com\/avatar\/37d968a2e67a6fd04c169c4bdef102d0bc5d31b2546345219e348575eb80e9a0?s=96&d=mm&r=g","url":"https:\/\/secure.gravatar.com\/avatar\/37d968a2e67a6fd04c169c4bdef102d0bc5d31b2546345219e348575eb80e9a0?s=96&d=mm&r=g","contentUrl":"https:\/\/secure.gravatar.com\/avatar\/37d968a2e67a6fd04c169c4bdef102d0bc5d31b2546345219e348575eb80e9a0?s=96&d=mm&r=g","caption":"redazione"},"sameAs":["http:\/\/www.bellunopress.it","https:\/\/x.com\/bellunopress"],"url":"https:\/\/www.bellunopress.it\/fr\/author\/redazione\/"}]}},"_links":{"self":[{"href":"https:\/\/www.bellunopress.it\/fr\/wp-json\/wp\/v2\/posts\/138121","targetHints":{"allow":["GET"]}}],"collection":[{"href":"https:\/\/www.bellunopress.it\/fr\/wp-json\/wp\/v2\/posts"}],"about":[{"href":"https:\/\/www.bellunopress.it\/fr\/wp-json\/wp\/v2\/types\/post"}],"author":[{"embeddable":true,"href":"https:\/\/www.bellunopress.it\/fr\/wp-json\/wp\/v2\/users\/2"}],"replies":[{"embeddable":true,"href":"https:\/\/www.bellunopress.it\/fr\/wp-json\/wp\/v2\/comments?post=138121"}],"version-history":[{"count":1,"href":"https:\/\/www.bellunopress.it\/fr\/wp-json\/wp\/v2\/posts\/138121\/revisions"}],"predecessor-version":[{"id":138122,"href":"https:\/\/www.bellunopress.it\/fr\/wp-json\/wp\/v2\/posts\/138121\/revisions\/138122"}],"wp:featuredmedia":[{"embeddable":true,"href":"https:\/\/www.bellunopress.it\/fr\/wp-json\/wp\/v2\/media\/117337"}],"wp:attachment":[{"href":"https:\/\/www.bellunopress.it\/fr\/wp-json\/wp\/v2\/media?parent=138121"}],"wp:term":[{"taxonomy":"category","embeddable":true,"href":"https:\/\/www.bellunopress.it\/fr\/wp-json\/wp\/v2\/categories?post=138121"},{"taxonomy":"post_tag","embeddable":true,"href":"https:\/\/www.bellunopress.it\/fr\/wp-json\/wp\/v2\/tags?post=138121"}],"curies":[{"name":"wp","href":"https:\/\/api.w.org\/{rel}","templated":true}]}}