{"id":138114,"date":"2022-12-04T09:15:52","date_gmt":"2022-12-04T08:15:52","guid":{"rendered":"https:\/\/www.bellunopress.it\/?p=138114"},"modified":"2022-12-04T09:15:52","modified_gmt":"2022-12-04T08:15:52","slug":"4-dicembre-santa-barbara-patrona-dei-vigili-del-fuoco-il-bilancio-dellattivita-svolta","status":"publish","type":"post","link":"https:\/\/www.bellunopress.it\/fr\/2022\/12\/04\/4-dicembre-santa-barbara-patrona-dei-vigili-del-fuoco-il-bilancio-dellattivita-svolta\/","title":{"rendered":"4 dicembre Santa Barbara, patrona dei vigili del fuoco. Il bilancio dell&#8217;attivit\u00e0 svolta"},"content":{"rendered":"<p><img loading=\"lazy\" decoding=\"async\" class=\"alignleft size-full wp-image-129744\" src=\"https:\/\/www.bellunopress.it\/wp-content\/uploads\/2021\/12\/vigili-del-fuoco-elicottero.jpg\" alt=\"\" width=\"1000\" height=\"626\" srcset=\"https:\/\/www.bellunopress.it\/wp-content\/uploads\/2021\/12\/vigili-del-fuoco-elicottero.jpg 1000w, https:\/\/www.bellunopress.it\/wp-content\/uploads\/2021\/12\/vigili-del-fuoco-elicottero-500x313.jpg 500w, https:\/\/www.bellunopress.it\/wp-content\/uploads\/2021\/12\/vigili-del-fuoco-elicottero-696x436.jpg 696w, https:\/\/www.bellunopress.it\/wp-content\/uploads\/2021\/12\/vigili-del-fuoco-elicottero-671x420.jpg 671w\" sizes=\"auto, (max-width: 1000px) 100vw, 1000px\" \/>Oggi 4 dicembre, Santa Barbara Patrona dei Vigili del fuoco. La Santa rappresenta la capacit\u00e0 di affrontare il pericolo con fede, coraggio e serenit\u00e0 anche quando non c&#8217;\u00e8 alcuna via di scampo. Radici in cui affonda il senso di appartenenza del personale al Corpo dei Vigili del Fuoco. Cerimonie di celebrazioni si terranno oggi in tutte le sedi d\u2019Italia.<\/p>\n<p>La giornata odierna anche l\u2019occasione per trarre un bilancio dell\u2019attivit\u00e0 svolta nell\u2019ultimo anno. Dal 1\u00b0 dicembre 2021 al 30 novembre 2022 nel Veneto sono stati eseguiti 44.172 gli interventi dei Vigili del fuoco a fronte di 67.926 squadre impiegate. Rispetto allo stesso periodo dell\u2019anno precedente c\u2019\u00e8 stato un incremento di 2.079 interventi, pari al 4,9%. Mediamente ogni giorno i Vigili del fuoco sono intervenuti nei in Regione in 121 emergenze con la presenza di 186 squadre.<br \/>\nSono stati 10.569 gli interventi del comando di Venezia, a seguire il comando di Padova con 6.664, Treviso con 6.433, Vicenza con 6.289, Verona con 6.248, Belluno con 4.310 e Rovigo con 3.659.<\/p>\n<p>Gli incendi nella regione Veneto sono stati 9.038 con un aumento di 1.850 interventi in pi\u00f9 rispetto al periodo annuale preso in esame. Tra gli incendi pi\u00f9 impegnativi lo stabilendosi della cicli Bottecchia di Cavarzere (VE) nel mese di settembre e il rogo dello stabilimento Vibo a Trissino a novembre.<br \/>\nIncremento degli interventi per soccorsi e salvataggi pari 8084 con un aumento pari a 572 operazioni di soccorso, tra cui rientra l\u2019attivit\u00e0 di ricerca persone secondo i piani delle prefetture. I Vigili del fuoco negli ultimi 12 mesi sono intervenuti per 141 (stesso numero dell\u2019anno precedente) ricerche persone in regione cos\u00ec ripartiti: Treviso 36, Belluno 30, Verona 28, Venezia 16, Vicenza 14, Padova 13, Rovigo 4. Le ricerche persone hanno visto l\u2019impiego oltre del personale delle squadre ordinarie di tutti i nuclei specialistici ed alta qualificazione: reparto volo, nucleo SAPR (Sistemi Aeromobili a Pilotaggio Remoto), cinofili, operatori TAS (Topografia Applicata al Soccorso), sommozzatori, operatori SAF (Speleo Alpino Fluviali). Nelle 141 ricerche persone sono stati impiegati 3097 Vigili del fuoco, 1580 mezzi per oltre 6000 ore di lavoro.<br \/>\nIncremento degli interventi in regione per incidenti stradali pari 4554 operazioni di soccorso rispetto ai 4315 dei dodici mesi precedenti, dato superiore anche agli anni antecedenti la pandemia.<\/p>\n<p>Tra le attivit\u00e0 della direzione interregionale dei Vigili del fuoco del Veneto e Trentino Alto Adige, diretta dall\u2019ing. Loris Munaro, il coordinamento dei 7 comandi provinciali e la gestione della colonna mobile regionale. Colonna mobile che viene attivata in caso di calamit\u00e0 e coordinata dal dirigente superiore Giuseppe Lomoro, che sovrintende anche all\u2019attivit\u00e0 del reparto volo di Venezia e dei sommozzatori della citt\u00e0 lagunare e di Vicenza, sede degli spelo sub della macro area Nord.<br \/>\nSono 159 gli interventi del reparto Volo di Venezia, che sono intervenuti anche fuori regione: 89 volte per ricerca persone; 27 per soccorso e salvataggi persone in montagna e mare; 22 volte per incendi boschivi e d\u2019interfaccia; 13 per recupero animali in posti impervi; 4 per danni da maltempo; 2 sopralluoghi per incidenti ultraleggeri. Sono stati invece 215 gli interventi dei sommozzatori dei due nuclei regionali di Venezia e Vicenza rispetto a 138 dell\u2019anno precedente preso in esame.<br \/>\nTra i compiti della Direzione interregionale l\u2019esame delle istanze di deroga alle normative vigenti antincendio: 60 quelle esaminate nel 2022, in sensibile calo rispetto agli anni precedenti stante all\u2019applicazione del nuovo codice. Inoltre una volta al mese si \u00e8 riunito anche il comitato tecnico regionale per l\u2019esame della direttiva Seveso, che in Veneto riguarda 55 attivit\u00e0 a rischio d\u2019incidente rilevante: valutate 100 istanze, 20 rapporti finali d\u2019ispezione e 15 esami di sicurezza.<br \/>\nDa segnalare altres\u00ec oltre 50 esercitazioni di colonna mobile regionale che hanno interessato tutti i comandi del Veneto su scenari incidentali complessi, dove sono stati coinvolti tutte le componenti anche specialistiche del Corpo con il coinvolgimento di oltre 1000 vigili del fuoco.<\/p>\n<p>Durante il mese di settembre squadre dei comandi del Veneto sono intervenute con personale e mezzi movimenti terra a supporto delle operazioni di soccorso nelle Marche per l\u2019alluvione. Presenti in questi giorni a Ischia anche 3 vigili del fuoco di Verona e della Direzione interregionale per la frana che ha coinvolto una zona dell\u2019isola.<\/p>","protected":false},"excerpt":{"rendered":"<p>Oggi 4 dicembre, Santa Barbara Patrona dei Vigili del fuoco. La Santa rappresenta la capacit\u00e0 di affrontare il pericolo con fede, coraggio e serenit\u00e0 anche quando non c&#8217;\u00e8 alcuna via di scampo. Radici in cui affonda il senso di appartenenza del personale al Corpo dei Vigili del Fuoco. Cerimonie di celebrazioni si terranno oggi in [&hellip;]<\/p>\n","protected":false},"author":2,"featured_media":129744,"comment_status":"closed","ping_status":"open","sticky":false,"template":"","format":"standard","meta":{"footnotes":""},"categories":[26,8],"tags":[],"class_list":["post-138114","post","type-post","status-publish","format-standard","has-post-thumbnail","category-prima-pagina","category-societa-istituzioni"],"yoast_head":"<!-- This site is optimized with the Yoast SEO plugin v28.4 - https:\/\/yoast.com\/product\/yoast-seo-wordpress\/ -->\n<title>4 dicembre Santa Barbara, patrona dei vigili del fuoco. Il bilancio dell&#039;attivit\u00e0 svolta - Bellunopress - Dolomiti<\/title>\n<meta name=\"robots\" content=\"index, follow, max-snippet:-1, max-image-preview:large, max-video-preview:-1\" \/>\n<link rel=\"canonical\" href=\"https:\/\/www.bellunopress.it\/fr\/2022\/12\/04\/4-dicembre-santa-barbara-patrona-dei-vigili-del-fuoco-il-bilancio-dellattivita-svolta\/\" \/>\n<meta property=\"og:locale\" content=\"fr_FR\" \/>\n<meta property=\"og:type\" content=\"article\" \/>\n<meta property=\"og:title\" content=\"4 dicembre Santa Barbara, patrona dei vigili del fuoco. Il bilancio dell&#039;attivit\u00e0 svolta - Bellunopress - Dolomiti\" \/>\n<meta property=\"og:description\" content=\"Oggi 4 dicembre, Santa Barbara Patrona dei Vigili del fuoco. La Santa rappresenta la capacit\u00e0 di affrontare il pericolo con fede, coraggio e serenit\u00e0 anche quando non c&#8217;\u00e8 alcuna via di scampo. Radici in cui affonda il senso di appartenenza del personale al Corpo dei Vigili del Fuoco. Cerimonie di celebrazioni si terranno oggi in [&hellip;]\" \/>\n<meta property=\"og:url\" content=\"https:\/\/www.bellunopress.it\/fr\/2022\/12\/04\/4-dicembre-santa-barbara-patrona-dei-vigili-del-fuoco-il-bilancio-dellattivita-svolta\/\" \/>\n<meta property=\"og:site_name\" content=\"Bellunopress - Dolomiti\" \/>\n<meta property=\"article:publisher\" content=\"https:\/\/www.facebook.com\/profile.php?id=100008943462799\" \/>\n<meta property=\"article:published_time\" content=\"2022-12-04T08:15:52+00:00\" \/>\n<meta property=\"og:image\" content=\"https:\/\/www.bellunopress.it\/wp-content\/uploads\/2021\/12\/vigili-del-fuoco-elicottero.jpg\" \/>\n\t<meta property=\"og:image:width\" content=\"1000\" \/>\n\t<meta property=\"og:image:height\" content=\"626\" \/>\n\t<meta property=\"og:image:type\" content=\"image\/jpeg\" \/>\n<meta name=\"author\" content=\"redazione\" \/>\n<meta name=\"twitter:card\" content=\"summary_large_image\" \/>\n<meta name=\"twitter:creator\" content=\"@bellunopress\" \/>\n<meta name=\"twitter:site\" content=\"@bellunopress\" \/>\n<meta name=\"twitter:label1\" content=\"Written by\" \/>\n\t<meta name=\"twitter:data1\" content=\"redazione\" \/>\n\t<meta name=\"twitter:label2\" content=\"Est. reading time\" \/>\n\t<meta name=\"twitter:data2\" content=\"4 minutes\" \/>\n<script type=\"application\/ld+json\" class=\"yoast-schema-graph\">{\"@context\":\"https:\\\/\\\/schema.org\",\"@graph\":[{\"@type\":\"Article\",\"@id\":\"https:\\\/\\\/www.bellunopress.it\\\/2022\\\/12\\\/04\\\/4-dicembre-santa-barbara-patrona-dei-vigili-del-fuoco-il-bilancio-dellattivita-svolta\\\/#article\",\"isPartOf\":{\"@id\":\"https:\\\/\\\/www.bellunopress.it\\\/2022\\\/12\\\/04\\\/4-dicembre-santa-barbara-patrona-dei-vigili-del-fuoco-il-bilancio-dellattivita-svolta\\\/\"},\"author\":{\"name\":\"redazione\",\"@id\":\"https:\\\/\\\/www.bellunopress.it\\\/#\\\/schema\\\/person\\\/79bb06722b37ece1c03d3e94beb30d73\"},\"headline\":\"4 dicembre Santa Barbara, patrona dei vigili del fuoco. Il bilancio dell&#8217;attivit\u00e0 svolta\",\"datePublished\":\"2022-12-04T08:15:52+00:00\",\"mainEntityOfPage\":{\"@id\":\"https:\\\/\\\/www.bellunopress.it\\\/2022\\\/12\\\/04\\\/4-dicembre-santa-barbara-patrona-dei-vigili-del-fuoco-il-bilancio-dellattivita-svolta\\\/\"},\"wordCount\":669,\"publisher\":{\"@id\":\"https:\\\/\\\/www.bellunopress.it\\\/#organization\"},\"image\":{\"@id\":\"https:\\\/\\\/www.bellunopress.it\\\/2022\\\/12\\\/04\\\/4-dicembre-santa-barbara-patrona-dei-vigili-del-fuoco-il-bilancio-dellattivita-svolta\\\/#primaryimage\"},\"thumbnailUrl\":\"https:\\\/\\\/www.bellunopress.it\\\/wp-content\\\/uploads\\\/2021\\\/12\\\/vigili-del-fuoco-elicottero.jpg\",\"articleSection\":[\"Prima Pagina\",\"Societ\u00e0, Associazioni, Istituzioni\"],\"inLanguage\":\"fr-FR\"},{\"@type\":\"WebPage\",\"@id\":\"https:\\\/\\\/www.bellunopress.it\\\/2022\\\/12\\\/04\\\/4-dicembre-santa-barbara-patrona-dei-vigili-del-fuoco-il-bilancio-dellattivita-svolta\\\/\",\"url\":\"https:\\\/\\\/www.bellunopress.it\\\/2022\\\/12\\\/04\\\/4-dicembre-santa-barbara-patrona-dei-vigili-del-fuoco-il-bilancio-dellattivita-svolta\\\/\",\"name\":\"4 dicembre Santa Barbara, patrona dei vigili del fuoco. Il bilancio dell'attivit\u00e0 svolta - Bellunopress - Dolomiti\",\"isPartOf\":{\"@id\":\"https:\\\/\\\/www.bellunopress.it\\\/#website\"},\"primaryImageOfPage\":{\"@id\":\"https:\\\/\\\/www.bellunopress.it\\\/2022\\\/12\\\/04\\\/4-dicembre-santa-barbara-patrona-dei-vigili-del-fuoco-il-bilancio-dellattivita-svolta\\\/#primaryimage\"},\"image\":{\"@id\":\"https:\\\/\\\/www.bellunopress.it\\\/2022\\\/12\\\/04\\\/4-dicembre-santa-barbara-patrona-dei-vigili-del-fuoco-il-bilancio-dellattivita-svolta\\\/#primaryimage\"},\"thumbnailUrl\":\"https:\\\/\\\/www.bellunopress.it\\\/wp-content\\\/uploads\\\/2021\\\/12\\\/vigili-del-fuoco-elicottero.jpg\",\"datePublished\":\"2022-12-04T08:15:52+00:00\",\"breadcrumb\":{\"@id\":\"https:\\\/\\\/www.bellunopress.it\\\/2022\\\/12\\\/04\\\/4-dicembre-santa-barbara-patrona-dei-vigili-del-fuoco-il-bilancio-dellattivita-svolta\\\/#breadcrumb\"},\"inLanguage\":\"fr-FR\",\"potentialAction\":[{\"@type\":\"ReadAction\",\"target\":[\"https:\\\/\\\/www.bellunopress.it\\\/2022\\\/12\\\/04\\\/4-dicembre-santa-barbara-patrona-dei-vigili-del-fuoco-il-bilancio-dellattivita-svolta\\\/\"]}]},{\"@type\":\"ImageObject\",\"inLanguage\":\"fr-FR\",\"@id\":\"https:\\\/\\\/www.bellunopress.it\\\/2022\\\/12\\\/04\\\/4-dicembre-santa-barbara-patrona-dei-vigili-del-fuoco-il-bilancio-dellattivita-svolta\\\/#primaryimage\",\"url\":\"https:\\\/\\\/www.bellunopress.it\\\/wp-content\\\/uploads\\\/2021\\\/12\\\/vigili-del-fuoco-elicottero.jpg\",\"contentUrl\":\"https:\\\/\\\/www.bellunopress.it\\\/wp-content\\\/uploads\\\/2021\\\/12\\\/vigili-del-fuoco-elicottero.jpg\",\"width\":1000,\"height\":626},{\"@type\":\"BreadcrumbList\",\"@id\":\"https:\\\/\\\/www.bellunopress.it\\\/2022\\\/12\\\/04\\\/4-dicembre-santa-barbara-patrona-dei-vigili-del-fuoco-il-bilancio-dellattivita-svolta\\\/#breadcrumb\",\"itemListElement\":[{\"@type\":\"ListItem\",\"position\":1,\"name\":\"Home\",\"item\":\"https:\\\/\\\/www.bellunopress.it\\\/\"},{\"@type\":\"ListItem\",\"position\":2,\"name\":\"4 dicembre Santa Barbara, patrona dei vigili del fuoco. Il bilancio dell&#8217;attivit\u00e0 svolta\"}]},{\"@type\":\"WebSite\",\"@id\":\"https:\\\/\\\/www.bellunopress.it\\\/#website\",\"url\":\"https:\\\/\\\/www.bellunopress.it\\\/\",\"name\":\"Bellunopress - Dolomiti\",\"description\":\"e-mail: redazione@bellunopress.it\",\"publisher\":{\"@id\":\"https:\\\/\\\/www.bellunopress.it\\\/#organization\"},\"potentialAction\":[{\"@type\":\"SearchAction\",\"target\":{\"@type\":\"EntryPoint\",\"urlTemplate\":\"https:\\\/\\\/www.bellunopress.it\\\/?s={search_term_string}\"},\"query-input\":{\"@type\":\"PropertyValueSpecification\",\"valueRequired\":true,\"valueName\":\"search_term_string\"}}],\"inLanguage\":\"fr-FR\"},{\"@type\":\"Organization\",\"@id\":\"https:\\\/\\\/www.bellunopress.it\\\/#organization\",\"name\":\"Bellunopress\",\"url\":\"https:\\\/\\\/www.bellunopress.it\\\/\",\"logo\":{\"@type\":\"ImageObject\",\"inLanguage\":\"fr-FR\",\"@id\":\"https:\\\/\\\/www.bellunopress.it\\\/#\\\/schema\\\/logo\\\/image\\\/\",\"url\":\"https:\\\/\\\/www.bellunopress.it\\\/wp-content\\\/uploads\\\/2011\\\/05\\\/cropped-logo-bellunopress-.jpg\",\"contentUrl\":\"https:\\\/\\\/www.bellunopress.it\\\/wp-content\\\/uploads\\\/2011\\\/05\\\/cropped-logo-bellunopress-.jpg\",\"width\":512,\"height\":512,\"caption\":\"Bellunopress\"},\"image\":{\"@id\":\"https:\\\/\\\/www.bellunopress.it\\\/#\\\/schema\\\/logo\\\/image\\\/\"},\"sameAs\":[\"https:\\\/\\\/www.facebook.com\\\/profile.php?id=100008943462799\",\"https:\\\/\\\/x.com\\\/bellunopress\",\"https:\\\/\\\/www.linkedin.com\\\/hp\\\/?dnr=JBzUWaJfMUw8vbXJJ2tVW5-I3jZKvC4wsoxE&amp;amp;amp;amp;amp;amp;trk=nav_responsive_tab_home\",\"https:\\\/\\\/www.youtube.com\\\/channel\\\/UCxL0wu1uN0_3_7hGG0306cw\"]},{\"@type\":\"Person\",\"@id\":\"https:\\\/\\\/www.bellunopress.it\\\/#\\\/schema\\\/person\\\/79bb06722b37ece1c03d3e94beb30d73\",\"name\":\"redazione\",\"image\":{\"@type\":\"ImageObject\",\"inLanguage\":\"fr-FR\",\"@id\":\"https:\\\/\\\/secure.gravatar.com\\\/avatar\\\/37d968a2e67a6fd04c169c4bdef102d0bc5d31b2546345219e348575eb80e9a0?s=96&d=mm&r=g\",\"url\":\"https:\\\/\\\/secure.gravatar.com\\\/avatar\\\/37d968a2e67a6fd04c169c4bdef102d0bc5d31b2546345219e348575eb80e9a0?s=96&d=mm&r=g\",\"contentUrl\":\"https:\\\/\\\/secure.gravatar.com\\\/avatar\\\/37d968a2e67a6fd04c169c4bdef102d0bc5d31b2546345219e348575eb80e9a0?s=96&d=mm&r=g\",\"caption\":\"redazione\"},\"sameAs\":[\"http:\\\/\\\/www.bellunopress.it\",\"https:\\\/\\\/x.com\\\/bellunopress\"],\"url\":\"https:\\\/\\\/www.bellunopress.it\\\/fr\\\/author\\\/redazione\\\/\"}]}<\/script>\n<!-- \/ Yoast SEO plugin. -->","yoast_head_json":{"title":"4 dicembre Santa Barbara, patrona dei vigili del fuoco. Il bilancio dell'attivit\u00e0 svolta - Bellunopress - Dolomiti","robots":{"index":"index","follow":"follow","max-snippet":"max-snippet:-1","max-image-preview":"max-image-preview:large","max-video-preview":"max-video-preview:-1"},"canonical":"https:\/\/www.bellunopress.it\/fr\/2022\/12\/04\/4-dicembre-santa-barbara-patrona-dei-vigili-del-fuoco-il-bilancio-dellattivita-svolta\/","og_locale":"fr_FR","og_type":"article","og_title":"4 dicembre Santa Barbara, patrona dei vigili del fuoco. Il bilancio dell'attivit\u00e0 svolta - Bellunopress - Dolomiti","og_description":"Oggi 4 dicembre, Santa Barbara Patrona dei Vigili del fuoco. La Santa rappresenta la capacit\u00e0 di affrontare il pericolo con fede, coraggio e serenit\u00e0 anche quando non c&#8217;\u00e8 alcuna via di scampo. Radici in cui affonda il senso di appartenenza del personale al Corpo dei Vigili del Fuoco. Cerimonie di celebrazioni si terranno oggi in [&hellip;]","og_url":"https:\/\/www.bellunopress.it\/fr\/2022\/12\/04\/4-dicembre-santa-barbara-patrona-dei-vigili-del-fuoco-il-bilancio-dellattivita-svolta\/","og_site_name":"Bellunopress - Dolomiti","article_publisher":"https:\/\/www.facebook.com\/profile.php?id=100008943462799","article_published_time":"2022-12-04T08:15:52+00:00","og_image":[{"width":1000,"height":626,"url":"https:\/\/www.bellunopress.it\/wp-content\/uploads\/2021\/12\/vigili-del-fuoco-elicottero.jpg","type":"image\/jpeg"}],"author":"redazione","twitter_card":"summary_large_image","twitter_creator":"@bellunopress","twitter_site":"@bellunopress","twitter_misc":{"Written by":"redazione","Est. reading time":"4 minutes"},"schema":{"@context":"https:\/\/schema.org","@graph":[{"@type":"Article","@id":"https:\/\/www.bellunopress.it\/2022\/12\/04\/4-dicembre-santa-barbara-patrona-dei-vigili-del-fuoco-il-bilancio-dellattivita-svolta\/#article","isPartOf":{"@id":"https:\/\/www.bellunopress.it\/2022\/12\/04\/4-dicembre-santa-barbara-patrona-dei-vigili-del-fuoco-il-bilancio-dellattivita-svolta\/"},"author":{"name":"redazione","@id":"https:\/\/www.bellunopress.it\/#\/schema\/person\/79bb06722b37ece1c03d3e94beb30d73"},"headline":"4 dicembre Santa Barbara, patrona dei vigili del fuoco. Il bilancio dell&#8217;attivit\u00e0 svolta","datePublished":"2022-12-04T08:15:52+00:00","mainEntityOfPage":{"@id":"https:\/\/www.bellunopress.it\/2022\/12\/04\/4-dicembre-santa-barbara-patrona-dei-vigili-del-fuoco-il-bilancio-dellattivita-svolta\/"},"wordCount":669,"publisher":{"@id":"https:\/\/www.bellunopress.it\/#organization"},"image":{"@id":"https:\/\/www.bellunopress.it\/2022\/12\/04\/4-dicembre-santa-barbara-patrona-dei-vigili-del-fuoco-il-bilancio-dellattivita-svolta\/#primaryimage"},"thumbnailUrl":"https:\/\/www.bellunopress.it\/wp-content\/uploads\/2021\/12\/vigili-del-fuoco-elicottero.jpg","articleSection":["Prima Pagina","Societ\u00e0, Associazioni, Istituzioni"],"inLanguage":"fr-FR"},{"@type":"WebPage","@id":"https:\/\/www.bellunopress.it\/2022\/12\/04\/4-dicembre-santa-barbara-patrona-dei-vigili-del-fuoco-il-bilancio-dellattivita-svolta\/","url":"https:\/\/www.bellunopress.it\/2022\/12\/04\/4-dicembre-santa-barbara-patrona-dei-vigili-del-fuoco-il-bilancio-dellattivita-svolta\/","name":"4 dicembre Santa Barbara, patrona dei vigili del fuoco. Il bilancio dell'attivit\u00e0 svolta - Bellunopress - Dolomiti","isPartOf":{"@id":"https:\/\/www.bellunopress.it\/#website"},"primaryImageOfPage":{"@id":"https:\/\/www.bellunopress.it\/2022\/12\/04\/4-dicembre-santa-barbara-patrona-dei-vigili-del-fuoco-il-bilancio-dellattivita-svolta\/#primaryimage"},"image":{"@id":"https:\/\/www.bellunopress.it\/2022\/12\/04\/4-dicembre-santa-barbara-patrona-dei-vigili-del-fuoco-il-bilancio-dellattivita-svolta\/#primaryimage"},"thumbnailUrl":"https:\/\/www.bellunopress.it\/wp-content\/uploads\/2021\/12\/vigili-del-fuoco-elicottero.jpg","datePublished":"2022-12-04T08:15:52+00:00","breadcrumb":{"@id":"https:\/\/www.bellunopress.it\/2022\/12\/04\/4-dicembre-santa-barbara-patrona-dei-vigili-del-fuoco-il-bilancio-dellattivita-svolta\/#breadcrumb"},"inLanguage":"fr-FR","potentialAction":[{"@type":"ReadAction","target":["https:\/\/www.bellunopress.it\/2022\/12\/04\/4-dicembre-santa-barbara-patrona-dei-vigili-del-fuoco-il-bilancio-dellattivita-svolta\/"]}]},{"@type":"ImageObject","inLanguage":"fr-FR","@id":"https:\/\/www.bellunopress.it\/2022\/12\/04\/4-dicembre-santa-barbara-patrona-dei-vigili-del-fuoco-il-bilancio-dellattivita-svolta\/#primaryimage","url":"https:\/\/www.bellunopress.it\/wp-content\/uploads\/2021\/12\/vigili-del-fuoco-elicottero.jpg","contentUrl":"https:\/\/www.bellunopress.it\/wp-content\/uploads\/2021\/12\/vigili-del-fuoco-elicottero.jpg","width":1000,"height":626},{"@type":"BreadcrumbList","@id":"https:\/\/www.bellunopress.it\/2022\/12\/04\/4-dicembre-santa-barbara-patrona-dei-vigili-del-fuoco-il-bilancio-dellattivita-svolta\/#breadcrumb","itemListElement":[{"@type":"ListItem","position":1,"name":"Home","item":"https:\/\/www.bellunopress.it\/"},{"@type":"ListItem","position":2,"name":"4 dicembre Santa Barbara, patrona dei vigili del fuoco. Il bilancio dell&#8217;attivit\u00e0 svolta"}]},{"@type":"WebSite","@id":"https:\/\/www.bellunopress.it\/#website","url":"https:\/\/www.bellunopress.it\/","name":"Bellunopress - Dolomiti","description":"e-mail: redazione@bellunopress.it","publisher":{"@id":"https:\/\/www.bellunopress.it\/#organization"},"potentialAction":[{"@type":"SearchAction","target":{"@type":"EntryPoint","urlTemplate":"https:\/\/www.bellunopress.it\/?s={search_term_string}"},"query-input":{"@type":"PropertyValueSpecification","valueRequired":true,"valueName":"search_term_string"}}],"inLanguage":"fr-FR"},{"@type":"Organization","@id":"https:\/\/www.bellunopress.it\/#organization","name":"Bellunopress","url":"https:\/\/www.bellunopress.it\/","logo":{"@type":"ImageObject","inLanguage":"fr-FR","@id":"https:\/\/www.bellunopress.it\/#\/schema\/logo\/image\/","url":"https:\/\/www.bellunopress.it\/wp-content\/uploads\/2011\/05\/cropped-logo-bellunopress-.jpg","contentUrl":"https:\/\/www.bellunopress.it\/wp-content\/uploads\/2011\/05\/cropped-logo-bellunopress-.jpg","width":512,"height":512,"caption":"Bellunopress"},"image":{"@id":"https:\/\/www.bellunopress.it\/#\/schema\/logo\/image\/"},"sameAs":["https:\/\/www.facebook.com\/profile.php?id=100008943462799","https:\/\/x.com\/bellunopress","https:\/\/www.linkedin.com\/hp\/?dnr=JBzUWaJfMUw8vbXJJ2tVW5-I3jZKvC4wsoxE&amp;amp;amp;amp;amp;amp;trk=nav_responsive_tab_home","https:\/\/www.youtube.com\/channel\/UCxL0wu1uN0_3_7hGG0306cw"]},{"@type":"Person","@id":"https:\/\/www.bellunopress.it\/#\/schema\/person\/79bb06722b37ece1c03d3e94beb30d73","name":"r\u00e9daction","image":{"@type":"ImageObject","inLanguage":"fr-FR","@id":"https:\/\/secure.gravatar.com\/avatar\/37d968a2e67a6fd04c169c4bdef102d0bc5d31b2546345219e348575eb80e9a0?s=96&d=mm&r=g","url":"https:\/\/secure.gravatar.com\/avatar\/37d968a2e67a6fd04c169c4bdef102d0bc5d31b2546345219e348575eb80e9a0?s=96&d=mm&r=g","contentUrl":"https:\/\/secure.gravatar.com\/avatar\/37d968a2e67a6fd04c169c4bdef102d0bc5d31b2546345219e348575eb80e9a0?s=96&d=mm&r=g","caption":"redazione"},"sameAs":["http:\/\/www.bellunopress.it","https:\/\/x.com\/bellunopress"],"url":"https:\/\/www.bellunopress.it\/fr\/author\/redazione\/"}]}},"_links":{"self":[{"href":"https:\/\/www.bellunopress.it\/fr\/wp-json\/wp\/v2\/posts\/138114","targetHints":{"allow":["GET"]}}],"collection":[{"href":"https:\/\/www.bellunopress.it\/fr\/wp-json\/wp\/v2\/posts"}],"about":[{"href":"https:\/\/www.bellunopress.it\/fr\/wp-json\/wp\/v2\/types\/post"}],"author":[{"embeddable":true,"href":"https:\/\/www.bellunopress.it\/fr\/wp-json\/wp\/v2\/users\/2"}],"replies":[{"embeddable":true,"href":"https:\/\/www.bellunopress.it\/fr\/wp-json\/wp\/v2\/comments?post=138114"}],"version-history":[{"count":1,"href":"https:\/\/www.bellunopress.it\/fr\/wp-json\/wp\/v2\/posts\/138114\/revisions"}],"predecessor-version":[{"id":138115,"href":"https:\/\/www.bellunopress.it\/fr\/wp-json\/wp\/v2\/posts\/138114\/revisions\/138115"}],"wp:featuredmedia":[{"embeddable":true,"href":"https:\/\/www.bellunopress.it\/fr\/wp-json\/wp\/v2\/media\/129744"}],"wp:attachment":[{"href":"https:\/\/www.bellunopress.it\/fr\/wp-json\/wp\/v2\/media?parent=138114"}],"wp:term":[{"taxonomy":"category","embeddable":true,"href":"https:\/\/www.bellunopress.it\/fr\/wp-json\/wp\/v2\/categories?post=138114"},{"taxonomy":"post_tag","embeddable":true,"href":"https:\/\/www.bellunopress.it\/fr\/wp-json\/wp\/v2\/tags?post=138114"}],"curies":[{"name":"wp","href":"https:\/\/api.w.org\/{rel}","templated":true}]}}